{"id":574,"date":"2020-12-01T19:25:45","date_gmt":"2020-12-01T19:25:45","guid":{"rendered":"https:\/\/hotnewsinworld.com\/de\/der-globale-werbemarkt-wird-sich-erst-in-zwei-jahren-von-corona-erholen-adzine\/"},"modified":"2020-12-01T19:25:46","modified_gmt":"2020-12-01T19:25:46","slug":"der-globale-werbemarkt-wird-sich-erst-in-zwei-jahren-von-corona-erholen-adzine","status":"publish","type":"post","link":"https:\/\/hotnewsinworld.com\/de\/der-globale-werbemarkt-wird-sich-erst-in-zwei-jahren-von-corona-erholen-adzine\/","title":{"rendered":"Der globale Werbemarkt wird sich erst in zwei Jahren von Corona erholen &#8211; ADZINE"},"content":{"rendered":"<p>[ad_1]<br \/>\n <\/p>\n<p>Der \u201cGlobal Advertising Trends Report: The State of the Industry 2020\/21\u201d sch\u00e4tzt die Auswirkungen der Corona-Krise auf die weltweiten Werbeinvestitionen. Demnach hat die Pandemie global rund 63 Milliarden US-Dollar an Werbespendings zunichte gemacht. Diese Zahl wirft ein d\u00fcsteres Bild auf das aktuelle Jahr, jedoch prognostiziert WARC f\u00fcr das kommende Jahr wieder einen Anstieg der Werbeinvestitionen. So sollen diese 2021 weltweit um 6,7 Prozent wachsen. Laut WARC soll es mindestens zwei Jahre dauern, bis die Verluste aus 2020 wieder ausgeglichen sein werden. <\/p>\n<p>Dabei sind es vor allem die traditionellen Medien, die das schlechte Abschneiden in diesem Jahr zu verantworten haben. Das lineare Fernsehen hat etwa Einbu\u00dfen von \u00fcber 16 Prozent hinnehmen m\u00fcssen, Kino hat ein Minus von 46,5 Prozent, Out-of-Home von 27,3 Prozent eingefahren. Digitale Werbemedien hingegen federn die Verluste der klassischen Kan\u00e4le jedoch leicht ab. Sie profitieren im Gegensatz sogar von den aktuellen Entwicklungen. Hierbei zeigen sich vor allem Video Ads als besonders widerstandsf\u00e4hig. <\/p>\n<p>In Europa sind die Werbeausgaben um 14,5 Prozent gesunken, f\u00fcr 2021 wird aber wieder ein Wachstum von 10,2 Prozent prognostiziert. F\u00fcr den deutschen Werbemarkt sch\u00e4tzt WARC indes ein Wachstum von neun Prozent im kommenden Jahr. <\/p>\n<p>Takeaways<\/p>\n<p>  EVENT-TIPP ADZINE Live &#8211; Folge #1 &#8211; State of Addressable TV: Was es ist, was es kann!<br \/>\n am 02. Dezember 2020, 10:30 &#8211; 12:00 Uhr<\/p>\n<p>  ADZINE Live sind 90-min\u00fctige Mini-Konferenzen zu den Themen: Video Advertising, Programmatic + Adtech, Martech und Mobile. Als Mix aus Studio- und Digital-Event, pr\u00e4sentiert ADZINE LIVE Vortr\u00e4ge, Cases und Diskussionen, die vom Moderator aus dem Studio geleitet werden. Zu jeder Ausgabe begr\u00fc\u00dfen wir einen Gast im Studio, weitere Experten werden per Videokonferenz hinzugeschaltet. Jetzt anmelden!<\/p>\n<p>[ad_2]<br \/>\n <br \/><a href=\"https:\/\/www.adzine.de\/2020\/12\/der-globale-werbemarkt-wird-sich-erst-in-zwei-jahren-von-corona-erholen\/\">\u0421\u0441\u044b\u043b\u043a\u0430 \u043d\u0430 \u0438\u0441\u0442\u043e\u0447\u043d\u0438\u043a <\/a><\/p>\n","protected":false},"excerpt":{"rendered":"<p>[ad_1] Der \u201cGlobal Advertising Trends Report: The State of the Industry 2020\/21\u201d sch\u00e4tzt die Auswirkungen der Corona-Krise auf die weltweiten Werbeinvestitionen. Demnach hat die Pandemie global rund 63 Milliarden US-Dollar an Werbespendings zunichte gemacht. Diese Zahl wirft ein d\u00fcsteres Bild auf das aktuelle Jahr, jedoch prognostiziert WARC f\u00fcr das kommende Jahr wieder einen Anstieg der [&hellip;]<\/p>\n","protected":false},"author":1,"featured_media":575,"comment_status":"open","ping_status":"open","sticky":false,"template":"","format":"standard","meta":{"footnotes":""},"categories":[5],"tags":[],"class_list":["post-574","post","type-post","status-publish","format-standard","has-post-thumbnail","hentry","category-marketing-news"],"yoast_head":"<!-- This site is optimized with the Yoast SEO plugin v27.4 - https:\/\/yoast.com\/product\/yoast-seo-wordpress\/ -->\n<title>Der globale Werbemarkt wird sich erst in zwei Jahren von Corona erholen - ADZINE - Hot News in World<\/title>\n<meta name=\"robots\" content=\"index, follow, max-snippet:-1, max-image-preview:large, max-video-preview:-1\" \/>\n<link rel=\"canonical\" href=\"https:\/\/hotnewsinworld.com\/de\/der-globale-werbemarkt-wird-sich-erst-in-zwei-jahren-von-corona-erholen-adzine\/\" \/>\n<meta property=\"og:locale\" content=\"de_DE\" \/>\n<meta property=\"og:type\" content=\"article\" \/>\n<meta property=\"og:title\" content=\"Der globale Werbemarkt wird sich erst in zwei Jahren von Corona erholen - ADZINE - Hot News in World\" \/>\n<meta property=\"og:description\" content=\"[ad_1] Der \u201cGlobal Advertising Trends Report: The State of the Industry 2020\/21\u201d sch\u00e4tzt die Auswirkungen der Corona-Krise auf die weltweiten Werbeinvestitionen. Demnach hat die Pandemie global rund 63 Milliarden US-Dollar an Werbespendings zunichte gemacht. Diese Zahl wirft ein d\u00fcsteres Bild auf das aktuelle Jahr, jedoch prognostiziert WARC f\u00fcr das kommende Jahr wieder einen Anstieg der [&hellip;]\" \/>\n<meta property=\"og:url\" content=\"https:\/\/hotnewsinworld.com\/de\/der-globale-werbemarkt-wird-sich-erst-in-zwei-jahren-von-corona-erholen-adzine\/\" \/>\n<meta property=\"og:site_name\" content=\"Hot News in World\" \/>\n<meta property=\"article:published_time\" content=\"2020-12-01T19:25:45+00:00\" \/>\n<meta property=\"article:modified_time\" content=\"2020-12-01T19:25:46+00:00\" \/>\n<meta property=\"og:image\" content=\"https:\/\/hotnewsinworld.com\/de\/wp-content\/uploads\/sites\/13\/2020\/12\/Der-globale-Werbemarkt-wird-sich-erst-in-zwei-Jahren-von.jpg\" \/>\n\t<meta property=\"og:image:width\" content=\"1200\" \/>\n\t<meta property=\"og:image:height\" content=\"630\" \/>\n\t<meta property=\"og:image:type\" content=\"image\/jpeg\" \/>\n<meta name=\"author\" content=\"hotnewsinworld\" \/>\n<meta name=\"twitter:card\" content=\"summary_large_image\" \/>\n<meta name=\"twitter:label1\" content=\"Verfasst von\" \/>\n\t<meta name=\"twitter:data1\" content=\"hotnewsinworld\" \/>\n\t<meta name=\"twitter:label2\" content=\"Gesch\u00e4tzte Lesezeit\" \/>\n\t<meta name=\"twitter:data2\" content=\"1\u00a0Minute\" \/>\n<script type=\"application\/ld+json\" class=\"yoast-schema-graph\">{\"@context\":\"https:\\\/\\\/schema.org\",\"@graph\":[{\"@type\":\"Article\",\"@id\":\"https:\\\/\\\/hotnewsinworld.com\\\/de\\\/der-globale-werbemarkt-wird-sich-erst-in-zwei-jahren-von-corona-erholen-adzine\\\/#article\",\"isPartOf\":{\"@id\":\"https:\\\/\\\/hotnewsinworld.com\\\/de\\\/der-globale-werbemarkt-wird-sich-erst-in-zwei-jahren-von-corona-erholen-adzine\\\/\"},\"author\":{\"name\":\"hotnewsinworld\",\"@id\":\"https:\\\/\\\/hotnewsinworld.com\\\/de\\\/#\\\/schema\\\/person\\\/83a544fee3543ca6cac3e25ac03a3c2b\"},\"headline\":\"Der globale Werbemarkt wird sich erst in zwei Jahren von Corona erholen &#8211; ADZINE\",\"datePublished\":\"2020-12-01T19:25:45+00:00\",\"dateModified\":\"2020-12-01T19:25:46+00:00\",\"mainEntityOfPage\":{\"@id\":\"https:\\\/\\\/hotnewsinworld.com\\\/de\\\/der-globale-werbemarkt-wird-sich-erst-in-zwei-jahren-von-corona-erholen-adzine\\\/\"},\"wordCount\":285,\"commentCount\":0,\"image\":{\"@id\":\"https:\\\/\\\/hotnewsinworld.com\\\/de\\\/der-globale-werbemarkt-wird-sich-erst-in-zwei-jahren-von-corona-erholen-adzine\\\/#primaryimage\"},\"thumbnailUrl\":\"https:\\\/\\\/hotnewsinworld.com\\\/de\\\/wp-content\\\/uploads\\\/sites\\\/13\\\/2020\\\/12\\\/Der-globale-Werbemarkt-wird-sich-erst-in-zwei-Jahren-von.jpg\",\"articleSection\":[\"MARKETING NEWS\"],\"inLanguage\":\"de\",\"potentialAction\":[{\"@type\":\"CommentAction\",\"name\":\"Comment\",\"target\":[\"https:\\\/\\\/hotnewsinworld.com\\\/de\\\/der-globale-werbemarkt-wird-sich-erst-in-zwei-jahren-von-corona-erholen-adzine\\\/#respond\"]}]},{\"@type\":\"WebPage\",\"@id\":\"https:\\\/\\\/hotnewsinworld.com\\\/de\\\/der-globale-werbemarkt-wird-sich-erst-in-zwei-jahren-von-corona-erholen-adzine\\\/\",\"url\":\"https:\\\/\\\/hotnewsinworld.com\\\/de\\\/der-globale-werbemarkt-wird-sich-erst-in-zwei-jahren-von-corona-erholen-adzine\\\/\",\"name\":\"Der globale Werbemarkt wird sich erst in zwei Jahren von Corona erholen - ADZINE - Hot News in World\",\"isPartOf\":{\"@id\":\"https:\\\/\\\/hotnewsinworld.com\\\/de\\\/#website\"},\"primaryImageOfPage\":{\"@id\":\"https:\\\/\\\/hotnewsinworld.com\\\/de\\\/der-globale-werbemarkt-wird-sich-erst-in-zwei-jahren-von-corona-erholen-adzine\\\/#primaryimage\"},\"image\":{\"@id\":\"https:\\\/\\\/hotnewsinworld.com\\\/de\\\/der-globale-werbemarkt-wird-sich-erst-in-zwei-jahren-von-corona-erholen-adzine\\\/#primaryimage\"},\"thumbnailUrl\":\"https:\\\/\\\/hotnewsinworld.com\\\/de\\\/wp-content\\\/uploads\\\/sites\\\/13\\\/2020\\\/12\\\/Der-globale-Werbemarkt-wird-sich-erst-in-zwei-Jahren-von.jpg\",\"datePublished\":\"2020-12-01T19:25:45+00:00\",\"dateModified\":\"2020-12-01T19:25:46+00:00\",\"author\":{\"@id\":\"https:\\\/\\\/hotnewsinworld.com\\\/de\\\/#\\\/schema\\\/person\\\/83a544fee3543ca6cac3e25ac03a3c2b\"},\"breadcrumb\":{\"@id\":\"https:\\\/\\\/hotnewsinworld.com\\\/de\\\/der-globale-werbemarkt-wird-sich-erst-in-zwei-jahren-von-corona-erholen-adzine\\\/#breadcrumb\"},\"inLanguage\":\"de\",\"potentialAction\":[{\"@type\":\"ReadAction\",\"target\":[\"https:\\\/\\\/hotnewsinworld.com\\\/de\\\/der-globale-werbemarkt-wird-sich-erst-in-zwei-jahren-von-corona-erholen-adzine\\\/\"]}]},{\"@type\":\"ImageObject\",\"inLanguage\":\"de\",\"@id\":\"https:\\\/\\\/hotnewsinworld.com\\\/de\\\/der-globale-werbemarkt-wird-sich-erst-in-zwei-jahren-von-corona-erholen-adzine\\\/#primaryimage\",\"url\":\"https:\\\/\\\/hotnewsinworld.com\\\/de\\\/wp-content\\\/uploads\\\/sites\\\/13\\\/2020\\\/12\\\/Der-globale-Werbemarkt-wird-sich-erst-in-zwei-Jahren-von.jpg\",\"contentUrl\":\"https:\\\/\\\/hotnewsinworld.com\\\/de\\\/wp-content\\\/uploads\\\/sites\\\/13\\\/2020\\\/12\\\/Der-globale-Werbemarkt-wird-sich-erst-in-zwei-Jahren-von.jpg\",\"width\":1200,\"height\":630,\"caption\":\"Der globale Werbemarkt wird sich erst in zwei Jahren von Corona erholen - ADZINE\"},{\"@type\":\"BreadcrumbList\",\"@id\":\"https:\\\/\\\/hotnewsinworld.com\\\/de\\\/der-globale-werbemarkt-wird-sich-erst-in-zwei-jahren-von-corona-erholen-adzine\\\/#breadcrumb\",\"itemListElement\":[{\"@type\":\"ListItem\",\"position\":1,\"name\":\"Home\",\"item\":\"https:\\\/\\\/hotnewsinworld.com\\\/de\\\/\"},{\"@type\":\"ListItem\",\"position\":2,\"name\":\"Der globale Werbemarkt wird sich erst in zwei Jahren von Corona erholen &#8211; ADZINE\"}]},{\"@type\":\"WebSite\",\"@id\":\"https:\\\/\\\/hotnewsinworld.com\\\/de\\\/#website\",\"url\":\"https:\\\/\\\/hotnewsinworld.com\\\/de\\\/\",\"name\":\"Hot News in World\",\"description\":\"Hot News in World Deutschland\",\"potentialAction\":[{\"@type\":\"SearchAction\",\"target\":{\"@type\":\"EntryPoint\",\"urlTemplate\":\"https:\\\/\\\/hotnewsinworld.com\\\/de\\\/?s={search_term_string}\"},\"query-input\":{\"@type\":\"PropertyValueSpecification\",\"valueRequired\":true,\"valueName\":\"search_term_string\"}}],\"inLanguage\":\"de\"},{\"@type\":\"Person\",\"@id\":\"https:\\\/\\\/hotnewsinworld.com\\\/de\\\/#\\\/schema\\\/person\\\/83a544fee3543ca6cac3e25ac03a3c2b\",\"name\":\"hotnewsinworld\",\"image\":{\"@type\":\"ImageObject\",\"inLanguage\":\"de\",\"@id\":\"https:\\\/\\\/secure.gravatar.com\\\/avatar\\\/dfb5c469893235b3ffc8a5339f3396fccf74700b0e409a20d7c915a0bb844606?s=96&d=mm&r=g\",\"url\":\"https:\\\/\\\/secure.gravatar.com\\\/avatar\\\/dfb5c469893235b3ffc8a5339f3396fccf74700b0e409a20d7c915a0bb844606?s=96&d=mm&r=g\",\"contentUrl\":\"https:\\\/\\\/secure.gravatar.com\\\/avatar\\\/dfb5c469893235b3ffc8a5339f3396fccf74700b0e409a20d7c915a0bb844606?s=96&d=mm&r=g\",\"caption\":\"hotnewsinworld\"},\"url\":\"https:\\\/\\\/hotnewsinworld.com\\\/de\\\/author\\\/jacob\\\/\"}]}<\/script>\n<!-- \/ Yoast SEO plugin. -->","yoast_head_json":{"title":"Der globale Werbemarkt wird sich erst in zwei Jahren von Corona erholen - ADZINE - Hot News in World","robots":{"index":"index","follow":"follow","max-snippet":"max-snippet:-1","max-image-preview":"max-image-preview:large","max-video-preview":"max-video-preview:-1"},"canonical":"https:\/\/hotnewsinworld.com\/de\/der-globale-werbemarkt-wird-sich-erst-in-zwei-jahren-von-corona-erholen-adzine\/","og_locale":"de_DE","og_type":"article","og_title":"Der globale Werbemarkt wird sich erst in zwei Jahren von Corona erholen - ADZINE - Hot News in World","og_description":"[ad_1] Der \u201cGlobal Advertising Trends Report: The State of the Industry 2020\/21\u201d sch\u00e4tzt die Auswirkungen der Corona-Krise auf die weltweiten Werbeinvestitionen. Demnach hat die Pandemie global rund 63 Milliarden US-Dollar an Werbespendings zunichte gemacht. Diese Zahl wirft ein d\u00fcsteres Bild auf das aktuelle Jahr, jedoch prognostiziert WARC f\u00fcr das kommende Jahr wieder einen Anstieg der [&hellip;]","og_url":"https:\/\/hotnewsinworld.com\/de\/der-globale-werbemarkt-wird-sich-erst-in-zwei-jahren-von-corona-erholen-adzine\/","og_site_name":"Hot News in World","article_published_time":"2020-12-01T19:25:45+00:00","article_modified_time":"2020-12-01T19:25:46+00:00","og_image":[{"width":1200,"height":630,"url":"https:\/\/hotnewsinworld.com\/de\/wp-content\/uploads\/sites\/13\/2020\/12\/Der-globale-Werbemarkt-wird-sich-erst-in-zwei-Jahren-von.jpg","type":"image\/jpeg"}],"author":"hotnewsinworld","twitter_card":"summary_large_image","twitter_misc":{"Verfasst von":"hotnewsinworld","Gesch\u00e4tzte Lesezeit":"1\u00a0Minute"},"schema":{"@context":"https:\/\/schema.org","@graph":[{"@type":"Article","@id":"https:\/\/hotnewsinworld.com\/de\/der-globale-werbemarkt-wird-sich-erst-in-zwei-jahren-von-corona-erholen-adzine\/#article","isPartOf":{"@id":"https:\/\/hotnewsinworld.com\/de\/der-globale-werbemarkt-wird-sich-erst-in-zwei-jahren-von-corona-erholen-adzine\/"},"author":{"name":"hotnewsinworld","@id":"https:\/\/hotnewsinworld.com\/de\/#\/schema\/person\/83a544fee3543ca6cac3e25ac03a3c2b"},"headline":"Der globale Werbemarkt wird sich erst in zwei Jahren von Corona erholen &#8211; ADZINE","datePublished":"2020-12-01T19:25:45+00:00","dateModified":"2020-12-01T19:25:46+00:00","mainEntityOfPage":{"@id":"https:\/\/hotnewsinworld.com\/de\/der-globale-werbemarkt-wird-sich-erst-in-zwei-jahren-von-corona-erholen-adzine\/"},"wordCount":285,"commentCount":0,"image":{"@id":"https:\/\/hotnewsinworld.com\/de\/der-globale-werbemarkt-wird-sich-erst-in-zwei-jahren-von-corona-erholen-adzine\/#primaryimage"},"thumbnailUrl":"https:\/\/hotnewsinworld.com\/de\/wp-content\/uploads\/sites\/13\/2020\/12\/Der-globale-Werbemarkt-wird-sich-erst-in-zwei-Jahren-von.jpg","articleSection":["MARKETING NEWS"],"inLanguage":"de","potentialAction":[{"@type":"CommentAction","name":"Comment","target":["https:\/\/hotnewsinworld.com\/de\/der-globale-werbemarkt-wird-sich-erst-in-zwei-jahren-von-corona-erholen-adzine\/#respond"]}]},{"@type":"WebPage","@id":"https:\/\/hotnewsinworld.com\/de\/der-globale-werbemarkt-wird-sich-erst-in-zwei-jahren-von-corona-erholen-adzine\/","url":"https:\/\/hotnewsinworld.com\/de\/der-globale-werbemarkt-wird-sich-erst-in-zwei-jahren-von-corona-erholen-adzine\/","name":"Der globale Werbemarkt wird sich erst in zwei Jahren von Corona erholen - ADZINE - Hot News in World","isPartOf":{"@id":"https:\/\/hotnewsinworld.com\/de\/#website"},"primaryImageOfPage":{"@id":"https:\/\/hotnewsinworld.com\/de\/der-globale-werbemarkt-wird-sich-erst-in-zwei-jahren-von-corona-erholen-adzine\/#primaryimage"},"image":{"@id":"https:\/\/hotnewsinworld.com\/de\/der-globale-werbemarkt-wird-sich-erst-in-zwei-jahren-von-corona-erholen-adzine\/#primaryimage"},"thumbnailUrl":"https:\/\/hotnewsinworld.com\/de\/wp-content\/uploads\/sites\/13\/2020\/12\/Der-globale-Werbemarkt-wird-sich-erst-in-zwei-Jahren-von.jpg","datePublished":"2020-12-01T19:25:45+00:00","dateModified":"2020-12-01T19:25:46+00:00","author":{"@id":"https:\/\/hotnewsinworld.com\/de\/#\/schema\/person\/83a544fee3543ca6cac3e25ac03a3c2b"},"breadcrumb":{"@id":"https:\/\/hotnewsinworld.com\/de\/der-globale-werbemarkt-wird-sich-erst-in-zwei-jahren-von-corona-erholen-adzine\/#breadcrumb"},"inLanguage":"de","potentialAction":[{"@type":"ReadAction","target":["https:\/\/hotnewsinworld.com\/de\/der-globale-werbemarkt-wird-sich-erst-in-zwei-jahren-von-corona-erholen-adzine\/"]}]},{"@type":"ImageObject","inLanguage":"de","@id":"https:\/\/hotnewsinworld.com\/de\/der-globale-werbemarkt-wird-sich-erst-in-zwei-jahren-von-corona-erholen-adzine\/#primaryimage","url":"https:\/\/hotnewsinworld.com\/de\/wp-content\/uploads\/sites\/13\/2020\/12\/Der-globale-Werbemarkt-wird-sich-erst-in-zwei-Jahren-von.jpg","contentUrl":"https:\/\/hotnewsinworld.com\/de\/wp-content\/uploads\/sites\/13\/2020\/12\/Der-globale-Werbemarkt-wird-sich-erst-in-zwei-Jahren-von.jpg","width":1200,"height":630,"caption":"Der globale Werbemarkt wird sich erst in zwei Jahren von Corona erholen - ADZINE"},{"@type":"BreadcrumbList","@id":"https:\/\/hotnewsinworld.com\/de\/der-globale-werbemarkt-wird-sich-erst-in-zwei-jahren-von-corona-erholen-adzine\/#breadcrumb","itemListElement":[{"@type":"ListItem","position":1,"name":"Home","item":"https:\/\/hotnewsinworld.com\/de\/"},{"@type":"ListItem","position":2,"name":"Der globale Werbemarkt wird sich erst in zwei Jahren von Corona erholen &#8211; ADZINE"}]},{"@type":"WebSite","@id":"https:\/\/hotnewsinworld.com\/de\/#website","url":"https:\/\/hotnewsinworld.com\/de\/","name":"Hot News in World","description":"Hot News in World Deutschland","potentialAction":[{"@type":"SearchAction","target":{"@type":"EntryPoint","urlTemplate":"https:\/\/hotnewsinworld.com\/de\/?s={search_term_string}"},"query-input":{"@type":"PropertyValueSpecification","valueRequired":true,"valueName":"search_term_string"}}],"inLanguage":"de"},{"@type":"Person","@id":"https:\/\/hotnewsinworld.com\/de\/#\/schema\/person\/83a544fee3543ca6cac3e25ac03a3c2b","name":"hotnewsinworld","image":{"@type":"ImageObject","inLanguage":"de","@id":"https:\/\/secure.gravatar.com\/avatar\/dfb5c469893235b3ffc8a5339f3396fccf74700b0e409a20d7c915a0bb844606?s=96&d=mm&r=g","url":"https:\/\/secure.gravatar.com\/avatar\/dfb5c469893235b3ffc8a5339f3396fccf74700b0e409a20d7c915a0bb844606?s=96&d=mm&r=g","contentUrl":"https:\/\/secure.gravatar.com\/avatar\/dfb5c469893235b3ffc8a5339f3396fccf74700b0e409a20d7c915a0bb844606?s=96&d=mm&r=g","caption":"hotnewsinworld"},"url":"https:\/\/hotnewsinworld.com\/de\/author\/jacob\/"}]}},"_links":{"self":[{"href":"https:\/\/hotnewsinworld.com\/de\/wp-json\/wp\/v2\/posts\/574","targetHints":{"allow":["GET"]}}],"collection":[{"href":"https:\/\/hotnewsinworld.com\/de\/wp-json\/wp\/v2\/posts"}],"about":[{"href":"https:\/\/hotnewsinworld.com\/de\/wp-json\/wp\/v2\/types\/post"}],"author":[{"embeddable":true,"href":"https:\/\/hotnewsinworld.com\/de\/wp-json\/wp\/v2\/users\/1"}],"replies":[{"embeddable":true,"href":"https:\/\/hotnewsinworld.com\/de\/wp-json\/wp\/v2\/comments?post=574"}],"version-history":[{"count":1,"href":"https:\/\/hotnewsinworld.com\/de\/wp-json\/wp\/v2\/posts\/574\/revisions"}],"predecessor-version":[{"id":576,"href":"https:\/\/hotnewsinworld.com\/de\/wp-json\/wp\/v2\/posts\/574\/revisions\/576"}],"wp:featuredmedia":[{"embeddable":true,"href":"https:\/\/hotnewsinworld.com\/de\/wp-json\/wp\/v2\/media\/575"}],"wp:attachment":[{"href":"https:\/\/hotnewsinworld.com\/de\/wp-json\/wp\/v2\/media?parent=574"}],"wp:term":[{"taxonomy":"category","embeddable":true,"href":"https:\/\/hotnewsinworld.com\/de\/wp-json\/wp\/v2\/categories?post=574"},{"taxonomy":"post_tag","embeddable":true,"href":"https:\/\/hotnewsinworld.com\/de\/wp-json\/wp\/v2\/tags?post=574"}],"curies":[{"name":"wp","href":"https:\/\/api.w.org\/{rel}","templated":true}]}}