{"id":580,"date":"2020-12-02T08:23:15","date_gmt":"2020-12-02T08:23:15","guid":{"rendered":"https:\/\/hotnewsinworld.com\/de\/unilever-urgestein-harald-melwisch-steigt-bei-artefact-ein-adzine\/"},"modified":"2020-12-02T08:23:17","modified_gmt":"2020-12-02T08:23:17","slug":"unilever-urgestein-harald-melwisch-steigt-bei-artefact-ein-adzine","status":"publish","type":"post","link":"https:\/\/hotnewsinworld.com\/de\/unilever-urgestein-harald-melwisch-steigt-bei-artefact-ein-adzine\/","title":{"rendered":"Unilever-Urgestein Harald Melwisch steigt bei Artefact ein &#8211; ADZINE"},"content":{"rendered":"<p>[ad_1]<br \/>\n <\/p>\n<p>Melwisch war bis September 2019 bei Unilever angestellt und kann dort auf eine erfolgreiche Karriere zur\u00fcckblicken. Der studierte Betriebswirt stie\u00df 1993 als Brand- und Sales-Manager zu Unilever in Wien und hatte danach verschiedene F\u00fchrungspositionen in Utrecht, Hamburg, Rom, Stockholm und Rotterdam inne. So verantwortete er unter anderem das Marketing von Langnese-Iglu und war sp\u00e4ter als Vice President Marketing f\u00fcr das Food- und Eiscreme-Gesch\u00e4ft im DACH-Raum zust\u00e4ndig. 2015 hatte sich Melwisch bis zum General Manager \u00d6sterreich und Chief Digital Officer DACH hochgearbeitet, schied aber im September des vergangenen Jahres beim Konzern aus. Seitdem war der geb\u00fcrtige Nieder\u00f6sterreicher als Berater und Investor aktiv, nun folgt der Wechsel auf die Agenturseite.<\/p>\n<p>Hannes Weissensteiner, Gesch\u00e4ftsf\u00fchrer von Artefact, schw\u00e4rmt gegen\u00fcber dem Branchenmagazin W&amp;V von dem Neuzugang: \u201cWir sind \u00fcberaus stolz, dass wir Harald als Mentor f\u00fcr unser Unternehmen gewinnen konnten. Neben tiefem Wissen in den Bereichen Daten, Marketing und Technologie sind vor allem Industrieverst\u00e4ndnis, sowie Verst\u00e4ndnis f\u00fcr organisatorische Herausforderungen essentiell, um Data-Projekte erfolgreich umsetzen zu k\u00f6nnen \u2013 hier haben wir mit Harald jemanden, der uns helfen wird, noch tieferes Kundenverst\u00e4ndnis zu entwickeln.\u201d<\/p>\n<p>[ad_2]<br \/>\n <br \/><a href=\"https:\/\/www.adzine.de\/2020\/12\/unilever-urgestein-harald-melwisch-steigt-bei-artefact-ein\/\">\u0421\u0441\u044b\u043b\u043a\u0430 \u043d\u0430 \u0438\u0441\u0442\u043e\u0447\u043d\u0438\u043a <\/a><\/p>\n","protected":false},"excerpt":{"rendered":"<p>[ad_1] Melwisch war bis September 2019 bei Unilever angestellt und kann dort auf eine erfolgreiche Karriere zur\u00fcckblicken. Der studierte Betriebswirt stie\u00df 1993 als Brand- und Sales-Manager zu Unilever in Wien und hatte danach verschiedene F\u00fchrungspositionen in Utrecht, Hamburg, Rom, Stockholm und Rotterdam inne. So verantwortete er unter anderem das Marketing von Langnese-Iglu und war sp\u00e4ter [&hellip;]<\/p>\n","protected":false},"author":1,"featured_media":581,"comment_status":"open","ping_status":"open","sticky":false,"template":"","format":"standard","meta":{"footnotes":""},"categories":[5],"tags":[],"class_list":["post-580","post","type-post","status-publish","format-standard","has-post-thumbnail","hentry","category-marketing-news"],"yoast_head":"<!-- This site is optimized with the Yoast SEO plugin v27.4 - https:\/\/yoast.com\/product\/yoast-seo-wordpress\/ -->\n<title>Unilever-Urgestein Harald Melwisch steigt bei Artefact ein - ADZINE - Hot News in World<\/title>\n<meta name=\"robots\" content=\"index, follow, max-snippet:-1, max-image-preview:large, max-video-preview:-1\" \/>\n<link rel=\"canonical\" href=\"https:\/\/hotnewsinworld.com\/de\/unilever-urgestein-harald-melwisch-steigt-bei-artefact-ein-adzine\/\" \/>\n<meta property=\"og:locale\" content=\"de_DE\" \/>\n<meta property=\"og:type\" content=\"article\" \/>\n<meta property=\"og:title\" content=\"Unilever-Urgestein Harald Melwisch steigt bei Artefact ein - ADZINE - Hot News in World\" \/>\n<meta property=\"og:description\" content=\"[ad_1] Melwisch war bis September 2019 bei Unilever angestellt und kann dort auf eine erfolgreiche Karriere zur\u00fcckblicken. Der studierte Betriebswirt stie\u00df 1993 als Brand- und Sales-Manager zu Unilever in Wien und hatte danach verschiedene F\u00fchrungspositionen in Utrecht, Hamburg, Rom, Stockholm und Rotterdam inne. So verantwortete er unter anderem das Marketing von Langnese-Iglu und war sp\u00e4ter [&hellip;]\" \/>\n<meta property=\"og:url\" content=\"https:\/\/hotnewsinworld.com\/de\/unilever-urgestein-harald-melwisch-steigt-bei-artefact-ein-adzine\/\" \/>\n<meta property=\"og:site_name\" content=\"Hot News in World\" \/>\n<meta property=\"article:published_time\" content=\"2020-12-02T08:23:15+00:00\" \/>\n<meta property=\"article:modified_time\" content=\"2020-12-02T08:23:17+00:00\" \/>\n<meta property=\"og:image\" content=\"https:\/\/hotnewsinworld.com\/de\/wp-content\/uploads\/sites\/13\/2020\/12\/Unilever-Urgestein-Harald-Melwisch-steigt-bei-Artefact-ein-ADZINE.jpg\" \/>\n\t<meta property=\"og:image:width\" content=\"839\" \/>\n\t<meta property=\"og:image:height\" content=\"559\" \/>\n\t<meta property=\"og:image:type\" content=\"image\/jpeg\" \/>\n<meta name=\"author\" content=\"hotnewsinworld\" \/>\n<meta name=\"twitter:card\" content=\"summary_large_image\" \/>\n<meta name=\"twitter:label1\" content=\"Verfasst von\" \/>\n\t<meta name=\"twitter:data1\" content=\"hotnewsinworld\" \/>\n\t<meta name=\"twitter:label2\" content=\"Gesch\u00e4tzte Lesezeit\" \/>\n\t<meta name=\"twitter:data2\" content=\"1\u00a0Minute\" \/>\n<script type=\"application\/ld+json\" class=\"yoast-schema-graph\">{\"@context\":\"https:\\\/\\\/schema.org\",\"@graph\":[{\"@type\":\"Article\",\"@id\":\"https:\\\/\\\/hotnewsinworld.com\\\/de\\\/unilever-urgestein-harald-melwisch-steigt-bei-artefact-ein-adzine\\\/#article\",\"isPartOf\":{\"@id\":\"https:\\\/\\\/hotnewsinworld.com\\\/de\\\/unilever-urgestein-harald-melwisch-steigt-bei-artefact-ein-adzine\\\/\"},\"author\":{\"name\":\"hotnewsinworld\",\"@id\":\"https:\\\/\\\/hotnewsinworld.com\\\/de\\\/#\\\/schema\\\/person\\\/83a544fee3543ca6cac3e25ac03a3c2b\"},\"headline\":\"Unilever-Urgestein Harald Melwisch steigt bei Artefact ein &#8211; ADZINE\",\"datePublished\":\"2020-12-02T08:23:15+00:00\",\"dateModified\":\"2020-12-02T08:23:17+00:00\",\"mainEntityOfPage\":{\"@id\":\"https:\\\/\\\/hotnewsinworld.com\\\/de\\\/unilever-urgestein-harald-melwisch-steigt-bei-artefact-ein-adzine\\\/\"},\"wordCount\":207,\"commentCount\":0,\"image\":{\"@id\":\"https:\\\/\\\/hotnewsinworld.com\\\/de\\\/unilever-urgestein-harald-melwisch-steigt-bei-artefact-ein-adzine\\\/#primaryimage\"},\"thumbnailUrl\":\"https:\\\/\\\/hotnewsinworld.com\\\/de\\\/wp-content\\\/uploads\\\/sites\\\/13\\\/2020\\\/12\\\/Unilever-Urgestein-Harald-Melwisch-steigt-bei-Artefact-ein-ADZINE.jpg\",\"articleSection\":[\"MARKETING NEWS\"],\"inLanguage\":\"de\",\"potentialAction\":[{\"@type\":\"CommentAction\",\"name\":\"Comment\",\"target\":[\"https:\\\/\\\/hotnewsinworld.com\\\/de\\\/unilever-urgestein-harald-melwisch-steigt-bei-artefact-ein-adzine\\\/#respond\"]}]},{\"@type\":\"WebPage\",\"@id\":\"https:\\\/\\\/hotnewsinworld.com\\\/de\\\/unilever-urgestein-harald-melwisch-steigt-bei-artefact-ein-adzine\\\/\",\"url\":\"https:\\\/\\\/hotnewsinworld.com\\\/de\\\/unilever-urgestein-harald-melwisch-steigt-bei-artefact-ein-adzine\\\/\",\"name\":\"Unilever-Urgestein Harald Melwisch steigt bei Artefact ein - ADZINE - Hot News in World\",\"isPartOf\":{\"@id\":\"https:\\\/\\\/hotnewsinworld.com\\\/de\\\/#website\"},\"primaryImageOfPage\":{\"@id\":\"https:\\\/\\\/hotnewsinworld.com\\\/de\\\/unilever-urgestein-harald-melwisch-steigt-bei-artefact-ein-adzine\\\/#primaryimage\"},\"image\":{\"@id\":\"https:\\\/\\\/hotnewsinworld.com\\\/de\\\/unilever-urgestein-harald-melwisch-steigt-bei-artefact-ein-adzine\\\/#primaryimage\"},\"thumbnailUrl\":\"https:\\\/\\\/hotnewsinworld.com\\\/de\\\/wp-content\\\/uploads\\\/sites\\\/13\\\/2020\\\/12\\\/Unilever-Urgestein-Harald-Melwisch-steigt-bei-Artefact-ein-ADZINE.jpg\",\"datePublished\":\"2020-12-02T08:23:15+00:00\",\"dateModified\":\"2020-12-02T08:23:17+00:00\",\"author\":{\"@id\":\"https:\\\/\\\/hotnewsinworld.com\\\/de\\\/#\\\/schema\\\/person\\\/83a544fee3543ca6cac3e25ac03a3c2b\"},\"breadcrumb\":{\"@id\":\"https:\\\/\\\/hotnewsinworld.com\\\/de\\\/unilever-urgestein-harald-melwisch-steigt-bei-artefact-ein-adzine\\\/#breadcrumb\"},\"inLanguage\":\"de\",\"potentialAction\":[{\"@type\":\"ReadAction\",\"target\":[\"https:\\\/\\\/hotnewsinworld.com\\\/de\\\/unilever-urgestein-harald-melwisch-steigt-bei-artefact-ein-adzine\\\/\"]}]},{\"@type\":\"ImageObject\",\"inLanguage\":\"de\",\"@id\":\"https:\\\/\\\/hotnewsinworld.com\\\/de\\\/unilever-urgestein-harald-melwisch-steigt-bei-artefact-ein-adzine\\\/#primaryimage\",\"url\":\"https:\\\/\\\/hotnewsinworld.com\\\/de\\\/wp-content\\\/uploads\\\/sites\\\/13\\\/2020\\\/12\\\/Unilever-Urgestein-Harald-Melwisch-steigt-bei-Artefact-ein-ADZINE.jpg\",\"contentUrl\":\"https:\\\/\\\/hotnewsinworld.com\\\/de\\\/wp-content\\\/uploads\\\/sites\\\/13\\\/2020\\\/12\\\/Unilever-Urgestein-Harald-Melwisch-steigt-bei-Artefact-ein-ADZINE.jpg\",\"width\":839,\"height\":559,\"caption\":\"Unilever-Urgestein Harald Melwisch steigt bei Artefact ein - ADZINE\"},{\"@type\":\"BreadcrumbList\",\"@id\":\"https:\\\/\\\/hotnewsinworld.com\\\/de\\\/unilever-urgestein-harald-melwisch-steigt-bei-artefact-ein-adzine\\\/#breadcrumb\",\"itemListElement\":[{\"@type\":\"ListItem\",\"position\":1,\"name\":\"Home\",\"item\":\"https:\\\/\\\/hotnewsinworld.com\\\/de\\\/\"},{\"@type\":\"ListItem\",\"position\":2,\"name\":\"Unilever-Urgestein Harald Melwisch steigt bei Artefact ein &#8211; ADZINE\"}]},{\"@type\":\"WebSite\",\"@id\":\"https:\\\/\\\/hotnewsinworld.com\\\/de\\\/#website\",\"url\":\"https:\\\/\\\/hotnewsinworld.com\\\/de\\\/\",\"name\":\"Hot News in World\",\"description\":\"Hot News in World Deutschland\",\"potentialAction\":[{\"@type\":\"SearchAction\",\"target\":{\"@type\":\"EntryPoint\",\"urlTemplate\":\"https:\\\/\\\/hotnewsinworld.com\\\/de\\\/?s={search_term_string}\"},\"query-input\":{\"@type\":\"PropertyValueSpecification\",\"valueRequired\":true,\"valueName\":\"search_term_string\"}}],\"inLanguage\":\"de\"},{\"@type\":\"Person\",\"@id\":\"https:\\\/\\\/hotnewsinworld.com\\\/de\\\/#\\\/schema\\\/person\\\/83a544fee3543ca6cac3e25ac03a3c2b\",\"name\":\"hotnewsinworld\",\"image\":{\"@type\":\"ImageObject\",\"inLanguage\":\"de\",\"@id\":\"https:\\\/\\\/secure.gravatar.com\\\/avatar\\\/dfb5c469893235b3ffc8a5339f3396fccf74700b0e409a20d7c915a0bb844606?s=96&d=mm&r=g\",\"url\":\"https:\\\/\\\/secure.gravatar.com\\\/avatar\\\/dfb5c469893235b3ffc8a5339f3396fccf74700b0e409a20d7c915a0bb844606?s=96&d=mm&r=g\",\"contentUrl\":\"https:\\\/\\\/secure.gravatar.com\\\/avatar\\\/dfb5c469893235b3ffc8a5339f3396fccf74700b0e409a20d7c915a0bb844606?s=96&d=mm&r=g\",\"caption\":\"hotnewsinworld\"},\"url\":\"https:\\\/\\\/hotnewsinworld.com\\\/de\\\/author\\\/jacob\\\/\"}]}<\/script>\n<!-- \/ Yoast SEO plugin. -->","yoast_head_json":{"title":"Unilever-Urgestein Harald Melwisch steigt bei Artefact ein - ADZINE - Hot News in World","robots":{"index":"index","follow":"follow","max-snippet":"max-snippet:-1","max-image-preview":"max-image-preview:large","max-video-preview":"max-video-preview:-1"},"canonical":"https:\/\/hotnewsinworld.com\/de\/unilever-urgestein-harald-melwisch-steigt-bei-artefact-ein-adzine\/","og_locale":"de_DE","og_type":"article","og_title":"Unilever-Urgestein Harald Melwisch steigt bei Artefact ein - ADZINE - Hot News in World","og_description":"[ad_1] Melwisch war bis September 2019 bei Unilever angestellt und kann dort auf eine erfolgreiche Karriere zur\u00fcckblicken. Der studierte Betriebswirt stie\u00df 1993 als Brand- und Sales-Manager zu Unilever in Wien und hatte danach verschiedene F\u00fchrungspositionen in Utrecht, Hamburg, Rom, Stockholm und Rotterdam inne. So verantwortete er unter anderem das Marketing von Langnese-Iglu und war sp\u00e4ter [&hellip;]","og_url":"https:\/\/hotnewsinworld.com\/de\/unilever-urgestein-harald-melwisch-steigt-bei-artefact-ein-adzine\/","og_site_name":"Hot News in World","article_published_time":"2020-12-02T08:23:15+00:00","article_modified_time":"2020-12-02T08:23:17+00:00","og_image":[{"width":839,"height":559,"url":"https:\/\/hotnewsinworld.com\/de\/wp-content\/uploads\/sites\/13\/2020\/12\/Unilever-Urgestein-Harald-Melwisch-steigt-bei-Artefact-ein-ADZINE.jpg","type":"image\/jpeg"}],"author":"hotnewsinworld","twitter_card":"summary_large_image","twitter_misc":{"Verfasst von":"hotnewsinworld","Gesch\u00e4tzte Lesezeit":"1\u00a0Minute"},"schema":{"@context":"https:\/\/schema.org","@graph":[{"@type":"Article","@id":"https:\/\/hotnewsinworld.com\/de\/unilever-urgestein-harald-melwisch-steigt-bei-artefact-ein-adzine\/#article","isPartOf":{"@id":"https:\/\/hotnewsinworld.com\/de\/unilever-urgestein-harald-melwisch-steigt-bei-artefact-ein-adzine\/"},"author":{"name":"hotnewsinworld","@id":"https:\/\/hotnewsinworld.com\/de\/#\/schema\/person\/83a544fee3543ca6cac3e25ac03a3c2b"},"headline":"Unilever-Urgestein Harald Melwisch steigt bei Artefact ein &#8211; ADZINE","datePublished":"2020-12-02T08:23:15+00:00","dateModified":"2020-12-02T08:23:17+00:00","mainEntityOfPage":{"@id":"https:\/\/hotnewsinworld.com\/de\/unilever-urgestein-harald-melwisch-steigt-bei-artefact-ein-adzine\/"},"wordCount":207,"commentCount":0,"image":{"@id":"https:\/\/hotnewsinworld.com\/de\/unilever-urgestein-harald-melwisch-steigt-bei-artefact-ein-adzine\/#primaryimage"},"thumbnailUrl":"https:\/\/hotnewsinworld.com\/de\/wp-content\/uploads\/sites\/13\/2020\/12\/Unilever-Urgestein-Harald-Melwisch-steigt-bei-Artefact-ein-ADZINE.jpg","articleSection":["MARKETING NEWS"],"inLanguage":"de","potentialAction":[{"@type":"CommentAction","name":"Comment","target":["https:\/\/hotnewsinworld.com\/de\/unilever-urgestein-harald-melwisch-steigt-bei-artefact-ein-adzine\/#respond"]}]},{"@type":"WebPage","@id":"https:\/\/hotnewsinworld.com\/de\/unilever-urgestein-harald-melwisch-steigt-bei-artefact-ein-adzine\/","url":"https:\/\/hotnewsinworld.com\/de\/unilever-urgestein-harald-melwisch-steigt-bei-artefact-ein-adzine\/","name":"Unilever-Urgestein Harald Melwisch steigt bei Artefact ein - ADZINE - Hot News in World","isPartOf":{"@id":"https:\/\/hotnewsinworld.com\/de\/#website"},"primaryImageOfPage":{"@id":"https:\/\/hotnewsinworld.com\/de\/unilever-urgestein-harald-melwisch-steigt-bei-artefact-ein-adzine\/#primaryimage"},"image":{"@id":"https:\/\/hotnewsinworld.com\/de\/unilever-urgestein-harald-melwisch-steigt-bei-artefact-ein-adzine\/#primaryimage"},"thumbnailUrl":"https:\/\/hotnewsinworld.com\/de\/wp-content\/uploads\/sites\/13\/2020\/12\/Unilever-Urgestein-Harald-Melwisch-steigt-bei-Artefact-ein-ADZINE.jpg","datePublished":"2020-12-02T08:23:15+00:00","dateModified":"2020-12-02T08:23:17+00:00","author":{"@id":"https:\/\/hotnewsinworld.com\/de\/#\/schema\/person\/83a544fee3543ca6cac3e25ac03a3c2b"},"breadcrumb":{"@id":"https:\/\/hotnewsinworld.com\/de\/unilever-urgestein-harald-melwisch-steigt-bei-artefact-ein-adzine\/#breadcrumb"},"inLanguage":"de","potentialAction":[{"@type":"ReadAction","target":["https:\/\/hotnewsinworld.com\/de\/unilever-urgestein-harald-melwisch-steigt-bei-artefact-ein-adzine\/"]}]},{"@type":"ImageObject","inLanguage":"de","@id":"https:\/\/hotnewsinworld.com\/de\/unilever-urgestein-harald-melwisch-steigt-bei-artefact-ein-adzine\/#primaryimage","url":"https:\/\/hotnewsinworld.com\/de\/wp-content\/uploads\/sites\/13\/2020\/12\/Unilever-Urgestein-Harald-Melwisch-steigt-bei-Artefact-ein-ADZINE.jpg","contentUrl":"https:\/\/hotnewsinworld.com\/de\/wp-content\/uploads\/sites\/13\/2020\/12\/Unilever-Urgestein-Harald-Melwisch-steigt-bei-Artefact-ein-ADZINE.jpg","width":839,"height":559,"caption":"Unilever-Urgestein Harald Melwisch steigt bei Artefact ein - ADZINE"},{"@type":"BreadcrumbList","@id":"https:\/\/hotnewsinworld.com\/de\/unilever-urgestein-harald-melwisch-steigt-bei-artefact-ein-adzine\/#breadcrumb","itemListElement":[{"@type":"ListItem","position":1,"name":"Home","item":"https:\/\/hotnewsinworld.com\/de\/"},{"@type":"ListItem","position":2,"name":"Unilever-Urgestein Harald Melwisch steigt bei Artefact ein &#8211; ADZINE"}]},{"@type":"WebSite","@id":"https:\/\/hotnewsinworld.com\/de\/#website","url":"https:\/\/hotnewsinworld.com\/de\/","name":"Hot News in World","description":"Hot News in World Deutschland","potentialAction":[{"@type":"SearchAction","target":{"@type":"EntryPoint","urlTemplate":"https:\/\/hotnewsinworld.com\/de\/?s={search_term_string}"},"query-input":{"@type":"PropertyValueSpecification","valueRequired":true,"valueName":"search_term_string"}}],"inLanguage":"de"},{"@type":"Person","@id":"https:\/\/hotnewsinworld.com\/de\/#\/schema\/person\/83a544fee3543ca6cac3e25ac03a3c2b","name":"hotnewsinworld","image":{"@type":"ImageObject","inLanguage":"de","@id":"https:\/\/secure.gravatar.com\/avatar\/dfb5c469893235b3ffc8a5339f3396fccf74700b0e409a20d7c915a0bb844606?s=96&d=mm&r=g","url":"https:\/\/secure.gravatar.com\/avatar\/dfb5c469893235b3ffc8a5339f3396fccf74700b0e409a20d7c915a0bb844606?s=96&d=mm&r=g","contentUrl":"https:\/\/secure.gravatar.com\/avatar\/dfb5c469893235b3ffc8a5339f3396fccf74700b0e409a20d7c915a0bb844606?s=96&d=mm&r=g","caption":"hotnewsinworld"},"url":"https:\/\/hotnewsinworld.com\/de\/author\/jacob\/"}]}},"_links":{"self":[{"href":"https:\/\/hotnewsinworld.com\/de\/wp-json\/wp\/v2\/posts\/580","targetHints":{"allow":["GET"]}}],"collection":[{"href":"https:\/\/hotnewsinworld.com\/de\/wp-json\/wp\/v2\/posts"}],"about":[{"href":"https:\/\/hotnewsinworld.com\/de\/wp-json\/wp\/v2\/types\/post"}],"author":[{"embeddable":true,"href":"https:\/\/hotnewsinworld.com\/de\/wp-json\/wp\/v2\/users\/1"}],"replies":[{"embeddable":true,"href":"https:\/\/hotnewsinworld.com\/de\/wp-json\/wp\/v2\/comments?post=580"}],"version-history":[{"count":1,"href":"https:\/\/hotnewsinworld.com\/de\/wp-json\/wp\/v2\/posts\/580\/revisions"}],"predecessor-version":[{"id":582,"href":"https:\/\/hotnewsinworld.com\/de\/wp-json\/wp\/v2\/posts\/580\/revisions\/582"}],"wp:featuredmedia":[{"embeddable":true,"href":"https:\/\/hotnewsinworld.com\/de\/wp-json\/wp\/v2\/media\/581"}],"wp:attachment":[{"href":"https:\/\/hotnewsinworld.com\/de\/wp-json\/wp\/v2\/media?parent=580"}],"wp:term":[{"taxonomy":"category","embeddable":true,"href":"https:\/\/hotnewsinworld.com\/de\/wp-json\/wp\/v2\/categories?post=580"},{"taxonomy":"post_tag","embeddable":true,"href":"https:\/\/hotnewsinworld.com\/de\/wp-json\/wp\/v2\/tags?post=580"}],"curies":[{"name":"wp","href":"https:\/\/api.w.org\/{rel}","templated":true}]}}