{"id":801,"date":"2021-01-06T22:31:25","date_gmt":"2021-01-06T22:31:25","guid":{"rendered":"https:\/\/hotnewsinworld.com\/de\/franziska-von-lewinski-uebernimmt-als-ceo-der-syzygy-ag-adzine\/"},"modified":"2021-01-06T22:31:26","modified_gmt":"2021-01-06T22:31:26","slug":"franziska-von-lewinski-uebernimmt-als-ceo-der-syzygy-ag-adzine","status":"publish","type":"post","link":"https:\/\/hotnewsinworld.com\/de\/franziska-von-lewinski-uebernimmt-als-ceo-der-syzygy-ag-adzine\/","title":{"rendered":"Franziska von Lewinski \u00fcbernimmt als CEO der Syzygy AG &#8211; ADZINE"},"content":{"rendered":"<p>[ad_1]<br \/>\n <\/p>\n<p>Franziska von Lewinski wechselt aus dem Vorstand von Fischer Appelt zu Syzygy und bringt 20 Jahre Erfahrung aus der Digitalbranche mit. Die geb\u00fcrtige Hamburgerin hat bei Fischer Appelt seit 2014 das Ressort Digital und Innovation aufgebaut und angeleitet. Zuvor war sie 14 Jahre lang bei der BBDO-Tochter Interone besch\u00e4ftigt und f\u00fchrte diese zuletzt ebenfalls als CEO. Dar\u00fcber hinaus ist die Digitalexpertin seit 2017 ehrenamtliches Mitglied im Ausschuss f\u00fcr digitale Wirtschaft bei der Handelskammer Hamburg.<\/p>\n<p>Die 48-j\u00e4hrige Lewinski bezeichnet die Syzygy-Gruppe als \u201ceine der ersten Adressen in der digitalen Dienstleistungsbranche&#8220;. Sie sei &#8222;innovativ und kreativ, technologiestark und mit umfassender Beratungskompetenz\u201d. \u201cIch freue mich sehr, diese starke Gruppe gemeinsam mit den Kolleginnen und Kollegen in die Zukunft zu f\u00fchren und digitale Transformation f\u00fcr Marken und Unternehmen mit Leben zu f\u00fcllen\u201d, so Lewinski weiter.<\/p>\n<p>Syzygy versteht sich selbst als Berater und Spezialist bei der Umsetzung von digitaler Transformation in Marketing und Vertrieb. Die WPP-Tochter wurde 1995 gegr\u00fcndet und hat ihren Sitz in Bad Homburg. Dazu gesellen sich Niederlassungen in Berlin, Frankfurt, Hamburg, M\u00fcnchen, London, New York und Warschau. Franziska von Lewinski f\u00fchrt auf ihrem Chefposten rund 600 Mitarbeiter weltweit.<\/p>\n<p>[ad_2]<br \/>\n <br \/><a href=\"https:\/\/www.adzine.de\/2021\/01\/franziska-von-lewinski-uebernimmt-als-ceo-der-syzygy-ag\/\">\u0421\u0441\u044b\u043b\u043a\u0430 \u043d\u0430 \u0438\u0441\u0442\u043e\u0447\u043d\u0438\u043a <\/a><\/p>\n","protected":false},"excerpt":{"rendered":"<p>[ad_1] Franziska von Lewinski wechselt aus dem Vorstand von Fischer Appelt zu Syzygy und bringt 20 Jahre Erfahrung aus der Digitalbranche mit. Die geb\u00fcrtige Hamburgerin hat bei Fischer Appelt seit 2014 das Ressort Digital und Innovation aufgebaut und angeleitet. Zuvor war sie 14 Jahre lang bei der BBDO-Tochter Interone besch\u00e4ftigt und f\u00fchrte diese zuletzt ebenfalls [&hellip;]<\/p>\n","protected":false},"author":1,"featured_media":802,"comment_status":"open","ping_status":"open","sticky":false,"template":"","format":"standard","meta":{"footnotes":""},"categories":[5],"tags":[],"class_list":["post-801","post","type-post","status-publish","format-standard","has-post-thumbnail","hentry","category-marketing-news"],"yoast_head":"<!-- This site is optimized with the Yoast SEO plugin v27.4 - https:\/\/yoast.com\/product\/yoast-seo-wordpress\/ -->\n<title>Franziska von Lewinski \u00fcbernimmt als CEO der Syzygy AG - ADZINE - Hot News in World<\/title>\n<meta name=\"robots\" content=\"index, follow, max-snippet:-1, max-image-preview:large, max-video-preview:-1\" \/>\n<link rel=\"canonical\" href=\"https:\/\/hotnewsinworld.com\/de\/franziska-von-lewinski-uebernimmt-als-ceo-der-syzygy-ag-adzine\/\" \/>\n<meta property=\"og:locale\" content=\"de_DE\" \/>\n<meta property=\"og:type\" content=\"article\" \/>\n<meta property=\"og:title\" content=\"Franziska von Lewinski \u00fcbernimmt als CEO der Syzygy AG - ADZINE - Hot News in World\" \/>\n<meta property=\"og:description\" content=\"[ad_1] Franziska von Lewinski wechselt aus dem Vorstand von Fischer Appelt zu Syzygy und bringt 20 Jahre Erfahrung aus der Digitalbranche mit. Die geb\u00fcrtige Hamburgerin hat bei Fischer Appelt seit 2014 das Ressort Digital und Innovation aufgebaut und angeleitet. Zuvor war sie 14 Jahre lang bei der BBDO-Tochter Interone besch\u00e4ftigt und f\u00fchrte diese zuletzt ebenfalls [&hellip;]\" \/>\n<meta property=\"og:url\" content=\"https:\/\/hotnewsinworld.com\/de\/franziska-von-lewinski-uebernimmt-als-ceo-der-syzygy-ag-adzine\/\" \/>\n<meta property=\"og:site_name\" content=\"Hot News in World\" \/>\n<meta property=\"article:published_time\" content=\"2021-01-06T22:31:25+00:00\" \/>\n<meta property=\"article:modified_time\" content=\"2021-01-06T22:31:26+00:00\" \/>\n<meta property=\"og:image\" content=\"https:\/\/hotnewsinworld.com\/de\/wp-content\/uploads\/sites\/13\/2021\/01\/Franziska-von-Lewinski-uebernimmt-als-CEO-der-Syzygy-AG.jpg\" \/>\n\t<meta property=\"og:image:width\" content=\"1200\" \/>\n\t<meta property=\"og:image:height\" content=\"630\" \/>\n\t<meta property=\"og:image:type\" content=\"image\/jpeg\" \/>\n<meta name=\"author\" content=\"hotnewsinworld\" \/>\n<meta name=\"twitter:card\" content=\"summary_large_image\" \/>\n<meta name=\"twitter:label1\" content=\"Verfasst von\" \/>\n\t<meta name=\"twitter:data1\" content=\"hotnewsinworld\" \/>\n\t<meta name=\"twitter:label2\" content=\"Gesch\u00e4tzte Lesezeit\" \/>\n\t<meta name=\"twitter:data2\" content=\"1\u00a0Minute\" \/>\n<script type=\"application\/ld+json\" class=\"yoast-schema-graph\">{\"@context\":\"https:\\\/\\\/schema.org\",\"@graph\":[{\"@type\":\"Article\",\"@id\":\"https:\\\/\\\/hotnewsinworld.com\\\/de\\\/franziska-von-lewinski-uebernimmt-als-ceo-der-syzygy-ag-adzine\\\/#article\",\"isPartOf\":{\"@id\":\"https:\\\/\\\/hotnewsinworld.com\\\/de\\\/franziska-von-lewinski-uebernimmt-als-ceo-der-syzygy-ag-adzine\\\/\"},\"author\":{\"name\":\"hotnewsinworld\",\"@id\":\"https:\\\/\\\/hotnewsinworld.com\\\/de\\\/#\\\/schema\\\/person\\\/83a544fee3543ca6cac3e25ac03a3c2b\"},\"headline\":\"Franziska von Lewinski \u00fcbernimmt als CEO der Syzygy AG &#8211; ADZINE\",\"datePublished\":\"2021-01-06T22:31:25+00:00\",\"dateModified\":\"2021-01-06T22:31:26+00:00\",\"mainEntityOfPage\":{\"@id\":\"https:\\\/\\\/hotnewsinworld.com\\\/de\\\/franziska-von-lewinski-uebernimmt-als-ceo-der-syzygy-ag-adzine\\\/\"},\"wordCount\":208,\"commentCount\":0,\"image\":{\"@id\":\"https:\\\/\\\/hotnewsinworld.com\\\/de\\\/franziska-von-lewinski-uebernimmt-als-ceo-der-syzygy-ag-adzine\\\/#primaryimage\"},\"thumbnailUrl\":\"https:\\\/\\\/hotnewsinworld.com\\\/de\\\/wp-content\\\/uploads\\\/sites\\\/13\\\/2021\\\/01\\\/Franziska-von-Lewinski-uebernimmt-als-CEO-der-Syzygy-AG.jpg\",\"articleSection\":[\"MARKETING NEWS\"],\"inLanguage\":\"de\",\"potentialAction\":[{\"@type\":\"CommentAction\",\"name\":\"Comment\",\"target\":[\"https:\\\/\\\/hotnewsinworld.com\\\/de\\\/franziska-von-lewinski-uebernimmt-als-ceo-der-syzygy-ag-adzine\\\/#respond\"]}]},{\"@type\":\"WebPage\",\"@id\":\"https:\\\/\\\/hotnewsinworld.com\\\/de\\\/franziska-von-lewinski-uebernimmt-als-ceo-der-syzygy-ag-adzine\\\/\",\"url\":\"https:\\\/\\\/hotnewsinworld.com\\\/de\\\/franziska-von-lewinski-uebernimmt-als-ceo-der-syzygy-ag-adzine\\\/\",\"name\":\"Franziska von Lewinski \u00fcbernimmt als CEO der Syzygy AG - ADZINE - Hot News in World\",\"isPartOf\":{\"@id\":\"https:\\\/\\\/hotnewsinworld.com\\\/de\\\/#website\"},\"primaryImageOfPage\":{\"@id\":\"https:\\\/\\\/hotnewsinworld.com\\\/de\\\/franziska-von-lewinski-uebernimmt-als-ceo-der-syzygy-ag-adzine\\\/#primaryimage\"},\"image\":{\"@id\":\"https:\\\/\\\/hotnewsinworld.com\\\/de\\\/franziska-von-lewinski-uebernimmt-als-ceo-der-syzygy-ag-adzine\\\/#primaryimage\"},\"thumbnailUrl\":\"https:\\\/\\\/hotnewsinworld.com\\\/de\\\/wp-content\\\/uploads\\\/sites\\\/13\\\/2021\\\/01\\\/Franziska-von-Lewinski-uebernimmt-als-CEO-der-Syzygy-AG.jpg\",\"datePublished\":\"2021-01-06T22:31:25+00:00\",\"dateModified\":\"2021-01-06T22:31:26+00:00\",\"author\":{\"@id\":\"https:\\\/\\\/hotnewsinworld.com\\\/de\\\/#\\\/schema\\\/person\\\/83a544fee3543ca6cac3e25ac03a3c2b\"},\"breadcrumb\":{\"@id\":\"https:\\\/\\\/hotnewsinworld.com\\\/de\\\/franziska-von-lewinski-uebernimmt-als-ceo-der-syzygy-ag-adzine\\\/#breadcrumb\"},\"inLanguage\":\"de\",\"potentialAction\":[{\"@type\":\"ReadAction\",\"target\":[\"https:\\\/\\\/hotnewsinworld.com\\\/de\\\/franziska-von-lewinski-uebernimmt-als-ceo-der-syzygy-ag-adzine\\\/\"]}]},{\"@type\":\"ImageObject\",\"inLanguage\":\"de\",\"@id\":\"https:\\\/\\\/hotnewsinworld.com\\\/de\\\/franziska-von-lewinski-uebernimmt-als-ceo-der-syzygy-ag-adzine\\\/#primaryimage\",\"url\":\"https:\\\/\\\/hotnewsinworld.com\\\/de\\\/wp-content\\\/uploads\\\/sites\\\/13\\\/2021\\\/01\\\/Franziska-von-Lewinski-uebernimmt-als-CEO-der-Syzygy-AG.jpg\",\"contentUrl\":\"https:\\\/\\\/hotnewsinworld.com\\\/de\\\/wp-content\\\/uploads\\\/sites\\\/13\\\/2021\\\/01\\\/Franziska-von-Lewinski-uebernimmt-als-CEO-der-Syzygy-AG.jpg\",\"width\":1200,\"height\":630,\"caption\":\"Franziska von Lewinski \u00fcbernimmt als CEO der Syzygy AG - ADZINE\"},{\"@type\":\"BreadcrumbList\",\"@id\":\"https:\\\/\\\/hotnewsinworld.com\\\/de\\\/franziska-von-lewinski-uebernimmt-als-ceo-der-syzygy-ag-adzine\\\/#breadcrumb\",\"itemListElement\":[{\"@type\":\"ListItem\",\"position\":1,\"name\":\"Home\",\"item\":\"https:\\\/\\\/hotnewsinworld.com\\\/de\\\/\"},{\"@type\":\"ListItem\",\"position\":2,\"name\":\"Franziska von Lewinski \u00fcbernimmt als CEO der Syzygy AG &#8211; ADZINE\"}]},{\"@type\":\"WebSite\",\"@id\":\"https:\\\/\\\/hotnewsinworld.com\\\/de\\\/#website\",\"url\":\"https:\\\/\\\/hotnewsinworld.com\\\/de\\\/\",\"name\":\"Hot News in World\",\"description\":\"Hot News in World Deutschland\",\"potentialAction\":[{\"@type\":\"SearchAction\",\"target\":{\"@type\":\"EntryPoint\",\"urlTemplate\":\"https:\\\/\\\/hotnewsinworld.com\\\/de\\\/?s={search_term_string}\"},\"query-input\":{\"@type\":\"PropertyValueSpecification\",\"valueRequired\":true,\"valueName\":\"search_term_string\"}}],\"inLanguage\":\"de\"},{\"@type\":\"Person\",\"@id\":\"https:\\\/\\\/hotnewsinworld.com\\\/de\\\/#\\\/schema\\\/person\\\/83a544fee3543ca6cac3e25ac03a3c2b\",\"name\":\"hotnewsinworld\",\"image\":{\"@type\":\"ImageObject\",\"inLanguage\":\"de\",\"@id\":\"https:\\\/\\\/secure.gravatar.com\\\/avatar\\\/dfb5c469893235b3ffc8a5339f3396fccf74700b0e409a20d7c915a0bb844606?s=96&d=mm&r=g\",\"url\":\"https:\\\/\\\/secure.gravatar.com\\\/avatar\\\/dfb5c469893235b3ffc8a5339f3396fccf74700b0e409a20d7c915a0bb844606?s=96&d=mm&r=g\",\"contentUrl\":\"https:\\\/\\\/secure.gravatar.com\\\/avatar\\\/dfb5c469893235b3ffc8a5339f3396fccf74700b0e409a20d7c915a0bb844606?s=96&d=mm&r=g\",\"caption\":\"hotnewsinworld\"},\"url\":\"https:\\\/\\\/hotnewsinworld.com\\\/de\\\/author\\\/jacob\\\/\"}]}<\/script>\n<!-- \/ Yoast SEO plugin. -->","yoast_head_json":{"title":"Franziska von Lewinski \u00fcbernimmt als CEO der Syzygy AG - ADZINE - Hot News in World","robots":{"index":"index","follow":"follow","max-snippet":"max-snippet:-1","max-image-preview":"max-image-preview:large","max-video-preview":"max-video-preview:-1"},"canonical":"https:\/\/hotnewsinworld.com\/de\/franziska-von-lewinski-uebernimmt-als-ceo-der-syzygy-ag-adzine\/","og_locale":"de_DE","og_type":"article","og_title":"Franziska von Lewinski \u00fcbernimmt als CEO der Syzygy AG - ADZINE - Hot News in World","og_description":"[ad_1] Franziska von Lewinski wechselt aus dem Vorstand von Fischer Appelt zu Syzygy und bringt 20 Jahre Erfahrung aus der Digitalbranche mit. Die geb\u00fcrtige Hamburgerin hat bei Fischer Appelt seit 2014 das Ressort Digital und Innovation aufgebaut und angeleitet. Zuvor war sie 14 Jahre lang bei der BBDO-Tochter Interone besch\u00e4ftigt und f\u00fchrte diese zuletzt ebenfalls [&hellip;]","og_url":"https:\/\/hotnewsinworld.com\/de\/franziska-von-lewinski-uebernimmt-als-ceo-der-syzygy-ag-adzine\/","og_site_name":"Hot News in World","article_published_time":"2021-01-06T22:31:25+00:00","article_modified_time":"2021-01-06T22:31:26+00:00","og_image":[{"width":1200,"height":630,"url":"https:\/\/hotnewsinworld.com\/de\/wp-content\/uploads\/sites\/13\/2021\/01\/Franziska-von-Lewinski-uebernimmt-als-CEO-der-Syzygy-AG.jpg","type":"image\/jpeg"}],"author":"hotnewsinworld","twitter_card":"summary_large_image","twitter_misc":{"Verfasst von":"hotnewsinworld","Gesch\u00e4tzte Lesezeit":"1\u00a0Minute"},"schema":{"@context":"https:\/\/schema.org","@graph":[{"@type":"Article","@id":"https:\/\/hotnewsinworld.com\/de\/franziska-von-lewinski-uebernimmt-als-ceo-der-syzygy-ag-adzine\/#article","isPartOf":{"@id":"https:\/\/hotnewsinworld.com\/de\/franziska-von-lewinski-uebernimmt-als-ceo-der-syzygy-ag-adzine\/"},"author":{"name":"hotnewsinworld","@id":"https:\/\/hotnewsinworld.com\/de\/#\/schema\/person\/83a544fee3543ca6cac3e25ac03a3c2b"},"headline":"Franziska von Lewinski \u00fcbernimmt als CEO der Syzygy AG &#8211; ADZINE","datePublished":"2021-01-06T22:31:25+00:00","dateModified":"2021-01-06T22:31:26+00:00","mainEntityOfPage":{"@id":"https:\/\/hotnewsinworld.com\/de\/franziska-von-lewinski-uebernimmt-als-ceo-der-syzygy-ag-adzine\/"},"wordCount":208,"commentCount":0,"image":{"@id":"https:\/\/hotnewsinworld.com\/de\/franziska-von-lewinski-uebernimmt-als-ceo-der-syzygy-ag-adzine\/#primaryimage"},"thumbnailUrl":"https:\/\/hotnewsinworld.com\/de\/wp-content\/uploads\/sites\/13\/2021\/01\/Franziska-von-Lewinski-uebernimmt-als-CEO-der-Syzygy-AG.jpg","articleSection":["MARKETING NEWS"],"inLanguage":"de","potentialAction":[{"@type":"CommentAction","name":"Comment","target":["https:\/\/hotnewsinworld.com\/de\/franziska-von-lewinski-uebernimmt-als-ceo-der-syzygy-ag-adzine\/#respond"]}]},{"@type":"WebPage","@id":"https:\/\/hotnewsinworld.com\/de\/franziska-von-lewinski-uebernimmt-als-ceo-der-syzygy-ag-adzine\/","url":"https:\/\/hotnewsinworld.com\/de\/franziska-von-lewinski-uebernimmt-als-ceo-der-syzygy-ag-adzine\/","name":"Franziska von Lewinski \u00fcbernimmt als CEO der Syzygy AG - ADZINE - Hot News in World","isPartOf":{"@id":"https:\/\/hotnewsinworld.com\/de\/#website"},"primaryImageOfPage":{"@id":"https:\/\/hotnewsinworld.com\/de\/franziska-von-lewinski-uebernimmt-als-ceo-der-syzygy-ag-adzine\/#primaryimage"},"image":{"@id":"https:\/\/hotnewsinworld.com\/de\/franziska-von-lewinski-uebernimmt-als-ceo-der-syzygy-ag-adzine\/#primaryimage"},"thumbnailUrl":"https:\/\/hotnewsinworld.com\/de\/wp-content\/uploads\/sites\/13\/2021\/01\/Franziska-von-Lewinski-uebernimmt-als-CEO-der-Syzygy-AG.jpg","datePublished":"2021-01-06T22:31:25+00:00","dateModified":"2021-01-06T22:31:26+00:00","author":{"@id":"https:\/\/hotnewsinworld.com\/de\/#\/schema\/person\/83a544fee3543ca6cac3e25ac03a3c2b"},"breadcrumb":{"@id":"https:\/\/hotnewsinworld.com\/de\/franziska-von-lewinski-uebernimmt-als-ceo-der-syzygy-ag-adzine\/#breadcrumb"},"inLanguage":"de","potentialAction":[{"@type":"ReadAction","target":["https:\/\/hotnewsinworld.com\/de\/franziska-von-lewinski-uebernimmt-als-ceo-der-syzygy-ag-adzine\/"]}]},{"@type":"ImageObject","inLanguage":"de","@id":"https:\/\/hotnewsinworld.com\/de\/franziska-von-lewinski-uebernimmt-als-ceo-der-syzygy-ag-adzine\/#primaryimage","url":"https:\/\/hotnewsinworld.com\/de\/wp-content\/uploads\/sites\/13\/2021\/01\/Franziska-von-Lewinski-uebernimmt-als-CEO-der-Syzygy-AG.jpg","contentUrl":"https:\/\/hotnewsinworld.com\/de\/wp-content\/uploads\/sites\/13\/2021\/01\/Franziska-von-Lewinski-uebernimmt-als-CEO-der-Syzygy-AG.jpg","width":1200,"height":630,"caption":"Franziska von Lewinski \u00fcbernimmt als CEO der Syzygy AG - ADZINE"},{"@type":"BreadcrumbList","@id":"https:\/\/hotnewsinworld.com\/de\/franziska-von-lewinski-uebernimmt-als-ceo-der-syzygy-ag-adzine\/#breadcrumb","itemListElement":[{"@type":"ListItem","position":1,"name":"Home","item":"https:\/\/hotnewsinworld.com\/de\/"},{"@type":"ListItem","position":2,"name":"Franziska von Lewinski \u00fcbernimmt als CEO der Syzygy AG &#8211; ADZINE"}]},{"@type":"WebSite","@id":"https:\/\/hotnewsinworld.com\/de\/#website","url":"https:\/\/hotnewsinworld.com\/de\/","name":"Hot News in World","description":"Hot News in World Deutschland","potentialAction":[{"@type":"SearchAction","target":{"@type":"EntryPoint","urlTemplate":"https:\/\/hotnewsinworld.com\/de\/?s={search_term_string}"},"query-input":{"@type":"PropertyValueSpecification","valueRequired":true,"valueName":"search_term_string"}}],"inLanguage":"de"},{"@type":"Person","@id":"https:\/\/hotnewsinworld.com\/de\/#\/schema\/person\/83a544fee3543ca6cac3e25ac03a3c2b","name":"hotnewsinworld","image":{"@type":"ImageObject","inLanguage":"de","@id":"https:\/\/secure.gravatar.com\/avatar\/dfb5c469893235b3ffc8a5339f3396fccf74700b0e409a20d7c915a0bb844606?s=96&d=mm&r=g","url":"https:\/\/secure.gravatar.com\/avatar\/dfb5c469893235b3ffc8a5339f3396fccf74700b0e409a20d7c915a0bb844606?s=96&d=mm&r=g","contentUrl":"https:\/\/secure.gravatar.com\/avatar\/dfb5c469893235b3ffc8a5339f3396fccf74700b0e409a20d7c915a0bb844606?s=96&d=mm&r=g","caption":"hotnewsinworld"},"url":"https:\/\/hotnewsinworld.com\/de\/author\/jacob\/"}]}},"_links":{"self":[{"href":"https:\/\/hotnewsinworld.com\/de\/wp-json\/wp\/v2\/posts\/801","targetHints":{"allow":["GET"]}}],"collection":[{"href":"https:\/\/hotnewsinworld.com\/de\/wp-json\/wp\/v2\/posts"}],"about":[{"href":"https:\/\/hotnewsinworld.com\/de\/wp-json\/wp\/v2\/types\/post"}],"author":[{"embeddable":true,"href":"https:\/\/hotnewsinworld.com\/de\/wp-json\/wp\/v2\/users\/1"}],"replies":[{"embeddable":true,"href":"https:\/\/hotnewsinworld.com\/de\/wp-json\/wp\/v2\/comments?post=801"}],"version-history":[{"count":1,"href":"https:\/\/hotnewsinworld.com\/de\/wp-json\/wp\/v2\/posts\/801\/revisions"}],"predecessor-version":[{"id":803,"href":"https:\/\/hotnewsinworld.com\/de\/wp-json\/wp\/v2\/posts\/801\/revisions\/803"}],"wp:featuredmedia":[{"embeddable":true,"href":"https:\/\/hotnewsinworld.com\/de\/wp-json\/wp\/v2\/media\/802"}],"wp:attachment":[{"href":"https:\/\/hotnewsinworld.com\/de\/wp-json\/wp\/v2\/media?parent=801"}],"wp:term":[{"taxonomy":"category","embeddable":true,"href":"https:\/\/hotnewsinworld.com\/de\/wp-json\/wp\/v2\/categories?post=801"},{"taxonomy":"post_tag","embeddable":true,"href":"https:\/\/hotnewsinworld.com\/de\/wp-json\/wp\/v2\/tags?post=801"}],"curies":[{"name":"wp","href":"https:\/\/api.w.org\/{rel}","templated":true}]}}