{"id":1005,"date":"2020-12-07T15:17:48","date_gmt":"2020-12-07T12:17:48","guid":{"rendered":"https:\/\/hotnewsinworld.com\/es\/los-comunes-tambien-piden-la-dimision-de-josep-costa-por-la-reunion-con-partidos-xenofobos\/"},"modified":"2020-12-07T15:17:52","modified_gmt":"2020-12-07T12:17:52","slug":"los-comunes-tambien-piden-la-dimision-de-josep-costa-por-la-reunion-con-partidos-xenofobos","status":"publish","type":"post","link":"https:\/\/hotnewsinworld.com\/es\/los-comunes-tambien-piden-la-dimision-de-josep-costa-por-la-reunion-con-partidos-xenofobos\/","title":{"rendered":"Los comunes tambi\u00e9n piden la dimisi\u00f3n de Josep Costa por la reuni\u00f3n con partidos xen\u00f3fobos"},"content":{"rendered":"<p>Catalunya en Com\u00fa Podem se suma a ERC en la petici\u00f3n de dimisi\u00f3n de Josep Costa como vicepresidente del Parlament tras conocerse su participaci\u00f3n en una reuni\u00f3n a la que tambi\u00e9n asistieron peque\u00f1os partidos independentistas xen\u00f3fobos. En una carta al presidente de la C\u00e1mara, Roger Torrent, la presidenta de los comunes asegura que \u201cel ejercicio de la representaci\u00f3n de las instituciones democr\u00e1ticas es incompatible con cualquier di\u00e1logo o connivencia con el fascismo y el racismo\u201d y le pide que no se le delegue a Costa ninguna de las responsabilidades de la presidencia de la C\u00e1mara.Los comunes dan un paso m\u00e1s que ERC, que por lo pronto se ha limitado a enviar algunos tuits pidiendo la dimisi\u00f3n de Costa. Por su parte Dem\u00f2crates, los democristianos independentistas escindidos de la extinta Uni\u00f3, no entregar\u00e1n sus actas en el Parlament ni dejar\u00e1n el grupo parlamentario Republic\u00e0, que integran junto con Esquerra Republicana. As\u00ed lo ha explicado este lunes su cabeza visible, Antoni Castell\u00e0, en una rueda de prensa telem\u00e1tica. El jefe de filas de ERC en la C\u00e1mara, Sergi Sabri\u00e0, hab\u00eda dado por roto el acuerdo de coalici\u00f3n con ese partido despu\u00e9s de que trascendiera su participaci\u00f3n en una reuni\u00f3n convocada por exmiembros de la Assemblea Nacional Catalana y a la que tambi\u00e9n asistieron grupos independentistas xen\u00f3fobos. Sabri\u00e0 tambi\u00e9n hab\u00eda pedido la renuncia del vicepresidente del Parlament, Josep Costa, por estar en ese mismo encuentro.\u201cNosotros ocuparemos el esca\u00f1o, no s\u00e9 qu\u00e9 har\u00e1 la direcci\u00f3n de Esquerra\u201d, ha dicho Castell\u00e0 cuando se le ha preguntado si piensa asistir al pr\u00f3ximo pleno del Parlament. Para Dem\u00f2cartes, ERC intenta sacar provecho electoral del incidente. Seg\u00fan Castell\u00e0, quien deber\u00eda abandonar la bancada son los republicanos, pues pactaron un compromiso con la instauraci\u00f3n de la rep\u00fablica catalana que enmendaron con un giro al pragmatismo. ERC argument\u00f3 el domingo en un comunicado que, una vez escuchadas las explicaciones de Dem\u00f2crates, daba por roto el acuerdo. \u201cNo se puede romper lo que ya estaba roto\u201d, ha insistido Castell\u00e0.La cabeza visible de Dem\u00f2cratas, que tiene dos diputados en el Parlament y un incierto potencial electoral, ha quitado hierro a su participaci\u00f3n en la reuni\u00f3n, donde tambi\u00e9n estuvieron el Front Nacional Catal\u00e0 (con un discurso en contra de la inmigraci\u00f3n) o For\u00e7a Catalunya, que abogan por liberar a Catalu\u00f1a de \u201cla colonizaci\u00f3n espa\u00f1ola y francesa\u201d. Ha dicho que dos \u201cvoluntarios\u201d de su partido han atendido la videollamada para \u201cescuchar lo que ten\u00edan que decir los exsecretarios de la ANC\u201d. Tambi\u00e9n ha recordado que su partido no pactar\u00e1 con fuerzas que no respeten los derechos humanos.En el centro de la bronca est\u00e1n ERC y Junts per Catalunya. Sabri\u00e0 ha pedido la dimisi\u00f3n de Costa, que seg\u00fan asistentes a la reuni\u00f3n dijo que la candidata de Junts, Laura Borr\u00e0s, estaba al tanto del encuentro. El vicepresidente del Parlament, en una entrevista a Catalunya R\u00e0dio, ha cargado contra los republicanos y ha aceptado que ha cometido \u201cun error personal\u201d al participar de la reuni\u00f3n. Ha acusado a ERC de usar la extrema derecha como \u201carma arrojadiza\u201d para hacer da\u00f1o a Junts per Catalunya. El partido que lidera Carles Puigdemont, oficialmente, dice que no hab\u00eda delegado a nadie para participar en la reuni\u00f3n del pasado jueves. Costa no milita en Junts.Costa tambi\u00e9n ha pedido un \u201ccord\u00f3n sanitario\u201d contra la extrema derecha. \u201cNos haremos da\u00f1o todos, y ellos los primeros, si instrumentalizan la extrema derecha electoralmente para hacer da\u00f1o a los adversarios y para sacar un r\u00e9dito de partido\u201d, ha apostillado.<br \/>\n<br \/>\n<!--noindex--><br \/>\n<a href=\"https:\/\/elpais.com\/espana\/catalunya\/2020-12-07\/democrates-descarta-dejar-el-grupo-de-erc-tras-la-polemica-por-la-reunion-con-partidos-xenofobos.html\" rel=\"nofollow\">Source link <\/a><br \/>\n<!--\/noindex--><\/p>\n","protected":false},"excerpt":{"rendered":"<p>Catalunya en Com\u00fa Podem se suma a ERC en la petici\u00f3n de dimisi\u00f3n de Josep Costa como vicepresidente del Parlament tras conocerse su participaci\u00f3n en una reuni\u00f3n a la que tambi\u00e9n asistieron peque\u00f1os partidos independentistas xen\u00f3fobos. En una carta al presidente de la C\u00e1mara, Roger Torrent, la presidenta de los comunes asegura que \u201cel ejercicio [&hellip;]<\/p>\n","protected":false},"author":2,"featured_media":1006,"comment_status":"open","ping_status":"open","sticky":false,"template":"","format":"standard","meta":{"footnotes":""},"categories":[3],"tags":[],"class_list":["post-1005","post","type-post","status-publish","format-standard","has-post-thumbnail","hentry","category-noticias-de-medios-sociales"],"yoast_head":"<!-- This site is optimized with the Yoast SEO plugin v27.4 - https:\/\/yoast.com\/product\/yoast-seo-wordpress\/ -->\n<title>Los comunes tambi\u00e9n piden la dimisi\u00f3n de Josep Costa por la reuni\u00f3n con partidos xen\u00f3fobos - Hot News in World<\/title>\n<meta name=\"robots\" content=\"index, follow, max-snippet:-1, max-image-preview:large, max-video-preview:-1\" \/>\n<link rel=\"canonical\" href=\"https:\/\/hotnewsinworld.com\/es\/los-comunes-tambien-piden-la-dimision-de-josep-costa-por-la-reunion-con-partidos-xenofobos\/\" \/>\n<meta property=\"og:locale\" content=\"es_ES\" \/>\n<meta property=\"og:type\" content=\"article\" \/>\n<meta property=\"og:title\" content=\"Los comunes tambi\u00e9n piden la dimisi\u00f3n de Josep Costa por la reuni\u00f3n con partidos xen\u00f3fobos - Hot News in World\" \/>\n<meta property=\"og:description\" content=\"Catalunya en Com\u00fa Podem se suma a ERC en la petici\u00f3n de dimisi\u00f3n de Josep Costa como vicepresidente del Parlament tras conocerse su participaci\u00f3n en una reuni\u00f3n a la que tambi\u00e9n asistieron peque\u00f1os partidos independentistas xen\u00f3fobos. En una carta al presidente de la C\u00e1mara, Roger Torrent, la presidenta de los comunes asegura que \u201cel ejercicio [&hellip;]\" \/>\n<meta property=\"og:url\" content=\"https:\/\/hotnewsinworld.com\/es\/los-comunes-tambien-piden-la-dimision-de-josep-costa-por-la-reunion-con-partidos-xenofobos\/\" \/>\n<meta property=\"og:site_name\" content=\"Hot News in World\" \/>\n<meta property=\"article:published_time\" content=\"2020-12-07T12:17:48+00:00\" \/>\n<meta property=\"article:modified_time\" content=\"2020-12-07T12:17:52+00:00\" \/>\n<meta property=\"og:image\" content=\"https:\/\/hotnewsinworld.com\/es\/wp-content\/uploads\/sites\/4\/2020\/12\/Los-comunes-tambien-piden-la-dimision-de-Josep-Costa-por.jpg\" \/>\n\t<meta property=\"og:image:width\" content=\"560\" \/>\n\t<meta property=\"og:image:height\" content=\"329\" \/>\n\t<meta property=\"og:image:type\" content=\"image\/jpeg\" \/>\n<meta name=\"author\" content=\"hotnewsinworld\" \/>\n<meta name=\"twitter:card\" content=\"summary_large_image\" \/>\n<meta name=\"twitter:label1\" content=\"Escrito por\" \/>\n\t<meta name=\"twitter:data1\" content=\"hotnewsinworld\" \/>\n\t<meta name=\"twitter:label2\" content=\"Tiempo de lectura\" \/>\n\t<meta name=\"twitter:data2\" content=\"3 minutos\" \/>\n<script type=\"application\/ld+json\" class=\"yoast-schema-graph\">{\"@context\":\"https:\\\/\\\/schema.org\",\"@graph\":[{\"@type\":\"Article\",\"@id\":\"https:\\\/\\\/hotnewsinworld.com\\\/es\\\/los-comunes-tambien-piden-la-dimision-de-josep-costa-por-la-reunion-con-partidos-xenofobos\\\/#article\",\"isPartOf\":{\"@id\":\"https:\\\/\\\/hotnewsinworld.com\\\/es\\\/los-comunes-tambien-piden-la-dimision-de-josep-costa-por-la-reunion-con-partidos-xenofobos\\\/\"},\"author\":{\"name\":\"hotnewsinworld\",\"@id\":\"https:\\\/\\\/hotnewsinworld.com\\\/es\\\/#\\\/schema\\\/person\\\/fe61448b21c0d59086e75fcc1f9d8f6b\"},\"headline\":\"Los comunes tambi\u00e9n piden la dimisi\u00f3n de Josep Costa por la reuni\u00f3n con partidos xen\u00f3fobos\",\"datePublished\":\"2020-12-07T12:17:48+00:00\",\"dateModified\":\"2020-12-07T12:17:52+00:00\",\"mainEntityOfPage\":{\"@id\":\"https:\\\/\\\/hotnewsinworld.com\\\/es\\\/los-comunes-tambien-piden-la-dimision-de-josep-costa-por-la-reunion-con-partidos-xenofobos\\\/\"},\"wordCount\":663,\"commentCount\":0,\"image\":{\"@id\":\"https:\\\/\\\/hotnewsinworld.com\\\/es\\\/los-comunes-tambien-piden-la-dimision-de-josep-costa-por-la-reunion-con-partidos-xenofobos\\\/#primaryimage\"},\"thumbnailUrl\":\"https:\\\/\\\/hotnewsinworld.com\\\/es\\\/wp-content\\\/uploads\\\/sites\\\/4\\\/2020\\\/12\\\/Los-comunes-tambien-piden-la-dimision-de-Josep-Costa-por.jpg\",\"articleSection\":[\"NOTICIAS DE MEDIOS SOCIALES\"],\"inLanguage\":\"es\",\"potentialAction\":[{\"@type\":\"CommentAction\",\"name\":\"Comment\",\"target\":[\"https:\\\/\\\/hotnewsinworld.com\\\/es\\\/los-comunes-tambien-piden-la-dimision-de-josep-costa-por-la-reunion-con-partidos-xenofobos\\\/#respond\"]}]},{\"@type\":\"WebPage\",\"@id\":\"https:\\\/\\\/hotnewsinworld.com\\\/es\\\/los-comunes-tambien-piden-la-dimision-de-josep-costa-por-la-reunion-con-partidos-xenofobos\\\/\",\"url\":\"https:\\\/\\\/hotnewsinworld.com\\\/es\\\/los-comunes-tambien-piden-la-dimision-de-josep-costa-por-la-reunion-con-partidos-xenofobos\\\/\",\"name\":\"Los comunes tambi\u00e9n piden la dimisi\u00f3n de Josep Costa por la reuni\u00f3n con partidos xen\u00f3fobos - Hot News in World\",\"isPartOf\":{\"@id\":\"https:\\\/\\\/hotnewsinworld.com\\\/es\\\/#website\"},\"primaryImageOfPage\":{\"@id\":\"https:\\\/\\\/hotnewsinworld.com\\\/es\\\/los-comunes-tambien-piden-la-dimision-de-josep-costa-por-la-reunion-con-partidos-xenofobos\\\/#primaryimage\"},\"image\":{\"@id\":\"https:\\\/\\\/hotnewsinworld.com\\\/es\\\/los-comunes-tambien-piden-la-dimision-de-josep-costa-por-la-reunion-con-partidos-xenofobos\\\/#primaryimage\"},\"thumbnailUrl\":\"https:\\\/\\\/hotnewsinworld.com\\\/es\\\/wp-content\\\/uploads\\\/sites\\\/4\\\/2020\\\/12\\\/Los-comunes-tambien-piden-la-dimision-de-Josep-Costa-por.jpg\",\"datePublished\":\"2020-12-07T12:17:48+00:00\",\"dateModified\":\"2020-12-07T12:17:52+00:00\",\"author\":{\"@id\":\"https:\\\/\\\/hotnewsinworld.com\\\/es\\\/#\\\/schema\\\/person\\\/fe61448b21c0d59086e75fcc1f9d8f6b\"},\"breadcrumb\":{\"@id\":\"https:\\\/\\\/hotnewsinworld.com\\\/es\\\/los-comunes-tambien-piden-la-dimision-de-josep-costa-por-la-reunion-con-partidos-xenofobos\\\/#breadcrumb\"},\"inLanguage\":\"es\",\"potentialAction\":[{\"@type\":\"ReadAction\",\"target\":[\"https:\\\/\\\/hotnewsinworld.com\\\/es\\\/los-comunes-tambien-piden-la-dimision-de-josep-costa-por-la-reunion-con-partidos-xenofobos\\\/\"]}]},{\"@type\":\"ImageObject\",\"inLanguage\":\"es\",\"@id\":\"https:\\\/\\\/hotnewsinworld.com\\\/es\\\/los-comunes-tambien-piden-la-dimision-de-josep-costa-por-la-reunion-con-partidos-xenofobos\\\/#primaryimage\",\"url\":\"https:\\\/\\\/hotnewsinworld.com\\\/es\\\/wp-content\\\/uploads\\\/sites\\\/4\\\/2020\\\/12\\\/Los-comunes-tambien-piden-la-dimision-de-Josep-Costa-por.jpg\",\"contentUrl\":\"https:\\\/\\\/hotnewsinworld.com\\\/es\\\/wp-content\\\/uploads\\\/sites\\\/4\\\/2020\\\/12\\\/Los-comunes-tambien-piden-la-dimision-de-Josep-Costa-por.jpg\",\"width\":560,\"height\":329,\"caption\":\"Los comunes tambi\u00e9n piden la dimisi\u00f3n de Josep Costa por la reuni\u00f3n con partidos xen\u00f3fobos\"},{\"@type\":\"BreadcrumbList\",\"@id\":\"https:\\\/\\\/hotnewsinworld.com\\\/es\\\/los-comunes-tambien-piden-la-dimision-de-josep-costa-por-la-reunion-con-partidos-xenofobos\\\/#breadcrumb\",\"itemListElement\":[{\"@type\":\"ListItem\",\"position\":1,\"name\":\"\u0413\u043b\u0430\u0432\u043d\u0430\u044f \u0441\u0442\u0440\u0430\u043d\u0438\u0446\u0430\",\"item\":\"https:\\\/\\\/hotnewsinworld.com\\\/es\\\/\"},{\"@type\":\"ListItem\",\"position\":2,\"name\":\"Los comunes tambi\u00e9n piden la dimisi\u00f3n de Josep Costa por la reuni\u00f3n con partidos xen\u00f3fobos\"}]},{\"@type\":\"WebSite\",\"@id\":\"https:\\\/\\\/hotnewsinworld.com\\\/es\\\/#website\",\"url\":\"https:\\\/\\\/hotnewsinworld.com\\\/es\\\/\",\"name\":\"Hot News in World\",\"description\":\"Hot News in World from Spain\",\"potentialAction\":[{\"@type\":\"SearchAction\",\"target\":{\"@type\":\"EntryPoint\",\"urlTemplate\":\"https:\\\/\\\/hotnewsinworld.com\\\/es\\\/?s={search_term_string}\"},\"query-input\":{\"@type\":\"PropertyValueSpecification\",\"valueRequired\":true,\"valueName\":\"search_term_string\"}}],\"inLanguage\":\"es\"},{\"@type\":\"Person\",\"@id\":\"https:\\\/\\\/hotnewsinworld.com\\\/es\\\/#\\\/schema\\\/person\\\/fe61448b21c0d59086e75fcc1f9d8f6b\",\"name\":\"hotnewsinworld\",\"image\":{\"@type\":\"ImageObject\",\"inLanguage\":\"es\",\"@id\":\"https:\\\/\\\/secure.gravatar.com\\\/avatar\\\/8a09ac165600ce2e1c38fe593c63928eb1e6e7ba5c5a907d67787c41b3d00c14?s=96&d=mm&r=g\",\"url\":\"https:\\\/\\\/secure.gravatar.com\\\/avatar\\\/8a09ac165600ce2e1c38fe593c63928eb1e6e7ba5c5a907d67787c41b3d00c14?s=96&d=mm&r=g\",\"contentUrl\":\"https:\\\/\\\/secure.gravatar.com\\\/avatar\\\/8a09ac165600ce2e1c38fe593c63928eb1e6e7ba5c5a907d67787c41b3d00c14?s=96&d=mm&r=g\",\"caption\":\"hotnewsinworld\"},\"url\":\"https:\\\/\\\/hotnewsinworld.com\\\/es\\\/author\\\/pt\\\/\"}]}<\/script>\n<!-- \/ Yoast SEO plugin. -->","yoast_head_json":{"title":"Los comunes tambi\u00e9n piden la dimisi\u00f3n de Josep Costa por la reuni\u00f3n con partidos xen\u00f3fobos - Hot News in World","robots":{"index":"index","follow":"follow","max-snippet":"max-snippet:-1","max-image-preview":"max-image-preview:large","max-video-preview":"max-video-preview:-1"},"canonical":"https:\/\/hotnewsinworld.com\/es\/los-comunes-tambien-piden-la-dimision-de-josep-costa-por-la-reunion-con-partidos-xenofobos\/","og_locale":"es_ES","og_type":"article","og_title":"Los comunes tambi\u00e9n piden la dimisi\u00f3n de Josep Costa por la reuni\u00f3n con partidos xen\u00f3fobos - Hot News in World","og_description":"Catalunya en Com\u00fa Podem se suma a ERC en la petici\u00f3n de dimisi\u00f3n de Josep Costa como vicepresidente del Parlament tras conocerse su participaci\u00f3n en una reuni\u00f3n a la que tambi\u00e9n asistieron peque\u00f1os partidos independentistas xen\u00f3fobos. En una carta al presidente de la C\u00e1mara, Roger Torrent, la presidenta de los comunes asegura que \u201cel ejercicio [&hellip;]","og_url":"https:\/\/hotnewsinworld.com\/es\/los-comunes-tambien-piden-la-dimision-de-josep-costa-por-la-reunion-con-partidos-xenofobos\/","og_site_name":"Hot News in World","article_published_time":"2020-12-07T12:17:48+00:00","article_modified_time":"2020-12-07T12:17:52+00:00","og_image":[{"width":560,"height":329,"url":"https:\/\/hotnewsinworld.com\/es\/wp-content\/uploads\/sites\/4\/2020\/12\/Los-comunes-tambien-piden-la-dimision-de-Josep-Costa-por.jpg","type":"image\/jpeg"}],"author":"hotnewsinworld","twitter_card":"summary_large_image","twitter_misc":{"Escrito por":"hotnewsinworld","Tiempo de lectura":"3 minutos"},"schema":{"@context":"https:\/\/schema.org","@graph":[{"@type":"Article","@id":"https:\/\/hotnewsinworld.com\/es\/los-comunes-tambien-piden-la-dimision-de-josep-costa-por-la-reunion-con-partidos-xenofobos\/#article","isPartOf":{"@id":"https:\/\/hotnewsinworld.com\/es\/los-comunes-tambien-piden-la-dimision-de-josep-costa-por-la-reunion-con-partidos-xenofobos\/"},"author":{"name":"hotnewsinworld","@id":"https:\/\/hotnewsinworld.com\/es\/#\/schema\/person\/fe61448b21c0d59086e75fcc1f9d8f6b"},"headline":"Los comunes tambi\u00e9n piden la dimisi\u00f3n de Josep Costa por la reuni\u00f3n con partidos xen\u00f3fobos","datePublished":"2020-12-07T12:17:48+00:00","dateModified":"2020-12-07T12:17:52+00:00","mainEntityOfPage":{"@id":"https:\/\/hotnewsinworld.com\/es\/los-comunes-tambien-piden-la-dimision-de-josep-costa-por-la-reunion-con-partidos-xenofobos\/"},"wordCount":663,"commentCount":0,"image":{"@id":"https:\/\/hotnewsinworld.com\/es\/los-comunes-tambien-piden-la-dimision-de-josep-costa-por-la-reunion-con-partidos-xenofobos\/#primaryimage"},"thumbnailUrl":"https:\/\/hotnewsinworld.com\/es\/wp-content\/uploads\/sites\/4\/2020\/12\/Los-comunes-tambien-piden-la-dimision-de-Josep-Costa-por.jpg","articleSection":["NOTICIAS DE MEDIOS SOCIALES"],"inLanguage":"es","potentialAction":[{"@type":"CommentAction","name":"Comment","target":["https:\/\/hotnewsinworld.com\/es\/los-comunes-tambien-piden-la-dimision-de-josep-costa-por-la-reunion-con-partidos-xenofobos\/#respond"]}]},{"@type":"WebPage","@id":"https:\/\/hotnewsinworld.com\/es\/los-comunes-tambien-piden-la-dimision-de-josep-costa-por-la-reunion-con-partidos-xenofobos\/","url":"https:\/\/hotnewsinworld.com\/es\/los-comunes-tambien-piden-la-dimision-de-josep-costa-por-la-reunion-con-partidos-xenofobos\/","name":"Los comunes tambi\u00e9n piden la dimisi\u00f3n de Josep Costa por la reuni\u00f3n con partidos xen\u00f3fobos - Hot News in World","isPartOf":{"@id":"https:\/\/hotnewsinworld.com\/es\/#website"},"primaryImageOfPage":{"@id":"https:\/\/hotnewsinworld.com\/es\/los-comunes-tambien-piden-la-dimision-de-josep-costa-por-la-reunion-con-partidos-xenofobos\/#primaryimage"},"image":{"@id":"https:\/\/hotnewsinworld.com\/es\/los-comunes-tambien-piden-la-dimision-de-josep-costa-por-la-reunion-con-partidos-xenofobos\/#primaryimage"},"thumbnailUrl":"https:\/\/hotnewsinworld.com\/es\/wp-content\/uploads\/sites\/4\/2020\/12\/Los-comunes-tambien-piden-la-dimision-de-Josep-Costa-por.jpg","datePublished":"2020-12-07T12:17:48+00:00","dateModified":"2020-12-07T12:17:52+00:00","author":{"@id":"https:\/\/hotnewsinworld.com\/es\/#\/schema\/person\/fe61448b21c0d59086e75fcc1f9d8f6b"},"breadcrumb":{"@id":"https:\/\/hotnewsinworld.com\/es\/los-comunes-tambien-piden-la-dimision-de-josep-costa-por-la-reunion-con-partidos-xenofobos\/#breadcrumb"},"inLanguage":"es","potentialAction":[{"@type":"ReadAction","target":["https:\/\/hotnewsinworld.com\/es\/los-comunes-tambien-piden-la-dimision-de-josep-costa-por-la-reunion-con-partidos-xenofobos\/"]}]},{"@type":"ImageObject","inLanguage":"es","@id":"https:\/\/hotnewsinworld.com\/es\/los-comunes-tambien-piden-la-dimision-de-josep-costa-por-la-reunion-con-partidos-xenofobos\/#primaryimage","url":"https:\/\/hotnewsinworld.com\/es\/wp-content\/uploads\/sites\/4\/2020\/12\/Los-comunes-tambien-piden-la-dimision-de-Josep-Costa-por.jpg","contentUrl":"https:\/\/hotnewsinworld.com\/es\/wp-content\/uploads\/sites\/4\/2020\/12\/Los-comunes-tambien-piden-la-dimision-de-Josep-Costa-por.jpg","width":560,"height":329,"caption":"Los comunes tambi\u00e9n piden la dimisi\u00f3n de Josep Costa por la reuni\u00f3n con partidos xen\u00f3fobos"},{"@type":"BreadcrumbList","@id":"https:\/\/hotnewsinworld.com\/es\/los-comunes-tambien-piden-la-dimision-de-josep-costa-por-la-reunion-con-partidos-xenofobos\/#breadcrumb","itemListElement":[{"@type":"ListItem","position":1,"name":"\u0413\u043b\u0430\u0432\u043d\u0430\u044f \u0441\u0442\u0440\u0430\u043d\u0438\u0446\u0430","item":"https:\/\/hotnewsinworld.com\/es\/"},{"@type":"ListItem","position":2,"name":"Los comunes tambi\u00e9n piden la dimisi\u00f3n de Josep Costa por la reuni\u00f3n con partidos xen\u00f3fobos"}]},{"@type":"WebSite","@id":"https:\/\/hotnewsinworld.com\/es\/#website","url":"https:\/\/hotnewsinworld.com\/es\/","name":"Hot News in World","description":"Hot News in World from Spain","potentialAction":[{"@type":"SearchAction","target":{"@type":"EntryPoint","urlTemplate":"https:\/\/hotnewsinworld.com\/es\/?s={search_term_string}"},"query-input":{"@type":"PropertyValueSpecification","valueRequired":true,"valueName":"search_term_string"}}],"inLanguage":"es"},{"@type":"Person","@id":"https:\/\/hotnewsinworld.com\/es\/#\/schema\/person\/fe61448b21c0d59086e75fcc1f9d8f6b","name":"hotnewsinworld","image":{"@type":"ImageObject","inLanguage":"es","@id":"https:\/\/secure.gravatar.com\/avatar\/8a09ac165600ce2e1c38fe593c63928eb1e6e7ba5c5a907d67787c41b3d00c14?s=96&d=mm&r=g","url":"https:\/\/secure.gravatar.com\/avatar\/8a09ac165600ce2e1c38fe593c63928eb1e6e7ba5c5a907d67787c41b3d00c14?s=96&d=mm&r=g","contentUrl":"https:\/\/secure.gravatar.com\/avatar\/8a09ac165600ce2e1c38fe593c63928eb1e6e7ba5c5a907d67787c41b3d00c14?s=96&d=mm&r=g","caption":"hotnewsinworld"},"url":"https:\/\/hotnewsinworld.com\/es\/author\/pt\/"}]}},"_links":{"self":[{"href":"https:\/\/hotnewsinworld.com\/es\/wp-json\/wp\/v2\/posts\/1005","targetHints":{"allow":["GET"]}}],"collection":[{"href":"https:\/\/hotnewsinworld.com\/es\/wp-json\/wp\/v2\/posts"}],"about":[{"href":"https:\/\/hotnewsinworld.com\/es\/wp-json\/wp\/v2\/types\/post"}],"author":[{"embeddable":true,"href":"https:\/\/hotnewsinworld.com\/es\/wp-json\/wp\/v2\/users\/2"}],"replies":[{"embeddable":true,"href":"https:\/\/hotnewsinworld.com\/es\/wp-json\/wp\/v2\/comments?post=1005"}],"version-history":[{"count":1,"href":"https:\/\/hotnewsinworld.com\/es\/wp-json\/wp\/v2\/posts\/1005\/revisions"}],"predecessor-version":[{"id":1007,"href":"https:\/\/hotnewsinworld.com\/es\/wp-json\/wp\/v2\/posts\/1005\/revisions\/1007"}],"wp:featuredmedia":[{"embeddable":true,"href":"https:\/\/hotnewsinworld.com\/es\/wp-json\/wp\/v2\/media\/1006"}],"wp:attachment":[{"href":"https:\/\/hotnewsinworld.com\/es\/wp-json\/wp\/v2\/media?parent=1005"}],"wp:term":[{"taxonomy":"category","embeddable":true,"href":"https:\/\/hotnewsinworld.com\/es\/wp-json\/wp\/v2\/categories?post=1005"},{"taxonomy":"post_tag","embeddable":true,"href":"https:\/\/hotnewsinworld.com\/es\/wp-json\/wp\/v2\/tags?post=1005"}],"curies":[{"name":"wp","href":"https:\/\/api.w.org\/{rel}","templated":true}]}}