{"id":1059,"date":"2020-12-14T06:04:53","date_gmt":"2020-12-14T03:04:53","guid":{"rendered":"https:\/\/hotnewsinworld.com\/es\/los-ultras-de-trump-sacaremos-a-joe-biden-de-una-forma-u-otra\/"},"modified":"2020-12-14T06:04:55","modified_gmt":"2020-12-14T03:04:55","slug":"los-ultras-de-trump-sacaremos-a-joe-biden-de-una-forma-u-otra","status":"publish","type":"post","link":"https:\/\/hotnewsinworld.com\/es\/los-ultras-de-trump-sacaremos-a-joe-biden-de-una-forma-u-otra\/","title":{"rendered":"Los ultras de Trump: \u201cSacaremos a Joe Biden, de una forma u otra\u201d"},"content":{"rendered":"<p>Manifestantes trumpistas, en el exterior del Tribunal Supremo en Washington, este s\u00e1bado.OLIVIER DOULIERY \/ AFPMiles de manifestantes que se niegan a reconocer la victoria al presidente electo Joe Biden han llegado este s\u00e1bado hasta Washington para mostrar su apoyo a Donald Trump. Ante la fachada del Tribunal Supremo, el exconsejero de Seguridad Nacional Michael Flynn pidi\u00f3 a los presentes que contin\u00faen interponiendo demandas en sus Estados para detener el \u201cfraude electoral\u201d. El discurso cargado de acusaciones infundadas tuvo lugar un d\u00eda despu\u00e9s de que el m\u00e1ximo \u00f3rgano judicial, de mayor\u00eda conservadora, rechazara una demanda impulsada para anular los resultados en Georgia, Michigan, Pensilvania y Wisconsin. \u201cEl Supremo no va a decidir qui\u00e9n es el pr\u00f3ximo presidente, nosotros, el pueblo, lo haremos\u201d, sostuvo Flynn, que se declar\u00f3 culpable de falso testimonio al FBI en la investigaci\u00f3n de la trama rusa y recibi\u00f3 el perd\u00f3n del mandatario a finales de noviembre.Entre la muchedumbre ha habido unos vestidos de militares y otros con el atuendo caracter\u00edstico de los Proud Boys, un grupo de extrema derecha que el FBI vincula con el supremacismo blanco y la misoginia. El presidente de dicha organizaci\u00f3n se tom\u00f3 el tiempo incluso de acudir a un tour navide\u00f1o por la Casa Blanca. A mediod\u00eda en la plaza de la Libertad hab\u00eda muchas banderas de Trump y escasas mascarillas. El incendiario locutor radiof\u00f3nico, Alex Jones, subi\u00f3 al escenario para dar un peligroso discurso con aires \u00e9picos: \u201cSacaremos a Joe Biden, de una forma u otra\u201d. Amy Kremer, presidenta de Women for America First \u2015uno de los movimientos que convocaban la manifestaci\u00f3n\u2015 y cabeza del Tea Party, invit\u00f3 a los seguidores del republicano a \u201cpelear\u201d por el mandatario. \u201cEsto no se trata de que le quieren robar la elecci\u00f3n a Trump, nos la quieren robar a nosotros, el pueblo\u201d.Los fracasos de las demandas interpuestas ante los tribunales para disputar las elecciones o la conclusi\u00f3n de una coalici\u00f3n de autoridades federales y estatales de que los comicios del 3 de noviembre fueron los m\u00e1s seguros en la historia de Estados Unidos no han persuadido a los trumpistas m\u00e1s radicales mes y medio despu\u00e9s de la cita electoral. \u201cSi creen que Joe Biden va a llegar a la Casa Blanca es que no est\u00e1n prestando atenci\u00f3n\u201d, advirti\u00f3 en su discurso Katrina Pierson, exasesora principal de la campa\u00f1a de Trump. Entre gritos de \u201c\u00a1USA!, \u00a1USA!, \u00a1USA!\u201d, Pierson asegur\u00f3 que van a pelear como patriotas, \u201cno como liberales\u201d, aclarando que ni el FBI, ni la CIA, ni las redes sociales, ni los medios tradicionales, podr\u00e1n detenerlos. \u201cNo somos la resistencia, somos los patriotas que quieren defender la rep\u00fablica\u201d, agreg\u00f3.\u201cS\u00e9 que ha habido fraude electoral, he visto a la gente venir con declaraciones juradas y con demandas. He seguido todos los procedimientos judiciales de los que los medios no han estado informando y estoy aqu\u00ed porque amo a Estados Unidos\u201d, dijo Theresa Zibro. Para ella y el resto de manifestantes este s\u00e1bado en Washington el hecho de que la justicia no haya encontrado base para las acusaciones de Trump no basta. \u201cHay mucha corrupci\u00f3n entre los jueces y mucha corrupci\u00f3n en muchos \u00e1mbitos, pero los que creemos en la Constituci\u00f3n y en la democracia vamos a seguir luchando por ella. No solo los pr\u00f3ximos cuatro a\u00f1os, sino mientras estemos vivos\u201d.Michael, un ciudadano de origen ruso llegado a Estados Unidos en los a\u00f1os ochenta de Ronald Reagan, coincidi\u00f3 en que el proceso no hab\u00eda sido \u201cjusto\u201d. Si los jueces no hab\u00edan corroborado las supuestas irregularidades, se debe a \u201cla presi\u00f3n de los medios y las grandes tecnol\u00f3gicas\u201d. \u201cEl movimiento de Trump busca proteger a todas las personas\u201d ante los excesos del \u201cglobalismo\u201d. Y, a su juicio, \u201cdeber\u00eda imitarse en el resto del mundo\u201d.Trump celebr\u00f3 en Twitter la manifestaci\u00f3n para \u201cdetener el robo\u201d electoral. El mandatario afirm\u00f3 que no estaba al tanto de la protesta, aunque las cadenas de extrema derecha OANN o Newsmax TV, que el republicano ha promovido en la red social, la estuvieron publicitando como \u201cposiblemente el mayor evento en la historia de Washington\u201d. En la manifestaci\u00f3n trumpista del 14 de noviembre en la capital estadounidense el mandatario hizo una aparici\u00f3n desde el veh\u00edculo presidencial para saludar a sus seguidores. El Servicio de Parques Nacionales otorg\u00f3 un permiso a los organizadores para una manifestaci\u00f3n de 15.000 personas sobre \u201cintegridad electoral\u201d y la Segunda Enmienda, que protege el derecho del pueblo a tener y portar armas.Suscr\u00edbase aqu\u00ed a la newsletter sobre las elecciones en Estados Unidos<br \/>\n<br \/>\n<!--noindex--><br \/>\n<a href=\"https:\/\/elpais.com\/internacional\/elecciones-usa\/2020-12-12\/los-ultras-de-trump-sacaremos-a-joe-biden-de-una-forma-u-otra.html\" rel=\"nofollow\">Source link <\/a><br \/>\n<!--\/noindex--><\/p>\n","protected":false},"excerpt":{"rendered":"<p>Manifestantes trumpistas, en el exterior del Tribunal Supremo en Washington, este s\u00e1bado.OLIVIER DOULIERY \/ AFPMiles de manifestantes que se niegan a reconocer la victoria al presidente electo Joe Biden han llegado este s\u00e1bado hasta Washington para mostrar su apoyo a Donald Trump. Ante la fachada del Tribunal Supremo, el exconsejero de Seguridad Nacional Michael Flynn [&hellip;]<\/p>\n","protected":false},"author":2,"featured_media":1060,"comment_status":"open","ping_status":"open","sticky":false,"template":"","format":"standard","meta":{"footnotes":""},"categories":[3],"tags":[],"class_list":["post-1059","post","type-post","status-publish","format-standard","has-post-thumbnail","hentry","category-noticias-de-medios-sociales"],"yoast_head":"<!-- This site is optimized with the Yoast SEO plugin v27.4 - https:\/\/yoast.com\/product\/yoast-seo-wordpress\/ -->\n<title>Los ultras de Trump: \u201cSacaremos a Joe Biden, de una forma u otra\u201d - Hot News in World<\/title>\n<meta name=\"robots\" content=\"index, follow, max-snippet:-1, max-image-preview:large, max-video-preview:-1\" \/>\n<link rel=\"canonical\" href=\"https:\/\/hotnewsinworld.com\/es\/los-ultras-de-trump-sacaremos-a-joe-biden-de-una-forma-u-otra\/\" \/>\n<meta property=\"og:locale\" content=\"es_ES\" \/>\n<meta property=\"og:type\" content=\"article\" \/>\n<meta property=\"og:title\" content=\"Los ultras de Trump: \u201cSacaremos a Joe Biden, de una forma u otra\u201d - Hot News in World\" \/>\n<meta property=\"og:description\" content=\"Manifestantes trumpistas, en el exterior del Tribunal Supremo en Washington, este s\u00e1bado.OLIVIER DOULIERY \/ AFPMiles de manifestantes que se niegan a reconocer la victoria al presidente electo Joe Biden han llegado este s\u00e1bado hasta Washington para mostrar su apoyo a Donald Trump. Ante la fachada del Tribunal Supremo, el exconsejero de Seguridad Nacional Michael Flynn [&hellip;]\" \/>\n<meta property=\"og:url\" content=\"https:\/\/hotnewsinworld.com\/es\/los-ultras-de-trump-sacaremos-a-joe-biden-de-una-forma-u-otra\/\" \/>\n<meta property=\"og:site_name\" content=\"Hot News in World\" \/>\n<meta property=\"article:published_time\" content=\"2020-12-14T03:04:53+00:00\" \/>\n<meta property=\"article:modified_time\" content=\"2020-12-14T03:04:55+00:00\" \/>\n<meta property=\"og:image\" content=\"https:\/\/hotnewsinworld.com\/es\/wp-content\/uploads\/sites\/4\/2020\/12\/Los-ultras-de-Trump-Sacaremos-a-Joe-Biden-de-una.jpg\" \/>\n\t<meta property=\"og:image:width\" content=\"1000\" \/>\n\t<meta property=\"og:image:height\" content=\"708\" \/>\n\t<meta property=\"og:image:type\" content=\"image\/jpeg\" \/>\n<meta name=\"author\" content=\"hotnewsinworld\" \/>\n<meta name=\"twitter:card\" content=\"summary_large_image\" \/>\n<meta name=\"twitter:label1\" content=\"Escrito por\" \/>\n\t<meta name=\"twitter:data1\" content=\"hotnewsinworld\" \/>\n\t<meta name=\"twitter:label2\" content=\"Tiempo de lectura\" \/>\n\t<meta name=\"twitter:data2\" content=\"4 minutos\" \/>\n<script type=\"application\/ld+json\" class=\"yoast-schema-graph\">{\"@context\":\"https:\\\/\\\/schema.org\",\"@graph\":[{\"@type\":\"Article\",\"@id\":\"https:\\\/\\\/hotnewsinworld.com\\\/es\\\/los-ultras-de-trump-sacaremos-a-joe-biden-de-una-forma-u-otra\\\/#article\",\"isPartOf\":{\"@id\":\"https:\\\/\\\/hotnewsinworld.com\\\/es\\\/los-ultras-de-trump-sacaremos-a-joe-biden-de-una-forma-u-otra\\\/\"},\"author\":{\"name\":\"hotnewsinworld\",\"@id\":\"https:\\\/\\\/hotnewsinworld.com\\\/es\\\/#\\\/schema\\\/person\\\/fe61448b21c0d59086e75fcc1f9d8f6b\"},\"headline\":\"Los ultras de Trump: \u201cSacaremos a Joe Biden, de una forma u otra\u201d\",\"datePublished\":\"2020-12-14T03:04:53+00:00\",\"dateModified\":\"2020-12-14T03:04:55+00:00\",\"mainEntityOfPage\":{\"@id\":\"https:\\\/\\\/hotnewsinworld.com\\\/es\\\/los-ultras-de-trump-sacaremos-a-joe-biden-de-una-forma-u-otra\\\/\"},\"wordCount\":805,\"commentCount\":0,\"image\":{\"@id\":\"https:\\\/\\\/hotnewsinworld.com\\\/es\\\/los-ultras-de-trump-sacaremos-a-joe-biden-de-una-forma-u-otra\\\/#primaryimage\"},\"thumbnailUrl\":\"https:\\\/\\\/hotnewsinworld.com\\\/es\\\/wp-content\\\/uploads\\\/sites\\\/4\\\/2020\\\/12\\\/Los-ultras-de-Trump-Sacaremos-a-Joe-Biden-de-una.jpg\",\"articleSection\":[\"NOTICIAS DE MEDIOS SOCIALES\"],\"inLanguage\":\"es\",\"potentialAction\":[{\"@type\":\"CommentAction\",\"name\":\"Comment\",\"target\":[\"https:\\\/\\\/hotnewsinworld.com\\\/es\\\/los-ultras-de-trump-sacaremos-a-joe-biden-de-una-forma-u-otra\\\/#respond\"]}]},{\"@type\":\"WebPage\",\"@id\":\"https:\\\/\\\/hotnewsinworld.com\\\/es\\\/los-ultras-de-trump-sacaremos-a-joe-biden-de-una-forma-u-otra\\\/\",\"url\":\"https:\\\/\\\/hotnewsinworld.com\\\/es\\\/los-ultras-de-trump-sacaremos-a-joe-biden-de-una-forma-u-otra\\\/\",\"name\":\"Los ultras de Trump: \u201cSacaremos a Joe Biden, de una forma u otra\u201d - Hot News in World\",\"isPartOf\":{\"@id\":\"https:\\\/\\\/hotnewsinworld.com\\\/es\\\/#website\"},\"primaryImageOfPage\":{\"@id\":\"https:\\\/\\\/hotnewsinworld.com\\\/es\\\/los-ultras-de-trump-sacaremos-a-joe-biden-de-una-forma-u-otra\\\/#primaryimage\"},\"image\":{\"@id\":\"https:\\\/\\\/hotnewsinworld.com\\\/es\\\/los-ultras-de-trump-sacaremos-a-joe-biden-de-una-forma-u-otra\\\/#primaryimage\"},\"thumbnailUrl\":\"https:\\\/\\\/hotnewsinworld.com\\\/es\\\/wp-content\\\/uploads\\\/sites\\\/4\\\/2020\\\/12\\\/Los-ultras-de-Trump-Sacaremos-a-Joe-Biden-de-una.jpg\",\"datePublished\":\"2020-12-14T03:04:53+00:00\",\"dateModified\":\"2020-12-14T03:04:55+00:00\",\"author\":{\"@id\":\"https:\\\/\\\/hotnewsinworld.com\\\/es\\\/#\\\/schema\\\/person\\\/fe61448b21c0d59086e75fcc1f9d8f6b\"},\"breadcrumb\":{\"@id\":\"https:\\\/\\\/hotnewsinworld.com\\\/es\\\/los-ultras-de-trump-sacaremos-a-joe-biden-de-una-forma-u-otra\\\/#breadcrumb\"},\"inLanguage\":\"es\",\"potentialAction\":[{\"@type\":\"ReadAction\",\"target\":[\"https:\\\/\\\/hotnewsinworld.com\\\/es\\\/los-ultras-de-trump-sacaremos-a-joe-biden-de-una-forma-u-otra\\\/\"]}]},{\"@type\":\"ImageObject\",\"inLanguage\":\"es\",\"@id\":\"https:\\\/\\\/hotnewsinworld.com\\\/es\\\/los-ultras-de-trump-sacaremos-a-joe-biden-de-una-forma-u-otra\\\/#primaryimage\",\"url\":\"https:\\\/\\\/hotnewsinworld.com\\\/es\\\/wp-content\\\/uploads\\\/sites\\\/4\\\/2020\\\/12\\\/Los-ultras-de-Trump-Sacaremos-a-Joe-Biden-de-una.jpg\",\"contentUrl\":\"https:\\\/\\\/hotnewsinworld.com\\\/es\\\/wp-content\\\/uploads\\\/sites\\\/4\\\/2020\\\/12\\\/Los-ultras-de-Trump-Sacaremos-a-Joe-Biden-de-una.jpg\",\"width\":1000,\"height\":708,\"caption\":\"Los ultras de Trump: \u201cSacaremos a Joe Biden, de una forma u otra\u201d\"},{\"@type\":\"BreadcrumbList\",\"@id\":\"https:\\\/\\\/hotnewsinworld.com\\\/es\\\/los-ultras-de-trump-sacaremos-a-joe-biden-de-una-forma-u-otra\\\/#breadcrumb\",\"itemListElement\":[{\"@type\":\"ListItem\",\"position\":1,\"name\":\"\u0413\u043b\u0430\u0432\u043d\u0430\u044f \u0441\u0442\u0440\u0430\u043d\u0438\u0446\u0430\",\"item\":\"https:\\\/\\\/hotnewsinworld.com\\\/es\\\/\"},{\"@type\":\"ListItem\",\"position\":2,\"name\":\"Los ultras de Trump: \u201cSacaremos a Joe Biden, de una forma u otra\u201d\"}]},{\"@type\":\"WebSite\",\"@id\":\"https:\\\/\\\/hotnewsinworld.com\\\/es\\\/#website\",\"url\":\"https:\\\/\\\/hotnewsinworld.com\\\/es\\\/\",\"name\":\"Hot News in World\",\"description\":\"Hot News in World from Spain\",\"potentialAction\":[{\"@type\":\"SearchAction\",\"target\":{\"@type\":\"EntryPoint\",\"urlTemplate\":\"https:\\\/\\\/hotnewsinworld.com\\\/es\\\/?s={search_term_string}\"},\"query-input\":{\"@type\":\"PropertyValueSpecification\",\"valueRequired\":true,\"valueName\":\"search_term_string\"}}],\"inLanguage\":\"es\"},{\"@type\":\"Person\",\"@id\":\"https:\\\/\\\/hotnewsinworld.com\\\/es\\\/#\\\/schema\\\/person\\\/fe61448b21c0d59086e75fcc1f9d8f6b\",\"name\":\"hotnewsinworld\",\"image\":{\"@type\":\"ImageObject\",\"inLanguage\":\"es\",\"@id\":\"https:\\\/\\\/secure.gravatar.com\\\/avatar\\\/8a09ac165600ce2e1c38fe593c63928eb1e6e7ba5c5a907d67787c41b3d00c14?s=96&d=mm&r=g\",\"url\":\"https:\\\/\\\/secure.gravatar.com\\\/avatar\\\/8a09ac165600ce2e1c38fe593c63928eb1e6e7ba5c5a907d67787c41b3d00c14?s=96&d=mm&r=g\",\"contentUrl\":\"https:\\\/\\\/secure.gravatar.com\\\/avatar\\\/8a09ac165600ce2e1c38fe593c63928eb1e6e7ba5c5a907d67787c41b3d00c14?s=96&d=mm&r=g\",\"caption\":\"hotnewsinworld\"},\"url\":\"https:\\\/\\\/hotnewsinworld.com\\\/es\\\/author\\\/pt\\\/\"}]}<\/script>\n<!-- \/ Yoast SEO plugin. -->","yoast_head_json":{"title":"Los ultras de Trump: \u201cSacaremos a Joe Biden, de una forma u otra\u201d - Hot News in World","robots":{"index":"index","follow":"follow","max-snippet":"max-snippet:-1","max-image-preview":"max-image-preview:large","max-video-preview":"max-video-preview:-1"},"canonical":"https:\/\/hotnewsinworld.com\/es\/los-ultras-de-trump-sacaremos-a-joe-biden-de-una-forma-u-otra\/","og_locale":"es_ES","og_type":"article","og_title":"Los ultras de Trump: \u201cSacaremos a Joe Biden, de una forma u otra\u201d - Hot News in World","og_description":"Manifestantes trumpistas, en el exterior del Tribunal Supremo en Washington, este s\u00e1bado.OLIVIER DOULIERY \/ AFPMiles de manifestantes que se niegan a reconocer la victoria al presidente electo Joe Biden han llegado este s\u00e1bado hasta Washington para mostrar su apoyo a Donald Trump. Ante la fachada del Tribunal Supremo, el exconsejero de Seguridad Nacional Michael Flynn [&hellip;]","og_url":"https:\/\/hotnewsinworld.com\/es\/los-ultras-de-trump-sacaremos-a-joe-biden-de-una-forma-u-otra\/","og_site_name":"Hot News in World","article_published_time":"2020-12-14T03:04:53+00:00","article_modified_time":"2020-12-14T03:04:55+00:00","og_image":[{"width":1000,"height":708,"url":"https:\/\/hotnewsinworld.com\/es\/wp-content\/uploads\/sites\/4\/2020\/12\/Los-ultras-de-Trump-Sacaremos-a-Joe-Biden-de-una.jpg","type":"image\/jpeg"}],"author":"hotnewsinworld","twitter_card":"summary_large_image","twitter_misc":{"Escrito por":"hotnewsinworld","Tiempo de lectura":"4 minutos"},"schema":{"@context":"https:\/\/schema.org","@graph":[{"@type":"Article","@id":"https:\/\/hotnewsinworld.com\/es\/los-ultras-de-trump-sacaremos-a-joe-biden-de-una-forma-u-otra\/#article","isPartOf":{"@id":"https:\/\/hotnewsinworld.com\/es\/los-ultras-de-trump-sacaremos-a-joe-biden-de-una-forma-u-otra\/"},"author":{"name":"hotnewsinworld","@id":"https:\/\/hotnewsinworld.com\/es\/#\/schema\/person\/fe61448b21c0d59086e75fcc1f9d8f6b"},"headline":"Los ultras de Trump: \u201cSacaremos a Joe Biden, de una forma u otra\u201d","datePublished":"2020-12-14T03:04:53+00:00","dateModified":"2020-12-14T03:04:55+00:00","mainEntityOfPage":{"@id":"https:\/\/hotnewsinworld.com\/es\/los-ultras-de-trump-sacaremos-a-joe-biden-de-una-forma-u-otra\/"},"wordCount":805,"commentCount":0,"image":{"@id":"https:\/\/hotnewsinworld.com\/es\/los-ultras-de-trump-sacaremos-a-joe-biden-de-una-forma-u-otra\/#primaryimage"},"thumbnailUrl":"https:\/\/hotnewsinworld.com\/es\/wp-content\/uploads\/sites\/4\/2020\/12\/Los-ultras-de-Trump-Sacaremos-a-Joe-Biden-de-una.jpg","articleSection":["NOTICIAS DE MEDIOS SOCIALES"],"inLanguage":"es","potentialAction":[{"@type":"CommentAction","name":"Comment","target":["https:\/\/hotnewsinworld.com\/es\/los-ultras-de-trump-sacaremos-a-joe-biden-de-una-forma-u-otra\/#respond"]}]},{"@type":"WebPage","@id":"https:\/\/hotnewsinworld.com\/es\/los-ultras-de-trump-sacaremos-a-joe-biden-de-una-forma-u-otra\/","url":"https:\/\/hotnewsinworld.com\/es\/los-ultras-de-trump-sacaremos-a-joe-biden-de-una-forma-u-otra\/","name":"Los ultras de Trump: \u201cSacaremos a Joe Biden, de una forma u otra\u201d - Hot News in World","isPartOf":{"@id":"https:\/\/hotnewsinworld.com\/es\/#website"},"primaryImageOfPage":{"@id":"https:\/\/hotnewsinworld.com\/es\/los-ultras-de-trump-sacaremos-a-joe-biden-de-una-forma-u-otra\/#primaryimage"},"image":{"@id":"https:\/\/hotnewsinworld.com\/es\/los-ultras-de-trump-sacaremos-a-joe-biden-de-una-forma-u-otra\/#primaryimage"},"thumbnailUrl":"https:\/\/hotnewsinworld.com\/es\/wp-content\/uploads\/sites\/4\/2020\/12\/Los-ultras-de-Trump-Sacaremos-a-Joe-Biden-de-una.jpg","datePublished":"2020-12-14T03:04:53+00:00","dateModified":"2020-12-14T03:04:55+00:00","author":{"@id":"https:\/\/hotnewsinworld.com\/es\/#\/schema\/person\/fe61448b21c0d59086e75fcc1f9d8f6b"},"breadcrumb":{"@id":"https:\/\/hotnewsinworld.com\/es\/los-ultras-de-trump-sacaremos-a-joe-biden-de-una-forma-u-otra\/#breadcrumb"},"inLanguage":"es","potentialAction":[{"@type":"ReadAction","target":["https:\/\/hotnewsinworld.com\/es\/los-ultras-de-trump-sacaremos-a-joe-biden-de-una-forma-u-otra\/"]}]},{"@type":"ImageObject","inLanguage":"es","@id":"https:\/\/hotnewsinworld.com\/es\/los-ultras-de-trump-sacaremos-a-joe-biden-de-una-forma-u-otra\/#primaryimage","url":"https:\/\/hotnewsinworld.com\/es\/wp-content\/uploads\/sites\/4\/2020\/12\/Los-ultras-de-Trump-Sacaremos-a-Joe-Biden-de-una.jpg","contentUrl":"https:\/\/hotnewsinworld.com\/es\/wp-content\/uploads\/sites\/4\/2020\/12\/Los-ultras-de-Trump-Sacaremos-a-Joe-Biden-de-una.jpg","width":1000,"height":708,"caption":"Los ultras de Trump: \u201cSacaremos a Joe Biden, de una forma u otra\u201d"},{"@type":"BreadcrumbList","@id":"https:\/\/hotnewsinworld.com\/es\/los-ultras-de-trump-sacaremos-a-joe-biden-de-una-forma-u-otra\/#breadcrumb","itemListElement":[{"@type":"ListItem","position":1,"name":"\u0413\u043b\u0430\u0432\u043d\u0430\u044f \u0441\u0442\u0440\u0430\u043d\u0438\u0446\u0430","item":"https:\/\/hotnewsinworld.com\/es\/"},{"@type":"ListItem","position":2,"name":"Los ultras de Trump: \u201cSacaremos a Joe Biden, de una forma u otra\u201d"}]},{"@type":"WebSite","@id":"https:\/\/hotnewsinworld.com\/es\/#website","url":"https:\/\/hotnewsinworld.com\/es\/","name":"Hot News in World","description":"Hot News in World from Spain","potentialAction":[{"@type":"SearchAction","target":{"@type":"EntryPoint","urlTemplate":"https:\/\/hotnewsinworld.com\/es\/?s={search_term_string}"},"query-input":{"@type":"PropertyValueSpecification","valueRequired":true,"valueName":"search_term_string"}}],"inLanguage":"es"},{"@type":"Person","@id":"https:\/\/hotnewsinworld.com\/es\/#\/schema\/person\/fe61448b21c0d59086e75fcc1f9d8f6b","name":"hotnewsinworld","image":{"@type":"ImageObject","inLanguage":"es","@id":"https:\/\/secure.gravatar.com\/avatar\/8a09ac165600ce2e1c38fe593c63928eb1e6e7ba5c5a907d67787c41b3d00c14?s=96&d=mm&r=g","url":"https:\/\/secure.gravatar.com\/avatar\/8a09ac165600ce2e1c38fe593c63928eb1e6e7ba5c5a907d67787c41b3d00c14?s=96&d=mm&r=g","contentUrl":"https:\/\/secure.gravatar.com\/avatar\/8a09ac165600ce2e1c38fe593c63928eb1e6e7ba5c5a907d67787c41b3d00c14?s=96&d=mm&r=g","caption":"hotnewsinworld"},"url":"https:\/\/hotnewsinworld.com\/es\/author\/pt\/"}]}},"_links":{"self":[{"href":"https:\/\/hotnewsinworld.com\/es\/wp-json\/wp\/v2\/posts\/1059","targetHints":{"allow":["GET"]}}],"collection":[{"href":"https:\/\/hotnewsinworld.com\/es\/wp-json\/wp\/v2\/posts"}],"about":[{"href":"https:\/\/hotnewsinworld.com\/es\/wp-json\/wp\/v2\/types\/post"}],"author":[{"embeddable":true,"href":"https:\/\/hotnewsinworld.com\/es\/wp-json\/wp\/v2\/users\/2"}],"replies":[{"embeddable":true,"href":"https:\/\/hotnewsinworld.com\/es\/wp-json\/wp\/v2\/comments?post=1059"}],"version-history":[{"count":1,"href":"https:\/\/hotnewsinworld.com\/es\/wp-json\/wp\/v2\/posts\/1059\/revisions"}],"predecessor-version":[{"id":1061,"href":"https:\/\/hotnewsinworld.com\/es\/wp-json\/wp\/v2\/posts\/1059\/revisions\/1061"}],"wp:featuredmedia":[{"embeddable":true,"href":"https:\/\/hotnewsinworld.com\/es\/wp-json\/wp\/v2\/media\/1060"}],"wp:attachment":[{"href":"https:\/\/hotnewsinworld.com\/es\/wp-json\/wp\/v2\/media?parent=1059"}],"wp:term":[{"taxonomy":"category","embeddable":true,"href":"https:\/\/hotnewsinworld.com\/es\/wp-json\/wp\/v2\/categories?post=1059"},{"taxonomy":"post_tag","embeddable":true,"href":"https:\/\/hotnewsinworld.com\/es\/wp-json\/wp\/v2\/tags?post=1059"}],"curies":[{"name":"wp","href":"https:\/\/api.w.org\/{rel}","templated":true}]}}