{"id":1144,"date":"2020-12-27T12:12:55","date_gmt":"2020-12-27T09:12:55","guid":{"rendered":"https:\/\/hotnewsinworld.com\/es\/anne-igartiburu-a-los-51-anos-me-queda-por-hacer-mas-mermeladas-y-mas-el-amor\/"},"modified":"2020-12-27T12:13:02","modified_gmt":"2020-12-27T09:13:02","slug":"anne-igartiburu-a-los-51-anos-me-queda-por-hacer-mas-mermeladas-y-mas-el-amor","status":"publish","type":"post","link":"https:\/\/hotnewsinworld.com\/es\/anne-igartiburu-a-los-51-anos-me-queda-por-hacer-mas-mermeladas-y-mas-el-amor\/","title":{"rendered":"Anne Igartiburu: \u201cA los 51 a\u00f1os me queda por hacer m\u00e1s mermeladas y m\u00e1s el amor\u201d"},"content":{"rendered":"<p>Ocurre pocas veces, pero la sensaci\u00f3n es siempre la misma. Quedas con alguien megafamoso, y, al verlo cara a cara, es tan como te lo imaginas, que lo ins\u00f3lito es que \u00e9l, o ella, no te conozca con pelos y se\u00f1ales como t\u00fa a ella, o a \u00e9l. Igartiburu no es solo popular. Es, quiz\u00e1, la mujer que m\u00e1s familiar nos resulta en Espa\u00f1a. Lleva un cuarto de siglo col\u00e1ndosenos hasta la cocina, sobre todo en la cocina y a la hora de comer, desde su programa Coraz\u00f3n, Coraz\u00f3n, y 16 a\u00f1os, uno detr\u00e1s de otro, tomando con nosotros las uvas de Nochevieja en la tele. Y, s\u00ed, es tan alta, tan rubia y con los ojos tan azul\u00edsimos, pero mucho m\u00e1s normal y colega que su pluscuamperfecta imagen de maestra de todas las ceremonias. No se puede impostar amabilidad tan genuina.Hola, coraz\u00f3nHola, coraz\u00f3n m\u00edo.\u00bfCu\u00e1nto dice esa frase para estampar en camisetas?Bueno, soy vasca, t\u00fa sabes. Podr\u00eda decir hola, guapos, espont\u00e1neamente, pero jam\u00e1s esa frase. Mi director, Miguel Cruz, me dijo en el 97, nena, tienes que decir, \u2018hola, corazones\u2019, le hice caso un poco a rega\u00f1adientes y 25 a\u00f1os despu\u00e9s, y cinco despu\u00e9s de haberla dejado de decir en antena, t\u00fa te acuerdas. Algo habremos hecho bien.No me la imagino soltando un taco. \u00bfLe molesta su fama de cursi?En absoluto. Nos encanta etiquetar a la gente. He sido tan vers\u00e1til que he podido tener mi parte cursi, \u00f1o\u00f1a y recatada, si quieres, pero tambi\u00e9n la que tiene su car\u00e1cter, porque soy de donde soy, la de dar alg\u00fan pu\u00f1etazo sobre la mesa y dejar las cosas claras sobre c\u00f3mo me gusta trabajar. Esa tambi\u00e9n soy, y no me ha ido mal.Igual es una etiqueta c\u00f3moda, as\u00ed no tiene que dar explicaciones.Es que tampoco nadie me las ha pedido. Nadie se ha preocupado por ver m\u00e1s all\u00e1. Se quedan en que soy Anne, la del coraz\u00f3n, la de Mira quien baila, pues guay. Pero tambi\u00e9n soy la madre de familia numerosa, la inquieta cultural, la fr\u00edvola, la cascarrabias. Y en el trabajo soy profesional. Eso te lo aseguro.\u00bfPor qu\u00e9 nos gusta tanto la vida de los otros, coraz\u00f3n?La cr\u00f3nica social ha estado denostada, pero al final es entretenimiento e informaci\u00f3n sobre famosos. Nos gusta verles crecer, emocionarnos, identificarnos con ellos, ver que tambi\u00e9n r\u00eden y lloran, que no somos tan distintos. Con los a\u00f1os te das cuenta de que entretienes, informas y acompa\u00f1as, y la gente te considera casi de la familia. La vida, la muerte, el amor y el desamor mueven el mundo.Su madre, voluntaria de ayuda en crisis, muri\u00f3 en un accidente de helic\u00f3ptero siendo m\u00e1s joven que usted ahora. \u00bfQu\u00e9 le dir\u00eda hoy su hija de 51 a\u00f1os?Pues que cada d\u00eda me veo m\u00e1s reflejada en ella. Me pasa desde hace tiempo: caminando por Bilbao, o Madrid, verme en los escaparates y ver a mi madre. Que cada vez entiendo m\u00e1s cosas que quedaron en el aire. Que la idolatraba. Que soy ella, orgullosamente ella: maestra de escuela, hija de libreros, feminista empedernida.Dos hijas adoptadas sola, un hijo biol\u00f3gico a los 47&#8230; \u00bfSu familia es su gran obra personal?S\u00ed, y es una declaraci\u00f3n de intenciones, la verdad. Una maternidad elegida, cada vez. Una adopci\u00f3n que tard\u00f3 cuatro a\u00f1os. Con ni\u00f1as con patolog\u00edas distintas. No las he adoptado yo a ellas, sino ellas a m\u00ed. Yo las he acogido, y ellas me han acogido en su coraz\u00f3n, sabiendo que han sido queridas, elegidas y buscadas. Y el peque\u00f1o vino cuando tuvo que venir, ha sido natural y precioso.En las fotos se la ve arrobada con su pareja. \u00bfSe enamora una igual a los 20 que a los 45?No. A los 20, estaba m\u00e1s insegura. No quiere decir que no haya elegido a los 20, pero a los 45, he tenido la inmensa suerte de poder elegir, y eso es m\u00e1s dif\u00edcil.Muchas se sienten m\u00e1s inseguras f\u00edsicamente seg\u00fan envejecen.S\u00ed, y eso es un t\u00f3pico. La sociedad se ha encargado de hacernos olvidar que somos m\u00e1s sabias y bellas cuantos m\u00e1s a\u00f1os tenemos.\u00bfSe ve mejor que a los 20?A ver, creo que he sido m\u00e1s bonita f\u00edsicamente, hac\u00eda m\u00e1s deporte, me ve\u00eda m\u00e1s lustrosa. He ganado en sabidur\u00eda, consciencia, temple, sentido del humor, en priorizar las cosas. Pero nunca ser\u00e9 m\u00e1s joven que hoy, as\u00ed que a disfrutarlo. Adem\u00e1s, \u00bfd\u00f3nde est\u00e1 el c\u00e1non del atractivo?\u00bfQu\u00e9 te voy a contar, guapa? [pone acento andaluz \u2014\u201cgrana\u00edno\u201d, precisa\u2014 imitando al de su pareja, el director de orquesta Pablo Heras-Casado].Usted vasca de Bilbao y \u00e9l andaluz de Granada. Lo suyo parece un cap\u00edtulo de \u2018Arriba y abajo\u2019.Exacto. Pero es tan bonito. Disfruto mucho en su tierra y con su gente. Es tan distinto y tan parecido a la vez. Las relaciones de jerarqu\u00eda en las familias, el trato familiar, la alimentaci\u00f3n&#8230;Euskadi es un matriarcado, dicen. \u00bfQui\u00e9n manda en su casa?El mundo es un matriarcado, no se te olvide. Yo soy la jefa de mi tribu. Y llamo tribu a mi familia porque suena a uni\u00f3n. Somos una tribu porque, viniendo de lugares distintos, tenemos la misma identidad y nos queremos juntos.\u00bfHasta d\u00f3nde est\u00e1 de que comparen su vestido de las uvas con el de otras presentadoras?Forma parte del juego. Siempre me he vestido como me ha apetecido. Y si voy m\u00e1s o menos tapada no es cuesti\u00f3n de pudor. He hecho una portada de Intervi\u00fa, he llevado transparencias. Cada una tiene su estilo y hace lo que le da la gana, solo faltar\u00eda.Lleva 30 a\u00f1os en la tele. \u00bfCu\u00e1nto machista ha tenido que torear?Que yo sepa, siempre he cobrado lo mismo que los hombres. Pero salir de un despacho, que te dieran un tel\u00e9fono por si quer\u00edas llamar, y t\u00fa contestar que te estaba esperando el novio abajo, creo que nos ha pasado a muchas de nuestra edad. Eran otras \u00e9pocas.Dar\u00e1 las uvas con Ana Obreg\u00f3n. \u00bfQui\u00e9n sujetar\u00e1 a qui\u00e9n?Ella es fuerte, muy fuerte. Y emocionalmente muy inteligente. No quita para que, si flaquea, estemos todos para todos y al quite. Pero estoy segura de que nos sorprender\u00e1 con su entereza.\u00bfUsted a qui\u00e9n a\u00f1orar\u00e1?A los vivos los puedes ver en otro momento, pero una nunca se acostumbra a la silla vac\u00eda. De hecho, sigo haciendo el men\u00fa que hac\u00eda mi madre en Nochevieja y me lo llevo a la Puerta del Sol. Soy vegana desde hace un a\u00f1o, pero har\u00e9 la tortilla de patata que me hac\u00eda de ni\u00f1a, y mi jam\u00f3n, mi vino tinto, mi turr\u00f3n de Bilbao, de la calle Correos, donde estaba la librer\u00eda de mi familia. Sigo honr\u00e1ndola, claro que s\u00ed. Vive en m\u00ed.Nochevieja invita al balance. \u00bfCu\u00e1l es el suyo a su medio siglo?Con la pandemia yo creo que todos hemos hecho todos un poco balance. He pensado: qu\u00e9 he hecho, qu\u00e9 me falta, si ma\u00f1ana echan la persiana, c\u00f3mo voy en la vida, de 0 a 10. Y me doy un 7 alto. Me faltar\u00eda, quiz\u00e1, hacer m\u00e1s mermeladas y m\u00e1s el amor. Pero he viajado, he conocido gente fascinante, he criado a unos hijos como quer\u00eda, he honrado a las personas y a las cosas que me gustan. He amado y me han amado mucho, y me lo han demostrado. S\u00ed, sobre todo viendo lo de alrededor, me doy un notable. No me quejo.LA MUJER DE ROJODe rojo y de Lorenzo Caprile. \u00a1Notici\u00f3n! As\u00ed vestida presentar\u00e1 Anne Igartiburu (Bilbao, 51 a\u00f1os) las campanadas de despedida de este aciago 2020 en Televisi\u00f3n Espa\u00f1ola junto a Ana Obreg\u00f3n. Un a\u00f1o en el que, espoleada por la s\u00fabita inactividad de la pandemia, ha decidido saltar tambi\u00e9n a la comunicaci\u00f3n digital abriendo un canal de Youtube donde, despu\u00e9s de formarse como &#8216;coach&#8217; durante a\u00f1os, se \u00abatreve\u00bb a entrevistar a celebridades y dar pautas de meditaci\u00f3n y vida sana que a ella, dice, le funcionan. Madre de familia numerosa -dos hijas mayores asi\u00e1ticas adoptadas, un hijo biol\u00f3gico de cuatro a\u00f1os y una hija de acogida- y felizmente emparejada con el director de orquesta Pablo Heras-Casado, al que conoci\u00f3 en una entrevista, la eterna presentadora de &#8216;Coraz\u00f3n, coraz\u00f3n&#8217;, sabe mejor que nadie cu\u00e1nto interesan las vidas de los otros y no rehuye preguntas al respecto. Solo las torea elegantemente. Tiene treinta a\u00f1osde experiencia.<br \/>\n<br \/>\n<!--noindex--><br \/>\n<a href=\"https:\/\/elpais.com\/television\/2020-12-26\/anne-igartiburu-a-los-51-anos-me-queda-por-hacer-mas-mermeladas-y-mas-el-amor.html\" rel=\"nofollow\">Source link <\/a><br \/>\n<!--\/noindex--><\/p>\n","protected":false},"excerpt":{"rendered":"<p>Ocurre pocas veces, pero la sensaci\u00f3n es siempre la misma. Quedas con alguien megafamoso, y, al verlo cara a cara, es tan como te lo imaginas, que lo ins\u00f3lito es que \u00e9l, o ella, no te conozca con pelos y se\u00f1ales como t\u00fa a ella, o a \u00e9l. Igartiburu no es solo popular. Es, quiz\u00e1, [&hellip;]<\/p>\n","protected":false},"author":2,"featured_media":1145,"comment_status":"open","ping_status":"open","sticky":false,"template":"","format":"standard","meta":{"footnotes":""},"categories":[3],"tags":[],"class_list":["post-1144","post","type-post","status-publish","format-standard","has-post-thumbnail","hentry","category-noticias-de-medios-sociales"],"yoast_head":"<!-- This site is optimized with the Yoast SEO plugin v27.4 - https:\/\/yoast.com\/product\/yoast-seo-wordpress\/ -->\n<title>Anne Igartiburu: \u201cA los 51 a\u00f1os me queda por hacer m\u00e1s mermeladas y m\u00e1s el amor\u201d - Hot News in World<\/title>\n<meta name=\"robots\" content=\"index, follow, max-snippet:-1, max-image-preview:large, max-video-preview:-1\" \/>\n<link rel=\"canonical\" href=\"https:\/\/hotnewsinworld.com\/es\/anne-igartiburu-a-los-51-anos-me-queda-por-hacer-mas-mermeladas-y-mas-el-amor\/\" \/>\n<meta property=\"og:locale\" content=\"es_ES\" \/>\n<meta property=\"og:type\" content=\"article\" \/>\n<meta property=\"og:title\" content=\"Anne Igartiburu: \u201cA los 51 a\u00f1os me queda por hacer m\u00e1s mermeladas y m\u00e1s el amor\u201d - Hot News in World\" \/>\n<meta property=\"og:description\" content=\"Ocurre pocas veces, pero la sensaci\u00f3n es siempre la misma. Quedas con alguien megafamoso, y, al verlo cara a cara, es tan como te lo imaginas, que lo ins\u00f3lito es que \u00e9l, o ella, no te conozca con pelos y se\u00f1ales como t\u00fa a ella, o a \u00e9l. Igartiburu no es solo popular. Es, quiz\u00e1, [&hellip;]\" \/>\n<meta property=\"og:url\" content=\"https:\/\/hotnewsinworld.com\/es\/anne-igartiburu-a-los-51-anos-me-queda-por-hacer-mas-mermeladas-y-mas-el-amor\/\" \/>\n<meta property=\"og:site_name\" content=\"Hot News in World\" \/>\n<meta property=\"article:published_time\" content=\"2020-12-27T09:12:55+00:00\" \/>\n<meta property=\"article:modified_time\" content=\"2020-12-27T09:13:02+00:00\" \/>\n<meta property=\"og:image\" content=\"https:\/\/hotnewsinworld.com\/es\/wp-content\/uploads\/sites\/4\/2020\/12\/Anne-Igartiburu-A-los-51-anos-me-queda-por-hacer-scaled.jpg\" \/>\n\t<meta property=\"og:image:width\" content=\"2560\" \/>\n\t<meta property=\"og:image:height\" content=\"1560\" \/>\n\t<meta property=\"og:image:type\" content=\"image\/jpeg\" \/>\n<meta name=\"author\" content=\"hotnewsinworld\" \/>\n<meta name=\"twitter:card\" content=\"summary_large_image\" \/>\n<meta name=\"twitter:label1\" content=\"Escrito por\" \/>\n\t<meta name=\"twitter:data1\" content=\"hotnewsinworld\" \/>\n\t<meta name=\"twitter:label2\" content=\"Tiempo de lectura\" \/>\n\t<meta name=\"twitter:data2\" content=\"8 minutos\" \/>\n<script type=\"application\/ld+json\" class=\"yoast-schema-graph\">{\"@context\":\"https:\\\/\\\/schema.org\",\"@graph\":[{\"@type\":\"Article\",\"@id\":\"https:\\\/\\\/hotnewsinworld.com\\\/es\\\/anne-igartiburu-a-los-51-anos-me-queda-por-hacer-mas-mermeladas-y-mas-el-amor\\\/#article\",\"isPartOf\":{\"@id\":\"https:\\\/\\\/hotnewsinworld.com\\\/es\\\/anne-igartiburu-a-los-51-anos-me-queda-por-hacer-mas-mermeladas-y-mas-el-amor\\\/\"},\"author\":{\"name\":\"hotnewsinworld\",\"@id\":\"https:\\\/\\\/hotnewsinworld.com\\\/es\\\/#\\\/schema\\\/person\\\/fe61448b21c0d59086e75fcc1f9d8f6b\"},\"headline\":\"Anne Igartiburu: \u201cA los 51 a\u00f1os me queda por hacer m\u00e1s mermeladas y m\u00e1s el amor\u201d\",\"datePublished\":\"2020-12-27T09:12:55+00:00\",\"dateModified\":\"2020-12-27T09:13:02+00:00\",\"mainEntityOfPage\":{\"@id\":\"https:\\\/\\\/hotnewsinworld.com\\\/es\\\/anne-igartiburu-a-los-51-anos-me-queda-por-hacer-mas-mermeladas-y-mas-el-amor\\\/\"},\"wordCount\":1531,\"commentCount\":0,\"image\":{\"@id\":\"https:\\\/\\\/hotnewsinworld.com\\\/es\\\/anne-igartiburu-a-los-51-anos-me-queda-por-hacer-mas-mermeladas-y-mas-el-amor\\\/#primaryimage\"},\"thumbnailUrl\":\"https:\\\/\\\/hotnewsinworld.com\\\/es\\\/wp-content\\\/uploads\\\/sites\\\/4\\\/2020\\\/12\\\/Anne-Igartiburu-A-los-51-anos-me-queda-por-hacer-scaled.jpg\",\"articleSection\":[\"NOTICIAS DE MEDIOS SOCIALES\"],\"inLanguage\":\"es\",\"potentialAction\":[{\"@type\":\"CommentAction\",\"name\":\"Comment\",\"target\":[\"https:\\\/\\\/hotnewsinworld.com\\\/es\\\/anne-igartiburu-a-los-51-anos-me-queda-por-hacer-mas-mermeladas-y-mas-el-amor\\\/#respond\"]}]},{\"@type\":\"WebPage\",\"@id\":\"https:\\\/\\\/hotnewsinworld.com\\\/es\\\/anne-igartiburu-a-los-51-anos-me-queda-por-hacer-mas-mermeladas-y-mas-el-amor\\\/\",\"url\":\"https:\\\/\\\/hotnewsinworld.com\\\/es\\\/anne-igartiburu-a-los-51-anos-me-queda-por-hacer-mas-mermeladas-y-mas-el-amor\\\/\",\"name\":\"Anne Igartiburu: \u201cA los 51 a\u00f1os me queda por hacer m\u00e1s mermeladas y m\u00e1s el amor\u201d - Hot News in World\",\"isPartOf\":{\"@id\":\"https:\\\/\\\/hotnewsinworld.com\\\/es\\\/#website\"},\"primaryImageOfPage\":{\"@id\":\"https:\\\/\\\/hotnewsinworld.com\\\/es\\\/anne-igartiburu-a-los-51-anos-me-queda-por-hacer-mas-mermeladas-y-mas-el-amor\\\/#primaryimage\"},\"image\":{\"@id\":\"https:\\\/\\\/hotnewsinworld.com\\\/es\\\/anne-igartiburu-a-los-51-anos-me-queda-por-hacer-mas-mermeladas-y-mas-el-amor\\\/#primaryimage\"},\"thumbnailUrl\":\"https:\\\/\\\/hotnewsinworld.com\\\/es\\\/wp-content\\\/uploads\\\/sites\\\/4\\\/2020\\\/12\\\/Anne-Igartiburu-A-los-51-anos-me-queda-por-hacer-scaled.jpg\",\"datePublished\":\"2020-12-27T09:12:55+00:00\",\"dateModified\":\"2020-12-27T09:13:02+00:00\",\"author\":{\"@id\":\"https:\\\/\\\/hotnewsinworld.com\\\/es\\\/#\\\/schema\\\/person\\\/fe61448b21c0d59086e75fcc1f9d8f6b\"},\"breadcrumb\":{\"@id\":\"https:\\\/\\\/hotnewsinworld.com\\\/es\\\/anne-igartiburu-a-los-51-anos-me-queda-por-hacer-mas-mermeladas-y-mas-el-amor\\\/#breadcrumb\"},\"inLanguage\":\"es\",\"potentialAction\":[{\"@type\":\"ReadAction\",\"target\":[\"https:\\\/\\\/hotnewsinworld.com\\\/es\\\/anne-igartiburu-a-los-51-anos-me-queda-por-hacer-mas-mermeladas-y-mas-el-amor\\\/\"]}]},{\"@type\":\"ImageObject\",\"inLanguage\":\"es\",\"@id\":\"https:\\\/\\\/hotnewsinworld.com\\\/es\\\/anne-igartiburu-a-los-51-anos-me-queda-por-hacer-mas-mermeladas-y-mas-el-amor\\\/#primaryimage\",\"url\":\"https:\\\/\\\/hotnewsinworld.com\\\/es\\\/wp-content\\\/uploads\\\/sites\\\/4\\\/2020\\\/12\\\/Anne-Igartiburu-A-los-51-anos-me-queda-por-hacer-scaled.jpg\",\"contentUrl\":\"https:\\\/\\\/hotnewsinworld.com\\\/es\\\/wp-content\\\/uploads\\\/sites\\\/4\\\/2020\\\/12\\\/Anne-Igartiburu-A-los-51-anos-me-queda-por-hacer-scaled.jpg\",\"width\":2560,\"height\":1560,\"caption\":\"Anne Igartiburu: \u201cA los 51 a\u00f1os me queda por hacer m\u00e1s mermeladas y m\u00e1s el amor\u201d\"},{\"@type\":\"BreadcrumbList\",\"@id\":\"https:\\\/\\\/hotnewsinworld.com\\\/es\\\/anne-igartiburu-a-los-51-anos-me-queda-por-hacer-mas-mermeladas-y-mas-el-amor\\\/#breadcrumb\",\"itemListElement\":[{\"@type\":\"ListItem\",\"position\":1,\"name\":\"\u0413\u043b\u0430\u0432\u043d\u0430\u044f \u0441\u0442\u0440\u0430\u043d\u0438\u0446\u0430\",\"item\":\"https:\\\/\\\/hotnewsinworld.com\\\/es\\\/\"},{\"@type\":\"ListItem\",\"position\":2,\"name\":\"Anne Igartiburu: \u201cA los 51 a\u00f1os me queda por hacer m\u00e1s mermeladas y m\u00e1s el amor\u201d\"}]},{\"@type\":\"WebSite\",\"@id\":\"https:\\\/\\\/hotnewsinworld.com\\\/es\\\/#website\",\"url\":\"https:\\\/\\\/hotnewsinworld.com\\\/es\\\/\",\"name\":\"Hot News in World\",\"description\":\"Hot News in World from Spain\",\"potentialAction\":[{\"@type\":\"SearchAction\",\"target\":{\"@type\":\"EntryPoint\",\"urlTemplate\":\"https:\\\/\\\/hotnewsinworld.com\\\/es\\\/?s={search_term_string}\"},\"query-input\":{\"@type\":\"PropertyValueSpecification\",\"valueRequired\":true,\"valueName\":\"search_term_string\"}}],\"inLanguage\":\"es\"},{\"@type\":\"Person\",\"@id\":\"https:\\\/\\\/hotnewsinworld.com\\\/es\\\/#\\\/schema\\\/person\\\/fe61448b21c0d59086e75fcc1f9d8f6b\",\"name\":\"hotnewsinworld\",\"image\":{\"@type\":\"ImageObject\",\"inLanguage\":\"es\",\"@id\":\"https:\\\/\\\/secure.gravatar.com\\\/avatar\\\/8a09ac165600ce2e1c38fe593c63928eb1e6e7ba5c5a907d67787c41b3d00c14?s=96&d=mm&r=g\",\"url\":\"https:\\\/\\\/secure.gravatar.com\\\/avatar\\\/8a09ac165600ce2e1c38fe593c63928eb1e6e7ba5c5a907d67787c41b3d00c14?s=96&d=mm&r=g\",\"contentUrl\":\"https:\\\/\\\/secure.gravatar.com\\\/avatar\\\/8a09ac165600ce2e1c38fe593c63928eb1e6e7ba5c5a907d67787c41b3d00c14?s=96&d=mm&r=g\",\"caption\":\"hotnewsinworld\"},\"url\":\"https:\\\/\\\/hotnewsinworld.com\\\/es\\\/author\\\/pt\\\/\"}]}<\/script>\n<!-- \/ Yoast SEO plugin. -->","yoast_head_json":{"title":"Anne Igartiburu: \u201cA los 51 a\u00f1os me queda por hacer m\u00e1s mermeladas y m\u00e1s el amor\u201d - Hot News in World","robots":{"index":"index","follow":"follow","max-snippet":"max-snippet:-1","max-image-preview":"max-image-preview:large","max-video-preview":"max-video-preview:-1"},"canonical":"https:\/\/hotnewsinworld.com\/es\/anne-igartiburu-a-los-51-anos-me-queda-por-hacer-mas-mermeladas-y-mas-el-amor\/","og_locale":"es_ES","og_type":"article","og_title":"Anne Igartiburu: \u201cA los 51 a\u00f1os me queda por hacer m\u00e1s mermeladas y m\u00e1s el amor\u201d - Hot News in World","og_description":"Ocurre pocas veces, pero la sensaci\u00f3n es siempre la misma. Quedas con alguien megafamoso, y, al verlo cara a cara, es tan como te lo imaginas, que lo ins\u00f3lito es que \u00e9l, o ella, no te conozca con pelos y se\u00f1ales como t\u00fa a ella, o a \u00e9l. Igartiburu no es solo popular. Es, quiz\u00e1, [&hellip;]","og_url":"https:\/\/hotnewsinworld.com\/es\/anne-igartiburu-a-los-51-anos-me-queda-por-hacer-mas-mermeladas-y-mas-el-amor\/","og_site_name":"Hot News in World","article_published_time":"2020-12-27T09:12:55+00:00","article_modified_time":"2020-12-27T09:13:02+00:00","og_image":[{"width":2560,"height":1560,"url":"https:\/\/hotnewsinworld.com\/es\/wp-content\/uploads\/sites\/4\/2020\/12\/Anne-Igartiburu-A-los-51-anos-me-queda-por-hacer-scaled.jpg","type":"image\/jpeg"}],"author":"hotnewsinworld","twitter_card":"summary_large_image","twitter_misc":{"Escrito por":"hotnewsinworld","Tiempo de lectura":"8 minutos"},"schema":{"@context":"https:\/\/schema.org","@graph":[{"@type":"Article","@id":"https:\/\/hotnewsinworld.com\/es\/anne-igartiburu-a-los-51-anos-me-queda-por-hacer-mas-mermeladas-y-mas-el-amor\/#article","isPartOf":{"@id":"https:\/\/hotnewsinworld.com\/es\/anne-igartiburu-a-los-51-anos-me-queda-por-hacer-mas-mermeladas-y-mas-el-amor\/"},"author":{"name":"hotnewsinworld","@id":"https:\/\/hotnewsinworld.com\/es\/#\/schema\/person\/fe61448b21c0d59086e75fcc1f9d8f6b"},"headline":"Anne Igartiburu: \u201cA los 51 a\u00f1os me queda por hacer m\u00e1s mermeladas y m\u00e1s el amor\u201d","datePublished":"2020-12-27T09:12:55+00:00","dateModified":"2020-12-27T09:13:02+00:00","mainEntityOfPage":{"@id":"https:\/\/hotnewsinworld.com\/es\/anne-igartiburu-a-los-51-anos-me-queda-por-hacer-mas-mermeladas-y-mas-el-amor\/"},"wordCount":1531,"commentCount":0,"image":{"@id":"https:\/\/hotnewsinworld.com\/es\/anne-igartiburu-a-los-51-anos-me-queda-por-hacer-mas-mermeladas-y-mas-el-amor\/#primaryimage"},"thumbnailUrl":"https:\/\/hotnewsinworld.com\/es\/wp-content\/uploads\/sites\/4\/2020\/12\/Anne-Igartiburu-A-los-51-anos-me-queda-por-hacer-scaled.jpg","articleSection":["NOTICIAS DE MEDIOS SOCIALES"],"inLanguage":"es","potentialAction":[{"@type":"CommentAction","name":"Comment","target":["https:\/\/hotnewsinworld.com\/es\/anne-igartiburu-a-los-51-anos-me-queda-por-hacer-mas-mermeladas-y-mas-el-amor\/#respond"]}]},{"@type":"WebPage","@id":"https:\/\/hotnewsinworld.com\/es\/anne-igartiburu-a-los-51-anos-me-queda-por-hacer-mas-mermeladas-y-mas-el-amor\/","url":"https:\/\/hotnewsinworld.com\/es\/anne-igartiburu-a-los-51-anos-me-queda-por-hacer-mas-mermeladas-y-mas-el-amor\/","name":"Anne Igartiburu: \u201cA los 51 a\u00f1os me queda por hacer m\u00e1s mermeladas y m\u00e1s el amor\u201d - Hot News in World","isPartOf":{"@id":"https:\/\/hotnewsinworld.com\/es\/#website"},"primaryImageOfPage":{"@id":"https:\/\/hotnewsinworld.com\/es\/anne-igartiburu-a-los-51-anos-me-queda-por-hacer-mas-mermeladas-y-mas-el-amor\/#primaryimage"},"image":{"@id":"https:\/\/hotnewsinworld.com\/es\/anne-igartiburu-a-los-51-anos-me-queda-por-hacer-mas-mermeladas-y-mas-el-amor\/#primaryimage"},"thumbnailUrl":"https:\/\/hotnewsinworld.com\/es\/wp-content\/uploads\/sites\/4\/2020\/12\/Anne-Igartiburu-A-los-51-anos-me-queda-por-hacer-scaled.jpg","datePublished":"2020-12-27T09:12:55+00:00","dateModified":"2020-12-27T09:13:02+00:00","author":{"@id":"https:\/\/hotnewsinworld.com\/es\/#\/schema\/person\/fe61448b21c0d59086e75fcc1f9d8f6b"},"breadcrumb":{"@id":"https:\/\/hotnewsinworld.com\/es\/anne-igartiburu-a-los-51-anos-me-queda-por-hacer-mas-mermeladas-y-mas-el-amor\/#breadcrumb"},"inLanguage":"es","potentialAction":[{"@type":"ReadAction","target":["https:\/\/hotnewsinworld.com\/es\/anne-igartiburu-a-los-51-anos-me-queda-por-hacer-mas-mermeladas-y-mas-el-amor\/"]}]},{"@type":"ImageObject","inLanguage":"es","@id":"https:\/\/hotnewsinworld.com\/es\/anne-igartiburu-a-los-51-anos-me-queda-por-hacer-mas-mermeladas-y-mas-el-amor\/#primaryimage","url":"https:\/\/hotnewsinworld.com\/es\/wp-content\/uploads\/sites\/4\/2020\/12\/Anne-Igartiburu-A-los-51-anos-me-queda-por-hacer-scaled.jpg","contentUrl":"https:\/\/hotnewsinworld.com\/es\/wp-content\/uploads\/sites\/4\/2020\/12\/Anne-Igartiburu-A-los-51-anos-me-queda-por-hacer-scaled.jpg","width":2560,"height":1560,"caption":"Anne Igartiburu: \u201cA los 51 a\u00f1os me queda por hacer m\u00e1s mermeladas y m\u00e1s el amor\u201d"},{"@type":"BreadcrumbList","@id":"https:\/\/hotnewsinworld.com\/es\/anne-igartiburu-a-los-51-anos-me-queda-por-hacer-mas-mermeladas-y-mas-el-amor\/#breadcrumb","itemListElement":[{"@type":"ListItem","position":1,"name":"\u0413\u043b\u0430\u0432\u043d\u0430\u044f \u0441\u0442\u0440\u0430\u043d\u0438\u0446\u0430","item":"https:\/\/hotnewsinworld.com\/es\/"},{"@type":"ListItem","position":2,"name":"Anne Igartiburu: \u201cA los 51 a\u00f1os me queda por hacer m\u00e1s mermeladas y m\u00e1s el amor\u201d"}]},{"@type":"WebSite","@id":"https:\/\/hotnewsinworld.com\/es\/#website","url":"https:\/\/hotnewsinworld.com\/es\/","name":"Hot News in World","description":"Hot News in World from Spain","potentialAction":[{"@type":"SearchAction","target":{"@type":"EntryPoint","urlTemplate":"https:\/\/hotnewsinworld.com\/es\/?s={search_term_string}"},"query-input":{"@type":"PropertyValueSpecification","valueRequired":true,"valueName":"search_term_string"}}],"inLanguage":"es"},{"@type":"Person","@id":"https:\/\/hotnewsinworld.com\/es\/#\/schema\/person\/fe61448b21c0d59086e75fcc1f9d8f6b","name":"hotnewsinworld","image":{"@type":"ImageObject","inLanguage":"es","@id":"https:\/\/secure.gravatar.com\/avatar\/8a09ac165600ce2e1c38fe593c63928eb1e6e7ba5c5a907d67787c41b3d00c14?s=96&d=mm&r=g","url":"https:\/\/secure.gravatar.com\/avatar\/8a09ac165600ce2e1c38fe593c63928eb1e6e7ba5c5a907d67787c41b3d00c14?s=96&d=mm&r=g","contentUrl":"https:\/\/secure.gravatar.com\/avatar\/8a09ac165600ce2e1c38fe593c63928eb1e6e7ba5c5a907d67787c41b3d00c14?s=96&d=mm&r=g","caption":"hotnewsinworld"},"url":"https:\/\/hotnewsinworld.com\/es\/author\/pt\/"}]}},"_links":{"self":[{"href":"https:\/\/hotnewsinworld.com\/es\/wp-json\/wp\/v2\/posts\/1144","targetHints":{"allow":["GET"]}}],"collection":[{"href":"https:\/\/hotnewsinworld.com\/es\/wp-json\/wp\/v2\/posts"}],"about":[{"href":"https:\/\/hotnewsinworld.com\/es\/wp-json\/wp\/v2\/types\/post"}],"author":[{"embeddable":true,"href":"https:\/\/hotnewsinworld.com\/es\/wp-json\/wp\/v2\/users\/2"}],"replies":[{"embeddable":true,"href":"https:\/\/hotnewsinworld.com\/es\/wp-json\/wp\/v2\/comments?post=1144"}],"version-history":[{"count":1,"href":"https:\/\/hotnewsinworld.com\/es\/wp-json\/wp\/v2\/posts\/1144\/revisions"}],"predecessor-version":[{"id":1146,"href":"https:\/\/hotnewsinworld.com\/es\/wp-json\/wp\/v2\/posts\/1144\/revisions\/1146"}],"wp:featuredmedia":[{"embeddable":true,"href":"https:\/\/hotnewsinworld.com\/es\/wp-json\/wp\/v2\/media\/1145"}],"wp:attachment":[{"href":"https:\/\/hotnewsinworld.com\/es\/wp-json\/wp\/v2\/media?parent=1144"}],"wp:term":[{"taxonomy":"category","embeddable":true,"href":"https:\/\/hotnewsinworld.com\/es\/wp-json\/wp\/v2\/categories?post=1144"},{"taxonomy":"post_tag","embeddable":true,"href":"https:\/\/hotnewsinworld.com\/es\/wp-json\/wp\/v2\/tags?post=1144"}],"curies":[{"name":"wp","href":"https:\/\/api.w.org\/{rel}","templated":true}]}}