{"id":1150,"date":"2020-12-28T12:27:23","date_gmt":"2020-12-28T09:27:23","guid":{"rendered":"https:\/\/hotnewsinworld.com\/es\/araceli-hidalgo-de-96-anos-primera-vacunada-de-covid-en-espana-a-ver-si-conseguimos-que-el-virus-se-vaya\/"},"modified":"2021-01-09T00:02:41","modified_gmt":"2021-01-08T21:02:41","slug":"araceli-hidalgo-de-96-anos-primera-vacunada-de-covid-en-espana-a-ver-si-conseguimos-que-el-virus-se-vaya","status":"publish","type":"post","link":"https:\/\/hotnewsinworld.com\/es\/araceli-hidalgo-de-96-anos-primera-vacunada-de-covid-en-espana-a-ver-si-conseguimos-que-el-virus-se-vaya\/","title":{"rendered":"Araceli Hidalgo, de 96 a\u00f1os, primera vacunada de covid en Espa\u00f1a: \u201cA ver si conseguimos que el virus se vaya\u201d"},"content":{"rendered":"<p>Araceli Rosario Hidalgo, de 96 a\u00f1os, la residente de m\u00e1s edad del geri\u00e1trico Los Olmos, en Guadalajara, es la primera vacunada de la covid-19 en Espa\u00f1a. \u201cA ver si podemos conseguir que el virus este se nos vaya\u201d, ha dicho minutos despu\u00e9s. Con ella y con M\u00f3nica Tapias, de 48 a\u00f1os, trabajadora del centro, ha arrancado a las 9.05 de este domingo la mayor campa\u00f1a de inmunizaci\u00f3n en Espa\u00f1a. De los 70 mayores que viven en la residencia, la \u00fanica totalmente p\u00fablica de la ciudad, cerca de 60 recibir\u00e1n la primera dosis del f\u00e1rmaco de Pfizer y BioNTech hoy.Con andador, y una blusa de manga corta debajo de una chaqueta azul marino, ha llegado Araceli a la zona preparada en la residencia para la vacunaci\u00f3n. Se ha santiguado mientras esperaba a que la enfermera Carmen Carbon\u00e9 preparase la inyecci\u00f3n. \u201cEs un pinchazo que no va a notar. Me avisa si nota algo de picor o escozor\u201d, le ha advertido la sanitaria ante las c\u00e1maras de TVE, \u00fanica cadena autorizada a retransmitir la vacunaci\u00f3n. \u201cYa est\u00e1. Ha sido usted la primera de Espa\u00f1a\u201d. \u201cGracias a Dios\u201d, ha respondido la anciana, nacida en Guadix (Granada) y residente en Los Olmos desde 2013. Despu\u00e9s, se ha quedado sentada en un sill\u00f3n a pocos metros para esperar por si hab\u00eda efectos adversos. \u201cEstoy muy bien, muy serena he estado\u201d, cuenta despu\u00e9s en conversaci\u00f3n telef\u00f3nica con este diario, ayudada por Tapias. \u201cClaro que es importante vacunarse, me hizo mucha ilusi\u00f3n me impresion\u00f3, pens\u00e9 \u2018por qu\u00e9 yo\u2019, pero todo muy bien\u201d, dice.Araceli relata que siempre ha sido ama de casa, y que se mud\u00f3 hace muchos a\u00f1os a Azuqueca de Henares (Guadalajara), donde ha \u201checho vida\u201d. \u201cEstoy aqu\u00ed en la residencia tan a gusto y tan tranquila\u201d, afirma. \u201cHacemos gimnasia, deporte\u201d, describe entre risas, \u201cme muevo todo lo que puedo, a m\u00ed me gusta hacer cosas. Hago todo, la gimnasia, ver la tele, y si no, hago ganchillo, estoy bien, tengo buenos ojos\u201d. Lo \u00fanico que echa de menos es a su familia. \u201cTengo dos hijos, meses hace que no los veo, y cuatro nietos y una bisnieta, que viven todos en Madrid. Deseando estoy verlos\u201d, asegura.M\u00e1s informaci\u00f3nTras Araceli, ha sido el turno de M\u00f3nica Tapias, auxiliar de enfermer\u00eda que lleva 10 a\u00f1os trabajando en la residencia. Con uniforme blanco y un alegre gorro sanitario azul y amarillo, se ha sentado y ha reconocido estar nerviosa. \u201cSe nota al entrar una ligera molestia\u201d, ha descrito ante las c\u00e1maras tras el pinchazo. \u201cLo importante ser\u00eda que nos vacun\u00e1ramos al 100%\u201d, dice despu\u00e9s, en conversaci\u00f3n telef\u00f3nica con este diario. Si no, \u201cel mayor n\u00famero de personas posibles para intentar erradicar la enfermedad, porque ha sido muy duro y m\u00e1s ahora que se prev\u00e9 una tercera ola\u201d, advierte. Durante la entrevista, esta auxiliar explica la dureza vivida en los primeros meses de la pandemia. \u201cNo te da tiempo a recuperarte de una muerte cuando llega otra, ves a familias a las que ha devastado la enfermedad y es muy triste\u201d. Tapias se emociona cuando cuenta que lleva desde marzo sin poder acercarse a sus padres, de 73 y 79 a\u00f1os. \u201cYo lo \u00fanico que quiero es que pase esto para poder darles un beso\u201d, dice entre l\u00e1grimas. \u201cLes echo de menos, la cercan\u00eda de la familia, los abrazos, eso es lo que quiero que pase, volver a la normalidad\u201d.Las dos han permanecido unos 20 minutos sentadas en la sala, tras lo cual han salido, entre el aplauso de varios empleados del centro. Araceli se ha ido a desayunar y Tapias a seguir trabajando. A continuaci\u00f3n, han comenzado a vacunarse la mayor\u00eda de residentes, aunque algunos no han querido hacerlo. \u201cTiene que haber un consentimiento, y quien no lo ha dado, se respeta\u201d, ha explicado Marina Vadillo, directora de la residencia, a los periodistas congregados a la puerta de la misma. Algunos no han querido por \u201ccreencias de la gente mayor\u201d, y dos porque sufrieron una reacci\u00f3n al\u00e9rgica a otro medicamento. Despu\u00e9s ser\u00e1 el turno de los cerca de 120 trabajadores. Seg\u00fan la Consejer\u00eda de Sanidad de Castilla La Mancha, se vacunar\u00e1n hoy el 89,23% de los mayores y el 98,46% de la plantilla. Dentro de 21 d\u00edas, deber\u00e1n recibir la segunda dosis, y una semana despu\u00e9s, la vacuna alcanzar\u00e1 su m\u00e1xima efectividad.\u201cAraceli se ha portado fenomenal\u201d, dice a este diario Carmen Carbon\u00e9, de 60 a\u00f1os, la enfermera que ha puesto la primera vacuna contra el coronavirus en Espa\u00f1a. \u201cHa sido muy emocionante cuando nos han tra\u00eddo los viales y los hemos visto tan chiquititos y tan preciados\u201d, afirma la sanitaria, que trabaja en el servicio de prevenci\u00f3n de riesgos laborales del Hospital Universitario de Guadalajara desde hace 30 a\u00f1os. \u201cPensaba en la cantidad de vida que hay dentro de ese vial y en todos los problemas que nos pueden solucionar en los pr\u00f3ximos meses\u201d. Los vacunados est\u00e1n \u201cmuy tranquilos y muy ilusionados, con esa esperanza de poder volver a la normalidad\u201d. El mi\u00e9rcoles le preguntaron si quer\u00eda ser la encargada de administrar las primeras inyecciones, algo que no esperaba. Carbon\u00e9, que vivi\u00f3 la primera ola \u201ccon mucha angustia\u201d, anima a la gente a vacunarse. \u201cEs importante que nadie tenga miedo, es una vacuna m\u00e1s\u201d. Los que han pasado por sus manos durante la ma\u00f1ana \u201cni siquiera han notado el pinchazo\u201d, asegura. \u201cLas vacunas est\u00e1n muy avanzadas, merecen toda la confianza\u201d.La directora de Los Olmos ha contado que ninguna de las dos primeras vacunadas hab\u00eda pasado la covid-19. \u201cVemos el principio del fin. Las residencias han sido las m\u00e1s castigadas por la pandemia, lo hemos hecho todas lo mejor que hemos podido y sabido\u201d, ha dicho. Durante la primera ola, ha explicado, hubo dos fallecimientos con positivos y al menos 11 m\u00e1s con s\u00edntomas, aunque no se pudo confirmar con pruebas. Los Olmos lleva sin un caso de covid desde junio.\u201cLo hemos pasado muy mal porque aqu\u00ed no pod\u00eda pasar nadie, y se han muerto los residentes solos, tanto si ten\u00edan covid como si no\u201d, confirma Tapias. \u201cEra triste, hab\u00eda mayores que ven\u00edan sus hijos a verles todos los d\u00edas y de repente no pod\u00edan. Est\u00e1bamos nosotras, ten\u00edan nuestro calor, pero no es lo mismo\u201d, opina. \u201cLlevo 10 a\u00f1os aqu\u00ed, eso hace m\u00e1s dif\u00edcil pasar esto porque son tu segunda familia, a veces pasas m\u00e1s tiempo aqu\u00ed que en tu casa, ellos nos aprecian a nosotras y nosotras a ellos\u201d, describe. La primera sanitaria vacunada cuenta que, precisamente, con Araceli tiene menos relaci\u00f3n \u201cporque es aut\u00f3noma, se hace todo, apenas hay que atenderla, est\u00e1 muy bien de la cabeza y no necesita nuestra ayuda. \u201cMe gustar\u00eda llegar a su edad y estar as\u00ed\u201d.Hoy Araceli y M\u00f3nica representan una nueva etapa esperanzadora. Un d\u00eda para la emoci\u00f3n y la confianza.Espa\u00f1a inicia la vacunaci\u00f3n frente al #COVID19 gracias a la fortaleza de su SNS y miles de profesionales que garantizar\u00e1n un proceso r\u00e1pido, solvente y equitativo. #YoMeVacuno pic.twitter.com\/yE2060YQcc\u2014 Pedro S\u00e1nchez (@sanchezcastejon) December 27, 2020<\/p>\n<p>El presidente del Gobierno, Pedro S\u00e1nchez, ha celebrado las primeras vacunaciones en Espa\u00f1a en su cuenta de Twitter. \u201cHoy Araceli y M\u00f3nica representan una nueva etapa esperanzadora. Un d\u00eda para la emoci\u00f3n y la confianza\u201d, ha escrito. \u201cEspa\u00f1a inicia la vacunaci\u00f3n gracias a la fortaleza de su SNS [servicio nacional de salud] y miles de profesionales que garantizar\u00e1n un proceso r\u00e1pido, solvente y equitativo\u201d. Ha a\u00f1adido la etiqueta #YoMeVacuno, como tambi\u00e9n ha hecho el ministro de Sanidad, Salvador Illa, en un mensaje en la red social. \u201cAraceli y M\u00f3nica son las dos primeras personas que se han vacunado en Espa\u00f1a. Con su gesto, ambas mujeres env\u00edan al mundo un mensaje de esperanza porque ya avanzan en el proceso de inmunizaci\u00f3n. Estamos ante el inicio del fin de la pandemia\u201d. El ministro ha repetido este mensaje en una rueda de prensa posterior, en la que ha pedido \u201cno bajar la guardia\u201d porque los datos de contagios son \u201cpreocupantes\u201d.Sobre las 8.30, 450 dosis de la vacuna hab\u00edan partido del centro log\u00edstico de la farmac\u00e9utica estadounidense en un pol\u00edgono industrial a ocho minutos de la residencia. Tras las primeras inyecciones administradas hoy de forma simb\u00f3lica en todas las comunidades aut\u00f3nomas, cada consejer\u00eda de Sanidad ir\u00e1 recibiendo las que semanalmente ha designado el Gobierno central, un n\u00famero proporcional a la poblaci\u00f3n que tiene en el primer grupo de prioridad designado en el plan de vacunaci\u00f3n (no a la total): personas en residencias, sus cuidadores, sanitarios y grandes dependientes. En total, se espera vacunar a casi 2,3 millones de personas antes de la primavera.Informaci\u00f3n sobre el coronavirus- Aqu\u00ed puede seguir la \u00faltima hora sobre la evoluci\u00f3n de la pandemia- Buscador de restricciones: \u00bfQu\u00e9 puedo hacer en mi municipio?- As\u00ed evoluciona la curva del coronavirus en el mundo- Desc\u00e1rguese la aplicaci\u00f3n de rastreo para Espa\u00f1a- Gu\u00eda de actuaci\u00f3n ante la enfermedad<script async src=\"https:\/\/platform.twitter.com\/widgets.js\" charset=\"utf-8\"><\/script><\/p>\n<p><!--noindex--><br \/>\n<a href=\"https:\/\/elpais.com\/sociedad\/2020-12-27\/araceli-hidalgo-96-anos-primera-vacunada-de-covid-en-espana-a-ver-si-conseguimos-que-el-virus-se-vaya.html\" rel=\"nofollow\">Source link <\/a><br \/>\n<!--\/noindex--><\/p>\n","protected":false},"excerpt":{"rendered":"<p>Araceli Rosario Hidalgo, de 96 a\u00f1os, la residente de m\u00e1s edad del geri\u00e1trico Los Olmos, en Guadalajara, es la primera vacunada de la covid-19 en Espa\u00f1a. \u201cA ver si podemos conseguir que el virus este se nos vaya\u201d, ha dicho minutos despu\u00e9s. Con ella y con M\u00f3nica Tapias, de 48 a\u00f1os, trabajadora del centro, ha [&hellip;]<\/p>\n","protected":false},"author":2,"featured_media":1151,"comment_status":"open","ping_status":"open","sticky":false,"template":"","format":"standard","meta":{"footnotes":""},"categories":[3],"tags":[],"class_list":["post-1150","post","type-post","status-publish","format-standard","has-post-thumbnail","hentry","category-noticias-de-medios-sociales"],"yoast_head":"<!-- This site is optimized with the Yoast SEO plugin v27.4 - https:\/\/yoast.com\/product\/yoast-seo-wordpress\/ -->\n<title>Araceli Hidalgo, de 96 a\u00f1os, primera vacunada de covid en Espa\u00f1a: \u201cA ver si conseguimos que el virus se vaya\u201d - Hot News in World<\/title>\n<meta name=\"robots\" content=\"index, follow, max-snippet:-1, max-image-preview:large, max-video-preview:-1\" \/>\n<link rel=\"canonical\" href=\"https:\/\/hotnewsinworld.com\/es\/araceli-hidalgo-de-96-anos-primera-vacunada-de-covid-en-espana-a-ver-si-conseguimos-que-el-virus-se-vaya\/\" \/>\n<meta property=\"og:locale\" content=\"es_ES\" \/>\n<meta property=\"og:type\" content=\"article\" \/>\n<meta property=\"og:title\" content=\"Araceli Hidalgo, de 96 a\u00f1os, primera vacunada de covid en Espa\u00f1a: \u201cA ver si conseguimos que el virus se vaya\u201d - Hot News in World\" \/>\n<meta property=\"og:description\" content=\"Araceli Rosario Hidalgo, de 96 a\u00f1os, la residente de m\u00e1s edad del geri\u00e1trico Los Olmos, en Guadalajara, es la primera vacunada de la covid-19 en Espa\u00f1a. \u201cA ver si podemos conseguir que el virus este se nos vaya\u201d, ha dicho minutos despu\u00e9s. Con ella y con M\u00f3nica Tapias, de 48 a\u00f1os, trabajadora del centro, ha [&hellip;]\" \/>\n<meta property=\"og:url\" content=\"https:\/\/hotnewsinworld.com\/es\/araceli-hidalgo-de-96-anos-primera-vacunada-de-covid-en-espana-a-ver-si-conseguimos-que-el-virus-se-vaya\/\" \/>\n<meta property=\"og:site_name\" content=\"Hot News in World\" \/>\n<meta property=\"article:published_time\" content=\"2020-12-28T09:27:23+00:00\" \/>\n<meta property=\"article:modified_time\" content=\"2021-01-08T21:02:41+00:00\" \/>\n<meta property=\"og:image\" content=\"https:\/\/hotnewsinworld.com\/es\/wp-content\/uploads\/sites\/4\/2020\/12\/Araceli-Hidalgo-de-96-anos-primera-vacunada-de-covid-en-scaled.jpg\" \/>\n\t<meta property=\"og:image:width\" content=\"2560\" \/>\n\t<meta property=\"og:image:height\" content=\"1707\" \/>\n\t<meta property=\"og:image:type\" content=\"image\/jpeg\" \/>\n<meta name=\"author\" content=\"hotnewsinworld\" \/>\n<meta name=\"twitter:card\" content=\"summary_large_image\" \/>\n<meta name=\"twitter:label1\" content=\"Escrito por\" \/>\n\t<meta name=\"twitter:data1\" content=\"hotnewsinworld\" \/>\n\t<meta name=\"twitter:label2\" content=\"Tiempo de lectura\" \/>\n\t<meta name=\"twitter:data2\" content=\"8 minutos\" \/>\n<script type=\"application\/ld+json\" class=\"yoast-schema-graph\">{\"@context\":\"https:\\\/\\\/schema.org\",\"@graph\":[{\"@type\":\"Article\",\"@id\":\"https:\\\/\\\/hotnewsinworld.com\\\/es\\\/araceli-hidalgo-de-96-anos-primera-vacunada-de-covid-en-espana-a-ver-si-conseguimos-que-el-virus-se-vaya\\\/#article\",\"isPartOf\":{\"@id\":\"https:\\\/\\\/hotnewsinworld.com\\\/es\\\/araceli-hidalgo-de-96-anos-primera-vacunada-de-covid-en-espana-a-ver-si-conseguimos-que-el-virus-se-vaya\\\/\"},\"author\":{\"name\":\"hotnewsinworld\",\"@id\":\"https:\\\/\\\/hotnewsinworld.com\\\/es\\\/#\\\/schema\\\/person\\\/fe61448b21c0d59086e75fcc1f9d8f6b\"},\"headline\":\"Araceli Hidalgo, de 96 a\u00f1os, primera vacunada de covid en Espa\u00f1a: \u201cA ver si conseguimos que el virus se vaya\u201d\",\"datePublished\":\"2020-12-28T09:27:23+00:00\",\"dateModified\":\"2021-01-08T21:02:41+00:00\",\"mainEntityOfPage\":{\"@id\":\"https:\\\/\\\/hotnewsinworld.com\\\/es\\\/araceli-hidalgo-de-96-anos-primera-vacunada-de-covid-en-espana-a-ver-si-conseguimos-que-el-virus-se-vaya\\\/\"},\"wordCount\":1597,\"commentCount\":0,\"image\":{\"@id\":\"https:\\\/\\\/hotnewsinworld.com\\\/es\\\/araceli-hidalgo-de-96-anos-primera-vacunada-de-covid-en-espana-a-ver-si-conseguimos-que-el-virus-se-vaya\\\/#primaryimage\"},\"thumbnailUrl\":\"https:\\\/\\\/hotnewsinworld.com\\\/es\\\/wp-content\\\/uploads\\\/sites\\\/4\\\/2020\\\/12\\\/Araceli-Hidalgo-de-96-anos-primera-vacunada-de-covid-en-scaled.jpg\",\"articleSection\":[\"NOTICIAS DE MEDIOS SOCIALES\"],\"inLanguage\":\"es\",\"potentialAction\":[{\"@type\":\"CommentAction\",\"name\":\"Comment\",\"target\":[\"https:\\\/\\\/hotnewsinworld.com\\\/es\\\/araceli-hidalgo-de-96-anos-primera-vacunada-de-covid-en-espana-a-ver-si-conseguimos-que-el-virus-se-vaya\\\/#respond\"]}]},{\"@type\":\"WebPage\",\"@id\":\"https:\\\/\\\/hotnewsinworld.com\\\/es\\\/araceli-hidalgo-de-96-anos-primera-vacunada-de-covid-en-espana-a-ver-si-conseguimos-que-el-virus-se-vaya\\\/\",\"url\":\"https:\\\/\\\/hotnewsinworld.com\\\/es\\\/araceli-hidalgo-de-96-anos-primera-vacunada-de-covid-en-espana-a-ver-si-conseguimos-que-el-virus-se-vaya\\\/\",\"name\":\"Araceli Hidalgo, de 96 a\u00f1os, primera vacunada de covid en Espa\u00f1a: \u201cA ver si conseguimos que el virus se vaya\u201d - Hot News in World\",\"isPartOf\":{\"@id\":\"https:\\\/\\\/hotnewsinworld.com\\\/es\\\/#website\"},\"primaryImageOfPage\":{\"@id\":\"https:\\\/\\\/hotnewsinworld.com\\\/es\\\/araceli-hidalgo-de-96-anos-primera-vacunada-de-covid-en-espana-a-ver-si-conseguimos-que-el-virus-se-vaya\\\/#primaryimage\"},\"image\":{\"@id\":\"https:\\\/\\\/hotnewsinworld.com\\\/es\\\/araceli-hidalgo-de-96-anos-primera-vacunada-de-covid-en-espana-a-ver-si-conseguimos-que-el-virus-se-vaya\\\/#primaryimage\"},\"thumbnailUrl\":\"https:\\\/\\\/hotnewsinworld.com\\\/es\\\/wp-content\\\/uploads\\\/sites\\\/4\\\/2020\\\/12\\\/Araceli-Hidalgo-de-96-anos-primera-vacunada-de-covid-en-scaled.jpg\",\"datePublished\":\"2020-12-28T09:27:23+00:00\",\"dateModified\":\"2021-01-08T21:02:41+00:00\",\"author\":{\"@id\":\"https:\\\/\\\/hotnewsinworld.com\\\/es\\\/#\\\/schema\\\/person\\\/fe61448b21c0d59086e75fcc1f9d8f6b\"},\"breadcrumb\":{\"@id\":\"https:\\\/\\\/hotnewsinworld.com\\\/es\\\/araceli-hidalgo-de-96-anos-primera-vacunada-de-covid-en-espana-a-ver-si-conseguimos-que-el-virus-se-vaya\\\/#breadcrumb\"},\"inLanguage\":\"es\",\"potentialAction\":[{\"@type\":\"ReadAction\",\"target\":[\"https:\\\/\\\/hotnewsinworld.com\\\/es\\\/araceli-hidalgo-de-96-anos-primera-vacunada-de-covid-en-espana-a-ver-si-conseguimos-que-el-virus-se-vaya\\\/\"]}]},{\"@type\":\"ImageObject\",\"inLanguage\":\"es\",\"@id\":\"https:\\\/\\\/hotnewsinworld.com\\\/es\\\/araceli-hidalgo-de-96-anos-primera-vacunada-de-covid-en-espana-a-ver-si-conseguimos-que-el-virus-se-vaya\\\/#primaryimage\",\"url\":\"https:\\\/\\\/hotnewsinworld.com\\\/es\\\/wp-content\\\/uploads\\\/sites\\\/4\\\/2020\\\/12\\\/Araceli-Hidalgo-de-96-anos-primera-vacunada-de-covid-en-scaled.jpg\",\"contentUrl\":\"https:\\\/\\\/hotnewsinworld.com\\\/es\\\/wp-content\\\/uploads\\\/sites\\\/4\\\/2020\\\/12\\\/Araceli-Hidalgo-de-96-anos-primera-vacunada-de-covid-en-scaled.jpg\",\"width\":2560,\"height\":1707,\"caption\":\"Araceli Hidalgo, de 96 a\u00f1os, primera vacunada de covid en Espa\u00f1a: \u201cA ver si conseguimos que el virus se vaya\u201d\"},{\"@type\":\"BreadcrumbList\",\"@id\":\"https:\\\/\\\/hotnewsinworld.com\\\/es\\\/araceli-hidalgo-de-96-anos-primera-vacunada-de-covid-en-espana-a-ver-si-conseguimos-que-el-virus-se-vaya\\\/#breadcrumb\",\"itemListElement\":[{\"@type\":\"ListItem\",\"position\":1,\"name\":\"\u0413\u043b\u0430\u0432\u043d\u0430\u044f \u0441\u0442\u0440\u0430\u043d\u0438\u0446\u0430\",\"item\":\"https:\\\/\\\/hotnewsinworld.com\\\/es\\\/\"},{\"@type\":\"ListItem\",\"position\":2,\"name\":\"Araceli Hidalgo, de 96 a\u00f1os, primera vacunada de covid en Espa\u00f1a: \u201cA ver si conseguimos que el virus se vaya\u201d\"}]},{\"@type\":\"WebSite\",\"@id\":\"https:\\\/\\\/hotnewsinworld.com\\\/es\\\/#website\",\"url\":\"https:\\\/\\\/hotnewsinworld.com\\\/es\\\/\",\"name\":\"Hot News in World\",\"description\":\"Hot News in World from Spain\",\"potentialAction\":[{\"@type\":\"SearchAction\",\"target\":{\"@type\":\"EntryPoint\",\"urlTemplate\":\"https:\\\/\\\/hotnewsinworld.com\\\/es\\\/?s={search_term_string}\"},\"query-input\":{\"@type\":\"PropertyValueSpecification\",\"valueRequired\":true,\"valueName\":\"search_term_string\"}}],\"inLanguage\":\"es\"},{\"@type\":\"Person\",\"@id\":\"https:\\\/\\\/hotnewsinworld.com\\\/es\\\/#\\\/schema\\\/person\\\/fe61448b21c0d59086e75fcc1f9d8f6b\",\"name\":\"hotnewsinworld\",\"image\":{\"@type\":\"ImageObject\",\"inLanguage\":\"es\",\"@id\":\"https:\\\/\\\/secure.gravatar.com\\\/avatar\\\/8a09ac165600ce2e1c38fe593c63928eb1e6e7ba5c5a907d67787c41b3d00c14?s=96&d=mm&r=g\",\"url\":\"https:\\\/\\\/secure.gravatar.com\\\/avatar\\\/8a09ac165600ce2e1c38fe593c63928eb1e6e7ba5c5a907d67787c41b3d00c14?s=96&d=mm&r=g\",\"contentUrl\":\"https:\\\/\\\/secure.gravatar.com\\\/avatar\\\/8a09ac165600ce2e1c38fe593c63928eb1e6e7ba5c5a907d67787c41b3d00c14?s=96&d=mm&r=g\",\"caption\":\"hotnewsinworld\"},\"url\":\"https:\\\/\\\/hotnewsinworld.com\\\/es\\\/author\\\/pt\\\/\"}]}<\/script>\n<!-- \/ Yoast SEO plugin. -->","yoast_head_json":{"title":"Araceli Hidalgo, de 96 a\u00f1os, primera vacunada de covid en Espa\u00f1a: \u201cA ver si conseguimos que el virus se vaya\u201d - Hot News in World","robots":{"index":"index","follow":"follow","max-snippet":"max-snippet:-1","max-image-preview":"max-image-preview:large","max-video-preview":"max-video-preview:-1"},"canonical":"https:\/\/hotnewsinworld.com\/es\/araceli-hidalgo-de-96-anos-primera-vacunada-de-covid-en-espana-a-ver-si-conseguimos-que-el-virus-se-vaya\/","og_locale":"es_ES","og_type":"article","og_title":"Araceli Hidalgo, de 96 a\u00f1os, primera vacunada de covid en Espa\u00f1a: \u201cA ver si conseguimos que el virus se vaya\u201d - Hot News in World","og_description":"Araceli Rosario Hidalgo, de 96 a\u00f1os, la residente de m\u00e1s edad del geri\u00e1trico Los Olmos, en Guadalajara, es la primera vacunada de la covid-19 en Espa\u00f1a. \u201cA ver si podemos conseguir que el virus este se nos vaya\u201d, ha dicho minutos despu\u00e9s. Con ella y con M\u00f3nica Tapias, de 48 a\u00f1os, trabajadora del centro, ha [&hellip;]","og_url":"https:\/\/hotnewsinworld.com\/es\/araceli-hidalgo-de-96-anos-primera-vacunada-de-covid-en-espana-a-ver-si-conseguimos-que-el-virus-se-vaya\/","og_site_name":"Hot News in World","article_published_time":"2020-12-28T09:27:23+00:00","article_modified_time":"2021-01-08T21:02:41+00:00","og_image":[{"width":2560,"height":1707,"url":"https:\/\/hotnewsinworld.com\/es\/wp-content\/uploads\/sites\/4\/2020\/12\/Araceli-Hidalgo-de-96-anos-primera-vacunada-de-covid-en-scaled.jpg","type":"image\/jpeg"}],"author":"hotnewsinworld","twitter_card":"summary_large_image","twitter_misc":{"Escrito por":"hotnewsinworld","Tiempo de lectura":"8 minutos"},"schema":{"@context":"https:\/\/schema.org","@graph":[{"@type":"Article","@id":"https:\/\/hotnewsinworld.com\/es\/araceli-hidalgo-de-96-anos-primera-vacunada-de-covid-en-espana-a-ver-si-conseguimos-que-el-virus-se-vaya\/#article","isPartOf":{"@id":"https:\/\/hotnewsinworld.com\/es\/araceli-hidalgo-de-96-anos-primera-vacunada-de-covid-en-espana-a-ver-si-conseguimos-que-el-virus-se-vaya\/"},"author":{"name":"hotnewsinworld","@id":"https:\/\/hotnewsinworld.com\/es\/#\/schema\/person\/fe61448b21c0d59086e75fcc1f9d8f6b"},"headline":"Araceli Hidalgo, de 96 a\u00f1os, primera vacunada de covid en Espa\u00f1a: \u201cA ver si conseguimos que el virus se vaya\u201d","datePublished":"2020-12-28T09:27:23+00:00","dateModified":"2021-01-08T21:02:41+00:00","mainEntityOfPage":{"@id":"https:\/\/hotnewsinworld.com\/es\/araceli-hidalgo-de-96-anos-primera-vacunada-de-covid-en-espana-a-ver-si-conseguimos-que-el-virus-se-vaya\/"},"wordCount":1597,"commentCount":0,"image":{"@id":"https:\/\/hotnewsinworld.com\/es\/araceli-hidalgo-de-96-anos-primera-vacunada-de-covid-en-espana-a-ver-si-conseguimos-que-el-virus-se-vaya\/#primaryimage"},"thumbnailUrl":"https:\/\/hotnewsinworld.com\/es\/wp-content\/uploads\/sites\/4\/2020\/12\/Araceli-Hidalgo-de-96-anos-primera-vacunada-de-covid-en-scaled.jpg","articleSection":["NOTICIAS DE MEDIOS SOCIALES"],"inLanguage":"es","potentialAction":[{"@type":"CommentAction","name":"Comment","target":["https:\/\/hotnewsinworld.com\/es\/araceli-hidalgo-de-96-anos-primera-vacunada-de-covid-en-espana-a-ver-si-conseguimos-que-el-virus-se-vaya\/#respond"]}]},{"@type":"WebPage","@id":"https:\/\/hotnewsinworld.com\/es\/araceli-hidalgo-de-96-anos-primera-vacunada-de-covid-en-espana-a-ver-si-conseguimos-que-el-virus-se-vaya\/","url":"https:\/\/hotnewsinworld.com\/es\/araceli-hidalgo-de-96-anos-primera-vacunada-de-covid-en-espana-a-ver-si-conseguimos-que-el-virus-se-vaya\/","name":"Araceli Hidalgo, de 96 a\u00f1os, primera vacunada de covid en Espa\u00f1a: \u201cA ver si conseguimos que el virus se vaya\u201d - Hot News in World","isPartOf":{"@id":"https:\/\/hotnewsinworld.com\/es\/#website"},"primaryImageOfPage":{"@id":"https:\/\/hotnewsinworld.com\/es\/araceli-hidalgo-de-96-anos-primera-vacunada-de-covid-en-espana-a-ver-si-conseguimos-que-el-virus-se-vaya\/#primaryimage"},"image":{"@id":"https:\/\/hotnewsinworld.com\/es\/araceli-hidalgo-de-96-anos-primera-vacunada-de-covid-en-espana-a-ver-si-conseguimos-que-el-virus-se-vaya\/#primaryimage"},"thumbnailUrl":"https:\/\/hotnewsinworld.com\/es\/wp-content\/uploads\/sites\/4\/2020\/12\/Araceli-Hidalgo-de-96-anos-primera-vacunada-de-covid-en-scaled.jpg","datePublished":"2020-12-28T09:27:23+00:00","dateModified":"2021-01-08T21:02:41+00:00","author":{"@id":"https:\/\/hotnewsinworld.com\/es\/#\/schema\/person\/fe61448b21c0d59086e75fcc1f9d8f6b"},"breadcrumb":{"@id":"https:\/\/hotnewsinworld.com\/es\/araceli-hidalgo-de-96-anos-primera-vacunada-de-covid-en-espana-a-ver-si-conseguimos-que-el-virus-se-vaya\/#breadcrumb"},"inLanguage":"es","potentialAction":[{"@type":"ReadAction","target":["https:\/\/hotnewsinworld.com\/es\/araceli-hidalgo-de-96-anos-primera-vacunada-de-covid-en-espana-a-ver-si-conseguimos-que-el-virus-se-vaya\/"]}]},{"@type":"ImageObject","inLanguage":"es","@id":"https:\/\/hotnewsinworld.com\/es\/araceli-hidalgo-de-96-anos-primera-vacunada-de-covid-en-espana-a-ver-si-conseguimos-que-el-virus-se-vaya\/#primaryimage","url":"https:\/\/hotnewsinworld.com\/es\/wp-content\/uploads\/sites\/4\/2020\/12\/Araceli-Hidalgo-de-96-anos-primera-vacunada-de-covid-en-scaled.jpg","contentUrl":"https:\/\/hotnewsinworld.com\/es\/wp-content\/uploads\/sites\/4\/2020\/12\/Araceli-Hidalgo-de-96-anos-primera-vacunada-de-covid-en-scaled.jpg","width":2560,"height":1707,"caption":"Araceli Hidalgo, de 96 a\u00f1os, primera vacunada de covid en Espa\u00f1a: \u201cA ver si conseguimos que el virus se vaya\u201d"},{"@type":"BreadcrumbList","@id":"https:\/\/hotnewsinworld.com\/es\/araceli-hidalgo-de-96-anos-primera-vacunada-de-covid-en-espana-a-ver-si-conseguimos-que-el-virus-se-vaya\/#breadcrumb","itemListElement":[{"@type":"ListItem","position":1,"name":"\u0413\u043b\u0430\u0432\u043d\u0430\u044f \u0441\u0442\u0440\u0430\u043d\u0438\u0446\u0430","item":"https:\/\/hotnewsinworld.com\/es\/"},{"@type":"ListItem","position":2,"name":"Araceli Hidalgo, de 96 a\u00f1os, primera vacunada de covid en Espa\u00f1a: \u201cA ver si conseguimos que el virus se vaya\u201d"}]},{"@type":"WebSite","@id":"https:\/\/hotnewsinworld.com\/es\/#website","url":"https:\/\/hotnewsinworld.com\/es\/","name":"Hot News in World","description":"Hot News in World from Spain","potentialAction":[{"@type":"SearchAction","target":{"@type":"EntryPoint","urlTemplate":"https:\/\/hotnewsinworld.com\/es\/?s={search_term_string}"},"query-input":{"@type":"PropertyValueSpecification","valueRequired":true,"valueName":"search_term_string"}}],"inLanguage":"es"},{"@type":"Person","@id":"https:\/\/hotnewsinworld.com\/es\/#\/schema\/person\/fe61448b21c0d59086e75fcc1f9d8f6b","name":"hotnewsinworld","image":{"@type":"ImageObject","inLanguage":"es","@id":"https:\/\/secure.gravatar.com\/avatar\/8a09ac165600ce2e1c38fe593c63928eb1e6e7ba5c5a907d67787c41b3d00c14?s=96&d=mm&r=g","url":"https:\/\/secure.gravatar.com\/avatar\/8a09ac165600ce2e1c38fe593c63928eb1e6e7ba5c5a907d67787c41b3d00c14?s=96&d=mm&r=g","contentUrl":"https:\/\/secure.gravatar.com\/avatar\/8a09ac165600ce2e1c38fe593c63928eb1e6e7ba5c5a907d67787c41b3d00c14?s=96&d=mm&r=g","caption":"hotnewsinworld"},"url":"https:\/\/hotnewsinworld.com\/es\/author\/pt\/"}]}},"_links":{"self":[{"href":"https:\/\/hotnewsinworld.com\/es\/wp-json\/wp\/v2\/posts\/1150","targetHints":{"allow":["GET"]}}],"collection":[{"href":"https:\/\/hotnewsinworld.com\/es\/wp-json\/wp\/v2\/posts"}],"about":[{"href":"https:\/\/hotnewsinworld.com\/es\/wp-json\/wp\/v2\/types\/post"}],"author":[{"embeddable":true,"href":"https:\/\/hotnewsinworld.com\/es\/wp-json\/wp\/v2\/users\/2"}],"replies":[{"embeddable":true,"href":"https:\/\/hotnewsinworld.com\/es\/wp-json\/wp\/v2\/comments?post=1150"}],"version-history":[{"count":3,"href":"https:\/\/hotnewsinworld.com\/es\/wp-json\/wp\/v2\/posts\/1150\/revisions"}],"predecessor-version":[{"id":1224,"href":"https:\/\/hotnewsinworld.com\/es\/wp-json\/wp\/v2\/posts\/1150\/revisions\/1224"}],"wp:featuredmedia":[{"embeddable":true,"href":"https:\/\/hotnewsinworld.com\/es\/wp-json\/wp\/v2\/media\/1151"}],"wp:attachment":[{"href":"https:\/\/hotnewsinworld.com\/es\/wp-json\/wp\/v2\/media?parent=1150"}],"wp:term":[{"taxonomy":"category","embeddable":true,"href":"https:\/\/hotnewsinworld.com\/es\/wp-json\/wp\/v2\/categories?post=1150"},{"taxonomy":"post_tag","embeddable":true,"href":"https:\/\/hotnewsinworld.com\/es\/wp-json\/wp\/v2\/tags?post=1150"}],"curies":[{"name":"wp","href":"https:\/\/api.w.org\/{rel}","templated":true}]}}