{"id":1738,"date":"2021-03-17T09:53:29","date_gmt":"2021-03-17T06:53:29","guid":{"rendered":"https:\/\/hotnewsinworld.com\/es\/monica-garcia-la-candidata-de-mas-madrid-que-le-ha-dicho-no-a-pablo-iglesias\/"},"modified":"2021-03-17T09:53:36","modified_gmt":"2021-03-17T06:53:36","slug":"monica-garcia-la-candidata-de-mas-madrid-que-le-ha-dicho-no-a-pablo-iglesias","status":"publish","type":"post","link":"https:\/\/hotnewsinworld.com\/es\/monica-garcia-la-candidata-de-mas-madrid-que-le-ha-dicho-no-a-pablo-iglesias\/","title":{"rendered":"M\u00f3nica Garc\u00eda, la candidata de M\u00e1s Madrid que le ha dicho no a Pablo Iglesias"},"content":{"rendered":"<p>Un d\u00eda antes del \u00faltimo debate sobre el estado de la Comunidad de Madrid, M\u00f3nica Garc\u00eda estaba de paseo con sus tres hijos por el parque de El Retiro. Una desconexi\u00f3n que suele hacer a diario y que, seg\u00fan su entorno m\u00e1s cercano, le sirve para despejarse y repasar la agenda del d\u00eda siguiente junto a su jefa de gabinete. Aquella tarde de septiembre, la reciente candidata de M\u00e1s Madrid a la presidencia de la regi\u00f3n vio entre los \u00e1rboles a Isabel D\u00edaz Ayuso y al viceconsejero de Sanidad, Antonio Zapatero. La presidenta madrile\u00f1a acudi\u00f3 al banco donde estaba nada m\u00e1s verla:\u2014 \u00a1No me des mucha ca\u00f1a ma\u00f1ana en el debate, M\u00f3nica!Fue una conversaci\u00f3n distendida, pero reflejaba la imagen de la legislatura. Garc\u00eda, de 46 a\u00f1os, ha sido la diputada m\u00e1s detestada por los populares durante este corto a\u00f1o y medio de mandato de coalici\u00f3n entre PP y Ciudadanos. Su figura pol\u00edtica se ha potenciado de golpe. La pandemia, sin duda, la ha aupado como uno de los mazos m\u00e1s fuertes contra Ayuso en la Asamblea de Madrid. Hija de dos madrile\u00f1os psiquiatras de izquierdas, tuvo muy claro desde el principio que quer\u00eda estudiar Medicina. \u201cMis padres no me influyeron mucho en la decisi\u00f3n y, si lo hicieron, fue en el subconsciente\u201d, suele contar con cierta sorna a su n\u00facleo m\u00e1s cercano.Garc\u00eda siempre quiso ser traumat\u00f3loga, pero fue en las pr\u00e1cticas donde se dio cuenta de que a ella lo que le gustaba era hurgar en el mundo del dolor. Anestesista, se gradu\u00f3 en Medicina y Cirug\u00eda por la Universidad Complutense en la d\u00e9cada de los 90. Su primera bata blanca se la dieron en el Hospital 12 de octubre, uno de los buques insignias de la sanidad p\u00fablica madrile\u00f1a. 21 a\u00f1os despu\u00e9s, compagina la pol\u00edtica con las jornadas en el hospital.Desconocida por aquel entonces, su imagen se comparti\u00f3 de golpe entre los sanitarios cuando ejerci\u00f3 de portavoz en la Asociaci\u00f3n de Facultativos Especialistas de Madrid durante los a\u00f1os de hierro de Esperanza Aguirre. Fue una de las voces blancas en mitad de la tormenta. El 31 de octubre de 2012, el PP de Ignacio Gonz\u00e1lez anunciaba de sopet\u00f3n la privatizaci\u00f3n de seis hospitales p\u00fablicos. De la noche a la ma\u00f1ana, pasar\u00edan a ser gestionados por empresas. El cerebro de aquella operaci\u00f3n fue Javier Fern\u00e1ndez-Lasquetty, consejero de Sanidad en aquella \u00e9poca y ahora hombre de la cartera de Hacienda en el Gobierno de Ayuso.Los sanitarios lograron frenar esta maniobra con marchas en todas las calles y frente a los hospitales. Fue una movilizaci\u00f3n sin precedentes durante dos a\u00f1os. En primera fila siempre estaba Garc\u00eda, que comenzaba a ganar visibilidad p\u00fablica y que no dudaba en asistir a plat\u00f3s de televisi\u00f3n para responder a Aguirre y a Gonz\u00e1lez. \u201cEl servicio p\u00fablico debe ser gestionado por la empresa privada porque es m\u00e1s eficaz que la p\u00fablica\u201d, dijo Aguirre un domingo de 2014 en La Sexta. Siete d\u00edas despu\u00e9s, Garc\u00eda respond\u00eda as\u00ed en la misma silla que estuvo sentada la expresidenta: \u201cNo existe ninguna evidencia. Ahora bien, la gesti\u00f3n p\u00fablica debe gestionarse bien, bas\u00e1ndose en criterios independientes y cient\u00edficos. El problema es que los objetivos de nuestros gestores no son los pacientes, son los votantes. Por eso hacemos los hospitales que no necesitamos y no llevamos el dinero donde hay que llevarlo\u201d. La justicia dio la raz\u00f3n a los sanitarios. Lasquetty dimiti\u00f3 en 2014. Garc\u00eda, al o\u00edrlo, dio el paso. Cogi\u00f3 las llaves de la puerta de la pol\u00edtica.Embarazada de su primera hija, comenz\u00f3 a reunirse con algunos grandes nombres de Podemos en Madrid. Las elecciones auton\u00f3micas de mayo de 2015 estaban a la vuelta de la esquina. Jos\u00e9 Manuel L\u00f3pez, candidato a presidir la Comunidad por el partido, recuerda ahora por tel\u00e9fono c\u00f3mo convenci\u00f3 a Garc\u00eda para que fuera en su candidatura:\u2015 Ha llegado la hora, M\u00f3nica. Tienes que entrar.La anestesista fue colocada en el n\u00famero 22 de la lista. Podemos logr\u00f3 entonces 27 esca\u00f1os y m\u00e1s de medio mill\u00f3n de votos. \u201cMe cost\u00f3 convencerla, pero ten\u00eda que estar s\u00ed o s\u00ed porque era inmensamente trabajadora en los c\u00edrculos\u201d, recuerda L\u00f3pez, alejado ya de la pol\u00edtica desde 2016. \u201cHay parlamentarios que hablan muy bien, pero hay otros que bucean entre papeles. M\u00f3nica es de estos\u201d, recuerda otro diputado de aquella \u00e9poca. Al poco de entrar en la Asamblea, el grupo vio en ella un ascenso fulgurante.Apasionada del deporte, durante sus a\u00f1os de juventud practic\u00f3 atletismo. Compiti\u00f3 en 100 metros vallas, donde llego a las semifinales de los campeonatos de Espa\u00f1a. M\u00e1s tarde, recuerdan en su familia, le dio por el esqu\u00ed, donde conoci\u00f3 a Blanca Fern\u00e1ndez Ochoa. En 2019, con el surgimiento de M\u00e1s Pa\u00eds tras la escisi\u00f3n de Podemos, \u00cd\u00f1igo Errej\u00f3n quiso contar con ella desde el primer momento. \u201cHay que recordar que corr\u00eda peligro en las listas a la candidatura de Unidas Podemos a la Comunidad\u201d, cuenta por tel\u00e9fono el propio Errej\u00f3n. \u201cSab\u00edamos que era una figura en ascenso y por eso tambi\u00e9n fue de n\u00famero cinco en la candidatura de M\u00e1s Pa\u00eds a nivel nacional\u201d.\u201cEs una gran m\u00e9dica y muy combativa, pero nunca le perdonar\u00e9 que se abstuviera en la ley de salud bucodental\u201d, opina el portavoz de Sanidad del PSOE en la Asamblea, Jos\u00e9 Manuel Freire. \u201cM\u00f3nica es una antigua compa\u00f1era a la que respetamos y con la que esperamos poder entendernos despu\u00e9s de las elecciones\u201d, dec\u00edan este martes fuentes de Podemos. En los corrillos del PP se dirigen a ella como \u201cla pistolera\u201d por un gesto que hizo con el dedo a Lasquetty durante una sesi\u00f3n de control en el Parlamento madrile\u00f1o. Hace unos meses, los populares pidieron su dimisi\u00f3n por haber cobrado como diputada cuando estaba de baja como anestesista en el Hospital 12 de octubre, hecho que la propia Garc\u00eda hab\u00eda advertido antes a la Asamblea para que se subsanara. \u201cM\u00f3nica tiene un problema de actitud\u201d, cuenta un diputado de Ciudadanos. \u201cNo sabe distinguir entre el debate pol\u00edtico y la confrontaci\u00f3n personal. Piensa que todo se divide en trincheras y eso hace que no dialogue y queme los puentes de forma radical\u201d.Con la pandemia, M\u00e1s Madrid supo explotar de lleno en redes sociales sus intervenciones en las comisiones de Sanidad. Un golpe de efecto que la ha catapultado hasta el n\u00famero uno de la lista en una candidatura de izquierdas seis a\u00f1os despu\u00e9s de entrar en pol\u00edtica. \u201cLa gente asume los problemas cuando le son propios, no cuando le son ajenos\u201d, observaba durante una entrevista con este diario el pasado noviembre. \u201cLos sanitarios empatizamos. Tenemos un sustrato de sociedad individualista en el que no empatizamos con nuestro yo dentro de unos a\u00f1os, que son nuestros mayores\u201d.Tras el movimiento del lunes de Pablo Iglesias, algunos miembros de Unidas Podemos creyeron que Garc\u00eda ceder\u00eda y que M\u00e1s Madrid se unir\u00eda en una lista conjunta para las elecciones a la Comunidad. Garc\u00eda, sin embargo, le contest\u00f3 ayer con un \u00faltimo golpe: \u201cLas mujeres estamos cansadas de hacer el trabajo sucio para que en los momentos hist\u00f3ricos nos pidan que nos apartemos\u201d. En su despacho austero de la primera planta de la Asamblea donde tom\u00f3 esta decisi\u00f3n tiene un mapa de su pr\u00f3ximo objetivo: la Comunidad.<br \/>\n<br \/>\n<!--noindex--><br \/>\n<a href=\"https:\/\/elpais.com\/espana\/madrid\/2021-03-16\/monica-garcia-la-candidata-de-mas-madrid-que-le-ha-dicho-no-a-pablo-iglesias.html\" rel=\"nofollow\">Source link <\/a><br \/>\n<!--\/noindex--><\/p>\n","protected":false},"excerpt":{"rendered":"<p>Un d\u00eda antes del \u00faltimo debate sobre el estado de la Comunidad de Madrid, M\u00f3nica Garc\u00eda estaba de paseo con sus tres hijos por el parque de El Retiro. Una desconexi\u00f3n que suele hacer a diario y que, seg\u00fan su entorno m\u00e1s cercano, le sirve para despejarse y repasar la agenda del d\u00eda siguiente junto [&hellip;]<\/p>\n","protected":false},"author":2,"featured_media":1739,"comment_status":"open","ping_status":"open","sticky":false,"template":"","format":"standard","meta":{"footnotes":""},"categories":[3],"tags":[],"class_list":["post-1738","post","type-post","status-publish","format-standard","has-post-thumbnail","hentry","category-noticias-de-medios-sociales"],"yoast_head":"<!-- This site is optimized with the Yoast SEO plugin v27.4 - https:\/\/yoast.com\/product\/yoast-seo-wordpress\/ -->\n<title>M\u00f3nica Garc\u00eda, la candidata de M\u00e1s Madrid que le ha dicho no a Pablo Iglesias - Hot News in World<\/title>\n<meta name=\"robots\" content=\"index, follow, max-snippet:-1, max-image-preview:large, max-video-preview:-1\" \/>\n<link rel=\"canonical\" href=\"https:\/\/hotnewsinworld.com\/es\/monica-garcia-la-candidata-de-mas-madrid-que-le-ha-dicho-no-a-pablo-iglesias\/\" \/>\n<meta property=\"og:locale\" content=\"es_ES\" \/>\n<meta property=\"og:type\" content=\"article\" \/>\n<meta property=\"og:title\" content=\"M\u00f3nica Garc\u00eda, la candidata de M\u00e1s Madrid que le ha dicho no a Pablo Iglesias - Hot News in World\" \/>\n<meta property=\"og:description\" content=\"Un d\u00eda antes del \u00faltimo debate sobre el estado de la Comunidad de Madrid, M\u00f3nica Garc\u00eda estaba de paseo con sus tres hijos por el parque de El Retiro. Una desconexi\u00f3n que suele hacer a diario y que, seg\u00fan su entorno m\u00e1s cercano, le sirve para despejarse y repasar la agenda del d\u00eda siguiente junto [&hellip;]\" \/>\n<meta property=\"og:url\" content=\"https:\/\/hotnewsinworld.com\/es\/monica-garcia-la-candidata-de-mas-madrid-que-le-ha-dicho-no-a-pablo-iglesias\/\" \/>\n<meta property=\"og:site_name\" content=\"Hot News in World\" \/>\n<meta property=\"article:published_time\" content=\"2021-03-17T06:53:29+00:00\" \/>\n<meta property=\"article:modified_time\" content=\"2021-03-17T06:53:36+00:00\" \/>\n<meta property=\"og:image\" content=\"https:\/\/hotnewsinworld.com\/es\/wp-content\/uploads\/sites\/4\/2021\/03\/Monica-Garcia-la-candidata-de-Mas-Madrid-que-le-ha-scaled.jpg\" \/>\n\t<meta property=\"og:image:width\" content=\"2560\" \/>\n\t<meta property=\"og:image:height\" content=\"1707\" \/>\n\t<meta property=\"og:image:type\" content=\"image\/jpeg\" \/>\n<meta name=\"author\" content=\"hotnewsinworld\" \/>\n<meta name=\"twitter:card\" content=\"summary_large_image\" \/>\n<meta name=\"twitter:label1\" content=\"Escrito por\" \/>\n\t<meta name=\"twitter:data1\" content=\"hotnewsinworld\" \/>\n\t<meta name=\"twitter:label2\" content=\"Tiempo de lectura\" \/>\n\t<meta name=\"twitter:data2\" content=\"7 minutos\" \/>\n<script type=\"application\/ld+json\" class=\"yoast-schema-graph\">{\"@context\":\"https:\\\/\\\/schema.org\",\"@graph\":[{\"@type\":\"Article\",\"@id\":\"https:\\\/\\\/hotnewsinworld.com\\\/es\\\/monica-garcia-la-candidata-de-mas-madrid-que-le-ha-dicho-no-a-pablo-iglesias\\\/#article\",\"isPartOf\":{\"@id\":\"https:\\\/\\\/hotnewsinworld.com\\\/es\\\/monica-garcia-la-candidata-de-mas-madrid-que-le-ha-dicho-no-a-pablo-iglesias\\\/\"},\"author\":{\"name\":\"hotnewsinworld\",\"@id\":\"https:\\\/\\\/hotnewsinworld.com\\\/es\\\/#\\\/schema\\\/person\\\/fe61448b21c0d59086e75fcc1f9d8f6b\"},\"headline\":\"M\u00f3nica Garc\u00eda, la candidata de M\u00e1s Madrid que le ha dicho no a Pablo Iglesias\",\"datePublished\":\"2021-03-17T06:53:29+00:00\",\"dateModified\":\"2021-03-17T06:53:36+00:00\",\"mainEntityOfPage\":{\"@id\":\"https:\\\/\\\/hotnewsinworld.com\\\/es\\\/monica-garcia-la-candidata-de-mas-madrid-que-le-ha-dicho-no-a-pablo-iglesias\\\/\"},\"wordCount\":1330,\"commentCount\":0,\"image\":{\"@id\":\"https:\\\/\\\/hotnewsinworld.com\\\/es\\\/monica-garcia-la-candidata-de-mas-madrid-que-le-ha-dicho-no-a-pablo-iglesias\\\/#primaryimage\"},\"thumbnailUrl\":\"https:\\\/\\\/hotnewsinworld.com\\\/es\\\/wp-content\\\/uploads\\\/sites\\\/4\\\/2021\\\/03\\\/Monica-Garcia-la-candidata-de-Mas-Madrid-que-le-ha-scaled.jpg\",\"articleSection\":[\"NOTICIAS DE MEDIOS SOCIALES\"],\"inLanguage\":\"es\",\"potentialAction\":[{\"@type\":\"CommentAction\",\"name\":\"Comment\",\"target\":[\"https:\\\/\\\/hotnewsinworld.com\\\/es\\\/monica-garcia-la-candidata-de-mas-madrid-que-le-ha-dicho-no-a-pablo-iglesias\\\/#respond\"]}]},{\"@type\":\"WebPage\",\"@id\":\"https:\\\/\\\/hotnewsinworld.com\\\/es\\\/monica-garcia-la-candidata-de-mas-madrid-que-le-ha-dicho-no-a-pablo-iglesias\\\/\",\"url\":\"https:\\\/\\\/hotnewsinworld.com\\\/es\\\/monica-garcia-la-candidata-de-mas-madrid-que-le-ha-dicho-no-a-pablo-iglesias\\\/\",\"name\":\"M\u00f3nica Garc\u00eda, la candidata de M\u00e1s Madrid que le ha dicho no a Pablo Iglesias - Hot News in World\",\"isPartOf\":{\"@id\":\"https:\\\/\\\/hotnewsinworld.com\\\/es\\\/#website\"},\"primaryImageOfPage\":{\"@id\":\"https:\\\/\\\/hotnewsinworld.com\\\/es\\\/monica-garcia-la-candidata-de-mas-madrid-que-le-ha-dicho-no-a-pablo-iglesias\\\/#primaryimage\"},\"image\":{\"@id\":\"https:\\\/\\\/hotnewsinworld.com\\\/es\\\/monica-garcia-la-candidata-de-mas-madrid-que-le-ha-dicho-no-a-pablo-iglesias\\\/#primaryimage\"},\"thumbnailUrl\":\"https:\\\/\\\/hotnewsinworld.com\\\/es\\\/wp-content\\\/uploads\\\/sites\\\/4\\\/2021\\\/03\\\/Monica-Garcia-la-candidata-de-Mas-Madrid-que-le-ha-scaled.jpg\",\"datePublished\":\"2021-03-17T06:53:29+00:00\",\"dateModified\":\"2021-03-17T06:53:36+00:00\",\"author\":{\"@id\":\"https:\\\/\\\/hotnewsinworld.com\\\/es\\\/#\\\/schema\\\/person\\\/fe61448b21c0d59086e75fcc1f9d8f6b\"},\"breadcrumb\":{\"@id\":\"https:\\\/\\\/hotnewsinworld.com\\\/es\\\/monica-garcia-la-candidata-de-mas-madrid-que-le-ha-dicho-no-a-pablo-iglesias\\\/#breadcrumb\"},\"inLanguage\":\"es\",\"potentialAction\":[{\"@type\":\"ReadAction\",\"target\":[\"https:\\\/\\\/hotnewsinworld.com\\\/es\\\/monica-garcia-la-candidata-de-mas-madrid-que-le-ha-dicho-no-a-pablo-iglesias\\\/\"]}]},{\"@type\":\"ImageObject\",\"inLanguage\":\"es\",\"@id\":\"https:\\\/\\\/hotnewsinworld.com\\\/es\\\/monica-garcia-la-candidata-de-mas-madrid-que-le-ha-dicho-no-a-pablo-iglesias\\\/#primaryimage\",\"url\":\"https:\\\/\\\/hotnewsinworld.com\\\/es\\\/wp-content\\\/uploads\\\/sites\\\/4\\\/2021\\\/03\\\/Monica-Garcia-la-candidata-de-Mas-Madrid-que-le-ha-scaled.jpg\",\"contentUrl\":\"https:\\\/\\\/hotnewsinworld.com\\\/es\\\/wp-content\\\/uploads\\\/sites\\\/4\\\/2021\\\/03\\\/Monica-Garcia-la-candidata-de-Mas-Madrid-que-le-ha-scaled.jpg\",\"width\":2560,\"height\":1707,\"caption\":\"M\u00f3nica Garc\u00eda, la candidata de M\u00e1s Madrid que le ha dicho no a Pablo Iglesias\"},{\"@type\":\"BreadcrumbList\",\"@id\":\"https:\\\/\\\/hotnewsinworld.com\\\/es\\\/monica-garcia-la-candidata-de-mas-madrid-que-le-ha-dicho-no-a-pablo-iglesias\\\/#breadcrumb\",\"itemListElement\":[{\"@type\":\"ListItem\",\"position\":1,\"name\":\"\u0413\u043b\u0430\u0432\u043d\u0430\u044f \u0441\u0442\u0440\u0430\u043d\u0438\u0446\u0430\",\"item\":\"https:\\\/\\\/hotnewsinworld.com\\\/es\\\/\"},{\"@type\":\"ListItem\",\"position\":2,\"name\":\"M\u00f3nica Garc\u00eda, la candidata de M\u00e1s Madrid que le ha dicho no a Pablo Iglesias\"}]},{\"@type\":\"WebSite\",\"@id\":\"https:\\\/\\\/hotnewsinworld.com\\\/es\\\/#website\",\"url\":\"https:\\\/\\\/hotnewsinworld.com\\\/es\\\/\",\"name\":\"Hot News in World\",\"description\":\"Hot News in World from Spain\",\"potentialAction\":[{\"@type\":\"SearchAction\",\"target\":{\"@type\":\"EntryPoint\",\"urlTemplate\":\"https:\\\/\\\/hotnewsinworld.com\\\/es\\\/?s={search_term_string}\"},\"query-input\":{\"@type\":\"PropertyValueSpecification\",\"valueRequired\":true,\"valueName\":\"search_term_string\"}}],\"inLanguage\":\"es\"},{\"@type\":\"Person\",\"@id\":\"https:\\\/\\\/hotnewsinworld.com\\\/es\\\/#\\\/schema\\\/person\\\/fe61448b21c0d59086e75fcc1f9d8f6b\",\"name\":\"hotnewsinworld\",\"image\":{\"@type\":\"ImageObject\",\"inLanguage\":\"es\",\"@id\":\"https:\\\/\\\/secure.gravatar.com\\\/avatar\\\/8a09ac165600ce2e1c38fe593c63928eb1e6e7ba5c5a907d67787c41b3d00c14?s=96&d=mm&r=g\",\"url\":\"https:\\\/\\\/secure.gravatar.com\\\/avatar\\\/8a09ac165600ce2e1c38fe593c63928eb1e6e7ba5c5a907d67787c41b3d00c14?s=96&d=mm&r=g\",\"contentUrl\":\"https:\\\/\\\/secure.gravatar.com\\\/avatar\\\/8a09ac165600ce2e1c38fe593c63928eb1e6e7ba5c5a907d67787c41b3d00c14?s=96&d=mm&r=g\",\"caption\":\"hotnewsinworld\"},\"url\":\"https:\\\/\\\/hotnewsinworld.com\\\/es\\\/author\\\/pt\\\/\"}]}<\/script>\n<!-- \/ Yoast SEO plugin. -->","yoast_head_json":{"title":"M\u00f3nica Garc\u00eda, la candidata de M\u00e1s Madrid que le ha dicho no a Pablo Iglesias - Hot News in World","robots":{"index":"index","follow":"follow","max-snippet":"max-snippet:-1","max-image-preview":"max-image-preview:large","max-video-preview":"max-video-preview:-1"},"canonical":"https:\/\/hotnewsinworld.com\/es\/monica-garcia-la-candidata-de-mas-madrid-que-le-ha-dicho-no-a-pablo-iglesias\/","og_locale":"es_ES","og_type":"article","og_title":"M\u00f3nica Garc\u00eda, la candidata de M\u00e1s Madrid que le ha dicho no a Pablo Iglesias - Hot News in World","og_description":"Un d\u00eda antes del \u00faltimo debate sobre el estado de la Comunidad de Madrid, M\u00f3nica Garc\u00eda estaba de paseo con sus tres hijos por el parque de El Retiro. Una desconexi\u00f3n que suele hacer a diario y que, seg\u00fan su entorno m\u00e1s cercano, le sirve para despejarse y repasar la agenda del d\u00eda siguiente junto [&hellip;]","og_url":"https:\/\/hotnewsinworld.com\/es\/monica-garcia-la-candidata-de-mas-madrid-que-le-ha-dicho-no-a-pablo-iglesias\/","og_site_name":"Hot News in World","article_published_time":"2021-03-17T06:53:29+00:00","article_modified_time":"2021-03-17T06:53:36+00:00","og_image":[{"width":2560,"height":1707,"url":"https:\/\/hotnewsinworld.com\/es\/wp-content\/uploads\/sites\/4\/2021\/03\/Monica-Garcia-la-candidata-de-Mas-Madrid-que-le-ha-scaled.jpg","type":"image\/jpeg"}],"author":"hotnewsinworld","twitter_card":"summary_large_image","twitter_misc":{"Escrito por":"hotnewsinworld","Tiempo de lectura":"7 minutos"},"schema":{"@context":"https:\/\/schema.org","@graph":[{"@type":"Article","@id":"https:\/\/hotnewsinworld.com\/es\/monica-garcia-la-candidata-de-mas-madrid-que-le-ha-dicho-no-a-pablo-iglesias\/#article","isPartOf":{"@id":"https:\/\/hotnewsinworld.com\/es\/monica-garcia-la-candidata-de-mas-madrid-que-le-ha-dicho-no-a-pablo-iglesias\/"},"author":{"name":"hotnewsinworld","@id":"https:\/\/hotnewsinworld.com\/es\/#\/schema\/person\/fe61448b21c0d59086e75fcc1f9d8f6b"},"headline":"M\u00f3nica Garc\u00eda, la candidata de M\u00e1s Madrid que le ha dicho no a Pablo Iglesias","datePublished":"2021-03-17T06:53:29+00:00","dateModified":"2021-03-17T06:53:36+00:00","mainEntityOfPage":{"@id":"https:\/\/hotnewsinworld.com\/es\/monica-garcia-la-candidata-de-mas-madrid-que-le-ha-dicho-no-a-pablo-iglesias\/"},"wordCount":1330,"commentCount":0,"image":{"@id":"https:\/\/hotnewsinworld.com\/es\/monica-garcia-la-candidata-de-mas-madrid-que-le-ha-dicho-no-a-pablo-iglesias\/#primaryimage"},"thumbnailUrl":"https:\/\/hotnewsinworld.com\/es\/wp-content\/uploads\/sites\/4\/2021\/03\/Monica-Garcia-la-candidata-de-Mas-Madrid-que-le-ha-scaled.jpg","articleSection":["NOTICIAS DE MEDIOS SOCIALES"],"inLanguage":"es","potentialAction":[{"@type":"CommentAction","name":"Comment","target":["https:\/\/hotnewsinworld.com\/es\/monica-garcia-la-candidata-de-mas-madrid-que-le-ha-dicho-no-a-pablo-iglesias\/#respond"]}]},{"@type":"WebPage","@id":"https:\/\/hotnewsinworld.com\/es\/monica-garcia-la-candidata-de-mas-madrid-que-le-ha-dicho-no-a-pablo-iglesias\/","url":"https:\/\/hotnewsinworld.com\/es\/monica-garcia-la-candidata-de-mas-madrid-que-le-ha-dicho-no-a-pablo-iglesias\/","name":"M\u00f3nica Garc\u00eda, la candidata de M\u00e1s Madrid que le ha dicho no a Pablo Iglesias - Hot News in World","isPartOf":{"@id":"https:\/\/hotnewsinworld.com\/es\/#website"},"primaryImageOfPage":{"@id":"https:\/\/hotnewsinworld.com\/es\/monica-garcia-la-candidata-de-mas-madrid-que-le-ha-dicho-no-a-pablo-iglesias\/#primaryimage"},"image":{"@id":"https:\/\/hotnewsinworld.com\/es\/monica-garcia-la-candidata-de-mas-madrid-que-le-ha-dicho-no-a-pablo-iglesias\/#primaryimage"},"thumbnailUrl":"https:\/\/hotnewsinworld.com\/es\/wp-content\/uploads\/sites\/4\/2021\/03\/Monica-Garcia-la-candidata-de-Mas-Madrid-que-le-ha-scaled.jpg","datePublished":"2021-03-17T06:53:29+00:00","dateModified":"2021-03-17T06:53:36+00:00","author":{"@id":"https:\/\/hotnewsinworld.com\/es\/#\/schema\/person\/fe61448b21c0d59086e75fcc1f9d8f6b"},"breadcrumb":{"@id":"https:\/\/hotnewsinworld.com\/es\/monica-garcia-la-candidata-de-mas-madrid-que-le-ha-dicho-no-a-pablo-iglesias\/#breadcrumb"},"inLanguage":"es","potentialAction":[{"@type":"ReadAction","target":["https:\/\/hotnewsinworld.com\/es\/monica-garcia-la-candidata-de-mas-madrid-que-le-ha-dicho-no-a-pablo-iglesias\/"]}]},{"@type":"ImageObject","inLanguage":"es","@id":"https:\/\/hotnewsinworld.com\/es\/monica-garcia-la-candidata-de-mas-madrid-que-le-ha-dicho-no-a-pablo-iglesias\/#primaryimage","url":"https:\/\/hotnewsinworld.com\/es\/wp-content\/uploads\/sites\/4\/2021\/03\/Monica-Garcia-la-candidata-de-Mas-Madrid-que-le-ha-scaled.jpg","contentUrl":"https:\/\/hotnewsinworld.com\/es\/wp-content\/uploads\/sites\/4\/2021\/03\/Monica-Garcia-la-candidata-de-Mas-Madrid-que-le-ha-scaled.jpg","width":2560,"height":1707,"caption":"M\u00f3nica Garc\u00eda, la candidata de M\u00e1s Madrid que le ha dicho no a Pablo Iglesias"},{"@type":"BreadcrumbList","@id":"https:\/\/hotnewsinworld.com\/es\/monica-garcia-la-candidata-de-mas-madrid-que-le-ha-dicho-no-a-pablo-iglesias\/#breadcrumb","itemListElement":[{"@type":"ListItem","position":1,"name":"\u0413\u043b\u0430\u0432\u043d\u0430\u044f \u0441\u0442\u0440\u0430\u043d\u0438\u0446\u0430","item":"https:\/\/hotnewsinworld.com\/es\/"},{"@type":"ListItem","position":2,"name":"M\u00f3nica Garc\u00eda, la candidata de M\u00e1s Madrid que le ha dicho no a Pablo Iglesias"}]},{"@type":"WebSite","@id":"https:\/\/hotnewsinworld.com\/es\/#website","url":"https:\/\/hotnewsinworld.com\/es\/","name":"Hot News in World","description":"Hot News in World from Spain","potentialAction":[{"@type":"SearchAction","target":{"@type":"EntryPoint","urlTemplate":"https:\/\/hotnewsinworld.com\/es\/?s={search_term_string}"},"query-input":{"@type":"PropertyValueSpecification","valueRequired":true,"valueName":"search_term_string"}}],"inLanguage":"es"},{"@type":"Person","@id":"https:\/\/hotnewsinworld.com\/es\/#\/schema\/person\/fe61448b21c0d59086e75fcc1f9d8f6b","name":"hotnewsinworld","image":{"@type":"ImageObject","inLanguage":"es","@id":"https:\/\/secure.gravatar.com\/avatar\/8a09ac165600ce2e1c38fe593c63928eb1e6e7ba5c5a907d67787c41b3d00c14?s=96&d=mm&r=g","url":"https:\/\/secure.gravatar.com\/avatar\/8a09ac165600ce2e1c38fe593c63928eb1e6e7ba5c5a907d67787c41b3d00c14?s=96&d=mm&r=g","contentUrl":"https:\/\/secure.gravatar.com\/avatar\/8a09ac165600ce2e1c38fe593c63928eb1e6e7ba5c5a907d67787c41b3d00c14?s=96&d=mm&r=g","caption":"hotnewsinworld"},"url":"https:\/\/hotnewsinworld.com\/es\/author\/pt\/"}]}},"_links":{"self":[{"href":"https:\/\/hotnewsinworld.com\/es\/wp-json\/wp\/v2\/posts\/1738","targetHints":{"allow":["GET"]}}],"collection":[{"href":"https:\/\/hotnewsinworld.com\/es\/wp-json\/wp\/v2\/posts"}],"about":[{"href":"https:\/\/hotnewsinworld.com\/es\/wp-json\/wp\/v2\/types\/post"}],"author":[{"embeddable":true,"href":"https:\/\/hotnewsinworld.com\/es\/wp-json\/wp\/v2\/users\/2"}],"replies":[{"embeddable":true,"href":"https:\/\/hotnewsinworld.com\/es\/wp-json\/wp\/v2\/comments?post=1738"}],"version-history":[{"count":1,"href":"https:\/\/hotnewsinworld.com\/es\/wp-json\/wp\/v2\/posts\/1738\/revisions"}],"predecessor-version":[{"id":1740,"href":"https:\/\/hotnewsinworld.com\/es\/wp-json\/wp\/v2\/posts\/1738\/revisions\/1740"}],"wp:featuredmedia":[{"embeddable":true,"href":"https:\/\/hotnewsinworld.com\/es\/wp-json\/wp\/v2\/media\/1739"}],"wp:attachment":[{"href":"https:\/\/hotnewsinworld.com\/es\/wp-json\/wp\/v2\/media?parent=1738"}],"wp:term":[{"taxonomy":"category","embeddable":true,"href":"https:\/\/hotnewsinworld.com\/es\/wp-json\/wp\/v2\/categories?post=1738"},{"taxonomy":"post_tag","embeddable":true,"href":"https:\/\/hotnewsinworld.com\/es\/wp-json\/wp\/v2\/tags?post=1738"}],"curies":[{"name":"wp","href":"https:\/\/api.w.org\/{rel}","templated":true}]}}