{"id":2167,"date":"2021-04-21T13:19:03","date_gmt":"2021-04-21T10:19:03","guid":{"rendered":"https:\/\/hotnewsinworld.com\/es\/pakistan-se-plantea-la-expulsion-del-embajador-frances-para-frenar-una-oleada-de-protestas\/"},"modified":"2021-04-21T13:19:10","modified_gmt":"2021-04-21T10:19:10","slug":"pakistan-se-plantea-la-expulsion-del-embajador-frances-para-frenar-una-oleada-de-protestas","status":"publish","type":"post","link":"https:\/\/hotnewsinworld.com\/es\/pakistan-se-plantea-la-expulsion-del-embajador-frances-para-frenar-una-oleada-de-protestas\/","title":{"rendered":"Pakist\u00e1n se plantea la expulsi\u00f3n del embajador franc\u00e9s para frenar una oleada de protestas"},"content":{"rendered":"<p>Simpatizantes del grupo islamista radical Tehrik-e-Labaik Pakistan piden la expulsi\u00f3n del embajador franc\u00e9s, este martes, en la ciudad paquistan\u00ed de Lahore.RAHAT DAR \/ EFEEl Gobierno de Pakist\u00e1n ha planteado este martes al Parlamento la conveniencia de expulsar al embajador franc\u00e9s, en un intento de frenar la ola de protestas antifrancesas por todo el pa\u00eds. La inusual moci\u00f3n busca apaciguar al partido islamista sun\u00ed radical que est\u00e1 detr\u00e1s de la violenta campa\u00f1a para que se le retire el pl\u00e1cet y se proh\u00edba la importaci\u00f3n de productos de Francia por la publicaci\u00f3n en ese pa\u00eds de caricaturas de Mahoma. Aunque el voto del Legislativo no es vinculante, el gesto del Gobierno, que tambi\u00e9n ha dejado en libertad al l\u00edder del grupo promotor de las protestas, subraya la capacidad de presi\u00f3n que tienen los extremistas violentos.La v\u00edspera, el primer ministro paquistan\u00ed, Imran Khan, intent\u00f3 calmar los \u00e1nimos con una intervenci\u00f3n televisada. Asegur\u00f3 que su Gobierno y el Tehrik-e-Labaik Pakistan (TLP), el partido causante de la crisis, ten\u00edan el mismo objetivo: poner fin a los casos de blasfemia contra el profeta del islam en el mundo. \u201cSolo nuestros m\u00e9todos son diferentes\u201d, dijo antes de explicar que la expulsi\u00f3n del embajador y la ruptura de relaciones da\u00f1ar\u00edan a Pakist\u00e1n. Igual situaci\u00f3n, a\u00f1adi\u00f3, podr\u00eda darse en cualquier otro pa\u00eds europeo \u201cen nombre de la libertad de expresi\u00f3n\u201d. Entonces, cuestion\u00f3, \u201c\u00bftambi\u00e9n expulsar\u00edamos a su embajador?\u201d. La mitad de las exportaciones paquistan\u00edes se venden en la UE.M\u00e1s informaci\u00f3nAun as\u00ed, el ministro del Interior, Sheikh Rashid Ahmad, anunci\u00f3 el martes que, \u201ctras largas negociaciones con el TLP\u201d, el Ejecutivo hab\u00eda acordado presentar la moci\u00f3n en la Asamblea Nacional. Tambi\u00e9n ha retirado todos los cargos contra el grupo a cambio de que ponga fin a las protestas. Poco antes de la sesi\u00f3n parlamentaria, el diario Dawn inform\u00f3 de la puesta en libertad del l\u00edder del TLP, Saad Rizvi, detenido el lunes de la semana pasada cuando empez\u00f3 a agitar a sus huestes. Un portavoz del grupo desconvoc\u00f3 las manifestaciones, aunque la orden de retirada tard\u00f3 en hacerse efectiva, al menos en Lahore, donde miles de seguidores se hab\u00edan congregado ante su sede, seg\u00fan informa la agencia Reuters.De momento, el Gobierno ha logrado diluir la tensi\u00f3n, pero no resolver el problema. Durante la convocatoria especial del Parlamento (que se encontraba en un receso), ha enviado una propuesta para su estudio a un comit\u00e9 y suspendido la sesi\u00f3n. Ese proceder ha suscitado las quejas de la oposici\u00f3n, que ped\u00eda detalles del pacto alcanzado con el TLP.La gravedad del desaf\u00edo planteado por este grupo fue de tal calibre que la semana pasada el Gobierno decidi\u00f3 ilegalizarlo despu\u00e9s de que sus simpatizantes bloquearan el acceso a las principales ciudades del pa\u00eds y atacaran a la polic\u00eda. Al menos cuatro agentes han muerto, 11 fueron tomados como rehenes (aunque luego liberados) y varios centenares de personas resultaron heridas en los enfrentamientos.Ante el cariz de los acontecimientos, la Embajada de Francia en Islamabad pidi\u00f3 a sus ciudadanos el pasado jueves que salieran de Pakist\u00e1n de forma temporal, un llamamiento que seg\u00fan la agencia France Presse ha sido mayoritariamente ignorado. Este lunes, la legaci\u00f3n diplom\u00e1tica recomend\u00f3 a quienes hab\u00edan optado por quedarse que evitaran las manifestaciones y tuvieran \u201cmucha prudencia\u201d.El TLP inici\u00f3 su campa\u00f1a antifrancesa a ra\u00edz de que el presidente franc\u00e9s, Emmanuel Macron, defendiera, en octubre del a\u00f1o pasado, que la libertad de expresi\u00f3n inclu\u00eda el derecho de caricaturizar a cualquiera. Macron interven\u00eda en un homenaje al profesor asesinado tras mostrar a sus alumnos las pol\u00e9micas caricaturas de Mahoma reci\u00e9n republicadas por el semanario Charlie Hebdo. El grupo extremista paquistan\u00ed, que considera blasfema su mera representaci\u00f3n, pidi\u00f3 que se expulsara al embajador de Francia y se prohibiera la importaci\u00f3n de productos de ese pa\u00eds.El Gobierno de Islamabad logr\u00f3 entonces frenar el choque con el compromiso de llevar el asunto al Parlamento y resolverlo en tres meses, plazo luego extendido hasta el 20 de abril. Pero el lunes de la semana pasada, el l\u00edder del TLP convoc\u00f3 una marcha para ese d\u00eda si no se cumpl\u00edan sus exigencias. El Gobierno opt\u00f3 entonces por detenerle. Pocas horas despu\u00e9s, el grupo organizaba protestas por todo el pa\u00eds y sus seguidores bloqueaban con sentadas carreteras, autopistas y v\u00edas del tren. A la vista de los hechos, las autoridades anunciaron el d\u00eda 15 la ilegalizaci\u00f3n del TLP bajo la ley antiterrorista.El TLP, que aboga por la implantaci\u00f3n de la ley isl\u00e1mica, se fund\u00f3 en 2015 tras la ejecuci\u00f3n del asesino de Salman Taseer, un pol\u00edtico que defendi\u00f3 a la cristiana falsamente acusada de blasfemia Asia Bibi. Ese concepto de insulto al islam, su profeta o su libro sagrado est\u00e1 fuertemente arraigado entre los sectores m\u00e1s conservadores del pa\u00eds, que tiene una elevada tasa de analfabetismo entre sus 225 millones de habitantes (el 96,5% de ellos musulmanes) y los extremistas lo explotan para avanzar sus objetivos.<br \/>\n<br \/>\n<!--noindex--><br \/>\n<a href=\"https:\/\/elpais.com\/internacional\/2021-04-20\/el-gobierno-de-pakistan-plantea-la-expulsion-del-embajador-frances-para-frenar-una-oleada-de-protestas.html\" rel=\"nofollow\">Source link <\/a><br \/>\n<!--\/noindex--><\/p>\n","protected":false},"excerpt":{"rendered":"<p>Simpatizantes del grupo islamista radical Tehrik-e-Labaik Pakistan piden la expulsi\u00f3n del embajador franc\u00e9s, este martes, en la ciudad paquistan\u00ed de Lahore.RAHAT DAR \/ EFEEl Gobierno de Pakist\u00e1n ha planteado este martes al Parlamento la conveniencia de expulsar al embajador franc\u00e9s, en un intento de frenar la ola de protestas antifrancesas por todo el pa\u00eds. La [&hellip;]<\/p>\n","protected":false},"author":2,"featured_media":2168,"comment_status":"open","ping_status":"open","sticky":false,"template":"","format":"standard","meta":{"footnotes":""},"categories":[1],"tags":[],"class_list":["post-2167","post","type-post","status-publish","format-standard","has-post-thumbnail","hentry","category-ultimas-noticias-financieras"],"yoast_head":"<!-- This site is optimized with the Yoast SEO plugin v27.4 - https:\/\/yoast.com\/product\/yoast-seo-wordpress\/ -->\n<title>Pakist\u00e1n se plantea la expulsi\u00f3n del embajador franc\u00e9s para frenar una oleada de protestas - Hot News in World<\/title>\n<meta name=\"robots\" content=\"index, follow, max-snippet:-1, max-image-preview:large, max-video-preview:-1\" \/>\n<link rel=\"canonical\" href=\"https:\/\/hotnewsinworld.com\/es\/pakistan-se-plantea-la-expulsion-del-embajador-frances-para-frenar-una-oleada-de-protestas\/\" \/>\n<meta property=\"og:locale\" content=\"es_ES\" \/>\n<meta property=\"og:type\" content=\"article\" \/>\n<meta property=\"og:title\" content=\"Pakist\u00e1n se plantea la expulsi\u00f3n del embajador franc\u00e9s para frenar una oleada de protestas - Hot News in World\" \/>\n<meta property=\"og:description\" content=\"Simpatizantes del grupo islamista radical Tehrik-e-Labaik Pakistan piden la expulsi\u00f3n del embajador franc\u00e9s, este martes, en la ciudad paquistan\u00ed de Lahore.RAHAT DAR \/ EFEEl Gobierno de Pakist\u00e1n ha planteado este martes al Parlamento la conveniencia de expulsar al embajador franc\u00e9s, en un intento de frenar la ola de protestas antifrancesas por todo el pa\u00eds. La [&hellip;]\" \/>\n<meta property=\"og:url\" content=\"https:\/\/hotnewsinworld.com\/es\/pakistan-se-plantea-la-expulsion-del-embajador-frances-para-frenar-una-oleada-de-protestas\/\" \/>\n<meta property=\"og:site_name\" content=\"Hot News in World\" \/>\n<meta property=\"article:published_time\" content=\"2021-04-21T10:19:03+00:00\" \/>\n<meta property=\"article:modified_time\" content=\"2021-04-21T10:19:10+00:00\" \/>\n<meta property=\"og:image\" content=\"https:\/\/hotnewsinworld.com\/es\/wp-content\/uploads\/sites\/4\/2021\/04\/Pakistan-se-plantea-la-expulsion-del-embajador-frances-para-frenar-scaled.jpg\" \/>\n\t<meta property=\"og:image:width\" content=\"2560\" \/>\n\t<meta property=\"og:image:height\" content=\"1709\" \/>\n\t<meta property=\"og:image:type\" content=\"image\/jpeg\" \/>\n<meta name=\"author\" content=\"hotnewsinworld\" \/>\n<meta name=\"twitter:card\" content=\"summary_large_image\" \/>\n<meta name=\"twitter:label1\" content=\"Escrito por\" \/>\n\t<meta name=\"twitter:data1\" content=\"hotnewsinworld\" \/>\n\t<meta name=\"twitter:label2\" content=\"Tiempo de lectura\" \/>\n\t<meta name=\"twitter:data2\" content=\"4 minutos\" \/>\n<script type=\"application\/ld+json\" class=\"yoast-schema-graph\">{\"@context\":\"https:\\\/\\\/schema.org\",\"@graph\":[{\"@type\":\"Article\",\"@id\":\"https:\\\/\\\/hotnewsinworld.com\\\/es\\\/pakistan-se-plantea-la-expulsion-del-embajador-frances-para-frenar-una-oleada-de-protestas\\\/#article\",\"isPartOf\":{\"@id\":\"https:\\\/\\\/hotnewsinworld.com\\\/es\\\/pakistan-se-plantea-la-expulsion-del-embajador-frances-para-frenar-una-oleada-de-protestas\\\/\"},\"author\":{\"name\":\"hotnewsinworld\",\"@id\":\"https:\\\/\\\/hotnewsinworld.com\\\/es\\\/#\\\/schema\\\/person\\\/fe61448b21c0d59086e75fcc1f9d8f6b\"},\"headline\":\"Pakist\u00e1n se plantea la expulsi\u00f3n del embajador franc\u00e9s para frenar una oleada de protestas\",\"datePublished\":\"2021-04-21T10:19:03+00:00\",\"dateModified\":\"2021-04-21T10:19:10+00:00\",\"mainEntityOfPage\":{\"@id\":\"https:\\\/\\\/hotnewsinworld.com\\\/es\\\/pakistan-se-plantea-la-expulsion-del-embajador-frances-para-frenar-una-oleada-de-protestas\\\/\"},\"wordCount\":905,\"commentCount\":0,\"image\":{\"@id\":\"https:\\\/\\\/hotnewsinworld.com\\\/es\\\/pakistan-se-plantea-la-expulsion-del-embajador-frances-para-frenar-una-oleada-de-protestas\\\/#primaryimage\"},\"thumbnailUrl\":\"https:\\\/\\\/hotnewsinworld.com\\\/es\\\/wp-content\\\/uploads\\\/sites\\\/4\\\/2021\\\/04\\\/Pakistan-se-plantea-la-expulsion-del-embajador-frances-para-frenar-scaled.jpg\",\"articleSection\":[\"\u00daLTIMAS NOTICIAS FINANCIERAS\"],\"inLanguage\":\"es\",\"potentialAction\":[{\"@type\":\"CommentAction\",\"name\":\"Comment\",\"target\":[\"https:\\\/\\\/hotnewsinworld.com\\\/es\\\/pakistan-se-plantea-la-expulsion-del-embajador-frances-para-frenar-una-oleada-de-protestas\\\/#respond\"]}]},{\"@type\":\"WebPage\",\"@id\":\"https:\\\/\\\/hotnewsinworld.com\\\/es\\\/pakistan-se-plantea-la-expulsion-del-embajador-frances-para-frenar-una-oleada-de-protestas\\\/\",\"url\":\"https:\\\/\\\/hotnewsinworld.com\\\/es\\\/pakistan-se-plantea-la-expulsion-del-embajador-frances-para-frenar-una-oleada-de-protestas\\\/\",\"name\":\"Pakist\u00e1n se plantea la expulsi\u00f3n del embajador franc\u00e9s para frenar una oleada de protestas - Hot News in World\",\"isPartOf\":{\"@id\":\"https:\\\/\\\/hotnewsinworld.com\\\/es\\\/#website\"},\"primaryImageOfPage\":{\"@id\":\"https:\\\/\\\/hotnewsinworld.com\\\/es\\\/pakistan-se-plantea-la-expulsion-del-embajador-frances-para-frenar-una-oleada-de-protestas\\\/#primaryimage\"},\"image\":{\"@id\":\"https:\\\/\\\/hotnewsinworld.com\\\/es\\\/pakistan-se-plantea-la-expulsion-del-embajador-frances-para-frenar-una-oleada-de-protestas\\\/#primaryimage\"},\"thumbnailUrl\":\"https:\\\/\\\/hotnewsinworld.com\\\/es\\\/wp-content\\\/uploads\\\/sites\\\/4\\\/2021\\\/04\\\/Pakistan-se-plantea-la-expulsion-del-embajador-frances-para-frenar-scaled.jpg\",\"datePublished\":\"2021-04-21T10:19:03+00:00\",\"dateModified\":\"2021-04-21T10:19:10+00:00\",\"author\":{\"@id\":\"https:\\\/\\\/hotnewsinworld.com\\\/es\\\/#\\\/schema\\\/person\\\/fe61448b21c0d59086e75fcc1f9d8f6b\"},\"breadcrumb\":{\"@id\":\"https:\\\/\\\/hotnewsinworld.com\\\/es\\\/pakistan-se-plantea-la-expulsion-del-embajador-frances-para-frenar-una-oleada-de-protestas\\\/#breadcrumb\"},\"inLanguage\":\"es\",\"potentialAction\":[{\"@type\":\"ReadAction\",\"target\":[\"https:\\\/\\\/hotnewsinworld.com\\\/es\\\/pakistan-se-plantea-la-expulsion-del-embajador-frances-para-frenar-una-oleada-de-protestas\\\/\"]}]},{\"@type\":\"ImageObject\",\"inLanguage\":\"es\",\"@id\":\"https:\\\/\\\/hotnewsinworld.com\\\/es\\\/pakistan-se-plantea-la-expulsion-del-embajador-frances-para-frenar-una-oleada-de-protestas\\\/#primaryimage\",\"url\":\"https:\\\/\\\/hotnewsinworld.com\\\/es\\\/wp-content\\\/uploads\\\/sites\\\/4\\\/2021\\\/04\\\/Pakistan-se-plantea-la-expulsion-del-embajador-frances-para-frenar-scaled.jpg\",\"contentUrl\":\"https:\\\/\\\/hotnewsinworld.com\\\/es\\\/wp-content\\\/uploads\\\/sites\\\/4\\\/2021\\\/04\\\/Pakistan-se-plantea-la-expulsion-del-embajador-frances-para-frenar-scaled.jpg\",\"width\":2560,\"height\":1709,\"caption\":\"Pakist\u00e1n se plantea la expulsi\u00f3n del embajador franc\u00e9s para frenar una oleada de protestas\"},{\"@type\":\"BreadcrumbList\",\"@id\":\"https:\\\/\\\/hotnewsinworld.com\\\/es\\\/pakistan-se-plantea-la-expulsion-del-embajador-frances-para-frenar-una-oleada-de-protestas\\\/#breadcrumb\",\"itemListElement\":[{\"@type\":\"ListItem\",\"position\":1,\"name\":\"\u0413\u043b\u0430\u0432\u043d\u0430\u044f \u0441\u0442\u0440\u0430\u043d\u0438\u0446\u0430\",\"item\":\"https:\\\/\\\/hotnewsinworld.com\\\/es\\\/\"},{\"@type\":\"ListItem\",\"position\":2,\"name\":\"Pakist\u00e1n se plantea la expulsi\u00f3n del embajador franc\u00e9s para frenar una oleada de protestas\"}]},{\"@type\":\"WebSite\",\"@id\":\"https:\\\/\\\/hotnewsinworld.com\\\/es\\\/#website\",\"url\":\"https:\\\/\\\/hotnewsinworld.com\\\/es\\\/\",\"name\":\"Hot News in World\",\"description\":\"Hot News in World from Spain\",\"potentialAction\":[{\"@type\":\"SearchAction\",\"target\":{\"@type\":\"EntryPoint\",\"urlTemplate\":\"https:\\\/\\\/hotnewsinworld.com\\\/es\\\/?s={search_term_string}\"},\"query-input\":{\"@type\":\"PropertyValueSpecification\",\"valueRequired\":true,\"valueName\":\"search_term_string\"}}],\"inLanguage\":\"es\"},{\"@type\":\"Person\",\"@id\":\"https:\\\/\\\/hotnewsinworld.com\\\/es\\\/#\\\/schema\\\/person\\\/fe61448b21c0d59086e75fcc1f9d8f6b\",\"name\":\"hotnewsinworld\",\"image\":{\"@type\":\"ImageObject\",\"inLanguage\":\"es\",\"@id\":\"https:\\\/\\\/secure.gravatar.com\\\/avatar\\\/8a09ac165600ce2e1c38fe593c63928eb1e6e7ba5c5a907d67787c41b3d00c14?s=96&d=mm&r=g\",\"url\":\"https:\\\/\\\/secure.gravatar.com\\\/avatar\\\/8a09ac165600ce2e1c38fe593c63928eb1e6e7ba5c5a907d67787c41b3d00c14?s=96&d=mm&r=g\",\"contentUrl\":\"https:\\\/\\\/secure.gravatar.com\\\/avatar\\\/8a09ac165600ce2e1c38fe593c63928eb1e6e7ba5c5a907d67787c41b3d00c14?s=96&d=mm&r=g\",\"caption\":\"hotnewsinworld\"},\"url\":\"https:\\\/\\\/hotnewsinworld.com\\\/es\\\/author\\\/pt\\\/\"}]}<\/script>\n<!-- \/ Yoast SEO plugin. -->","yoast_head_json":{"title":"Pakist\u00e1n se plantea la expulsi\u00f3n del embajador franc\u00e9s para frenar una oleada de protestas - Hot News in World","robots":{"index":"index","follow":"follow","max-snippet":"max-snippet:-1","max-image-preview":"max-image-preview:large","max-video-preview":"max-video-preview:-1"},"canonical":"https:\/\/hotnewsinworld.com\/es\/pakistan-se-plantea-la-expulsion-del-embajador-frances-para-frenar-una-oleada-de-protestas\/","og_locale":"es_ES","og_type":"article","og_title":"Pakist\u00e1n se plantea la expulsi\u00f3n del embajador franc\u00e9s para frenar una oleada de protestas - Hot News in World","og_description":"Simpatizantes del grupo islamista radical Tehrik-e-Labaik Pakistan piden la expulsi\u00f3n del embajador franc\u00e9s, este martes, en la ciudad paquistan\u00ed de Lahore.RAHAT DAR \/ EFEEl Gobierno de Pakist\u00e1n ha planteado este martes al Parlamento la conveniencia de expulsar al embajador franc\u00e9s, en un intento de frenar la ola de protestas antifrancesas por todo el pa\u00eds. La [&hellip;]","og_url":"https:\/\/hotnewsinworld.com\/es\/pakistan-se-plantea-la-expulsion-del-embajador-frances-para-frenar-una-oleada-de-protestas\/","og_site_name":"Hot News in World","article_published_time":"2021-04-21T10:19:03+00:00","article_modified_time":"2021-04-21T10:19:10+00:00","og_image":[{"width":2560,"height":1709,"url":"https:\/\/hotnewsinworld.com\/es\/wp-content\/uploads\/sites\/4\/2021\/04\/Pakistan-se-plantea-la-expulsion-del-embajador-frances-para-frenar-scaled.jpg","type":"image\/jpeg"}],"author":"hotnewsinworld","twitter_card":"summary_large_image","twitter_misc":{"Escrito por":"hotnewsinworld","Tiempo de lectura":"4 minutos"},"schema":{"@context":"https:\/\/schema.org","@graph":[{"@type":"Article","@id":"https:\/\/hotnewsinworld.com\/es\/pakistan-se-plantea-la-expulsion-del-embajador-frances-para-frenar-una-oleada-de-protestas\/#article","isPartOf":{"@id":"https:\/\/hotnewsinworld.com\/es\/pakistan-se-plantea-la-expulsion-del-embajador-frances-para-frenar-una-oleada-de-protestas\/"},"author":{"name":"hotnewsinworld","@id":"https:\/\/hotnewsinworld.com\/es\/#\/schema\/person\/fe61448b21c0d59086e75fcc1f9d8f6b"},"headline":"Pakist\u00e1n se plantea la expulsi\u00f3n del embajador franc\u00e9s para frenar una oleada de protestas","datePublished":"2021-04-21T10:19:03+00:00","dateModified":"2021-04-21T10:19:10+00:00","mainEntityOfPage":{"@id":"https:\/\/hotnewsinworld.com\/es\/pakistan-se-plantea-la-expulsion-del-embajador-frances-para-frenar-una-oleada-de-protestas\/"},"wordCount":905,"commentCount":0,"image":{"@id":"https:\/\/hotnewsinworld.com\/es\/pakistan-se-plantea-la-expulsion-del-embajador-frances-para-frenar-una-oleada-de-protestas\/#primaryimage"},"thumbnailUrl":"https:\/\/hotnewsinworld.com\/es\/wp-content\/uploads\/sites\/4\/2021\/04\/Pakistan-se-plantea-la-expulsion-del-embajador-frances-para-frenar-scaled.jpg","articleSection":["\u00daLTIMAS NOTICIAS FINANCIERAS"],"inLanguage":"es","potentialAction":[{"@type":"CommentAction","name":"Comment","target":["https:\/\/hotnewsinworld.com\/es\/pakistan-se-plantea-la-expulsion-del-embajador-frances-para-frenar-una-oleada-de-protestas\/#respond"]}]},{"@type":"WebPage","@id":"https:\/\/hotnewsinworld.com\/es\/pakistan-se-plantea-la-expulsion-del-embajador-frances-para-frenar-una-oleada-de-protestas\/","url":"https:\/\/hotnewsinworld.com\/es\/pakistan-se-plantea-la-expulsion-del-embajador-frances-para-frenar-una-oleada-de-protestas\/","name":"Pakist\u00e1n se plantea la expulsi\u00f3n del embajador franc\u00e9s para frenar una oleada de protestas - Hot News in World","isPartOf":{"@id":"https:\/\/hotnewsinworld.com\/es\/#website"},"primaryImageOfPage":{"@id":"https:\/\/hotnewsinworld.com\/es\/pakistan-se-plantea-la-expulsion-del-embajador-frances-para-frenar-una-oleada-de-protestas\/#primaryimage"},"image":{"@id":"https:\/\/hotnewsinworld.com\/es\/pakistan-se-plantea-la-expulsion-del-embajador-frances-para-frenar-una-oleada-de-protestas\/#primaryimage"},"thumbnailUrl":"https:\/\/hotnewsinworld.com\/es\/wp-content\/uploads\/sites\/4\/2021\/04\/Pakistan-se-plantea-la-expulsion-del-embajador-frances-para-frenar-scaled.jpg","datePublished":"2021-04-21T10:19:03+00:00","dateModified":"2021-04-21T10:19:10+00:00","author":{"@id":"https:\/\/hotnewsinworld.com\/es\/#\/schema\/person\/fe61448b21c0d59086e75fcc1f9d8f6b"},"breadcrumb":{"@id":"https:\/\/hotnewsinworld.com\/es\/pakistan-se-plantea-la-expulsion-del-embajador-frances-para-frenar-una-oleada-de-protestas\/#breadcrumb"},"inLanguage":"es","potentialAction":[{"@type":"ReadAction","target":["https:\/\/hotnewsinworld.com\/es\/pakistan-se-plantea-la-expulsion-del-embajador-frances-para-frenar-una-oleada-de-protestas\/"]}]},{"@type":"ImageObject","inLanguage":"es","@id":"https:\/\/hotnewsinworld.com\/es\/pakistan-se-plantea-la-expulsion-del-embajador-frances-para-frenar-una-oleada-de-protestas\/#primaryimage","url":"https:\/\/hotnewsinworld.com\/es\/wp-content\/uploads\/sites\/4\/2021\/04\/Pakistan-se-plantea-la-expulsion-del-embajador-frances-para-frenar-scaled.jpg","contentUrl":"https:\/\/hotnewsinworld.com\/es\/wp-content\/uploads\/sites\/4\/2021\/04\/Pakistan-se-plantea-la-expulsion-del-embajador-frances-para-frenar-scaled.jpg","width":2560,"height":1709,"caption":"Pakist\u00e1n se plantea la expulsi\u00f3n del embajador franc\u00e9s para frenar una oleada de protestas"},{"@type":"BreadcrumbList","@id":"https:\/\/hotnewsinworld.com\/es\/pakistan-se-plantea-la-expulsion-del-embajador-frances-para-frenar-una-oleada-de-protestas\/#breadcrumb","itemListElement":[{"@type":"ListItem","position":1,"name":"\u0413\u043b\u0430\u0432\u043d\u0430\u044f \u0441\u0442\u0440\u0430\u043d\u0438\u0446\u0430","item":"https:\/\/hotnewsinworld.com\/es\/"},{"@type":"ListItem","position":2,"name":"Pakist\u00e1n se plantea la expulsi\u00f3n del embajador franc\u00e9s para frenar una oleada de protestas"}]},{"@type":"WebSite","@id":"https:\/\/hotnewsinworld.com\/es\/#website","url":"https:\/\/hotnewsinworld.com\/es\/","name":"Hot News in World","description":"Hot News in World from Spain","potentialAction":[{"@type":"SearchAction","target":{"@type":"EntryPoint","urlTemplate":"https:\/\/hotnewsinworld.com\/es\/?s={search_term_string}"},"query-input":{"@type":"PropertyValueSpecification","valueRequired":true,"valueName":"search_term_string"}}],"inLanguage":"es"},{"@type":"Person","@id":"https:\/\/hotnewsinworld.com\/es\/#\/schema\/person\/fe61448b21c0d59086e75fcc1f9d8f6b","name":"hotnewsinworld","image":{"@type":"ImageObject","inLanguage":"es","@id":"https:\/\/secure.gravatar.com\/avatar\/8a09ac165600ce2e1c38fe593c63928eb1e6e7ba5c5a907d67787c41b3d00c14?s=96&d=mm&r=g","url":"https:\/\/secure.gravatar.com\/avatar\/8a09ac165600ce2e1c38fe593c63928eb1e6e7ba5c5a907d67787c41b3d00c14?s=96&d=mm&r=g","contentUrl":"https:\/\/secure.gravatar.com\/avatar\/8a09ac165600ce2e1c38fe593c63928eb1e6e7ba5c5a907d67787c41b3d00c14?s=96&d=mm&r=g","caption":"hotnewsinworld"},"url":"https:\/\/hotnewsinworld.com\/es\/author\/pt\/"}]}},"_links":{"self":[{"href":"https:\/\/hotnewsinworld.com\/es\/wp-json\/wp\/v2\/posts\/2167","targetHints":{"allow":["GET"]}}],"collection":[{"href":"https:\/\/hotnewsinworld.com\/es\/wp-json\/wp\/v2\/posts"}],"about":[{"href":"https:\/\/hotnewsinworld.com\/es\/wp-json\/wp\/v2\/types\/post"}],"author":[{"embeddable":true,"href":"https:\/\/hotnewsinworld.com\/es\/wp-json\/wp\/v2\/users\/2"}],"replies":[{"embeddable":true,"href":"https:\/\/hotnewsinworld.com\/es\/wp-json\/wp\/v2\/comments?post=2167"}],"version-history":[{"count":1,"href":"https:\/\/hotnewsinworld.com\/es\/wp-json\/wp\/v2\/posts\/2167\/revisions"}],"predecessor-version":[{"id":2169,"href":"https:\/\/hotnewsinworld.com\/es\/wp-json\/wp\/v2\/posts\/2167\/revisions\/2169"}],"wp:featuredmedia":[{"embeddable":true,"href":"https:\/\/hotnewsinworld.com\/es\/wp-json\/wp\/v2\/media\/2168"}],"wp:attachment":[{"href":"https:\/\/hotnewsinworld.com\/es\/wp-json\/wp\/v2\/media?parent=2167"}],"wp:term":[{"taxonomy":"category","embeddable":true,"href":"https:\/\/hotnewsinworld.com\/es\/wp-json\/wp\/v2\/categories?post=2167"},{"taxonomy":"post_tag","embeddable":true,"href":"https:\/\/hotnewsinworld.com\/es\/wp-json\/wp\/v2\/tags?post=2167"}],"curies":[{"name":"wp","href":"https:\/\/api.w.org\/{rel}","templated":true}]}}