{"id":2173,"date":"2021-04-22T01:21:44","date_gmt":"2021-04-21T22:21:44","guid":{"rendered":"https:\/\/hotnewsinworld.com\/es\/los-candidatos-se-echan-en-cara-los-muertos-de-la-covid-en-el-debate-de-las-elecciones-de-madrid-del-4-m\/"},"modified":"2021-04-22T01:21:52","modified_gmt":"2021-04-21T22:21:52","slug":"los-candidatos-se-echan-en-cara-los-muertos-de-la-covid-en-el-debate-de-las-elecciones-de-madrid-del-4-m","status":"publish","type":"post","link":"https:\/\/hotnewsinworld.com\/es\/los-candidatos-se-echan-en-cara-los-muertos-de-la-covid-en-el-debate-de-las-elecciones-de-madrid-del-4-m\/","title":{"rendered":"Los candidatos se echan en cara los muertos de la covid en el debate de las elecciones de Madrid del 4-M"},"content":{"rendered":"<p>Habr\u00e1 m\u00e1s debates, pero el de esta noche ha sido el \u00fanico al que ha asistido la presidenta de la Comunidad de Madrid. Isabel D\u00edaz Ayuso, favorita en las encuestas, era la que m\u00e1s ten\u00eda que perder, y declin\u00f3 el resto de invitaciones para contrastar proyectos, m\u00e1s peligrosas cuanto m\u00e1s se aproximen al 4 de mayo. La misi\u00f3n de la candidata del PP era no cometer errores; la de la izquierda, movilizar a su electorado y tratar de atraer a indecisos. Quien m\u00e1s ten\u00eda que ganar, precisamente al que peores pron\u00f3sticos dan los sondeos, era el candidato Edmundo Bal, de Ciudadanos, al que el debate brindaba, sobre todo, la oportunidad de darse a conocer. El debate ha empezado con un bloque sobre la pandemia y los candidatos reprodujeron los argumentarios y reproches de los \u00faltimos meses, ech\u00e1ndose en cara mutuamente la cifra de fallecidos por coronavirus.Ayuso, como viene haciendo estos d\u00edas de campa\u00f1a, ha presumido de los medios internacionales que quieren entrevistarla, dijo, para hablar del que llama \u201cel milagro de Madrid\u201d. Los candidatos del PSOE, M\u00e1s Madrid y Podemos han puesto sobre la mesa los terribles datos de la pandemia en la regi\u00f3n.Iglesias: \u201cSe\u00f1ora Ayuso, \u00bfsabe cu\u00e1ntas personas han muerto en la Comunidad de Madrid? No sonr\u00eda, que estamos hablando de fallecidos, \u00bfsabe cu\u00e1ntos son? \u00bfPuede decir alguna comunidad en la que haya habido m\u00e1s muertos que en Madrid?\u201dAyuso: \u201c20.000. \u00bfY en Espa\u00f1a cu\u00e1ntos hay? Sonr\u00edo porque es usted un personaje poco cre\u00edble, una persona muy poco querida en Madrid. Da verg\u00fcenza ajena. Es usted una pantomima, lo m\u00e1s mezquino que hay en pol\u00edtica\u201d.M\u00f3nica Garc\u00eda ha dado el dato exacto de muertos en la Comunidad de Madrid, sin redondear como Ayuso, y expuso su experiencia \u2014es anestesista\u2014 en los hospitales durante la pandemia: \u201cMe fascina que no haga la m\u00ednima autocr\u00edtica. Yo esto lo he vivido. No ten\u00edamos camas de UCI y cuando lo dec\u00eda, me contestaban que estaba mintiendo, que los hospitales no estaban colapsados\u201d.La Comunidad de Madrid tiene el porcentaje m\u00e1s alto de ocupaci\u00f3n en UCI por pacientes de covid, un 45% \u2014por encima del 25% se considera \u201criesgo extremo\u201d\u2014. La incidencia acumulada de casos a 14 d\u00edas es de 400 casos por cada 100.000 habitantes \u2014la media espa\u00f1ola es de 229\u2014.\u00c1ngel Gabilondo ha le\u00eddo la carta de Reyero, consejero de Ciudadanos que dimiti\u00f3 despu\u00e9s de que se conocieran las \u00f3rdenes para no derivar a los hospitales a los enfermos en residencias de ancianos. \u201cEsto puede traernos problemas legales\u201d, ha citado el candidato socialista de la carta del consejero de Ayuso. \u201cTodo eso no sucedi\u00f3 por casualidad. Es una mentalidad. No es gesti\u00f3n, es su ideolog\u00eda\u201d, ha a\u00f1adido Gabilondo dirigi\u00e9ndose a Ayuso.La candidata del PP ha asegurado que no se pod\u00eda \u201chaber evitado\u201d la muerte de esos mayores y ha afeado a Iglesias no haber visitado ninguna residencia pese a que m\u00e1s adelante, cuando le expusieron que ella no conoc\u00eda la situaci\u00f3n de los hospitales porque no los hab\u00eda pisado replic\u00f3 que, \u201cen seg\u00fan qu\u00e9 momentos\u201d, los pol\u00edticos no tienen que estar en los centros sanitarios porque molestan. Bal ha echado un capote a Ayuso en este momento del debate al recordar que las residencias eran competencia de Iglesias. Durante la mayor parte del debate el candidato de Ciudadanos, el que menos ten\u00eda que perder y m\u00e1s que ganar, ha adoptado un papel de \u00e1rbitro, sacando tarjetas a todos y repitiendo que es \u201cde centro\u201d. \u201cSe han llamado mezquinos, mentirosos. Va a haber que pedir que retiren a los ni\u00f1os de la televisi\u00f3n\u201d, ha dicho.Los candidatos del PSOE y M\u00e1s Madrid han denunciado \u201cel caos\u201d de las vacunaciones y pidieron que los ciudadanos no tengan que recorrer en ocasiones \u201c50 kil\u00f3metros\u201d para vacunarse cuando deber\u00edan poder hacerlo \u201cen su centro de salud\u201d.D\u00edaz Ayuso ha defendido la apertura de la hosteler\u00eda, cuando la mayor\u00eda de comunidades, incluidas las gobernadas por el PP, han sido mucho m\u00e1s restrictivas, especialmente en los interiores. Seg\u00fan la candidata popular, la mayor\u00eda de contagios se producen en el \u00e1mbito privado. Los consejeros de Sanidad consultados por este diario, tambi\u00e9n los de gobiernos presididos por el PP, citando su experiencia y estudios cient\u00edficos internacionales, coinciden en que el mayor foco son los interiores de los locales, donde los ciudadanos pasan m\u00e1s de 15 minutos sin mascarilla. La candidata de Vox, Roc\u00edo Monasterio, pidi\u00f3 levantar \u201cya\u201d todas las restricciones pese a los malos datos epid\u00e9micos de la Comunidad de Madrid.La referencia de Ayuso el pasado domingo a quienes tienen que acudir a las llamadas colas del hambre como \u201cmantenidos subvencionados\u201d tambi\u00e9n ha provocado tensi\u00f3n en el debate. M\u00f3nica Garc\u00eda ha dedicado su primera intervenci\u00f3n a pedirle a la candidata popular que retirara esos insultos. Gabilondo ha asegurado que le causaba \u201cverg\u00fcenza\u201d que un pol\u00edtico se refiriera a los m\u00e1s vulnerables en esos t\u00e9rminos. Ayuso, que dijo que si de ella dependiera, el socialista \u201cnunca ser\u00e1 defensor del pueblo\u201d, ha sostenido que no pretende despreciar a quienes acuden a esas colas para pedir ayuda sino denunciar que esas colas son producto del Gobierno \u201csocialcomunista\u201d.Tambi\u00e9n ha provocado tensi\u00f3n el cartel xen\u00f3fobo de Vox contra los menores extranjeros no acompa\u00f1ados, a los que Monasterio ha citado en los primeros minutos del debate, para insistir en un dato falso, que suponen m\u00e1s de 4.000 euros al mes. Todos los partidos se lo han recriminado, aunque Ayuso se ha limitado a decir que en la comunidad eran 269 y que la competencia no es auton\u00f3mica, sino estatal.Suscr\u00edbete aqu\u00ed a nuestra nueva newsletter sobre Madrid<br \/>\n<br \/>\n<!--noindex--><br \/>\n<a href=\"https:\/\/elpais.com\/espana\/elecciones-madrid\/2021-04-21\/los-candidatos-se-echan-en-cara-los-muertos-de-la-covid-en-el-debate-de-las-elecciones-de-madrid-del-4-m.html\" rel=\"nofollow\">Source link <\/a><br \/>\n<!--\/noindex--><\/p>\n","protected":false},"excerpt":{"rendered":"<p>Habr\u00e1 m\u00e1s debates, pero el de esta noche ha sido el \u00fanico al que ha asistido la presidenta de la Comunidad de Madrid. Isabel D\u00edaz Ayuso, favorita en las encuestas, era la que m\u00e1s ten\u00eda que perder, y declin\u00f3 el resto de invitaciones para contrastar proyectos, m\u00e1s peligrosas cuanto m\u00e1s se aproximen al 4 de [&hellip;]<\/p>\n","protected":false},"author":2,"featured_media":2174,"comment_status":"open","ping_status":"open","sticky":false,"template":"","format":"standard","meta":{"footnotes":""},"categories":[1],"tags":[],"class_list":["post-2173","post","type-post","status-publish","format-standard","has-post-thumbnail","hentry","category-ultimas-noticias-financieras"],"yoast_head":"<!-- This site is optimized with the Yoast SEO plugin v27.4 - https:\/\/yoast.com\/product\/yoast-seo-wordpress\/ -->\n<title>Los candidatos se echan en cara los muertos de la covid en el debate de las elecciones de Madrid del 4-M - Hot News in World<\/title>\n<meta name=\"robots\" content=\"index, follow, max-snippet:-1, max-image-preview:large, max-video-preview:-1\" \/>\n<link rel=\"canonical\" href=\"https:\/\/hotnewsinworld.com\/es\/los-candidatos-se-echan-en-cara-los-muertos-de-la-covid-en-el-debate-de-las-elecciones-de-madrid-del-4-m\/\" \/>\n<meta property=\"og:locale\" content=\"es_ES\" \/>\n<meta property=\"og:type\" content=\"article\" \/>\n<meta property=\"og:title\" content=\"Los candidatos se echan en cara los muertos de la covid en el debate de las elecciones de Madrid del 4-M - Hot News in World\" \/>\n<meta property=\"og:description\" content=\"Habr\u00e1 m\u00e1s debates, pero el de esta noche ha sido el \u00fanico al que ha asistido la presidenta de la Comunidad de Madrid. Isabel D\u00edaz Ayuso, favorita en las encuestas, era la que m\u00e1s ten\u00eda que perder, y declin\u00f3 el resto de invitaciones para contrastar proyectos, m\u00e1s peligrosas cuanto m\u00e1s se aproximen al 4 de [&hellip;]\" \/>\n<meta property=\"og:url\" content=\"https:\/\/hotnewsinworld.com\/es\/los-candidatos-se-echan-en-cara-los-muertos-de-la-covid-en-el-debate-de-las-elecciones-de-madrid-del-4-m\/\" \/>\n<meta property=\"og:site_name\" content=\"Hot News in World\" \/>\n<meta property=\"article:published_time\" content=\"2021-04-21T22:21:44+00:00\" \/>\n<meta property=\"article:modified_time\" content=\"2021-04-21T22:21:52+00:00\" \/>\n<meta property=\"og:image\" content=\"https:\/\/hotnewsinworld.com\/es\/wp-content\/uploads\/sites\/4\/2021\/04\/Los-candidatos-se-echan-en-cara-los-muertos-de-la-scaled.jpg\" \/>\n\t<meta property=\"og:image:width\" content=\"2560\" \/>\n\t<meta property=\"og:image:height\" content=\"1322\" \/>\n\t<meta property=\"og:image:type\" content=\"image\/jpeg\" \/>\n<meta name=\"author\" content=\"hotnewsinworld\" \/>\n<meta name=\"twitter:card\" content=\"summary_large_image\" \/>\n<meta name=\"twitter:label1\" content=\"Escrito por\" \/>\n\t<meta name=\"twitter:data1\" content=\"hotnewsinworld\" \/>\n\t<meta name=\"twitter:label2\" content=\"Tiempo de lectura\" \/>\n\t<meta name=\"twitter:data2\" content=\"5 minutos\" \/>\n<script type=\"application\/ld+json\" class=\"yoast-schema-graph\">{\"@context\":\"https:\\\/\\\/schema.org\",\"@graph\":[{\"@type\":\"Article\",\"@id\":\"https:\\\/\\\/hotnewsinworld.com\\\/es\\\/los-candidatos-se-echan-en-cara-los-muertos-de-la-covid-en-el-debate-de-las-elecciones-de-madrid-del-4-m\\\/#article\",\"isPartOf\":{\"@id\":\"https:\\\/\\\/hotnewsinworld.com\\\/es\\\/los-candidatos-se-echan-en-cara-los-muertos-de-la-covid-en-el-debate-de-las-elecciones-de-madrid-del-4-m\\\/\"},\"author\":{\"name\":\"hotnewsinworld\",\"@id\":\"https:\\\/\\\/hotnewsinworld.com\\\/es\\\/#\\\/schema\\\/person\\\/fe61448b21c0d59086e75fcc1f9d8f6b\"},\"headline\":\"Los candidatos se echan en cara los muertos de la covid en el debate de las elecciones de Madrid del 4-M\",\"datePublished\":\"2021-04-21T22:21:44+00:00\",\"dateModified\":\"2021-04-21T22:21:52+00:00\",\"mainEntityOfPage\":{\"@id\":\"https:\\\/\\\/hotnewsinworld.com\\\/es\\\/los-candidatos-se-echan-en-cara-los-muertos-de-la-covid-en-el-debate-de-las-elecciones-de-madrid-del-4-m\\\/\"},\"wordCount\":1021,\"commentCount\":0,\"image\":{\"@id\":\"https:\\\/\\\/hotnewsinworld.com\\\/es\\\/los-candidatos-se-echan-en-cara-los-muertos-de-la-covid-en-el-debate-de-las-elecciones-de-madrid-del-4-m\\\/#primaryimage\"},\"thumbnailUrl\":\"https:\\\/\\\/hotnewsinworld.com\\\/es\\\/wp-content\\\/uploads\\\/sites\\\/4\\\/2021\\\/04\\\/Los-candidatos-se-echan-en-cara-los-muertos-de-la-scaled.jpg\",\"articleSection\":[\"\u00daLTIMAS NOTICIAS FINANCIERAS\"],\"inLanguage\":\"es\",\"potentialAction\":[{\"@type\":\"CommentAction\",\"name\":\"Comment\",\"target\":[\"https:\\\/\\\/hotnewsinworld.com\\\/es\\\/los-candidatos-se-echan-en-cara-los-muertos-de-la-covid-en-el-debate-de-las-elecciones-de-madrid-del-4-m\\\/#respond\"]}]},{\"@type\":\"WebPage\",\"@id\":\"https:\\\/\\\/hotnewsinworld.com\\\/es\\\/los-candidatos-se-echan-en-cara-los-muertos-de-la-covid-en-el-debate-de-las-elecciones-de-madrid-del-4-m\\\/\",\"url\":\"https:\\\/\\\/hotnewsinworld.com\\\/es\\\/los-candidatos-se-echan-en-cara-los-muertos-de-la-covid-en-el-debate-de-las-elecciones-de-madrid-del-4-m\\\/\",\"name\":\"Los candidatos se echan en cara los muertos de la covid en el debate de las elecciones de Madrid del 4-M - Hot News in World\",\"isPartOf\":{\"@id\":\"https:\\\/\\\/hotnewsinworld.com\\\/es\\\/#website\"},\"primaryImageOfPage\":{\"@id\":\"https:\\\/\\\/hotnewsinworld.com\\\/es\\\/los-candidatos-se-echan-en-cara-los-muertos-de-la-covid-en-el-debate-de-las-elecciones-de-madrid-del-4-m\\\/#primaryimage\"},\"image\":{\"@id\":\"https:\\\/\\\/hotnewsinworld.com\\\/es\\\/los-candidatos-se-echan-en-cara-los-muertos-de-la-covid-en-el-debate-de-las-elecciones-de-madrid-del-4-m\\\/#primaryimage\"},\"thumbnailUrl\":\"https:\\\/\\\/hotnewsinworld.com\\\/es\\\/wp-content\\\/uploads\\\/sites\\\/4\\\/2021\\\/04\\\/Los-candidatos-se-echan-en-cara-los-muertos-de-la-scaled.jpg\",\"datePublished\":\"2021-04-21T22:21:44+00:00\",\"dateModified\":\"2021-04-21T22:21:52+00:00\",\"author\":{\"@id\":\"https:\\\/\\\/hotnewsinworld.com\\\/es\\\/#\\\/schema\\\/person\\\/fe61448b21c0d59086e75fcc1f9d8f6b\"},\"breadcrumb\":{\"@id\":\"https:\\\/\\\/hotnewsinworld.com\\\/es\\\/los-candidatos-se-echan-en-cara-los-muertos-de-la-covid-en-el-debate-de-las-elecciones-de-madrid-del-4-m\\\/#breadcrumb\"},\"inLanguage\":\"es\",\"potentialAction\":[{\"@type\":\"ReadAction\",\"target\":[\"https:\\\/\\\/hotnewsinworld.com\\\/es\\\/los-candidatos-se-echan-en-cara-los-muertos-de-la-covid-en-el-debate-de-las-elecciones-de-madrid-del-4-m\\\/\"]}]},{\"@type\":\"ImageObject\",\"inLanguage\":\"es\",\"@id\":\"https:\\\/\\\/hotnewsinworld.com\\\/es\\\/los-candidatos-se-echan-en-cara-los-muertos-de-la-covid-en-el-debate-de-las-elecciones-de-madrid-del-4-m\\\/#primaryimage\",\"url\":\"https:\\\/\\\/hotnewsinworld.com\\\/es\\\/wp-content\\\/uploads\\\/sites\\\/4\\\/2021\\\/04\\\/Los-candidatos-se-echan-en-cara-los-muertos-de-la-scaled.jpg\",\"contentUrl\":\"https:\\\/\\\/hotnewsinworld.com\\\/es\\\/wp-content\\\/uploads\\\/sites\\\/4\\\/2021\\\/04\\\/Los-candidatos-se-echan-en-cara-los-muertos-de-la-scaled.jpg\",\"width\":2560,\"height\":1322,\"caption\":\"Los candidatos se echan en cara los muertos de la covid en el debate de las elecciones de Madrid del 4-M\"},{\"@type\":\"BreadcrumbList\",\"@id\":\"https:\\\/\\\/hotnewsinworld.com\\\/es\\\/los-candidatos-se-echan-en-cara-los-muertos-de-la-covid-en-el-debate-de-las-elecciones-de-madrid-del-4-m\\\/#breadcrumb\",\"itemListElement\":[{\"@type\":\"ListItem\",\"position\":1,\"name\":\"\u0413\u043b\u0430\u0432\u043d\u0430\u044f \u0441\u0442\u0440\u0430\u043d\u0438\u0446\u0430\",\"item\":\"https:\\\/\\\/hotnewsinworld.com\\\/es\\\/\"},{\"@type\":\"ListItem\",\"position\":2,\"name\":\"Los candidatos se echan en cara los muertos de la covid en el debate de las elecciones de Madrid del 4-M\"}]},{\"@type\":\"WebSite\",\"@id\":\"https:\\\/\\\/hotnewsinworld.com\\\/es\\\/#website\",\"url\":\"https:\\\/\\\/hotnewsinworld.com\\\/es\\\/\",\"name\":\"Hot News in World\",\"description\":\"Hot News in World from Spain\",\"potentialAction\":[{\"@type\":\"SearchAction\",\"target\":{\"@type\":\"EntryPoint\",\"urlTemplate\":\"https:\\\/\\\/hotnewsinworld.com\\\/es\\\/?s={search_term_string}\"},\"query-input\":{\"@type\":\"PropertyValueSpecification\",\"valueRequired\":true,\"valueName\":\"search_term_string\"}}],\"inLanguage\":\"es\"},{\"@type\":\"Person\",\"@id\":\"https:\\\/\\\/hotnewsinworld.com\\\/es\\\/#\\\/schema\\\/person\\\/fe61448b21c0d59086e75fcc1f9d8f6b\",\"name\":\"hotnewsinworld\",\"image\":{\"@type\":\"ImageObject\",\"inLanguage\":\"es\",\"@id\":\"https:\\\/\\\/secure.gravatar.com\\\/avatar\\\/8a09ac165600ce2e1c38fe593c63928eb1e6e7ba5c5a907d67787c41b3d00c14?s=96&d=mm&r=g\",\"url\":\"https:\\\/\\\/secure.gravatar.com\\\/avatar\\\/8a09ac165600ce2e1c38fe593c63928eb1e6e7ba5c5a907d67787c41b3d00c14?s=96&d=mm&r=g\",\"contentUrl\":\"https:\\\/\\\/secure.gravatar.com\\\/avatar\\\/8a09ac165600ce2e1c38fe593c63928eb1e6e7ba5c5a907d67787c41b3d00c14?s=96&d=mm&r=g\",\"caption\":\"hotnewsinworld\"},\"url\":\"https:\\\/\\\/hotnewsinworld.com\\\/es\\\/author\\\/pt\\\/\"}]}<\/script>\n<!-- \/ Yoast SEO plugin. -->","yoast_head_json":{"title":"Los candidatos se echan en cara los muertos de la covid en el debate de las elecciones de Madrid del 4-M - Hot News in World","robots":{"index":"index","follow":"follow","max-snippet":"max-snippet:-1","max-image-preview":"max-image-preview:large","max-video-preview":"max-video-preview:-1"},"canonical":"https:\/\/hotnewsinworld.com\/es\/los-candidatos-se-echan-en-cara-los-muertos-de-la-covid-en-el-debate-de-las-elecciones-de-madrid-del-4-m\/","og_locale":"es_ES","og_type":"article","og_title":"Los candidatos se echan en cara los muertos de la covid en el debate de las elecciones de Madrid del 4-M - Hot News in World","og_description":"Habr\u00e1 m\u00e1s debates, pero el de esta noche ha sido el \u00fanico al que ha asistido la presidenta de la Comunidad de Madrid. Isabel D\u00edaz Ayuso, favorita en las encuestas, era la que m\u00e1s ten\u00eda que perder, y declin\u00f3 el resto de invitaciones para contrastar proyectos, m\u00e1s peligrosas cuanto m\u00e1s se aproximen al 4 de [&hellip;]","og_url":"https:\/\/hotnewsinworld.com\/es\/los-candidatos-se-echan-en-cara-los-muertos-de-la-covid-en-el-debate-de-las-elecciones-de-madrid-del-4-m\/","og_site_name":"Hot News in World","article_published_time":"2021-04-21T22:21:44+00:00","article_modified_time":"2021-04-21T22:21:52+00:00","og_image":[{"width":2560,"height":1322,"url":"https:\/\/hotnewsinworld.com\/es\/wp-content\/uploads\/sites\/4\/2021\/04\/Los-candidatos-se-echan-en-cara-los-muertos-de-la-scaled.jpg","type":"image\/jpeg"}],"author":"hotnewsinworld","twitter_card":"summary_large_image","twitter_misc":{"Escrito por":"hotnewsinworld","Tiempo de lectura":"5 minutos"},"schema":{"@context":"https:\/\/schema.org","@graph":[{"@type":"Article","@id":"https:\/\/hotnewsinworld.com\/es\/los-candidatos-se-echan-en-cara-los-muertos-de-la-covid-en-el-debate-de-las-elecciones-de-madrid-del-4-m\/#article","isPartOf":{"@id":"https:\/\/hotnewsinworld.com\/es\/los-candidatos-se-echan-en-cara-los-muertos-de-la-covid-en-el-debate-de-las-elecciones-de-madrid-del-4-m\/"},"author":{"name":"hotnewsinworld","@id":"https:\/\/hotnewsinworld.com\/es\/#\/schema\/person\/fe61448b21c0d59086e75fcc1f9d8f6b"},"headline":"Los candidatos se echan en cara los muertos de la covid en el debate de las elecciones de Madrid del 4-M","datePublished":"2021-04-21T22:21:44+00:00","dateModified":"2021-04-21T22:21:52+00:00","mainEntityOfPage":{"@id":"https:\/\/hotnewsinworld.com\/es\/los-candidatos-se-echan-en-cara-los-muertos-de-la-covid-en-el-debate-de-las-elecciones-de-madrid-del-4-m\/"},"wordCount":1021,"commentCount":0,"image":{"@id":"https:\/\/hotnewsinworld.com\/es\/los-candidatos-se-echan-en-cara-los-muertos-de-la-covid-en-el-debate-de-las-elecciones-de-madrid-del-4-m\/#primaryimage"},"thumbnailUrl":"https:\/\/hotnewsinworld.com\/es\/wp-content\/uploads\/sites\/4\/2021\/04\/Los-candidatos-se-echan-en-cara-los-muertos-de-la-scaled.jpg","articleSection":["\u00daLTIMAS NOTICIAS FINANCIERAS"],"inLanguage":"es","potentialAction":[{"@type":"CommentAction","name":"Comment","target":["https:\/\/hotnewsinworld.com\/es\/los-candidatos-se-echan-en-cara-los-muertos-de-la-covid-en-el-debate-de-las-elecciones-de-madrid-del-4-m\/#respond"]}]},{"@type":"WebPage","@id":"https:\/\/hotnewsinworld.com\/es\/los-candidatos-se-echan-en-cara-los-muertos-de-la-covid-en-el-debate-de-las-elecciones-de-madrid-del-4-m\/","url":"https:\/\/hotnewsinworld.com\/es\/los-candidatos-se-echan-en-cara-los-muertos-de-la-covid-en-el-debate-de-las-elecciones-de-madrid-del-4-m\/","name":"Los candidatos se echan en cara los muertos de la covid en el debate de las elecciones de Madrid del 4-M - Hot News in World","isPartOf":{"@id":"https:\/\/hotnewsinworld.com\/es\/#website"},"primaryImageOfPage":{"@id":"https:\/\/hotnewsinworld.com\/es\/los-candidatos-se-echan-en-cara-los-muertos-de-la-covid-en-el-debate-de-las-elecciones-de-madrid-del-4-m\/#primaryimage"},"image":{"@id":"https:\/\/hotnewsinworld.com\/es\/los-candidatos-se-echan-en-cara-los-muertos-de-la-covid-en-el-debate-de-las-elecciones-de-madrid-del-4-m\/#primaryimage"},"thumbnailUrl":"https:\/\/hotnewsinworld.com\/es\/wp-content\/uploads\/sites\/4\/2021\/04\/Los-candidatos-se-echan-en-cara-los-muertos-de-la-scaled.jpg","datePublished":"2021-04-21T22:21:44+00:00","dateModified":"2021-04-21T22:21:52+00:00","author":{"@id":"https:\/\/hotnewsinworld.com\/es\/#\/schema\/person\/fe61448b21c0d59086e75fcc1f9d8f6b"},"breadcrumb":{"@id":"https:\/\/hotnewsinworld.com\/es\/los-candidatos-se-echan-en-cara-los-muertos-de-la-covid-en-el-debate-de-las-elecciones-de-madrid-del-4-m\/#breadcrumb"},"inLanguage":"es","potentialAction":[{"@type":"ReadAction","target":["https:\/\/hotnewsinworld.com\/es\/los-candidatos-se-echan-en-cara-los-muertos-de-la-covid-en-el-debate-de-las-elecciones-de-madrid-del-4-m\/"]}]},{"@type":"ImageObject","inLanguage":"es","@id":"https:\/\/hotnewsinworld.com\/es\/los-candidatos-se-echan-en-cara-los-muertos-de-la-covid-en-el-debate-de-las-elecciones-de-madrid-del-4-m\/#primaryimage","url":"https:\/\/hotnewsinworld.com\/es\/wp-content\/uploads\/sites\/4\/2021\/04\/Los-candidatos-se-echan-en-cara-los-muertos-de-la-scaled.jpg","contentUrl":"https:\/\/hotnewsinworld.com\/es\/wp-content\/uploads\/sites\/4\/2021\/04\/Los-candidatos-se-echan-en-cara-los-muertos-de-la-scaled.jpg","width":2560,"height":1322,"caption":"Los candidatos se echan en cara los muertos de la covid en el debate de las elecciones de Madrid del 4-M"},{"@type":"BreadcrumbList","@id":"https:\/\/hotnewsinworld.com\/es\/los-candidatos-se-echan-en-cara-los-muertos-de-la-covid-en-el-debate-de-las-elecciones-de-madrid-del-4-m\/#breadcrumb","itemListElement":[{"@type":"ListItem","position":1,"name":"\u0413\u043b\u0430\u0432\u043d\u0430\u044f \u0441\u0442\u0440\u0430\u043d\u0438\u0446\u0430","item":"https:\/\/hotnewsinworld.com\/es\/"},{"@type":"ListItem","position":2,"name":"Los candidatos se echan en cara los muertos de la covid en el debate de las elecciones de Madrid del 4-M"}]},{"@type":"WebSite","@id":"https:\/\/hotnewsinworld.com\/es\/#website","url":"https:\/\/hotnewsinworld.com\/es\/","name":"Hot News in World","description":"Hot News in World from Spain","potentialAction":[{"@type":"SearchAction","target":{"@type":"EntryPoint","urlTemplate":"https:\/\/hotnewsinworld.com\/es\/?s={search_term_string}"},"query-input":{"@type":"PropertyValueSpecification","valueRequired":true,"valueName":"search_term_string"}}],"inLanguage":"es"},{"@type":"Person","@id":"https:\/\/hotnewsinworld.com\/es\/#\/schema\/person\/fe61448b21c0d59086e75fcc1f9d8f6b","name":"hotnewsinworld","image":{"@type":"ImageObject","inLanguage":"es","@id":"https:\/\/secure.gravatar.com\/avatar\/8a09ac165600ce2e1c38fe593c63928eb1e6e7ba5c5a907d67787c41b3d00c14?s=96&d=mm&r=g","url":"https:\/\/secure.gravatar.com\/avatar\/8a09ac165600ce2e1c38fe593c63928eb1e6e7ba5c5a907d67787c41b3d00c14?s=96&d=mm&r=g","contentUrl":"https:\/\/secure.gravatar.com\/avatar\/8a09ac165600ce2e1c38fe593c63928eb1e6e7ba5c5a907d67787c41b3d00c14?s=96&d=mm&r=g","caption":"hotnewsinworld"},"url":"https:\/\/hotnewsinworld.com\/es\/author\/pt\/"}]}},"_links":{"self":[{"href":"https:\/\/hotnewsinworld.com\/es\/wp-json\/wp\/v2\/posts\/2173","targetHints":{"allow":["GET"]}}],"collection":[{"href":"https:\/\/hotnewsinworld.com\/es\/wp-json\/wp\/v2\/posts"}],"about":[{"href":"https:\/\/hotnewsinworld.com\/es\/wp-json\/wp\/v2\/types\/post"}],"author":[{"embeddable":true,"href":"https:\/\/hotnewsinworld.com\/es\/wp-json\/wp\/v2\/users\/2"}],"replies":[{"embeddable":true,"href":"https:\/\/hotnewsinworld.com\/es\/wp-json\/wp\/v2\/comments?post=2173"}],"version-history":[{"count":1,"href":"https:\/\/hotnewsinworld.com\/es\/wp-json\/wp\/v2\/posts\/2173\/revisions"}],"predecessor-version":[{"id":2175,"href":"https:\/\/hotnewsinworld.com\/es\/wp-json\/wp\/v2\/posts\/2173\/revisions\/2175"}],"wp:featuredmedia":[{"embeddable":true,"href":"https:\/\/hotnewsinworld.com\/es\/wp-json\/wp\/v2\/media\/2174"}],"wp:attachment":[{"href":"https:\/\/hotnewsinworld.com\/es\/wp-json\/wp\/v2\/media?parent=2173"}],"wp:term":[{"taxonomy":"category","embeddable":true,"href":"https:\/\/hotnewsinworld.com\/es\/wp-json\/wp\/v2\/categories?post=2173"},{"taxonomy":"post_tag","embeddable":true,"href":"https:\/\/hotnewsinworld.com\/es\/wp-json\/wp\/v2\/tags?post=2173"}],"curies":[{"name":"wp","href":"https:\/\/api.w.org\/{rel}","templated":true}]}}