{"id":2179,"date":"2021-04-22T13:23:01","date_gmt":"2021-04-22T10:23:01","guid":{"rendered":"https:\/\/hotnewsinworld.com\/es\/en-libertad-sin-cargos-los-hombres-detenidos-por-violar-y-secuestrar-a-una-chica-en-parla\/"},"modified":"2021-04-22T13:23:04","modified_gmt":"2021-04-22T10:23:04","slug":"en-libertad-sin-cargos-los-hombres-detenidos-por-violar-y-secuestrar-a-una-chica-en-parla","status":"publish","type":"post","link":"https:\/\/hotnewsinworld.com\/es\/en-libertad-sin-cargos-los-hombres-detenidos-por-violar-y-secuestrar-a-una-chica-en-parla\/","title":{"rendered":"En libertad sin cargos los hombres detenidos por violar y secuestrar a una chica en Parla"},"content":{"rendered":"<p>La Polic\u00eda Nacional ha dejado en libertad sin cargos a los dos hombres detenidos el mi\u00e9rcoles por supuestamente violar y secuestrar a una chica de 18 a\u00f1os con el 66 de discapacidad, han informado a Europa Press fuentes judiciales, que han precisado que la joven ha entrado en claras contradicciones e irrealidades durante su declaraci\u00f3n en comisar\u00eda, mientras que los arrestados han mantenido su inocencia y asegurado que la joven no fue coaccionada para ir a su casa. Al final, ella no ha interpuesto denuncia y los detenidos han quedado en libertad, a la espera de otras pruebas que practicar\u00e1 la Polic\u00eda.Seg\u00fan el testimonio de la v\u00edctima, la joven, de nacionalidad espa\u00f1ola, fue abordada por estos dos individuos a las seis de la tarde de este martes en la salida de la estaci\u00f3n de Renfe de Parla y se la llevaron por la fuerza a una casa cercana, situada en la calle Pur\u00edsima Concepci\u00f3n. La polic\u00eda ya dudaba de que esto fuera posible, ya que era a plena luz del d\u00eda y hab\u00eda bastante gente en la zona. En el piso, seg\u00fan la mujer, la violaron y la obligaron a ducharse varias veces. Varias horas despu\u00e9s consigui\u00f3 comunicarse por Whatsapp con su madre, a le que le cont\u00f3 lo sucedido y que la ten\u00edan retenida en una casa.La mujer acudi\u00f3 a la comisar\u00eda y, gracias a que la mujer tiene geolocalizado el m\u00f3vil de su hija, dio a los agentes el punto donde pod\u00eda estar la vivienda. Al llegar los polic\u00edas al lugar, sobre las 1.40 de la madrugada, la joven sali\u00f3 muy alterada de la casa, un bajo, por sus propios medios y cont\u00f3 que dentro de la casa estaban los que la hab\u00edan violado, que ella no quer\u00eda, y que sus cosas segu\u00edan dentro.Los agentes llamaron a la puerta y se llevaron detenidos a los dos presuntos agresores, de 32 y 30 a\u00f1os, por los delitos de retenci\u00f3n ilegal y de agresi\u00f3n sexual. La joven fue trasladada al hospital Infanta Cristina de Parla para ser examinada Ahora, tras las declaraciones de las dos partes en la comisar\u00eda de Parla, han quedado a libertad y no pasar\u00e1n a disposici\u00f3n judicial.<br \/>\n<br \/>\n<!--noindex--><br \/>\n<a href=\"https:\/\/elpais.com\/espana\/madrid\/2021-04-22\/en-libertad-sin-cargos-los-hombres-detenidos-por-violar-y-secuestrar-a-una-chica-en-parla.html\" rel=\"nofollow\">Source link <\/a><br \/>\n<!--\/noindex--><\/p>\n","protected":false},"excerpt":{"rendered":"<p>La Polic\u00eda Nacional ha dejado en libertad sin cargos a los dos hombres detenidos el mi\u00e9rcoles por supuestamente violar y secuestrar a una chica de 18 a\u00f1os con el 66 de discapacidad, han informado a Europa Press fuentes judiciales, que han precisado que la joven ha entrado en claras contradicciones e irrealidades durante su declaraci\u00f3n [&hellip;]<\/p>\n","protected":false},"author":2,"featured_media":2180,"comment_status":"open","ping_status":"open","sticky":false,"template":"","format":"standard","meta":{"footnotes":""},"categories":[1],"tags":[],"class_list":["post-2179","post","type-post","status-publish","format-standard","has-post-thumbnail","hentry","category-ultimas-noticias-financieras"],"yoast_head":"<!-- This site is optimized with the Yoast SEO plugin v27.4 - https:\/\/yoast.com\/product\/yoast-seo-wordpress\/ -->\n<title>En libertad sin cargos los hombres detenidos por violar y secuestrar a una chica en Parla - Hot News in World<\/title>\n<meta name=\"robots\" content=\"index, follow, max-snippet:-1, max-image-preview:large, max-video-preview:-1\" \/>\n<link rel=\"canonical\" href=\"https:\/\/hotnewsinworld.com\/es\/en-libertad-sin-cargos-los-hombres-detenidos-por-violar-y-secuestrar-a-una-chica-en-parla\/\" \/>\n<meta property=\"og:locale\" content=\"es_ES\" \/>\n<meta property=\"og:type\" content=\"article\" \/>\n<meta property=\"og:title\" content=\"En libertad sin cargos los hombres detenidos por violar y secuestrar a una chica en Parla - Hot News in World\" \/>\n<meta property=\"og:description\" content=\"La Polic\u00eda Nacional ha dejado en libertad sin cargos a los dos hombres detenidos el mi\u00e9rcoles por supuestamente violar y secuestrar a una chica de 18 a\u00f1os con el 66 de discapacidad, han informado a Europa Press fuentes judiciales, que han precisado que la joven ha entrado en claras contradicciones e irrealidades durante su declaraci\u00f3n [&hellip;]\" \/>\n<meta property=\"og:url\" content=\"https:\/\/hotnewsinworld.com\/es\/en-libertad-sin-cargos-los-hombres-detenidos-por-violar-y-secuestrar-a-una-chica-en-parla\/\" \/>\n<meta property=\"og:site_name\" content=\"Hot News in World\" \/>\n<meta property=\"article:published_time\" content=\"2021-04-22T10:23:01+00:00\" \/>\n<meta property=\"article:modified_time\" content=\"2021-04-22T10:23:04+00:00\" \/>\n<meta property=\"og:image\" content=\"https:\/\/hotnewsinworld.com\/es\/wp-content\/uploads\/sites\/4\/2021\/04\/En-libertad-sin-cargos-los-hombres-detenidos-por-violar-y.jpg\" \/>\n\t<meta property=\"og:image:width\" content=\"1934\" \/>\n\t<meta property=\"og:image:height\" content=\"1048\" \/>\n\t<meta property=\"og:image:type\" content=\"image\/jpeg\" \/>\n<meta name=\"author\" content=\"hotnewsinworld\" \/>\n<meta name=\"twitter:card\" content=\"summary_large_image\" \/>\n<meta name=\"twitter:label1\" content=\"Escrito por\" \/>\n\t<meta name=\"twitter:data1\" content=\"hotnewsinworld\" \/>\n\t<meta name=\"twitter:label2\" content=\"Tiempo de lectura\" \/>\n\t<meta name=\"twitter:data2\" content=\"2 minutos\" \/>\n<script type=\"application\/ld+json\" class=\"yoast-schema-graph\">{\"@context\":\"https:\\\/\\\/schema.org\",\"@graph\":[{\"@type\":\"Article\",\"@id\":\"https:\\\/\\\/hotnewsinworld.com\\\/es\\\/en-libertad-sin-cargos-los-hombres-detenidos-por-violar-y-secuestrar-a-una-chica-en-parla\\\/#article\",\"isPartOf\":{\"@id\":\"https:\\\/\\\/hotnewsinworld.com\\\/es\\\/en-libertad-sin-cargos-los-hombres-detenidos-por-violar-y-secuestrar-a-una-chica-en-parla\\\/\"},\"author\":{\"name\":\"hotnewsinworld\",\"@id\":\"https:\\\/\\\/hotnewsinworld.com\\\/es\\\/#\\\/schema\\\/person\\\/fe61448b21c0d59086e75fcc1f9d8f6b\"},\"headline\":\"En libertad sin cargos los hombres detenidos por violar y secuestrar a una chica en Parla\",\"datePublished\":\"2021-04-22T10:23:01+00:00\",\"dateModified\":\"2021-04-22T10:23:04+00:00\",\"mainEntityOfPage\":{\"@id\":\"https:\\\/\\\/hotnewsinworld.com\\\/es\\\/en-libertad-sin-cargos-los-hombres-detenidos-por-violar-y-secuestrar-a-una-chica-en-parla\\\/\"},\"wordCount\":408,\"commentCount\":0,\"image\":{\"@id\":\"https:\\\/\\\/hotnewsinworld.com\\\/es\\\/en-libertad-sin-cargos-los-hombres-detenidos-por-violar-y-secuestrar-a-una-chica-en-parla\\\/#primaryimage\"},\"thumbnailUrl\":\"https:\\\/\\\/hotnewsinworld.com\\\/es\\\/wp-content\\\/uploads\\\/sites\\\/4\\\/2021\\\/04\\\/En-libertad-sin-cargos-los-hombres-detenidos-por-violar-y.jpg\",\"articleSection\":[\"\u00daLTIMAS NOTICIAS FINANCIERAS\"],\"inLanguage\":\"es\",\"potentialAction\":[{\"@type\":\"CommentAction\",\"name\":\"Comment\",\"target\":[\"https:\\\/\\\/hotnewsinworld.com\\\/es\\\/en-libertad-sin-cargos-los-hombres-detenidos-por-violar-y-secuestrar-a-una-chica-en-parla\\\/#respond\"]}]},{\"@type\":\"WebPage\",\"@id\":\"https:\\\/\\\/hotnewsinworld.com\\\/es\\\/en-libertad-sin-cargos-los-hombres-detenidos-por-violar-y-secuestrar-a-una-chica-en-parla\\\/\",\"url\":\"https:\\\/\\\/hotnewsinworld.com\\\/es\\\/en-libertad-sin-cargos-los-hombres-detenidos-por-violar-y-secuestrar-a-una-chica-en-parla\\\/\",\"name\":\"En libertad sin cargos los hombres detenidos por violar y secuestrar a una chica en Parla - Hot News in World\",\"isPartOf\":{\"@id\":\"https:\\\/\\\/hotnewsinworld.com\\\/es\\\/#website\"},\"primaryImageOfPage\":{\"@id\":\"https:\\\/\\\/hotnewsinworld.com\\\/es\\\/en-libertad-sin-cargos-los-hombres-detenidos-por-violar-y-secuestrar-a-una-chica-en-parla\\\/#primaryimage\"},\"image\":{\"@id\":\"https:\\\/\\\/hotnewsinworld.com\\\/es\\\/en-libertad-sin-cargos-los-hombres-detenidos-por-violar-y-secuestrar-a-una-chica-en-parla\\\/#primaryimage\"},\"thumbnailUrl\":\"https:\\\/\\\/hotnewsinworld.com\\\/es\\\/wp-content\\\/uploads\\\/sites\\\/4\\\/2021\\\/04\\\/En-libertad-sin-cargos-los-hombres-detenidos-por-violar-y.jpg\",\"datePublished\":\"2021-04-22T10:23:01+00:00\",\"dateModified\":\"2021-04-22T10:23:04+00:00\",\"author\":{\"@id\":\"https:\\\/\\\/hotnewsinworld.com\\\/es\\\/#\\\/schema\\\/person\\\/fe61448b21c0d59086e75fcc1f9d8f6b\"},\"breadcrumb\":{\"@id\":\"https:\\\/\\\/hotnewsinworld.com\\\/es\\\/en-libertad-sin-cargos-los-hombres-detenidos-por-violar-y-secuestrar-a-una-chica-en-parla\\\/#breadcrumb\"},\"inLanguage\":\"es\",\"potentialAction\":[{\"@type\":\"ReadAction\",\"target\":[\"https:\\\/\\\/hotnewsinworld.com\\\/es\\\/en-libertad-sin-cargos-los-hombres-detenidos-por-violar-y-secuestrar-a-una-chica-en-parla\\\/\"]}]},{\"@type\":\"ImageObject\",\"inLanguage\":\"es\",\"@id\":\"https:\\\/\\\/hotnewsinworld.com\\\/es\\\/en-libertad-sin-cargos-los-hombres-detenidos-por-violar-y-secuestrar-a-una-chica-en-parla\\\/#primaryimage\",\"url\":\"https:\\\/\\\/hotnewsinworld.com\\\/es\\\/wp-content\\\/uploads\\\/sites\\\/4\\\/2021\\\/04\\\/En-libertad-sin-cargos-los-hombres-detenidos-por-violar-y.jpg\",\"contentUrl\":\"https:\\\/\\\/hotnewsinworld.com\\\/es\\\/wp-content\\\/uploads\\\/sites\\\/4\\\/2021\\\/04\\\/En-libertad-sin-cargos-los-hombres-detenidos-por-violar-y.jpg\",\"width\":1934,\"height\":1048,\"caption\":\"En libertad sin cargos los hombres detenidos por violar y secuestrar a una chica en Parla\"},{\"@type\":\"BreadcrumbList\",\"@id\":\"https:\\\/\\\/hotnewsinworld.com\\\/es\\\/en-libertad-sin-cargos-los-hombres-detenidos-por-violar-y-secuestrar-a-una-chica-en-parla\\\/#breadcrumb\",\"itemListElement\":[{\"@type\":\"ListItem\",\"position\":1,\"name\":\"\u0413\u043b\u0430\u0432\u043d\u0430\u044f \u0441\u0442\u0440\u0430\u043d\u0438\u0446\u0430\",\"item\":\"https:\\\/\\\/hotnewsinworld.com\\\/es\\\/\"},{\"@type\":\"ListItem\",\"position\":2,\"name\":\"En libertad sin cargos los hombres detenidos por violar y secuestrar a una chica en Parla\"}]},{\"@type\":\"WebSite\",\"@id\":\"https:\\\/\\\/hotnewsinworld.com\\\/es\\\/#website\",\"url\":\"https:\\\/\\\/hotnewsinworld.com\\\/es\\\/\",\"name\":\"Hot News in World\",\"description\":\"Hot News in World from Spain\",\"potentialAction\":[{\"@type\":\"SearchAction\",\"target\":{\"@type\":\"EntryPoint\",\"urlTemplate\":\"https:\\\/\\\/hotnewsinworld.com\\\/es\\\/?s={search_term_string}\"},\"query-input\":{\"@type\":\"PropertyValueSpecification\",\"valueRequired\":true,\"valueName\":\"search_term_string\"}}],\"inLanguage\":\"es\"},{\"@type\":\"Person\",\"@id\":\"https:\\\/\\\/hotnewsinworld.com\\\/es\\\/#\\\/schema\\\/person\\\/fe61448b21c0d59086e75fcc1f9d8f6b\",\"name\":\"hotnewsinworld\",\"image\":{\"@type\":\"ImageObject\",\"inLanguage\":\"es\",\"@id\":\"https:\\\/\\\/secure.gravatar.com\\\/avatar\\\/8a09ac165600ce2e1c38fe593c63928eb1e6e7ba5c5a907d67787c41b3d00c14?s=96&d=mm&r=g\",\"url\":\"https:\\\/\\\/secure.gravatar.com\\\/avatar\\\/8a09ac165600ce2e1c38fe593c63928eb1e6e7ba5c5a907d67787c41b3d00c14?s=96&d=mm&r=g\",\"contentUrl\":\"https:\\\/\\\/secure.gravatar.com\\\/avatar\\\/8a09ac165600ce2e1c38fe593c63928eb1e6e7ba5c5a907d67787c41b3d00c14?s=96&d=mm&r=g\",\"caption\":\"hotnewsinworld\"},\"url\":\"https:\\\/\\\/hotnewsinworld.com\\\/es\\\/author\\\/pt\\\/\"}]}<\/script>\n<!-- \/ Yoast SEO plugin. -->","yoast_head_json":{"title":"En libertad sin cargos los hombres detenidos por violar y secuestrar a una chica en Parla - Hot News in World","robots":{"index":"index","follow":"follow","max-snippet":"max-snippet:-1","max-image-preview":"max-image-preview:large","max-video-preview":"max-video-preview:-1"},"canonical":"https:\/\/hotnewsinworld.com\/es\/en-libertad-sin-cargos-los-hombres-detenidos-por-violar-y-secuestrar-a-una-chica-en-parla\/","og_locale":"es_ES","og_type":"article","og_title":"En libertad sin cargos los hombres detenidos por violar y secuestrar a una chica en Parla - Hot News in World","og_description":"La Polic\u00eda Nacional ha dejado en libertad sin cargos a los dos hombres detenidos el mi\u00e9rcoles por supuestamente violar y secuestrar a una chica de 18 a\u00f1os con el 66 de discapacidad, han informado a Europa Press fuentes judiciales, que han precisado que la joven ha entrado en claras contradicciones e irrealidades durante su declaraci\u00f3n [&hellip;]","og_url":"https:\/\/hotnewsinworld.com\/es\/en-libertad-sin-cargos-los-hombres-detenidos-por-violar-y-secuestrar-a-una-chica-en-parla\/","og_site_name":"Hot News in World","article_published_time":"2021-04-22T10:23:01+00:00","article_modified_time":"2021-04-22T10:23:04+00:00","og_image":[{"width":1934,"height":1048,"url":"https:\/\/hotnewsinworld.com\/es\/wp-content\/uploads\/sites\/4\/2021\/04\/En-libertad-sin-cargos-los-hombres-detenidos-por-violar-y.jpg","type":"image\/jpeg"}],"author":"hotnewsinworld","twitter_card":"summary_large_image","twitter_misc":{"Escrito por":"hotnewsinworld","Tiempo de lectura":"2 minutos"},"schema":{"@context":"https:\/\/schema.org","@graph":[{"@type":"Article","@id":"https:\/\/hotnewsinworld.com\/es\/en-libertad-sin-cargos-los-hombres-detenidos-por-violar-y-secuestrar-a-una-chica-en-parla\/#article","isPartOf":{"@id":"https:\/\/hotnewsinworld.com\/es\/en-libertad-sin-cargos-los-hombres-detenidos-por-violar-y-secuestrar-a-una-chica-en-parla\/"},"author":{"name":"hotnewsinworld","@id":"https:\/\/hotnewsinworld.com\/es\/#\/schema\/person\/fe61448b21c0d59086e75fcc1f9d8f6b"},"headline":"En libertad sin cargos los hombres detenidos por violar y secuestrar a una chica en Parla","datePublished":"2021-04-22T10:23:01+00:00","dateModified":"2021-04-22T10:23:04+00:00","mainEntityOfPage":{"@id":"https:\/\/hotnewsinworld.com\/es\/en-libertad-sin-cargos-los-hombres-detenidos-por-violar-y-secuestrar-a-una-chica-en-parla\/"},"wordCount":408,"commentCount":0,"image":{"@id":"https:\/\/hotnewsinworld.com\/es\/en-libertad-sin-cargos-los-hombres-detenidos-por-violar-y-secuestrar-a-una-chica-en-parla\/#primaryimage"},"thumbnailUrl":"https:\/\/hotnewsinworld.com\/es\/wp-content\/uploads\/sites\/4\/2021\/04\/En-libertad-sin-cargos-los-hombres-detenidos-por-violar-y.jpg","articleSection":["\u00daLTIMAS NOTICIAS FINANCIERAS"],"inLanguage":"es","potentialAction":[{"@type":"CommentAction","name":"Comment","target":["https:\/\/hotnewsinworld.com\/es\/en-libertad-sin-cargos-los-hombres-detenidos-por-violar-y-secuestrar-a-una-chica-en-parla\/#respond"]}]},{"@type":"WebPage","@id":"https:\/\/hotnewsinworld.com\/es\/en-libertad-sin-cargos-los-hombres-detenidos-por-violar-y-secuestrar-a-una-chica-en-parla\/","url":"https:\/\/hotnewsinworld.com\/es\/en-libertad-sin-cargos-los-hombres-detenidos-por-violar-y-secuestrar-a-una-chica-en-parla\/","name":"En libertad sin cargos los hombres detenidos por violar y secuestrar a una chica en Parla - Hot News in World","isPartOf":{"@id":"https:\/\/hotnewsinworld.com\/es\/#website"},"primaryImageOfPage":{"@id":"https:\/\/hotnewsinworld.com\/es\/en-libertad-sin-cargos-los-hombres-detenidos-por-violar-y-secuestrar-a-una-chica-en-parla\/#primaryimage"},"image":{"@id":"https:\/\/hotnewsinworld.com\/es\/en-libertad-sin-cargos-los-hombres-detenidos-por-violar-y-secuestrar-a-una-chica-en-parla\/#primaryimage"},"thumbnailUrl":"https:\/\/hotnewsinworld.com\/es\/wp-content\/uploads\/sites\/4\/2021\/04\/En-libertad-sin-cargos-los-hombres-detenidos-por-violar-y.jpg","datePublished":"2021-04-22T10:23:01+00:00","dateModified":"2021-04-22T10:23:04+00:00","author":{"@id":"https:\/\/hotnewsinworld.com\/es\/#\/schema\/person\/fe61448b21c0d59086e75fcc1f9d8f6b"},"breadcrumb":{"@id":"https:\/\/hotnewsinworld.com\/es\/en-libertad-sin-cargos-los-hombres-detenidos-por-violar-y-secuestrar-a-una-chica-en-parla\/#breadcrumb"},"inLanguage":"es","potentialAction":[{"@type":"ReadAction","target":["https:\/\/hotnewsinworld.com\/es\/en-libertad-sin-cargos-los-hombres-detenidos-por-violar-y-secuestrar-a-una-chica-en-parla\/"]}]},{"@type":"ImageObject","inLanguage":"es","@id":"https:\/\/hotnewsinworld.com\/es\/en-libertad-sin-cargos-los-hombres-detenidos-por-violar-y-secuestrar-a-una-chica-en-parla\/#primaryimage","url":"https:\/\/hotnewsinworld.com\/es\/wp-content\/uploads\/sites\/4\/2021\/04\/En-libertad-sin-cargos-los-hombres-detenidos-por-violar-y.jpg","contentUrl":"https:\/\/hotnewsinworld.com\/es\/wp-content\/uploads\/sites\/4\/2021\/04\/En-libertad-sin-cargos-los-hombres-detenidos-por-violar-y.jpg","width":1934,"height":1048,"caption":"En libertad sin cargos los hombres detenidos por violar y secuestrar a una chica en Parla"},{"@type":"BreadcrumbList","@id":"https:\/\/hotnewsinworld.com\/es\/en-libertad-sin-cargos-los-hombres-detenidos-por-violar-y-secuestrar-a-una-chica-en-parla\/#breadcrumb","itemListElement":[{"@type":"ListItem","position":1,"name":"\u0413\u043b\u0430\u0432\u043d\u0430\u044f \u0441\u0442\u0440\u0430\u043d\u0438\u0446\u0430","item":"https:\/\/hotnewsinworld.com\/es\/"},{"@type":"ListItem","position":2,"name":"En libertad sin cargos los hombres detenidos por violar y secuestrar a una chica en Parla"}]},{"@type":"WebSite","@id":"https:\/\/hotnewsinworld.com\/es\/#website","url":"https:\/\/hotnewsinworld.com\/es\/","name":"Hot News in World","description":"Hot News in World from Spain","potentialAction":[{"@type":"SearchAction","target":{"@type":"EntryPoint","urlTemplate":"https:\/\/hotnewsinworld.com\/es\/?s={search_term_string}"},"query-input":{"@type":"PropertyValueSpecification","valueRequired":true,"valueName":"search_term_string"}}],"inLanguage":"es"},{"@type":"Person","@id":"https:\/\/hotnewsinworld.com\/es\/#\/schema\/person\/fe61448b21c0d59086e75fcc1f9d8f6b","name":"hotnewsinworld","image":{"@type":"ImageObject","inLanguage":"es","@id":"https:\/\/secure.gravatar.com\/avatar\/8a09ac165600ce2e1c38fe593c63928eb1e6e7ba5c5a907d67787c41b3d00c14?s=96&d=mm&r=g","url":"https:\/\/secure.gravatar.com\/avatar\/8a09ac165600ce2e1c38fe593c63928eb1e6e7ba5c5a907d67787c41b3d00c14?s=96&d=mm&r=g","contentUrl":"https:\/\/secure.gravatar.com\/avatar\/8a09ac165600ce2e1c38fe593c63928eb1e6e7ba5c5a907d67787c41b3d00c14?s=96&d=mm&r=g","caption":"hotnewsinworld"},"url":"https:\/\/hotnewsinworld.com\/es\/author\/pt\/"}]}},"_links":{"self":[{"href":"https:\/\/hotnewsinworld.com\/es\/wp-json\/wp\/v2\/posts\/2179","targetHints":{"allow":["GET"]}}],"collection":[{"href":"https:\/\/hotnewsinworld.com\/es\/wp-json\/wp\/v2\/posts"}],"about":[{"href":"https:\/\/hotnewsinworld.com\/es\/wp-json\/wp\/v2\/types\/post"}],"author":[{"embeddable":true,"href":"https:\/\/hotnewsinworld.com\/es\/wp-json\/wp\/v2\/users\/2"}],"replies":[{"embeddable":true,"href":"https:\/\/hotnewsinworld.com\/es\/wp-json\/wp\/v2\/comments?post=2179"}],"version-history":[{"count":1,"href":"https:\/\/hotnewsinworld.com\/es\/wp-json\/wp\/v2\/posts\/2179\/revisions"}],"predecessor-version":[{"id":2181,"href":"https:\/\/hotnewsinworld.com\/es\/wp-json\/wp\/v2\/posts\/2179\/revisions\/2181"}],"wp:featuredmedia":[{"embeddable":true,"href":"https:\/\/hotnewsinworld.com\/es\/wp-json\/wp\/v2\/media\/2180"}],"wp:attachment":[{"href":"https:\/\/hotnewsinworld.com\/es\/wp-json\/wp\/v2\/media?parent=2179"}],"wp:term":[{"taxonomy":"category","embeddable":true,"href":"https:\/\/hotnewsinworld.com\/es\/wp-json\/wp\/v2\/categories?post=2179"},{"taxonomy":"post_tag","embeddable":true,"href":"https:\/\/hotnewsinworld.com\/es\/wp-json\/wp\/v2\/tags?post=2179"}],"curies":[{"name":"wp","href":"https:\/\/api.w.org\/{rel}","templated":true}]}}