{"id":2191,"date":"2021-04-23T13:55:54","date_gmt":"2021-04-23T10:55:54","guid":{"rendered":"https:\/\/hotnewsinworld.com\/es\/el-acuerdo-de-escazu-entra-en-vigor-para-frenar-los-asesinatos-de-ecologistas-en-latinoamerica\/"},"modified":"2021-04-23T13:56:04","modified_gmt":"2021-04-23T10:56:04","slug":"el-acuerdo-de-escazu-entra-en-vigor-para-frenar-los-asesinatos-de-ecologistas-en-latinoamerica","status":"publish","type":"post","link":"https:\/\/hotnewsinworld.com\/es\/el-acuerdo-de-escazu-entra-en-vigor-para-frenar-los-asesinatos-de-ecologistas-en-latinoamerica\/","title":{"rendered":"El Acuerdo de Escaz\u00fa entra en vigor para frenar los asesinatos de ecologistas en Latinoam\u00e9rica"},"content":{"rendered":"<p>Berta C\u00e1ceres, Isidro Baldenegro, Cristina Bautista. Paulo Paulino Guajajara, Yolanda Maturana, Homero G\u00f3mez. La macabra y larga lista de l\u00edderes medioambientales asesinados en Latinoam\u00e9rica ha forzado a la regi\u00f3n a impulsar un tratado que, por primera vez, obliga a protegerlos. Despu\u00e9s de a\u00f1os de negociaciones y pese a la ausencia de importantes pa\u00edses como Colombia, Brasil o Chile, el Acuerdo de Escaz\u00fa ha entrado en vigor este jueves.El tratado tiene el potencial de revertir la espiral de violencia contra los ecologistas que ha convertido a Am\u00e9rica Latina en la regi\u00f3n con mayor mortalidad del mundo para ellos. Pero tambi\u00e9n corre el riesgo de convertirse en papel mojado si los 12 pa\u00edses que lo han ratificado, entre ellos Argentina y M\u00e9xico, no toman las medidas necesarias para implementarlo. De ser as\u00ed, teme la defensora del medio ambiente mexicana Leydy Pech, este d\u00eda ser\u00e1 una simple fotograf\u00eda para el recuerdo.\u201cHay muchos intereses en la ocupaci\u00f3n de los territorios de los pueblos ind\u00edgenas. No podemos decir: el acuerdo ya est\u00e1 y mi problema est\u00e1 solucionado. Hay que trabajar para que se traduzca en una realidad\u201d, dice esta aguerrida apicultora maya, reconocida el a\u00f1o pasado con el Premio Goldman, el Nobel del medio ambiente. Pech ha vivido en carne propia lo que es tener tratados y leyes de su lado que se violan impunemente.Su lucha por frenar la siembra de soja transg\u00e9nica de Monsanto en Campeche consigui\u00f3 en 2015 una victoria sin precedentes en los tribunales, que llev\u00f3 a la cancelaci\u00f3n de los contratos del gigante agroqu\u00edmico en siete Estados del pa\u00eds. Sin embargo, ese tipo de cultivos se sigue sembrando de forma ilegal junto a sus comunidades. \u201c\u00bfQu\u00e9 est\u00e1 faltando? \u00bfPor qu\u00e9 siguen sembrando? \u00bfD\u00f3nde est\u00e1n estos vac\u00edos?\u201d, se pregunta. \u201cEso mismo podr\u00eda suceder con el Acuerdo de Escaz\u00fa\u201d.En una de las regiones m\u00e1s biodiversas del mundo, repleta de problem\u00e1ticas socioambientales, Escaz\u00fa se enfrenta a un reto may\u00fasculo. El texto no solo busca proteger a los defensores ambientales, sino reducir los conflictos al exigir tanto a empresas privadas como a gobiernos que permitan el acceso a la informaci\u00f3n y la participaci\u00f3n p\u00fablica en cualquier proyecto que pueda tener un impacto sobre el medio ambiente.\u00c1rboles talados en un bosque del Estado de M\u00e9xico.Recless Media \/ GettySi bien el camino para su implementaci\u00f3n ser\u00e1 un reto, tanto Pech como las organizaciones de la sociedad civil que impulsaron el tratado aplauden que se haya logrado su entrada en vigor. \u201cEs una celebraci\u00f3n incompleta, en construcci\u00f3n, pero lo importante es que sucede, porque bien hubiera podido ser que no se hubiera celebrado nada\u201d, dice Astrid Puentes, codirectora de la Asociaci\u00f3n Interamericana para la Defensa del Ambiente (AIDA).El acuerdo empez\u00f3 a perfilarse en 2012 y las negociaciones duraron seis a\u00f1os. Puentes recuerda c\u00f3mo la cl\u00e1usula que exige proteger a los ambientalistas estuvo a punto de no ser incluida en el texto por la reticencia de algunos pa\u00edses. Sin embargo, la indignaci\u00f3n que caus\u00f3 el asesinato de Berta C\u00e1ceres en Honduras logr\u00f3 la presi\u00f3n necesaria para que se incorporase. El tortuoso camino hasta la entrada en vigor continu\u00f3 con las ratificaciones en los congresos.\u201cHubo toda una iniciativa a nivel regional de sectores industriales y privados para meter ruido. Se han dicho muchas mentiras del Acuerdo de Escaz\u00fa, como que incluye derechos nuevos que van a impedir el desarrollo\u201d, lamenta. Eso fue lo que ocurri\u00f3 en casos tan llamativos como los de Chile, Per\u00fa y Costa Rica, que pasaron de ser los impulsores del tratado a no ratificarlo. De hecho, de los 24 pa\u00edses que firmaron Escaz\u00fa, tan solo 12 lo han aprobado en sus congresos.Alicia B\u00e1rcena, secretaria ejecutiva de la Comisi\u00f3n Econ\u00f3mica para Am\u00e9rica Latina y el Caribe (CEPAL) de la ONU, reconoce que existe \u201cun temor entre algunas empresas en la regi\u00f3n\u201d por el acuerdo. \u201cPero no deber\u00edan tenerlo, porque una mejor econom\u00eda se construye con transparencia e informaci\u00f3n a la poblaci\u00f3n. Un proyecto tiene mejor rendimiento si se hace con el acuerdo de las comunidades\u201d.Entre los pa\u00edses que faltan por sumarse al pacto destacan Colombia y Brasil, que precisamente lideran la lista de asesinatos a ecologistas en la regi\u00f3n. B\u00e1rcena espera que la entrada en vigor del texto sea un \u201cllamado\u201d que impulse a m\u00e1s pa\u00edses a ratificarlo y logre cobrar la fuerza necesaria para poner un alto al drama que viven los l\u00edderes ambientales en Latinoam\u00e9rica.Suscr\u00edbase aqu\u00ed a la newsletter de EL PA\u00cdS M\u00e9xico y reciba todas las claves informativas de la actualidad de este pa\u00eds<br \/>\n<br \/>\n<!--noindex--><br \/>\n<a href=\"https:\/\/elpais.com\/mexico\/2021-04-23\/el-acuerdo-de-escazu-entra-en-vigor-para-frenar-las-balas-contra-los-defensores-del-medio-ambiente-en-latinoamerica.html\" rel=\"nofollow\">Source link <\/a><br \/>\n<!--\/noindex--><\/p>\n","protected":false},"excerpt":{"rendered":"<p>Berta C\u00e1ceres, Isidro Baldenegro, Cristina Bautista. Paulo Paulino Guajajara, Yolanda Maturana, Homero G\u00f3mez. La macabra y larga lista de l\u00edderes medioambientales asesinados en Latinoam\u00e9rica ha forzado a la regi\u00f3n a impulsar un tratado que, por primera vez, obliga a protegerlos. Despu\u00e9s de a\u00f1os de negociaciones y pese a la ausencia de importantes pa\u00edses como Colombia, [&hellip;]<\/p>\n","protected":false},"author":2,"featured_media":2192,"comment_status":"open","ping_status":"open","sticky":false,"template":"","format":"standard","meta":{"footnotes":""},"categories":[1],"tags":[],"class_list":["post-2191","post","type-post","status-publish","format-standard","has-post-thumbnail","hentry","category-ultimas-noticias-financieras"],"yoast_head":"<!-- This site is optimized with the Yoast SEO plugin v27.4 - https:\/\/yoast.com\/product\/yoast-seo-wordpress\/ -->\n<title>El Acuerdo de Escaz\u00fa entra en vigor para frenar los asesinatos de ecologistas en Latinoam\u00e9rica - Hot News in World<\/title>\n<meta name=\"robots\" content=\"index, follow, max-snippet:-1, max-image-preview:large, max-video-preview:-1\" \/>\n<link rel=\"canonical\" href=\"https:\/\/hotnewsinworld.com\/es\/el-acuerdo-de-escazu-entra-en-vigor-para-frenar-los-asesinatos-de-ecologistas-en-latinoamerica\/\" \/>\n<meta property=\"og:locale\" content=\"es_ES\" \/>\n<meta property=\"og:type\" content=\"article\" \/>\n<meta property=\"og:title\" content=\"El Acuerdo de Escaz\u00fa entra en vigor para frenar los asesinatos de ecologistas en Latinoam\u00e9rica - Hot News in World\" \/>\n<meta property=\"og:description\" content=\"Berta C\u00e1ceres, Isidro Baldenegro, Cristina Bautista. Paulo Paulino Guajajara, Yolanda Maturana, Homero G\u00f3mez. La macabra y larga lista de l\u00edderes medioambientales asesinados en Latinoam\u00e9rica ha forzado a la regi\u00f3n a impulsar un tratado que, por primera vez, obliga a protegerlos. Despu\u00e9s de a\u00f1os de negociaciones y pese a la ausencia de importantes pa\u00edses como Colombia, [&hellip;]\" \/>\n<meta property=\"og:url\" content=\"https:\/\/hotnewsinworld.com\/es\/el-acuerdo-de-escazu-entra-en-vigor-para-frenar-los-asesinatos-de-ecologistas-en-latinoamerica\/\" \/>\n<meta property=\"og:site_name\" content=\"Hot News in World\" \/>\n<meta property=\"article:published_time\" content=\"2021-04-23T10:55:54+00:00\" \/>\n<meta property=\"article:modified_time\" content=\"2021-04-23T10:56:04+00:00\" \/>\n<meta property=\"og:image\" content=\"https:\/\/hotnewsinworld.com\/es\/wp-content\/uploads\/sites\/4\/2021\/04\/El-Acuerdo-de-Escazu-entra-en-vigor-para-frenar-los-scaled.jpeg\" \/>\n\t<meta property=\"og:image:width\" content=\"2560\" \/>\n\t<meta property=\"og:image:height\" content=\"1707\" \/>\n\t<meta property=\"og:image:type\" content=\"image\/jpeg\" \/>\n<meta name=\"author\" content=\"hotnewsinworld\" \/>\n<meta name=\"twitter:card\" content=\"summary_large_image\" \/>\n<meta name=\"twitter:label1\" content=\"Escrito por\" \/>\n\t<meta name=\"twitter:data1\" content=\"hotnewsinworld\" \/>\n\t<meta name=\"twitter:label2\" content=\"Tiempo de lectura\" \/>\n\t<meta name=\"twitter:data2\" content=\"4 minutos\" \/>\n<script type=\"application\/ld+json\" class=\"yoast-schema-graph\">{\"@context\":\"https:\\\/\\\/schema.org\",\"@graph\":[{\"@type\":\"Article\",\"@id\":\"https:\\\/\\\/hotnewsinworld.com\\\/es\\\/el-acuerdo-de-escazu-entra-en-vigor-para-frenar-los-asesinatos-de-ecologistas-en-latinoamerica\\\/#article\",\"isPartOf\":{\"@id\":\"https:\\\/\\\/hotnewsinworld.com\\\/es\\\/el-acuerdo-de-escazu-entra-en-vigor-para-frenar-los-asesinatos-de-ecologistas-en-latinoamerica\\\/\"},\"author\":{\"name\":\"hotnewsinworld\",\"@id\":\"https:\\\/\\\/hotnewsinworld.com\\\/es\\\/#\\\/schema\\\/person\\\/fe61448b21c0d59086e75fcc1f9d8f6b\"},\"headline\":\"El Acuerdo de Escaz\u00fa entra en vigor para frenar los asesinatos de ecologistas en Latinoam\u00e9rica\",\"datePublished\":\"2021-04-23T10:55:54+00:00\",\"dateModified\":\"2021-04-23T10:56:04+00:00\",\"mainEntityOfPage\":{\"@id\":\"https:\\\/\\\/hotnewsinworld.com\\\/es\\\/el-acuerdo-de-escazu-entra-en-vigor-para-frenar-los-asesinatos-de-ecologistas-en-latinoamerica\\\/\"},\"wordCount\":828,\"commentCount\":0,\"image\":{\"@id\":\"https:\\\/\\\/hotnewsinworld.com\\\/es\\\/el-acuerdo-de-escazu-entra-en-vigor-para-frenar-los-asesinatos-de-ecologistas-en-latinoamerica\\\/#primaryimage\"},\"thumbnailUrl\":\"https:\\\/\\\/hotnewsinworld.com\\\/es\\\/wp-content\\\/uploads\\\/sites\\\/4\\\/2021\\\/04\\\/El-Acuerdo-de-Escazu-entra-en-vigor-para-frenar-los-scaled.jpeg\",\"articleSection\":[\"\u00daLTIMAS NOTICIAS FINANCIERAS\"],\"inLanguage\":\"es\",\"potentialAction\":[{\"@type\":\"CommentAction\",\"name\":\"Comment\",\"target\":[\"https:\\\/\\\/hotnewsinworld.com\\\/es\\\/el-acuerdo-de-escazu-entra-en-vigor-para-frenar-los-asesinatos-de-ecologistas-en-latinoamerica\\\/#respond\"]}]},{\"@type\":\"WebPage\",\"@id\":\"https:\\\/\\\/hotnewsinworld.com\\\/es\\\/el-acuerdo-de-escazu-entra-en-vigor-para-frenar-los-asesinatos-de-ecologistas-en-latinoamerica\\\/\",\"url\":\"https:\\\/\\\/hotnewsinworld.com\\\/es\\\/el-acuerdo-de-escazu-entra-en-vigor-para-frenar-los-asesinatos-de-ecologistas-en-latinoamerica\\\/\",\"name\":\"El Acuerdo de Escaz\u00fa entra en vigor para frenar los asesinatos de ecologistas en Latinoam\u00e9rica - Hot News in World\",\"isPartOf\":{\"@id\":\"https:\\\/\\\/hotnewsinworld.com\\\/es\\\/#website\"},\"primaryImageOfPage\":{\"@id\":\"https:\\\/\\\/hotnewsinworld.com\\\/es\\\/el-acuerdo-de-escazu-entra-en-vigor-para-frenar-los-asesinatos-de-ecologistas-en-latinoamerica\\\/#primaryimage\"},\"image\":{\"@id\":\"https:\\\/\\\/hotnewsinworld.com\\\/es\\\/el-acuerdo-de-escazu-entra-en-vigor-para-frenar-los-asesinatos-de-ecologistas-en-latinoamerica\\\/#primaryimage\"},\"thumbnailUrl\":\"https:\\\/\\\/hotnewsinworld.com\\\/es\\\/wp-content\\\/uploads\\\/sites\\\/4\\\/2021\\\/04\\\/El-Acuerdo-de-Escazu-entra-en-vigor-para-frenar-los-scaled.jpeg\",\"datePublished\":\"2021-04-23T10:55:54+00:00\",\"dateModified\":\"2021-04-23T10:56:04+00:00\",\"author\":{\"@id\":\"https:\\\/\\\/hotnewsinworld.com\\\/es\\\/#\\\/schema\\\/person\\\/fe61448b21c0d59086e75fcc1f9d8f6b\"},\"breadcrumb\":{\"@id\":\"https:\\\/\\\/hotnewsinworld.com\\\/es\\\/el-acuerdo-de-escazu-entra-en-vigor-para-frenar-los-asesinatos-de-ecologistas-en-latinoamerica\\\/#breadcrumb\"},\"inLanguage\":\"es\",\"potentialAction\":[{\"@type\":\"ReadAction\",\"target\":[\"https:\\\/\\\/hotnewsinworld.com\\\/es\\\/el-acuerdo-de-escazu-entra-en-vigor-para-frenar-los-asesinatos-de-ecologistas-en-latinoamerica\\\/\"]}]},{\"@type\":\"ImageObject\",\"inLanguage\":\"es\",\"@id\":\"https:\\\/\\\/hotnewsinworld.com\\\/es\\\/el-acuerdo-de-escazu-entra-en-vigor-para-frenar-los-asesinatos-de-ecologistas-en-latinoamerica\\\/#primaryimage\",\"url\":\"https:\\\/\\\/hotnewsinworld.com\\\/es\\\/wp-content\\\/uploads\\\/sites\\\/4\\\/2021\\\/04\\\/El-Acuerdo-de-Escazu-entra-en-vigor-para-frenar-los-scaled.jpeg\",\"contentUrl\":\"https:\\\/\\\/hotnewsinworld.com\\\/es\\\/wp-content\\\/uploads\\\/sites\\\/4\\\/2021\\\/04\\\/El-Acuerdo-de-Escazu-entra-en-vigor-para-frenar-los-scaled.jpeg\",\"width\":2560,\"height\":1707,\"caption\":\"El Acuerdo de Escaz\u00fa entra en vigor para frenar los asesinatos de ecologistas en Latinoam\u00e9rica\"},{\"@type\":\"BreadcrumbList\",\"@id\":\"https:\\\/\\\/hotnewsinworld.com\\\/es\\\/el-acuerdo-de-escazu-entra-en-vigor-para-frenar-los-asesinatos-de-ecologistas-en-latinoamerica\\\/#breadcrumb\",\"itemListElement\":[{\"@type\":\"ListItem\",\"position\":1,\"name\":\"\u0413\u043b\u0430\u0432\u043d\u0430\u044f \u0441\u0442\u0440\u0430\u043d\u0438\u0446\u0430\",\"item\":\"https:\\\/\\\/hotnewsinworld.com\\\/es\\\/\"},{\"@type\":\"ListItem\",\"position\":2,\"name\":\"El Acuerdo de Escaz\u00fa entra en vigor para frenar los asesinatos de ecologistas en Latinoam\u00e9rica\"}]},{\"@type\":\"WebSite\",\"@id\":\"https:\\\/\\\/hotnewsinworld.com\\\/es\\\/#website\",\"url\":\"https:\\\/\\\/hotnewsinworld.com\\\/es\\\/\",\"name\":\"Hot News in World\",\"description\":\"Hot News in World from Spain\",\"potentialAction\":[{\"@type\":\"SearchAction\",\"target\":{\"@type\":\"EntryPoint\",\"urlTemplate\":\"https:\\\/\\\/hotnewsinworld.com\\\/es\\\/?s={search_term_string}\"},\"query-input\":{\"@type\":\"PropertyValueSpecification\",\"valueRequired\":true,\"valueName\":\"search_term_string\"}}],\"inLanguage\":\"es\"},{\"@type\":\"Person\",\"@id\":\"https:\\\/\\\/hotnewsinworld.com\\\/es\\\/#\\\/schema\\\/person\\\/fe61448b21c0d59086e75fcc1f9d8f6b\",\"name\":\"hotnewsinworld\",\"image\":{\"@type\":\"ImageObject\",\"inLanguage\":\"es\",\"@id\":\"https:\\\/\\\/secure.gravatar.com\\\/avatar\\\/8a09ac165600ce2e1c38fe593c63928eb1e6e7ba5c5a907d67787c41b3d00c14?s=96&d=mm&r=g\",\"url\":\"https:\\\/\\\/secure.gravatar.com\\\/avatar\\\/8a09ac165600ce2e1c38fe593c63928eb1e6e7ba5c5a907d67787c41b3d00c14?s=96&d=mm&r=g\",\"contentUrl\":\"https:\\\/\\\/secure.gravatar.com\\\/avatar\\\/8a09ac165600ce2e1c38fe593c63928eb1e6e7ba5c5a907d67787c41b3d00c14?s=96&d=mm&r=g\",\"caption\":\"hotnewsinworld\"},\"url\":\"https:\\\/\\\/hotnewsinworld.com\\\/es\\\/author\\\/pt\\\/\"}]}<\/script>\n<!-- \/ Yoast SEO plugin. -->","yoast_head_json":{"title":"El Acuerdo de Escaz\u00fa entra en vigor para frenar los asesinatos de ecologistas en Latinoam\u00e9rica - Hot News in World","robots":{"index":"index","follow":"follow","max-snippet":"max-snippet:-1","max-image-preview":"max-image-preview:large","max-video-preview":"max-video-preview:-1"},"canonical":"https:\/\/hotnewsinworld.com\/es\/el-acuerdo-de-escazu-entra-en-vigor-para-frenar-los-asesinatos-de-ecologistas-en-latinoamerica\/","og_locale":"es_ES","og_type":"article","og_title":"El Acuerdo de Escaz\u00fa entra en vigor para frenar los asesinatos de ecologistas en Latinoam\u00e9rica - Hot News in World","og_description":"Berta C\u00e1ceres, Isidro Baldenegro, Cristina Bautista. Paulo Paulino Guajajara, Yolanda Maturana, Homero G\u00f3mez. La macabra y larga lista de l\u00edderes medioambientales asesinados en Latinoam\u00e9rica ha forzado a la regi\u00f3n a impulsar un tratado que, por primera vez, obliga a protegerlos. Despu\u00e9s de a\u00f1os de negociaciones y pese a la ausencia de importantes pa\u00edses como Colombia, [&hellip;]","og_url":"https:\/\/hotnewsinworld.com\/es\/el-acuerdo-de-escazu-entra-en-vigor-para-frenar-los-asesinatos-de-ecologistas-en-latinoamerica\/","og_site_name":"Hot News in World","article_published_time":"2021-04-23T10:55:54+00:00","article_modified_time":"2021-04-23T10:56:04+00:00","og_image":[{"width":2560,"height":1707,"url":"https:\/\/hotnewsinworld.com\/es\/wp-content\/uploads\/sites\/4\/2021\/04\/El-Acuerdo-de-Escazu-entra-en-vigor-para-frenar-los-scaled.jpeg","type":"image\/jpeg"}],"author":"hotnewsinworld","twitter_card":"summary_large_image","twitter_misc":{"Escrito por":"hotnewsinworld","Tiempo de lectura":"4 minutos"},"schema":{"@context":"https:\/\/schema.org","@graph":[{"@type":"Article","@id":"https:\/\/hotnewsinworld.com\/es\/el-acuerdo-de-escazu-entra-en-vigor-para-frenar-los-asesinatos-de-ecologistas-en-latinoamerica\/#article","isPartOf":{"@id":"https:\/\/hotnewsinworld.com\/es\/el-acuerdo-de-escazu-entra-en-vigor-para-frenar-los-asesinatos-de-ecologistas-en-latinoamerica\/"},"author":{"name":"hotnewsinworld","@id":"https:\/\/hotnewsinworld.com\/es\/#\/schema\/person\/fe61448b21c0d59086e75fcc1f9d8f6b"},"headline":"El Acuerdo de Escaz\u00fa entra en vigor para frenar los asesinatos de ecologistas en Latinoam\u00e9rica","datePublished":"2021-04-23T10:55:54+00:00","dateModified":"2021-04-23T10:56:04+00:00","mainEntityOfPage":{"@id":"https:\/\/hotnewsinworld.com\/es\/el-acuerdo-de-escazu-entra-en-vigor-para-frenar-los-asesinatos-de-ecologistas-en-latinoamerica\/"},"wordCount":828,"commentCount":0,"image":{"@id":"https:\/\/hotnewsinworld.com\/es\/el-acuerdo-de-escazu-entra-en-vigor-para-frenar-los-asesinatos-de-ecologistas-en-latinoamerica\/#primaryimage"},"thumbnailUrl":"https:\/\/hotnewsinworld.com\/es\/wp-content\/uploads\/sites\/4\/2021\/04\/El-Acuerdo-de-Escazu-entra-en-vigor-para-frenar-los-scaled.jpeg","articleSection":["\u00daLTIMAS NOTICIAS FINANCIERAS"],"inLanguage":"es","potentialAction":[{"@type":"CommentAction","name":"Comment","target":["https:\/\/hotnewsinworld.com\/es\/el-acuerdo-de-escazu-entra-en-vigor-para-frenar-los-asesinatos-de-ecologistas-en-latinoamerica\/#respond"]}]},{"@type":"WebPage","@id":"https:\/\/hotnewsinworld.com\/es\/el-acuerdo-de-escazu-entra-en-vigor-para-frenar-los-asesinatos-de-ecologistas-en-latinoamerica\/","url":"https:\/\/hotnewsinworld.com\/es\/el-acuerdo-de-escazu-entra-en-vigor-para-frenar-los-asesinatos-de-ecologistas-en-latinoamerica\/","name":"El Acuerdo de Escaz\u00fa entra en vigor para frenar los asesinatos de ecologistas en Latinoam\u00e9rica - Hot News in World","isPartOf":{"@id":"https:\/\/hotnewsinworld.com\/es\/#website"},"primaryImageOfPage":{"@id":"https:\/\/hotnewsinworld.com\/es\/el-acuerdo-de-escazu-entra-en-vigor-para-frenar-los-asesinatos-de-ecologistas-en-latinoamerica\/#primaryimage"},"image":{"@id":"https:\/\/hotnewsinworld.com\/es\/el-acuerdo-de-escazu-entra-en-vigor-para-frenar-los-asesinatos-de-ecologistas-en-latinoamerica\/#primaryimage"},"thumbnailUrl":"https:\/\/hotnewsinworld.com\/es\/wp-content\/uploads\/sites\/4\/2021\/04\/El-Acuerdo-de-Escazu-entra-en-vigor-para-frenar-los-scaled.jpeg","datePublished":"2021-04-23T10:55:54+00:00","dateModified":"2021-04-23T10:56:04+00:00","author":{"@id":"https:\/\/hotnewsinworld.com\/es\/#\/schema\/person\/fe61448b21c0d59086e75fcc1f9d8f6b"},"breadcrumb":{"@id":"https:\/\/hotnewsinworld.com\/es\/el-acuerdo-de-escazu-entra-en-vigor-para-frenar-los-asesinatos-de-ecologistas-en-latinoamerica\/#breadcrumb"},"inLanguage":"es","potentialAction":[{"@type":"ReadAction","target":["https:\/\/hotnewsinworld.com\/es\/el-acuerdo-de-escazu-entra-en-vigor-para-frenar-los-asesinatos-de-ecologistas-en-latinoamerica\/"]}]},{"@type":"ImageObject","inLanguage":"es","@id":"https:\/\/hotnewsinworld.com\/es\/el-acuerdo-de-escazu-entra-en-vigor-para-frenar-los-asesinatos-de-ecologistas-en-latinoamerica\/#primaryimage","url":"https:\/\/hotnewsinworld.com\/es\/wp-content\/uploads\/sites\/4\/2021\/04\/El-Acuerdo-de-Escazu-entra-en-vigor-para-frenar-los-scaled.jpeg","contentUrl":"https:\/\/hotnewsinworld.com\/es\/wp-content\/uploads\/sites\/4\/2021\/04\/El-Acuerdo-de-Escazu-entra-en-vigor-para-frenar-los-scaled.jpeg","width":2560,"height":1707,"caption":"El Acuerdo de Escaz\u00fa entra en vigor para frenar los asesinatos de ecologistas en Latinoam\u00e9rica"},{"@type":"BreadcrumbList","@id":"https:\/\/hotnewsinworld.com\/es\/el-acuerdo-de-escazu-entra-en-vigor-para-frenar-los-asesinatos-de-ecologistas-en-latinoamerica\/#breadcrumb","itemListElement":[{"@type":"ListItem","position":1,"name":"\u0413\u043b\u0430\u0432\u043d\u0430\u044f \u0441\u0442\u0440\u0430\u043d\u0438\u0446\u0430","item":"https:\/\/hotnewsinworld.com\/es\/"},{"@type":"ListItem","position":2,"name":"El Acuerdo de Escaz\u00fa entra en vigor para frenar los asesinatos de ecologistas en Latinoam\u00e9rica"}]},{"@type":"WebSite","@id":"https:\/\/hotnewsinworld.com\/es\/#website","url":"https:\/\/hotnewsinworld.com\/es\/","name":"Hot News in World","description":"Hot News in World from Spain","potentialAction":[{"@type":"SearchAction","target":{"@type":"EntryPoint","urlTemplate":"https:\/\/hotnewsinworld.com\/es\/?s={search_term_string}"},"query-input":{"@type":"PropertyValueSpecification","valueRequired":true,"valueName":"search_term_string"}}],"inLanguage":"es"},{"@type":"Person","@id":"https:\/\/hotnewsinworld.com\/es\/#\/schema\/person\/fe61448b21c0d59086e75fcc1f9d8f6b","name":"hotnewsinworld","image":{"@type":"ImageObject","inLanguage":"es","@id":"https:\/\/secure.gravatar.com\/avatar\/8a09ac165600ce2e1c38fe593c63928eb1e6e7ba5c5a907d67787c41b3d00c14?s=96&d=mm&r=g","url":"https:\/\/secure.gravatar.com\/avatar\/8a09ac165600ce2e1c38fe593c63928eb1e6e7ba5c5a907d67787c41b3d00c14?s=96&d=mm&r=g","contentUrl":"https:\/\/secure.gravatar.com\/avatar\/8a09ac165600ce2e1c38fe593c63928eb1e6e7ba5c5a907d67787c41b3d00c14?s=96&d=mm&r=g","caption":"hotnewsinworld"},"url":"https:\/\/hotnewsinworld.com\/es\/author\/pt\/"}]}},"_links":{"self":[{"href":"https:\/\/hotnewsinworld.com\/es\/wp-json\/wp\/v2\/posts\/2191","targetHints":{"allow":["GET"]}}],"collection":[{"href":"https:\/\/hotnewsinworld.com\/es\/wp-json\/wp\/v2\/posts"}],"about":[{"href":"https:\/\/hotnewsinworld.com\/es\/wp-json\/wp\/v2\/types\/post"}],"author":[{"embeddable":true,"href":"https:\/\/hotnewsinworld.com\/es\/wp-json\/wp\/v2\/users\/2"}],"replies":[{"embeddable":true,"href":"https:\/\/hotnewsinworld.com\/es\/wp-json\/wp\/v2\/comments?post=2191"}],"version-history":[{"count":1,"href":"https:\/\/hotnewsinworld.com\/es\/wp-json\/wp\/v2\/posts\/2191\/revisions"}],"predecessor-version":[{"id":2193,"href":"https:\/\/hotnewsinworld.com\/es\/wp-json\/wp\/v2\/posts\/2191\/revisions\/2193"}],"wp:featuredmedia":[{"embeddable":true,"href":"https:\/\/hotnewsinworld.com\/es\/wp-json\/wp\/v2\/media\/2192"}],"wp:attachment":[{"href":"https:\/\/hotnewsinworld.com\/es\/wp-json\/wp\/v2\/media?parent=2191"}],"wp:term":[{"taxonomy":"category","embeddable":true,"href":"https:\/\/hotnewsinworld.com\/es\/wp-json\/wp\/v2\/categories?post=2191"},{"taxonomy":"post_tag","embeddable":true,"href":"https:\/\/hotnewsinworld.com\/es\/wp-json\/wp\/v2\/tags?post=2191"}],"curies":[{"name":"wp","href":"https:\/\/api.w.org\/{rel}","templated":true}]}}