{"id":2233,"date":"2021-04-27T02:46:23","date_gmt":"2021-04-26T23:46:23","guid":{"rendered":"https:\/\/hotnewsinworld.com\/es\/interior-alega-cinco-motivos-para-anular-la-sentencia-que-le-obliga-a-restituir-al-coronel-perez-de-los-cobos\/"},"modified":"2021-04-27T02:46:30","modified_gmt":"2021-04-26T23:46:30","slug":"interior-alega-cinco-motivos-para-anular-la-sentencia-que-le-obliga-a-restituir-al-coronel-perez-de-los-cobos","status":"publish","type":"post","link":"https:\/\/hotnewsinworld.com\/es\/interior-alega-cinco-motivos-para-anular-la-sentencia-que-le-obliga-a-restituir-al-coronel-perez-de-los-cobos\/","title":{"rendered":"Interior alega cinco motivos para anular la sentencia que le obliga a restituir al coronel P\u00e9rez de los Cobos"},"content":{"rendered":"<p>El coronel de la Guardia Civil, Diego P\u00e9rez de los Cobos, compareciendo en la Comisi\u00f3n del Congreso de los Diputados el pasado 25 de marzo.Juan Carlos Hidalgo \/ EFELa Abogac\u00eda del Estado, en nombre del Ministerio del Interior, ha presentado ante la Audiencia Nacional un recurso de apelaci\u00f3n contra la sentencia del juez de lo Contencioso-Administrativo que concluy\u00f3 que la destituci\u00f3n, el 24 de mayo de 2020, del coronel Diego P\u00e9rez de los Cobos como m\u00e1ximo jefe de la Guardia Civil en Madrid fue \u201cilegal\u201d y ordenaba que fuera restituido en su puesto. En su escrito, al que ha tenido acceso EL PA\u00cdS, el representante de Interior esgrime cinco motivos para impugnar el fallo al considerar que el cese del alto mando se ajust\u00f3 a la legalidad y no se produjo la \u201cdesviaci\u00f3n de poder\u201d que el magistrado apuntaba en su decisi\u00f3n. El recurso debe ser resuelto por la Sala de lo Contencioso Administrativo de la Audiencia Nacional, aunque el pronunciamiento de esta no cerrar\u00e1 la causa, ya que a\u00fan se puede recurrir ante el Tribunal Supremo.La decisi\u00f3n del juez que ordenaba la restituci\u00f3n de P\u00e9rez de los Cobos se conoci\u00f3 el pasado 31 de marzo y supuso un varapalo jur\u00eddico para el ministro Fernando Grande-Marlaska, al que la oposici\u00f3n pidi\u00f3 en bloque su dimisi\u00f3n. Interior hab\u00eda destituido al coronel por \u201cp\u00e9rdida de confianza\u201d tras filtrarse a la prensa detalles de una investigaci\u00f3n de la Guardia Civil sobre la celebraci\u00f3n de la manifestaci\u00f3n del D\u00eda de la Mujer en Madrid el 8 de marzo del a\u00f1o pasado y su supuesta relaci\u00f3n con la propagaci\u00f3n de la covid-19. En el escrito con el que se comunic\u00f3 su destituci\u00f3n se detallaba que se hab\u00eda tomado por \u201cno informar del desarrollo de investigaciones y actuaciones de la Guardia Civil, en el marco operativo y de Polic\u00eda Judicial, con fines de conocimiento\u201d, en referencia a aquellas pesquisas. En su sentencia, el juez concluy\u00f3 que \u201cno es cierto\u201d que el alto mando no informara a sus superiores de aquello sobre lo que s\u00ed pod\u00eda informar y destacaba que la decisi\u00f3n de Interior fue \u201cun claro ejercicio desviado de la potestad discrecional\u201d a la hora de nombrar y destituir cargos de confianza, como era el puesto de jefe de la Guardia Civil en Madrid.M\u00e1s informaci\u00f3nEn su recurso, Interior rechaza las conclusiones de la sentencia y pide su nulidad. En primer argumento esgrimido es que, en contra de lo que mantiene el juez en su fallo, el cese de una mando de la Guardia Civil cuando ocupa un puesto de libre designaci\u00f3n, como es el de jefe del instituto armado en Madrid, no se rige por la normativa general aplicable a los empleados p\u00fablicos, sino por \u201cun r\u00e9gimen especial\u201d que se justifica \u201cen los principios de disciplina u objetividad que caracterizan al Instituto armado\u201d. En este sentido, la Abogac\u00eda del Estado recalca que la destituci\u00f3n de P\u00e9rez de los Cobos fue \u201cpor p\u00e9rdida de confianza\u201d y, por tanto, plenamente ajustado al r\u00e9gimen jur\u00eddico especial aplicable a los guardias civiles. \u201cEsta circunstancia deber\u00eda conducir por s\u00ed sola a la revocaci\u00f3n de la sentencia\u201d, se\u00f1ala el recurso.No obstante, Interior plantea otros cuatro motivos de recurso. Uno de ellos es por la decisi\u00f3n del magistrado de incluir en los hechos probados de su sentencia lo que el coronel manifest\u00f3 cuando hizo uso de su derecho a la \u00faltima palabra al final de la vista pese a que, seg\u00fan considera la Abogac\u00eda del Estado, lo que dijo en aquel momento contradijo \u201cfrontalmente\u201d las pruebas que se hab\u00edan practicado durante la vista. Este hecho, se\u00f1ala el escrito, \u201cvicia irremediablemente\u201d el fallo y supone, adem\u00e1s, un \u201cvulneraci\u00f3n del derecho a la tutela judicial efectiva de la Administraci\u00f3n\u201d.El recurso tambi\u00e9n rechaza que Interior cometiera una \u201cdesviaci\u00f3n de poder\u201d al decidir el cese, como afirma el fallo, e insiste en que la motivaci\u00f3n del cese fue \u201creal y legal\u201d. En este sentido, la Abogac\u00eda del Estado destaca que la legislaci\u00f3n actual \u201cno impide\u201d que un mando de la Guardia Civil reciba de sus subordinados informaci\u00f3n sobre \u201cincidencias\u201d de una investigaci\u00f3n y que, a su vez, este \u201cla comunique a la cadena de mando del Ministerio del Interior\u201d sobre en todo en casos con trascendencia medi\u00e1tica y que implican a personas de relevancia p\u00fablica, como era este caso donde estaba imputado el entonces delegado del Gobierno en Madrid, Jos\u00e9 Manuel Franco, y se alud\u00eda a Fernando Sim\u00f3n, director Centro de Coordinaci\u00f3n de Alertas y Emergencias Sanitarias del Ministerio de Sanidad.Contenido de los informesEl escrito recalca que desde Interior nunca se pidi\u00f3 al coronel informaci\u00f3n sobre el contenido de los informes de sus subordinados sobre aquella investigaci\u00f3n \u2014y para los que la jueza que instru\u00eda la causa hab\u00eda pedido rigurosa reserva\u2014, sino \u00fanicamente que se notificara cu\u00e1ndo se entregaban documentos, algo que, insisten, es \u201cperfectamente compatible con la comunicaci\u00f3n de incidencias\u201d. Y destaca que cuando se le pidi\u00f3 informaci\u00f3n fue tras la filtraci\u00f3n a la prensa de la existencia del informe en el que se implicaba a Sim\u00f3n. \u201cEl Ministerio del Interior se tuvo que enterar por la prensa de una circunstancia (la entrega de las diligencias) que esperaba haber conocido a trav\u00e9s de la cadena de mando\u201d, se\u00f1ala el recurso para defender que el fallo incluye una \u201cequivocaci\u00f3n clara y evidente en el juicio valorativo\u201d al haber concluido que el cese fue ilegal.Finalmente, Interior insiste en que la \u201cp\u00e9rdida de confianza\u201d esgrimida para el cese se sustentaba, precisamente, en que el coronel no inform\u00f3 \u201cde incidencias relevantes\u201d en aquella causa. \u201cLa comunicaci\u00f3n de una m\u00ednima informaci\u00f3n sobre las investigaciones judiciales est\u00e1 amparada legalmente y es habitual\u201d, se\u00f1ala el recurso, que incide en que incluso P\u00e9rez de los Cobos lo hizo en varias ocasiones en esta causa antes de su destituci\u00f3n. Sin embargo, la Abogac\u00eda del Estado destaca que dej\u00f3 de hacerlo de manera unilateral y sin explicaci\u00f3n, lo que provoc\u00f3 la p\u00e9rdida de la confianza depositada en \u00e9l para un puesto \u201ccrucial\u201d, la Comandancia de la Guardia Civil en Madrid, que es la \u201cm\u00e1s grande de Espa\u00f1a con diferencia por n\u00famero de efectivos y operaciones\u201d.Por todo ello, el recurso considera que el cese del coronel fue una \u201cconsecuencia l\u00f3gica [&#8230;] Las personas que dirigen cualquier organizaci\u00f3n deben poder confiar en sus subordinados, especialmente en aquellos que ostentan mayor responsabilidad\u201d. Y a\u00f1ade que, adem\u00e1s, no corresponde a los tribunales determinar si los motivos fueron o no suficientes para provocar esa p\u00e9rdida de confianza, sino \u00fanicamente en verificar la competencia del \u00f3rgano administrativo que lo decide. \u201cLa suficiencia de un comportamiento para generar una p\u00e9rdida de confianza no puede ser objeto de control judicial, ya que, de lo contrario, estar\u00edan control\u00e1ndose las condiciones subjetivas determinantes de la confianza\u201d, concluye la Abogac\u00eda del Estado.<br \/>\n<br \/>\n<!--noindex--><br \/>\n<a href=\"https:\/\/elpais.com\/espana\/2021-04-26\/interior-recurre-la-sentencia-que-le-obliga-a-reponer-en-su-puesto-al-coronel-perez-de-los-cobos.html\" rel=\"nofollow\">Source link <\/a><br \/>\n<!--\/noindex--><\/p>\n","protected":false},"excerpt":{"rendered":"<p>El coronel de la Guardia Civil, Diego P\u00e9rez de los Cobos, compareciendo en la Comisi\u00f3n del Congreso de los Diputados el pasado 25 de marzo.Juan Carlos Hidalgo \/ EFELa Abogac\u00eda del Estado, en nombre del Ministerio del Interior, ha presentado ante la Audiencia Nacional un recurso de apelaci\u00f3n contra la sentencia del juez de lo [&hellip;]<\/p>\n","protected":false},"author":2,"featured_media":2234,"comment_status":"open","ping_status":"open","sticky":false,"template":"","format":"standard","meta":{"footnotes":""},"categories":[1],"tags":[],"class_list":["post-2233","post","type-post","status-publish","format-standard","has-post-thumbnail","hentry","category-ultimas-noticias-financieras"],"yoast_head":"<!-- This site is optimized with the Yoast SEO plugin v27.4 - https:\/\/yoast.com\/product\/yoast-seo-wordpress\/ -->\n<title>Interior alega cinco motivos para anular la sentencia que le obliga a restituir al coronel P\u00e9rez de los Cobos - Hot News in World<\/title>\n<meta name=\"robots\" content=\"index, follow, max-snippet:-1, max-image-preview:large, max-video-preview:-1\" \/>\n<link rel=\"canonical\" href=\"https:\/\/hotnewsinworld.com\/es\/interior-alega-cinco-motivos-para-anular-la-sentencia-que-le-obliga-a-restituir-al-coronel-perez-de-los-cobos\/\" \/>\n<meta property=\"og:locale\" content=\"es_ES\" \/>\n<meta property=\"og:type\" content=\"article\" \/>\n<meta property=\"og:title\" content=\"Interior alega cinco motivos para anular la sentencia que le obliga a restituir al coronel P\u00e9rez de los Cobos - Hot News in World\" \/>\n<meta property=\"og:description\" content=\"El coronel de la Guardia Civil, Diego P\u00e9rez de los Cobos, compareciendo en la Comisi\u00f3n del Congreso de los Diputados el pasado 25 de marzo.Juan Carlos Hidalgo \/ EFELa Abogac\u00eda del Estado, en nombre del Ministerio del Interior, ha presentado ante la Audiencia Nacional un recurso de apelaci\u00f3n contra la sentencia del juez de lo [&hellip;]\" \/>\n<meta property=\"og:url\" content=\"https:\/\/hotnewsinworld.com\/es\/interior-alega-cinco-motivos-para-anular-la-sentencia-que-le-obliga-a-restituir-al-coronel-perez-de-los-cobos\/\" \/>\n<meta property=\"og:site_name\" content=\"Hot News in World\" \/>\n<meta property=\"article:published_time\" content=\"2021-04-26T23:46:23+00:00\" \/>\n<meta property=\"article:modified_time\" content=\"2021-04-26T23:46:30+00:00\" \/>\n<meta property=\"og:image\" content=\"https:\/\/hotnewsinworld.com\/es\/wp-content\/uploads\/sites\/4\/2021\/04\/Interior-alega-cinco-motivos-para-anular-la-sentencia-que-le-scaled.jpg\" \/>\n\t<meta property=\"og:image:width\" content=\"2560\" \/>\n\t<meta property=\"og:image:height\" content=\"1703\" \/>\n\t<meta property=\"og:image:type\" content=\"image\/jpeg\" \/>\n<meta name=\"author\" content=\"hotnewsinworld\" \/>\n<meta name=\"twitter:card\" content=\"summary_large_image\" \/>\n<meta name=\"twitter:label1\" content=\"Escrito por\" \/>\n\t<meta name=\"twitter:data1\" content=\"hotnewsinworld\" \/>\n\t<meta name=\"twitter:label2\" content=\"Tiempo de lectura\" \/>\n\t<meta name=\"twitter:data2\" content=\"6 minutos\" \/>\n<script type=\"application\/ld+json\" class=\"yoast-schema-graph\">{\"@context\":\"https:\\\/\\\/schema.org\",\"@graph\":[{\"@type\":\"Article\",\"@id\":\"https:\\\/\\\/hotnewsinworld.com\\\/es\\\/interior-alega-cinco-motivos-para-anular-la-sentencia-que-le-obliga-a-restituir-al-coronel-perez-de-los-cobos\\\/#article\",\"isPartOf\":{\"@id\":\"https:\\\/\\\/hotnewsinworld.com\\\/es\\\/interior-alega-cinco-motivos-para-anular-la-sentencia-que-le-obliga-a-restituir-al-coronel-perez-de-los-cobos\\\/\"},\"author\":{\"name\":\"hotnewsinworld\",\"@id\":\"https:\\\/\\\/hotnewsinworld.com\\\/es\\\/#\\\/schema\\\/person\\\/fe61448b21c0d59086e75fcc1f9d8f6b\"},\"headline\":\"Interior alega cinco motivos para anular la sentencia que le obliga a restituir al coronel P\u00e9rez de los Cobos\",\"datePublished\":\"2021-04-26T23:46:23+00:00\",\"dateModified\":\"2021-04-26T23:46:30+00:00\",\"mainEntityOfPage\":{\"@id\":\"https:\\\/\\\/hotnewsinworld.com\\\/es\\\/interior-alega-cinco-motivos-para-anular-la-sentencia-que-le-obliga-a-restituir-al-coronel-perez-de-los-cobos\\\/\"},\"wordCount\":1237,\"commentCount\":0,\"image\":{\"@id\":\"https:\\\/\\\/hotnewsinworld.com\\\/es\\\/interior-alega-cinco-motivos-para-anular-la-sentencia-que-le-obliga-a-restituir-al-coronel-perez-de-los-cobos\\\/#primaryimage\"},\"thumbnailUrl\":\"https:\\\/\\\/hotnewsinworld.com\\\/es\\\/wp-content\\\/uploads\\\/sites\\\/4\\\/2021\\\/04\\\/Interior-alega-cinco-motivos-para-anular-la-sentencia-que-le-scaled.jpg\",\"articleSection\":[\"\u00daLTIMAS NOTICIAS FINANCIERAS\"],\"inLanguage\":\"es\",\"potentialAction\":[{\"@type\":\"CommentAction\",\"name\":\"Comment\",\"target\":[\"https:\\\/\\\/hotnewsinworld.com\\\/es\\\/interior-alega-cinco-motivos-para-anular-la-sentencia-que-le-obliga-a-restituir-al-coronel-perez-de-los-cobos\\\/#respond\"]}]},{\"@type\":\"WebPage\",\"@id\":\"https:\\\/\\\/hotnewsinworld.com\\\/es\\\/interior-alega-cinco-motivos-para-anular-la-sentencia-que-le-obliga-a-restituir-al-coronel-perez-de-los-cobos\\\/\",\"url\":\"https:\\\/\\\/hotnewsinworld.com\\\/es\\\/interior-alega-cinco-motivos-para-anular-la-sentencia-que-le-obliga-a-restituir-al-coronel-perez-de-los-cobos\\\/\",\"name\":\"Interior alega cinco motivos para anular la sentencia que le obliga a restituir al coronel P\u00e9rez de los Cobos - Hot News in World\",\"isPartOf\":{\"@id\":\"https:\\\/\\\/hotnewsinworld.com\\\/es\\\/#website\"},\"primaryImageOfPage\":{\"@id\":\"https:\\\/\\\/hotnewsinworld.com\\\/es\\\/interior-alega-cinco-motivos-para-anular-la-sentencia-que-le-obliga-a-restituir-al-coronel-perez-de-los-cobos\\\/#primaryimage\"},\"image\":{\"@id\":\"https:\\\/\\\/hotnewsinworld.com\\\/es\\\/interior-alega-cinco-motivos-para-anular-la-sentencia-que-le-obliga-a-restituir-al-coronel-perez-de-los-cobos\\\/#primaryimage\"},\"thumbnailUrl\":\"https:\\\/\\\/hotnewsinworld.com\\\/es\\\/wp-content\\\/uploads\\\/sites\\\/4\\\/2021\\\/04\\\/Interior-alega-cinco-motivos-para-anular-la-sentencia-que-le-scaled.jpg\",\"datePublished\":\"2021-04-26T23:46:23+00:00\",\"dateModified\":\"2021-04-26T23:46:30+00:00\",\"author\":{\"@id\":\"https:\\\/\\\/hotnewsinworld.com\\\/es\\\/#\\\/schema\\\/person\\\/fe61448b21c0d59086e75fcc1f9d8f6b\"},\"breadcrumb\":{\"@id\":\"https:\\\/\\\/hotnewsinworld.com\\\/es\\\/interior-alega-cinco-motivos-para-anular-la-sentencia-que-le-obliga-a-restituir-al-coronel-perez-de-los-cobos\\\/#breadcrumb\"},\"inLanguage\":\"es\",\"potentialAction\":[{\"@type\":\"ReadAction\",\"target\":[\"https:\\\/\\\/hotnewsinworld.com\\\/es\\\/interior-alega-cinco-motivos-para-anular-la-sentencia-que-le-obliga-a-restituir-al-coronel-perez-de-los-cobos\\\/\"]}]},{\"@type\":\"ImageObject\",\"inLanguage\":\"es\",\"@id\":\"https:\\\/\\\/hotnewsinworld.com\\\/es\\\/interior-alega-cinco-motivos-para-anular-la-sentencia-que-le-obliga-a-restituir-al-coronel-perez-de-los-cobos\\\/#primaryimage\",\"url\":\"https:\\\/\\\/hotnewsinworld.com\\\/es\\\/wp-content\\\/uploads\\\/sites\\\/4\\\/2021\\\/04\\\/Interior-alega-cinco-motivos-para-anular-la-sentencia-que-le-scaled.jpg\",\"contentUrl\":\"https:\\\/\\\/hotnewsinworld.com\\\/es\\\/wp-content\\\/uploads\\\/sites\\\/4\\\/2021\\\/04\\\/Interior-alega-cinco-motivos-para-anular-la-sentencia-que-le-scaled.jpg\",\"width\":2560,\"height\":1703,\"caption\":\"Interior alega cinco motivos para anular la sentencia que le obliga a restituir al coronel P\u00e9rez de los Cobos\"},{\"@type\":\"BreadcrumbList\",\"@id\":\"https:\\\/\\\/hotnewsinworld.com\\\/es\\\/interior-alega-cinco-motivos-para-anular-la-sentencia-que-le-obliga-a-restituir-al-coronel-perez-de-los-cobos\\\/#breadcrumb\",\"itemListElement\":[{\"@type\":\"ListItem\",\"position\":1,\"name\":\"\u0413\u043b\u0430\u0432\u043d\u0430\u044f \u0441\u0442\u0440\u0430\u043d\u0438\u0446\u0430\",\"item\":\"https:\\\/\\\/hotnewsinworld.com\\\/es\\\/\"},{\"@type\":\"ListItem\",\"position\":2,\"name\":\"Interior alega cinco motivos para anular la sentencia que le obliga a restituir al coronel P\u00e9rez de los Cobos\"}]},{\"@type\":\"WebSite\",\"@id\":\"https:\\\/\\\/hotnewsinworld.com\\\/es\\\/#website\",\"url\":\"https:\\\/\\\/hotnewsinworld.com\\\/es\\\/\",\"name\":\"Hot News in World\",\"description\":\"Hot News in World from Spain\",\"potentialAction\":[{\"@type\":\"SearchAction\",\"target\":{\"@type\":\"EntryPoint\",\"urlTemplate\":\"https:\\\/\\\/hotnewsinworld.com\\\/es\\\/?s={search_term_string}\"},\"query-input\":{\"@type\":\"PropertyValueSpecification\",\"valueRequired\":true,\"valueName\":\"search_term_string\"}}],\"inLanguage\":\"es\"},{\"@type\":\"Person\",\"@id\":\"https:\\\/\\\/hotnewsinworld.com\\\/es\\\/#\\\/schema\\\/person\\\/fe61448b21c0d59086e75fcc1f9d8f6b\",\"name\":\"hotnewsinworld\",\"image\":{\"@type\":\"ImageObject\",\"inLanguage\":\"es\",\"@id\":\"https:\\\/\\\/secure.gravatar.com\\\/avatar\\\/8a09ac165600ce2e1c38fe593c63928eb1e6e7ba5c5a907d67787c41b3d00c14?s=96&d=mm&r=g\",\"url\":\"https:\\\/\\\/secure.gravatar.com\\\/avatar\\\/8a09ac165600ce2e1c38fe593c63928eb1e6e7ba5c5a907d67787c41b3d00c14?s=96&d=mm&r=g\",\"contentUrl\":\"https:\\\/\\\/secure.gravatar.com\\\/avatar\\\/8a09ac165600ce2e1c38fe593c63928eb1e6e7ba5c5a907d67787c41b3d00c14?s=96&d=mm&r=g\",\"caption\":\"hotnewsinworld\"},\"url\":\"https:\\\/\\\/hotnewsinworld.com\\\/es\\\/author\\\/pt\\\/\"}]}<\/script>\n<!-- \/ Yoast SEO plugin. -->","yoast_head_json":{"title":"Interior alega cinco motivos para anular la sentencia que le obliga a restituir al coronel P\u00e9rez de los Cobos - Hot News in World","robots":{"index":"index","follow":"follow","max-snippet":"max-snippet:-1","max-image-preview":"max-image-preview:large","max-video-preview":"max-video-preview:-1"},"canonical":"https:\/\/hotnewsinworld.com\/es\/interior-alega-cinco-motivos-para-anular-la-sentencia-que-le-obliga-a-restituir-al-coronel-perez-de-los-cobos\/","og_locale":"es_ES","og_type":"article","og_title":"Interior alega cinco motivos para anular la sentencia que le obliga a restituir al coronel P\u00e9rez de los Cobos - Hot News in World","og_description":"El coronel de la Guardia Civil, Diego P\u00e9rez de los Cobos, compareciendo en la Comisi\u00f3n del Congreso de los Diputados el pasado 25 de marzo.Juan Carlos Hidalgo \/ EFELa Abogac\u00eda del Estado, en nombre del Ministerio del Interior, ha presentado ante la Audiencia Nacional un recurso de apelaci\u00f3n contra la sentencia del juez de lo [&hellip;]","og_url":"https:\/\/hotnewsinworld.com\/es\/interior-alega-cinco-motivos-para-anular-la-sentencia-que-le-obliga-a-restituir-al-coronel-perez-de-los-cobos\/","og_site_name":"Hot News in World","article_published_time":"2021-04-26T23:46:23+00:00","article_modified_time":"2021-04-26T23:46:30+00:00","og_image":[{"width":2560,"height":1703,"url":"https:\/\/hotnewsinworld.com\/es\/wp-content\/uploads\/sites\/4\/2021\/04\/Interior-alega-cinco-motivos-para-anular-la-sentencia-que-le-scaled.jpg","type":"image\/jpeg"}],"author":"hotnewsinworld","twitter_card":"summary_large_image","twitter_misc":{"Escrito por":"hotnewsinworld","Tiempo de lectura":"6 minutos"},"schema":{"@context":"https:\/\/schema.org","@graph":[{"@type":"Article","@id":"https:\/\/hotnewsinworld.com\/es\/interior-alega-cinco-motivos-para-anular-la-sentencia-que-le-obliga-a-restituir-al-coronel-perez-de-los-cobos\/#article","isPartOf":{"@id":"https:\/\/hotnewsinworld.com\/es\/interior-alega-cinco-motivos-para-anular-la-sentencia-que-le-obliga-a-restituir-al-coronel-perez-de-los-cobos\/"},"author":{"name":"hotnewsinworld","@id":"https:\/\/hotnewsinworld.com\/es\/#\/schema\/person\/fe61448b21c0d59086e75fcc1f9d8f6b"},"headline":"Interior alega cinco motivos para anular la sentencia que le obliga a restituir al coronel P\u00e9rez de los Cobos","datePublished":"2021-04-26T23:46:23+00:00","dateModified":"2021-04-26T23:46:30+00:00","mainEntityOfPage":{"@id":"https:\/\/hotnewsinworld.com\/es\/interior-alega-cinco-motivos-para-anular-la-sentencia-que-le-obliga-a-restituir-al-coronel-perez-de-los-cobos\/"},"wordCount":1237,"commentCount":0,"image":{"@id":"https:\/\/hotnewsinworld.com\/es\/interior-alega-cinco-motivos-para-anular-la-sentencia-que-le-obliga-a-restituir-al-coronel-perez-de-los-cobos\/#primaryimage"},"thumbnailUrl":"https:\/\/hotnewsinworld.com\/es\/wp-content\/uploads\/sites\/4\/2021\/04\/Interior-alega-cinco-motivos-para-anular-la-sentencia-que-le-scaled.jpg","articleSection":["\u00daLTIMAS NOTICIAS FINANCIERAS"],"inLanguage":"es","potentialAction":[{"@type":"CommentAction","name":"Comment","target":["https:\/\/hotnewsinworld.com\/es\/interior-alega-cinco-motivos-para-anular-la-sentencia-que-le-obliga-a-restituir-al-coronel-perez-de-los-cobos\/#respond"]}]},{"@type":"WebPage","@id":"https:\/\/hotnewsinworld.com\/es\/interior-alega-cinco-motivos-para-anular-la-sentencia-que-le-obliga-a-restituir-al-coronel-perez-de-los-cobos\/","url":"https:\/\/hotnewsinworld.com\/es\/interior-alega-cinco-motivos-para-anular-la-sentencia-que-le-obliga-a-restituir-al-coronel-perez-de-los-cobos\/","name":"Interior alega cinco motivos para anular la sentencia que le obliga a restituir al coronel P\u00e9rez de los Cobos - Hot News in World","isPartOf":{"@id":"https:\/\/hotnewsinworld.com\/es\/#website"},"primaryImageOfPage":{"@id":"https:\/\/hotnewsinworld.com\/es\/interior-alega-cinco-motivos-para-anular-la-sentencia-que-le-obliga-a-restituir-al-coronel-perez-de-los-cobos\/#primaryimage"},"image":{"@id":"https:\/\/hotnewsinworld.com\/es\/interior-alega-cinco-motivos-para-anular-la-sentencia-que-le-obliga-a-restituir-al-coronel-perez-de-los-cobos\/#primaryimage"},"thumbnailUrl":"https:\/\/hotnewsinworld.com\/es\/wp-content\/uploads\/sites\/4\/2021\/04\/Interior-alega-cinco-motivos-para-anular-la-sentencia-que-le-scaled.jpg","datePublished":"2021-04-26T23:46:23+00:00","dateModified":"2021-04-26T23:46:30+00:00","author":{"@id":"https:\/\/hotnewsinworld.com\/es\/#\/schema\/person\/fe61448b21c0d59086e75fcc1f9d8f6b"},"breadcrumb":{"@id":"https:\/\/hotnewsinworld.com\/es\/interior-alega-cinco-motivos-para-anular-la-sentencia-que-le-obliga-a-restituir-al-coronel-perez-de-los-cobos\/#breadcrumb"},"inLanguage":"es","potentialAction":[{"@type":"ReadAction","target":["https:\/\/hotnewsinworld.com\/es\/interior-alega-cinco-motivos-para-anular-la-sentencia-que-le-obliga-a-restituir-al-coronel-perez-de-los-cobos\/"]}]},{"@type":"ImageObject","inLanguage":"es","@id":"https:\/\/hotnewsinworld.com\/es\/interior-alega-cinco-motivos-para-anular-la-sentencia-que-le-obliga-a-restituir-al-coronel-perez-de-los-cobos\/#primaryimage","url":"https:\/\/hotnewsinworld.com\/es\/wp-content\/uploads\/sites\/4\/2021\/04\/Interior-alega-cinco-motivos-para-anular-la-sentencia-que-le-scaled.jpg","contentUrl":"https:\/\/hotnewsinworld.com\/es\/wp-content\/uploads\/sites\/4\/2021\/04\/Interior-alega-cinco-motivos-para-anular-la-sentencia-que-le-scaled.jpg","width":2560,"height":1703,"caption":"Interior alega cinco motivos para anular la sentencia que le obliga a restituir al coronel P\u00e9rez de los Cobos"},{"@type":"BreadcrumbList","@id":"https:\/\/hotnewsinworld.com\/es\/interior-alega-cinco-motivos-para-anular-la-sentencia-que-le-obliga-a-restituir-al-coronel-perez-de-los-cobos\/#breadcrumb","itemListElement":[{"@type":"ListItem","position":1,"name":"\u0413\u043b\u0430\u0432\u043d\u0430\u044f \u0441\u0442\u0440\u0430\u043d\u0438\u0446\u0430","item":"https:\/\/hotnewsinworld.com\/es\/"},{"@type":"ListItem","position":2,"name":"Interior alega cinco motivos para anular la sentencia que le obliga a restituir al coronel P\u00e9rez de los Cobos"}]},{"@type":"WebSite","@id":"https:\/\/hotnewsinworld.com\/es\/#website","url":"https:\/\/hotnewsinworld.com\/es\/","name":"Hot News in World","description":"Hot News in World from Spain","potentialAction":[{"@type":"SearchAction","target":{"@type":"EntryPoint","urlTemplate":"https:\/\/hotnewsinworld.com\/es\/?s={search_term_string}"},"query-input":{"@type":"PropertyValueSpecification","valueRequired":true,"valueName":"search_term_string"}}],"inLanguage":"es"},{"@type":"Person","@id":"https:\/\/hotnewsinworld.com\/es\/#\/schema\/person\/fe61448b21c0d59086e75fcc1f9d8f6b","name":"hotnewsinworld","image":{"@type":"ImageObject","inLanguage":"es","@id":"https:\/\/secure.gravatar.com\/avatar\/8a09ac165600ce2e1c38fe593c63928eb1e6e7ba5c5a907d67787c41b3d00c14?s=96&d=mm&r=g","url":"https:\/\/secure.gravatar.com\/avatar\/8a09ac165600ce2e1c38fe593c63928eb1e6e7ba5c5a907d67787c41b3d00c14?s=96&d=mm&r=g","contentUrl":"https:\/\/secure.gravatar.com\/avatar\/8a09ac165600ce2e1c38fe593c63928eb1e6e7ba5c5a907d67787c41b3d00c14?s=96&d=mm&r=g","caption":"hotnewsinworld"},"url":"https:\/\/hotnewsinworld.com\/es\/author\/pt\/"}]}},"_links":{"self":[{"href":"https:\/\/hotnewsinworld.com\/es\/wp-json\/wp\/v2\/posts\/2233","targetHints":{"allow":["GET"]}}],"collection":[{"href":"https:\/\/hotnewsinworld.com\/es\/wp-json\/wp\/v2\/posts"}],"about":[{"href":"https:\/\/hotnewsinworld.com\/es\/wp-json\/wp\/v2\/types\/post"}],"author":[{"embeddable":true,"href":"https:\/\/hotnewsinworld.com\/es\/wp-json\/wp\/v2\/users\/2"}],"replies":[{"embeddable":true,"href":"https:\/\/hotnewsinworld.com\/es\/wp-json\/wp\/v2\/comments?post=2233"}],"version-history":[{"count":1,"href":"https:\/\/hotnewsinworld.com\/es\/wp-json\/wp\/v2\/posts\/2233\/revisions"}],"predecessor-version":[{"id":2235,"href":"https:\/\/hotnewsinworld.com\/es\/wp-json\/wp\/v2\/posts\/2233\/revisions\/2235"}],"wp:featuredmedia":[{"embeddable":true,"href":"https:\/\/hotnewsinworld.com\/es\/wp-json\/wp\/v2\/media\/2234"}],"wp:attachment":[{"href":"https:\/\/hotnewsinworld.com\/es\/wp-json\/wp\/v2\/media?parent=2233"}],"wp:term":[{"taxonomy":"category","embeddable":true,"href":"https:\/\/hotnewsinworld.com\/es\/wp-json\/wp\/v2\/categories?post=2233"},{"taxonomy":"post_tag","embeddable":true,"href":"https:\/\/hotnewsinworld.com\/es\/wp-json\/wp\/v2\/tags?post=2233"}],"curies":[{"name":"wp","href":"https:\/\/api.w.org\/{rel}","templated":true}]}}