{"id":2257,"date":"2021-04-29T03:33:38","date_gmt":"2021-04-29T00:33:38","guid":{"rendered":"https:\/\/hotnewsinworld.com\/es\/las-protestas-contra-la-reforma-tributaria-reactivan-las-movilizaciones-en-colombia-en-el-pico-de-la-pandemia\/"},"modified":"2021-04-29T03:33:43","modified_gmt":"2021-04-29T00:33:43","slug":"las-protestas-contra-la-reforma-tributaria-reactivan-las-movilizaciones-en-colombia-en-el-pico-de-la-pandemia","status":"publish","type":"post","link":"https:\/\/hotnewsinworld.com\/es\/las-protestas-contra-la-reforma-tributaria-reactivan-las-movilizaciones-en-colombia-en-el-pico-de-la-pandemia\/","title":{"rendered":"Las protestas contra la reforma tributaria reactivan las movilizaciones en Colombia en el pico de la pandemia"},"content":{"rendered":"<p>Los manifestantes desafiaron el peor momento de la pandemia en Colombia para volcarse a las calles de las principales ciudades. Sus arengas est\u00e1n de regreso para rechazar la reforma tributaria que ha propuesto el Gobierno de Iv\u00e1n Duque con el prop\u00f3sito de cubrir el hueco fiscal que ha dejado la crisis sanitaria. El llamado paro nacional que a finales de 2019, antes de la irrupci\u00f3n del coronavirus, ya hab\u00eda sometido a una considerable presi\u00f3n al mandatario, se reactiv\u00f3 este mi\u00e9rcoles con marchas masivas, bloqueos, enfrentamientos espor\u00e1dicos con la polic\u00eda y algunos disturbios a lo largo de la jornada, a pesar de los m\u00faltiples llamados a aplazarlas o privilegiar otros m\u00e9todos de protesta.Las movilizaciones fueron mayoritariamente pac\u00edficas, aunque en la ciudad de Cali las protestas derivaron en vandalismo. A primera hora de la ma\u00f1ana un grupo de ind\u00edgenas derrib\u00f3 la estatua del conquistador espa\u00f1ol Sebasti\u00e1n de Belalc\u00e1zar, y los manifestantes quemaron tres buses del sistema de transporte masivo y saquearon almacenes de cadena. El alcalde, Jorge Iv\u00e1n Ospina, decret\u00f3 el toque de queda desde las 15.00 horas y el Ej\u00e9rcito fue desplegado en las calles. \u201cSe registra un buen comportamiento por parte de los ciudadanos, con excepci\u00f3n de Bogot\u00e1 y Cali, d\u00f3nde la Fuerza Disponible y el Escuadr\u00f3n M\u00f3vil Antidisturbios ha tenido que intervenir algunos intentos de bloqueo\u201d, se\u00f1alaba despu\u00e9s del mediod\u00eda el balance del Ministerio de Defensa. \u201cNo vamos a tolerar m\u00e1s actos violentos en ning\u00fan punto del pa\u00eds\u201d, declar\u00f3 el jefe de la cartera, Diego Molano.M\u00e1s informaci\u00f3nEn la capital hubo desde las primeras horas bloqueos del tr\u00e1fico y de las estaciones de Transmilenio, el sistema de transporte masivo de buses articulados. \u201cQuiero pedirles a los ciudadanos que por su cuidado y salud, empiecen a regresar a sus casas\u201d a partir de las 14.00 horas, declar\u00f3 la alcaldesa de Bogot\u00e1, Claudia L\u00f3pez, al anunciar que Transmilenio cerrar\u00e1 a las 17.00 horas. A pesar de que L\u00f3pez, del partido progresista Alianza Verde, ha mantenido un tenso pulso de liderazgos con el presidente Duque a lo largo de la pandemia, ya hab\u00eda considerado que marchar en este momento era \u201cun atentado a la vida\u201d. Las principales ciudades han recurrido a renovadas medidas confinamiento y toques de queda nocturnos para superar este momento cr\u00edtico, con los hospitales al borde del colapso. En Bogot\u00e1, Medell\u00edn o Cali, la ocupaci\u00f3n de Unidades de Cuidados Intensivos supera el 90%.La movilizaci\u00f3n supon\u00eda un desaf\u00edo a los m\u00faltiples llamados a evitar las aglomeraciones en momentos en que el pa\u00eds enfrenta un repunte de contagios. La jornada fue convocada desde el pasado 6 de marzo, antes de que se conocieran los detalles de la resistida propuesta de reforma tributaria del Gobierno, a pesar de que la mayor\u00eda de los expertos la considera necesaria. Los organizadores agrupados en el Comit\u00e9 Nacional de Paro, integrado principalmente por centrales obreras, organizaciones estudiantiles y campesinas, mantuvieron la convocatoria a pesar de que la v\u00edspera un confuso fallo del Tribunal Administrativo de Cundinamarca, criticado por diversos juristas, orden\u00f3 \u2013sobre el papel\u2013 el aplazamiento de las marchas. \u201cEstamos ejerciendo el derecho fundamental de protestar\u201d amparado por sentencias de la Corte Constitucional, ha defendido Francisco Malt\u00e9s, presidente de la Central Unitaria de Trabajadores (CUT).\u201cMe impact\u00f3 mucho que el Tribunal Administrativo de Cundinamarca nos dijera que no podemos salir a marchar, como si fuera un permiso, cuando es un derecho fundamental que tenemos\u201d, se\u00f1al\u00f3 a este peri\u00f3dico Isamari Quito, una estudiante de derecho de 20 a\u00f1os, en el Monumento a los H\u00e9roes, uno de los puntos de concentraciones en Bogot\u00e1. \u201cHay gente muriendo de hambre, no es solamente por covid \u2026 Creo que la peor pandemia es el racismo\u201d, a\u00f1ad\u00eda esta manifestante al calificar la reforma tributaria como \u201cnefasta\u201d. En este punto, varios centenares de personas, j\u00f3venes casi en su totalidad, manten\u00edan el distanciamiento social mientras realizaban cortes intermitentes del tr\u00e1nsito en la Autopista Norte al tiempo que entonaban entre silbatos y vuvuzelas el c\u00e1ntico \u201ca parar para avanzar\/ viva el paro nacional\u201d.En un a\u00f1o previo a elecciones, los aspirantes presidenciales tambi\u00e9n se han posicionado con respecto a las movilizaciones. \u201cSi todos nos manifestamos hoy con cacerolazos en nuestras ciudades, la protesta ser\u00e1 escuchada y sentida sin ponernos en riesgo\u201d, escribi\u00f3 en sus redes sociales Sergio Fajardo, exalcalde de Medell\u00edn. Gustavo Petro, el perdedor de la segunda vuelta de las presidenciales del 2018 ante Duque, ha emergido como el promotor m\u00e1s visible de las protestas entre los l\u00edderes pol\u00edticos. \u201c\u00bfNo quieren aglomeraciones? Es f\u00e1cil, retiren la reforma tributaria\u201d, ha asegurado desafiante el candidato de izquierdas, favorito en las encuestas m\u00e1s recientes de cara a los comicios del 2022. \u00c1ngela Mar\u00eda Robledo y Francia M\u00e1rquez, otras dos aspirantes apoyadas por el movimiento feminista, marcharon en las calles de Bogot\u00e1.Aunque la protesta social se ha visto en gran medida desactivada durante la pandemia por las medidas de confinamiento, en los casi tres a\u00f1os de Gobierno de Duque el malestar se ha traducido en una amplia amalgama de reclamos que incluyen el incesante asesinato de l\u00edderes sociales, la implementaci\u00f3n de los acuerdos de paz, los abusos policiales, mayores fondos para la educaci\u00f3n p\u00fablica, la desigualdad o los asuntos ambientales. La convocatoria del mi\u00e9rcoles se vio potenciada por la propuesta de subida de impuestos que apenas comienza su tr\u00e1nsito en el Congreso. El Gobierno defiende su componente social, pues tambi\u00e9n incluye, entre otras medidas, una renta b\u00e1sica permanente para los m\u00e1s vulnerables.Suscr\u00edbase aqu\u00ed a la newsletter de EL PA\u00cdS Am\u00e9rica y reciba todas las claves informativas de la actualidad de la regi\u00f3n.<br \/>\n<br \/>\n<!--noindex--><br \/>\n<a href=\"https:\/\/elpais.com\/internacional\/2021-04-28\/los-manifestantes-vuelven-a-las-calles-en-colombia-en-el-repunte-de-la-pandemia.html\" rel=\"nofollow\">Source link <\/a><br \/>\n<!--\/noindex--><\/p>\n","protected":false},"excerpt":{"rendered":"<p>Los manifestantes desafiaron el peor momento de la pandemia en Colombia para volcarse a las calles de las principales ciudades. Sus arengas est\u00e1n de regreso para rechazar la reforma tributaria que ha propuesto el Gobierno de Iv\u00e1n Duque con el prop\u00f3sito de cubrir el hueco fiscal que ha dejado la crisis sanitaria. El llamado paro [&hellip;]<\/p>\n","protected":false},"author":2,"featured_media":2258,"comment_status":"open","ping_status":"open","sticky":false,"template":"","format":"standard","meta":{"footnotes":""},"categories":[1],"tags":[],"class_list":["post-2257","post","type-post","status-publish","format-standard","has-post-thumbnail","hentry","category-ultimas-noticias-financieras"],"yoast_head":"<!-- This site is optimized with the Yoast SEO plugin v27.4 - https:\/\/yoast.com\/product\/yoast-seo-wordpress\/ -->\n<title>Las protestas contra la reforma tributaria reactivan las movilizaciones en Colombia en el pico de la pandemia - Hot News in World<\/title>\n<meta name=\"robots\" content=\"index, follow, max-snippet:-1, max-image-preview:large, max-video-preview:-1\" \/>\n<link rel=\"canonical\" href=\"https:\/\/hotnewsinworld.com\/es\/las-protestas-contra-la-reforma-tributaria-reactivan-las-movilizaciones-en-colombia-en-el-pico-de-la-pandemia\/\" \/>\n<meta property=\"og:locale\" content=\"es_ES\" \/>\n<meta property=\"og:type\" content=\"article\" \/>\n<meta property=\"og:title\" content=\"Las protestas contra la reforma tributaria reactivan las movilizaciones en Colombia en el pico de la pandemia - Hot News in World\" \/>\n<meta property=\"og:description\" content=\"Los manifestantes desafiaron el peor momento de la pandemia en Colombia para volcarse a las calles de las principales ciudades. Sus arengas est\u00e1n de regreso para rechazar la reforma tributaria que ha propuesto el Gobierno de Iv\u00e1n Duque con el prop\u00f3sito de cubrir el hueco fiscal que ha dejado la crisis sanitaria. El llamado paro [&hellip;]\" \/>\n<meta property=\"og:url\" content=\"https:\/\/hotnewsinworld.com\/es\/las-protestas-contra-la-reforma-tributaria-reactivan-las-movilizaciones-en-colombia-en-el-pico-de-la-pandemia\/\" \/>\n<meta property=\"og:site_name\" content=\"Hot News in World\" \/>\n<meta property=\"article:published_time\" content=\"2021-04-29T00:33:38+00:00\" \/>\n<meta property=\"article:modified_time\" content=\"2021-04-29T00:33:43+00:00\" \/>\n<meta property=\"og:image\" content=\"https:\/\/hotnewsinworld.com\/es\/wp-content\/uploads\/sites\/4\/2021\/04\/Las-protestas-contra-la-reforma-tributaria-reactivan-las-movilizaciones-en.jpg\" \/>\n\t<meta property=\"og:image:width\" content=\"1200\" \/>\n\t<meta property=\"og:image:height\" content=\"800\" \/>\n\t<meta property=\"og:image:type\" content=\"image\/jpeg\" \/>\n<meta name=\"author\" content=\"hotnewsinworld\" \/>\n<meta name=\"twitter:card\" content=\"summary_large_image\" \/>\n<meta name=\"twitter:label1\" content=\"Escrito por\" \/>\n\t<meta name=\"twitter:data1\" content=\"hotnewsinworld\" \/>\n\t<meta name=\"twitter:label2\" content=\"Tiempo de lectura\" \/>\n\t<meta name=\"twitter:data2\" content=\"5 minutos\" \/>\n<script type=\"application\/ld+json\" class=\"yoast-schema-graph\">{\"@context\":\"https:\\\/\\\/schema.org\",\"@graph\":[{\"@type\":\"Article\",\"@id\":\"https:\\\/\\\/hotnewsinworld.com\\\/es\\\/las-protestas-contra-la-reforma-tributaria-reactivan-las-movilizaciones-en-colombia-en-el-pico-de-la-pandemia\\\/#article\",\"isPartOf\":{\"@id\":\"https:\\\/\\\/hotnewsinworld.com\\\/es\\\/las-protestas-contra-la-reforma-tributaria-reactivan-las-movilizaciones-en-colombia-en-el-pico-de-la-pandemia\\\/\"},\"author\":{\"name\":\"hotnewsinworld\",\"@id\":\"https:\\\/\\\/hotnewsinworld.com\\\/es\\\/#\\\/schema\\\/person\\\/fe61448b21c0d59086e75fcc1f9d8f6b\"},\"headline\":\"Las protestas contra la reforma tributaria reactivan las movilizaciones en Colombia en el pico de la pandemia\",\"datePublished\":\"2021-04-29T00:33:38+00:00\",\"dateModified\":\"2021-04-29T00:33:43+00:00\",\"mainEntityOfPage\":{\"@id\":\"https:\\\/\\\/hotnewsinworld.com\\\/es\\\/las-protestas-contra-la-reforma-tributaria-reactivan-las-movilizaciones-en-colombia-en-el-pico-de-la-pandemia\\\/\"},\"wordCount\":1007,\"commentCount\":0,\"image\":{\"@id\":\"https:\\\/\\\/hotnewsinworld.com\\\/es\\\/las-protestas-contra-la-reforma-tributaria-reactivan-las-movilizaciones-en-colombia-en-el-pico-de-la-pandemia\\\/#primaryimage\"},\"thumbnailUrl\":\"https:\\\/\\\/hotnewsinworld.com\\\/es\\\/wp-content\\\/uploads\\\/sites\\\/4\\\/2021\\\/04\\\/Las-protestas-contra-la-reforma-tributaria-reactivan-las-movilizaciones-en.jpg\",\"articleSection\":[\"\u00daLTIMAS NOTICIAS FINANCIERAS\"],\"inLanguage\":\"es\",\"potentialAction\":[{\"@type\":\"CommentAction\",\"name\":\"Comment\",\"target\":[\"https:\\\/\\\/hotnewsinworld.com\\\/es\\\/las-protestas-contra-la-reforma-tributaria-reactivan-las-movilizaciones-en-colombia-en-el-pico-de-la-pandemia\\\/#respond\"]}]},{\"@type\":\"WebPage\",\"@id\":\"https:\\\/\\\/hotnewsinworld.com\\\/es\\\/las-protestas-contra-la-reforma-tributaria-reactivan-las-movilizaciones-en-colombia-en-el-pico-de-la-pandemia\\\/\",\"url\":\"https:\\\/\\\/hotnewsinworld.com\\\/es\\\/las-protestas-contra-la-reforma-tributaria-reactivan-las-movilizaciones-en-colombia-en-el-pico-de-la-pandemia\\\/\",\"name\":\"Las protestas contra la reforma tributaria reactivan las movilizaciones en Colombia en el pico de la pandemia - Hot News in World\",\"isPartOf\":{\"@id\":\"https:\\\/\\\/hotnewsinworld.com\\\/es\\\/#website\"},\"primaryImageOfPage\":{\"@id\":\"https:\\\/\\\/hotnewsinworld.com\\\/es\\\/las-protestas-contra-la-reforma-tributaria-reactivan-las-movilizaciones-en-colombia-en-el-pico-de-la-pandemia\\\/#primaryimage\"},\"image\":{\"@id\":\"https:\\\/\\\/hotnewsinworld.com\\\/es\\\/las-protestas-contra-la-reforma-tributaria-reactivan-las-movilizaciones-en-colombia-en-el-pico-de-la-pandemia\\\/#primaryimage\"},\"thumbnailUrl\":\"https:\\\/\\\/hotnewsinworld.com\\\/es\\\/wp-content\\\/uploads\\\/sites\\\/4\\\/2021\\\/04\\\/Las-protestas-contra-la-reforma-tributaria-reactivan-las-movilizaciones-en.jpg\",\"datePublished\":\"2021-04-29T00:33:38+00:00\",\"dateModified\":\"2021-04-29T00:33:43+00:00\",\"author\":{\"@id\":\"https:\\\/\\\/hotnewsinworld.com\\\/es\\\/#\\\/schema\\\/person\\\/fe61448b21c0d59086e75fcc1f9d8f6b\"},\"breadcrumb\":{\"@id\":\"https:\\\/\\\/hotnewsinworld.com\\\/es\\\/las-protestas-contra-la-reforma-tributaria-reactivan-las-movilizaciones-en-colombia-en-el-pico-de-la-pandemia\\\/#breadcrumb\"},\"inLanguage\":\"es\",\"potentialAction\":[{\"@type\":\"ReadAction\",\"target\":[\"https:\\\/\\\/hotnewsinworld.com\\\/es\\\/las-protestas-contra-la-reforma-tributaria-reactivan-las-movilizaciones-en-colombia-en-el-pico-de-la-pandemia\\\/\"]}]},{\"@type\":\"ImageObject\",\"inLanguage\":\"es\",\"@id\":\"https:\\\/\\\/hotnewsinworld.com\\\/es\\\/las-protestas-contra-la-reforma-tributaria-reactivan-las-movilizaciones-en-colombia-en-el-pico-de-la-pandemia\\\/#primaryimage\",\"url\":\"https:\\\/\\\/hotnewsinworld.com\\\/es\\\/wp-content\\\/uploads\\\/sites\\\/4\\\/2021\\\/04\\\/Las-protestas-contra-la-reforma-tributaria-reactivan-las-movilizaciones-en.jpg\",\"contentUrl\":\"https:\\\/\\\/hotnewsinworld.com\\\/es\\\/wp-content\\\/uploads\\\/sites\\\/4\\\/2021\\\/04\\\/Las-protestas-contra-la-reforma-tributaria-reactivan-las-movilizaciones-en.jpg\",\"width\":1200,\"height\":800,\"caption\":\"Las protestas contra la reforma tributaria reactivan las movilizaciones en Colombia en el pico de la pandemia\"},{\"@type\":\"BreadcrumbList\",\"@id\":\"https:\\\/\\\/hotnewsinworld.com\\\/es\\\/las-protestas-contra-la-reforma-tributaria-reactivan-las-movilizaciones-en-colombia-en-el-pico-de-la-pandemia\\\/#breadcrumb\",\"itemListElement\":[{\"@type\":\"ListItem\",\"position\":1,\"name\":\"\u0413\u043b\u0430\u0432\u043d\u0430\u044f \u0441\u0442\u0440\u0430\u043d\u0438\u0446\u0430\",\"item\":\"https:\\\/\\\/hotnewsinworld.com\\\/es\\\/\"},{\"@type\":\"ListItem\",\"position\":2,\"name\":\"Las protestas contra la reforma tributaria reactivan las movilizaciones en Colombia en el pico de la pandemia\"}]},{\"@type\":\"WebSite\",\"@id\":\"https:\\\/\\\/hotnewsinworld.com\\\/es\\\/#website\",\"url\":\"https:\\\/\\\/hotnewsinworld.com\\\/es\\\/\",\"name\":\"Hot News in World\",\"description\":\"Hot News in World from Spain\",\"potentialAction\":[{\"@type\":\"SearchAction\",\"target\":{\"@type\":\"EntryPoint\",\"urlTemplate\":\"https:\\\/\\\/hotnewsinworld.com\\\/es\\\/?s={search_term_string}\"},\"query-input\":{\"@type\":\"PropertyValueSpecification\",\"valueRequired\":true,\"valueName\":\"search_term_string\"}}],\"inLanguage\":\"es\"},{\"@type\":\"Person\",\"@id\":\"https:\\\/\\\/hotnewsinworld.com\\\/es\\\/#\\\/schema\\\/person\\\/fe61448b21c0d59086e75fcc1f9d8f6b\",\"name\":\"hotnewsinworld\",\"image\":{\"@type\":\"ImageObject\",\"inLanguage\":\"es\",\"@id\":\"https:\\\/\\\/secure.gravatar.com\\\/avatar\\\/8a09ac165600ce2e1c38fe593c63928eb1e6e7ba5c5a907d67787c41b3d00c14?s=96&d=mm&r=g\",\"url\":\"https:\\\/\\\/secure.gravatar.com\\\/avatar\\\/8a09ac165600ce2e1c38fe593c63928eb1e6e7ba5c5a907d67787c41b3d00c14?s=96&d=mm&r=g\",\"contentUrl\":\"https:\\\/\\\/secure.gravatar.com\\\/avatar\\\/8a09ac165600ce2e1c38fe593c63928eb1e6e7ba5c5a907d67787c41b3d00c14?s=96&d=mm&r=g\",\"caption\":\"hotnewsinworld\"},\"url\":\"https:\\\/\\\/hotnewsinworld.com\\\/es\\\/author\\\/pt\\\/\"}]}<\/script>\n<!-- \/ Yoast SEO plugin. -->","yoast_head_json":{"title":"Las protestas contra la reforma tributaria reactivan las movilizaciones en Colombia en el pico de la pandemia - Hot News in World","robots":{"index":"index","follow":"follow","max-snippet":"max-snippet:-1","max-image-preview":"max-image-preview:large","max-video-preview":"max-video-preview:-1"},"canonical":"https:\/\/hotnewsinworld.com\/es\/las-protestas-contra-la-reforma-tributaria-reactivan-las-movilizaciones-en-colombia-en-el-pico-de-la-pandemia\/","og_locale":"es_ES","og_type":"article","og_title":"Las protestas contra la reforma tributaria reactivan las movilizaciones en Colombia en el pico de la pandemia - Hot News in World","og_description":"Los manifestantes desafiaron el peor momento de la pandemia en Colombia para volcarse a las calles de las principales ciudades. Sus arengas est\u00e1n de regreso para rechazar la reforma tributaria que ha propuesto el Gobierno de Iv\u00e1n Duque con el prop\u00f3sito de cubrir el hueco fiscal que ha dejado la crisis sanitaria. El llamado paro [&hellip;]","og_url":"https:\/\/hotnewsinworld.com\/es\/las-protestas-contra-la-reforma-tributaria-reactivan-las-movilizaciones-en-colombia-en-el-pico-de-la-pandemia\/","og_site_name":"Hot News in World","article_published_time":"2021-04-29T00:33:38+00:00","article_modified_time":"2021-04-29T00:33:43+00:00","og_image":[{"width":1200,"height":800,"url":"https:\/\/hotnewsinworld.com\/es\/wp-content\/uploads\/sites\/4\/2021\/04\/Las-protestas-contra-la-reforma-tributaria-reactivan-las-movilizaciones-en.jpg","type":"image\/jpeg"}],"author":"hotnewsinworld","twitter_card":"summary_large_image","twitter_misc":{"Escrito por":"hotnewsinworld","Tiempo de lectura":"5 minutos"},"schema":{"@context":"https:\/\/schema.org","@graph":[{"@type":"Article","@id":"https:\/\/hotnewsinworld.com\/es\/las-protestas-contra-la-reforma-tributaria-reactivan-las-movilizaciones-en-colombia-en-el-pico-de-la-pandemia\/#article","isPartOf":{"@id":"https:\/\/hotnewsinworld.com\/es\/las-protestas-contra-la-reforma-tributaria-reactivan-las-movilizaciones-en-colombia-en-el-pico-de-la-pandemia\/"},"author":{"name":"hotnewsinworld","@id":"https:\/\/hotnewsinworld.com\/es\/#\/schema\/person\/fe61448b21c0d59086e75fcc1f9d8f6b"},"headline":"Las protestas contra la reforma tributaria reactivan las movilizaciones en Colombia en el pico de la pandemia","datePublished":"2021-04-29T00:33:38+00:00","dateModified":"2021-04-29T00:33:43+00:00","mainEntityOfPage":{"@id":"https:\/\/hotnewsinworld.com\/es\/las-protestas-contra-la-reforma-tributaria-reactivan-las-movilizaciones-en-colombia-en-el-pico-de-la-pandemia\/"},"wordCount":1007,"commentCount":0,"image":{"@id":"https:\/\/hotnewsinworld.com\/es\/las-protestas-contra-la-reforma-tributaria-reactivan-las-movilizaciones-en-colombia-en-el-pico-de-la-pandemia\/#primaryimage"},"thumbnailUrl":"https:\/\/hotnewsinworld.com\/es\/wp-content\/uploads\/sites\/4\/2021\/04\/Las-protestas-contra-la-reforma-tributaria-reactivan-las-movilizaciones-en.jpg","articleSection":["\u00daLTIMAS NOTICIAS FINANCIERAS"],"inLanguage":"es","potentialAction":[{"@type":"CommentAction","name":"Comment","target":["https:\/\/hotnewsinworld.com\/es\/las-protestas-contra-la-reforma-tributaria-reactivan-las-movilizaciones-en-colombia-en-el-pico-de-la-pandemia\/#respond"]}]},{"@type":"WebPage","@id":"https:\/\/hotnewsinworld.com\/es\/las-protestas-contra-la-reforma-tributaria-reactivan-las-movilizaciones-en-colombia-en-el-pico-de-la-pandemia\/","url":"https:\/\/hotnewsinworld.com\/es\/las-protestas-contra-la-reforma-tributaria-reactivan-las-movilizaciones-en-colombia-en-el-pico-de-la-pandemia\/","name":"Las protestas contra la reforma tributaria reactivan las movilizaciones en Colombia en el pico de la pandemia - Hot News in World","isPartOf":{"@id":"https:\/\/hotnewsinworld.com\/es\/#website"},"primaryImageOfPage":{"@id":"https:\/\/hotnewsinworld.com\/es\/las-protestas-contra-la-reforma-tributaria-reactivan-las-movilizaciones-en-colombia-en-el-pico-de-la-pandemia\/#primaryimage"},"image":{"@id":"https:\/\/hotnewsinworld.com\/es\/las-protestas-contra-la-reforma-tributaria-reactivan-las-movilizaciones-en-colombia-en-el-pico-de-la-pandemia\/#primaryimage"},"thumbnailUrl":"https:\/\/hotnewsinworld.com\/es\/wp-content\/uploads\/sites\/4\/2021\/04\/Las-protestas-contra-la-reforma-tributaria-reactivan-las-movilizaciones-en.jpg","datePublished":"2021-04-29T00:33:38+00:00","dateModified":"2021-04-29T00:33:43+00:00","author":{"@id":"https:\/\/hotnewsinworld.com\/es\/#\/schema\/person\/fe61448b21c0d59086e75fcc1f9d8f6b"},"breadcrumb":{"@id":"https:\/\/hotnewsinworld.com\/es\/las-protestas-contra-la-reforma-tributaria-reactivan-las-movilizaciones-en-colombia-en-el-pico-de-la-pandemia\/#breadcrumb"},"inLanguage":"es","potentialAction":[{"@type":"ReadAction","target":["https:\/\/hotnewsinworld.com\/es\/las-protestas-contra-la-reforma-tributaria-reactivan-las-movilizaciones-en-colombia-en-el-pico-de-la-pandemia\/"]}]},{"@type":"ImageObject","inLanguage":"es","@id":"https:\/\/hotnewsinworld.com\/es\/las-protestas-contra-la-reforma-tributaria-reactivan-las-movilizaciones-en-colombia-en-el-pico-de-la-pandemia\/#primaryimage","url":"https:\/\/hotnewsinworld.com\/es\/wp-content\/uploads\/sites\/4\/2021\/04\/Las-protestas-contra-la-reforma-tributaria-reactivan-las-movilizaciones-en.jpg","contentUrl":"https:\/\/hotnewsinworld.com\/es\/wp-content\/uploads\/sites\/4\/2021\/04\/Las-protestas-contra-la-reforma-tributaria-reactivan-las-movilizaciones-en.jpg","width":1200,"height":800,"caption":"Las protestas contra la reforma tributaria reactivan las movilizaciones en Colombia en el pico de la pandemia"},{"@type":"BreadcrumbList","@id":"https:\/\/hotnewsinworld.com\/es\/las-protestas-contra-la-reforma-tributaria-reactivan-las-movilizaciones-en-colombia-en-el-pico-de-la-pandemia\/#breadcrumb","itemListElement":[{"@type":"ListItem","position":1,"name":"\u0413\u043b\u0430\u0432\u043d\u0430\u044f \u0441\u0442\u0440\u0430\u043d\u0438\u0446\u0430","item":"https:\/\/hotnewsinworld.com\/es\/"},{"@type":"ListItem","position":2,"name":"Las protestas contra la reforma tributaria reactivan las movilizaciones en Colombia en el pico de la pandemia"}]},{"@type":"WebSite","@id":"https:\/\/hotnewsinworld.com\/es\/#website","url":"https:\/\/hotnewsinworld.com\/es\/","name":"Hot News in World","description":"Hot News in World from Spain","potentialAction":[{"@type":"SearchAction","target":{"@type":"EntryPoint","urlTemplate":"https:\/\/hotnewsinworld.com\/es\/?s={search_term_string}"},"query-input":{"@type":"PropertyValueSpecification","valueRequired":true,"valueName":"search_term_string"}}],"inLanguage":"es"},{"@type":"Person","@id":"https:\/\/hotnewsinworld.com\/es\/#\/schema\/person\/fe61448b21c0d59086e75fcc1f9d8f6b","name":"hotnewsinworld","image":{"@type":"ImageObject","inLanguage":"es","@id":"https:\/\/secure.gravatar.com\/avatar\/8a09ac165600ce2e1c38fe593c63928eb1e6e7ba5c5a907d67787c41b3d00c14?s=96&d=mm&r=g","url":"https:\/\/secure.gravatar.com\/avatar\/8a09ac165600ce2e1c38fe593c63928eb1e6e7ba5c5a907d67787c41b3d00c14?s=96&d=mm&r=g","contentUrl":"https:\/\/secure.gravatar.com\/avatar\/8a09ac165600ce2e1c38fe593c63928eb1e6e7ba5c5a907d67787c41b3d00c14?s=96&d=mm&r=g","caption":"hotnewsinworld"},"url":"https:\/\/hotnewsinworld.com\/es\/author\/pt\/"}]}},"_links":{"self":[{"href":"https:\/\/hotnewsinworld.com\/es\/wp-json\/wp\/v2\/posts\/2257","targetHints":{"allow":["GET"]}}],"collection":[{"href":"https:\/\/hotnewsinworld.com\/es\/wp-json\/wp\/v2\/posts"}],"about":[{"href":"https:\/\/hotnewsinworld.com\/es\/wp-json\/wp\/v2\/types\/post"}],"author":[{"embeddable":true,"href":"https:\/\/hotnewsinworld.com\/es\/wp-json\/wp\/v2\/users\/2"}],"replies":[{"embeddable":true,"href":"https:\/\/hotnewsinworld.com\/es\/wp-json\/wp\/v2\/comments?post=2257"}],"version-history":[{"count":1,"href":"https:\/\/hotnewsinworld.com\/es\/wp-json\/wp\/v2\/posts\/2257\/revisions"}],"predecessor-version":[{"id":2259,"href":"https:\/\/hotnewsinworld.com\/es\/wp-json\/wp\/v2\/posts\/2257\/revisions\/2259"}],"wp:featuredmedia":[{"embeddable":true,"href":"https:\/\/hotnewsinworld.com\/es\/wp-json\/wp\/v2\/media\/2258"}],"wp:attachment":[{"href":"https:\/\/hotnewsinworld.com\/es\/wp-json\/wp\/v2\/media?parent=2257"}],"wp:term":[{"taxonomy":"category","embeddable":true,"href":"https:\/\/hotnewsinworld.com\/es\/wp-json\/wp\/v2\/categories?post=2257"},{"taxonomy":"post_tag","embeddable":true,"href":"https:\/\/hotnewsinworld.com\/es\/wp-json\/wp\/v2\/tags?post=2257"}],"curies":[{"name":"wp","href":"https:\/\/api.w.org\/{rel}","templated":true}]}}