{"id":2275,"date":"2021-04-30T15:59:05","date_gmt":"2021-04-30T12:59:05","guid":{"rendered":"https:\/\/hotnewsinworld.com\/es\/sanidad-y-las-comunidades-retrasan-otras-cuatro-semanas-la-decision-sobre-la-segunda-dosis-de-astrazeneca\/"},"modified":"2021-04-30T15:59:13","modified_gmt":"2021-04-30T12:59:13","slug":"sanidad-y-las-comunidades-retrasan-otras-cuatro-semanas-la-decision-sobre-la-segunda-dosis-de-astrazeneca","status":"publish","type":"post","link":"https:\/\/hotnewsinworld.com\/es\/sanidad-y-las-comunidades-retrasan-otras-cuatro-semanas-la-decision-sobre-la-segunda-dosis-de-astrazeneca\/","title":{"rendered":"Sanidad y las comunidades retrasan otras cuatro semanas la decisi\u00f3n sobre la segunda dosis de AstraZeneca"},"content":{"rendered":"<p>M\u00e1s de un mill\u00f3n de personas menores de 60 a\u00f1os que han recibido la primera dosis de AstraZeneca tendr\u00e1n que esperar para saber qu\u00e9 ocurre con la segunda. La Comisi\u00f3n de Salud P\u00fablica ha decidido este viernes que retrasa cuatro semanas la toma de una decisi\u00f3n, a la espera de los resultados de un estudio para conocer la eficacia y seguridad de combinar esta inyecci\u00f3n con una segunda de Pfizer, seg\u00fan ha anunciado el Ministerio de Sanidad en un comunicado.Sobre la mesa estaba qu\u00e9 hacer con este colectivo, formado fundamentalmente por trabajadores esenciales: polic\u00edas, personal de emergencias, funcionarios de prisiones, militares, profesores y sanitarios que no estaban en primera l\u00ednea en la lucha contra el virus. Comenzaron a recibir las inyecciones el pasado 9 de febrero y el 4 de mayo se cumplen 12 semanas desde las primeras: es el intervalo que la ficha t\u00e9cnica del medicamento recomienda entre las dos inoculaciones. Lo que ha decidido la comisi\u00f3n es alargar este plazo a 16 semanas. A efectos pr\u00e1cticos, retrasan cuatro semanas la decisi\u00f3n, porque no est\u00e1 claro si esa inyecci\u00f3n finalmente ser\u00e1 de AstraZeneca o de Pfizer. Ganan as\u00ed tiempo hasta que haya resultados preliminares del estudio, puesto en marcha por el Instituto de Salud Carlos III.M\u00e1s informaci\u00f3nLa comisi\u00f3n recuerda que la primera dosis ya otorga una efectividad de en torno al 80%. El Ministerio de Sanidad justifica as\u00ed su decisi\u00f3n en un comunicado: \u201cEspa\u00f1a, al igual que Irlanda, y siguiendo el principio de precauci\u00f3n, opta as\u00ed por esperar a tener m\u00e1s informaci\u00f3n de los estudios en marcha y de la experiencia de otros pa\u00edses\u201d. Y a\u00f1ade, \u201clas personas menores de 60 a\u00f1os tienen un menor riesgo de enfermedad grave y la prioridad en este momento es vacunar a los mayores de 60 a\u00f1os lo antes posible para evitar hospitalizaciones y fallecimientos en una situaci\u00f3n epidemiol\u00f3gica de incidencias acumuladas en ascenso\u201d.Una de las opciones es inyectar una segunda dosis de AstraZeneca, como est\u00e1n haciendo en el Reino Unido o Italia. Otra, aplicar una vacuna distinta, como hacen en Alemania y Francia, donde han optado por la de Pfizer, ante la aparici\u00f3n de trombosis con trombocitopenia, unos efectos secundarios graves y muy infrecuentes que se han producido tras la vacunaci\u00f3n con el f\u00e1rmaco del laboratorio anglo-sueco. Una tercera ser\u00eda confiar en este 80% de efectividad y no pinchar una segunda dosis.Espa\u00f1a ha decidido esperar y estudiar si las personas que han recibido la primera dosis de AstraZeneca han generado suficientes anticuerpos o si se precisa una dosis de refuerzo con otra vacuna. Y, si es as\u00ed, si la vacuna de Pfizer genera la respuesta inmune esperada y se pueden combinar ambos remedios. En el mejor de los casos, habr\u00e1 resultados en la segunda quincena de mayo.La directora de Salud P\u00fablica de la Comunidad de Madrid, Elena Andradas, ha explicado: \u201cHoy el punto importante era tomar la decisi\u00f3n sobre la pertinencia de continuar\u201d con la vacunaci\u00f3n \u201ctras las 10 o 12 semanas que ser\u00eda el intervalo de tiempo justificado, de acuerdo a la evidencia cient\u00edfica y la ficha t\u00e9cnica de la Agencia Espa\u00f1ola y la Europea del Medicamento\u201d. Seg\u00fan ha dicho, tras las deliberaciones \u201cse ha decidido por mayor\u00eda, no por unanimidad, aumentar el intervalo de la segunda dosis hasta la semana n\u00famero 16 tras la administraci\u00f3n de primera\u201d, informa Isabel Vald\u00e9s.En el limboLas personas de menos de 60 a\u00f1os ya vacunadas con una primera dosis han quedado en un limbo desde el 7 de abril, cuando Espa\u00f1a (y otros pa\u00edses europeos) decidieron no administrar AstraZeneca a este grupo, despu\u00e9s de que la Agencia Europea del Medicamento (EMA, por sus siglas en ingl\u00e9s) encontrase posibles v\u00ednculos entre la vacuna y casos muy infrecuentes de trombos. La EMA aconsej\u00f3 seguir vacunando, pero varios pa\u00edses, como Espa\u00f1a, suspendieron las inyecciones en los grupos menores de esa edad.Aunque el organismo europeo no logr\u00f3 encontrar factores de riesgo concretos, la mayor\u00eda de los efectos adversos se produjeron precisamente en personas por debajo de los 60 a\u00f1os. Este jueves, el regulador del medicamento del Reino Unido ha llegado a la conclusi\u00f3n de que la edad es un factor de riesgo: es mayor para las personas m\u00e1s j\u00f3venes. \u201cLos datos sugieren una mayor incidencia reportada entre los adultos j\u00f3venes, y la MHRA [la agencia brit\u00e1nica del medicamento] aconseja que debe tenerse en cuenta la evidencia para establecer el uso de la vacuna\u201d, asegura. El organismo sugiere la posibilidad de ofrecer otro f\u00e1rmaco a los menores de 40 a\u00f1os en este pa\u00eds. Es la primera agencia de este tipo que llega a estas conclusiones.<br \/>\n<br \/>\n<!--noindex--><br \/>\n<a href=\"https:\/\/elpais.com\/sociedad\/2021-04-30\/sanidad-y-las-comunidades-retrasan-otras-cuatro-semanas-la-decision-sobre-la-segunda-dosis-de-astrazeneca.html\" rel=\"nofollow\">Source link <\/a><br \/>\n<!--\/noindex--><\/p>\n","protected":false},"excerpt":{"rendered":"<p>M\u00e1s de un mill\u00f3n de personas menores de 60 a\u00f1os que han recibido la primera dosis de AstraZeneca tendr\u00e1n que esperar para saber qu\u00e9 ocurre con la segunda. La Comisi\u00f3n de Salud P\u00fablica ha decidido este viernes que retrasa cuatro semanas la toma de una decisi\u00f3n, a la espera de los resultados de un estudio [&hellip;]<\/p>\n","protected":false},"author":2,"featured_media":2276,"comment_status":"open","ping_status":"open","sticky":false,"template":"","format":"standard","meta":{"footnotes":""},"categories":[1],"tags":[],"class_list":["post-2275","post","type-post","status-publish","format-standard","has-post-thumbnail","hentry","category-ultimas-noticias-financieras"],"yoast_head":"<!-- This site is optimized with the Yoast SEO plugin v27.4 - https:\/\/yoast.com\/product\/yoast-seo-wordpress\/ -->\n<title>Sanidad y las comunidades retrasan otras cuatro semanas la decisi\u00f3n sobre la segunda dosis de AstraZeneca - Hot News in World<\/title>\n<meta name=\"robots\" content=\"index, follow, max-snippet:-1, max-image-preview:large, max-video-preview:-1\" \/>\n<link rel=\"canonical\" href=\"https:\/\/hotnewsinworld.com\/es\/sanidad-y-las-comunidades-retrasan-otras-cuatro-semanas-la-decision-sobre-la-segunda-dosis-de-astrazeneca\/\" \/>\n<meta property=\"og:locale\" content=\"es_ES\" \/>\n<meta property=\"og:type\" content=\"article\" \/>\n<meta property=\"og:title\" content=\"Sanidad y las comunidades retrasan otras cuatro semanas la decisi\u00f3n sobre la segunda dosis de AstraZeneca - Hot News in World\" \/>\n<meta property=\"og:description\" content=\"M\u00e1s de un mill\u00f3n de personas menores de 60 a\u00f1os que han recibido la primera dosis de AstraZeneca tendr\u00e1n que esperar para saber qu\u00e9 ocurre con la segunda. La Comisi\u00f3n de Salud P\u00fablica ha decidido este viernes que retrasa cuatro semanas la toma de una decisi\u00f3n, a la espera de los resultados de un estudio [&hellip;]\" \/>\n<meta property=\"og:url\" content=\"https:\/\/hotnewsinworld.com\/es\/sanidad-y-las-comunidades-retrasan-otras-cuatro-semanas-la-decision-sobre-la-segunda-dosis-de-astrazeneca\/\" \/>\n<meta property=\"og:site_name\" content=\"Hot News in World\" \/>\n<meta property=\"article:published_time\" content=\"2021-04-30T12:59:05+00:00\" \/>\n<meta property=\"article:modified_time\" content=\"2021-04-30T12:59:13+00:00\" \/>\n<meta property=\"og:image\" content=\"https:\/\/hotnewsinworld.com\/es\/wp-content\/uploads\/sites\/4\/2021\/04\/Sanidad-y-las-comunidades-retrasan-otras-cuatro-semanas-la-decision-scaled.jpg\" \/>\n\t<meta property=\"og:image:width\" content=\"2560\" \/>\n\t<meta property=\"og:image:height\" content=\"1440\" \/>\n\t<meta property=\"og:image:type\" content=\"image\/jpeg\" \/>\n<meta name=\"author\" content=\"hotnewsinworld\" \/>\n<meta name=\"twitter:card\" content=\"summary_large_image\" \/>\n<meta name=\"twitter:label1\" content=\"Escrito por\" \/>\n\t<meta name=\"twitter:data1\" content=\"hotnewsinworld\" \/>\n\t<meta name=\"twitter:label2\" content=\"Tiempo de lectura\" \/>\n\t<meta name=\"twitter:data2\" content=\"4 minutos\" \/>\n<script type=\"application\/ld+json\" class=\"yoast-schema-graph\">{\"@context\":\"https:\\\/\\\/schema.org\",\"@graph\":[{\"@type\":\"Article\",\"@id\":\"https:\\\/\\\/hotnewsinworld.com\\\/es\\\/sanidad-y-las-comunidades-retrasan-otras-cuatro-semanas-la-decision-sobre-la-segunda-dosis-de-astrazeneca\\\/#article\",\"isPartOf\":{\"@id\":\"https:\\\/\\\/hotnewsinworld.com\\\/es\\\/sanidad-y-las-comunidades-retrasan-otras-cuatro-semanas-la-decision-sobre-la-segunda-dosis-de-astrazeneca\\\/\"},\"author\":{\"name\":\"hotnewsinworld\",\"@id\":\"https:\\\/\\\/hotnewsinworld.com\\\/es\\\/#\\\/schema\\\/person\\\/fe61448b21c0d59086e75fcc1f9d8f6b\"},\"headline\":\"Sanidad y las comunidades retrasan otras cuatro semanas la decisi\u00f3n sobre la segunda dosis de AstraZeneca\",\"datePublished\":\"2021-04-30T12:59:05+00:00\",\"dateModified\":\"2021-04-30T12:59:13+00:00\",\"mainEntityOfPage\":{\"@id\":\"https:\\\/\\\/hotnewsinworld.com\\\/es\\\/sanidad-y-las-comunidades-retrasan-otras-cuatro-semanas-la-decision-sobre-la-segunda-dosis-de-astrazeneca\\\/\"},\"wordCount\":831,\"commentCount\":0,\"image\":{\"@id\":\"https:\\\/\\\/hotnewsinworld.com\\\/es\\\/sanidad-y-las-comunidades-retrasan-otras-cuatro-semanas-la-decision-sobre-la-segunda-dosis-de-astrazeneca\\\/#primaryimage\"},\"thumbnailUrl\":\"https:\\\/\\\/hotnewsinworld.com\\\/es\\\/wp-content\\\/uploads\\\/sites\\\/4\\\/2021\\\/04\\\/Sanidad-y-las-comunidades-retrasan-otras-cuatro-semanas-la-decision-scaled.jpg\",\"articleSection\":[\"\u00daLTIMAS NOTICIAS FINANCIERAS\"],\"inLanguage\":\"es\",\"potentialAction\":[{\"@type\":\"CommentAction\",\"name\":\"Comment\",\"target\":[\"https:\\\/\\\/hotnewsinworld.com\\\/es\\\/sanidad-y-las-comunidades-retrasan-otras-cuatro-semanas-la-decision-sobre-la-segunda-dosis-de-astrazeneca\\\/#respond\"]}]},{\"@type\":\"WebPage\",\"@id\":\"https:\\\/\\\/hotnewsinworld.com\\\/es\\\/sanidad-y-las-comunidades-retrasan-otras-cuatro-semanas-la-decision-sobre-la-segunda-dosis-de-astrazeneca\\\/\",\"url\":\"https:\\\/\\\/hotnewsinworld.com\\\/es\\\/sanidad-y-las-comunidades-retrasan-otras-cuatro-semanas-la-decision-sobre-la-segunda-dosis-de-astrazeneca\\\/\",\"name\":\"Sanidad y las comunidades retrasan otras cuatro semanas la decisi\u00f3n sobre la segunda dosis de AstraZeneca - Hot News in World\",\"isPartOf\":{\"@id\":\"https:\\\/\\\/hotnewsinworld.com\\\/es\\\/#website\"},\"primaryImageOfPage\":{\"@id\":\"https:\\\/\\\/hotnewsinworld.com\\\/es\\\/sanidad-y-las-comunidades-retrasan-otras-cuatro-semanas-la-decision-sobre-la-segunda-dosis-de-astrazeneca\\\/#primaryimage\"},\"image\":{\"@id\":\"https:\\\/\\\/hotnewsinworld.com\\\/es\\\/sanidad-y-las-comunidades-retrasan-otras-cuatro-semanas-la-decision-sobre-la-segunda-dosis-de-astrazeneca\\\/#primaryimage\"},\"thumbnailUrl\":\"https:\\\/\\\/hotnewsinworld.com\\\/es\\\/wp-content\\\/uploads\\\/sites\\\/4\\\/2021\\\/04\\\/Sanidad-y-las-comunidades-retrasan-otras-cuatro-semanas-la-decision-scaled.jpg\",\"datePublished\":\"2021-04-30T12:59:05+00:00\",\"dateModified\":\"2021-04-30T12:59:13+00:00\",\"author\":{\"@id\":\"https:\\\/\\\/hotnewsinworld.com\\\/es\\\/#\\\/schema\\\/person\\\/fe61448b21c0d59086e75fcc1f9d8f6b\"},\"breadcrumb\":{\"@id\":\"https:\\\/\\\/hotnewsinworld.com\\\/es\\\/sanidad-y-las-comunidades-retrasan-otras-cuatro-semanas-la-decision-sobre-la-segunda-dosis-de-astrazeneca\\\/#breadcrumb\"},\"inLanguage\":\"es\",\"potentialAction\":[{\"@type\":\"ReadAction\",\"target\":[\"https:\\\/\\\/hotnewsinworld.com\\\/es\\\/sanidad-y-las-comunidades-retrasan-otras-cuatro-semanas-la-decision-sobre-la-segunda-dosis-de-astrazeneca\\\/\"]}]},{\"@type\":\"ImageObject\",\"inLanguage\":\"es\",\"@id\":\"https:\\\/\\\/hotnewsinworld.com\\\/es\\\/sanidad-y-las-comunidades-retrasan-otras-cuatro-semanas-la-decision-sobre-la-segunda-dosis-de-astrazeneca\\\/#primaryimage\",\"url\":\"https:\\\/\\\/hotnewsinworld.com\\\/es\\\/wp-content\\\/uploads\\\/sites\\\/4\\\/2021\\\/04\\\/Sanidad-y-las-comunidades-retrasan-otras-cuatro-semanas-la-decision-scaled.jpg\",\"contentUrl\":\"https:\\\/\\\/hotnewsinworld.com\\\/es\\\/wp-content\\\/uploads\\\/sites\\\/4\\\/2021\\\/04\\\/Sanidad-y-las-comunidades-retrasan-otras-cuatro-semanas-la-decision-scaled.jpg\",\"width\":2560,\"height\":1440,\"caption\":\"Sanidad y las comunidades retrasan otras cuatro semanas la decisi\u00f3n sobre la segunda dosis de AstraZeneca\"},{\"@type\":\"BreadcrumbList\",\"@id\":\"https:\\\/\\\/hotnewsinworld.com\\\/es\\\/sanidad-y-las-comunidades-retrasan-otras-cuatro-semanas-la-decision-sobre-la-segunda-dosis-de-astrazeneca\\\/#breadcrumb\",\"itemListElement\":[{\"@type\":\"ListItem\",\"position\":1,\"name\":\"\u0413\u043b\u0430\u0432\u043d\u0430\u044f \u0441\u0442\u0440\u0430\u043d\u0438\u0446\u0430\",\"item\":\"https:\\\/\\\/hotnewsinworld.com\\\/es\\\/\"},{\"@type\":\"ListItem\",\"position\":2,\"name\":\"Sanidad y las comunidades retrasan otras cuatro semanas la decisi\u00f3n sobre la segunda dosis de AstraZeneca\"}]},{\"@type\":\"WebSite\",\"@id\":\"https:\\\/\\\/hotnewsinworld.com\\\/es\\\/#website\",\"url\":\"https:\\\/\\\/hotnewsinworld.com\\\/es\\\/\",\"name\":\"Hot News in World\",\"description\":\"Hot News in World from Spain\",\"potentialAction\":[{\"@type\":\"SearchAction\",\"target\":{\"@type\":\"EntryPoint\",\"urlTemplate\":\"https:\\\/\\\/hotnewsinworld.com\\\/es\\\/?s={search_term_string}\"},\"query-input\":{\"@type\":\"PropertyValueSpecification\",\"valueRequired\":true,\"valueName\":\"search_term_string\"}}],\"inLanguage\":\"es\"},{\"@type\":\"Person\",\"@id\":\"https:\\\/\\\/hotnewsinworld.com\\\/es\\\/#\\\/schema\\\/person\\\/fe61448b21c0d59086e75fcc1f9d8f6b\",\"name\":\"hotnewsinworld\",\"image\":{\"@type\":\"ImageObject\",\"inLanguage\":\"es\",\"@id\":\"https:\\\/\\\/secure.gravatar.com\\\/avatar\\\/8a09ac165600ce2e1c38fe593c63928eb1e6e7ba5c5a907d67787c41b3d00c14?s=96&d=mm&r=g\",\"url\":\"https:\\\/\\\/secure.gravatar.com\\\/avatar\\\/8a09ac165600ce2e1c38fe593c63928eb1e6e7ba5c5a907d67787c41b3d00c14?s=96&d=mm&r=g\",\"contentUrl\":\"https:\\\/\\\/secure.gravatar.com\\\/avatar\\\/8a09ac165600ce2e1c38fe593c63928eb1e6e7ba5c5a907d67787c41b3d00c14?s=96&d=mm&r=g\",\"caption\":\"hotnewsinworld\"},\"url\":\"https:\\\/\\\/hotnewsinworld.com\\\/es\\\/author\\\/pt\\\/\"}]}<\/script>\n<!-- \/ Yoast SEO plugin. -->","yoast_head_json":{"title":"Sanidad y las comunidades retrasan otras cuatro semanas la decisi\u00f3n sobre la segunda dosis de AstraZeneca - Hot News in World","robots":{"index":"index","follow":"follow","max-snippet":"max-snippet:-1","max-image-preview":"max-image-preview:large","max-video-preview":"max-video-preview:-1"},"canonical":"https:\/\/hotnewsinworld.com\/es\/sanidad-y-las-comunidades-retrasan-otras-cuatro-semanas-la-decision-sobre-la-segunda-dosis-de-astrazeneca\/","og_locale":"es_ES","og_type":"article","og_title":"Sanidad y las comunidades retrasan otras cuatro semanas la decisi\u00f3n sobre la segunda dosis de AstraZeneca - Hot News in World","og_description":"M\u00e1s de un mill\u00f3n de personas menores de 60 a\u00f1os que han recibido la primera dosis de AstraZeneca tendr\u00e1n que esperar para saber qu\u00e9 ocurre con la segunda. La Comisi\u00f3n de Salud P\u00fablica ha decidido este viernes que retrasa cuatro semanas la toma de una decisi\u00f3n, a la espera de los resultados de un estudio [&hellip;]","og_url":"https:\/\/hotnewsinworld.com\/es\/sanidad-y-las-comunidades-retrasan-otras-cuatro-semanas-la-decision-sobre-la-segunda-dosis-de-astrazeneca\/","og_site_name":"Hot News in World","article_published_time":"2021-04-30T12:59:05+00:00","article_modified_time":"2021-04-30T12:59:13+00:00","og_image":[{"width":2560,"height":1440,"url":"https:\/\/hotnewsinworld.com\/es\/wp-content\/uploads\/sites\/4\/2021\/04\/Sanidad-y-las-comunidades-retrasan-otras-cuatro-semanas-la-decision-scaled.jpg","type":"image\/jpeg"}],"author":"hotnewsinworld","twitter_card":"summary_large_image","twitter_misc":{"Escrito por":"hotnewsinworld","Tiempo de lectura":"4 minutos"},"schema":{"@context":"https:\/\/schema.org","@graph":[{"@type":"Article","@id":"https:\/\/hotnewsinworld.com\/es\/sanidad-y-las-comunidades-retrasan-otras-cuatro-semanas-la-decision-sobre-la-segunda-dosis-de-astrazeneca\/#article","isPartOf":{"@id":"https:\/\/hotnewsinworld.com\/es\/sanidad-y-las-comunidades-retrasan-otras-cuatro-semanas-la-decision-sobre-la-segunda-dosis-de-astrazeneca\/"},"author":{"name":"hotnewsinworld","@id":"https:\/\/hotnewsinworld.com\/es\/#\/schema\/person\/fe61448b21c0d59086e75fcc1f9d8f6b"},"headline":"Sanidad y las comunidades retrasan otras cuatro semanas la decisi\u00f3n sobre la segunda dosis de AstraZeneca","datePublished":"2021-04-30T12:59:05+00:00","dateModified":"2021-04-30T12:59:13+00:00","mainEntityOfPage":{"@id":"https:\/\/hotnewsinworld.com\/es\/sanidad-y-las-comunidades-retrasan-otras-cuatro-semanas-la-decision-sobre-la-segunda-dosis-de-astrazeneca\/"},"wordCount":831,"commentCount":0,"image":{"@id":"https:\/\/hotnewsinworld.com\/es\/sanidad-y-las-comunidades-retrasan-otras-cuatro-semanas-la-decision-sobre-la-segunda-dosis-de-astrazeneca\/#primaryimage"},"thumbnailUrl":"https:\/\/hotnewsinworld.com\/es\/wp-content\/uploads\/sites\/4\/2021\/04\/Sanidad-y-las-comunidades-retrasan-otras-cuatro-semanas-la-decision-scaled.jpg","articleSection":["\u00daLTIMAS NOTICIAS FINANCIERAS"],"inLanguage":"es","potentialAction":[{"@type":"CommentAction","name":"Comment","target":["https:\/\/hotnewsinworld.com\/es\/sanidad-y-las-comunidades-retrasan-otras-cuatro-semanas-la-decision-sobre-la-segunda-dosis-de-astrazeneca\/#respond"]}]},{"@type":"WebPage","@id":"https:\/\/hotnewsinworld.com\/es\/sanidad-y-las-comunidades-retrasan-otras-cuatro-semanas-la-decision-sobre-la-segunda-dosis-de-astrazeneca\/","url":"https:\/\/hotnewsinworld.com\/es\/sanidad-y-las-comunidades-retrasan-otras-cuatro-semanas-la-decision-sobre-la-segunda-dosis-de-astrazeneca\/","name":"Sanidad y las comunidades retrasan otras cuatro semanas la decisi\u00f3n sobre la segunda dosis de AstraZeneca - Hot News in World","isPartOf":{"@id":"https:\/\/hotnewsinworld.com\/es\/#website"},"primaryImageOfPage":{"@id":"https:\/\/hotnewsinworld.com\/es\/sanidad-y-las-comunidades-retrasan-otras-cuatro-semanas-la-decision-sobre-la-segunda-dosis-de-astrazeneca\/#primaryimage"},"image":{"@id":"https:\/\/hotnewsinworld.com\/es\/sanidad-y-las-comunidades-retrasan-otras-cuatro-semanas-la-decision-sobre-la-segunda-dosis-de-astrazeneca\/#primaryimage"},"thumbnailUrl":"https:\/\/hotnewsinworld.com\/es\/wp-content\/uploads\/sites\/4\/2021\/04\/Sanidad-y-las-comunidades-retrasan-otras-cuatro-semanas-la-decision-scaled.jpg","datePublished":"2021-04-30T12:59:05+00:00","dateModified":"2021-04-30T12:59:13+00:00","author":{"@id":"https:\/\/hotnewsinworld.com\/es\/#\/schema\/person\/fe61448b21c0d59086e75fcc1f9d8f6b"},"breadcrumb":{"@id":"https:\/\/hotnewsinworld.com\/es\/sanidad-y-las-comunidades-retrasan-otras-cuatro-semanas-la-decision-sobre-la-segunda-dosis-de-astrazeneca\/#breadcrumb"},"inLanguage":"es","potentialAction":[{"@type":"ReadAction","target":["https:\/\/hotnewsinworld.com\/es\/sanidad-y-las-comunidades-retrasan-otras-cuatro-semanas-la-decision-sobre-la-segunda-dosis-de-astrazeneca\/"]}]},{"@type":"ImageObject","inLanguage":"es","@id":"https:\/\/hotnewsinworld.com\/es\/sanidad-y-las-comunidades-retrasan-otras-cuatro-semanas-la-decision-sobre-la-segunda-dosis-de-astrazeneca\/#primaryimage","url":"https:\/\/hotnewsinworld.com\/es\/wp-content\/uploads\/sites\/4\/2021\/04\/Sanidad-y-las-comunidades-retrasan-otras-cuatro-semanas-la-decision-scaled.jpg","contentUrl":"https:\/\/hotnewsinworld.com\/es\/wp-content\/uploads\/sites\/4\/2021\/04\/Sanidad-y-las-comunidades-retrasan-otras-cuatro-semanas-la-decision-scaled.jpg","width":2560,"height":1440,"caption":"Sanidad y las comunidades retrasan otras cuatro semanas la decisi\u00f3n sobre la segunda dosis de AstraZeneca"},{"@type":"BreadcrumbList","@id":"https:\/\/hotnewsinworld.com\/es\/sanidad-y-las-comunidades-retrasan-otras-cuatro-semanas-la-decision-sobre-la-segunda-dosis-de-astrazeneca\/#breadcrumb","itemListElement":[{"@type":"ListItem","position":1,"name":"\u0413\u043b\u0430\u0432\u043d\u0430\u044f \u0441\u0442\u0440\u0430\u043d\u0438\u0446\u0430","item":"https:\/\/hotnewsinworld.com\/es\/"},{"@type":"ListItem","position":2,"name":"Sanidad y las comunidades retrasan otras cuatro semanas la decisi\u00f3n sobre la segunda dosis de AstraZeneca"}]},{"@type":"WebSite","@id":"https:\/\/hotnewsinworld.com\/es\/#website","url":"https:\/\/hotnewsinworld.com\/es\/","name":"Hot News in World","description":"Hot News in World from Spain","potentialAction":[{"@type":"SearchAction","target":{"@type":"EntryPoint","urlTemplate":"https:\/\/hotnewsinworld.com\/es\/?s={search_term_string}"},"query-input":{"@type":"PropertyValueSpecification","valueRequired":true,"valueName":"search_term_string"}}],"inLanguage":"es"},{"@type":"Person","@id":"https:\/\/hotnewsinworld.com\/es\/#\/schema\/person\/fe61448b21c0d59086e75fcc1f9d8f6b","name":"hotnewsinworld","image":{"@type":"ImageObject","inLanguage":"es","@id":"https:\/\/secure.gravatar.com\/avatar\/8a09ac165600ce2e1c38fe593c63928eb1e6e7ba5c5a907d67787c41b3d00c14?s=96&d=mm&r=g","url":"https:\/\/secure.gravatar.com\/avatar\/8a09ac165600ce2e1c38fe593c63928eb1e6e7ba5c5a907d67787c41b3d00c14?s=96&d=mm&r=g","contentUrl":"https:\/\/secure.gravatar.com\/avatar\/8a09ac165600ce2e1c38fe593c63928eb1e6e7ba5c5a907d67787c41b3d00c14?s=96&d=mm&r=g","caption":"hotnewsinworld"},"url":"https:\/\/hotnewsinworld.com\/es\/author\/pt\/"}]}},"_links":{"self":[{"href":"https:\/\/hotnewsinworld.com\/es\/wp-json\/wp\/v2\/posts\/2275","targetHints":{"allow":["GET"]}}],"collection":[{"href":"https:\/\/hotnewsinworld.com\/es\/wp-json\/wp\/v2\/posts"}],"about":[{"href":"https:\/\/hotnewsinworld.com\/es\/wp-json\/wp\/v2\/types\/post"}],"author":[{"embeddable":true,"href":"https:\/\/hotnewsinworld.com\/es\/wp-json\/wp\/v2\/users\/2"}],"replies":[{"embeddable":true,"href":"https:\/\/hotnewsinworld.com\/es\/wp-json\/wp\/v2\/comments?post=2275"}],"version-history":[{"count":1,"href":"https:\/\/hotnewsinworld.com\/es\/wp-json\/wp\/v2\/posts\/2275\/revisions"}],"predecessor-version":[{"id":2277,"href":"https:\/\/hotnewsinworld.com\/es\/wp-json\/wp\/v2\/posts\/2275\/revisions\/2277"}],"wp:featuredmedia":[{"embeddable":true,"href":"https:\/\/hotnewsinworld.com\/es\/wp-json\/wp\/v2\/media\/2276"}],"wp:attachment":[{"href":"https:\/\/hotnewsinworld.com\/es\/wp-json\/wp\/v2\/media?parent=2275"}],"wp:term":[{"taxonomy":"category","embeddable":true,"href":"https:\/\/hotnewsinworld.com\/es\/wp-json\/wp\/v2\/categories?post=2275"},{"taxonomy":"post_tag","embeddable":true,"href":"https:\/\/hotnewsinworld.com\/es\/wp-json\/wp\/v2\/tags?post=2275"}],"curies":[{"name":"wp","href":"https:\/\/api.w.org\/{rel}","templated":true}]}}