{"id":2281,"date":"2021-05-01T04:03:11","date_gmt":"2021-05-01T01:03:11","guid":{"rendered":"https:\/\/hotnewsinworld.com\/es\/alvaro-uribe-llama-al-ejercito-a-que-utilice-las-armas-en-las-protestas-en-colombia\/"},"modified":"2021-05-01T04:03:19","modified_gmt":"2021-05-01T01:03:19","slug":"alvaro-uribe-llama-al-ejercito-a-que-utilice-las-armas-en-las-protestas-en-colombia","status":"publish","type":"post","link":"https:\/\/hotnewsinworld.com\/es\/alvaro-uribe-llama-al-ejercito-a-que-utilice-las-armas-en-las-protestas-en-colombia\/","title":{"rendered":"\u00c1lvaro Uribe llama al Ej\u00e9rcito a que utilice las armas en las protestas en Colombia"},"content":{"rendered":"<p>El expresidente colombiano \u00c1lvaro Uribe V\u00e9lez, en una imagen del 8 de octubre de 2019.RAUL ARBOLEDA \/ AFPEl expresidente \u00c1lvaro Uribe, una figura controversial que suele navegar en medio de la polarizaci\u00f3n, ha agitado una vez m\u00e1s el debate p\u00fablico en Colombia al defender que polic\u00edas y militares tienen derecho a usar las armas en el marco de las jornadas de protesta ciudadana contra la reforma tributaria que propone el Gobierno de Iv\u00e1n Duque, su ahijado pol\u00edtico. Su mensaje en Twitter ha sido interpretado de inmediato desde la oposici\u00f3n como una incitaci\u00f3n a la violencia y ha provocado llamados a que le suspendan su popular cuenta, con cinco millones de seguidores. Horas despu\u00e9s, la plataforma ha eliminado el mensaje en cuesti\u00f3n por incumplir con sus pol\u00edticas \u201ccon respecto a la glorificaci\u00f3n de la violencia\u201d.M\u00e1s informaci\u00f3n\u201cApoyemos el derecho de soldados y polic\u00edas de utilizar sus armas para defender su integridad y para defender a las personas y bienes de la acci\u00f3n criminal del terrorismo vand\u00e1lico\u201d, escribi\u00f3 el exmandatario la ma\u00f1ana de este viernes, dos d\u00edas despu\u00e9s del paro nacional convocado por centrales obreras y organizaciones estudiantiles. La jornada del mi\u00e9rcoles, mayoritariamente pac\u00edfica, se sald\u00f3 con marchas masivas, bloqueos, enfrentamientos espor\u00e1dicos con la polic\u00eda, un sonoro cacerolazo en las principales ciudades y algunos disturbios en Bogot\u00e1, Medell\u00edn y Cali. En esta \u00faltima urbe, la capital del departamento del Valle del Cauca, las protestas derivaron en vandalismo y saqueos. All\u00ed, los des\u00f3rdenes se han prolongado hasta este viernes.En el caldeado ambiente posterior al regreso de las movilizaciones masivas contra el Ejecutivo de Duque, en gran medida desactivadas durante la pandemia, ese mensaje provoc\u00f3 diversas reacciones y llamados a denunciarlo. Una de las primeras respuestas lleg\u00f3 de Daniel Quintero, el alcalde de Medell\u00edn, la cuna del uribismo y capital de Antioquia, el departamento del que Uribe fue gobernador en la d\u00e9cada de los 90. El exmandatario \u201cincita de forma peligrosa al uso de las armas por parte de ej\u00e9rcito y polic\u00eda (\u2026) en aras de proteger a la poblaci\u00f3n civil pido a @TwitterLatAm suspender esta cuenta\u201d, lanz\u00f3 el gobernante de la segunda ciudad de Colombia.En medio de las protestas contra la reforma tributaria, ex presidente <a rel=\"nofollow noopener noreferrer\" target=\"_blank\" href=\"https:\/\/twitter.com\/AlvaroUribeVel?ref_src=twsrc%5Etfw\">@AlvaroUribeVel<\/a> incita de forma peligrosa al uso de las armas por parte de ej\u00e9rcito y polic\u00eda. Como Alcalde de Medell\u00edn y en aras de proteger a la poblaci\u00f3n civil pido a <a rel=\"nofollow noopener noreferrer\" target=\"_blank\" href=\"https:\/\/twitter.com\/TwitterLatAm?ref_src=twsrc%5Etfw\">@TwitterLatAm<\/a> suspender esta cuenta. <a rel=\"nofollow noopener noreferrer\" target=\"_blank\" href=\"https:\/\/t.co\/qLeuOFOFg3\">pic.twitter.com\/qLeuOFOFg3<\/a>\u2014 Daniel Quintero Calle (@QuinteroCalle) <a rel=\"nofollow noopener noreferrer\" target=\"_blank\" href=\"https:\/\/twitter.com\/QuinteroCalle\/status\/1388168455749316611?ref_src=twsrc%5Etfw\">April 30, 2021<\/a><\/p>\n<p>\u201cEn un Estado de derecho un v\u00e1ndalo y un criminal tambi\u00e9n tienen derechos, incluido el debido proceso y el uso proporcional de la fuerza. A ellos se les captura y se les judicializa, no se les dispara\u201d, reaccion\u00f3 Luis Ernesto G\u00f3mez, el secretario de Gobierno de la alcald\u00eda de Claudia L\u00f3pez en Bogot\u00e1, la capital donde tambi\u00e9n se produjeron altercados entre los manifestantes y la fuerza p\u00fablica. Otras figuras pol\u00edticas, como el senador Roy Barreras, se sumaron a la tendencia #TwitterSuspendaCuentaUribe. El reclamo, justificado en la supuesta incitaci\u00f3n a la violencia, es similar a la medida que la red social tom\u00f3 en enero contra Donald Trump cuando todav\u00eda era presidente de Estados Unidos.\u201cQue alguien le explique al se\u00f1or Uribe\u201d, terci\u00f3 Jose\u0301 Miguel Vivanco, director para las Ame\u0301ricas de Human Rights Watch. \u201cSeg\u00fan est\u00e1ndares internacionales, la polic\u00eda solo puede emplear armas de fuego como \u00faltima opci\u00f3n para impedir una amenaza cierta a la vida o la integridad f\u00edsica. Los soldados est\u00e1n entrenados para la guerra, no para la seguridad p\u00fablica\u201d.El uso excesivo de la fuerza y los abusos de los uniformados se han instalado con fuerza en el debate p\u00fablico en Colombia desde la oleada de manifestaciones contra el Gobierno de Duque a finales de 2019, antes de la irrupci\u00f3n de la pandemia. El pasado septiembre, el homicidio de un estudiante de derecho bajo custodia policial por parte de dos patrulleros deton\u00f3 dos ca\u00f3ticas jornadas de protestas, disturbios y represi\u00f3n policial que se saldaron con la muerte de 13 civiles en Bogot\u00e1. La imagen de las fuerzas de seguridad se ha resquebrajado en medio del clamor por reformas en la formaci\u00f3n de polic\u00edas y militares, y las denuncias de abusos han sido frecuentes a\u00fan en medio de las medidas de confinamiento.En cerca de tres a\u00f1os con Duque en el poder, el palpable malestar social se ha traducido en una amalgama de reclamos que incluyen el incesante asesinato de l\u00edderes sociales, la lenta implementaci\u00f3n de los acuerdos de paz o las medidas econ\u00f3micas. Su impopular reforma tributaria, que la mayor\u00eda de los expertos considera necesaria, cuenta cada vez con menos apoyos pol\u00edticos. El proyecto, que el Ejecutivo se ha mostrado dispuesto a reformular, ha desatado cr\u00edticas incluso de Uribe, que sigue siendo el l\u00edder indiscutible del partido de Gobierno, el Centro Democr\u00e1tico, a pesar de haber renunciado a su esca\u00f1o como senador por sus problemas con la justicia.El propio Uribe, un mandatario arrolladoramente popular durante sus dos mandatos (2002-2010), cuando su aceptaci\u00f3n superaba el 70%, ha visto c\u00f3mo se desploman sus n\u00fameros en las encuestas. Cerca de dos tercios de los encuestados ahora lo rechazan en los estudios de opini\u00f3n.Suscr\u00edbase aqu\u00ed a la newsletter de EL PA\u00cdS Am\u00e9rica y reciba todas las claves informativas de la actualidad de la regi\u00f3n<script async src=\"https:\/\/platform.twitter.com\/widgets.js\" charset=\"utf-8\"><\/script><br \/>\n<br \/>\n<!--noindex--><br \/>\n<a href=\"https:\/\/elpais.com\/internacional\/2021-04-30\/alvaro-uribe-llama-al-ejercito-a-que-utilice-las-armas-en-las-protestas-en-colombia.html\" rel=\"nofollow\">Source link <\/a><br \/>\n<!--\/noindex--><\/p>\n","protected":false},"excerpt":{"rendered":"<p>El expresidente colombiano \u00c1lvaro Uribe V\u00e9lez, en una imagen del 8 de octubre de 2019.RAUL ARBOLEDA \/ AFPEl expresidente \u00c1lvaro Uribe, una figura controversial que suele navegar en medio de la polarizaci\u00f3n, ha agitado una vez m\u00e1s el debate p\u00fablico en Colombia al defender que polic\u00edas y militares tienen derecho a usar las armas en [&hellip;]<\/p>\n","protected":false},"author":2,"featured_media":2282,"comment_status":"open","ping_status":"open","sticky":false,"template":"","format":"standard","meta":{"footnotes":""},"categories":[1],"tags":[],"class_list":["post-2281","post","type-post","status-publish","format-standard","has-post-thumbnail","hentry","category-ultimas-noticias-financieras"],"yoast_head":"<!-- This site is optimized with the Yoast SEO plugin v27.4 - https:\/\/yoast.com\/product\/yoast-seo-wordpress\/ -->\n<title>\u00c1lvaro Uribe llama al Ej\u00e9rcito a que utilice las armas en las protestas en Colombia - Hot News in World<\/title>\n<meta name=\"robots\" content=\"index, follow, max-snippet:-1, max-image-preview:large, max-video-preview:-1\" \/>\n<link rel=\"canonical\" href=\"https:\/\/hotnewsinworld.com\/es\/alvaro-uribe-llama-al-ejercito-a-que-utilice-las-armas-en-las-protestas-en-colombia\/\" \/>\n<meta property=\"og:locale\" content=\"es_ES\" \/>\n<meta property=\"og:type\" content=\"article\" \/>\n<meta property=\"og:title\" content=\"\u00c1lvaro Uribe llama al Ej\u00e9rcito a que utilice las armas en las protestas en Colombia - Hot News in World\" \/>\n<meta property=\"og:description\" content=\"El expresidente colombiano \u00c1lvaro Uribe V\u00e9lez, en una imagen del 8 de octubre de 2019.RAUL ARBOLEDA \/ AFPEl expresidente \u00c1lvaro Uribe, una figura controversial que suele navegar en medio de la polarizaci\u00f3n, ha agitado una vez m\u00e1s el debate p\u00fablico en Colombia al defender que polic\u00edas y militares tienen derecho a usar las armas en [&hellip;]\" \/>\n<meta property=\"og:url\" content=\"https:\/\/hotnewsinworld.com\/es\/alvaro-uribe-llama-al-ejercito-a-que-utilice-las-armas-en-las-protestas-en-colombia\/\" \/>\n<meta property=\"og:site_name\" content=\"Hot News in World\" \/>\n<meta property=\"article:published_time\" content=\"2021-05-01T01:03:11+00:00\" \/>\n<meta property=\"article:modified_time\" content=\"2021-05-01T01:03:19+00:00\" \/>\n<meta property=\"og:image\" content=\"https:\/\/hotnewsinworld.com\/es\/wp-content\/uploads\/sites\/4\/2021\/05\/Alvaro-Uribe-llama-al-Ejercito-a-que-utilice-las-armas-scaled.jpg\" \/>\n\t<meta property=\"og:image:width\" content=\"2560\" \/>\n\t<meta property=\"og:image:height\" content=\"1704\" \/>\n\t<meta property=\"og:image:type\" content=\"image\/jpeg\" \/>\n<meta name=\"author\" content=\"hotnewsinworld\" \/>\n<meta name=\"twitter:card\" content=\"summary_large_image\" \/>\n<meta name=\"twitter:label1\" content=\"Escrito por\" \/>\n\t<meta name=\"twitter:data1\" content=\"hotnewsinworld\" \/>\n\t<meta name=\"twitter:label2\" content=\"Tiempo de lectura\" \/>\n\t<meta name=\"twitter:data2\" content=\"5 minutos\" \/>\n<script type=\"application\/ld+json\" class=\"yoast-schema-graph\">{\"@context\":\"https:\\\/\\\/schema.org\",\"@graph\":[{\"@type\":\"Article\",\"@id\":\"https:\\\/\\\/hotnewsinworld.com\\\/es\\\/alvaro-uribe-llama-al-ejercito-a-que-utilice-las-armas-en-las-protestas-en-colombia\\\/#article\",\"isPartOf\":{\"@id\":\"https:\\\/\\\/hotnewsinworld.com\\\/es\\\/alvaro-uribe-llama-al-ejercito-a-que-utilice-las-armas-en-las-protestas-en-colombia\\\/\"},\"author\":{\"name\":\"hotnewsinworld\",\"@id\":\"https:\\\/\\\/hotnewsinworld.com\\\/es\\\/#\\\/schema\\\/person\\\/fe61448b21c0d59086e75fcc1f9d8f6b\"},\"headline\":\"\u00c1lvaro Uribe llama al Ej\u00e9rcito a que utilice las armas en las protestas en Colombia\",\"datePublished\":\"2021-05-01T01:03:11+00:00\",\"dateModified\":\"2021-05-01T01:03:19+00:00\",\"mainEntityOfPage\":{\"@id\":\"https:\\\/\\\/hotnewsinworld.com\\\/es\\\/alvaro-uribe-llama-al-ejercito-a-que-utilice-las-armas-en-las-protestas-en-colombia\\\/\"},\"wordCount\":963,\"commentCount\":0,\"image\":{\"@id\":\"https:\\\/\\\/hotnewsinworld.com\\\/es\\\/alvaro-uribe-llama-al-ejercito-a-que-utilice-las-armas-en-las-protestas-en-colombia\\\/#primaryimage\"},\"thumbnailUrl\":\"https:\\\/\\\/hotnewsinworld.com\\\/es\\\/wp-content\\\/uploads\\\/sites\\\/4\\\/2021\\\/05\\\/Alvaro-Uribe-llama-al-Ejercito-a-que-utilice-las-armas-scaled.jpg\",\"articleSection\":[\"\u00daLTIMAS NOTICIAS FINANCIERAS\"],\"inLanguage\":\"es\",\"potentialAction\":[{\"@type\":\"CommentAction\",\"name\":\"Comment\",\"target\":[\"https:\\\/\\\/hotnewsinworld.com\\\/es\\\/alvaro-uribe-llama-al-ejercito-a-que-utilice-las-armas-en-las-protestas-en-colombia\\\/#respond\"]}]},{\"@type\":\"WebPage\",\"@id\":\"https:\\\/\\\/hotnewsinworld.com\\\/es\\\/alvaro-uribe-llama-al-ejercito-a-que-utilice-las-armas-en-las-protestas-en-colombia\\\/\",\"url\":\"https:\\\/\\\/hotnewsinworld.com\\\/es\\\/alvaro-uribe-llama-al-ejercito-a-que-utilice-las-armas-en-las-protestas-en-colombia\\\/\",\"name\":\"\u00c1lvaro Uribe llama al Ej\u00e9rcito a que utilice las armas en las protestas en Colombia - Hot News in World\",\"isPartOf\":{\"@id\":\"https:\\\/\\\/hotnewsinworld.com\\\/es\\\/#website\"},\"primaryImageOfPage\":{\"@id\":\"https:\\\/\\\/hotnewsinworld.com\\\/es\\\/alvaro-uribe-llama-al-ejercito-a-que-utilice-las-armas-en-las-protestas-en-colombia\\\/#primaryimage\"},\"image\":{\"@id\":\"https:\\\/\\\/hotnewsinworld.com\\\/es\\\/alvaro-uribe-llama-al-ejercito-a-que-utilice-las-armas-en-las-protestas-en-colombia\\\/#primaryimage\"},\"thumbnailUrl\":\"https:\\\/\\\/hotnewsinworld.com\\\/es\\\/wp-content\\\/uploads\\\/sites\\\/4\\\/2021\\\/05\\\/Alvaro-Uribe-llama-al-Ejercito-a-que-utilice-las-armas-scaled.jpg\",\"datePublished\":\"2021-05-01T01:03:11+00:00\",\"dateModified\":\"2021-05-01T01:03:19+00:00\",\"author\":{\"@id\":\"https:\\\/\\\/hotnewsinworld.com\\\/es\\\/#\\\/schema\\\/person\\\/fe61448b21c0d59086e75fcc1f9d8f6b\"},\"breadcrumb\":{\"@id\":\"https:\\\/\\\/hotnewsinworld.com\\\/es\\\/alvaro-uribe-llama-al-ejercito-a-que-utilice-las-armas-en-las-protestas-en-colombia\\\/#breadcrumb\"},\"inLanguage\":\"es\",\"potentialAction\":[{\"@type\":\"ReadAction\",\"target\":[\"https:\\\/\\\/hotnewsinworld.com\\\/es\\\/alvaro-uribe-llama-al-ejercito-a-que-utilice-las-armas-en-las-protestas-en-colombia\\\/\"]}]},{\"@type\":\"ImageObject\",\"inLanguage\":\"es\",\"@id\":\"https:\\\/\\\/hotnewsinworld.com\\\/es\\\/alvaro-uribe-llama-al-ejercito-a-que-utilice-las-armas-en-las-protestas-en-colombia\\\/#primaryimage\",\"url\":\"https:\\\/\\\/hotnewsinworld.com\\\/es\\\/wp-content\\\/uploads\\\/sites\\\/4\\\/2021\\\/05\\\/Alvaro-Uribe-llama-al-Ejercito-a-que-utilice-las-armas-scaled.jpg\",\"contentUrl\":\"https:\\\/\\\/hotnewsinworld.com\\\/es\\\/wp-content\\\/uploads\\\/sites\\\/4\\\/2021\\\/05\\\/Alvaro-Uribe-llama-al-Ejercito-a-que-utilice-las-armas-scaled.jpg\",\"width\":2560,\"height\":1704,\"caption\":\"\u00c1lvaro Uribe llama al Ej\u00e9rcito a que utilice las armas en las protestas en Colombia\"},{\"@type\":\"BreadcrumbList\",\"@id\":\"https:\\\/\\\/hotnewsinworld.com\\\/es\\\/alvaro-uribe-llama-al-ejercito-a-que-utilice-las-armas-en-las-protestas-en-colombia\\\/#breadcrumb\",\"itemListElement\":[{\"@type\":\"ListItem\",\"position\":1,\"name\":\"\u0413\u043b\u0430\u0432\u043d\u0430\u044f \u0441\u0442\u0440\u0430\u043d\u0438\u0446\u0430\",\"item\":\"https:\\\/\\\/hotnewsinworld.com\\\/es\\\/\"},{\"@type\":\"ListItem\",\"position\":2,\"name\":\"\u00c1lvaro Uribe llama al Ej\u00e9rcito a que utilice las armas en las protestas en Colombia\"}]},{\"@type\":\"WebSite\",\"@id\":\"https:\\\/\\\/hotnewsinworld.com\\\/es\\\/#website\",\"url\":\"https:\\\/\\\/hotnewsinworld.com\\\/es\\\/\",\"name\":\"Hot News in World\",\"description\":\"Hot News in World from Spain\",\"potentialAction\":[{\"@type\":\"SearchAction\",\"target\":{\"@type\":\"EntryPoint\",\"urlTemplate\":\"https:\\\/\\\/hotnewsinworld.com\\\/es\\\/?s={search_term_string}\"},\"query-input\":{\"@type\":\"PropertyValueSpecification\",\"valueRequired\":true,\"valueName\":\"search_term_string\"}}],\"inLanguage\":\"es\"},{\"@type\":\"Person\",\"@id\":\"https:\\\/\\\/hotnewsinworld.com\\\/es\\\/#\\\/schema\\\/person\\\/fe61448b21c0d59086e75fcc1f9d8f6b\",\"name\":\"hotnewsinworld\",\"image\":{\"@type\":\"ImageObject\",\"inLanguage\":\"es\",\"@id\":\"https:\\\/\\\/secure.gravatar.com\\\/avatar\\\/8a09ac165600ce2e1c38fe593c63928eb1e6e7ba5c5a907d67787c41b3d00c14?s=96&d=mm&r=g\",\"url\":\"https:\\\/\\\/secure.gravatar.com\\\/avatar\\\/8a09ac165600ce2e1c38fe593c63928eb1e6e7ba5c5a907d67787c41b3d00c14?s=96&d=mm&r=g\",\"contentUrl\":\"https:\\\/\\\/secure.gravatar.com\\\/avatar\\\/8a09ac165600ce2e1c38fe593c63928eb1e6e7ba5c5a907d67787c41b3d00c14?s=96&d=mm&r=g\",\"caption\":\"hotnewsinworld\"},\"url\":\"https:\\\/\\\/hotnewsinworld.com\\\/es\\\/author\\\/pt\\\/\"}]}<\/script>\n<!-- \/ Yoast SEO plugin. -->","yoast_head_json":{"title":"\u00c1lvaro Uribe llama al Ej\u00e9rcito a que utilice las armas en las protestas en Colombia - Hot News in World","robots":{"index":"index","follow":"follow","max-snippet":"max-snippet:-1","max-image-preview":"max-image-preview:large","max-video-preview":"max-video-preview:-1"},"canonical":"https:\/\/hotnewsinworld.com\/es\/alvaro-uribe-llama-al-ejercito-a-que-utilice-las-armas-en-las-protestas-en-colombia\/","og_locale":"es_ES","og_type":"article","og_title":"\u00c1lvaro Uribe llama al Ej\u00e9rcito a que utilice las armas en las protestas en Colombia - Hot News in World","og_description":"El expresidente colombiano \u00c1lvaro Uribe V\u00e9lez, en una imagen del 8 de octubre de 2019.RAUL ARBOLEDA \/ AFPEl expresidente \u00c1lvaro Uribe, una figura controversial que suele navegar en medio de la polarizaci\u00f3n, ha agitado una vez m\u00e1s el debate p\u00fablico en Colombia al defender que polic\u00edas y militares tienen derecho a usar las armas en [&hellip;]","og_url":"https:\/\/hotnewsinworld.com\/es\/alvaro-uribe-llama-al-ejercito-a-que-utilice-las-armas-en-las-protestas-en-colombia\/","og_site_name":"Hot News in World","article_published_time":"2021-05-01T01:03:11+00:00","article_modified_time":"2021-05-01T01:03:19+00:00","og_image":[{"width":2560,"height":1704,"url":"https:\/\/hotnewsinworld.com\/es\/wp-content\/uploads\/sites\/4\/2021\/05\/Alvaro-Uribe-llama-al-Ejercito-a-que-utilice-las-armas-scaled.jpg","type":"image\/jpeg"}],"author":"hotnewsinworld","twitter_card":"summary_large_image","twitter_misc":{"Escrito por":"hotnewsinworld","Tiempo de lectura":"5 minutos"},"schema":{"@context":"https:\/\/schema.org","@graph":[{"@type":"Article","@id":"https:\/\/hotnewsinworld.com\/es\/alvaro-uribe-llama-al-ejercito-a-que-utilice-las-armas-en-las-protestas-en-colombia\/#article","isPartOf":{"@id":"https:\/\/hotnewsinworld.com\/es\/alvaro-uribe-llama-al-ejercito-a-que-utilice-las-armas-en-las-protestas-en-colombia\/"},"author":{"name":"hotnewsinworld","@id":"https:\/\/hotnewsinworld.com\/es\/#\/schema\/person\/fe61448b21c0d59086e75fcc1f9d8f6b"},"headline":"\u00c1lvaro Uribe llama al Ej\u00e9rcito a que utilice las armas en las protestas en Colombia","datePublished":"2021-05-01T01:03:11+00:00","dateModified":"2021-05-01T01:03:19+00:00","mainEntityOfPage":{"@id":"https:\/\/hotnewsinworld.com\/es\/alvaro-uribe-llama-al-ejercito-a-que-utilice-las-armas-en-las-protestas-en-colombia\/"},"wordCount":963,"commentCount":0,"image":{"@id":"https:\/\/hotnewsinworld.com\/es\/alvaro-uribe-llama-al-ejercito-a-que-utilice-las-armas-en-las-protestas-en-colombia\/#primaryimage"},"thumbnailUrl":"https:\/\/hotnewsinworld.com\/es\/wp-content\/uploads\/sites\/4\/2021\/05\/Alvaro-Uribe-llama-al-Ejercito-a-que-utilice-las-armas-scaled.jpg","articleSection":["\u00daLTIMAS NOTICIAS FINANCIERAS"],"inLanguage":"es","potentialAction":[{"@type":"CommentAction","name":"Comment","target":["https:\/\/hotnewsinworld.com\/es\/alvaro-uribe-llama-al-ejercito-a-que-utilice-las-armas-en-las-protestas-en-colombia\/#respond"]}]},{"@type":"WebPage","@id":"https:\/\/hotnewsinworld.com\/es\/alvaro-uribe-llama-al-ejercito-a-que-utilice-las-armas-en-las-protestas-en-colombia\/","url":"https:\/\/hotnewsinworld.com\/es\/alvaro-uribe-llama-al-ejercito-a-que-utilice-las-armas-en-las-protestas-en-colombia\/","name":"\u00c1lvaro Uribe llama al Ej\u00e9rcito a que utilice las armas en las protestas en Colombia - Hot News in World","isPartOf":{"@id":"https:\/\/hotnewsinworld.com\/es\/#website"},"primaryImageOfPage":{"@id":"https:\/\/hotnewsinworld.com\/es\/alvaro-uribe-llama-al-ejercito-a-que-utilice-las-armas-en-las-protestas-en-colombia\/#primaryimage"},"image":{"@id":"https:\/\/hotnewsinworld.com\/es\/alvaro-uribe-llama-al-ejercito-a-que-utilice-las-armas-en-las-protestas-en-colombia\/#primaryimage"},"thumbnailUrl":"https:\/\/hotnewsinworld.com\/es\/wp-content\/uploads\/sites\/4\/2021\/05\/Alvaro-Uribe-llama-al-Ejercito-a-que-utilice-las-armas-scaled.jpg","datePublished":"2021-05-01T01:03:11+00:00","dateModified":"2021-05-01T01:03:19+00:00","author":{"@id":"https:\/\/hotnewsinworld.com\/es\/#\/schema\/person\/fe61448b21c0d59086e75fcc1f9d8f6b"},"breadcrumb":{"@id":"https:\/\/hotnewsinworld.com\/es\/alvaro-uribe-llama-al-ejercito-a-que-utilice-las-armas-en-las-protestas-en-colombia\/#breadcrumb"},"inLanguage":"es","potentialAction":[{"@type":"ReadAction","target":["https:\/\/hotnewsinworld.com\/es\/alvaro-uribe-llama-al-ejercito-a-que-utilice-las-armas-en-las-protestas-en-colombia\/"]}]},{"@type":"ImageObject","inLanguage":"es","@id":"https:\/\/hotnewsinworld.com\/es\/alvaro-uribe-llama-al-ejercito-a-que-utilice-las-armas-en-las-protestas-en-colombia\/#primaryimage","url":"https:\/\/hotnewsinworld.com\/es\/wp-content\/uploads\/sites\/4\/2021\/05\/Alvaro-Uribe-llama-al-Ejercito-a-que-utilice-las-armas-scaled.jpg","contentUrl":"https:\/\/hotnewsinworld.com\/es\/wp-content\/uploads\/sites\/4\/2021\/05\/Alvaro-Uribe-llama-al-Ejercito-a-que-utilice-las-armas-scaled.jpg","width":2560,"height":1704,"caption":"\u00c1lvaro Uribe llama al Ej\u00e9rcito a que utilice las armas en las protestas en Colombia"},{"@type":"BreadcrumbList","@id":"https:\/\/hotnewsinworld.com\/es\/alvaro-uribe-llama-al-ejercito-a-que-utilice-las-armas-en-las-protestas-en-colombia\/#breadcrumb","itemListElement":[{"@type":"ListItem","position":1,"name":"\u0413\u043b\u0430\u0432\u043d\u0430\u044f \u0441\u0442\u0440\u0430\u043d\u0438\u0446\u0430","item":"https:\/\/hotnewsinworld.com\/es\/"},{"@type":"ListItem","position":2,"name":"\u00c1lvaro Uribe llama al Ej\u00e9rcito a que utilice las armas en las protestas en Colombia"}]},{"@type":"WebSite","@id":"https:\/\/hotnewsinworld.com\/es\/#website","url":"https:\/\/hotnewsinworld.com\/es\/","name":"Hot News in World","description":"Hot News in World from Spain","potentialAction":[{"@type":"SearchAction","target":{"@type":"EntryPoint","urlTemplate":"https:\/\/hotnewsinworld.com\/es\/?s={search_term_string}"},"query-input":{"@type":"PropertyValueSpecification","valueRequired":true,"valueName":"search_term_string"}}],"inLanguage":"es"},{"@type":"Person","@id":"https:\/\/hotnewsinworld.com\/es\/#\/schema\/person\/fe61448b21c0d59086e75fcc1f9d8f6b","name":"hotnewsinworld","image":{"@type":"ImageObject","inLanguage":"es","@id":"https:\/\/secure.gravatar.com\/avatar\/8a09ac165600ce2e1c38fe593c63928eb1e6e7ba5c5a907d67787c41b3d00c14?s=96&d=mm&r=g","url":"https:\/\/secure.gravatar.com\/avatar\/8a09ac165600ce2e1c38fe593c63928eb1e6e7ba5c5a907d67787c41b3d00c14?s=96&d=mm&r=g","contentUrl":"https:\/\/secure.gravatar.com\/avatar\/8a09ac165600ce2e1c38fe593c63928eb1e6e7ba5c5a907d67787c41b3d00c14?s=96&d=mm&r=g","caption":"hotnewsinworld"},"url":"https:\/\/hotnewsinworld.com\/es\/author\/pt\/"}]}},"_links":{"self":[{"href":"https:\/\/hotnewsinworld.com\/es\/wp-json\/wp\/v2\/posts\/2281","targetHints":{"allow":["GET"]}}],"collection":[{"href":"https:\/\/hotnewsinworld.com\/es\/wp-json\/wp\/v2\/posts"}],"about":[{"href":"https:\/\/hotnewsinworld.com\/es\/wp-json\/wp\/v2\/types\/post"}],"author":[{"embeddable":true,"href":"https:\/\/hotnewsinworld.com\/es\/wp-json\/wp\/v2\/users\/2"}],"replies":[{"embeddable":true,"href":"https:\/\/hotnewsinworld.com\/es\/wp-json\/wp\/v2\/comments?post=2281"}],"version-history":[{"count":1,"href":"https:\/\/hotnewsinworld.com\/es\/wp-json\/wp\/v2\/posts\/2281\/revisions"}],"predecessor-version":[{"id":2283,"href":"https:\/\/hotnewsinworld.com\/es\/wp-json\/wp\/v2\/posts\/2281\/revisions\/2283"}],"wp:featuredmedia":[{"embeddable":true,"href":"https:\/\/hotnewsinworld.com\/es\/wp-json\/wp\/v2\/media\/2282"}],"wp:attachment":[{"href":"https:\/\/hotnewsinworld.com\/es\/wp-json\/wp\/v2\/media?parent=2281"}],"wp:term":[{"taxonomy":"category","embeddable":true,"href":"https:\/\/hotnewsinworld.com\/es\/wp-json\/wp\/v2\/categories?post=2281"},{"taxonomy":"post_tag","embeddable":true,"href":"https:\/\/hotnewsinworld.com\/es\/wp-json\/wp\/v2\/tags?post=2281"}],"curies":[{"name":"wp","href":"https:\/\/api.w.org\/{rel}","templated":true}]}}