{"id":2287,"date":"2021-05-01T16:11:04","date_gmt":"2021-05-01T13:11:04","guid":{"rendered":"https:\/\/hotnewsinworld.com\/es\/los-sindicatos-vuelven-a-la-calle-el-primero-de-mayo-pidiendo-frenar-a-la-extrema-derecha\/"},"modified":"2021-05-01T16:11:11","modified_gmt":"2021-05-01T13:11:11","slug":"los-sindicatos-vuelven-a-la-calle-el-primero-de-mayo-pidiendo-frenar-a-la-extrema-derecha","status":"publish","type":"post","link":"https:\/\/hotnewsinworld.com\/es\/los-sindicatos-vuelven-a-la-calle-el-primero-de-mayo-pidiendo-frenar-a-la-extrema-derecha\/","title":{"rendered":"Los sindicatos vuelven a la calle el Primero de Mayo pidiendo frenar a la extrema derecha"},"content":{"rendered":"<p>Las elecciones madrile\u00f1as del pr\u00f3ximo 4 de mayo han marcado la celebraci\u00f3n del D\u00eda Internacional de los Trabajadores en Madrid. Los secretarios generales de CC OO, Unai Sordo, y UGT, Pepe \u00c1lvarez, encabezaron la marcha que arranc\u00f3 a mediod\u00eda en la capital y que termin\u00f3 poco despu\u00e9s de las dos de la tarde. Tras ellos se situaron varios ministros del Gobierno, entre ellos la vicepresidenta primera, Carmen Calvo; la vicepresidenta tercera y ministra de Trabajo, Yolanda D\u00edaz; la de Derechos Sociales, Ione Belarra; el titular de Transportes, Jos\u00e9 Luis \u00c1balos, y la ministra de Igualdad, Irene Montero. La presencia de la titular de Trabajo fue hist\u00f3rica, ya que nunca antes un ministro con esa cartera hab\u00eda participado en el Primero de Mayo en las calles. Tambi\u00e9n estuvieron los tres candidatos de la izquierda a la presidencia de la Comunidad de Madrid, \u00c1ngel Gabilondo, Pablo Iglesias y M\u00f3nica Garc\u00eda.Pablo Iglesias, \u00c1ngel Gabilondo y M\u00f3nica Garc\u00eda, durante la manifestaci\u00f3n en Madrid. SERGIO PEREZ \/ REUTERSEl acto final en la Puerta del Sol, antes de los discursos de los secretarios generales, se convirti\u00f3 en un homenaje a las trabajadoras de servicios esenciales que lucharon en primera l\u00ednea durante los meses m\u00e1s duros de la pandemia. Hablaron empleadas de la sanidad, la limpieza o los grandes almacenes. Despu\u00e9s, en su intervenci\u00f3n, Unai Sordo dio las gracias por la presencia de \u201cvicepresidentas, ministros y ministras y candidatos\u201d. Acto seguido les record\u00f3 que van a ser exigentes: \u201cToca cumplir con los que sacaron adelante el pa\u00eds. Cuando pedimos la subida del salario m\u00ednimo (SMI) no es que queramos tener una bronca, es porque esta gente no pueden seguir con salarios de miseria. Cuando pedimos la derogaci\u00f3n de la reforma de pensiones de 2013, es para que haya pensiones suficientes para las pr\u00f3ximas tres d\u00e9cadas. Cuando hablamos de la reforma laboral, hablamos de dignidad laboral\u201d.Pepe \u00c1lvarez tambi\u00e9n se dirigi\u00f3 a los miembros del Ejecutivo para recordarles que los fondos europeos del plan de recuperaci\u00f3n \u201cno est\u00e1n condicionados a que los ciudadanos perdamos derechos. Si no que son para un pa\u00eds m\u00e1s productivo, con servicios p\u00fablicos. Y ah\u00ed es donde queremos estar\u201d.En una comparecencia previa los l\u00edderes sindicales pidieron \u201cfrenar a la extrema derecha\u201d, en clara referencia a Vox. Adem\u00e1s, pusieron sobre la mesa las reivindicaciones que iban a centrar la jornada: la mencionada derogaci\u00f3n de las reformas laboral de 2012 y de pensiones de 2013, subida del SMI y el reconocimiento en forma de derechos laborales de los trabajadores de los servicios esenciales durante la pandemia.Acto final de la manifestaci\u00f3n del Primero de Mayo en la Puerta del Sol de Madrid, este s\u00e1bado,Fernando Alvarado \/ EFE\u201cMe parece gratificante que vengan\u201d, dijo \u00c1lvarez en referencia a la presencia de varios ministros, y a\u00f1adi\u00f3 que no por eso iban a rebajar sus peticiones. Sordo, por su parte, insisti\u00f3 en que \u201cla mejor vacuna contra la extrema derecha es rehacer el contrato social\u201d y que este s\u00e1bado es el d\u00eda de \u201csolidaridad y reconocimiento a la clase trabajadora que ha sacado adelante Espa\u00f1a en la peor crisis del \u00faltimo siglo\u201d.M\u00e1s informaci\u00f3nPor su parte, el l\u00edder de UGT dej\u00f3 claro que este Primero de Mayo es \u201cespecial\u201d, porque el hecho de que se celebre en la calle \u201cno quiere decir que no est\u00e9 presente todo lo que se ha vivido en el pa\u00eds durante este \u00faltimo a\u00f1o y tres meses\u201d. Tanto Sordo como \u00c1lvarez coincidieron en que se tiene que hacer frente al modelo de \u201cprecariedad permanente, a la desigualdad instalada, a las enormes incertidumbres que corroen a millones de personas\u201d, porque, en sus palabras, \u201ces la mejor vacuna para que las miserias morales de la extrema derecha no convenzan de que el problema son los m\u00e1s pobres o los menores no acompa\u00f1ados\u201d.En v\u00eddeo, el secretario general de CC OO, Unai Sordo, se\u00f1ala que hay que \u00abhacer frente\u00bb al \u00abmodelo de precariedad permanente\u00bb como \u00abmejor vacuna contra la extrema derecha\u00bb.(EUROPA PRESS)\u201cQueremos recordar a los cientos de miles espa\u00f1oles que en Espa\u00f1a lo siguen pasando mal, a los parados, a los 1,2 millones de hogares cuyos miembros est\u00e1n todos en desempleo, a quienes han tenido que hacer cola para poder tener una vida y sustentos b\u00e1sicos y a todos los trabajadores que est\u00e1n siendo afectados por los ERE y por los despidos masivos que de forma irresponsable est\u00e1n impulsando algunas grandes empresas de nuestro pa\u00eds\u201d. En esta l\u00ednea, \u00c1lvarez apunt\u00f3 a que el sector financiero \u201cest\u00e1 abusando de los ciudadanos del pa\u00eds despu\u00e9s de todo lo que se ha dedicado para sanear el sector financiero\u201d y devolvi\u00e9ndolo \u201ccon despidos\u201d.Manifestaci\u00f3n del Primero de Mayo por las calles de Madrid, este s\u00e1bado. OSCAR DEL POZO \/ AFPAmbos sindicatos remarcaron que el pa\u00eds tiene \u201cuna deuda con su clase trabajadora\u201d y que \u201cel crecimiento de la segunda parte del a\u00f1o no se puede afrontar con las mismas reformas que empobrecieron a Espa\u00f1a, que crearon m\u00e1s desigualdad y exclusi\u00f3n social\u201d.<br \/>\n<br \/>\n<!--noindex--><br \/>\n<a href=\"https:\/\/elpais.com\/economia\/2021-05-01\/los-sindicatos-vuelven-a-la-calle-el-primero-de-mayo-pidiendo-frenar-a-la-extrema-derecha.html\" rel=\"nofollow\">Source link <\/a><br \/>\n<!--\/noindex--><\/p>\n","protected":false},"excerpt":{"rendered":"<p>Las elecciones madrile\u00f1as del pr\u00f3ximo 4 de mayo han marcado la celebraci\u00f3n del D\u00eda Internacional de los Trabajadores en Madrid. Los secretarios generales de CC OO, Unai Sordo, y UGT, Pepe \u00c1lvarez, encabezaron la marcha que arranc\u00f3 a mediod\u00eda en la capital y que termin\u00f3 poco despu\u00e9s de las dos de la tarde. Tras ellos [&hellip;]<\/p>\n","protected":false},"author":2,"featured_media":2288,"comment_status":"open","ping_status":"open","sticky":false,"template":"","format":"standard","meta":{"footnotes":""},"categories":[1],"tags":[],"class_list":["post-2287","post","type-post","status-publish","format-standard","has-post-thumbnail","hentry","category-ultimas-noticias-financieras"],"yoast_head":"<!-- This site is optimized with the Yoast SEO plugin v27.4 - https:\/\/yoast.com\/product\/yoast-seo-wordpress\/ -->\n<title>Los sindicatos vuelven a la calle el Primero de Mayo pidiendo frenar a la extrema derecha - Hot News in World<\/title>\n<meta name=\"robots\" content=\"index, follow, max-snippet:-1, max-image-preview:large, max-video-preview:-1\" \/>\n<link rel=\"canonical\" href=\"https:\/\/hotnewsinworld.com\/es\/los-sindicatos-vuelven-a-la-calle-el-primero-de-mayo-pidiendo-frenar-a-la-extrema-derecha\/\" \/>\n<meta property=\"og:locale\" content=\"es_ES\" \/>\n<meta property=\"og:type\" content=\"article\" \/>\n<meta property=\"og:title\" content=\"Los sindicatos vuelven a la calle el Primero de Mayo pidiendo frenar a la extrema derecha - Hot News in World\" \/>\n<meta property=\"og:description\" content=\"Las elecciones madrile\u00f1as del pr\u00f3ximo 4 de mayo han marcado la celebraci\u00f3n del D\u00eda Internacional de los Trabajadores en Madrid. Los secretarios generales de CC OO, Unai Sordo, y UGT, Pepe \u00c1lvarez, encabezaron la marcha que arranc\u00f3 a mediod\u00eda en la capital y que termin\u00f3 poco despu\u00e9s de las dos de la tarde. Tras ellos [&hellip;]\" \/>\n<meta property=\"og:url\" content=\"https:\/\/hotnewsinworld.com\/es\/los-sindicatos-vuelven-a-la-calle-el-primero-de-mayo-pidiendo-frenar-a-la-extrema-derecha\/\" \/>\n<meta property=\"og:site_name\" content=\"Hot News in World\" \/>\n<meta property=\"article:published_time\" content=\"2021-05-01T13:11:04+00:00\" \/>\n<meta property=\"article:modified_time\" content=\"2021-05-01T13:11:11+00:00\" \/>\n<meta property=\"og:image\" content=\"https:\/\/hotnewsinworld.com\/es\/wp-content\/uploads\/sites\/4\/2021\/05\/Los-sindicatos-vuelven-a-la-calle-el-Primero-de-Mayo-scaled.jpg\" \/>\n\t<meta property=\"og:image:width\" content=\"2560\" \/>\n\t<meta property=\"og:image:height\" content=\"1707\" \/>\n\t<meta property=\"og:image:type\" content=\"image\/jpeg\" \/>\n<meta name=\"author\" content=\"hotnewsinworld\" \/>\n<meta name=\"twitter:card\" content=\"summary_large_image\" \/>\n<meta name=\"twitter:label1\" content=\"Escrito por\" \/>\n\t<meta name=\"twitter:data1\" content=\"hotnewsinworld\" \/>\n\t<meta name=\"twitter:label2\" content=\"Tiempo de lectura\" \/>\n\t<meta name=\"twitter:data2\" content=\"4 minutos\" \/>\n<script type=\"application\/ld+json\" class=\"yoast-schema-graph\">{\"@context\":\"https:\\\/\\\/schema.org\",\"@graph\":[{\"@type\":\"Article\",\"@id\":\"https:\\\/\\\/hotnewsinworld.com\\\/es\\\/los-sindicatos-vuelven-a-la-calle-el-primero-de-mayo-pidiendo-frenar-a-la-extrema-derecha\\\/#article\",\"isPartOf\":{\"@id\":\"https:\\\/\\\/hotnewsinworld.com\\\/es\\\/los-sindicatos-vuelven-a-la-calle-el-primero-de-mayo-pidiendo-frenar-a-la-extrema-derecha\\\/\"},\"author\":{\"name\":\"hotnewsinworld\",\"@id\":\"https:\\\/\\\/hotnewsinworld.com\\\/es\\\/#\\\/schema\\\/person\\\/fe61448b21c0d59086e75fcc1f9d8f6b\"},\"headline\":\"Los sindicatos vuelven a la calle el Primero de Mayo pidiendo frenar a la extrema derecha\",\"datePublished\":\"2021-05-01T13:11:04+00:00\",\"dateModified\":\"2021-05-01T13:11:11+00:00\",\"mainEntityOfPage\":{\"@id\":\"https:\\\/\\\/hotnewsinworld.com\\\/es\\\/los-sindicatos-vuelven-a-la-calle-el-primero-de-mayo-pidiendo-frenar-a-la-extrema-derecha\\\/\"},\"wordCount\":901,\"commentCount\":0,\"image\":{\"@id\":\"https:\\\/\\\/hotnewsinworld.com\\\/es\\\/los-sindicatos-vuelven-a-la-calle-el-primero-de-mayo-pidiendo-frenar-a-la-extrema-derecha\\\/#primaryimage\"},\"thumbnailUrl\":\"https:\\\/\\\/hotnewsinworld.com\\\/es\\\/wp-content\\\/uploads\\\/sites\\\/4\\\/2021\\\/05\\\/Los-sindicatos-vuelven-a-la-calle-el-Primero-de-Mayo-scaled.jpg\",\"articleSection\":[\"\u00daLTIMAS NOTICIAS FINANCIERAS\"],\"inLanguage\":\"es\",\"potentialAction\":[{\"@type\":\"CommentAction\",\"name\":\"Comment\",\"target\":[\"https:\\\/\\\/hotnewsinworld.com\\\/es\\\/los-sindicatos-vuelven-a-la-calle-el-primero-de-mayo-pidiendo-frenar-a-la-extrema-derecha\\\/#respond\"]}]},{\"@type\":\"WebPage\",\"@id\":\"https:\\\/\\\/hotnewsinworld.com\\\/es\\\/los-sindicatos-vuelven-a-la-calle-el-primero-de-mayo-pidiendo-frenar-a-la-extrema-derecha\\\/\",\"url\":\"https:\\\/\\\/hotnewsinworld.com\\\/es\\\/los-sindicatos-vuelven-a-la-calle-el-primero-de-mayo-pidiendo-frenar-a-la-extrema-derecha\\\/\",\"name\":\"Los sindicatos vuelven a la calle el Primero de Mayo pidiendo frenar a la extrema derecha - Hot News in World\",\"isPartOf\":{\"@id\":\"https:\\\/\\\/hotnewsinworld.com\\\/es\\\/#website\"},\"primaryImageOfPage\":{\"@id\":\"https:\\\/\\\/hotnewsinworld.com\\\/es\\\/los-sindicatos-vuelven-a-la-calle-el-primero-de-mayo-pidiendo-frenar-a-la-extrema-derecha\\\/#primaryimage\"},\"image\":{\"@id\":\"https:\\\/\\\/hotnewsinworld.com\\\/es\\\/los-sindicatos-vuelven-a-la-calle-el-primero-de-mayo-pidiendo-frenar-a-la-extrema-derecha\\\/#primaryimage\"},\"thumbnailUrl\":\"https:\\\/\\\/hotnewsinworld.com\\\/es\\\/wp-content\\\/uploads\\\/sites\\\/4\\\/2021\\\/05\\\/Los-sindicatos-vuelven-a-la-calle-el-Primero-de-Mayo-scaled.jpg\",\"datePublished\":\"2021-05-01T13:11:04+00:00\",\"dateModified\":\"2021-05-01T13:11:11+00:00\",\"author\":{\"@id\":\"https:\\\/\\\/hotnewsinworld.com\\\/es\\\/#\\\/schema\\\/person\\\/fe61448b21c0d59086e75fcc1f9d8f6b\"},\"breadcrumb\":{\"@id\":\"https:\\\/\\\/hotnewsinworld.com\\\/es\\\/los-sindicatos-vuelven-a-la-calle-el-primero-de-mayo-pidiendo-frenar-a-la-extrema-derecha\\\/#breadcrumb\"},\"inLanguage\":\"es\",\"potentialAction\":[{\"@type\":\"ReadAction\",\"target\":[\"https:\\\/\\\/hotnewsinworld.com\\\/es\\\/los-sindicatos-vuelven-a-la-calle-el-primero-de-mayo-pidiendo-frenar-a-la-extrema-derecha\\\/\"]}]},{\"@type\":\"ImageObject\",\"inLanguage\":\"es\",\"@id\":\"https:\\\/\\\/hotnewsinworld.com\\\/es\\\/los-sindicatos-vuelven-a-la-calle-el-primero-de-mayo-pidiendo-frenar-a-la-extrema-derecha\\\/#primaryimage\",\"url\":\"https:\\\/\\\/hotnewsinworld.com\\\/es\\\/wp-content\\\/uploads\\\/sites\\\/4\\\/2021\\\/05\\\/Los-sindicatos-vuelven-a-la-calle-el-Primero-de-Mayo-scaled.jpg\",\"contentUrl\":\"https:\\\/\\\/hotnewsinworld.com\\\/es\\\/wp-content\\\/uploads\\\/sites\\\/4\\\/2021\\\/05\\\/Los-sindicatos-vuelven-a-la-calle-el-Primero-de-Mayo-scaled.jpg\",\"width\":2560,\"height\":1707,\"caption\":\"Los sindicatos vuelven a la calle el Primero de Mayo pidiendo frenar a la extrema derecha\"},{\"@type\":\"BreadcrumbList\",\"@id\":\"https:\\\/\\\/hotnewsinworld.com\\\/es\\\/los-sindicatos-vuelven-a-la-calle-el-primero-de-mayo-pidiendo-frenar-a-la-extrema-derecha\\\/#breadcrumb\",\"itemListElement\":[{\"@type\":\"ListItem\",\"position\":1,\"name\":\"\u0413\u043b\u0430\u0432\u043d\u0430\u044f \u0441\u0442\u0440\u0430\u043d\u0438\u0446\u0430\",\"item\":\"https:\\\/\\\/hotnewsinworld.com\\\/es\\\/\"},{\"@type\":\"ListItem\",\"position\":2,\"name\":\"Los sindicatos vuelven a la calle el Primero de Mayo pidiendo frenar a la extrema derecha\"}]},{\"@type\":\"WebSite\",\"@id\":\"https:\\\/\\\/hotnewsinworld.com\\\/es\\\/#website\",\"url\":\"https:\\\/\\\/hotnewsinworld.com\\\/es\\\/\",\"name\":\"Hot News in World\",\"description\":\"Hot News in World from Spain\",\"potentialAction\":[{\"@type\":\"SearchAction\",\"target\":{\"@type\":\"EntryPoint\",\"urlTemplate\":\"https:\\\/\\\/hotnewsinworld.com\\\/es\\\/?s={search_term_string}\"},\"query-input\":{\"@type\":\"PropertyValueSpecification\",\"valueRequired\":true,\"valueName\":\"search_term_string\"}}],\"inLanguage\":\"es\"},{\"@type\":\"Person\",\"@id\":\"https:\\\/\\\/hotnewsinworld.com\\\/es\\\/#\\\/schema\\\/person\\\/fe61448b21c0d59086e75fcc1f9d8f6b\",\"name\":\"hotnewsinworld\",\"image\":{\"@type\":\"ImageObject\",\"inLanguage\":\"es\",\"@id\":\"https:\\\/\\\/secure.gravatar.com\\\/avatar\\\/8a09ac165600ce2e1c38fe593c63928eb1e6e7ba5c5a907d67787c41b3d00c14?s=96&d=mm&r=g\",\"url\":\"https:\\\/\\\/secure.gravatar.com\\\/avatar\\\/8a09ac165600ce2e1c38fe593c63928eb1e6e7ba5c5a907d67787c41b3d00c14?s=96&d=mm&r=g\",\"contentUrl\":\"https:\\\/\\\/secure.gravatar.com\\\/avatar\\\/8a09ac165600ce2e1c38fe593c63928eb1e6e7ba5c5a907d67787c41b3d00c14?s=96&d=mm&r=g\",\"caption\":\"hotnewsinworld\"},\"url\":\"https:\\\/\\\/hotnewsinworld.com\\\/es\\\/author\\\/pt\\\/\"}]}<\/script>\n<!-- \/ Yoast SEO plugin. -->","yoast_head_json":{"title":"Los sindicatos vuelven a la calle el Primero de Mayo pidiendo frenar a la extrema derecha - Hot News in World","robots":{"index":"index","follow":"follow","max-snippet":"max-snippet:-1","max-image-preview":"max-image-preview:large","max-video-preview":"max-video-preview:-1"},"canonical":"https:\/\/hotnewsinworld.com\/es\/los-sindicatos-vuelven-a-la-calle-el-primero-de-mayo-pidiendo-frenar-a-la-extrema-derecha\/","og_locale":"es_ES","og_type":"article","og_title":"Los sindicatos vuelven a la calle el Primero de Mayo pidiendo frenar a la extrema derecha - Hot News in World","og_description":"Las elecciones madrile\u00f1as del pr\u00f3ximo 4 de mayo han marcado la celebraci\u00f3n del D\u00eda Internacional de los Trabajadores en Madrid. Los secretarios generales de CC OO, Unai Sordo, y UGT, Pepe \u00c1lvarez, encabezaron la marcha que arranc\u00f3 a mediod\u00eda en la capital y que termin\u00f3 poco despu\u00e9s de las dos de la tarde. Tras ellos [&hellip;]","og_url":"https:\/\/hotnewsinworld.com\/es\/los-sindicatos-vuelven-a-la-calle-el-primero-de-mayo-pidiendo-frenar-a-la-extrema-derecha\/","og_site_name":"Hot News in World","article_published_time":"2021-05-01T13:11:04+00:00","article_modified_time":"2021-05-01T13:11:11+00:00","og_image":[{"width":2560,"height":1707,"url":"https:\/\/hotnewsinworld.com\/es\/wp-content\/uploads\/sites\/4\/2021\/05\/Los-sindicatos-vuelven-a-la-calle-el-Primero-de-Mayo-scaled.jpg","type":"image\/jpeg"}],"author":"hotnewsinworld","twitter_card":"summary_large_image","twitter_misc":{"Escrito por":"hotnewsinworld","Tiempo de lectura":"4 minutos"},"schema":{"@context":"https:\/\/schema.org","@graph":[{"@type":"Article","@id":"https:\/\/hotnewsinworld.com\/es\/los-sindicatos-vuelven-a-la-calle-el-primero-de-mayo-pidiendo-frenar-a-la-extrema-derecha\/#article","isPartOf":{"@id":"https:\/\/hotnewsinworld.com\/es\/los-sindicatos-vuelven-a-la-calle-el-primero-de-mayo-pidiendo-frenar-a-la-extrema-derecha\/"},"author":{"name":"hotnewsinworld","@id":"https:\/\/hotnewsinworld.com\/es\/#\/schema\/person\/fe61448b21c0d59086e75fcc1f9d8f6b"},"headline":"Los sindicatos vuelven a la calle el Primero de Mayo pidiendo frenar a la extrema derecha","datePublished":"2021-05-01T13:11:04+00:00","dateModified":"2021-05-01T13:11:11+00:00","mainEntityOfPage":{"@id":"https:\/\/hotnewsinworld.com\/es\/los-sindicatos-vuelven-a-la-calle-el-primero-de-mayo-pidiendo-frenar-a-la-extrema-derecha\/"},"wordCount":901,"commentCount":0,"image":{"@id":"https:\/\/hotnewsinworld.com\/es\/los-sindicatos-vuelven-a-la-calle-el-primero-de-mayo-pidiendo-frenar-a-la-extrema-derecha\/#primaryimage"},"thumbnailUrl":"https:\/\/hotnewsinworld.com\/es\/wp-content\/uploads\/sites\/4\/2021\/05\/Los-sindicatos-vuelven-a-la-calle-el-Primero-de-Mayo-scaled.jpg","articleSection":["\u00daLTIMAS NOTICIAS FINANCIERAS"],"inLanguage":"es","potentialAction":[{"@type":"CommentAction","name":"Comment","target":["https:\/\/hotnewsinworld.com\/es\/los-sindicatos-vuelven-a-la-calle-el-primero-de-mayo-pidiendo-frenar-a-la-extrema-derecha\/#respond"]}]},{"@type":"WebPage","@id":"https:\/\/hotnewsinworld.com\/es\/los-sindicatos-vuelven-a-la-calle-el-primero-de-mayo-pidiendo-frenar-a-la-extrema-derecha\/","url":"https:\/\/hotnewsinworld.com\/es\/los-sindicatos-vuelven-a-la-calle-el-primero-de-mayo-pidiendo-frenar-a-la-extrema-derecha\/","name":"Los sindicatos vuelven a la calle el Primero de Mayo pidiendo frenar a la extrema derecha - Hot News in World","isPartOf":{"@id":"https:\/\/hotnewsinworld.com\/es\/#website"},"primaryImageOfPage":{"@id":"https:\/\/hotnewsinworld.com\/es\/los-sindicatos-vuelven-a-la-calle-el-primero-de-mayo-pidiendo-frenar-a-la-extrema-derecha\/#primaryimage"},"image":{"@id":"https:\/\/hotnewsinworld.com\/es\/los-sindicatos-vuelven-a-la-calle-el-primero-de-mayo-pidiendo-frenar-a-la-extrema-derecha\/#primaryimage"},"thumbnailUrl":"https:\/\/hotnewsinworld.com\/es\/wp-content\/uploads\/sites\/4\/2021\/05\/Los-sindicatos-vuelven-a-la-calle-el-Primero-de-Mayo-scaled.jpg","datePublished":"2021-05-01T13:11:04+00:00","dateModified":"2021-05-01T13:11:11+00:00","author":{"@id":"https:\/\/hotnewsinworld.com\/es\/#\/schema\/person\/fe61448b21c0d59086e75fcc1f9d8f6b"},"breadcrumb":{"@id":"https:\/\/hotnewsinworld.com\/es\/los-sindicatos-vuelven-a-la-calle-el-primero-de-mayo-pidiendo-frenar-a-la-extrema-derecha\/#breadcrumb"},"inLanguage":"es","potentialAction":[{"@type":"ReadAction","target":["https:\/\/hotnewsinworld.com\/es\/los-sindicatos-vuelven-a-la-calle-el-primero-de-mayo-pidiendo-frenar-a-la-extrema-derecha\/"]}]},{"@type":"ImageObject","inLanguage":"es","@id":"https:\/\/hotnewsinworld.com\/es\/los-sindicatos-vuelven-a-la-calle-el-primero-de-mayo-pidiendo-frenar-a-la-extrema-derecha\/#primaryimage","url":"https:\/\/hotnewsinworld.com\/es\/wp-content\/uploads\/sites\/4\/2021\/05\/Los-sindicatos-vuelven-a-la-calle-el-Primero-de-Mayo-scaled.jpg","contentUrl":"https:\/\/hotnewsinworld.com\/es\/wp-content\/uploads\/sites\/4\/2021\/05\/Los-sindicatos-vuelven-a-la-calle-el-Primero-de-Mayo-scaled.jpg","width":2560,"height":1707,"caption":"Los sindicatos vuelven a la calle el Primero de Mayo pidiendo frenar a la extrema derecha"},{"@type":"BreadcrumbList","@id":"https:\/\/hotnewsinworld.com\/es\/los-sindicatos-vuelven-a-la-calle-el-primero-de-mayo-pidiendo-frenar-a-la-extrema-derecha\/#breadcrumb","itemListElement":[{"@type":"ListItem","position":1,"name":"\u0413\u043b\u0430\u0432\u043d\u0430\u044f \u0441\u0442\u0440\u0430\u043d\u0438\u0446\u0430","item":"https:\/\/hotnewsinworld.com\/es\/"},{"@type":"ListItem","position":2,"name":"Los sindicatos vuelven a la calle el Primero de Mayo pidiendo frenar a la extrema derecha"}]},{"@type":"WebSite","@id":"https:\/\/hotnewsinworld.com\/es\/#website","url":"https:\/\/hotnewsinworld.com\/es\/","name":"Hot News in World","description":"Hot News in World from Spain","potentialAction":[{"@type":"SearchAction","target":{"@type":"EntryPoint","urlTemplate":"https:\/\/hotnewsinworld.com\/es\/?s={search_term_string}"},"query-input":{"@type":"PropertyValueSpecification","valueRequired":true,"valueName":"search_term_string"}}],"inLanguage":"es"},{"@type":"Person","@id":"https:\/\/hotnewsinworld.com\/es\/#\/schema\/person\/fe61448b21c0d59086e75fcc1f9d8f6b","name":"hotnewsinworld","image":{"@type":"ImageObject","inLanguage":"es","@id":"https:\/\/secure.gravatar.com\/avatar\/8a09ac165600ce2e1c38fe593c63928eb1e6e7ba5c5a907d67787c41b3d00c14?s=96&d=mm&r=g","url":"https:\/\/secure.gravatar.com\/avatar\/8a09ac165600ce2e1c38fe593c63928eb1e6e7ba5c5a907d67787c41b3d00c14?s=96&d=mm&r=g","contentUrl":"https:\/\/secure.gravatar.com\/avatar\/8a09ac165600ce2e1c38fe593c63928eb1e6e7ba5c5a907d67787c41b3d00c14?s=96&d=mm&r=g","caption":"hotnewsinworld"},"url":"https:\/\/hotnewsinworld.com\/es\/author\/pt\/"}]}},"_links":{"self":[{"href":"https:\/\/hotnewsinworld.com\/es\/wp-json\/wp\/v2\/posts\/2287","targetHints":{"allow":["GET"]}}],"collection":[{"href":"https:\/\/hotnewsinworld.com\/es\/wp-json\/wp\/v2\/posts"}],"about":[{"href":"https:\/\/hotnewsinworld.com\/es\/wp-json\/wp\/v2\/types\/post"}],"author":[{"embeddable":true,"href":"https:\/\/hotnewsinworld.com\/es\/wp-json\/wp\/v2\/users\/2"}],"replies":[{"embeddable":true,"href":"https:\/\/hotnewsinworld.com\/es\/wp-json\/wp\/v2\/comments?post=2287"}],"version-history":[{"count":1,"href":"https:\/\/hotnewsinworld.com\/es\/wp-json\/wp\/v2\/posts\/2287\/revisions"}],"predecessor-version":[{"id":2289,"href":"https:\/\/hotnewsinworld.com\/es\/wp-json\/wp\/v2\/posts\/2287\/revisions\/2289"}],"wp:featuredmedia":[{"embeddable":true,"href":"https:\/\/hotnewsinworld.com\/es\/wp-json\/wp\/v2\/media\/2288"}],"wp:attachment":[{"href":"https:\/\/hotnewsinworld.com\/es\/wp-json\/wp\/v2\/media?parent=2287"}],"wp:term":[{"taxonomy":"category","embeddable":true,"href":"https:\/\/hotnewsinworld.com\/es\/wp-json\/wp\/v2\/categories?post=2287"},{"taxonomy":"post_tag","embeddable":true,"href":"https:\/\/hotnewsinworld.com\/es\/wp-json\/wp\/v2\/tags?post=2287"}],"curies":[{"name":"wp","href":"https:\/\/api.w.org\/{rel}","templated":true}]}}