{"id":2293,"date":"2021-05-02T04:18:03","date_gmt":"2021-05-02T01:18:03","guid":{"rendered":"https:\/\/hotnewsinworld.com\/es\/21-de-enero-de-2020-el-dia-que-ayuso-cambio-hoy-nombro-a-miguel-angel-rodriguez\/"},"modified":"2021-05-02T04:18:21","modified_gmt":"2021-05-02T01:18:21","slug":"21-de-enero-de-2020-el-dia-que-ayuso-cambio-hoy-nombro-a-miguel-angel-rodriguez","status":"publish","type":"post","link":"https:\/\/hotnewsinworld.com\/es\/21-de-enero-de-2020-el-dia-que-ayuso-cambio-hoy-nombro-a-miguel-angel-rodriguez\/","title":{"rendered":"21 de enero de 2020, el d\u00eda que Ayuso cambi\u00f3: \u201cHoy nombro a Miguel \u00c1ngel Rodr\u00edguez\u201d"},"content":{"rendered":"<p>La presidenta de la Comunidad de Madrid, Isabel D\u00edaz Ayuso, finaliza una rueda de prensa en la sede regional, tras el anuncio de elecciones para el pr\u00f3ximo 4 de mayo.EUROPA PRESS\/A.Ortega.POOL  \/ Europa PressMiguel \u00c1ngel Rodr\u00edguez Baj\u00f3n cumpl\u00eda 56 a\u00f1os el 21 de enero de 2020, el mismo d\u00eda que Isabel D\u00edaz Ayuso pronunci\u00f3 su nombre completo en el Consejo de Gobierno.Ayuso fue de las \u00faltimas en entrar al sal\u00f3n del Consejo. Sobre la mesa acristalada, hab\u00eda carpetas blancas con el escudo de la regi\u00f3n y botellines de agua. Era un martes tranquilo. Antes de entrar al sal\u00f3n, algunos de los 13 consejeros del Gobierno de la Comunidad de Madrid tomaron caf\u00e9 y dialogaron en la sala contigua. Comentaron las noticias del d\u00eda. El coronavirus todav\u00eda era una enfermedad asi\u00e1tica.En el orden del d\u00eda no aparec\u00edan grandes anuncios. Se cumpl\u00edan, eso s\u00ed, cinco meses del acuerdo de coalici\u00f3n entre populares y Ciudadanos.La sesi\u00f3n transcurri\u00f3 con un ritmo rutinario. Antes de terminar, la presidenta tom\u00f3 la palabra:\u2015 Ah, por cierto, voy a cambiar a mi jefe de gabinete. Se incorporar\u00e1 Miguel \u00c1ngel Rodr\u00edguez Baj\u00f3n.Y abandon\u00f3 la sala.Algunos consejeros del PP conoc\u00edan de antemano el nombramiento. Pero no los de Ciudadanos, que se quedaron confundidos por el segundo apellido, Baj\u00f3n. Hubo un silencio. Seg\u00fan testigos presenciales, el consejero de Transportes, \u00c1ngel Garrido, agarr\u00f3 su m\u00f3vil y busc\u00f3 en Google. \u201c\u00a1Co\u00f1o que es este!\u201d, exclam\u00f3. Ten\u00eda razones para la exclamaci\u00f3n: era el hombre que unas semanas antes le hab\u00eda calificado en Twitter como \u201ctr\u00e1nsfuga de mierda\u201d por haberse pasado durante la campa\u00f1a de 2019 del PP a Ciudadanos. El mismo que hab\u00eda tildado al vicepresidente Aguado de \u201cEl desleal\u201d y a su padre de haberse llevado un contrato de la Comunidad. A la l\u00edder del partido, In\u00e9s Arrimadas, le dedic\u00f3 un tuit machista en el que elogiaba su f\u00edsico y criticaba su habilidad pol\u00edtica. Todos esos mensajes hab\u00edan desaparecido de golpe. Rodr\u00edguez los hab\u00eda borrado la noche anterior. La discusi\u00f3n, tras aquella b\u00fasqueda en el m\u00f3vil, fue en aumento:\u2015\u00a1Esto es intolerable, no puede ser!-, dijo Garrido.\u2015 La presidenta est\u00e1 en su derecho de nombrar a quien quiera como asesor\u2015, terci\u00f3 la consejera popular de Presidencia, Eugenia Carballedo.El resto de consejeros se levant\u00f3 de sus asientos. Pasaron a la antesala donde suelen tomar caf\u00e9 y guardar los abrigos. Ah\u00ed continu\u00f3 el barullo. Aguado y el consejero popular de Interior, Enrique L\u00f3pez, tambi\u00e9n entraron en la discusi\u00f3n. \u201cSe mont\u00f3 un pollo terror\u00edfico\u201d, recuerda ahora un consejero de Ciudadanos. Nunca hubo una gran sinton\u00eda en el primer Gobierno de coalici\u00f3n de la Comunidad, pero aquello fue el fin de la Guerra Fr\u00eda. Fue una se\u00f1al de hostilidad manifiesta.Rodr\u00edguez hab\u00eda dirigido la campa\u00f1a auton\u00f3mica de Ayuso de mayo de 2019 y despu\u00e9s hab\u00eda pasado a un segundo plano. Los consejeros de Ciudadanos sab\u00edan que \u00e9l ten\u00eda l\u00ednea directa con la presidenta. Su entrada en el Gobierno supon\u00eda cruzar una l\u00ednea roja. \u201cDesde el punto de vista de crear un equipo no parec\u00eda la mejor opci\u00f3n\u201d, dice un a\u00f1o despu\u00e9s uno de los testigos. \u201cEs que el jefe de Gabinete se ten\u00eda que relacionar para muchas cosas con el otro lado del Gobierno\u201d.\u201cPara MAR (como es conocido coloquialmente Rodr\u00edguez) no era suficiente el asesoramiento externo\u201d, valora un consejero. \u201cNecesitaba estar dentro de las tripas para alimentar su ego y para ayudar a Ayuso, porque estaba deslavazada y no encontraba la tecla\u201d. Tres semanas antes, Ayuso hab\u00eda causado la indignaci\u00f3n de los madrile\u00f1os con enfermedades respiratorias. Asegur\u00f3 en una entrevista que la contaminaci\u00f3n no mataba a nadie.\u201c\u00a1Esto no puede ser! \u00a1Necesitamos una explicaci\u00f3n! Este t\u00edo nos ha insultado. Es un ataque directo a Ciudadanos\u201d, vocifer\u00f3 un consejero tras el anuncio de la incorporaci\u00f3n de Rodr\u00edguez. Una asesora de la presidenta recibi\u00f3 un mensaje de lo que estaba pasando dentro. Ayuso, que se hab\u00eda marchado del Consejo, como otras veces, volvi\u00f3 entonces al sal\u00f3n con el rostro serio. Era el momento de dar explicaciones a su \u00faltimo movimiento:\u2015 Presidenta, esto es un ataque directo a Ciudadanos\u2015 inquiri\u00f3 inc\u00f3modo de nuevo un consejero de Ciudadanos.\u201c\u00a1Yo no me meto en lo que hac\u00e9is! Esto lo hago porque es parte de mi estrategia de aqu\u00ed a cuatro a\u00f1os y quer\u00eda hacer algo\u201d, respondi\u00f3 Ayuso. \u201cEste nombramiento no tiene nada que ver con vosotros. La estrategia que tengo es clara\u201d. La presidenta les dio a entender que estaba descontenta con su equipo, liderado por el jefe de gabinete Jos\u00e9 Luis Carreras, porque no les daban titulares para confrontar con S\u00e1nchez. Isabel D\u00edaz Ayuso e Ignacio Aguado, durante una sesi\u00f3n plenaria en la Asamblea de Madrid (Espa\u00f1a). Marta Fern\u00e1ndez Jara  \/ Europa PressLa discusi\u00f3n, acalorada seg\u00fan varios de los presentes, se dio por terminada. Aguado y la presidenta se fueron a un lado. Dialogaron durante media hora. Mientras tanto, la rueda de prensa posterior al Consejo de Gobierno se estaba retrasando. Los periodistas, inquietos, comenzaron a sospechar que algo pasaba. La cadena Cope adelant\u00f3 la noticia al filo del mediod\u00eda y comenz\u00f3 a circular por los grupos de WhatsApp que la presidenta hab\u00eda nombrado a Rodr\u00edguez.Los jefes de prensa de ambos gabinetes anunciaron a los periodistas que Aguado y Ayuso ya sal\u00edan. Los dos aparecieron con el rostro muy serio. No hicieron ninguna menci\u00f3n a lo que hab\u00eda sucedido unos minutos antes. Lleg\u00f3 el turno de preguntas. Javier Ba\u00f1uelos, de la cadena Ser, va al grano: \u201cBuenos d\u00edas. Quer\u00eda preguntarle, en primer lugar a la presidenta, si nos puede confirmar que hoy el Consejo de Gobierno ha nombrado a su nuevo jefe de Gabinete, Miguel \u00c1ngel Rodr\u00edguez. Y a Aguado si esperaba este nombramiento y si le preocupa que el nuevo jefe de gabinete le haya dicho que su padre cobr\u00f3 un contrato por la cara. Gracias\u201d.Aguado asiente y hace una mueca tras la \u00faltima pregunta. Ayuso no mira al vicepresidente en ning\u00fan momento. Responde: \u201cBueno, yo creo que en un momento en el que no se cuestionan las declaraciones incendiarias del Gobierno de Espa\u00f1a, donde hay ministros que ponen en jaque al sistema judicial y despu\u00e9s de que el Gobierno, que se ha configurado a espaldas de todos los ciudadanos, yo tenga que pedir opini\u00f3n de un nombramiento es algo il\u00f3gico. Le he nombrado porque para mi agenda y mi trabajo es el mejor\u201d.Aguado, tenso, tom\u00f3 entonces el micr\u00f3fono: \u201cNo entro a valorar la oportunidad de ese nombramiento. Lo que s\u00ed hemos hecho es expresar nuestra disconformidad, aunque lo respetamos\u201d. Silencio.Durante los primeros cinco meses de Gobierno, la presidenta Ayuso se hab\u00eda hecho conocida en toda Espa\u00f1a por declaraciones llamativas que la hab\u00edan convertido en carne de meme. Defendi\u00f3 los atascos o los empleos basura. Ten\u00eda desparpajo, pero a veces met\u00eda la pata, como cuando le toc\u00f3 defender una propuesta suya que levant\u00f3 muchas cejas: que el concebido no nacido fuera considerado como un miembro m\u00e1s de la unidad familiar a efectos de recibir ayudas fiscales. \u201c\u00bfQu\u00e9 pasa en caso de aborto?\u201d, le pregunt\u00f3 un periodista. \u201cNo lo he pensado, no lo tengo claro, yo creo que no\u201d, respondi\u00f3. \u201cLo sopesar\u00e9\u201d.Con la llegada de Rodr\u00edguez, la presidenta cambi\u00f3 su rumbo medi\u00e1tico y su car\u00e1cter. \u201cLas Ayusadas hac\u00edan a la gente descojonarse. No acababa de encontrar el tono. Pero a partir de ese momento se la not\u00f3 algo m\u00e1s segura, menos balbuceante\u201d, dice un consejero. \u201cMAR sabe lo que tiene que hacer. Trumpismo castizo para dividir la sociedad y salir ganador\u201d.Es verdad que Ayuso sigui\u00f3 tropezando tras la llegada de Rodr\u00edguez. \u201cSon preguntas que no se le hacen a un presidente auton\u00f3mico\u201d, le reproch\u00f3 a una periodista de Telemadrid que le hizo una cuesti\u00f3n de primer inter\u00e9s p\u00fablico: \u201c\u00bfDe d\u00f3nde va a sacar los sanitarios del Hospital Zendal teniendo en cuenta la escasez de personal en el sistema de salud madrile\u00f1o?\u201d.Pero con \u00e9l de cerca y al contrario de aquellos primeros cinco meses, Ayuso ahora sabe d\u00f3nde y en qu\u00e9 lugar hay que decir los mensajes. Se dirige a la audiencia de cada televisi\u00f3n, peri\u00f3dico o radio. Mima muy bien a los medios afines. \u201cA partir de MAR\u201d, observa un consejero, \u201csu perfil se hizo m\u00e1s nacional, pero lo m\u00e1s sorprendente fue c\u00f3mo la empezaron a tratar en determinados medios de comunicaci\u00f3n. Puede ser que fuera influencia de MAR, o de sus contactos, pero estaban entregados. No hab\u00eda visto nada semejante, ni con Esperanza Aguirre, ni con Gallard\u00f3n. Pasaban por alto cualquier error\u201d.El pasado 11 de marzo, sobre las 11:30, los consejeros populares y de Ciudadanos recibieron otra sorpresa inesperada en el Consejo de Gobierno. Tras el \u00faltimo punto del d\u00eda, la mayor\u00eda se dispuso a recoger sus b\u00e1rtulos. Pero de repente, Ayuso tom\u00f3 la palabra para sorpresa de todos: \u201cBueno, quiero deciros una cosa\u201d, anunci\u00f3 ante el silencio de los presentes, \u201ccreo que hace falta estabilidad en el Gobierno y voy a convocar elecciones\u201d. La bomba estaba echada. Todos se quedaron estupefactos, pero acordaron seguir trabajando. Y tres horas despu\u00e9s, y sin previo aviso, sac\u00f3 de nuevo el mazo y fulmin\u00f3 a trav\u00e9s de una nota de prensa a todos los consejeros de Ciudadanos.[PERFIL: Miguel \u00c1ngel Rodr\u00edguez, argucias y pol\u00e9micas del principal asesor de Ayuso]Suscr\u00edbete aqu\u00ed a nuestra nueva newsletter sobre Madrid<br \/>\n<br \/>\n<!--noindex--><br \/>\n<a href=\"https:\/\/elpais.com\/espana\/elecciones-madrid\/2021-05-02\/21-de-enero-de-2020-el-dia-que-ayuso-cambio-hago-esto-porque-es-mi-estrategia-de-aqui-a-cuatro-anos.html\" rel=\"nofollow\">Source link <\/a><br \/>\n<!--\/noindex--><\/p>\n","protected":false},"excerpt":{"rendered":"<p>La presidenta de la Comunidad de Madrid, Isabel D\u00edaz Ayuso, finaliza una rueda de prensa en la sede regional, tras el anuncio de elecciones para el pr\u00f3ximo 4 de mayo.EUROPA PRESS\/A.Ortega.POOL \/ Europa PressMiguel \u00c1ngel Rodr\u00edguez Baj\u00f3n cumpl\u00eda 56 a\u00f1os el 21 de enero de 2020, el mismo d\u00eda que Isabel D\u00edaz Ayuso pronunci\u00f3 su [&hellip;]<\/p>\n","protected":false},"author":2,"featured_media":2294,"comment_status":"open","ping_status":"open","sticky":false,"template":"","format":"standard","meta":{"footnotes":""},"categories":[1],"tags":[],"class_list":["post-2293","post","type-post","status-publish","format-standard","has-post-thumbnail","hentry","category-ultimas-noticias-financieras"],"yoast_head":"<!-- This site is optimized with the Yoast SEO plugin v27.4 - https:\/\/yoast.com\/product\/yoast-seo-wordpress\/ -->\n<title>21 de enero de 2020, el d\u00eda que Ayuso cambi\u00f3: \u201cHoy nombro a Miguel \u00c1ngel Rodr\u00edguez\u201d - Hot News in World<\/title>\n<meta name=\"robots\" content=\"index, follow, max-snippet:-1, max-image-preview:large, max-video-preview:-1\" \/>\n<link rel=\"canonical\" href=\"https:\/\/hotnewsinworld.com\/es\/21-de-enero-de-2020-el-dia-que-ayuso-cambio-hoy-nombro-a-miguel-angel-rodriguez\/\" \/>\n<meta property=\"og:locale\" content=\"es_ES\" \/>\n<meta property=\"og:type\" content=\"article\" \/>\n<meta property=\"og:title\" content=\"21 de enero de 2020, el d\u00eda que Ayuso cambi\u00f3: \u201cHoy nombro a Miguel \u00c1ngel Rodr\u00edguez\u201d - Hot News in World\" \/>\n<meta property=\"og:description\" content=\"La presidenta de la Comunidad de Madrid, Isabel D\u00edaz Ayuso, finaliza una rueda de prensa en la sede regional, tras el anuncio de elecciones para el pr\u00f3ximo 4 de mayo.EUROPA PRESS\/A.Ortega.POOL \/ Europa PressMiguel \u00c1ngel Rodr\u00edguez Baj\u00f3n cumpl\u00eda 56 a\u00f1os el 21 de enero de 2020, el mismo d\u00eda que Isabel D\u00edaz Ayuso pronunci\u00f3 su [&hellip;]\" \/>\n<meta property=\"og:url\" content=\"https:\/\/hotnewsinworld.com\/es\/21-de-enero-de-2020-el-dia-que-ayuso-cambio-hoy-nombro-a-miguel-angel-rodriguez\/\" \/>\n<meta property=\"og:site_name\" content=\"Hot News in World\" \/>\n<meta property=\"article:published_time\" content=\"2021-05-02T01:18:03+00:00\" \/>\n<meta property=\"article:modified_time\" content=\"2021-05-02T01:18:21+00:00\" \/>\n<meta property=\"og:image\" content=\"https:\/\/hotnewsinworld.com\/es\/wp-content\/uploads\/sites\/4\/2021\/05\/21-de-enero-de-2020-el-dia-que-Ayuso-cambio-scaled.jpg\" \/>\n\t<meta property=\"og:image:width\" content=\"2560\" \/>\n\t<meta property=\"og:image:height\" content=\"1691\" \/>\n\t<meta property=\"og:image:type\" content=\"image\/jpeg\" \/>\n<meta name=\"author\" content=\"hotnewsinworld\" \/>\n<meta name=\"twitter:card\" content=\"summary_large_image\" \/>\n<meta name=\"twitter:label1\" content=\"Escrito por\" \/>\n\t<meta name=\"twitter:data1\" content=\"hotnewsinworld\" \/>\n\t<meta name=\"twitter:label2\" content=\"Tiempo de lectura\" \/>\n\t<meta name=\"twitter:data2\" content=\"8 minutos\" \/>\n<script type=\"application\/ld+json\" class=\"yoast-schema-graph\">{\"@context\":\"https:\\\/\\\/schema.org\",\"@graph\":[{\"@type\":\"Article\",\"@id\":\"https:\\\/\\\/hotnewsinworld.com\\\/es\\\/21-de-enero-de-2020-el-dia-que-ayuso-cambio-hoy-nombro-a-miguel-angel-rodriguez\\\/#article\",\"isPartOf\":{\"@id\":\"https:\\\/\\\/hotnewsinworld.com\\\/es\\\/21-de-enero-de-2020-el-dia-que-ayuso-cambio-hoy-nombro-a-miguel-angel-rodriguez\\\/\"},\"author\":{\"name\":\"hotnewsinworld\",\"@id\":\"https:\\\/\\\/hotnewsinworld.com\\\/es\\\/#\\\/schema\\\/person\\\/fe61448b21c0d59086e75fcc1f9d8f6b\"},\"headline\":\"21 de enero de 2020, el d\u00eda que Ayuso cambi\u00f3: \u201cHoy nombro a Miguel \u00c1ngel Rodr\u00edguez\u201d\",\"datePublished\":\"2021-05-02T01:18:03+00:00\",\"dateModified\":\"2021-05-02T01:18:21+00:00\",\"mainEntityOfPage\":{\"@id\":\"https:\\\/\\\/hotnewsinworld.com\\\/es\\\/21-de-enero-de-2020-el-dia-que-ayuso-cambio-hoy-nombro-a-miguel-angel-rodriguez\\\/\"},\"wordCount\":1691,\"commentCount\":0,\"image\":{\"@id\":\"https:\\\/\\\/hotnewsinworld.com\\\/es\\\/21-de-enero-de-2020-el-dia-que-ayuso-cambio-hoy-nombro-a-miguel-angel-rodriguez\\\/#primaryimage\"},\"thumbnailUrl\":\"https:\\\/\\\/hotnewsinworld.com\\\/es\\\/wp-content\\\/uploads\\\/sites\\\/4\\\/2021\\\/05\\\/21-de-enero-de-2020-el-dia-que-Ayuso-cambio-scaled.jpg\",\"articleSection\":[\"\u00daLTIMAS NOTICIAS FINANCIERAS\"],\"inLanguage\":\"es\",\"potentialAction\":[{\"@type\":\"CommentAction\",\"name\":\"Comment\",\"target\":[\"https:\\\/\\\/hotnewsinworld.com\\\/es\\\/21-de-enero-de-2020-el-dia-que-ayuso-cambio-hoy-nombro-a-miguel-angel-rodriguez\\\/#respond\"]}]},{\"@type\":\"WebPage\",\"@id\":\"https:\\\/\\\/hotnewsinworld.com\\\/es\\\/21-de-enero-de-2020-el-dia-que-ayuso-cambio-hoy-nombro-a-miguel-angel-rodriguez\\\/\",\"url\":\"https:\\\/\\\/hotnewsinworld.com\\\/es\\\/21-de-enero-de-2020-el-dia-que-ayuso-cambio-hoy-nombro-a-miguel-angel-rodriguez\\\/\",\"name\":\"21 de enero de 2020, el d\u00eda que Ayuso cambi\u00f3: \u201cHoy nombro a Miguel \u00c1ngel Rodr\u00edguez\u201d - Hot News in World\",\"isPartOf\":{\"@id\":\"https:\\\/\\\/hotnewsinworld.com\\\/es\\\/#website\"},\"primaryImageOfPage\":{\"@id\":\"https:\\\/\\\/hotnewsinworld.com\\\/es\\\/21-de-enero-de-2020-el-dia-que-ayuso-cambio-hoy-nombro-a-miguel-angel-rodriguez\\\/#primaryimage\"},\"image\":{\"@id\":\"https:\\\/\\\/hotnewsinworld.com\\\/es\\\/21-de-enero-de-2020-el-dia-que-ayuso-cambio-hoy-nombro-a-miguel-angel-rodriguez\\\/#primaryimage\"},\"thumbnailUrl\":\"https:\\\/\\\/hotnewsinworld.com\\\/es\\\/wp-content\\\/uploads\\\/sites\\\/4\\\/2021\\\/05\\\/21-de-enero-de-2020-el-dia-que-Ayuso-cambio-scaled.jpg\",\"datePublished\":\"2021-05-02T01:18:03+00:00\",\"dateModified\":\"2021-05-02T01:18:21+00:00\",\"author\":{\"@id\":\"https:\\\/\\\/hotnewsinworld.com\\\/es\\\/#\\\/schema\\\/person\\\/fe61448b21c0d59086e75fcc1f9d8f6b\"},\"breadcrumb\":{\"@id\":\"https:\\\/\\\/hotnewsinworld.com\\\/es\\\/21-de-enero-de-2020-el-dia-que-ayuso-cambio-hoy-nombro-a-miguel-angel-rodriguez\\\/#breadcrumb\"},\"inLanguage\":\"es\",\"potentialAction\":[{\"@type\":\"ReadAction\",\"target\":[\"https:\\\/\\\/hotnewsinworld.com\\\/es\\\/21-de-enero-de-2020-el-dia-que-ayuso-cambio-hoy-nombro-a-miguel-angel-rodriguez\\\/\"]}]},{\"@type\":\"ImageObject\",\"inLanguage\":\"es\",\"@id\":\"https:\\\/\\\/hotnewsinworld.com\\\/es\\\/21-de-enero-de-2020-el-dia-que-ayuso-cambio-hoy-nombro-a-miguel-angel-rodriguez\\\/#primaryimage\",\"url\":\"https:\\\/\\\/hotnewsinworld.com\\\/es\\\/wp-content\\\/uploads\\\/sites\\\/4\\\/2021\\\/05\\\/21-de-enero-de-2020-el-dia-que-Ayuso-cambio-scaled.jpg\",\"contentUrl\":\"https:\\\/\\\/hotnewsinworld.com\\\/es\\\/wp-content\\\/uploads\\\/sites\\\/4\\\/2021\\\/05\\\/21-de-enero-de-2020-el-dia-que-Ayuso-cambio-scaled.jpg\",\"width\":2560,\"height\":1691,\"caption\":\"21 de enero de 2020, el d\u00eda que Ayuso cambi\u00f3: \u201cHoy nombro a Miguel \u00c1ngel Rodr\u00edguez\u201d\"},{\"@type\":\"BreadcrumbList\",\"@id\":\"https:\\\/\\\/hotnewsinworld.com\\\/es\\\/21-de-enero-de-2020-el-dia-que-ayuso-cambio-hoy-nombro-a-miguel-angel-rodriguez\\\/#breadcrumb\",\"itemListElement\":[{\"@type\":\"ListItem\",\"position\":1,\"name\":\"\u0413\u043b\u0430\u0432\u043d\u0430\u044f \u0441\u0442\u0440\u0430\u043d\u0438\u0446\u0430\",\"item\":\"https:\\\/\\\/hotnewsinworld.com\\\/es\\\/\"},{\"@type\":\"ListItem\",\"position\":2,\"name\":\"21 de enero de 2020, el d\u00eda que Ayuso cambi\u00f3: \u201cHoy nombro a Miguel \u00c1ngel Rodr\u00edguez\u201d\"}]},{\"@type\":\"WebSite\",\"@id\":\"https:\\\/\\\/hotnewsinworld.com\\\/es\\\/#website\",\"url\":\"https:\\\/\\\/hotnewsinworld.com\\\/es\\\/\",\"name\":\"Hot News in World\",\"description\":\"Hot News in World from Spain\",\"potentialAction\":[{\"@type\":\"SearchAction\",\"target\":{\"@type\":\"EntryPoint\",\"urlTemplate\":\"https:\\\/\\\/hotnewsinworld.com\\\/es\\\/?s={search_term_string}\"},\"query-input\":{\"@type\":\"PropertyValueSpecification\",\"valueRequired\":true,\"valueName\":\"search_term_string\"}}],\"inLanguage\":\"es\"},{\"@type\":\"Person\",\"@id\":\"https:\\\/\\\/hotnewsinworld.com\\\/es\\\/#\\\/schema\\\/person\\\/fe61448b21c0d59086e75fcc1f9d8f6b\",\"name\":\"hotnewsinworld\",\"image\":{\"@type\":\"ImageObject\",\"inLanguage\":\"es\",\"@id\":\"https:\\\/\\\/secure.gravatar.com\\\/avatar\\\/8a09ac165600ce2e1c38fe593c63928eb1e6e7ba5c5a907d67787c41b3d00c14?s=96&d=mm&r=g\",\"url\":\"https:\\\/\\\/secure.gravatar.com\\\/avatar\\\/8a09ac165600ce2e1c38fe593c63928eb1e6e7ba5c5a907d67787c41b3d00c14?s=96&d=mm&r=g\",\"contentUrl\":\"https:\\\/\\\/secure.gravatar.com\\\/avatar\\\/8a09ac165600ce2e1c38fe593c63928eb1e6e7ba5c5a907d67787c41b3d00c14?s=96&d=mm&r=g\",\"caption\":\"hotnewsinworld\"},\"url\":\"https:\\\/\\\/hotnewsinworld.com\\\/es\\\/author\\\/pt\\\/\"}]}<\/script>\n<!-- \/ Yoast SEO plugin. -->","yoast_head_json":{"title":"21 de enero de 2020, el d\u00eda que Ayuso cambi\u00f3: \u201cHoy nombro a Miguel \u00c1ngel Rodr\u00edguez\u201d - Hot News in World","robots":{"index":"index","follow":"follow","max-snippet":"max-snippet:-1","max-image-preview":"max-image-preview:large","max-video-preview":"max-video-preview:-1"},"canonical":"https:\/\/hotnewsinworld.com\/es\/21-de-enero-de-2020-el-dia-que-ayuso-cambio-hoy-nombro-a-miguel-angel-rodriguez\/","og_locale":"es_ES","og_type":"article","og_title":"21 de enero de 2020, el d\u00eda que Ayuso cambi\u00f3: \u201cHoy nombro a Miguel \u00c1ngel Rodr\u00edguez\u201d - Hot News in World","og_description":"La presidenta de la Comunidad de Madrid, Isabel D\u00edaz Ayuso, finaliza una rueda de prensa en la sede regional, tras el anuncio de elecciones para el pr\u00f3ximo 4 de mayo.EUROPA PRESS\/A.Ortega.POOL \/ Europa PressMiguel \u00c1ngel Rodr\u00edguez Baj\u00f3n cumpl\u00eda 56 a\u00f1os el 21 de enero de 2020, el mismo d\u00eda que Isabel D\u00edaz Ayuso pronunci\u00f3 su [&hellip;]","og_url":"https:\/\/hotnewsinworld.com\/es\/21-de-enero-de-2020-el-dia-que-ayuso-cambio-hoy-nombro-a-miguel-angel-rodriguez\/","og_site_name":"Hot News in World","article_published_time":"2021-05-02T01:18:03+00:00","article_modified_time":"2021-05-02T01:18:21+00:00","og_image":[{"width":2560,"height":1691,"url":"https:\/\/hotnewsinworld.com\/es\/wp-content\/uploads\/sites\/4\/2021\/05\/21-de-enero-de-2020-el-dia-que-Ayuso-cambio-scaled.jpg","type":"image\/jpeg"}],"author":"hotnewsinworld","twitter_card":"summary_large_image","twitter_misc":{"Escrito por":"hotnewsinworld","Tiempo de lectura":"8 minutos"},"schema":{"@context":"https:\/\/schema.org","@graph":[{"@type":"Article","@id":"https:\/\/hotnewsinworld.com\/es\/21-de-enero-de-2020-el-dia-que-ayuso-cambio-hoy-nombro-a-miguel-angel-rodriguez\/#article","isPartOf":{"@id":"https:\/\/hotnewsinworld.com\/es\/21-de-enero-de-2020-el-dia-que-ayuso-cambio-hoy-nombro-a-miguel-angel-rodriguez\/"},"author":{"name":"hotnewsinworld","@id":"https:\/\/hotnewsinworld.com\/es\/#\/schema\/person\/fe61448b21c0d59086e75fcc1f9d8f6b"},"headline":"21 de enero de 2020, el d\u00eda que Ayuso cambi\u00f3: \u201cHoy nombro a Miguel \u00c1ngel Rodr\u00edguez\u201d","datePublished":"2021-05-02T01:18:03+00:00","dateModified":"2021-05-02T01:18:21+00:00","mainEntityOfPage":{"@id":"https:\/\/hotnewsinworld.com\/es\/21-de-enero-de-2020-el-dia-que-ayuso-cambio-hoy-nombro-a-miguel-angel-rodriguez\/"},"wordCount":1691,"commentCount":0,"image":{"@id":"https:\/\/hotnewsinworld.com\/es\/21-de-enero-de-2020-el-dia-que-ayuso-cambio-hoy-nombro-a-miguel-angel-rodriguez\/#primaryimage"},"thumbnailUrl":"https:\/\/hotnewsinworld.com\/es\/wp-content\/uploads\/sites\/4\/2021\/05\/21-de-enero-de-2020-el-dia-que-Ayuso-cambio-scaled.jpg","articleSection":["\u00daLTIMAS NOTICIAS FINANCIERAS"],"inLanguage":"es","potentialAction":[{"@type":"CommentAction","name":"Comment","target":["https:\/\/hotnewsinworld.com\/es\/21-de-enero-de-2020-el-dia-que-ayuso-cambio-hoy-nombro-a-miguel-angel-rodriguez\/#respond"]}]},{"@type":"WebPage","@id":"https:\/\/hotnewsinworld.com\/es\/21-de-enero-de-2020-el-dia-que-ayuso-cambio-hoy-nombro-a-miguel-angel-rodriguez\/","url":"https:\/\/hotnewsinworld.com\/es\/21-de-enero-de-2020-el-dia-que-ayuso-cambio-hoy-nombro-a-miguel-angel-rodriguez\/","name":"21 de enero de 2020, el d\u00eda que Ayuso cambi\u00f3: \u201cHoy nombro a Miguel \u00c1ngel Rodr\u00edguez\u201d - Hot News in World","isPartOf":{"@id":"https:\/\/hotnewsinworld.com\/es\/#website"},"primaryImageOfPage":{"@id":"https:\/\/hotnewsinworld.com\/es\/21-de-enero-de-2020-el-dia-que-ayuso-cambio-hoy-nombro-a-miguel-angel-rodriguez\/#primaryimage"},"image":{"@id":"https:\/\/hotnewsinworld.com\/es\/21-de-enero-de-2020-el-dia-que-ayuso-cambio-hoy-nombro-a-miguel-angel-rodriguez\/#primaryimage"},"thumbnailUrl":"https:\/\/hotnewsinworld.com\/es\/wp-content\/uploads\/sites\/4\/2021\/05\/21-de-enero-de-2020-el-dia-que-Ayuso-cambio-scaled.jpg","datePublished":"2021-05-02T01:18:03+00:00","dateModified":"2021-05-02T01:18:21+00:00","author":{"@id":"https:\/\/hotnewsinworld.com\/es\/#\/schema\/person\/fe61448b21c0d59086e75fcc1f9d8f6b"},"breadcrumb":{"@id":"https:\/\/hotnewsinworld.com\/es\/21-de-enero-de-2020-el-dia-que-ayuso-cambio-hoy-nombro-a-miguel-angel-rodriguez\/#breadcrumb"},"inLanguage":"es","potentialAction":[{"@type":"ReadAction","target":["https:\/\/hotnewsinworld.com\/es\/21-de-enero-de-2020-el-dia-que-ayuso-cambio-hoy-nombro-a-miguel-angel-rodriguez\/"]}]},{"@type":"ImageObject","inLanguage":"es","@id":"https:\/\/hotnewsinworld.com\/es\/21-de-enero-de-2020-el-dia-que-ayuso-cambio-hoy-nombro-a-miguel-angel-rodriguez\/#primaryimage","url":"https:\/\/hotnewsinworld.com\/es\/wp-content\/uploads\/sites\/4\/2021\/05\/21-de-enero-de-2020-el-dia-que-Ayuso-cambio-scaled.jpg","contentUrl":"https:\/\/hotnewsinworld.com\/es\/wp-content\/uploads\/sites\/4\/2021\/05\/21-de-enero-de-2020-el-dia-que-Ayuso-cambio-scaled.jpg","width":2560,"height":1691,"caption":"21 de enero de 2020, el d\u00eda que Ayuso cambi\u00f3: \u201cHoy nombro a Miguel \u00c1ngel Rodr\u00edguez\u201d"},{"@type":"BreadcrumbList","@id":"https:\/\/hotnewsinworld.com\/es\/21-de-enero-de-2020-el-dia-que-ayuso-cambio-hoy-nombro-a-miguel-angel-rodriguez\/#breadcrumb","itemListElement":[{"@type":"ListItem","position":1,"name":"\u0413\u043b\u0430\u0432\u043d\u0430\u044f \u0441\u0442\u0440\u0430\u043d\u0438\u0446\u0430","item":"https:\/\/hotnewsinworld.com\/es\/"},{"@type":"ListItem","position":2,"name":"21 de enero de 2020, el d\u00eda que Ayuso cambi\u00f3: \u201cHoy nombro a Miguel \u00c1ngel Rodr\u00edguez\u201d"}]},{"@type":"WebSite","@id":"https:\/\/hotnewsinworld.com\/es\/#website","url":"https:\/\/hotnewsinworld.com\/es\/","name":"Hot News in World","description":"Hot News in World from Spain","potentialAction":[{"@type":"SearchAction","target":{"@type":"EntryPoint","urlTemplate":"https:\/\/hotnewsinworld.com\/es\/?s={search_term_string}"},"query-input":{"@type":"PropertyValueSpecification","valueRequired":true,"valueName":"search_term_string"}}],"inLanguage":"es"},{"@type":"Person","@id":"https:\/\/hotnewsinworld.com\/es\/#\/schema\/person\/fe61448b21c0d59086e75fcc1f9d8f6b","name":"hotnewsinworld","image":{"@type":"ImageObject","inLanguage":"es","@id":"https:\/\/secure.gravatar.com\/avatar\/8a09ac165600ce2e1c38fe593c63928eb1e6e7ba5c5a907d67787c41b3d00c14?s=96&d=mm&r=g","url":"https:\/\/secure.gravatar.com\/avatar\/8a09ac165600ce2e1c38fe593c63928eb1e6e7ba5c5a907d67787c41b3d00c14?s=96&d=mm&r=g","contentUrl":"https:\/\/secure.gravatar.com\/avatar\/8a09ac165600ce2e1c38fe593c63928eb1e6e7ba5c5a907d67787c41b3d00c14?s=96&d=mm&r=g","caption":"hotnewsinworld"},"url":"https:\/\/hotnewsinworld.com\/es\/author\/pt\/"}]}},"_links":{"self":[{"href":"https:\/\/hotnewsinworld.com\/es\/wp-json\/wp\/v2\/posts\/2293","targetHints":{"allow":["GET"]}}],"collection":[{"href":"https:\/\/hotnewsinworld.com\/es\/wp-json\/wp\/v2\/posts"}],"about":[{"href":"https:\/\/hotnewsinworld.com\/es\/wp-json\/wp\/v2\/types\/post"}],"author":[{"embeddable":true,"href":"https:\/\/hotnewsinworld.com\/es\/wp-json\/wp\/v2\/users\/2"}],"replies":[{"embeddable":true,"href":"https:\/\/hotnewsinworld.com\/es\/wp-json\/wp\/v2\/comments?post=2293"}],"version-history":[{"count":1,"href":"https:\/\/hotnewsinworld.com\/es\/wp-json\/wp\/v2\/posts\/2293\/revisions"}],"predecessor-version":[{"id":2295,"href":"https:\/\/hotnewsinworld.com\/es\/wp-json\/wp\/v2\/posts\/2293\/revisions\/2295"}],"wp:featuredmedia":[{"embeddable":true,"href":"https:\/\/hotnewsinworld.com\/es\/wp-json\/wp\/v2\/media\/2294"}],"wp:attachment":[{"href":"https:\/\/hotnewsinworld.com\/es\/wp-json\/wp\/v2\/media?parent=2293"}],"wp:term":[{"taxonomy":"category","embeddable":true,"href":"https:\/\/hotnewsinworld.com\/es\/wp-json\/wp\/v2\/categories?post=2293"},{"taxonomy":"post_tag","embeddable":true,"href":"https:\/\/hotnewsinworld.com\/es\/wp-json\/wp\/v2\/tags?post=2293"}],"curies":[{"name":"wp","href":"https:\/\/api.w.org\/{rel}","templated":true}]}}