{"id":2305,"date":"2021-05-03T04:29:05","date_gmt":"2021-05-03T01:29:05","guid":{"rendered":"https:\/\/hotnewsinworld.com\/es\/el-salto-forzoso-de-los-canteranos-en-el-real-madrid\/"},"modified":"2021-05-03T04:29:14","modified_gmt":"2021-05-03T01:29:14","slug":"el-salto-forzoso-de-los-canteranos-en-el-real-madrid","status":"publish","type":"post","link":"https:\/\/hotnewsinworld.com\/es\/el-salto-forzoso-de-los-canteranos-en-el-real-madrid\/","title":{"rendered":"El salto forzoso de los canteranos en el Real Madrid"},"content":{"rendered":"<p>Antonio Blanco pugna un bal\u00f3n con el osasunista Rub\u00e9n Garc\u00edaChema Moya \/ EFELa temporada pasada Zinedine Zidane no utiliz\u00f3 a ning\u00fan jugador del filial ni un solo segundo en ninguna competici\u00f3n, algo que no ocurr\u00eda en el Real Madrid desde la 2007\/08 con Bernd Schuster en el banquillo. Este curso, sin embargo, ya ha dado carrete a seis jugadores del Castilla, especialmente en este tramo final. En las dos \u00faltimas semanas, ante Getafe y Osasuna, partidos con muchas urgencias para la Liga, los acab\u00f3 con tres futbolistas del filial en el c\u00e9sped. No hay se\u00f1ales aparentes, sin embargo, de que la pol\u00edtica de fondo del t\u00e9cnico franc\u00e9s haya dado un giro radical en este apartado. M\u00e1s bien, han sido las lesiones (por encima del medio centenar), el covid y el extenuante calendario las razones que han aupado en la inmensa mayor\u00eda de los casos a los j\u00f3venes al primer equipo en este momento tan delicado.M\u00e1s informaci\u00f3nA finales de febrero, cuando los blancos viajaron a B\u00e9rgamo con nueve bajas para disputar la ida de los octavos de la Champions frente al Atalanta, a Zizou le preguntaron por las posibilidades de que un canterano pudiera asentarse en el vestuario grande de Valdebebas saltando directamente desde el Castilla. La reflexi\u00f3n evidenci\u00f3 sus dudas al respecto. \u201cPara eso tiene que jugar y es dif\u00edcil. Por eso, muchos se van fuera. Lo hacen bien y pueden volver. Tenemos muchos casos. Lo importante es que un d\u00eda jueguen en Primera y para ello se preparan. Estar en la cantera y jugar enseguida en el Madrid es m\u00e1s complicado. Pero bueno, puede pasar\u201d, coment\u00f3 entonces.Zidane entren\u00f3 una campa\u00f1a y media al Castilla, entre 2014 y 2016, periodo en el que dirigi\u00f3, entre otros, a Odegaard, Marcos Llorente, Ra\u00fal de Tom\u00e1s, Mayoral y Mariano. Esta etapa de tutelaje, no obstante, no dej\u00f3 en \u00e9l un \u00e1nimo especial para dar ese salto al vac\u00edo que siempre supone lanzar a un novel al ruedo. No lo ha hecho hasta ahora, al menos. El curso anterior, sin tantos problemas f\u00edsicos y con una agenda m\u00e1s manejable dentro del trastorno de la pandemia, no se le vio el pelo a ning\u00fan joven. Pero en este, primero por las lesiones y ahora tambi\u00e9n por la acumulaci\u00f3n de partidos, fatiga y coronavirus, las necesidades han sido otras.Campeones de la Youth LeagueMarvin Park (20 a\u00f1os), Sergio Arribas (19), V\u00edctor Chust (21), Antonio Blanco (20), Miguel Guti\u00e9rrez (19) y Hugo Duro (21) han sido los elegidos hasta ahora. Salvo el \u00faltimo, cedido por el Getafe el pasado verano (tuvo minutos con Bordal\u00e1s las tres campa\u00f1as anteriores), el resto pertenece a la camada que el verano anterior gan\u00f3 la Youth League, la Champions de las canteras, con Ra\u00fal al frente.El baj\u00f3n de Isco y la salida de Odegaard abren m\u00e1s la puerta a Blanco y ArribasYa en el debut liguero en Anoeta aparecieron Marvin y Arribas para tratar de romper el empate (0-0), un remedio que sorprendi\u00f3 porque en la banda estaban Jovic y Mayoral y que son\u00f3 m\u00e1s a mensaje interno, con el mercado de fichajes a\u00fan abierto, que a apuesta decidida por ambos. Con todo, fueron los primeros castillistas con el primer equipo de Zidane desde que el hijo portero de este, Luca, disputara en mayo de 2018 un encuentro intrascendente contra el Villarreal antes de la final de Kiev.Salvo una breve participaci\u00f3n de Arribas contra el Gladbach en diciembre, ya no hubo m\u00e1s rastro de canteranos hasta finales de enero, cuando la cifra de lesionados empez\u00f3 a multiplicarse. A partir de entonces, Marvin sali\u00f3 de inicio de carrilero frente al Getafe debido a la ausencia de defensas. Hugo Duro tuvo minutos desde el banquillo en los tres choques seguidos (Atalanta, Valladolid y Real Sociedad) que Benzema falt\u00f3 por lesi\u00f3n. El central Chust fue la alternativa en el habitual descanso a los titulares de la primera ronda copera que luego acab\u00f3 en siniestro y hace dos semanas cuando ya no hab\u00eda m\u00e1s opciones en la visita al Coliseum. Y Miguel Guti\u00e9rrez ha tenido dos escuetas intervenciones en el Carranza y el s\u00e1bado contra Osasuna.Nacido en el Nuevo CalvarioLos que m\u00e1s huella han dejado son Arribas y Blanco, que junto a Miguel son los tres mejor colocados ahora entre los debutantes. Los dos primeros, medios, se han visto beneficiados de la cesi\u00f3n de Odegaard, la mala salud de Valverde, la necesidad de reposo para Modric y Kroos, y el desplome de Isco, que en las \u00faltimas semanas se ha visto a rebufo de Blanco.Marvin Park fue el primer jugador del Castilla titular con Zizou desde 2018El joven andaluz es quien acapara en esta recta final todas las miradas por su sobriedad en el juego posicional junto a Casemiro. Ante los navarros, fue el segundo que m\u00e1s pases buenos dio (74) y m\u00e1s balones recuper\u00f3 (8) tras el brasile\u00f1o (76 y 12), y el que m\u00e1s anticipaciones se apunt\u00f3 (dos). En muchas jugadas, \u00e9l se quedaba para contener y era Casemiro, autor del 2-0 frente a Osasuna, quien se descolgaba.Hijo de un matrimonio dedicado a la venta ambulante de legumbres en un peque\u00f1o y pr\u00f3spero municipio cordob\u00e9s (Montalb\u00e1n, 4.500 habitantes) dedicado al cultivo del ajo, el mel\u00f3n y el olivar, lleg\u00f3 a Valdebebas en 2013. Es el peque\u00f1o de dos hermanos y, seg\u00fan cuentan desde su entorno m\u00e1s cercano, su padre ve\u00eda al principio al mayor, Juan (26 a\u00f1os, capit\u00e1n del Montalbe\u00f1o), \u201ccon m\u00e1s calidad\u201d.A Antonio lo sonde\u00f3 tambi\u00e9n el Barcelona, el equipo de las simpat\u00edas familiares, cautivados todos por los a\u00f1os de oro de Guardiola, pero la mayor cercan\u00eda de la capital y las instalaciones le hicieron decantarse por el merengue. Se estren\u00f3 de ni\u00f1o en el estadio Nuevo Calvario de su pueblo, un nombre nada premonitorio hasta este momento en su carrera (fue campe\u00f3n de Europa sub 19 con Espa\u00f1a), y los que le vieron jugar desde prebenjam\u00edn siguen reconociendo sobre el c\u00e9sped del Di St\u00e9fano al mismo chaval que rara vez se deja ver nervioso. En el \u00faltimo mes, es la gran novedad en este Madrid de Zidane al que no le qued\u00f3 m\u00e1s remedio que mirar hacia abajo.Sergio Arribas, en el Real Sociedad-Real Madrid.Quality Sport Images \/ Getty ImagesLos debutantes de La F\u00e1bricaAntonio Blanco. 20 a\u00f1os, medio. 218 minutos en cuatro partidos (dos titular).Sergio Arribas. 19 a\u00f1os, medio. 127 minutos en 10 choques (cero titularidades).Marvin Park. 20 a\u00f1os, extremo diestro. 87 minutos en tres encuentros (uno titular).V\u00edctor Chust. 21 a\u00f1os, central. 214 minutos en tres duelos (dos titularidades).Miguel Guti\u00e9rrez. 19 a\u00f1os, lateral izquierdo. 42 minutos en dos partidos (cero titularidades).Hugo Duro. 21 a\u00f1os, delantero. 67 minutos en tres encuentros (ninguna titularidad).Puedes seguir a DEPORTES en Facebook y <a rel=\"nofollow noopener noreferrer\" target=\"_blank\" href=\"https:\/\/twitter.com\/elpais_deportes\">Twitter<\/a>, o apuntarte aqu\u00ed para recibir nuestra newsletter semanal.<script async src=\"https:\/\/platform.twitter.com\/widgets.js\" charset=\"utf-8\"><\/script><br \/>\n<br \/>\n<!--noindex--><br \/>\n<a href=\"https:\/\/elpais.com\/deportes\/2021-05-02\/el-salto-forzoso-de-los-canteranos-en-el-real-madrid.html\" rel=\"nofollow\">Source link <\/a><br \/>\n<!--\/noindex--><\/p>\n","protected":false},"excerpt":{"rendered":"<p>Antonio Blanco pugna un bal\u00f3n con el osasunista Rub\u00e9n Garc\u00edaChema Moya \/ EFELa temporada pasada Zinedine Zidane no utiliz\u00f3 a ning\u00fan jugador del filial ni un solo segundo en ninguna competici\u00f3n, algo que no ocurr\u00eda en el Real Madrid desde la 2007\/08 con Bernd Schuster en el banquillo. Este curso, sin embargo, ya ha dado [&hellip;]<\/p>\n","protected":false},"author":2,"featured_media":2306,"comment_status":"open","ping_status":"open","sticky":false,"template":"","format":"standard","meta":{"footnotes":""},"categories":[1],"tags":[],"class_list":["post-2305","post","type-post","status-publish","format-standard","has-post-thumbnail","hentry","category-ultimas-noticias-financieras"],"yoast_head":"<!-- This site is optimized with the Yoast SEO plugin v27.4 - https:\/\/yoast.com\/product\/yoast-seo-wordpress\/ -->\n<title>El salto forzoso de los canteranos en el Real Madrid - Hot News in World<\/title>\n<meta name=\"robots\" content=\"index, follow, max-snippet:-1, max-image-preview:large, max-video-preview:-1\" \/>\n<link rel=\"canonical\" href=\"https:\/\/hotnewsinworld.com\/es\/el-salto-forzoso-de-los-canteranos-en-el-real-madrid\/\" \/>\n<meta property=\"og:locale\" content=\"es_ES\" \/>\n<meta property=\"og:type\" content=\"article\" \/>\n<meta property=\"og:title\" content=\"El salto forzoso de los canteranos en el Real Madrid - Hot News in World\" \/>\n<meta property=\"og:description\" content=\"Antonio Blanco pugna un bal\u00f3n con el osasunista Rub\u00e9n Garc\u00edaChema Moya \/ EFELa temporada pasada Zinedine Zidane no utiliz\u00f3 a ning\u00fan jugador del filial ni un solo segundo en ninguna competici\u00f3n, algo que no ocurr\u00eda en el Real Madrid desde la 2007\/08 con Bernd Schuster en el banquillo. Este curso, sin embargo, ya ha dado [&hellip;]\" \/>\n<meta property=\"og:url\" content=\"https:\/\/hotnewsinworld.com\/es\/el-salto-forzoso-de-los-canteranos-en-el-real-madrid\/\" \/>\n<meta property=\"og:site_name\" content=\"Hot News in World\" \/>\n<meta property=\"article:published_time\" content=\"2021-05-03T01:29:05+00:00\" \/>\n<meta property=\"article:modified_time\" content=\"2021-05-03T01:29:14+00:00\" \/>\n<meta property=\"og:image\" content=\"https:\/\/hotnewsinworld.com\/es\/wp-content\/uploads\/sites\/4\/2021\/05\/El-salto-forzoso-de-los-canteranos-en-el-Real-Madrid-scaled.jpg\" \/>\n\t<meta property=\"og:image:width\" content=\"2560\" \/>\n\t<meta property=\"og:image:height\" content=\"1733\" \/>\n\t<meta property=\"og:image:type\" content=\"image\/jpeg\" \/>\n<meta name=\"author\" content=\"hotnewsinworld\" \/>\n<meta name=\"twitter:card\" content=\"summary_large_image\" \/>\n<meta name=\"twitter:label1\" content=\"Escrito por\" \/>\n\t<meta name=\"twitter:data1\" content=\"hotnewsinworld\" \/>\n\t<meta name=\"twitter:label2\" content=\"Tiempo de lectura\" \/>\n\t<meta name=\"twitter:data2\" content=\"6 minutos\" \/>\n<script type=\"application\/ld+json\" class=\"yoast-schema-graph\">{\"@context\":\"https:\\\/\\\/schema.org\",\"@graph\":[{\"@type\":\"Article\",\"@id\":\"https:\\\/\\\/hotnewsinworld.com\\\/es\\\/el-salto-forzoso-de-los-canteranos-en-el-real-madrid\\\/#article\",\"isPartOf\":{\"@id\":\"https:\\\/\\\/hotnewsinworld.com\\\/es\\\/el-salto-forzoso-de-los-canteranos-en-el-real-madrid\\\/\"},\"author\":{\"name\":\"hotnewsinworld\",\"@id\":\"https:\\\/\\\/hotnewsinworld.com\\\/es\\\/#\\\/schema\\\/person\\\/fe61448b21c0d59086e75fcc1f9d8f6b\"},\"headline\":\"El salto forzoso de los canteranos en el Real Madrid\",\"datePublished\":\"2021-05-03T01:29:05+00:00\",\"dateModified\":\"2021-05-03T01:29:14+00:00\",\"mainEntityOfPage\":{\"@id\":\"https:\\\/\\\/hotnewsinworld.com\\\/es\\\/el-salto-forzoso-de-los-canteranos-en-el-real-madrid\\\/\"},\"wordCount\":1195,\"commentCount\":0,\"image\":{\"@id\":\"https:\\\/\\\/hotnewsinworld.com\\\/es\\\/el-salto-forzoso-de-los-canteranos-en-el-real-madrid\\\/#primaryimage\"},\"thumbnailUrl\":\"https:\\\/\\\/hotnewsinworld.com\\\/es\\\/wp-content\\\/uploads\\\/sites\\\/4\\\/2021\\\/05\\\/El-salto-forzoso-de-los-canteranos-en-el-Real-Madrid-scaled.jpg\",\"articleSection\":[\"\u00daLTIMAS NOTICIAS FINANCIERAS\"],\"inLanguage\":\"es\",\"potentialAction\":[{\"@type\":\"CommentAction\",\"name\":\"Comment\",\"target\":[\"https:\\\/\\\/hotnewsinworld.com\\\/es\\\/el-salto-forzoso-de-los-canteranos-en-el-real-madrid\\\/#respond\"]}]},{\"@type\":\"WebPage\",\"@id\":\"https:\\\/\\\/hotnewsinworld.com\\\/es\\\/el-salto-forzoso-de-los-canteranos-en-el-real-madrid\\\/\",\"url\":\"https:\\\/\\\/hotnewsinworld.com\\\/es\\\/el-salto-forzoso-de-los-canteranos-en-el-real-madrid\\\/\",\"name\":\"El salto forzoso de los canteranos en el Real Madrid - Hot News in World\",\"isPartOf\":{\"@id\":\"https:\\\/\\\/hotnewsinworld.com\\\/es\\\/#website\"},\"primaryImageOfPage\":{\"@id\":\"https:\\\/\\\/hotnewsinworld.com\\\/es\\\/el-salto-forzoso-de-los-canteranos-en-el-real-madrid\\\/#primaryimage\"},\"image\":{\"@id\":\"https:\\\/\\\/hotnewsinworld.com\\\/es\\\/el-salto-forzoso-de-los-canteranos-en-el-real-madrid\\\/#primaryimage\"},\"thumbnailUrl\":\"https:\\\/\\\/hotnewsinworld.com\\\/es\\\/wp-content\\\/uploads\\\/sites\\\/4\\\/2021\\\/05\\\/El-salto-forzoso-de-los-canteranos-en-el-Real-Madrid-scaled.jpg\",\"datePublished\":\"2021-05-03T01:29:05+00:00\",\"dateModified\":\"2021-05-03T01:29:14+00:00\",\"author\":{\"@id\":\"https:\\\/\\\/hotnewsinworld.com\\\/es\\\/#\\\/schema\\\/person\\\/fe61448b21c0d59086e75fcc1f9d8f6b\"},\"breadcrumb\":{\"@id\":\"https:\\\/\\\/hotnewsinworld.com\\\/es\\\/el-salto-forzoso-de-los-canteranos-en-el-real-madrid\\\/#breadcrumb\"},\"inLanguage\":\"es\",\"potentialAction\":[{\"@type\":\"ReadAction\",\"target\":[\"https:\\\/\\\/hotnewsinworld.com\\\/es\\\/el-salto-forzoso-de-los-canteranos-en-el-real-madrid\\\/\"]}]},{\"@type\":\"ImageObject\",\"inLanguage\":\"es\",\"@id\":\"https:\\\/\\\/hotnewsinworld.com\\\/es\\\/el-salto-forzoso-de-los-canteranos-en-el-real-madrid\\\/#primaryimage\",\"url\":\"https:\\\/\\\/hotnewsinworld.com\\\/es\\\/wp-content\\\/uploads\\\/sites\\\/4\\\/2021\\\/05\\\/El-salto-forzoso-de-los-canteranos-en-el-Real-Madrid-scaled.jpg\",\"contentUrl\":\"https:\\\/\\\/hotnewsinworld.com\\\/es\\\/wp-content\\\/uploads\\\/sites\\\/4\\\/2021\\\/05\\\/El-salto-forzoso-de-los-canteranos-en-el-Real-Madrid-scaled.jpg\",\"width\":2560,\"height\":1733,\"caption\":\"El salto forzoso de los canteranos en el Real Madrid\"},{\"@type\":\"BreadcrumbList\",\"@id\":\"https:\\\/\\\/hotnewsinworld.com\\\/es\\\/el-salto-forzoso-de-los-canteranos-en-el-real-madrid\\\/#breadcrumb\",\"itemListElement\":[{\"@type\":\"ListItem\",\"position\":1,\"name\":\"\u0413\u043b\u0430\u0432\u043d\u0430\u044f \u0441\u0442\u0440\u0430\u043d\u0438\u0446\u0430\",\"item\":\"https:\\\/\\\/hotnewsinworld.com\\\/es\\\/\"},{\"@type\":\"ListItem\",\"position\":2,\"name\":\"El salto forzoso de los canteranos en el Real Madrid\"}]},{\"@type\":\"WebSite\",\"@id\":\"https:\\\/\\\/hotnewsinworld.com\\\/es\\\/#website\",\"url\":\"https:\\\/\\\/hotnewsinworld.com\\\/es\\\/\",\"name\":\"Hot News in World\",\"description\":\"Hot News in World from Spain\",\"potentialAction\":[{\"@type\":\"SearchAction\",\"target\":{\"@type\":\"EntryPoint\",\"urlTemplate\":\"https:\\\/\\\/hotnewsinworld.com\\\/es\\\/?s={search_term_string}\"},\"query-input\":{\"@type\":\"PropertyValueSpecification\",\"valueRequired\":true,\"valueName\":\"search_term_string\"}}],\"inLanguage\":\"es\"},{\"@type\":\"Person\",\"@id\":\"https:\\\/\\\/hotnewsinworld.com\\\/es\\\/#\\\/schema\\\/person\\\/fe61448b21c0d59086e75fcc1f9d8f6b\",\"name\":\"hotnewsinworld\",\"image\":{\"@type\":\"ImageObject\",\"inLanguage\":\"es\",\"@id\":\"https:\\\/\\\/secure.gravatar.com\\\/avatar\\\/8a09ac165600ce2e1c38fe593c63928eb1e6e7ba5c5a907d67787c41b3d00c14?s=96&d=mm&r=g\",\"url\":\"https:\\\/\\\/secure.gravatar.com\\\/avatar\\\/8a09ac165600ce2e1c38fe593c63928eb1e6e7ba5c5a907d67787c41b3d00c14?s=96&d=mm&r=g\",\"contentUrl\":\"https:\\\/\\\/secure.gravatar.com\\\/avatar\\\/8a09ac165600ce2e1c38fe593c63928eb1e6e7ba5c5a907d67787c41b3d00c14?s=96&d=mm&r=g\",\"caption\":\"hotnewsinworld\"},\"url\":\"https:\\\/\\\/hotnewsinworld.com\\\/es\\\/author\\\/pt\\\/\"}]}<\/script>\n<!-- \/ Yoast SEO plugin. -->","yoast_head_json":{"title":"El salto forzoso de los canteranos en el Real Madrid - Hot News in World","robots":{"index":"index","follow":"follow","max-snippet":"max-snippet:-1","max-image-preview":"max-image-preview:large","max-video-preview":"max-video-preview:-1"},"canonical":"https:\/\/hotnewsinworld.com\/es\/el-salto-forzoso-de-los-canteranos-en-el-real-madrid\/","og_locale":"es_ES","og_type":"article","og_title":"El salto forzoso de los canteranos en el Real Madrid - Hot News in World","og_description":"Antonio Blanco pugna un bal\u00f3n con el osasunista Rub\u00e9n Garc\u00edaChema Moya \/ EFELa temporada pasada Zinedine Zidane no utiliz\u00f3 a ning\u00fan jugador del filial ni un solo segundo en ninguna competici\u00f3n, algo que no ocurr\u00eda en el Real Madrid desde la 2007\/08 con Bernd Schuster en el banquillo. Este curso, sin embargo, ya ha dado [&hellip;]","og_url":"https:\/\/hotnewsinworld.com\/es\/el-salto-forzoso-de-los-canteranos-en-el-real-madrid\/","og_site_name":"Hot News in World","article_published_time":"2021-05-03T01:29:05+00:00","article_modified_time":"2021-05-03T01:29:14+00:00","og_image":[{"width":2560,"height":1733,"url":"https:\/\/hotnewsinworld.com\/es\/wp-content\/uploads\/sites\/4\/2021\/05\/El-salto-forzoso-de-los-canteranos-en-el-Real-Madrid-scaled.jpg","type":"image\/jpeg"}],"author":"hotnewsinworld","twitter_card":"summary_large_image","twitter_misc":{"Escrito por":"hotnewsinworld","Tiempo de lectura":"6 minutos"},"schema":{"@context":"https:\/\/schema.org","@graph":[{"@type":"Article","@id":"https:\/\/hotnewsinworld.com\/es\/el-salto-forzoso-de-los-canteranos-en-el-real-madrid\/#article","isPartOf":{"@id":"https:\/\/hotnewsinworld.com\/es\/el-salto-forzoso-de-los-canteranos-en-el-real-madrid\/"},"author":{"name":"hotnewsinworld","@id":"https:\/\/hotnewsinworld.com\/es\/#\/schema\/person\/fe61448b21c0d59086e75fcc1f9d8f6b"},"headline":"El salto forzoso de los canteranos en el Real Madrid","datePublished":"2021-05-03T01:29:05+00:00","dateModified":"2021-05-03T01:29:14+00:00","mainEntityOfPage":{"@id":"https:\/\/hotnewsinworld.com\/es\/el-salto-forzoso-de-los-canteranos-en-el-real-madrid\/"},"wordCount":1195,"commentCount":0,"image":{"@id":"https:\/\/hotnewsinworld.com\/es\/el-salto-forzoso-de-los-canteranos-en-el-real-madrid\/#primaryimage"},"thumbnailUrl":"https:\/\/hotnewsinworld.com\/es\/wp-content\/uploads\/sites\/4\/2021\/05\/El-salto-forzoso-de-los-canteranos-en-el-Real-Madrid-scaled.jpg","articleSection":["\u00daLTIMAS NOTICIAS FINANCIERAS"],"inLanguage":"es","potentialAction":[{"@type":"CommentAction","name":"Comment","target":["https:\/\/hotnewsinworld.com\/es\/el-salto-forzoso-de-los-canteranos-en-el-real-madrid\/#respond"]}]},{"@type":"WebPage","@id":"https:\/\/hotnewsinworld.com\/es\/el-salto-forzoso-de-los-canteranos-en-el-real-madrid\/","url":"https:\/\/hotnewsinworld.com\/es\/el-salto-forzoso-de-los-canteranos-en-el-real-madrid\/","name":"El salto forzoso de los canteranos en el Real Madrid - Hot News in World","isPartOf":{"@id":"https:\/\/hotnewsinworld.com\/es\/#website"},"primaryImageOfPage":{"@id":"https:\/\/hotnewsinworld.com\/es\/el-salto-forzoso-de-los-canteranos-en-el-real-madrid\/#primaryimage"},"image":{"@id":"https:\/\/hotnewsinworld.com\/es\/el-salto-forzoso-de-los-canteranos-en-el-real-madrid\/#primaryimage"},"thumbnailUrl":"https:\/\/hotnewsinworld.com\/es\/wp-content\/uploads\/sites\/4\/2021\/05\/El-salto-forzoso-de-los-canteranos-en-el-Real-Madrid-scaled.jpg","datePublished":"2021-05-03T01:29:05+00:00","dateModified":"2021-05-03T01:29:14+00:00","author":{"@id":"https:\/\/hotnewsinworld.com\/es\/#\/schema\/person\/fe61448b21c0d59086e75fcc1f9d8f6b"},"breadcrumb":{"@id":"https:\/\/hotnewsinworld.com\/es\/el-salto-forzoso-de-los-canteranos-en-el-real-madrid\/#breadcrumb"},"inLanguage":"es","potentialAction":[{"@type":"ReadAction","target":["https:\/\/hotnewsinworld.com\/es\/el-salto-forzoso-de-los-canteranos-en-el-real-madrid\/"]}]},{"@type":"ImageObject","inLanguage":"es","@id":"https:\/\/hotnewsinworld.com\/es\/el-salto-forzoso-de-los-canteranos-en-el-real-madrid\/#primaryimage","url":"https:\/\/hotnewsinworld.com\/es\/wp-content\/uploads\/sites\/4\/2021\/05\/El-salto-forzoso-de-los-canteranos-en-el-Real-Madrid-scaled.jpg","contentUrl":"https:\/\/hotnewsinworld.com\/es\/wp-content\/uploads\/sites\/4\/2021\/05\/El-salto-forzoso-de-los-canteranos-en-el-Real-Madrid-scaled.jpg","width":2560,"height":1733,"caption":"El salto forzoso de los canteranos en el Real Madrid"},{"@type":"BreadcrumbList","@id":"https:\/\/hotnewsinworld.com\/es\/el-salto-forzoso-de-los-canteranos-en-el-real-madrid\/#breadcrumb","itemListElement":[{"@type":"ListItem","position":1,"name":"\u0413\u043b\u0430\u0432\u043d\u0430\u044f \u0441\u0442\u0440\u0430\u043d\u0438\u0446\u0430","item":"https:\/\/hotnewsinworld.com\/es\/"},{"@type":"ListItem","position":2,"name":"El salto forzoso de los canteranos en el Real Madrid"}]},{"@type":"WebSite","@id":"https:\/\/hotnewsinworld.com\/es\/#website","url":"https:\/\/hotnewsinworld.com\/es\/","name":"Hot News in World","description":"Hot News in World from Spain","potentialAction":[{"@type":"SearchAction","target":{"@type":"EntryPoint","urlTemplate":"https:\/\/hotnewsinworld.com\/es\/?s={search_term_string}"},"query-input":{"@type":"PropertyValueSpecification","valueRequired":true,"valueName":"search_term_string"}}],"inLanguage":"es"},{"@type":"Person","@id":"https:\/\/hotnewsinworld.com\/es\/#\/schema\/person\/fe61448b21c0d59086e75fcc1f9d8f6b","name":"hotnewsinworld","image":{"@type":"ImageObject","inLanguage":"es","@id":"https:\/\/secure.gravatar.com\/avatar\/8a09ac165600ce2e1c38fe593c63928eb1e6e7ba5c5a907d67787c41b3d00c14?s=96&d=mm&r=g","url":"https:\/\/secure.gravatar.com\/avatar\/8a09ac165600ce2e1c38fe593c63928eb1e6e7ba5c5a907d67787c41b3d00c14?s=96&d=mm&r=g","contentUrl":"https:\/\/secure.gravatar.com\/avatar\/8a09ac165600ce2e1c38fe593c63928eb1e6e7ba5c5a907d67787c41b3d00c14?s=96&d=mm&r=g","caption":"hotnewsinworld"},"url":"https:\/\/hotnewsinworld.com\/es\/author\/pt\/"}]}},"_links":{"self":[{"href":"https:\/\/hotnewsinworld.com\/es\/wp-json\/wp\/v2\/posts\/2305","targetHints":{"allow":["GET"]}}],"collection":[{"href":"https:\/\/hotnewsinworld.com\/es\/wp-json\/wp\/v2\/posts"}],"about":[{"href":"https:\/\/hotnewsinworld.com\/es\/wp-json\/wp\/v2\/types\/post"}],"author":[{"embeddable":true,"href":"https:\/\/hotnewsinworld.com\/es\/wp-json\/wp\/v2\/users\/2"}],"replies":[{"embeddable":true,"href":"https:\/\/hotnewsinworld.com\/es\/wp-json\/wp\/v2\/comments?post=2305"}],"version-history":[{"count":1,"href":"https:\/\/hotnewsinworld.com\/es\/wp-json\/wp\/v2\/posts\/2305\/revisions"}],"predecessor-version":[{"id":2307,"href":"https:\/\/hotnewsinworld.com\/es\/wp-json\/wp\/v2\/posts\/2305\/revisions\/2307"}],"wp:featuredmedia":[{"embeddable":true,"href":"https:\/\/hotnewsinworld.com\/es\/wp-json\/wp\/v2\/media\/2306"}],"wp:attachment":[{"href":"https:\/\/hotnewsinworld.com\/es\/wp-json\/wp\/v2\/media?parent=2305"}],"wp:term":[{"taxonomy":"category","embeddable":true,"href":"https:\/\/hotnewsinworld.com\/es\/wp-json\/wp\/v2\/categories?post=2305"},{"taxonomy":"post_tag","embeddable":true,"href":"https:\/\/hotnewsinworld.com\/es\/wp-json\/wp\/v2\/tags?post=2305"}],"curies":[{"name":"wp","href":"https:\/\/api.w.org\/{rel}","templated":true}]}}