{"id":2311,"date":"2021-05-03T16:29:43","date_gmt":"2021-05-03T13:29:43","guid":{"rendered":"https:\/\/hotnewsinworld.com\/es\/defensa-confirma-que-la-muerte-de-un-militar-de-35-anos-en-navarra-se-debio-a-la-vacuna-de-astrazeneca\/"},"modified":"2021-05-03T16:29:49","modified_gmt":"2021-05-03T13:29:49","slug":"defensa-confirma-que-la-muerte-de-un-militar-de-35-anos-en-navarra-se-debio-a-la-vacuna-de-astrazeneca","status":"publish","type":"post","link":"https:\/\/hotnewsinworld.com\/es\/defensa-confirma-que-la-muerte-de-un-militar-de-35-anos-en-navarra-se-debio-a-la-vacuna-de-astrazeneca\/","title":{"rendered":"Defensa confirma que la muerte de un militar de 35 a\u00f1os en Navarra se debi\u00f3 a la vacuna de AstraZeneca"},"content":{"rendered":"<p>La presidenta del Gobierno de Navarra, Mar\u00eda Chivite, y la ministra de Defensa, Margarita Robles, durante el homenaje al cabo fallecido del Regimiento de Infanter\u00eda Am\u00e9rica 66.Eduardo Sanz  \/ Europa PressLa muerte del cabo Francisco P\u00e9rez, de 35 a\u00f1os, tras sufrir una \u201ctrombosis de senos cerebrales con trombocitopenia y hemorragia cerebral\u201d el pasado d\u00eda 24 guarda relaci\u00f3n directa con la vacuna de AstraZeneca que le pusieron 17 d\u00edas antes de fallecer, seg\u00fan ha informado Margarita Robles, ministra de Defensa. Robles ha se\u00f1alado este lunes que los informes m\u00e9dicos concluyen que el fallecimiento del militar, destinado en un cuartel de Navarra, fue consecuencia de la administraci\u00f3n de la vacuna contra la covid-19. \u201cEn los informes m\u00e9dicos que nos han dado parece que no hay ninguna duda de que fue consecuencia de la administraci\u00f3n de la vacuna\u201d, ha indicado la ministra a los medios de comunicaci\u00f3n. La Agencia Europea del Medicamento (EMA) reconoce un \u201cposible v\u00ednculo\u201d entre esta vacuna y casos muy infrecuentes de co\u00e1gulos sangu\u00edneos con niveles bajos de plaquetas. Hasta el fallecimiento del militar se hab\u00edan contabilizado 222 casos de trombos entre 35 millones de dosis administradas en la Uni\u00f3n Europea.M\u00e1s informaci\u00f3nRobles ha visitado este lunes el Regimiento de Infanter\u00eda Am\u00e9rica 66 de Cazadores de Monta\u00f1a, con sede en el cuartel de Aizo\u00e1in (Navarra), al que pertenec\u00eda el cabo Francisco P\u00e9rez. Acompa\u00f1ada por la presidenta del Ejecutivo navarro, Mar\u00eda Chivite, y el delegado del Gobierno, Jos\u00e9 Luis Arasti, ha transmitido sus condolencias a la viuda del militar fallecido y a su madre. Tras un acto de homenaje a los ca\u00eddos y un desfile en el acuartelamiento, la ministra, junto al general Francisco Javier Varela, ha mantenido una charla con los compa\u00f1eros del cabo, a los que ha transmitido su p\u00e9same y les ha agradecido su \u201ctrabajo y dedicaci\u00f3n\u201d.El cabo fue vacunado con AstraZeneca el 7 de abril por la tarde en su propia unidad. La Asociaci\u00f3n de Tropa y Mariner\u00eda Espa\u00f1ola (ATME) explic\u00f3 tras su fallecimiento que en los d\u00edas siguientes a serle inoculado el medicamento padeci\u00f3 \u201cfuertes dolores de cabeza y un malestar agudo\u201d, lo que le oblig\u00f3 a acudir al servicio de botiqu\u00edn del cuartel y a continuaci\u00f3n a las Urgencias de un centro sanitario pamplon\u00e9s. En la noche del mi\u00e9rcoles 21 de abril, el cabo sufri\u00f3 un desvanecimiento mientras se encontraba en su domicilio, seg\u00fan inform\u00f3 el Ej\u00e9rcito de Tierra, al que pertenece el regimiento Am\u00e9rica 66.Robles ha se\u00f1alado que el fallecimiento del militar \u201cha sido una noticia muy dura\u201d, pero, al mismo tiempo, ha recordado que \u201ces importante que la gente se vacune\u201d. \u201cLa vacuna tambi\u00e9n es un seguro\u201d, ha dicho. \u201dQuer\u00edamos estar aqu\u00ed para transmitir nuestro agradecimiento, nuestro cari\u00f1o, y al mismo tiempo para dar ese toque de que al virus lo tenemos que vencer y que la mejor manera de vencerlo, aunque haya momentos duros y dolorosos, es precisamente el vacunarse\u201d, ha manifestado.3,8 millones de personas han recibido la vacuna del laboratorio anglosueco en Espa\u00f1a, seg\u00fan los datos de Sanidad del 30 de abril. Un mill\u00f3n y medio de estas personas son menores de 60 a\u00f1os que est\u00e1n esperando la decisi\u00f3n del ministerio sobre la segunda dosis. Despu\u00e9s del informe de la EMA que encontr\u00f3 v\u00ednculos entre la vacuna y los casos de trombos, el Gobierno decidi\u00f3 limitar el uso de este f\u00e1rmaco y administrarlo exclusivamente a las personas entre 60 y 69 a\u00f1os. El pasado viernes, la Comisi\u00f3n de Salud P\u00fablica del Ministerio de Sanidad aplaz\u00f3 cuatro semanas la decisi\u00f3n sobre qu\u00e9 hacer con el colectivo a medio vacunar, a la espera de los resultados de un estudio sobre los efectos de combinar una primera dosis de AstraZeneca con una segunda de Pfizer.<br \/>\n<br \/>\n<!--noindex--><br \/>\n<a href=\"https:\/\/elpais.com\/sociedad\/2021-05-03\/defensa-confirma-que-la-muerte-de-un-militar-de-35-anos-en-navarra-se-debio-a-la-vacuna-de-astrazeneca.html\" rel=\"nofollow\">Source link <\/a><br \/>\n<!--\/noindex--><\/p>\n","protected":false},"excerpt":{"rendered":"<p>La presidenta del Gobierno de Navarra, Mar\u00eda Chivite, y la ministra de Defensa, Margarita Robles, durante el homenaje al cabo fallecido del Regimiento de Infanter\u00eda Am\u00e9rica 66.Eduardo Sanz \/ Europa PressLa muerte del cabo Francisco P\u00e9rez, de 35 a\u00f1os, tras sufrir una \u201ctrombosis de senos cerebrales con trombocitopenia y hemorragia cerebral\u201d el pasado d\u00eda 24 [&hellip;]<\/p>\n","protected":false},"author":2,"featured_media":2312,"comment_status":"open","ping_status":"open","sticky":false,"template":"","format":"standard","meta":{"footnotes":""},"categories":[1],"tags":[],"class_list":["post-2311","post","type-post","status-publish","format-standard","has-post-thumbnail","hentry","category-ultimas-noticias-financieras"],"yoast_head":"<!-- This site is optimized with the Yoast SEO plugin v27.4 - https:\/\/yoast.com\/product\/yoast-seo-wordpress\/ -->\n<title>Defensa confirma que la muerte de un militar de 35 a\u00f1os en Navarra se debi\u00f3 a la vacuna de AstraZeneca - Hot News in World<\/title>\n<meta name=\"robots\" content=\"index, follow, max-snippet:-1, max-image-preview:large, max-video-preview:-1\" \/>\n<link rel=\"canonical\" href=\"https:\/\/hotnewsinworld.com\/es\/defensa-confirma-que-la-muerte-de-un-militar-de-35-anos-en-navarra-se-debio-a-la-vacuna-de-astrazeneca\/\" \/>\n<meta property=\"og:locale\" content=\"es_ES\" \/>\n<meta property=\"og:type\" content=\"article\" \/>\n<meta property=\"og:title\" content=\"Defensa confirma que la muerte de un militar de 35 a\u00f1os en Navarra se debi\u00f3 a la vacuna de AstraZeneca - Hot News in World\" \/>\n<meta property=\"og:description\" content=\"La presidenta del Gobierno de Navarra, Mar\u00eda Chivite, y la ministra de Defensa, Margarita Robles, durante el homenaje al cabo fallecido del Regimiento de Infanter\u00eda Am\u00e9rica 66.Eduardo Sanz \/ Europa PressLa muerte del cabo Francisco P\u00e9rez, de 35 a\u00f1os, tras sufrir una \u201ctrombosis de senos cerebrales con trombocitopenia y hemorragia cerebral\u201d el pasado d\u00eda 24 [&hellip;]\" \/>\n<meta property=\"og:url\" content=\"https:\/\/hotnewsinworld.com\/es\/defensa-confirma-que-la-muerte-de-un-militar-de-35-anos-en-navarra-se-debio-a-la-vacuna-de-astrazeneca\/\" \/>\n<meta property=\"og:site_name\" content=\"Hot News in World\" \/>\n<meta property=\"article:published_time\" content=\"2021-05-03T13:29:43+00:00\" \/>\n<meta property=\"article:modified_time\" content=\"2021-05-03T13:29:49+00:00\" \/>\n<meta property=\"og:image\" content=\"https:\/\/hotnewsinworld.com\/es\/wp-content\/uploads\/sites\/4\/2021\/05\/Defensa-confirma-que-la-muerte-de-un-militar-de-35-scaled.jpg\" \/>\n\t<meta property=\"og:image:width\" content=\"2560\" \/>\n\t<meta property=\"og:image:height\" content=\"1707\" \/>\n\t<meta property=\"og:image:type\" content=\"image\/jpeg\" \/>\n<meta name=\"author\" content=\"hotnewsinworld\" \/>\n<meta name=\"twitter:card\" content=\"summary_large_image\" \/>\n<meta name=\"twitter:label1\" content=\"Escrito por\" \/>\n\t<meta name=\"twitter:data1\" content=\"hotnewsinworld\" \/>\n\t<meta name=\"twitter:label2\" content=\"Tiempo de lectura\" \/>\n\t<meta name=\"twitter:data2\" content=\"3 minutos\" \/>\n<script type=\"application\/ld+json\" class=\"yoast-schema-graph\">{\"@context\":\"https:\\\/\\\/schema.org\",\"@graph\":[{\"@type\":\"Article\",\"@id\":\"https:\\\/\\\/hotnewsinworld.com\\\/es\\\/defensa-confirma-que-la-muerte-de-un-militar-de-35-anos-en-navarra-se-debio-a-la-vacuna-de-astrazeneca\\\/#article\",\"isPartOf\":{\"@id\":\"https:\\\/\\\/hotnewsinworld.com\\\/es\\\/defensa-confirma-que-la-muerte-de-un-militar-de-35-anos-en-navarra-se-debio-a-la-vacuna-de-astrazeneca\\\/\"},\"author\":{\"name\":\"hotnewsinworld\",\"@id\":\"https:\\\/\\\/hotnewsinworld.com\\\/es\\\/#\\\/schema\\\/person\\\/fe61448b21c0d59086e75fcc1f9d8f6b\"},\"headline\":\"Defensa confirma que la muerte de un militar de 35 a\u00f1os en Navarra se debi\u00f3 a la vacuna de AstraZeneca\",\"datePublished\":\"2021-05-03T13:29:43+00:00\",\"dateModified\":\"2021-05-03T13:29:49+00:00\",\"mainEntityOfPage\":{\"@id\":\"https:\\\/\\\/hotnewsinworld.com\\\/es\\\/defensa-confirma-que-la-muerte-de-un-militar-de-35-anos-en-navarra-se-debio-a-la-vacuna-de-astrazeneca\\\/\"},\"wordCount\":683,\"commentCount\":0,\"image\":{\"@id\":\"https:\\\/\\\/hotnewsinworld.com\\\/es\\\/defensa-confirma-que-la-muerte-de-un-militar-de-35-anos-en-navarra-se-debio-a-la-vacuna-de-astrazeneca\\\/#primaryimage\"},\"thumbnailUrl\":\"https:\\\/\\\/hotnewsinworld.com\\\/es\\\/wp-content\\\/uploads\\\/sites\\\/4\\\/2021\\\/05\\\/Defensa-confirma-que-la-muerte-de-un-militar-de-35-scaled.jpg\",\"articleSection\":[\"\u00daLTIMAS NOTICIAS FINANCIERAS\"],\"inLanguage\":\"es\",\"potentialAction\":[{\"@type\":\"CommentAction\",\"name\":\"Comment\",\"target\":[\"https:\\\/\\\/hotnewsinworld.com\\\/es\\\/defensa-confirma-que-la-muerte-de-un-militar-de-35-anos-en-navarra-se-debio-a-la-vacuna-de-astrazeneca\\\/#respond\"]}]},{\"@type\":\"WebPage\",\"@id\":\"https:\\\/\\\/hotnewsinworld.com\\\/es\\\/defensa-confirma-que-la-muerte-de-un-militar-de-35-anos-en-navarra-se-debio-a-la-vacuna-de-astrazeneca\\\/\",\"url\":\"https:\\\/\\\/hotnewsinworld.com\\\/es\\\/defensa-confirma-que-la-muerte-de-un-militar-de-35-anos-en-navarra-se-debio-a-la-vacuna-de-astrazeneca\\\/\",\"name\":\"Defensa confirma que la muerte de un militar de 35 a\u00f1os en Navarra se debi\u00f3 a la vacuna de AstraZeneca - Hot News in World\",\"isPartOf\":{\"@id\":\"https:\\\/\\\/hotnewsinworld.com\\\/es\\\/#website\"},\"primaryImageOfPage\":{\"@id\":\"https:\\\/\\\/hotnewsinworld.com\\\/es\\\/defensa-confirma-que-la-muerte-de-un-militar-de-35-anos-en-navarra-se-debio-a-la-vacuna-de-astrazeneca\\\/#primaryimage\"},\"image\":{\"@id\":\"https:\\\/\\\/hotnewsinworld.com\\\/es\\\/defensa-confirma-que-la-muerte-de-un-militar-de-35-anos-en-navarra-se-debio-a-la-vacuna-de-astrazeneca\\\/#primaryimage\"},\"thumbnailUrl\":\"https:\\\/\\\/hotnewsinworld.com\\\/es\\\/wp-content\\\/uploads\\\/sites\\\/4\\\/2021\\\/05\\\/Defensa-confirma-que-la-muerte-de-un-militar-de-35-scaled.jpg\",\"datePublished\":\"2021-05-03T13:29:43+00:00\",\"dateModified\":\"2021-05-03T13:29:49+00:00\",\"author\":{\"@id\":\"https:\\\/\\\/hotnewsinworld.com\\\/es\\\/#\\\/schema\\\/person\\\/fe61448b21c0d59086e75fcc1f9d8f6b\"},\"breadcrumb\":{\"@id\":\"https:\\\/\\\/hotnewsinworld.com\\\/es\\\/defensa-confirma-que-la-muerte-de-un-militar-de-35-anos-en-navarra-se-debio-a-la-vacuna-de-astrazeneca\\\/#breadcrumb\"},\"inLanguage\":\"es\",\"potentialAction\":[{\"@type\":\"ReadAction\",\"target\":[\"https:\\\/\\\/hotnewsinworld.com\\\/es\\\/defensa-confirma-que-la-muerte-de-un-militar-de-35-anos-en-navarra-se-debio-a-la-vacuna-de-astrazeneca\\\/\"]}]},{\"@type\":\"ImageObject\",\"inLanguage\":\"es\",\"@id\":\"https:\\\/\\\/hotnewsinworld.com\\\/es\\\/defensa-confirma-que-la-muerte-de-un-militar-de-35-anos-en-navarra-se-debio-a-la-vacuna-de-astrazeneca\\\/#primaryimage\",\"url\":\"https:\\\/\\\/hotnewsinworld.com\\\/es\\\/wp-content\\\/uploads\\\/sites\\\/4\\\/2021\\\/05\\\/Defensa-confirma-que-la-muerte-de-un-militar-de-35-scaled.jpg\",\"contentUrl\":\"https:\\\/\\\/hotnewsinworld.com\\\/es\\\/wp-content\\\/uploads\\\/sites\\\/4\\\/2021\\\/05\\\/Defensa-confirma-que-la-muerte-de-un-militar-de-35-scaled.jpg\",\"width\":2560,\"height\":1707,\"caption\":\"Defensa confirma que la muerte de un militar de 35 a\u00f1os en Navarra se debi\u00f3 a la vacuna de AstraZeneca\"},{\"@type\":\"BreadcrumbList\",\"@id\":\"https:\\\/\\\/hotnewsinworld.com\\\/es\\\/defensa-confirma-que-la-muerte-de-un-militar-de-35-anos-en-navarra-se-debio-a-la-vacuna-de-astrazeneca\\\/#breadcrumb\",\"itemListElement\":[{\"@type\":\"ListItem\",\"position\":1,\"name\":\"\u0413\u043b\u0430\u0432\u043d\u0430\u044f \u0441\u0442\u0440\u0430\u043d\u0438\u0446\u0430\",\"item\":\"https:\\\/\\\/hotnewsinworld.com\\\/es\\\/\"},{\"@type\":\"ListItem\",\"position\":2,\"name\":\"Defensa confirma que la muerte de un militar de 35 a\u00f1os en Navarra se debi\u00f3 a la vacuna de AstraZeneca\"}]},{\"@type\":\"WebSite\",\"@id\":\"https:\\\/\\\/hotnewsinworld.com\\\/es\\\/#website\",\"url\":\"https:\\\/\\\/hotnewsinworld.com\\\/es\\\/\",\"name\":\"Hot News in World\",\"description\":\"Hot News in World from Spain\",\"potentialAction\":[{\"@type\":\"SearchAction\",\"target\":{\"@type\":\"EntryPoint\",\"urlTemplate\":\"https:\\\/\\\/hotnewsinworld.com\\\/es\\\/?s={search_term_string}\"},\"query-input\":{\"@type\":\"PropertyValueSpecification\",\"valueRequired\":true,\"valueName\":\"search_term_string\"}}],\"inLanguage\":\"es\"},{\"@type\":\"Person\",\"@id\":\"https:\\\/\\\/hotnewsinworld.com\\\/es\\\/#\\\/schema\\\/person\\\/fe61448b21c0d59086e75fcc1f9d8f6b\",\"name\":\"hotnewsinworld\",\"image\":{\"@type\":\"ImageObject\",\"inLanguage\":\"es\",\"@id\":\"https:\\\/\\\/secure.gravatar.com\\\/avatar\\\/8a09ac165600ce2e1c38fe593c63928eb1e6e7ba5c5a907d67787c41b3d00c14?s=96&d=mm&r=g\",\"url\":\"https:\\\/\\\/secure.gravatar.com\\\/avatar\\\/8a09ac165600ce2e1c38fe593c63928eb1e6e7ba5c5a907d67787c41b3d00c14?s=96&d=mm&r=g\",\"contentUrl\":\"https:\\\/\\\/secure.gravatar.com\\\/avatar\\\/8a09ac165600ce2e1c38fe593c63928eb1e6e7ba5c5a907d67787c41b3d00c14?s=96&d=mm&r=g\",\"caption\":\"hotnewsinworld\"},\"url\":\"https:\\\/\\\/hotnewsinworld.com\\\/es\\\/author\\\/pt\\\/\"}]}<\/script>\n<!-- \/ Yoast SEO plugin. -->","yoast_head_json":{"title":"Defensa confirma que la muerte de un militar de 35 a\u00f1os en Navarra se debi\u00f3 a la vacuna de AstraZeneca - Hot News in World","robots":{"index":"index","follow":"follow","max-snippet":"max-snippet:-1","max-image-preview":"max-image-preview:large","max-video-preview":"max-video-preview:-1"},"canonical":"https:\/\/hotnewsinworld.com\/es\/defensa-confirma-que-la-muerte-de-un-militar-de-35-anos-en-navarra-se-debio-a-la-vacuna-de-astrazeneca\/","og_locale":"es_ES","og_type":"article","og_title":"Defensa confirma que la muerte de un militar de 35 a\u00f1os en Navarra se debi\u00f3 a la vacuna de AstraZeneca - Hot News in World","og_description":"La presidenta del Gobierno de Navarra, Mar\u00eda Chivite, y la ministra de Defensa, Margarita Robles, durante el homenaje al cabo fallecido del Regimiento de Infanter\u00eda Am\u00e9rica 66.Eduardo Sanz \/ Europa PressLa muerte del cabo Francisco P\u00e9rez, de 35 a\u00f1os, tras sufrir una \u201ctrombosis de senos cerebrales con trombocitopenia y hemorragia cerebral\u201d el pasado d\u00eda 24 [&hellip;]","og_url":"https:\/\/hotnewsinworld.com\/es\/defensa-confirma-que-la-muerte-de-un-militar-de-35-anos-en-navarra-se-debio-a-la-vacuna-de-astrazeneca\/","og_site_name":"Hot News in World","article_published_time":"2021-05-03T13:29:43+00:00","article_modified_time":"2021-05-03T13:29:49+00:00","og_image":[{"width":2560,"height":1707,"url":"https:\/\/hotnewsinworld.com\/es\/wp-content\/uploads\/sites\/4\/2021\/05\/Defensa-confirma-que-la-muerte-de-un-militar-de-35-scaled.jpg","type":"image\/jpeg"}],"author":"hotnewsinworld","twitter_card":"summary_large_image","twitter_misc":{"Escrito por":"hotnewsinworld","Tiempo de lectura":"3 minutos"},"schema":{"@context":"https:\/\/schema.org","@graph":[{"@type":"Article","@id":"https:\/\/hotnewsinworld.com\/es\/defensa-confirma-que-la-muerte-de-un-militar-de-35-anos-en-navarra-se-debio-a-la-vacuna-de-astrazeneca\/#article","isPartOf":{"@id":"https:\/\/hotnewsinworld.com\/es\/defensa-confirma-que-la-muerte-de-un-militar-de-35-anos-en-navarra-se-debio-a-la-vacuna-de-astrazeneca\/"},"author":{"name":"hotnewsinworld","@id":"https:\/\/hotnewsinworld.com\/es\/#\/schema\/person\/fe61448b21c0d59086e75fcc1f9d8f6b"},"headline":"Defensa confirma que la muerte de un militar de 35 a\u00f1os en Navarra se debi\u00f3 a la vacuna de AstraZeneca","datePublished":"2021-05-03T13:29:43+00:00","dateModified":"2021-05-03T13:29:49+00:00","mainEntityOfPage":{"@id":"https:\/\/hotnewsinworld.com\/es\/defensa-confirma-que-la-muerte-de-un-militar-de-35-anos-en-navarra-se-debio-a-la-vacuna-de-astrazeneca\/"},"wordCount":683,"commentCount":0,"image":{"@id":"https:\/\/hotnewsinworld.com\/es\/defensa-confirma-que-la-muerte-de-un-militar-de-35-anos-en-navarra-se-debio-a-la-vacuna-de-astrazeneca\/#primaryimage"},"thumbnailUrl":"https:\/\/hotnewsinworld.com\/es\/wp-content\/uploads\/sites\/4\/2021\/05\/Defensa-confirma-que-la-muerte-de-un-militar-de-35-scaled.jpg","articleSection":["\u00daLTIMAS NOTICIAS FINANCIERAS"],"inLanguage":"es","potentialAction":[{"@type":"CommentAction","name":"Comment","target":["https:\/\/hotnewsinworld.com\/es\/defensa-confirma-que-la-muerte-de-un-militar-de-35-anos-en-navarra-se-debio-a-la-vacuna-de-astrazeneca\/#respond"]}]},{"@type":"WebPage","@id":"https:\/\/hotnewsinworld.com\/es\/defensa-confirma-que-la-muerte-de-un-militar-de-35-anos-en-navarra-se-debio-a-la-vacuna-de-astrazeneca\/","url":"https:\/\/hotnewsinworld.com\/es\/defensa-confirma-que-la-muerte-de-un-militar-de-35-anos-en-navarra-se-debio-a-la-vacuna-de-astrazeneca\/","name":"Defensa confirma que la muerte de un militar de 35 a\u00f1os en Navarra se debi\u00f3 a la vacuna de AstraZeneca - Hot News in World","isPartOf":{"@id":"https:\/\/hotnewsinworld.com\/es\/#website"},"primaryImageOfPage":{"@id":"https:\/\/hotnewsinworld.com\/es\/defensa-confirma-que-la-muerte-de-un-militar-de-35-anos-en-navarra-se-debio-a-la-vacuna-de-astrazeneca\/#primaryimage"},"image":{"@id":"https:\/\/hotnewsinworld.com\/es\/defensa-confirma-que-la-muerte-de-un-militar-de-35-anos-en-navarra-se-debio-a-la-vacuna-de-astrazeneca\/#primaryimage"},"thumbnailUrl":"https:\/\/hotnewsinworld.com\/es\/wp-content\/uploads\/sites\/4\/2021\/05\/Defensa-confirma-que-la-muerte-de-un-militar-de-35-scaled.jpg","datePublished":"2021-05-03T13:29:43+00:00","dateModified":"2021-05-03T13:29:49+00:00","author":{"@id":"https:\/\/hotnewsinworld.com\/es\/#\/schema\/person\/fe61448b21c0d59086e75fcc1f9d8f6b"},"breadcrumb":{"@id":"https:\/\/hotnewsinworld.com\/es\/defensa-confirma-que-la-muerte-de-un-militar-de-35-anos-en-navarra-se-debio-a-la-vacuna-de-astrazeneca\/#breadcrumb"},"inLanguage":"es","potentialAction":[{"@type":"ReadAction","target":["https:\/\/hotnewsinworld.com\/es\/defensa-confirma-que-la-muerte-de-un-militar-de-35-anos-en-navarra-se-debio-a-la-vacuna-de-astrazeneca\/"]}]},{"@type":"ImageObject","inLanguage":"es","@id":"https:\/\/hotnewsinworld.com\/es\/defensa-confirma-que-la-muerte-de-un-militar-de-35-anos-en-navarra-se-debio-a-la-vacuna-de-astrazeneca\/#primaryimage","url":"https:\/\/hotnewsinworld.com\/es\/wp-content\/uploads\/sites\/4\/2021\/05\/Defensa-confirma-que-la-muerte-de-un-militar-de-35-scaled.jpg","contentUrl":"https:\/\/hotnewsinworld.com\/es\/wp-content\/uploads\/sites\/4\/2021\/05\/Defensa-confirma-que-la-muerte-de-un-militar-de-35-scaled.jpg","width":2560,"height":1707,"caption":"Defensa confirma que la muerte de un militar de 35 a\u00f1os en Navarra se debi\u00f3 a la vacuna de AstraZeneca"},{"@type":"BreadcrumbList","@id":"https:\/\/hotnewsinworld.com\/es\/defensa-confirma-que-la-muerte-de-un-militar-de-35-anos-en-navarra-se-debio-a-la-vacuna-de-astrazeneca\/#breadcrumb","itemListElement":[{"@type":"ListItem","position":1,"name":"\u0413\u043b\u0430\u0432\u043d\u0430\u044f \u0441\u0442\u0440\u0430\u043d\u0438\u0446\u0430","item":"https:\/\/hotnewsinworld.com\/es\/"},{"@type":"ListItem","position":2,"name":"Defensa confirma que la muerte de un militar de 35 a\u00f1os en Navarra se debi\u00f3 a la vacuna de AstraZeneca"}]},{"@type":"WebSite","@id":"https:\/\/hotnewsinworld.com\/es\/#website","url":"https:\/\/hotnewsinworld.com\/es\/","name":"Hot News in World","description":"Hot News in World from Spain","potentialAction":[{"@type":"SearchAction","target":{"@type":"EntryPoint","urlTemplate":"https:\/\/hotnewsinworld.com\/es\/?s={search_term_string}"},"query-input":{"@type":"PropertyValueSpecification","valueRequired":true,"valueName":"search_term_string"}}],"inLanguage":"es"},{"@type":"Person","@id":"https:\/\/hotnewsinworld.com\/es\/#\/schema\/person\/fe61448b21c0d59086e75fcc1f9d8f6b","name":"hotnewsinworld","image":{"@type":"ImageObject","inLanguage":"es","@id":"https:\/\/secure.gravatar.com\/avatar\/8a09ac165600ce2e1c38fe593c63928eb1e6e7ba5c5a907d67787c41b3d00c14?s=96&d=mm&r=g","url":"https:\/\/secure.gravatar.com\/avatar\/8a09ac165600ce2e1c38fe593c63928eb1e6e7ba5c5a907d67787c41b3d00c14?s=96&d=mm&r=g","contentUrl":"https:\/\/secure.gravatar.com\/avatar\/8a09ac165600ce2e1c38fe593c63928eb1e6e7ba5c5a907d67787c41b3d00c14?s=96&d=mm&r=g","caption":"hotnewsinworld"},"url":"https:\/\/hotnewsinworld.com\/es\/author\/pt\/"}]}},"_links":{"self":[{"href":"https:\/\/hotnewsinworld.com\/es\/wp-json\/wp\/v2\/posts\/2311","targetHints":{"allow":["GET"]}}],"collection":[{"href":"https:\/\/hotnewsinworld.com\/es\/wp-json\/wp\/v2\/posts"}],"about":[{"href":"https:\/\/hotnewsinworld.com\/es\/wp-json\/wp\/v2\/types\/post"}],"author":[{"embeddable":true,"href":"https:\/\/hotnewsinworld.com\/es\/wp-json\/wp\/v2\/users\/2"}],"replies":[{"embeddable":true,"href":"https:\/\/hotnewsinworld.com\/es\/wp-json\/wp\/v2\/comments?post=2311"}],"version-history":[{"count":1,"href":"https:\/\/hotnewsinworld.com\/es\/wp-json\/wp\/v2\/posts\/2311\/revisions"}],"predecessor-version":[{"id":2313,"href":"https:\/\/hotnewsinworld.com\/es\/wp-json\/wp\/v2\/posts\/2311\/revisions\/2313"}],"wp:featuredmedia":[{"embeddable":true,"href":"https:\/\/hotnewsinworld.com\/es\/wp-json\/wp\/v2\/media\/2312"}],"wp:attachment":[{"href":"https:\/\/hotnewsinworld.com\/es\/wp-json\/wp\/v2\/media?parent=2311"}],"wp:term":[{"taxonomy":"category","embeddable":true,"href":"https:\/\/hotnewsinworld.com\/es\/wp-json\/wp\/v2\/categories?post=2311"},{"taxonomy":"post_tag","embeddable":true,"href":"https:\/\/hotnewsinworld.com\/es\/wp-json\/wp\/v2\/tags?post=2311"}],"curies":[{"name":"wp","href":"https:\/\/api.w.org\/{rel}","templated":true}]}}