{"id":2317,"date":"2021-05-04T04:31:10","date_gmt":"2021-05-04T01:31:10","guid":{"rendered":"https:\/\/hotnewsinworld.com\/es\/dimite-el-ministro-de-hacienda-de-colombia-que-promovio-la-reforma-tributaria\/"},"modified":"2021-05-04T04:31:15","modified_gmt":"2021-05-04T01:31:15","slug":"dimite-el-ministro-de-hacienda-de-colombia-que-promovio-la-reforma-tributaria","status":"publish","type":"post","link":"https:\/\/hotnewsinworld.com\/es\/dimite-el-ministro-de-hacienda-de-colombia-que-promovio-la-reforma-tributaria\/","title":{"rendered":"Dimite el ministro de Hacienda de Colombia que promovi\u00f3 la reforma tributaria"},"content":{"rendered":"<p>El ahora exministro de Hacienda y Cr\u00e9dito P\u00fablico de Colombia, Alberto Carrasquilla, en una conferencia en 2019.\u00c1ngeles Rodenas \/ EFELa crisis pol\u00edtica del Gobierno colombiano abierta tras la retirada de la reforma tributaria se ha llevado por delante al ministro de Hacienda. Alberto Carrasquilla, un economista ortodoxo que hab\u00eda planeado la subida de impuestos, dimiti\u00f3 este lunes y su renuncia fue aceptada por Iv\u00e1n Duque. El presidente tratar\u00e1 ahora de salvar el proyecto m\u00e1s ambicioso de su mandato con una cara nueva encargada de negociar con el resto de fuerzas pol\u00edticas una reforma de consenso.El final de Carrasquilla, hombre muy cercano al expresidente \u00c1lvaro Uribe, estaba escrito desde el domingo. Ese d\u00eda, Duque compareci\u00f3 en la Casa de Nari\u00f1o, la sede del Gobierno, para anunciar que retiraba la reforma fiscal con la que pretend\u00eda aumentar la recaudaci\u00f3n y tapar el agujero econ\u00f3mico provocado por la pandemia. Lo hac\u00eda rodeado de varios colaboradores cercanos, entre los que no se encontraba el ministro. Desde ese momento parec\u00eda claro que sus horas en el Gabinete estaban contadas.M\u00e1s informaci\u00f3nDuque ced\u00eda as\u00ed a la presi\u00f3n de la calle despu\u00e9s de aguantar un aluvi\u00f3n de protestas durante cuatro d\u00edas. Miles de personas le pidieron que retirara la reforma en un momento tan complicado como este, con una tercera ola de Covid-19 que ha batido r\u00e9cords de contagios y muertes. La pobreza y la desigualdad han subido casi diez puntos desde el inicio de la pandemia. Ese descontento se escenific\u00f3 de manera pac\u00edfica en ciudades de todo el pa\u00eds, pero estas derivaron en enfrentamientos entre la polic\u00eda y los manifestantes. Por el momento la cifra de muertos asciende a 19, en algunos casos bajo la sospecha de que fueron asesinados por la polic\u00eda. La violencia desatada en las calles llev\u00f3 a Duque a tumbar la reforma, la antesala de la ca\u00edda de Carrasquilla.\u201cMi continuidad en el Gobierno dificultar\u00eda la construcci\u00f3n r\u00e1pida y eficiente de los consensos necesarios\u201d, se lee en la carta de renuncia de Carrasquilla. \u201cEs indispensable que se le d\u00e9 continuidad a los programas de protecci\u00f3n social y econ\u00f3mica que empezaron a expirar desde el pasado marzo. De otra parte, en ausencia de una reforma gradual y ordenada de la tributaci\u00f3n, la estabilidad macroecon\u00f3mica del pa\u00eds se ver\u00eda seriamente comprometida\u201d, agreg\u00f3 el funcionario p\u00fablico.Los expertos econ\u00f3micos le dan la raz\u00f3n al exministro. La econom\u00eda colombiana se contrajo un 6,8% el a\u00f1o pasado y ha visto aumentar su d\u00e9ficit fiscal de manera preocupante. El Estado necesita recaudar m\u00e1s dinero, entre otras cosas para compensar las ayudas a los m\u00e1s desfavorecidos, y eso pasaba por aumentar el IVA en algunos productos y abrir la base de contribuyentes. El diagn\u00f3stico es compartido por analistas e incluso por partidos de la oposici\u00f3n. Eso s\u00ed, el momento de aplicarla no era el id\u00f3neo, al menos pol\u00edticamente. Se trata de una medida muy impopular que ha generado un gran descontento en la poblaci\u00f3n. A menos de un a\u00f1o de unas elecciones generales, a las que no podr\u00e1 presentarse Duque porque no hay reelecci\u00f3n presidencial, pocos partidos est\u00e1n dispuestos a apoyarla.En Twitter, el presidente anunci\u00f3 la dimisi\u00f3n de Carrasquilla, al que mostr\u00f3 su gratitud \u201cy respeto\u201d. \u201cEn su gesti\u00f3n se alcanzaron importantes logros, entre ellos un programa social sin precedentes para hacerle frente a la pandemia\u201d, escribi\u00f3 Duque. El Gobierno gast\u00f3 el 4,1% del PIB en medidas de ayuda y financiamiento para los grupos m\u00e1s vulnerables durante la pandemia, de acuerdo con datos del Fondo Monetario Internacional.He aceptado la renuncia del Dr. Alberto Carrasquilla como <a rel=\"nofollow noopener noreferrer\" target=\"_blank\" href=\"https:\/\/twitter.com\/MinHacienda?ref_src=twsrc%5Etfw\">@minhacienda<\/a>. Mi gratitud y respeto siempre por su aporte al frente del equipo econ\u00f3mico. En su gesti\u00f3n se alcanzaron importantes logros, entre ellos un programa social sin precedentes para hacerle frente a la pandemia.\u2014 Iv\u00e1n Duque ?? (@IvanDuque) <a rel=\"nofollow noopener noreferrer\" target=\"_blank\" href=\"https:\/\/twitter.com\/IvanDuque\/status\/1389347506295820288?ref_src=twsrc%5Etfw\">May 3, 2021<\/a><\/p>\n<p>Carrasquilla representaba a los sectores m\u00e1s cercanos al expresidente \u00c1lvaro Uribe, el mentor de Duque que ha creado en torno a su figura una corriente pol\u00edtica muy potente en la derecha colombiana. Si no hubiera dimitido, Carrasquilla seguramente se habr\u00eda enfrentado a una moci\u00f3n de censura de la que pol\u00edticos de la oposici\u00f3n e independientes ya le hab\u00edan advertido en las \u00faltimas horas.En el mismo hilo de tuits del adi\u00f3s de Carrasquilla, asomaba el nombramiento de nuevo ministro de Hacienda, Jos\u00e9 Manuel Restrepo. Hasta ahora ocupaba la cartera de Comercio y, seg\u00fan el peri\u00f3dico El Espectador, sorprende su nuevo cargo porque en los \u00faltimos meses hab\u00eda estado cerca de dejar el Gabinete para optar a un trabajo en la OCDE.  Restrepo llega en un momento delicad\u00edsimo para la econom\u00eda colombiana, cuando la deuda ha pasado en un a\u00f1o del 40 al 60% del PIB. Sobre sus hombros recae la enorme tarea de sacar adelante una reforma fiscal que permita garantizar los recursos para programas sociales y dar aire a las finanzas del pa\u00eds.Suscr\u00edbase aqu\u00ed a la newsletter de EL PA\u00cdS Am\u00e9rica y reciba todas las claves informativas de la actualidad de la regi\u00f3n.<script async src=\"https:\/\/platform.twitter.com\/widgets.js\" charset=\"utf-8\"><\/script><br \/>\n<br \/>\n<!--noindex--><br \/>\n<a href=\"https:\/\/elpais.com\/internacional\/2021-05-03\/dimite-el-ministro-de-hacienda-de-colombia-que-promovio-la-reforma-tributaria.html\" rel=\"nofollow\">Source link <\/a><br \/>\n<!--\/noindex--><\/p>\n","protected":false},"excerpt":{"rendered":"<p>El ahora exministro de Hacienda y Cr\u00e9dito P\u00fablico de Colombia, Alberto Carrasquilla, en una conferencia en 2019.\u00c1ngeles Rodenas \/ EFELa crisis pol\u00edtica del Gobierno colombiano abierta tras la retirada de la reforma tributaria se ha llevado por delante al ministro de Hacienda. Alberto Carrasquilla, un economista ortodoxo que hab\u00eda planeado la subida de impuestos, dimiti\u00f3 [&hellip;]<\/p>\n","protected":false},"author":2,"featured_media":2318,"comment_status":"open","ping_status":"open","sticky":false,"template":"","format":"standard","meta":{"footnotes":""},"categories":[1],"tags":[],"class_list":["post-2317","post","type-post","status-publish","format-standard","has-post-thumbnail","hentry","category-ultimas-noticias-financieras"],"yoast_head":"<!-- This site is optimized with the Yoast SEO plugin v27.4 - https:\/\/yoast.com\/product\/yoast-seo-wordpress\/ -->\n<title>Dimite el ministro de Hacienda de Colombia que promovi\u00f3 la reforma tributaria - Hot News in World<\/title>\n<meta name=\"robots\" content=\"index, follow, max-snippet:-1, max-image-preview:large, max-video-preview:-1\" \/>\n<link rel=\"canonical\" href=\"https:\/\/hotnewsinworld.com\/es\/dimite-el-ministro-de-hacienda-de-colombia-que-promovio-la-reforma-tributaria\/\" \/>\n<meta property=\"og:locale\" content=\"es_ES\" \/>\n<meta property=\"og:type\" content=\"article\" \/>\n<meta property=\"og:title\" content=\"Dimite el ministro de Hacienda de Colombia que promovi\u00f3 la reforma tributaria - Hot News in World\" \/>\n<meta property=\"og:description\" content=\"El ahora exministro de Hacienda y Cr\u00e9dito P\u00fablico de Colombia, Alberto Carrasquilla, en una conferencia en 2019.\u00c1ngeles Rodenas \/ EFELa crisis pol\u00edtica del Gobierno colombiano abierta tras la retirada de la reforma tributaria se ha llevado por delante al ministro de Hacienda. Alberto Carrasquilla, un economista ortodoxo que hab\u00eda planeado la subida de impuestos, dimiti\u00f3 [&hellip;]\" \/>\n<meta property=\"og:url\" content=\"https:\/\/hotnewsinworld.com\/es\/dimite-el-ministro-de-hacienda-de-colombia-que-promovio-la-reforma-tributaria\/\" \/>\n<meta property=\"og:site_name\" content=\"Hot News in World\" \/>\n<meta property=\"article:published_time\" content=\"2021-05-04T01:31:10+00:00\" \/>\n<meta property=\"article:modified_time\" content=\"2021-05-04T01:31:15+00:00\" \/>\n<meta property=\"og:image\" content=\"https:\/\/hotnewsinworld.com\/es\/wp-content\/uploads\/sites\/4\/2021\/05\/Dimite-el-ministro-de-Hacienda-de-Colombia-que-promovio-la.jpg\" \/>\n\t<meta property=\"og:image:width\" content=\"2268\" \/>\n\t<meta property=\"og:image:height\" content=\"1512\" \/>\n\t<meta property=\"og:image:type\" content=\"image\/jpeg\" \/>\n<meta name=\"author\" content=\"hotnewsinworld\" \/>\n<meta name=\"twitter:card\" content=\"summary_large_image\" \/>\n<meta name=\"twitter:label1\" content=\"Escrito por\" \/>\n\t<meta name=\"twitter:data1\" content=\"hotnewsinworld\" \/>\n\t<meta name=\"twitter:label2\" content=\"Tiempo de lectura\" \/>\n\t<meta name=\"twitter:data2\" content=\"4 minutos\" \/>\n<script type=\"application\/ld+json\" class=\"yoast-schema-graph\">{\"@context\":\"https:\\\/\\\/schema.org\",\"@graph\":[{\"@type\":\"Article\",\"@id\":\"https:\\\/\\\/hotnewsinworld.com\\\/es\\\/dimite-el-ministro-de-hacienda-de-colombia-que-promovio-la-reforma-tributaria\\\/#article\",\"isPartOf\":{\"@id\":\"https:\\\/\\\/hotnewsinworld.com\\\/es\\\/dimite-el-ministro-de-hacienda-de-colombia-que-promovio-la-reforma-tributaria\\\/\"},\"author\":{\"name\":\"hotnewsinworld\",\"@id\":\"https:\\\/\\\/hotnewsinworld.com\\\/es\\\/#\\\/schema\\\/person\\\/fe61448b21c0d59086e75fcc1f9d8f6b\"},\"headline\":\"Dimite el ministro de Hacienda de Colombia que promovi\u00f3 la reforma tributaria\",\"datePublished\":\"2021-05-04T01:31:10+00:00\",\"dateModified\":\"2021-05-04T01:31:15+00:00\",\"mainEntityOfPage\":{\"@id\":\"https:\\\/\\\/hotnewsinworld.com\\\/es\\\/dimite-el-ministro-de-hacienda-de-colombia-que-promovio-la-reforma-tributaria\\\/\"},\"wordCount\":907,\"commentCount\":0,\"image\":{\"@id\":\"https:\\\/\\\/hotnewsinworld.com\\\/es\\\/dimite-el-ministro-de-hacienda-de-colombia-que-promovio-la-reforma-tributaria\\\/#primaryimage\"},\"thumbnailUrl\":\"https:\\\/\\\/hotnewsinworld.com\\\/es\\\/wp-content\\\/uploads\\\/sites\\\/4\\\/2021\\\/05\\\/Dimite-el-ministro-de-Hacienda-de-Colombia-que-promovio-la.jpg\",\"articleSection\":[\"\u00daLTIMAS NOTICIAS FINANCIERAS\"],\"inLanguage\":\"es\",\"potentialAction\":[{\"@type\":\"CommentAction\",\"name\":\"Comment\",\"target\":[\"https:\\\/\\\/hotnewsinworld.com\\\/es\\\/dimite-el-ministro-de-hacienda-de-colombia-que-promovio-la-reforma-tributaria\\\/#respond\"]}]},{\"@type\":\"WebPage\",\"@id\":\"https:\\\/\\\/hotnewsinworld.com\\\/es\\\/dimite-el-ministro-de-hacienda-de-colombia-que-promovio-la-reforma-tributaria\\\/\",\"url\":\"https:\\\/\\\/hotnewsinworld.com\\\/es\\\/dimite-el-ministro-de-hacienda-de-colombia-que-promovio-la-reforma-tributaria\\\/\",\"name\":\"Dimite el ministro de Hacienda de Colombia que promovi\u00f3 la reforma tributaria - Hot News in World\",\"isPartOf\":{\"@id\":\"https:\\\/\\\/hotnewsinworld.com\\\/es\\\/#website\"},\"primaryImageOfPage\":{\"@id\":\"https:\\\/\\\/hotnewsinworld.com\\\/es\\\/dimite-el-ministro-de-hacienda-de-colombia-que-promovio-la-reforma-tributaria\\\/#primaryimage\"},\"image\":{\"@id\":\"https:\\\/\\\/hotnewsinworld.com\\\/es\\\/dimite-el-ministro-de-hacienda-de-colombia-que-promovio-la-reforma-tributaria\\\/#primaryimage\"},\"thumbnailUrl\":\"https:\\\/\\\/hotnewsinworld.com\\\/es\\\/wp-content\\\/uploads\\\/sites\\\/4\\\/2021\\\/05\\\/Dimite-el-ministro-de-Hacienda-de-Colombia-que-promovio-la.jpg\",\"datePublished\":\"2021-05-04T01:31:10+00:00\",\"dateModified\":\"2021-05-04T01:31:15+00:00\",\"author\":{\"@id\":\"https:\\\/\\\/hotnewsinworld.com\\\/es\\\/#\\\/schema\\\/person\\\/fe61448b21c0d59086e75fcc1f9d8f6b\"},\"breadcrumb\":{\"@id\":\"https:\\\/\\\/hotnewsinworld.com\\\/es\\\/dimite-el-ministro-de-hacienda-de-colombia-que-promovio-la-reforma-tributaria\\\/#breadcrumb\"},\"inLanguage\":\"es\",\"potentialAction\":[{\"@type\":\"ReadAction\",\"target\":[\"https:\\\/\\\/hotnewsinworld.com\\\/es\\\/dimite-el-ministro-de-hacienda-de-colombia-que-promovio-la-reforma-tributaria\\\/\"]}]},{\"@type\":\"ImageObject\",\"inLanguage\":\"es\",\"@id\":\"https:\\\/\\\/hotnewsinworld.com\\\/es\\\/dimite-el-ministro-de-hacienda-de-colombia-que-promovio-la-reforma-tributaria\\\/#primaryimage\",\"url\":\"https:\\\/\\\/hotnewsinworld.com\\\/es\\\/wp-content\\\/uploads\\\/sites\\\/4\\\/2021\\\/05\\\/Dimite-el-ministro-de-Hacienda-de-Colombia-que-promovio-la.jpg\",\"contentUrl\":\"https:\\\/\\\/hotnewsinworld.com\\\/es\\\/wp-content\\\/uploads\\\/sites\\\/4\\\/2021\\\/05\\\/Dimite-el-ministro-de-Hacienda-de-Colombia-que-promovio-la.jpg\",\"width\":2268,\"height\":1512,\"caption\":\"Dimite el ministro de Hacienda de Colombia que promovi\u00f3 la reforma tributaria\"},{\"@type\":\"BreadcrumbList\",\"@id\":\"https:\\\/\\\/hotnewsinworld.com\\\/es\\\/dimite-el-ministro-de-hacienda-de-colombia-que-promovio-la-reforma-tributaria\\\/#breadcrumb\",\"itemListElement\":[{\"@type\":\"ListItem\",\"position\":1,\"name\":\"\u0413\u043b\u0430\u0432\u043d\u0430\u044f \u0441\u0442\u0440\u0430\u043d\u0438\u0446\u0430\",\"item\":\"https:\\\/\\\/hotnewsinworld.com\\\/es\\\/\"},{\"@type\":\"ListItem\",\"position\":2,\"name\":\"Dimite el ministro de Hacienda de Colombia que promovi\u00f3 la reforma tributaria\"}]},{\"@type\":\"WebSite\",\"@id\":\"https:\\\/\\\/hotnewsinworld.com\\\/es\\\/#website\",\"url\":\"https:\\\/\\\/hotnewsinworld.com\\\/es\\\/\",\"name\":\"Hot News in World\",\"description\":\"Hot News in World from Spain\",\"potentialAction\":[{\"@type\":\"SearchAction\",\"target\":{\"@type\":\"EntryPoint\",\"urlTemplate\":\"https:\\\/\\\/hotnewsinworld.com\\\/es\\\/?s={search_term_string}\"},\"query-input\":{\"@type\":\"PropertyValueSpecification\",\"valueRequired\":true,\"valueName\":\"search_term_string\"}}],\"inLanguage\":\"es\"},{\"@type\":\"Person\",\"@id\":\"https:\\\/\\\/hotnewsinworld.com\\\/es\\\/#\\\/schema\\\/person\\\/fe61448b21c0d59086e75fcc1f9d8f6b\",\"name\":\"hotnewsinworld\",\"image\":{\"@type\":\"ImageObject\",\"inLanguage\":\"es\",\"@id\":\"https:\\\/\\\/secure.gravatar.com\\\/avatar\\\/8a09ac165600ce2e1c38fe593c63928eb1e6e7ba5c5a907d67787c41b3d00c14?s=96&d=mm&r=g\",\"url\":\"https:\\\/\\\/secure.gravatar.com\\\/avatar\\\/8a09ac165600ce2e1c38fe593c63928eb1e6e7ba5c5a907d67787c41b3d00c14?s=96&d=mm&r=g\",\"contentUrl\":\"https:\\\/\\\/secure.gravatar.com\\\/avatar\\\/8a09ac165600ce2e1c38fe593c63928eb1e6e7ba5c5a907d67787c41b3d00c14?s=96&d=mm&r=g\",\"caption\":\"hotnewsinworld\"},\"url\":\"https:\\\/\\\/hotnewsinworld.com\\\/es\\\/author\\\/pt\\\/\"}]}<\/script>\n<!-- \/ Yoast SEO plugin. -->","yoast_head_json":{"title":"Dimite el ministro de Hacienda de Colombia que promovi\u00f3 la reforma tributaria - Hot News in World","robots":{"index":"index","follow":"follow","max-snippet":"max-snippet:-1","max-image-preview":"max-image-preview:large","max-video-preview":"max-video-preview:-1"},"canonical":"https:\/\/hotnewsinworld.com\/es\/dimite-el-ministro-de-hacienda-de-colombia-que-promovio-la-reforma-tributaria\/","og_locale":"es_ES","og_type":"article","og_title":"Dimite el ministro de Hacienda de Colombia que promovi\u00f3 la reforma tributaria - Hot News in World","og_description":"El ahora exministro de Hacienda y Cr\u00e9dito P\u00fablico de Colombia, Alberto Carrasquilla, en una conferencia en 2019.\u00c1ngeles Rodenas \/ EFELa crisis pol\u00edtica del Gobierno colombiano abierta tras la retirada de la reforma tributaria se ha llevado por delante al ministro de Hacienda. Alberto Carrasquilla, un economista ortodoxo que hab\u00eda planeado la subida de impuestos, dimiti\u00f3 [&hellip;]","og_url":"https:\/\/hotnewsinworld.com\/es\/dimite-el-ministro-de-hacienda-de-colombia-que-promovio-la-reforma-tributaria\/","og_site_name":"Hot News in World","article_published_time":"2021-05-04T01:31:10+00:00","article_modified_time":"2021-05-04T01:31:15+00:00","og_image":[{"width":2268,"height":1512,"url":"https:\/\/hotnewsinworld.com\/es\/wp-content\/uploads\/sites\/4\/2021\/05\/Dimite-el-ministro-de-Hacienda-de-Colombia-que-promovio-la.jpg","type":"image\/jpeg"}],"author":"hotnewsinworld","twitter_card":"summary_large_image","twitter_misc":{"Escrito por":"hotnewsinworld","Tiempo de lectura":"4 minutos"},"schema":{"@context":"https:\/\/schema.org","@graph":[{"@type":"Article","@id":"https:\/\/hotnewsinworld.com\/es\/dimite-el-ministro-de-hacienda-de-colombia-que-promovio-la-reforma-tributaria\/#article","isPartOf":{"@id":"https:\/\/hotnewsinworld.com\/es\/dimite-el-ministro-de-hacienda-de-colombia-que-promovio-la-reforma-tributaria\/"},"author":{"name":"hotnewsinworld","@id":"https:\/\/hotnewsinworld.com\/es\/#\/schema\/person\/fe61448b21c0d59086e75fcc1f9d8f6b"},"headline":"Dimite el ministro de Hacienda de Colombia que promovi\u00f3 la reforma tributaria","datePublished":"2021-05-04T01:31:10+00:00","dateModified":"2021-05-04T01:31:15+00:00","mainEntityOfPage":{"@id":"https:\/\/hotnewsinworld.com\/es\/dimite-el-ministro-de-hacienda-de-colombia-que-promovio-la-reforma-tributaria\/"},"wordCount":907,"commentCount":0,"image":{"@id":"https:\/\/hotnewsinworld.com\/es\/dimite-el-ministro-de-hacienda-de-colombia-que-promovio-la-reforma-tributaria\/#primaryimage"},"thumbnailUrl":"https:\/\/hotnewsinworld.com\/es\/wp-content\/uploads\/sites\/4\/2021\/05\/Dimite-el-ministro-de-Hacienda-de-Colombia-que-promovio-la.jpg","articleSection":["\u00daLTIMAS NOTICIAS FINANCIERAS"],"inLanguage":"es","potentialAction":[{"@type":"CommentAction","name":"Comment","target":["https:\/\/hotnewsinworld.com\/es\/dimite-el-ministro-de-hacienda-de-colombia-que-promovio-la-reforma-tributaria\/#respond"]}]},{"@type":"WebPage","@id":"https:\/\/hotnewsinworld.com\/es\/dimite-el-ministro-de-hacienda-de-colombia-que-promovio-la-reforma-tributaria\/","url":"https:\/\/hotnewsinworld.com\/es\/dimite-el-ministro-de-hacienda-de-colombia-que-promovio-la-reforma-tributaria\/","name":"Dimite el ministro de Hacienda de Colombia que promovi\u00f3 la reforma tributaria - Hot News in World","isPartOf":{"@id":"https:\/\/hotnewsinworld.com\/es\/#website"},"primaryImageOfPage":{"@id":"https:\/\/hotnewsinworld.com\/es\/dimite-el-ministro-de-hacienda-de-colombia-que-promovio-la-reforma-tributaria\/#primaryimage"},"image":{"@id":"https:\/\/hotnewsinworld.com\/es\/dimite-el-ministro-de-hacienda-de-colombia-que-promovio-la-reforma-tributaria\/#primaryimage"},"thumbnailUrl":"https:\/\/hotnewsinworld.com\/es\/wp-content\/uploads\/sites\/4\/2021\/05\/Dimite-el-ministro-de-Hacienda-de-Colombia-que-promovio-la.jpg","datePublished":"2021-05-04T01:31:10+00:00","dateModified":"2021-05-04T01:31:15+00:00","author":{"@id":"https:\/\/hotnewsinworld.com\/es\/#\/schema\/person\/fe61448b21c0d59086e75fcc1f9d8f6b"},"breadcrumb":{"@id":"https:\/\/hotnewsinworld.com\/es\/dimite-el-ministro-de-hacienda-de-colombia-que-promovio-la-reforma-tributaria\/#breadcrumb"},"inLanguage":"es","potentialAction":[{"@type":"ReadAction","target":["https:\/\/hotnewsinworld.com\/es\/dimite-el-ministro-de-hacienda-de-colombia-que-promovio-la-reforma-tributaria\/"]}]},{"@type":"ImageObject","inLanguage":"es","@id":"https:\/\/hotnewsinworld.com\/es\/dimite-el-ministro-de-hacienda-de-colombia-que-promovio-la-reforma-tributaria\/#primaryimage","url":"https:\/\/hotnewsinworld.com\/es\/wp-content\/uploads\/sites\/4\/2021\/05\/Dimite-el-ministro-de-Hacienda-de-Colombia-que-promovio-la.jpg","contentUrl":"https:\/\/hotnewsinworld.com\/es\/wp-content\/uploads\/sites\/4\/2021\/05\/Dimite-el-ministro-de-Hacienda-de-Colombia-que-promovio-la.jpg","width":2268,"height":1512,"caption":"Dimite el ministro de Hacienda de Colombia que promovi\u00f3 la reforma tributaria"},{"@type":"BreadcrumbList","@id":"https:\/\/hotnewsinworld.com\/es\/dimite-el-ministro-de-hacienda-de-colombia-que-promovio-la-reforma-tributaria\/#breadcrumb","itemListElement":[{"@type":"ListItem","position":1,"name":"\u0413\u043b\u0430\u0432\u043d\u0430\u044f \u0441\u0442\u0440\u0430\u043d\u0438\u0446\u0430","item":"https:\/\/hotnewsinworld.com\/es\/"},{"@type":"ListItem","position":2,"name":"Dimite el ministro de Hacienda de Colombia que promovi\u00f3 la reforma tributaria"}]},{"@type":"WebSite","@id":"https:\/\/hotnewsinworld.com\/es\/#website","url":"https:\/\/hotnewsinworld.com\/es\/","name":"Hot News in World","description":"Hot News in World from Spain","potentialAction":[{"@type":"SearchAction","target":{"@type":"EntryPoint","urlTemplate":"https:\/\/hotnewsinworld.com\/es\/?s={search_term_string}"},"query-input":{"@type":"PropertyValueSpecification","valueRequired":true,"valueName":"search_term_string"}}],"inLanguage":"es"},{"@type":"Person","@id":"https:\/\/hotnewsinworld.com\/es\/#\/schema\/person\/fe61448b21c0d59086e75fcc1f9d8f6b","name":"hotnewsinworld","image":{"@type":"ImageObject","inLanguage":"es","@id":"https:\/\/secure.gravatar.com\/avatar\/8a09ac165600ce2e1c38fe593c63928eb1e6e7ba5c5a907d67787c41b3d00c14?s=96&d=mm&r=g","url":"https:\/\/secure.gravatar.com\/avatar\/8a09ac165600ce2e1c38fe593c63928eb1e6e7ba5c5a907d67787c41b3d00c14?s=96&d=mm&r=g","contentUrl":"https:\/\/secure.gravatar.com\/avatar\/8a09ac165600ce2e1c38fe593c63928eb1e6e7ba5c5a907d67787c41b3d00c14?s=96&d=mm&r=g","caption":"hotnewsinworld"},"url":"https:\/\/hotnewsinworld.com\/es\/author\/pt\/"}]}},"_links":{"self":[{"href":"https:\/\/hotnewsinworld.com\/es\/wp-json\/wp\/v2\/posts\/2317","targetHints":{"allow":["GET"]}}],"collection":[{"href":"https:\/\/hotnewsinworld.com\/es\/wp-json\/wp\/v2\/posts"}],"about":[{"href":"https:\/\/hotnewsinworld.com\/es\/wp-json\/wp\/v2\/types\/post"}],"author":[{"embeddable":true,"href":"https:\/\/hotnewsinworld.com\/es\/wp-json\/wp\/v2\/users\/2"}],"replies":[{"embeddable":true,"href":"https:\/\/hotnewsinworld.com\/es\/wp-json\/wp\/v2\/comments?post=2317"}],"version-history":[{"count":1,"href":"https:\/\/hotnewsinworld.com\/es\/wp-json\/wp\/v2\/posts\/2317\/revisions"}],"predecessor-version":[{"id":2319,"href":"https:\/\/hotnewsinworld.com\/es\/wp-json\/wp\/v2\/posts\/2317\/revisions\/2319"}],"wp:featuredmedia":[{"embeddable":true,"href":"https:\/\/hotnewsinworld.com\/es\/wp-json\/wp\/v2\/media\/2318"}],"wp:attachment":[{"href":"https:\/\/hotnewsinworld.com\/es\/wp-json\/wp\/v2\/media?parent=2317"}],"wp:term":[{"taxonomy":"category","embeddable":true,"href":"https:\/\/hotnewsinworld.com\/es\/wp-json\/wp\/v2\/categories?post=2317"},{"taxonomy":"post_tag","embeddable":true,"href":"https:\/\/hotnewsinworld.com\/es\/wp-json\/wp\/v2\/tags?post=2317"}],"curies":[{"name":"wp","href":"https:\/\/api.w.org\/{rel}","templated":true}]}}