{"id":2329,"date":"2021-05-05T04:47:00","date_gmt":"2021-05-05T01:47:00","guid":{"rendered":"https:\/\/hotnewsinworld.com\/es\/pablo-iglesias-abandona-la-politica-tras-el-fracaso-de-la-izquierda-en-madrid\/"},"modified":"2021-05-05T04:47:02","modified_gmt":"2021-05-05T01:47:02","slug":"pablo-iglesias-abandona-la-politica-tras-el-fracaso-de-la-izquierda-en-madrid","status":"publish","type":"post","link":"https:\/\/hotnewsinworld.com\/es\/pablo-iglesias-abandona-la-politica-tras-el-fracaso-de-la-izquierda-en-madrid\/","title":{"rendered":"Pablo Iglesias abandona la pol\u00edtica tras el \u201cfracaso\u201d de la izquierda en Madrid"},"content":{"rendered":"<p>Pablo Iglesias se va. El candidato de Unidas Podemos ha anunciado la noche de este martes que abandona todos los cargos institucionales en pol\u00edtica. El secretario general de la formaci\u00f3n, que con su entrada en la batalla electoral por Madrid se echaba sobre los hombros toda la responsabilidad del resultado, no ha logrado ser el revulsivo que pretend\u00eda cuando decidi\u00f3 dejar la vicepresidencia del Gobierno. Tras una campa\u00f1a tensa, marcada por las amenazas de muerte en su contra, los datos de UP en la regi\u00f3n, 10 esca\u00f1os y 7,21% de apoyo, han precipitado una salida que Iglesias llevaba un tiempo preparando.\u201cDejo todos mis cargos. Dejo la pol\u00edtica entendida como pol\u00edtica de partido e institucional\u201d, ha se\u00f1alado el candidato en su comparecencia. \u201cSeguir\u00e9 comprometido con mi pa\u00eds, pero no voy a ser un tap\u00f3n para la renovaci\u00f3n de liderazgos que se tiene que producir en nuestra fuerza pol\u00edtica\u201d, ha manifestado rodeado de la plana mayor del partido, incluidas las ministras Irene Montero y Ione Belarra. Iglesias ha asegurado que se ha convertido en un \u201cchivo expiatorio\u201d que moviliza \u201clos afectos m\u00e1s oscuros y contrarios a la democracia\u201d y ha decidido dar un paso atr\u00e1s consciente de que no contribuye a \u201csumar\u201d para que el proyecto de Unidas Podemos pueda \u201cconsolidar su peso institucional\u201d.Fotogaler\u00eda: La noche de las elecciones auton\u00f3micas en Madrid, en im\u00e1genes\u201cEl \u00e9xito electoral impresionante de la derecha trumpista que representa Ayuso es una tragedia para la sanidad, la educaci\u00f3n y los servicios p\u00fablicos\u201d, ha valorado Iglesias. \u201cAuguro que estos resultados van a agudizar los problemas territoriales en Espa\u00f1a. Nunca Madrid hab\u00eda sido tan diferente\u201d, ha se\u00f1alado el todav\u00eda l\u00edder de UP, quien ha alertado de que la \u201cdeslealtad institucional de la Comunidad de Madrid hacia el Gobierno de Espa\u00f1a y otras instituciones se va a intensificar\u201d.\u201cHemos fracasado\u201d, ha se\u00f1alado Iglesias para referirse a los resultados de la izquierda en estas elecciones. \u201cHemos estado muy lejos de sumar una mayor\u00eda suficiente para armar un Gobierno decente\u201d, ha dicho, aunque ha felicitado a la candidata de M\u00e1s Madrid, M\u00f3nica Garc\u00eda, que ha superado al PSOE en n\u00famero de votos.Despu\u00e9s de los retrocesos en Galicia y Pa\u00eds Vasco y de salvar los muebles en Catalu\u00f1a al obtener el mismo resultado que cuatro a\u00f1os antes, en marzo, Iglesias decidi\u00f3 dejar el Ejecutivo de coalici\u00f3n con el objetivo de salvar a la formaci\u00f3n en Madrid, \u201cparar al fascismo\u201d y evitar que la ultraderecha \u201centrara por primera vez\u201d en democracia a formar parte de un Gobierno en Espa\u00f1a. Las encuestas previas al anuncio de su candidatura situaban a Unidas Podemos por debajo del 5% de voto necesario para obtener representaci\u00f3n en el parlamento regional y con \u00e9l en la lista ese peligro se esfumaba.Ligera mejoraCon todo, la formaci\u00f3n mejora ligeramente los resultados obtenidos en los comicios de 2019 (siete esca\u00f1os y el 5,6% de los votos), pero muy lejos de los 27 diputados de 2015 y con un cartel bien distinto. Hace dos a\u00f1os, la candidata a la presidencia era una desconocida Isabel Serra, que hubo de asumir el reto tras la espantada de \u00cd\u00f1igo Errej\u00f3n para fundar M\u00e1s Madrid junto a la alcaldesa Manuela Carmena. Aquel movimiento puso en evidencia la en\u00e9sima lucha dentro de la izquierda y releg\u00f3 a Podemos al \u00faltimo puesto en la Asamblea. Ahora, pese a tener a Iglesias al frente, M\u00e1s Madrid saca m\u00e1s del doble de esca\u00f1os que UP, y lo hace con una aspirante hasta hace poco desconocida para la mayor\u00eda, M\u00f3nica Garc\u00eda, pero que ha sabido crecer en campa\u00f1a y hacer sombra al exvicepresidente, quien le ofreci\u00f3 hace semanas una candidatura conjunta que ella rechaz\u00f3.Desde su renuncia en el Congreso de los Diputados y el Consejo de Ministros, que decidi\u00f3 consciente del desgaste que ha sufrido su figura en los \u00faltimos a\u00f1os, Iglesias hab\u00eda abierto la puerta a nuevos liderazgos. El primero ha sido consumado ya dentro del Gobierno de coalici\u00f3n al aupar a la titular de Trabajo, Yolanda D\u00edaz, a la vicepresidencia tercera y se\u00f1alarla como futura cabeza de lista en unas generales. El segundo, al frente de la secretar\u00eda general del partido, deber\u00eda esperar a\u00fan dos a\u00f1os, fecha del pr\u00f3ximo congreso, y en cualquier caso ser\u00eda una mujer la encargada de tomar las riendas de la formaci\u00f3n, seg\u00fan hab\u00eda manifestado el propio candidato a lo largo de la campa\u00f1a. Con el anuncio de la noche del martes los plazos saltan por los aires y a partir de este mi\u00e9rcoles se abre una etapa para decidir el futuro de la direcci\u00f3n, una cuesti\u00f3n compleja despu\u00e9s de que Iglesias haya construido estos a\u00f1os un Podemos cerrado en torno a su liderazgo. Hasta ahora, era el \u00fanico de los fundadores que resist\u00eda al frente de la organizaci\u00f3n. Carolina Bescansa, Luis Alegre e \u00cd\u00f1igo Errej\u00f3n fueron apartados en diferentes etapas por discrepancias con \u00e9l.El paso atr\u00e1s del l\u00edder de la formaci\u00f3n constata tambi\u00e9n el fracaso en la estrategia de las \u00faltimas semanas. Unidas Podemos dise\u00f1\u00f3 una campa\u00f1a para la \u201cmayor\u00eda trabajadora\u201d, volcada en las ciudades y distritos m\u00e1s castigados de la Comunidad, que buscaba elevar la participaci\u00f3n en estas zonas tradicionalmente abstencionistas, pero el escrutinio muestra que pese a haber conseguido su objetivo, los feudos de la derecha se movilizaron mucho m\u00e1s. \u201cLos datos son alt\u00edsimos, pero no hemos conseguido el objetivo que busc\u00e1bamos\u201d, ha reconocido Iglesias. \u201cAl contrario, se ha consolidado la victoria de la derecha y la presencia institucional de la ultraderecha\u201d, ha a\u00f1adido.Unidas Podemos tampoco ha sabido rentabilizar electoralmente los logros dentro del Gobierno, otra de las l\u00edneas argumentales esgrimidas tanto por el cabeza de lista como por las ministras de UP. \u201cSomos garant\u00eda de que con nosotros lo firmado se cumple\u201d, repet\u00eda el exvicepresidente en cada una de sus intervenciones p\u00fablicas. Los ERTE, el ingreso m\u00ednimo vital, la paralizaci\u00f3n de los cortes de suministros o la ley de vivienda que a\u00fan se negocia para poner l\u00edmite al precio de los alquileres.Lo que s\u00ed supo hacer Iglesias fue marcar el discurso en campa\u00f1a. Lo logr\u00f3 primero con el inesperado anuncio de su candidatura, y despu\u00e9s, cuando arrastr\u00f3 al resto de aspirantes de la izquierda a la disyuntiva entre democracia o fascismo. En estas dos semanas, el candidato ha recibido sendas misivas con amenazas de muerte. Una de ellas iba dirigida tambi\u00e9n a miembros de su familia. El exvicepresidente lleva m\u00e1s de un a\u00f1o soportando el acoso diario de un grupo de ultras en la puerta de su casa e incluso el pasado verano se vio forzado a suspender unas vacaciones en Asturias despu\u00e9s de un episodio similar en la residencia que hab\u00edan elegido para su descanso. La complicada situaci\u00f3n personal, el haber traspasado ya el liderazgo electoral a D\u00edaz y los malos resultados en Madrid, la comunidad que vio nacer a Podemos, han acelerado la transici\u00f3n tambi\u00e9n al frente del partido.En su discurso de despedida, el exvicepresidente ha destacado la necesidad de renovar la formaci\u00f3n \u201csin ninguna figura que pueda contribuir a ensombrecer\u201d los nuevos liderazgos. \u201cCreo que Isa Serra se ve acompa\u00f1ada ahora de un equipo enormemente potente para hacer oposici\u00f3n en la Asamblea y aspirar a construir una alternativa a la derecha\u201d, ha a\u00f1adido Iglesias, para quien el partido debe cumplir ahora con la \u201cpromesa de feminizaci\u00f3n de su propuesta pol\u00edtica\u201d.El todav\u00eda secretario general de Podemos ha repasado los logros de la formaci\u00f3n en sus siete a\u00f1os de vida. \u201cEstoy enormemente orgulloso de haber liderado un proyecto pol\u00edtico que cambi\u00f3 la historia de nuestro pa\u00eds, que termin\u00f3 con el bipartidismo\u201d, ha manifestado Iglesias, quien ha repetido que cuando \u201cuno deja de ser \u00fatil tiene que saber retirarse\u201d. El exvicepresidente ha terminado su intervenci\u00f3n recitando unos versos del cantautor Silvio Rodr\u00edguez: \u201cYo no s\u00e9 lo que es el destino. Caminando fui lo que fui\u201d. \u201cHasta siempre\u201d, se ha despedido Iglesias entre abrazos y aplausos del resto de candidatos y miembros de la direcci\u00f3n del partido.En v\u00eddeo, el discurso \u00edntegro de despedida de Pablo Iglesias.(FOTO: EFE | V\u00cdDEO: EPV)Suscr\u00edbete aqu\u00ed a nuestra nueva newsletter sobre Madrid<br \/>\n<br \/>\n<!--noindex--><br \/>\n<a href=\"https:\/\/elpais.com\/espana\/elecciones-madrid\/2021-05-04\/pablo-iglesias-anuncia-su-salida-de-la-politica-tras-el-fracaso-en-madrid.html\" rel=\"nofollow\">Source link <\/a><br \/>\n<!--\/noindex--><\/p>\n","protected":false},"excerpt":{"rendered":"<p>Pablo Iglesias se va. El candidato de Unidas Podemos ha anunciado la noche de este martes que abandona todos los cargos institucionales en pol\u00edtica. El secretario general de la formaci\u00f3n, que con su entrada en la batalla electoral por Madrid se echaba sobre los hombros toda la responsabilidad del resultado, no ha logrado ser el [&hellip;]<\/p>\n","protected":false},"author":2,"featured_media":2330,"comment_status":"open","ping_status":"open","sticky":false,"template":"","format":"standard","meta":{"footnotes":""},"categories":[1],"tags":[],"class_list":["post-2329","post","type-post","status-publish","format-standard","has-post-thumbnail","hentry","category-ultimas-noticias-financieras"],"yoast_head":"<!-- This site is optimized with the Yoast SEO plugin v27.4 - https:\/\/yoast.com\/product\/yoast-seo-wordpress\/ -->\n<title>Pablo Iglesias abandona la pol\u00edtica tras el \u201cfracaso\u201d de la izquierda en Madrid - Hot News in World<\/title>\n<meta name=\"robots\" content=\"index, follow, max-snippet:-1, max-image-preview:large, max-video-preview:-1\" \/>\n<link rel=\"canonical\" href=\"https:\/\/hotnewsinworld.com\/es\/pablo-iglesias-abandona-la-politica-tras-el-fracaso-de-la-izquierda-en-madrid\/\" \/>\n<meta property=\"og:locale\" content=\"es_ES\" \/>\n<meta property=\"og:type\" content=\"article\" \/>\n<meta property=\"og:title\" content=\"Pablo Iglesias abandona la pol\u00edtica tras el \u201cfracaso\u201d de la izquierda en Madrid - Hot News in World\" \/>\n<meta property=\"og:description\" content=\"Pablo Iglesias se va. El candidato de Unidas Podemos ha anunciado la noche de este martes que abandona todos los cargos institucionales en pol\u00edtica. El secretario general de la formaci\u00f3n, que con su entrada en la batalla electoral por Madrid se echaba sobre los hombros toda la responsabilidad del resultado, no ha logrado ser el [&hellip;]\" \/>\n<meta property=\"og:url\" content=\"https:\/\/hotnewsinworld.com\/es\/pablo-iglesias-abandona-la-politica-tras-el-fracaso-de-la-izquierda-en-madrid\/\" \/>\n<meta property=\"og:site_name\" content=\"Hot News in World\" \/>\n<meta property=\"article:published_time\" content=\"2021-05-05T01:47:00+00:00\" \/>\n<meta property=\"article:modified_time\" content=\"2021-05-05T01:47:02+00:00\" \/>\n<meta property=\"og:image\" content=\"https:\/\/hotnewsinworld.com\/es\/wp-content\/uploads\/sites\/4\/2021\/05\/Pablo-Iglesias-abandona-la-politica-tras-el-fracaso-de-la.jpg\" \/>\n\t<meta property=\"og:image:width\" content=\"1\" \/>\n\t<meta property=\"og:image:height\" content=\"1\" \/>\n\t<meta property=\"og:image:type\" content=\"image\/jpeg\" \/>\n<meta name=\"author\" content=\"hotnewsinworld\" \/>\n<meta name=\"twitter:card\" content=\"summary_large_image\" \/>\n<meta name=\"twitter:label1\" content=\"Escrito por\" \/>\n\t<meta name=\"twitter:data1\" content=\"hotnewsinworld\" \/>\n\t<meta name=\"twitter:label2\" content=\"Tiempo de lectura\" \/>\n\t<meta name=\"twitter:data2\" content=\"7 minutos\" \/>\n<script type=\"application\/ld+json\" class=\"yoast-schema-graph\">{\"@context\":\"https:\\\/\\\/schema.org\",\"@graph\":[{\"@type\":\"Article\",\"@id\":\"https:\\\/\\\/hotnewsinworld.com\\\/es\\\/pablo-iglesias-abandona-la-politica-tras-el-fracaso-de-la-izquierda-en-madrid\\\/#article\",\"isPartOf\":{\"@id\":\"https:\\\/\\\/hotnewsinworld.com\\\/es\\\/pablo-iglesias-abandona-la-politica-tras-el-fracaso-de-la-izquierda-en-madrid\\\/\"},\"author\":{\"name\":\"hotnewsinworld\",\"@id\":\"https:\\\/\\\/hotnewsinworld.com\\\/es\\\/#\\\/schema\\\/person\\\/fe61448b21c0d59086e75fcc1f9d8f6b\"},\"headline\":\"Pablo Iglesias abandona la pol\u00edtica tras el \u201cfracaso\u201d de la izquierda en Madrid\",\"datePublished\":\"2021-05-05T01:47:00+00:00\",\"dateModified\":\"2021-05-05T01:47:02+00:00\",\"mainEntityOfPage\":{\"@id\":\"https:\\\/\\\/hotnewsinworld.com\\\/es\\\/pablo-iglesias-abandona-la-politica-tras-el-fracaso-de-la-izquierda-en-madrid\\\/\"},\"wordCount\":1468,\"commentCount\":0,\"image\":{\"@id\":\"https:\\\/\\\/hotnewsinworld.com\\\/es\\\/pablo-iglesias-abandona-la-politica-tras-el-fracaso-de-la-izquierda-en-madrid\\\/#primaryimage\"},\"thumbnailUrl\":\"https:\\\/\\\/hotnewsinworld.com\\\/es\\\/wp-content\\\/uploads\\\/sites\\\/4\\\/2021\\\/05\\\/Pablo-Iglesias-abandona-la-politica-tras-el-fracaso-de-la.jpg\",\"articleSection\":[\"\u00daLTIMAS NOTICIAS FINANCIERAS\"],\"inLanguage\":\"es\",\"potentialAction\":[{\"@type\":\"CommentAction\",\"name\":\"Comment\",\"target\":[\"https:\\\/\\\/hotnewsinworld.com\\\/es\\\/pablo-iglesias-abandona-la-politica-tras-el-fracaso-de-la-izquierda-en-madrid\\\/#respond\"]}]},{\"@type\":\"WebPage\",\"@id\":\"https:\\\/\\\/hotnewsinworld.com\\\/es\\\/pablo-iglesias-abandona-la-politica-tras-el-fracaso-de-la-izquierda-en-madrid\\\/\",\"url\":\"https:\\\/\\\/hotnewsinworld.com\\\/es\\\/pablo-iglesias-abandona-la-politica-tras-el-fracaso-de-la-izquierda-en-madrid\\\/\",\"name\":\"Pablo Iglesias abandona la pol\u00edtica tras el \u201cfracaso\u201d de la izquierda en Madrid - Hot News in World\",\"isPartOf\":{\"@id\":\"https:\\\/\\\/hotnewsinworld.com\\\/es\\\/#website\"},\"primaryImageOfPage\":{\"@id\":\"https:\\\/\\\/hotnewsinworld.com\\\/es\\\/pablo-iglesias-abandona-la-politica-tras-el-fracaso-de-la-izquierda-en-madrid\\\/#primaryimage\"},\"image\":{\"@id\":\"https:\\\/\\\/hotnewsinworld.com\\\/es\\\/pablo-iglesias-abandona-la-politica-tras-el-fracaso-de-la-izquierda-en-madrid\\\/#primaryimage\"},\"thumbnailUrl\":\"https:\\\/\\\/hotnewsinworld.com\\\/es\\\/wp-content\\\/uploads\\\/sites\\\/4\\\/2021\\\/05\\\/Pablo-Iglesias-abandona-la-politica-tras-el-fracaso-de-la.jpg\",\"datePublished\":\"2021-05-05T01:47:00+00:00\",\"dateModified\":\"2021-05-05T01:47:02+00:00\",\"author\":{\"@id\":\"https:\\\/\\\/hotnewsinworld.com\\\/es\\\/#\\\/schema\\\/person\\\/fe61448b21c0d59086e75fcc1f9d8f6b\"},\"breadcrumb\":{\"@id\":\"https:\\\/\\\/hotnewsinworld.com\\\/es\\\/pablo-iglesias-abandona-la-politica-tras-el-fracaso-de-la-izquierda-en-madrid\\\/#breadcrumb\"},\"inLanguage\":\"es\",\"potentialAction\":[{\"@type\":\"ReadAction\",\"target\":[\"https:\\\/\\\/hotnewsinworld.com\\\/es\\\/pablo-iglesias-abandona-la-politica-tras-el-fracaso-de-la-izquierda-en-madrid\\\/\"]}]},{\"@type\":\"ImageObject\",\"inLanguage\":\"es\",\"@id\":\"https:\\\/\\\/hotnewsinworld.com\\\/es\\\/pablo-iglesias-abandona-la-politica-tras-el-fracaso-de-la-izquierda-en-madrid\\\/#primaryimage\",\"url\":\"https:\\\/\\\/hotnewsinworld.com\\\/es\\\/wp-content\\\/uploads\\\/sites\\\/4\\\/2021\\\/05\\\/Pablo-Iglesias-abandona-la-politica-tras-el-fracaso-de-la.jpg\",\"contentUrl\":\"https:\\\/\\\/hotnewsinworld.com\\\/es\\\/wp-content\\\/uploads\\\/sites\\\/4\\\/2021\\\/05\\\/Pablo-Iglesias-abandona-la-politica-tras-el-fracaso-de-la.jpg\",\"caption\":\"Pablo Iglesias abandona la pol\u00edtica tras el \u201cfracaso\u201d de la izquierda en Madrid\"},{\"@type\":\"BreadcrumbList\",\"@id\":\"https:\\\/\\\/hotnewsinworld.com\\\/es\\\/pablo-iglesias-abandona-la-politica-tras-el-fracaso-de-la-izquierda-en-madrid\\\/#breadcrumb\",\"itemListElement\":[{\"@type\":\"ListItem\",\"position\":1,\"name\":\"\u0413\u043b\u0430\u0432\u043d\u0430\u044f \u0441\u0442\u0440\u0430\u043d\u0438\u0446\u0430\",\"item\":\"https:\\\/\\\/hotnewsinworld.com\\\/es\\\/\"},{\"@type\":\"ListItem\",\"position\":2,\"name\":\"Pablo Iglesias abandona la pol\u00edtica tras el \u201cfracaso\u201d de la izquierda en Madrid\"}]},{\"@type\":\"WebSite\",\"@id\":\"https:\\\/\\\/hotnewsinworld.com\\\/es\\\/#website\",\"url\":\"https:\\\/\\\/hotnewsinworld.com\\\/es\\\/\",\"name\":\"Hot News in World\",\"description\":\"Hot News in World from Spain\",\"potentialAction\":[{\"@type\":\"SearchAction\",\"target\":{\"@type\":\"EntryPoint\",\"urlTemplate\":\"https:\\\/\\\/hotnewsinworld.com\\\/es\\\/?s={search_term_string}\"},\"query-input\":{\"@type\":\"PropertyValueSpecification\",\"valueRequired\":true,\"valueName\":\"search_term_string\"}}],\"inLanguage\":\"es\"},{\"@type\":\"Person\",\"@id\":\"https:\\\/\\\/hotnewsinworld.com\\\/es\\\/#\\\/schema\\\/person\\\/fe61448b21c0d59086e75fcc1f9d8f6b\",\"name\":\"hotnewsinworld\",\"image\":{\"@type\":\"ImageObject\",\"inLanguage\":\"es\",\"@id\":\"https:\\\/\\\/secure.gravatar.com\\\/avatar\\\/8a09ac165600ce2e1c38fe593c63928eb1e6e7ba5c5a907d67787c41b3d00c14?s=96&d=mm&r=g\",\"url\":\"https:\\\/\\\/secure.gravatar.com\\\/avatar\\\/8a09ac165600ce2e1c38fe593c63928eb1e6e7ba5c5a907d67787c41b3d00c14?s=96&d=mm&r=g\",\"contentUrl\":\"https:\\\/\\\/secure.gravatar.com\\\/avatar\\\/8a09ac165600ce2e1c38fe593c63928eb1e6e7ba5c5a907d67787c41b3d00c14?s=96&d=mm&r=g\",\"caption\":\"hotnewsinworld\"},\"url\":\"https:\\\/\\\/hotnewsinworld.com\\\/es\\\/author\\\/pt\\\/\"}]}<\/script>\n<!-- \/ Yoast SEO plugin. -->","yoast_head_json":{"title":"Pablo Iglesias abandona la pol\u00edtica tras el \u201cfracaso\u201d de la izquierda en Madrid - Hot News in World","robots":{"index":"index","follow":"follow","max-snippet":"max-snippet:-1","max-image-preview":"max-image-preview:large","max-video-preview":"max-video-preview:-1"},"canonical":"https:\/\/hotnewsinworld.com\/es\/pablo-iglesias-abandona-la-politica-tras-el-fracaso-de-la-izquierda-en-madrid\/","og_locale":"es_ES","og_type":"article","og_title":"Pablo Iglesias abandona la pol\u00edtica tras el \u201cfracaso\u201d de la izquierda en Madrid - Hot News in World","og_description":"Pablo Iglesias se va. El candidato de Unidas Podemos ha anunciado la noche de este martes que abandona todos los cargos institucionales en pol\u00edtica. El secretario general de la formaci\u00f3n, que con su entrada en la batalla electoral por Madrid se echaba sobre los hombros toda la responsabilidad del resultado, no ha logrado ser el [&hellip;]","og_url":"https:\/\/hotnewsinworld.com\/es\/pablo-iglesias-abandona-la-politica-tras-el-fracaso-de-la-izquierda-en-madrid\/","og_site_name":"Hot News in World","article_published_time":"2021-05-05T01:47:00+00:00","article_modified_time":"2021-05-05T01:47:02+00:00","og_image":[{"url":"https:\/\/hotnewsinworld.com\/es\/wp-content\/uploads\/sites\/4\/2021\/05\/Pablo-Iglesias-abandona-la-politica-tras-el-fracaso-de-la.jpg","width":1,"height":1,"type":"image\/jpeg"}],"author":"hotnewsinworld","twitter_card":"summary_large_image","twitter_misc":{"Escrito por":"hotnewsinworld","Tiempo de lectura":"7 minutos"},"schema":{"@context":"https:\/\/schema.org","@graph":[{"@type":"Article","@id":"https:\/\/hotnewsinworld.com\/es\/pablo-iglesias-abandona-la-politica-tras-el-fracaso-de-la-izquierda-en-madrid\/#article","isPartOf":{"@id":"https:\/\/hotnewsinworld.com\/es\/pablo-iglesias-abandona-la-politica-tras-el-fracaso-de-la-izquierda-en-madrid\/"},"author":{"name":"hotnewsinworld","@id":"https:\/\/hotnewsinworld.com\/es\/#\/schema\/person\/fe61448b21c0d59086e75fcc1f9d8f6b"},"headline":"Pablo Iglesias abandona la pol\u00edtica tras el \u201cfracaso\u201d de la izquierda en Madrid","datePublished":"2021-05-05T01:47:00+00:00","dateModified":"2021-05-05T01:47:02+00:00","mainEntityOfPage":{"@id":"https:\/\/hotnewsinworld.com\/es\/pablo-iglesias-abandona-la-politica-tras-el-fracaso-de-la-izquierda-en-madrid\/"},"wordCount":1468,"commentCount":0,"image":{"@id":"https:\/\/hotnewsinworld.com\/es\/pablo-iglesias-abandona-la-politica-tras-el-fracaso-de-la-izquierda-en-madrid\/#primaryimage"},"thumbnailUrl":"https:\/\/hotnewsinworld.com\/es\/wp-content\/uploads\/sites\/4\/2021\/05\/Pablo-Iglesias-abandona-la-politica-tras-el-fracaso-de-la.jpg","articleSection":["\u00daLTIMAS NOTICIAS FINANCIERAS"],"inLanguage":"es","potentialAction":[{"@type":"CommentAction","name":"Comment","target":["https:\/\/hotnewsinworld.com\/es\/pablo-iglesias-abandona-la-politica-tras-el-fracaso-de-la-izquierda-en-madrid\/#respond"]}]},{"@type":"WebPage","@id":"https:\/\/hotnewsinworld.com\/es\/pablo-iglesias-abandona-la-politica-tras-el-fracaso-de-la-izquierda-en-madrid\/","url":"https:\/\/hotnewsinworld.com\/es\/pablo-iglesias-abandona-la-politica-tras-el-fracaso-de-la-izquierda-en-madrid\/","name":"Pablo Iglesias abandona la pol\u00edtica tras el \u201cfracaso\u201d de la izquierda en Madrid - Hot News in World","isPartOf":{"@id":"https:\/\/hotnewsinworld.com\/es\/#website"},"primaryImageOfPage":{"@id":"https:\/\/hotnewsinworld.com\/es\/pablo-iglesias-abandona-la-politica-tras-el-fracaso-de-la-izquierda-en-madrid\/#primaryimage"},"image":{"@id":"https:\/\/hotnewsinworld.com\/es\/pablo-iglesias-abandona-la-politica-tras-el-fracaso-de-la-izquierda-en-madrid\/#primaryimage"},"thumbnailUrl":"https:\/\/hotnewsinworld.com\/es\/wp-content\/uploads\/sites\/4\/2021\/05\/Pablo-Iglesias-abandona-la-politica-tras-el-fracaso-de-la.jpg","datePublished":"2021-05-05T01:47:00+00:00","dateModified":"2021-05-05T01:47:02+00:00","author":{"@id":"https:\/\/hotnewsinworld.com\/es\/#\/schema\/person\/fe61448b21c0d59086e75fcc1f9d8f6b"},"breadcrumb":{"@id":"https:\/\/hotnewsinworld.com\/es\/pablo-iglesias-abandona-la-politica-tras-el-fracaso-de-la-izquierda-en-madrid\/#breadcrumb"},"inLanguage":"es","potentialAction":[{"@type":"ReadAction","target":["https:\/\/hotnewsinworld.com\/es\/pablo-iglesias-abandona-la-politica-tras-el-fracaso-de-la-izquierda-en-madrid\/"]}]},{"@type":"ImageObject","inLanguage":"es","@id":"https:\/\/hotnewsinworld.com\/es\/pablo-iglesias-abandona-la-politica-tras-el-fracaso-de-la-izquierda-en-madrid\/#primaryimage","url":"https:\/\/hotnewsinworld.com\/es\/wp-content\/uploads\/sites\/4\/2021\/05\/Pablo-Iglesias-abandona-la-politica-tras-el-fracaso-de-la.jpg","contentUrl":"https:\/\/hotnewsinworld.com\/es\/wp-content\/uploads\/sites\/4\/2021\/05\/Pablo-Iglesias-abandona-la-politica-tras-el-fracaso-de-la.jpg","caption":"Pablo Iglesias abandona la pol\u00edtica tras el \u201cfracaso\u201d de la izquierda en Madrid"},{"@type":"BreadcrumbList","@id":"https:\/\/hotnewsinworld.com\/es\/pablo-iglesias-abandona-la-politica-tras-el-fracaso-de-la-izquierda-en-madrid\/#breadcrumb","itemListElement":[{"@type":"ListItem","position":1,"name":"\u0413\u043b\u0430\u0432\u043d\u0430\u044f \u0441\u0442\u0440\u0430\u043d\u0438\u0446\u0430","item":"https:\/\/hotnewsinworld.com\/es\/"},{"@type":"ListItem","position":2,"name":"Pablo Iglesias abandona la pol\u00edtica tras el \u201cfracaso\u201d de la izquierda en Madrid"}]},{"@type":"WebSite","@id":"https:\/\/hotnewsinworld.com\/es\/#website","url":"https:\/\/hotnewsinworld.com\/es\/","name":"Hot News in World","description":"Hot News in World from Spain","potentialAction":[{"@type":"SearchAction","target":{"@type":"EntryPoint","urlTemplate":"https:\/\/hotnewsinworld.com\/es\/?s={search_term_string}"},"query-input":{"@type":"PropertyValueSpecification","valueRequired":true,"valueName":"search_term_string"}}],"inLanguage":"es"},{"@type":"Person","@id":"https:\/\/hotnewsinworld.com\/es\/#\/schema\/person\/fe61448b21c0d59086e75fcc1f9d8f6b","name":"hotnewsinworld","image":{"@type":"ImageObject","inLanguage":"es","@id":"https:\/\/secure.gravatar.com\/avatar\/8a09ac165600ce2e1c38fe593c63928eb1e6e7ba5c5a907d67787c41b3d00c14?s=96&d=mm&r=g","url":"https:\/\/secure.gravatar.com\/avatar\/8a09ac165600ce2e1c38fe593c63928eb1e6e7ba5c5a907d67787c41b3d00c14?s=96&d=mm&r=g","contentUrl":"https:\/\/secure.gravatar.com\/avatar\/8a09ac165600ce2e1c38fe593c63928eb1e6e7ba5c5a907d67787c41b3d00c14?s=96&d=mm&r=g","caption":"hotnewsinworld"},"url":"https:\/\/hotnewsinworld.com\/es\/author\/pt\/"}]}},"_links":{"self":[{"href":"https:\/\/hotnewsinworld.com\/es\/wp-json\/wp\/v2\/posts\/2329","targetHints":{"allow":["GET"]}}],"collection":[{"href":"https:\/\/hotnewsinworld.com\/es\/wp-json\/wp\/v2\/posts"}],"about":[{"href":"https:\/\/hotnewsinworld.com\/es\/wp-json\/wp\/v2\/types\/post"}],"author":[{"embeddable":true,"href":"https:\/\/hotnewsinworld.com\/es\/wp-json\/wp\/v2\/users\/2"}],"replies":[{"embeddable":true,"href":"https:\/\/hotnewsinworld.com\/es\/wp-json\/wp\/v2\/comments?post=2329"}],"version-history":[{"count":1,"href":"https:\/\/hotnewsinworld.com\/es\/wp-json\/wp\/v2\/posts\/2329\/revisions"}],"predecessor-version":[{"id":2331,"href":"https:\/\/hotnewsinworld.com\/es\/wp-json\/wp\/v2\/posts\/2329\/revisions\/2331"}],"wp:featuredmedia":[{"embeddable":true,"href":"https:\/\/hotnewsinworld.com\/es\/wp-json\/wp\/v2\/media\/2330"}],"wp:attachment":[{"href":"https:\/\/hotnewsinworld.com\/es\/wp-json\/wp\/v2\/media?parent=2329"}],"wp:term":[{"taxonomy":"category","embeddable":true,"href":"https:\/\/hotnewsinworld.com\/es\/wp-json\/wp\/v2\/categories?post=2329"},{"taxonomy":"post_tag","embeddable":true,"href":"https:\/\/hotnewsinworld.com\/es\/wp-json\/wp\/v2\/tags?post=2329"}],"curies":[{"name":"wp","href":"https:\/\/api.w.org\/{rel}","templated":true}]}}