{"id":2353,"date":"2021-05-07T05:11:39","date_gmt":"2021-05-07T02:11:39","guid":{"rendered":"https:\/\/hotnewsinworld.com\/es\/el-derrumbe-en-la-linea-12-del-metro-pone-en-la-mira-la-politica-de-austeridad-del-gobierno\/"},"modified":"2021-05-07T05:11:48","modified_gmt":"2021-05-07T02:11:48","slug":"el-derrumbe-en-la-linea-12-del-metro-pone-en-la-mira-la-politica-de-austeridad-del-gobierno","status":"publish","type":"post","link":"https:\/\/hotnewsinworld.com\/es\/el-derrumbe-en-la-linea-12-del-metro-pone-en-la-mira-la-politica-de-austeridad-del-gobierno\/","title":{"rendered":"El derrumbe en la L\u00ednea 12 del metro pone en la mira la pol\u00edtica de austeridad del Gobierno"},"content":{"rendered":"<p>Claudia Sheinbaum y L\u00f3pez Obrador, en la primera rueda de prensa tras el derrumbe en la L\u00ednea 12 del metro.Jos\u00e9 M\u00e9ndez \/ EFELa tragedia de la L\u00ednea 12 del metro ha puesto en el punto de mira la pol\u00edtica de austeridad del Gobierno federal y de Ciudad de M\u00e9xico. La jefa de Gobierno, Claudia Sheinbaum, ha negado que la ca\u00edda del presupuesto haya comprometido la operaci\u00f3n y el mantenimiento del sistema del transporte colectivo y que fuera una de las causas del derrumbe cerca de la estaci\u00f3n Olivos, en el que murieron al menos 25 personas y decenas m\u00e1s resultaron lesionadas. \u201cEl metro ha tenido recursos suficientes, no vamos a escatimar nunca con los recursos que se requieran\u201d, ha dicho la mandataria este jueves, en una conferencia de prensa que se centr\u00f3 en responder a las cr\u00edticas sobre c\u00f3mo y en qu\u00e9 se gasta el dinero para garantizar la movilidad diaria de cerca de cinco millones de usuarios.M\u00e1s informaci\u00f3n\u201cEsta falsa idea de que es por un asunto de austeridad no tiene absolutamente nada que ver\u201d, ha defendido Sheinbaum y ha se\u00f1alado que el proyecto pol\u00edtico del presidente Andr\u00e9s Manuel L\u00f3pez Obrador, su compa\u00f1ero de partido, solo defiende que se disminuyan o eliminen los gastos suntuarios del Gobierno, no los esenciales. El mantra de L\u00f3pez Obrador desde su llegada al poder en diciembre de 2018 es hacer m\u00e1s con menos, una pol\u00edtica que ha acabado con los vuelos en el avi\u00f3n presidencial, pero que tambi\u00e9n ha sido expuesta por limitar el uso de papeler\u00eda, luz y otros insumos b\u00e1sicos a los trabajadores del sector p\u00fablico. El presidente ha reducido los sueldos de los funcionarios y ha propuesto, por ejemplo, que compartan sus computadoras para ahorrar en gastos. Reacio a impulsar una reforma fiscal, con impuestos progresivos a los m\u00e1s ricos, el mandatario defiende que habr\u00e1 dinero suficiente con los recortes y el combate a la corrupci\u00f3n.A la luz de la tragedia de esta semana, el discurso austero del presidente ha perdido su brillo. T\u00e9cnicos, conductores y empleados sindicalizados del metro han denunciado por a\u00f1os que no cuentan con el dinero ni las condiciones suficientes para operar en una red que se inaugur\u00f3 hace m\u00e1s de cinco d\u00e9cadas. La L\u00ednea 12, parad\u00f3jicamente, es la l\u00ednea m\u00e1s nueva y la que m\u00e1s ha dado problemas, con requerimientos de mantenimiento diario realizados por una empresa externa que cobra alrededor de 120 millones de pesos al a\u00f1o por el servicio (unos seis millones de d\u00f3lares). \u201cDesde 2012 nosotros hemos estado exponiendo a las autoridades de turno, de diferentes administraciones, la inconformidad de los compa\u00f1eros por trabajar en estas condiciones\u201d, asegur\u00f3 en una entrevista con este diario Fernando Espino, secretario del Sindicato Nacional de Trabajadores del Sistema de Transporte Colectivo.A pesar de que los peritajes apenas comienzan, la hip\u00f3tesis de la falta de mantenimiento ha cobrado fuerza en el debate pol\u00edtico. Leonardo N\u00fa\u00f1ez, investigador de Mexicanos contra la Corrupci\u00f3n y la Impunidad, subraya, a partir de cifras oficiales, que el presupuesto asignado al metro para 2021 es el m\u00e1s bajo en nueve a\u00f1os, con una reducci\u00f3n del 25% en t\u00e9rminos reales comparado con 2018. N\u00fa\u00f1ez public\u00f3 el mi\u00e9rcoles un art\u00edculo titulado \u201cLa mentira de Sheinbaum: recortes y subejercicios en el metro\u201d, en el que acusa que el sistema de transporte gast\u00f3 en 2020 alrededor de 1.300 millones de pesos menos, un 8,7%, del presupuesto que le fue aprobado, seg\u00fan datos oficiales.Los datos y la pol\u00e9mica salen del informe de la cuenta p\u00fablica del a\u00f1o pasado, presentado en el Congreso local el mismo mi\u00e9rcoles, menos de 48 horas despu\u00e9s del siniestro en la L\u00ednea 12. Luz Elena Escobar, secretaria de Finanzas, ha descartado que hubiera tal subejercicio y ha dicho que las disminuciones en el presupuesto se deben a que durante la pandemia cay\u00f3 el n\u00famero de usuarios un 40% y, en consecuencia, los ingresos que se recib\u00edan por el cobro de boletaje. Escobar ha asegurado que los gastos en refacciones y mantenimiento \u201cse han mantenido estables en los \u00faltimos a\u00f1os\u201d. Las autoridades han sostenido que, por la ca\u00edda del n\u00famero de pasajeros, el costo por usuario transportado se increment\u00f3 a 7,1 pesos, comparado con los 4 pesos que se pagaban en los \u00faltimos a\u00f1os. \u201cEl mantenimiento no se ha reducido ni un peso\u201d, ha agregado Sheinbaum. La mandataria ha dicho que en 2019 tambi\u00e9n se recuperaron fondos que estaban en fideicomisos, lo que explica por qu\u00e9 el presupuesto fue m\u00e1s alto ese a\u00f1o que en 2020.Persisten, sin embargo, las discrepancias. El Congreso local aprob\u00f3 originalmente un presupuesto de 15.652 millones de pesos, que despu\u00e9s se modific\u00f3 a la baja y qued\u00f3 en 14.878 millones de pesos, seg\u00fan la cuenta p\u00fablica. Pero esa informaci\u00f3n no coincide con la que present\u00f3 Escobar en la rueda de prensa de este jueves, que habla de que fueron solo 14.290 millones de pesos de presupuesto para 2020. Se trata de la misma cifra que se present\u00f3 como presupuesto ejercido, por lo que, seg\u00fan su exposici\u00f3n, no hubo subejercicio. Las cuentas que present\u00f3 oficialmente la secretar\u00eda de Finanzas al Congreso revelan que se gastaron en realidad 587 millones de pesos menos: la diferencia entre los 14.878 millones y los 14.290 millones de pesos. \u201cO las cifras reportadas en la cuenta p\u00fablica no son correctas o la informaci\u00f3n presentada durante la conferencia de prensa de la Dra. Claudia Sheinbaum es err\u00f3nea\u201d, ha respondido N\u00fa\u00f1ez en un documento.Los ecos de la tragedia han saltado al Legislativo, donde el bloque gobernante ha echado mano de su mayor\u00eda e impedido que se creara una comisi\u00f3n para investigar el siniestro. Kenia L\u00f3pez Rabad\u00e1n, senadora por el Partido Acci\u00f3n Nacional, hab\u00eda propuesto una investigaci\u00f3n y ha declarado que quien se opusiera \u201cno deb\u00eda cobrar\u201d su sueldo como parlamentario. Dulce Mar\u00eda Sauri, diputada del Partido Revolucionaria Institucional tambi\u00e9n ha propuesto una comisi\u00f3n especial. Morena, el partido gobernante, ha calificado a la oposici\u00f3n de \u201ccarro\u00f1era\u201d, ha dicho que las creaci\u00f3n de los comit\u00e9s no es \u201curgente\u201d y tambi\u00e9n ha bloqueado un exhorto del Congreso federal para que se reparara el da\u00f1o a las v\u00edctimas y sus familias. Los d\u00edas que han seguido al derrumbe anticipan el tono que tendr\u00e1n los debates en torno a lo sucedido y el escrutinio al que estar\u00e1n sujetas las autoridades, en una tragedia que atraviesa a los tres \u00faltimos Gobiernos en la capital. La Administraci\u00f3n de Marcelo Ebrard, actual secretario de Relaciones Exteriores, orden\u00f3 la construcci\u00f3n, en un proceso que dej\u00f3 eventualmente 48 personas sancionadas por los \u00f3rganos de control. El Gobierno de Miguel \u00c1ngel Mancera, ahora senador, estuvo a cargo de las reparaciones principales a la L\u00ednea 12, antes y despu\u00e9s del terremoto de 2017. La gesti\u00f3n de Sheinbaum ha tenido que responder ante el accidente, que no ha provocado dimisiones en su Gabinete. La promesa es llegar hasta las \u00faltimas consecuencias en las investigaciones.Suscr\u00edbase aqu\u00ed a la newsletter de EL PA\u00cdS M\u00e9xico y reciba todas las claves informativas de la actualidad de este pa\u00eds<br \/>\n<br \/>\n<!--noindex--><br \/>\n<a href=\"https:\/\/elpais.com\/mexico\/2021-05-06\/el-derrumbe-en-la-linea-12-del-metro-pone-en-la-mira-la-politica-de-austeridad-del-gobierno.html\" rel=\"nofollow\">Source link <\/a><br \/>\n<!--\/noindex--><\/p>\n","protected":false},"excerpt":{"rendered":"<p>Claudia Sheinbaum y L\u00f3pez Obrador, en la primera rueda de prensa tras el derrumbe en la L\u00ednea 12 del metro.Jos\u00e9 M\u00e9ndez \/ EFELa tragedia de la L\u00ednea 12 del metro ha puesto en el punto de mira la pol\u00edtica de austeridad del Gobierno federal y de Ciudad de M\u00e9xico. La jefa de Gobierno, Claudia Sheinbaum, [&hellip;]<\/p>\n","protected":false},"author":2,"featured_media":2354,"comment_status":"open","ping_status":"open","sticky":false,"template":"","format":"standard","meta":{"footnotes":""},"categories":[1],"tags":[],"class_list":["post-2353","post","type-post","status-publish","format-standard","has-post-thumbnail","hentry","category-ultimas-noticias-financieras"],"yoast_head":"<!-- This site is optimized with the Yoast SEO plugin v27.4 - https:\/\/yoast.com\/product\/yoast-seo-wordpress\/ -->\n<title>El derrumbe en la L\u00ednea 12 del metro pone en la mira la pol\u00edtica de austeridad del Gobierno - Hot News in World<\/title>\n<meta name=\"robots\" content=\"index, follow, max-snippet:-1, max-image-preview:large, max-video-preview:-1\" \/>\n<link rel=\"canonical\" href=\"https:\/\/hotnewsinworld.com\/es\/el-derrumbe-en-la-linea-12-del-metro-pone-en-la-mira-la-politica-de-austeridad-del-gobierno\/\" \/>\n<meta property=\"og:locale\" content=\"es_ES\" \/>\n<meta property=\"og:type\" content=\"article\" \/>\n<meta property=\"og:title\" content=\"El derrumbe en la L\u00ednea 12 del metro pone en la mira la pol\u00edtica de austeridad del Gobierno - Hot News in World\" \/>\n<meta property=\"og:description\" content=\"Claudia Sheinbaum y L\u00f3pez Obrador, en la primera rueda de prensa tras el derrumbe en la L\u00ednea 12 del metro.Jos\u00e9 M\u00e9ndez \/ EFELa tragedia de la L\u00ednea 12 del metro ha puesto en el punto de mira la pol\u00edtica de austeridad del Gobierno federal y de Ciudad de M\u00e9xico. La jefa de Gobierno, Claudia Sheinbaum, [&hellip;]\" \/>\n<meta property=\"og:url\" content=\"https:\/\/hotnewsinworld.com\/es\/el-derrumbe-en-la-linea-12-del-metro-pone-en-la-mira-la-politica-de-austeridad-del-gobierno\/\" \/>\n<meta property=\"og:site_name\" content=\"Hot News in World\" \/>\n<meta property=\"article:published_time\" content=\"2021-05-07T02:11:39+00:00\" \/>\n<meta property=\"article:modified_time\" content=\"2021-05-07T02:11:48+00:00\" \/>\n<meta property=\"og:image\" content=\"https:\/\/hotnewsinworld.com\/es\/wp-content\/uploads\/sites\/4\/2021\/05\/El-derrumbe-en-la-Linea-12-del-metro-pone-en-scaled.jpg\" \/>\n\t<meta property=\"og:image:width\" content=\"2560\" \/>\n\t<meta property=\"og:image:height\" content=\"1440\" \/>\n\t<meta property=\"og:image:type\" content=\"image\/jpeg\" \/>\n<meta name=\"author\" content=\"hotnewsinworld\" \/>\n<meta name=\"twitter:card\" content=\"summary_large_image\" \/>\n<meta name=\"twitter:label1\" content=\"Escrito por\" \/>\n\t<meta name=\"twitter:data1\" content=\"hotnewsinworld\" \/>\n\t<meta name=\"twitter:label2\" content=\"Tiempo de lectura\" \/>\n\t<meta name=\"twitter:data2\" content=\"6 minutos\" \/>\n<script type=\"application\/ld+json\" class=\"yoast-schema-graph\">{\"@context\":\"https:\\\/\\\/schema.org\",\"@graph\":[{\"@type\":\"Article\",\"@id\":\"https:\\\/\\\/hotnewsinworld.com\\\/es\\\/el-derrumbe-en-la-linea-12-del-metro-pone-en-la-mira-la-politica-de-austeridad-del-gobierno\\\/#article\",\"isPartOf\":{\"@id\":\"https:\\\/\\\/hotnewsinworld.com\\\/es\\\/el-derrumbe-en-la-linea-12-del-metro-pone-en-la-mira-la-politica-de-austeridad-del-gobierno\\\/\"},\"author\":{\"name\":\"hotnewsinworld\",\"@id\":\"https:\\\/\\\/hotnewsinworld.com\\\/es\\\/#\\\/schema\\\/person\\\/fe61448b21c0d59086e75fcc1f9d8f6b\"},\"headline\":\"El derrumbe en la L\u00ednea 12 del metro pone en la mira la pol\u00edtica de austeridad del Gobierno\",\"datePublished\":\"2021-05-07T02:11:39+00:00\",\"dateModified\":\"2021-05-07T02:11:48+00:00\",\"mainEntityOfPage\":{\"@id\":\"https:\\\/\\\/hotnewsinworld.com\\\/es\\\/el-derrumbe-en-la-linea-12-del-metro-pone-en-la-mira-la-politica-de-austeridad-del-gobierno\\\/\"},\"wordCount\":1259,\"commentCount\":0,\"image\":{\"@id\":\"https:\\\/\\\/hotnewsinworld.com\\\/es\\\/el-derrumbe-en-la-linea-12-del-metro-pone-en-la-mira-la-politica-de-austeridad-del-gobierno\\\/#primaryimage\"},\"thumbnailUrl\":\"https:\\\/\\\/hotnewsinworld.com\\\/es\\\/wp-content\\\/uploads\\\/sites\\\/4\\\/2021\\\/05\\\/El-derrumbe-en-la-Linea-12-del-metro-pone-en-scaled.jpg\",\"articleSection\":[\"\u00daLTIMAS NOTICIAS FINANCIERAS\"],\"inLanguage\":\"es\",\"potentialAction\":[{\"@type\":\"CommentAction\",\"name\":\"Comment\",\"target\":[\"https:\\\/\\\/hotnewsinworld.com\\\/es\\\/el-derrumbe-en-la-linea-12-del-metro-pone-en-la-mira-la-politica-de-austeridad-del-gobierno\\\/#respond\"]}]},{\"@type\":\"WebPage\",\"@id\":\"https:\\\/\\\/hotnewsinworld.com\\\/es\\\/el-derrumbe-en-la-linea-12-del-metro-pone-en-la-mira-la-politica-de-austeridad-del-gobierno\\\/\",\"url\":\"https:\\\/\\\/hotnewsinworld.com\\\/es\\\/el-derrumbe-en-la-linea-12-del-metro-pone-en-la-mira-la-politica-de-austeridad-del-gobierno\\\/\",\"name\":\"El derrumbe en la L\u00ednea 12 del metro pone en la mira la pol\u00edtica de austeridad del Gobierno - Hot News in World\",\"isPartOf\":{\"@id\":\"https:\\\/\\\/hotnewsinworld.com\\\/es\\\/#website\"},\"primaryImageOfPage\":{\"@id\":\"https:\\\/\\\/hotnewsinworld.com\\\/es\\\/el-derrumbe-en-la-linea-12-del-metro-pone-en-la-mira-la-politica-de-austeridad-del-gobierno\\\/#primaryimage\"},\"image\":{\"@id\":\"https:\\\/\\\/hotnewsinworld.com\\\/es\\\/el-derrumbe-en-la-linea-12-del-metro-pone-en-la-mira-la-politica-de-austeridad-del-gobierno\\\/#primaryimage\"},\"thumbnailUrl\":\"https:\\\/\\\/hotnewsinworld.com\\\/es\\\/wp-content\\\/uploads\\\/sites\\\/4\\\/2021\\\/05\\\/El-derrumbe-en-la-Linea-12-del-metro-pone-en-scaled.jpg\",\"datePublished\":\"2021-05-07T02:11:39+00:00\",\"dateModified\":\"2021-05-07T02:11:48+00:00\",\"author\":{\"@id\":\"https:\\\/\\\/hotnewsinworld.com\\\/es\\\/#\\\/schema\\\/person\\\/fe61448b21c0d59086e75fcc1f9d8f6b\"},\"breadcrumb\":{\"@id\":\"https:\\\/\\\/hotnewsinworld.com\\\/es\\\/el-derrumbe-en-la-linea-12-del-metro-pone-en-la-mira-la-politica-de-austeridad-del-gobierno\\\/#breadcrumb\"},\"inLanguage\":\"es\",\"potentialAction\":[{\"@type\":\"ReadAction\",\"target\":[\"https:\\\/\\\/hotnewsinworld.com\\\/es\\\/el-derrumbe-en-la-linea-12-del-metro-pone-en-la-mira-la-politica-de-austeridad-del-gobierno\\\/\"]}]},{\"@type\":\"ImageObject\",\"inLanguage\":\"es\",\"@id\":\"https:\\\/\\\/hotnewsinworld.com\\\/es\\\/el-derrumbe-en-la-linea-12-del-metro-pone-en-la-mira-la-politica-de-austeridad-del-gobierno\\\/#primaryimage\",\"url\":\"https:\\\/\\\/hotnewsinworld.com\\\/es\\\/wp-content\\\/uploads\\\/sites\\\/4\\\/2021\\\/05\\\/El-derrumbe-en-la-Linea-12-del-metro-pone-en-scaled.jpg\",\"contentUrl\":\"https:\\\/\\\/hotnewsinworld.com\\\/es\\\/wp-content\\\/uploads\\\/sites\\\/4\\\/2021\\\/05\\\/El-derrumbe-en-la-Linea-12-del-metro-pone-en-scaled.jpg\",\"width\":2560,\"height\":1440,\"caption\":\"El derrumbe en la L\u00ednea 12 del metro pone en la mira la pol\u00edtica de austeridad del Gobierno\"},{\"@type\":\"BreadcrumbList\",\"@id\":\"https:\\\/\\\/hotnewsinworld.com\\\/es\\\/el-derrumbe-en-la-linea-12-del-metro-pone-en-la-mira-la-politica-de-austeridad-del-gobierno\\\/#breadcrumb\",\"itemListElement\":[{\"@type\":\"ListItem\",\"position\":1,\"name\":\"\u0413\u043b\u0430\u0432\u043d\u0430\u044f \u0441\u0442\u0440\u0430\u043d\u0438\u0446\u0430\",\"item\":\"https:\\\/\\\/hotnewsinworld.com\\\/es\\\/\"},{\"@type\":\"ListItem\",\"position\":2,\"name\":\"El derrumbe en la L\u00ednea 12 del metro pone en la mira la pol\u00edtica de austeridad del Gobierno\"}]},{\"@type\":\"WebSite\",\"@id\":\"https:\\\/\\\/hotnewsinworld.com\\\/es\\\/#website\",\"url\":\"https:\\\/\\\/hotnewsinworld.com\\\/es\\\/\",\"name\":\"Hot News in World\",\"description\":\"Hot News in World from Spain\",\"potentialAction\":[{\"@type\":\"SearchAction\",\"target\":{\"@type\":\"EntryPoint\",\"urlTemplate\":\"https:\\\/\\\/hotnewsinworld.com\\\/es\\\/?s={search_term_string}\"},\"query-input\":{\"@type\":\"PropertyValueSpecification\",\"valueRequired\":true,\"valueName\":\"search_term_string\"}}],\"inLanguage\":\"es\"},{\"@type\":\"Person\",\"@id\":\"https:\\\/\\\/hotnewsinworld.com\\\/es\\\/#\\\/schema\\\/person\\\/fe61448b21c0d59086e75fcc1f9d8f6b\",\"name\":\"hotnewsinworld\",\"image\":{\"@type\":\"ImageObject\",\"inLanguage\":\"es\",\"@id\":\"https:\\\/\\\/secure.gravatar.com\\\/avatar\\\/8a09ac165600ce2e1c38fe593c63928eb1e6e7ba5c5a907d67787c41b3d00c14?s=96&d=mm&r=g\",\"url\":\"https:\\\/\\\/secure.gravatar.com\\\/avatar\\\/8a09ac165600ce2e1c38fe593c63928eb1e6e7ba5c5a907d67787c41b3d00c14?s=96&d=mm&r=g\",\"contentUrl\":\"https:\\\/\\\/secure.gravatar.com\\\/avatar\\\/8a09ac165600ce2e1c38fe593c63928eb1e6e7ba5c5a907d67787c41b3d00c14?s=96&d=mm&r=g\",\"caption\":\"hotnewsinworld\"},\"url\":\"https:\\\/\\\/hotnewsinworld.com\\\/es\\\/author\\\/pt\\\/\"}]}<\/script>\n<!-- \/ Yoast SEO plugin. -->","yoast_head_json":{"title":"El derrumbe en la L\u00ednea 12 del metro pone en la mira la pol\u00edtica de austeridad del Gobierno - Hot News in World","robots":{"index":"index","follow":"follow","max-snippet":"max-snippet:-1","max-image-preview":"max-image-preview:large","max-video-preview":"max-video-preview:-1"},"canonical":"https:\/\/hotnewsinworld.com\/es\/el-derrumbe-en-la-linea-12-del-metro-pone-en-la-mira-la-politica-de-austeridad-del-gobierno\/","og_locale":"es_ES","og_type":"article","og_title":"El derrumbe en la L\u00ednea 12 del metro pone en la mira la pol\u00edtica de austeridad del Gobierno - Hot News in World","og_description":"Claudia Sheinbaum y L\u00f3pez Obrador, en la primera rueda de prensa tras el derrumbe en la L\u00ednea 12 del metro.Jos\u00e9 M\u00e9ndez \/ EFELa tragedia de la L\u00ednea 12 del metro ha puesto en el punto de mira la pol\u00edtica de austeridad del Gobierno federal y de Ciudad de M\u00e9xico. La jefa de Gobierno, Claudia Sheinbaum, [&hellip;]","og_url":"https:\/\/hotnewsinworld.com\/es\/el-derrumbe-en-la-linea-12-del-metro-pone-en-la-mira-la-politica-de-austeridad-del-gobierno\/","og_site_name":"Hot News in World","article_published_time":"2021-05-07T02:11:39+00:00","article_modified_time":"2021-05-07T02:11:48+00:00","og_image":[{"width":2560,"height":1440,"url":"https:\/\/hotnewsinworld.com\/es\/wp-content\/uploads\/sites\/4\/2021\/05\/El-derrumbe-en-la-Linea-12-del-metro-pone-en-scaled.jpg","type":"image\/jpeg"}],"author":"hotnewsinworld","twitter_card":"summary_large_image","twitter_misc":{"Escrito por":"hotnewsinworld","Tiempo de lectura":"6 minutos"},"schema":{"@context":"https:\/\/schema.org","@graph":[{"@type":"Article","@id":"https:\/\/hotnewsinworld.com\/es\/el-derrumbe-en-la-linea-12-del-metro-pone-en-la-mira-la-politica-de-austeridad-del-gobierno\/#article","isPartOf":{"@id":"https:\/\/hotnewsinworld.com\/es\/el-derrumbe-en-la-linea-12-del-metro-pone-en-la-mira-la-politica-de-austeridad-del-gobierno\/"},"author":{"name":"hotnewsinworld","@id":"https:\/\/hotnewsinworld.com\/es\/#\/schema\/person\/fe61448b21c0d59086e75fcc1f9d8f6b"},"headline":"El derrumbe en la L\u00ednea 12 del metro pone en la mira la pol\u00edtica de austeridad del Gobierno","datePublished":"2021-05-07T02:11:39+00:00","dateModified":"2021-05-07T02:11:48+00:00","mainEntityOfPage":{"@id":"https:\/\/hotnewsinworld.com\/es\/el-derrumbe-en-la-linea-12-del-metro-pone-en-la-mira-la-politica-de-austeridad-del-gobierno\/"},"wordCount":1259,"commentCount":0,"image":{"@id":"https:\/\/hotnewsinworld.com\/es\/el-derrumbe-en-la-linea-12-del-metro-pone-en-la-mira-la-politica-de-austeridad-del-gobierno\/#primaryimage"},"thumbnailUrl":"https:\/\/hotnewsinworld.com\/es\/wp-content\/uploads\/sites\/4\/2021\/05\/El-derrumbe-en-la-Linea-12-del-metro-pone-en-scaled.jpg","articleSection":["\u00daLTIMAS NOTICIAS FINANCIERAS"],"inLanguage":"es","potentialAction":[{"@type":"CommentAction","name":"Comment","target":["https:\/\/hotnewsinworld.com\/es\/el-derrumbe-en-la-linea-12-del-metro-pone-en-la-mira-la-politica-de-austeridad-del-gobierno\/#respond"]}]},{"@type":"WebPage","@id":"https:\/\/hotnewsinworld.com\/es\/el-derrumbe-en-la-linea-12-del-metro-pone-en-la-mira-la-politica-de-austeridad-del-gobierno\/","url":"https:\/\/hotnewsinworld.com\/es\/el-derrumbe-en-la-linea-12-del-metro-pone-en-la-mira-la-politica-de-austeridad-del-gobierno\/","name":"El derrumbe en la L\u00ednea 12 del metro pone en la mira la pol\u00edtica de austeridad del Gobierno - Hot News in World","isPartOf":{"@id":"https:\/\/hotnewsinworld.com\/es\/#website"},"primaryImageOfPage":{"@id":"https:\/\/hotnewsinworld.com\/es\/el-derrumbe-en-la-linea-12-del-metro-pone-en-la-mira-la-politica-de-austeridad-del-gobierno\/#primaryimage"},"image":{"@id":"https:\/\/hotnewsinworld.com\/es\/el-derrumbe-en-la-linea-12-del-metro-pone-en-la-mira-la-politica-de-austeridad-del-gobierno\/#primaryimage"},"thumbnailUrl":"https:\/\/hotnewsinworld.com\/es\/wp-content\/uploads\/sites\/4\/2021\/05\/El-derrumbe-en-la-Linea-12-del-metro-pone-en-scaled.jpg","datePublished":"2021-05-07T02:11:39+00:00","dateModified":"2021-05-07T02:11:48+00:00","author":{"@id":"https:\/\/hotnewsinworld.com\/es\/#\/schema\/person\/fe61448b21c0d59086e75fcc1f9d8f6b"},"breadcrumb":{"@id":"https:\/\/hotnewsinworld.com\/es\/el-derrumbe-en-la-linea-12-del-metro-pone-en-la-mira-la-politica-de-austeridad-del-gobierno\/#breadcrumb"},"inLanguage":"es","potentialAction":[{"@type":"ReadAction","target":["https:\/\/hotnewsinworld.com\/es\/el-derrumbe-en-la-linea-12-del-metro-pone-en-la-mira-la-politica-de-austeridad-del-gobierno\/"]}]},{"@type":"ImageObject","inLanguage":"es","@id":"https:\/\/hotnewsinworld.com\/es\/el-derrumbe-en-la-linea-12-del-metro-pone-en-la-mira-la-politica-de-austeridad-del-gobierno\/#primaryimage","url":"https:\/\/hotnewsinworld.com\/es\/wp-content\/uploads\/sites\/4\/2021\/05\/El-derrumbe-en-la-Linea-12-del-metro-pone-en-scaled.jpg","contentUrl":"https:\/\/hotnewsinworld.com\/es\/wp-content\/uploads\/sites\/4\/2021\/05\/El-derrumbe-en-la-Linea-12-del-metro-pone-en-scaled.jpg","width":2560,"height":1440,"caption":"El derrumbe en la L\u00ednea 12 del metro pone en la mira la pol\u00edtica de austeridad del Gobierno"},{"@type":"BreadcrumbList","@id":"https:\/\/hotnewsinworld.com\/es\/el-derrumbe-en-la-linea-12-del-metro-pone-en-la-mira-la-politica-de-austeridad-del-gobierno\/#breadcrumb","itemListElement":[{"@type":"ListItem","position":1,"name":"\u0413\u043b\u0430\u0432\u043d\u0430\u044f \u0441\u0442\u0440\u0430\u043d\u0438\u0446\u0430","item":"https:\/\/hotnewsinworld.com\/es\/"},{"@type":"ListItem","position":2,"name":"El derrumbe en la L\u00ednea 12 del metro pone en la mira la pol\u00edtica de austeridad del Gobierno"}]},{"@type":"WebSite","@id":"https:\/\/hotnewsinworld.com\/es\/#website","url":"https:\/\/hotnewsinworld.com\/es\/","name":"Hot News in World","description":"Hot News in World from Spain","potentialAction":[{"@type":"SearchAction","target":{"@type":"EntryPoint","urlTemplate":"https:\/\/hotnewsinworld.com\/es\/?s={search_term_string}"},"query-input":{"@type":"PropertyValueSpecification","valueRequired":true,"valueName":"search_term_string"}}],"inLanguage":"es"},{"@type":"Person","@id":"https:\/\/hotnewsinworld.com\/es\/#\/schema\/person\/fe61448b21c0d59086e75fcc1f9d8f6b","name":"hotnewsinworld","image":{"@type":"ImageObject","inLanguage":"es","@id":"https:\/\/secure.gravatar.com\/avatar\/8a09ac165600ce2e1c38fe593c63928eb1e6e7ba5c5a907d67787c41b3d00c14?s=96&d=mm&r=g","url":"https:\/\/secure.gravatar.com\/avatar\/8a09ac165600ce2e1c38fe593c63928eb1e6e7ba5c5a907d67787c41b3d00c14?s=96&d=mm&r=g","contentUrl":"https:\/\/secure.gravatar.com\/avatar\/8a09ac165600ce2e1c38fe593c63928eb1e6e7ba5c5a907d67787c41b3d00c14?s=96&d=mm&r=g","caption":"hotnewsinworld"},"url":"https:\/\/hotnewsinworld.com\/es\/author\/pt\/"}]}},"_links":{"self":[{"href":"https:\/\/hotnewsinworld.com\/es\/wp-json\/wp\/v2\/posts\/2353","targetHints":{"allow":["GET"]}}],"collection":[{"href":"https:\/\/hotnewsinworld.com\/es\/wp-json\/wp\/v2\/posts"}],"about":[{"href":"https:\/\/hotnewsinworld.com\/es\/wp-json\/wp\/v2\/types\/post"}],"author":[{"embeddable":true,"href":"https:\/\/hotnewsinworld.com\/es\/wp-json\/wp\/v2\/users\/2"}],"replies":[{"embeddable":true,"href":"https:\/\/hotnewsinworld.com\/es\/wp-json\/wp\/v2\/comments?post=2353"}],"version-history":[{"count":1,"href":"https:\/\/hotnewsinworld.com\/es\/wp-json\/wp\/v2\/posts\/2353\/revisions"}],"predecessor-version":[{"id":2355,"href":"https:\/\/hotnewsinworld.com\/es\/wp-json\/wp\/v2\/posts\/2353\/revisions\/2355"}],"wp:featuredmedia":[{"embeddable":true,"href":"https:\/\/hotnewsinworld.com\/es\/wp-json\/wp\/v2\/media\/2354"}],"wp:attachment":[{"href":"https:\/\/hotnewsinworld.com\/es\/wp-json\/wp\/v2\/media?parent=2353"}],"wp:term":[{"taxonomy":"category","embeddable":true,"href":"https:\/\/hotnewsinworld.com\/es\/wp-json\/wp\/v2\/categories?post=2353"},{"taxonomy":"post_tag","embeddable":true,"href":"https:\/\/hotnewsinworld.com\/es\/wp-json\/wp\/v2\/tags?post=2353"}],"curies":[{"name":"wp","href":"https:\/\/api.w.org\/{rel}","templated":true}]}}