{"id":2359,"date":"2021-05-07T17:26:22","date_gmt":"2021-05-07T14:26:22","guid":{"rendered":"https:\/\/hotnewsinworld.com\/es\/el-mapa-de-las-restricciones-en-cada-comunidad-a-partir-del-9-de-mayo-movilidad-libre-en-toda-espana-y-toque-de-queda-en-cuatro-regiones\/"},"modified":"2021-05-07T17:26:27","modified_gmt":"2021-05-07T14:26:27","slug":"el-mapa-de-las-restricciones-en-cada-comunidad-a-partir-del-9-de-mayo-movilidad-libre-en-toda-espana-y-toque-de-queda-en-cuatro-regiones","status":"publish","type":"post","link":"https:\/\/hotnewsinworld.com\/es\/el-mapa-de-las-restricciones-en-cada-comunidad-a-partir-del-9-de-mayo-movilidad-libre-en-toda-espana-y-toque-de-queda-en-cuatro-regiones\/","title":{"rendered":"El mapa de las restricciones en cada comunidad a partir del 9 de mayo: movilidad libre en toda Espa\u00f1a y toque de queda en cuatro regiones"},"content":{"rendered":"<p>Con el fin del estado de alarma, en la medianoche del s\u00e1bado al domingo, las comunidades ser\u00e1n las responsables de imponer las restricciones en sus territorios. Hay tres medidas hasta ahora en vigor que restringen derechos fundamentales y que, para continuar aplic\u00e1ndose en alguna autonom\u00eda, deben ser avaladas por la justicia: l\u00edmites en las reuniones sociales, toque de queda y cierres de comunidades, provincias o municipios. Algunos Gobiernos auton\u00f3micos ya han anunciado que esas restricciones dejar\u00e1n de estar en vigor cuando decaiga el estado de alarma el 9 de mayo, mientras que otras han pedido a los Tribunales Superiores de Justicia (TSJ) respectivos que se mantengan una o varias de estas medidas. En el mapa se puede ver en qu\u00e9 situaci\u00f3n queda cada comunidad aut\u00f3noma, a falta de que llegue el aval por parte de la justicia.Ninguna comunidad mantendr\u00e1 el cierre de todo su territorio. La \u00fanica que lo ha solicitado ha sido el Pa\u00eds Vasco y los tribunales no lo han aceptado. Lo que s\u00ed han solicitado seis gobiernos es poder imponerlos en municipios o zonas de mucho riesgo. La mayor\u00eda han eliminado el toque de queda, que se mantendr\u00e1, si la justicia as\u00ed lo refrenda, en cuatro regiones. En otras dos (Galicia y La Rioja) se impondr\u00e1 en localidades con riesgo muy alto. Por el momento, los TSJ de Baleares y de la Comunidad Valenciana han sido los \u00fanicos que han dado luz verde a las limitaciones planteadas por los gobiernos auton\u00f3micos.Con informaci\u00f3n de Eva Saiz, Guillermo Vega, Bernat Coll, Elisa Tasca, Luc\u00eda Boh\u00f3rquez, Luc\u00eda Tolosa, Isabel Vald\u00e9s, Juan Navarro, Sonia Vizoso, Cristina V\u00e1zquez, Pedro Gorospe, Nacho Catal\u00e1n y Pablo Linde.<br \/>\n<br \/>\n<!--noindex--><br \/>\n<a href=\"https:\/\/elpais.com\/sociedad\/2021-05-07\/el-mapa-de-las-restricciones-en-cada-comunidad-a-partir-del-9-de-mayo-movilidad-libre-en-toda-espana-y-toque-de-queda-en-cuatro-regiones.html\" rel=\"nofollow\">Source link <\/a><br \/>\n<!--\/noindex--><\/p>\n","protected":false},"excerpt":{"rendered":"<p>Con el fin del estado de alarma, en la medianoche del s\u00e1bado al domingo, las comunidades ser\u00e1n las responsables de imponer las restricciones en sus territorios. Hay tres medidas hasta ahora en vigor que restringen derechos fundamentales y que, para continuar aplic\u00e1ndose en alguna autonom\u00eda, deben ser avaladas por la justicia: l\u00edmites en las reuniones [&hellip;]<\/p>\n","protected":false},"author":2,"featured_media":2360,"comment_status":"open","ping_status":"open","sticky":false,"template":"","format":"standard","meta":{"footnotes":""},"categories":[1],"tags":[],"class_list":["post-2359","post","type-post","status-publish","format-standard","has-post-thumbnail","hentry","category-ultimas-noticias-financieras"],"yoast_head":"<!-- This site is optimized with the Yoast SEO plugin v27.4 - https:\/\/yoast.com\/product\/yoast-seo-wordpress\/ -->\n<title>El mapa de las restricciones en cada comunidad a partir del 9 de mayo: movilidad libre en toda Espa\u00f1a y toque de queda en cuatro regiones - Hot News in World<\/title>\n<meta name=\"robots\" content=\"index, follow, max-snippet:-1, max-image-preview:large, max-video-preview:-1\" \/>\n<link rel=\"canonical\" href=\"https:\/\/hotnewsinworld.com\/es\/el-mapa-de-las-restricciones-en-cada-comunidad-a-partir-del-9-de-mayo-movilidad-libre-en-toda-espana-y-toque-de-queda-en-cuatro-regiones\/\" \/>\n<meta property=\"og:locale\" content=\"es_ES\" \/>\n<meta property=\"og:type\" content=\"article\" \/>\n<meta property=\"og:title\" content=\"El mapa de las restricciones en cada comunidad a partir del 9 de mayo: movilidad libre en toda Espa\u00f1a y toque de queda en cuatro regiones - Hot News in World\" \/>\n<meta property=\"og:description\" content=\"Con el fin del estado de alarma, en la medianoche del s\u00e1bado al domingo, las comunidades ser\u00e1n las responsables de imponer las restricciones en sus territorios. Hay tres medidas hasta ahora en vigor que restringen derechos fundamentales y que, para continuar aplic\u00e1ndose en alguna autonom\u00eda, deben ser avaladas por la justicia: l\u00edmites en las reuniones [&hellip;]\" \/>\n<meta property=\"og:url\" content=\"https:\/\/hotnewsinworld.com\/es\/el-mapa-de-las-restricciones-en-cada-comunidad-a-partir-del-9-de-mayo-movilidad-libre-en-toda-espana-y-toque-de-queda-en-cuatro-regiones\/\" \/>\n<meta property=\"og:site_name\" content=\"Hot News in World\" \/>\n<meta property=\"article:published_time\" content=\"2021-05-07T14:26:22+00:00\" \/>\n<meta property=\"article:modified_time\" content=\"2021-05-07T14:26:27+00:00\" \/>\n<meta property=\"og:image\" content=\"https:\/\/hotnewsinworld.com\/es\/wp-content\/uploads\/sites\/4\/2021\/05\/El-mapa-de-las-restricciones-en-cada-comunidad-a-partir.png\" \/>\n\t<meta property=\"og:image:width\" content=\"1200\" \/>\n\t<meta property=\"og:image:height\" content=\"675\" \/>\n\t<meta property=\"og:image:type\" content=\"image\/png\" \/>\n<meta name=\"author\" content=\"hotnewsinworld\" \/>\n<meta name=\"twitter:card\" content=\"summary_large_image\" \/>\n<meta name=\"twitter:label1\" content=\"Escrito por\" \/>\n\t<meta name=\"twitter:data1\" content=\"hotnewsinworld\" \/>\n\t<meta name=\"twitter:label2\" content=\"Tiempo de lectura\" \/>\n\t<meta name=\"twitter:data2\" content=\"1 minuto\" \/>\n<script type=\"application\/ld+json\" class=\"yoast-schema-graph\">{\"@context\":\"https:\\\/\\\/schema.org\",\"@graph\":[{\"@type\":\"Article\",\"@id\":\"https:\\\/\\\/hotnewsinworld.com\\\/es\\\/el-mapa-de-las-restricciones-en-cada-comunidad-a-partir-del-9-de-mayo-movilidad-libre-en-toda-espana-y-toque-de-queda-en-cuatro-regiones\\\/#article\",\"isPartOf\":{\"@id\":\"https:\\\/\\\/hotnewsinworld.com\\\/es\\\/el-mapa-de-las-restricciones-en-cada-comunidad-a-partir-del-9-de-mayo-movilidad-libre-en-toda-espana-y-toque-de-queda-en-cuatro-regiones\\\/\"},\"author\":{\"name\":\"hotnewsinworld\",\"@id\":\"https:\\\/\\\/hotnewsinworld.com\\\/es\\\/#\\\/schema\\\/person\\\/fe61448b21c0d59086e75fcc1f9d8f6b\"},\"headline\":\"El mapa de las restricciones en cada comunidad a partir del 9 de mayo: movilidad libre en toda Espa\u00f1a y toque de queda en cuatro regiones\",\"datePublished\":\"2021-05-07T14:26:22+00:00\",\"dateModified\":\"2021-05-07T14:26:27+00:00\",\"mainEntityOfPage\":{\"@id\":\"https:\\\/\\\/hotnewsinworld.com\\\/es\\\/el-mapa-de-las-restricciones-en-cada-comunidad-a-partir-del-9-de-mayo-movilidad-libre-en-toda-espana-y-toque-de-queda-en-cuatro-regiones\\\/\"},\"wordCount\":321,\"commentCount\":0,\"image\":{\"@id\":\"https:\\\/\\\/hotnewsinworld.com\\\/es\\\/el-mapa-de-las-restricciones-en-cada-comunidad-a-partir-del-9-de-mayo-movilidad-libre-en-toda-espana-y-toque-de-queda-en-cuatro-regiones\\\/#primaryimage\"},\"thumbnailUrl\":\"https:\\\/\\\/hotnewsinworld.com\\\/es\\\/wp-content\\\/uploads\\\/sites\\\/4\\\/2021\\\/05\\\/El-mapa-de-las-restricciones-en-cada-comunidad-a-partir.png\",\"articleSection\":[\"\u00daLTIMAS NOTICIAS FINANCIERAS\"],\"inLanguage\":\"es\",\"potentialAction\":[{\"@type\":\"CommentAction\",\"name\":\"Comment\",\"target\":[\"https:\\\/\\\/hotnewsinworld.com\\\/es\\\/el-mapa-de-las-restricciones-en-cada-comunidad-a-partir-del-9-de-mayo-movilidad-libre-en-toda-espana-y-toque-de-queda-en-cuatro-regiones\\\/#respond\"]}]},{\"@type\":\"WebPage\",\"@id\":\"https:\\\/\\\/hotnewsinworld.com\\\/es\\\/el-mapa-de-las-restricciones-en-cada-comunidad-a-partir-del-9-de-mayo-movilidad-libre-en-toda-espana-y-toque-de-queda-en-cuatro-regiones\\\/\",\"url\":\"https:\\\/\\\/hotnewsinworld.com\\\/es\\\/el-mapa-de-las-restricciones-en-cada-comunidad-a-partir-del-9-de-mayo-movilidad-libre-en-toda-espana-y-toque-de-queda-en-cuatro-regiones\\\/\",\"name\":\"El mapa de las restricciones en cada comunidad a partir del 9 de mayo: movilidad libre en toda Espa\u00f1a y toque de queda en cuatro regiones - Hot News in World\",\"isPartOf\":{\"@id\":\"https:\\\/\\\/hotnewsinworld.com\\\/es\\\/#website\"},\"primaryImageOfPage\":{\"@id\":\"https:\\\/\\\/hotnewsinworld.com\\\/es\\\/el-mapa-de-las-restricciones-en-cada-comunidad-a-partir-del-9-de-mayo-movilidad-libre-en-toda-espana-y-toque-de-queda-en-cuatro-regiones\\\/#primaryimage\"},\"image\":{\"@id\":\"https:\\\/\\\/hotnewsinworld.com\\\/es\\\/el-mapa-de-las-restricciones-en-cada-comunidad-a-partir-del-9-de-mayo-movilidad-libre-en-toda-espana-y-toque-de-queda-en-cuatro-regiones\\\/#primaryimage\"},\"thumbnailUrl\":\"https:\\\/\\\/hotnewsinworld.com\\\/es\\\/wp-content\\\/uploads\\\/sites\\\/4\\\/2021\\\/05\\\/El-mapa-de-las-restricciones-en-cada-comunidad-a-partir.png\",\"datePublished\":\"2021-05-07T14:26:22+00:00\",\"dateModified\":\"2021-05-07T14:26:27+00:00\",\"author\":{\"@id\":\"https:\\\/\\\/hotnewsinworld.com\\\/es\\\/#\\\/schema\\\/person\\\/fe61448b21c0d59086e75fcc1f9d8f6b\"},\"breadcrumb\":{\"@id\":\"https:\\\/\\\/hotnewsinworld.com\\\/es\\\/el-mapa-de-las-restricciones-en-cada-comunidad-a-partir-del-9-de-mayo-movilidad-libre-en-toda-espana-y-toque-de-queda-en-cuatro-regiones\\\/#breadcrumb\"},\"inLanguage\":\"es\",\"potentialAction\":[{\"@type\":\"ReadAction\",\"target\":[\"https:\\\/\\\/hotnewsinworld.com\\\/es\\\/el-mapa-de-las-restricciones-en-cada-comunidad-a-partir-del-9-de-mayo-movilidad-libre-en-toda-espana-y-toque-de-queda-en-cuatro-regiones\\\/\"]}]},{\"@type\":\"ImageObject\",\"inLanguage\":\"es\",\"@id\":\"https:\\\/\\\/hotnewsinworld.com\\\/es\\\/el-mapa-de-las-restricciones-en-cada-comunidad-a-partir-del-9-de-mayo-movilidad-libre-en-toda-espana-y-toque-de-queda-en-cuatro-regiones\\\/#primaryimage\",\"url\":\"https:\\\/\\\/hotnewsinworld.com\\\/es\\\/wp-content\\\/uploads\\\/sites\\\/4\\\/2021\\\/05\\\/El-mapa-de-las-restricciones-en-cada-comunidad-a-partir.png\",\"contentUrl\":\"https:\\\/\\\/hotnewsinworld.com\\\/es\\\/wp-content\\\/uploads\\\/sites\\\/4\\\/2021\\\/05\\\/El-mapa-de-las-restricciones-en-cada-comunidad-a-partir.png\",\"width\":1200,\"height\":675,\"caption\":\"El mapa de las restricciones en cada comunidad a partir del 9 de mayo: movilidad libre en toda Espa\u00f1a y toque de queda en cuatro regiones\"},{\"@type\":\"BreadcrumbList\",\"@id\":\"https:\\\/\\\/hotnewsinworld.com\\\/es\\\/el-mapa-de-las-restricciones-en-cada-comunidad-a-partir-del-9-de-mayo-movilidad-libre-en-toda-espana-y-toque-de-queda-en-cuatro-regiones\\\/#breadcrumb\",\"itemListElement\":[{\"@type\":\"ListItem\",\"position\":1,\"name\":\"\u0413\u043b\u0430\u0432\u043d\u0430\u044f \u0441\u0442\u0440\u0430\u043d\u0438\u0446\u0430\",\"item\":\"https:\\\/\\\/hotnewsinworld.com\\\/es\\\/\"},{\"@type\":\"ListItem\",\"position\":2,\"name\":\"El mapa de las restricciones en cada comunidad a partir del 9 de mayo: movilidad libre en toda Espa\u00f1a y toque de queda en cuatro regiones\"}]},{\"@type\":\"WebSite\",\"@id\":\"https:\\\/\\\/hotnewsinworld.com\\\/es\\\/#website\",\"url\":\"https:\\\/\\\/hotnewsinworld.com\\\/es\\\/\",\"name\":\"Hot News in World\",\"description\":\"Hot News in World from Spain\",\"potentialAction\":[{\"@type\":\"SearchAction\",\"target\":{\"@type\":\"EntryPoint\",\"urlTemplate\":\"https:\\\/\\\/hotnewsinworld.com\\\/es\\\/?s={search_term_string}\"},\"query-input\":{\"@type\":\"PropertyValueSpecification\",\"valueRequired\":true,\"valueName\":\"search_term_string\"}}],\"inLanguage\":\"es\"},{\"@type\":\"Person\",\"@id\":\"https:\\\/\\\/hotnewsinworld.com\\\/es\\\/#\\\/schema\\\/person\\\/fe61448b21c0d59086e75fcc1f9d8f6b\",\"name\":\"hotnewsinworld\",\"image\":{\"@type\":\"ImageObject\",\"inLanguage\":\"es\",\"@id\":\"https:\\\/\\\/secure.gravatar.com\\\/avatar\\\/8a09ac165600ce2e1c38fe593c63928eb1e6e7ba5c5a907d67787c41b3d00c14?s=96&d=mm&r=g\",\"url\":\"https:\\\/\\\/secure.gravatar.com\\\/avatar\\\/8a09ac165600ce2e1c38fe593c63928eb1e6e7ba5c5a907d67787c41b3d00c14?s=96&d=mm&r=g\",\"contentUrl\":\"https:\\\/\\\/secure.gravatar.com\\\/avatar\\\/8a09ac165600ce2e1c38fe593c63928eb1e6e7ba5c5a907d67787c41b3d00c14?s=96&d=mm&r=g\",\"caption\":\"hotnewsinworld\"},\"url\":\"https:\\\/\\\/hotnewsinworld.com\\\/es\\\/author\\\/pt\\\/\"}]}<\/script>\n<!-- \/ Yoast SEO plugin. -->","yoast_head_json":{"title":"El mapa de las restricciones en cada comunidad a partir del 9 de mayo: movilidad libre en toda Espa\u00f1a y toque de queda en cuatro regiones - Hot News in World","robots":{"index":"index","follow":"follow","max-snippet":"max-snippet:-1","max-image-preview":"max-image-preview:large","max-video-preview":"max-video-preview:-1"},"canonical":"https:\/\/hotnewsinworld.com\/es\/el-mapa-de-las-restricciones-en-cada-comunidad-a-partir-del-9-de-mayo-movilidad-libre-en-toda-espana-y-toque-de-queda-en-cuatro-regiones\/","og_locale":"es_ES","og_type":"article","og_title":"El mapa de las restricciones en cada comunidad a partir del 9 de mayo: movilidad libre en toda Espa\u00f1a y toque de queda en cuatro regiones - Hot News in World","og_description":"Con el fin del estado de alarma, en la medianoche del s\u00e1bado al domingo, las comunidades ser\u00e1n las responsables de imponer las restricciones en sus territorios. Hay tres medidas hasta ahora en vigor que restringen derechos fundamentales y que, para continuar aplic\u00e1ndose en alguna autonom\u00eda, deben ser avaladas por la justicia: l\u00edmites en las reuniones [&hellip;]","og_url":"https:\/\/hotnewsinworld.com\/es\/el-mapa-de-las-restricciones-en-cada-comunidad-a-partir-del-9-de-mayo-movilidad-libre-en-toda-espana-y-toque-de-queda-en-cuatro-regiones\/","og_site_name":"Hot News in World","article_published_time":"2021-05-07T14:26:22+00:00","article_modified_time":"2021-05-07T14:26:27+00:00","og_image":[{"width":1200,"height":675,"url":"https:\/\/hotnewsinworld.com\/es\/wp-content\/uploads\/sites\/4\/2021\/05\/El-mapa-de-las-restricciones-en-cada-comunidad-a-partir.png","type":"image\/png"}],"author":"hotnewsinworld","twitter_card":"summary_large_image","twitter_misc":{"Escrito por":"hotnewsinworld","Tiempo de lectura":"1 minuto"},"schema":{"@context":"https:\/\/schema.org","@graph":[{"@type":"Article","@id":"https:\/\/hotnewsinworld.com\/es\/el-mapa-de-las-restricciones-en-cada-comunidad-a-partir-del-9-de-mayo-movilidad-libre-en-toda-espana-y-toque-de-queda-en-cuatro-regiones\/#article","isPartOf":{"@id":"https:\/\/hotnewsinworld.com\/es\/el-mapa-de-las-restricciones-en-cada-comunidad-a-partir-del-9-de-mayo-movilidad-libre-en-toda-espana-y-toque-de-queda-en-cuatro-regiones\/"},"author":{"name":"hotnewsinworld","@id":"https:\/\/hotnewsinworld.com\/es\/#\/schema\/person\/fe61448b21c0d59086e75fcc1f9d8f6b"},"headline":"El mapa de las restricciones en cada comunidad a partir del 9 de mayo: movilidad libre en toda Espa\u00f1a y toque de queda en cuatro regiones","datePublished":"2021-05-07T14:26:22+00:00","dateModified":"2021-05-07T14:26:27+00:00","mainEntityOfPage":{"@id":"https:\/\/hotnewsinworld.com\/es\/el-mapa-de-las-restricciones-en-cada-comunidad-a-partir-del-9-de-mayo-movilidad-libre-en-toda-espana-y-toque-de-queda-en-cuatro-regiones\/"},"wordCount":321,"commentCount":0,"image":{"@id":"https:\/\/hotnewsinworld.com\/es\/el-mapa-de-las-restricciones-en-cada-comunidad-a-partir-del-9-de-mayo-movilidad-libre-en-toda-espana-y-toque-de-queda-en-cuatro-regiones\/#primaryimage"},"thumbnailUrl":"https:\/\/hotnewsinworld.com\/es\/wp-content\/uploads\/sites\/4\/2021\/05\/El-mapa-de-las-restricciones-en-cada-comunidad-a-partir.png","articleSection":["\u00daLTIMAS NOTICIAS FINANCIERAS"],"inLanguage":"es","potentialAction":[{"@type":"CommentAction","name":"Comment","target":["https:\/\/hotnewsinworld.com\/es\/el-mapa-de-las-restricciones-en-cada-comunidad-a-partir-del-9-de-mayo-movilidad-libre-en-toda-espana-y-toque-de-queda-en-cuatro-regiones\/#respond"]}]},{"@type":"WebPage","@id":"https:\/\/hotnewsinworld.com\/es\/el-mapa-de-las-restricciones-en-cada-comunidad-a-partir-del-9-de-mayo-movilidad-libre-en-toda-espana-y-toque-de-queda-en-cuatro-regiones\/","url":"https:\/\/hotnewsinworld.com\/es\/el-mapa-de-las-restricciones-en-cada-comunidad-a-partir-del-9-de-mayo-movilidad-libre-en-toda-espana-y-toque-de-queda-en-cuatro-regiones\/","name":"El mapa de las restricciones en cada comunidad a partir del 9 de mayo: movilidad libre en toda Espa\u00f1a y toque de queda en cuatro regiones - Hot News in World","isPartOf":{"@id":"https:\/\/hotnewsinworld.com\/es\/#website"},"primaryImageOfPage":{"@id":"https:\/\/hotnewsinworld.com\/es\/el-mapa-de-las-restricciones-en-cada-comunidad-a-partir-del-9-de-mayo-movilidad-libre-en-toda-espana-y-toque-de-queda-en-cuatro-regiones\/#primaryimage"},"image":{"@id":"https:\/\/hotnewsinworld.com\/es\/el-mapa-de-las-restricciones-en-cada-comunidad-a-partir-del-9-de-mayo-movilidad-libre-en-toda-espana-y-toque-de-queda-en-cuatro-regiones\/#primaryimage"},"thumbnailUrl":"https:\/\/hotnewsinworld.com\/es\/wp-content\/uploads\/sites\/4\/2021\/05\/El-mapa-de-las-restricciones-en-cada-comunidad-a-partir.png","datePublished":"2021-05-07T14:26:22+00:00","dateModified":"2021-05-07T14:26:27+00:00","author":{"@id":"https:\/\/hotnewsinworld.com\/es\/#\/schema\/person\/fe61448b21c0d59086e75fcc1f9d8f6b"},"breadcrumb":{"@id":"https:\/\/hotnewsinworld.com\/es\/el-mapa-de-las-restricciones-en-cada-comunidad-a-partir-del-9-de-mayo-movilidad-libre-en-toda-espana-y-toque-de-queda-en-cuatro-regiones\/#breadcrumb"},"inLanguage":"es","potentialAction":[{"@type":"ReadAction","target":["https:\/\/hotnewsinworld.com\/es\/el-mapa-de-las-restricciones-en-cada-comunidad-a-partir-del-9-de-mayo-movilidad-libre-en-toda-espana-y-toque-de-queda-en-cuatro-regiones\/"]}]},{"@type":"ImageObject","inLanguage":"es","@id":"https:\/\/hotnewsinworld.com\/es\/el-mapa-de-las-restricciones-en-cada-comunidad-a-partir-del-9-de-mayo-movilidad-libre-en-toda-espana-y-toque-de-queda-en-cuatro-regiones\/#primaryimage","url":"https:\/\/hotnewsinworld.com\/es\/wp-content\/uploads\/sites\/4\/2021\/05\/El-mapa-de-las-restricciones-en-cada-comunidad-a-partir.png","contentUrl":"https:\/\/hotnewsinworld.com\/es\/wp-content\/uploads\/sites\/4\/2021\/05\/El-mapa-de-las-restricciones-en-cada-comunidad-a-partir.png","width":1200,"height":675,"caption":"El mapa de las restricciones en cada comunidad a partir del 9 de mayo: movilidad libre en toda Espa\u00f1a y toque de queda en cuatro regiones"},{"@type":"BreadcrumbList","@id":"https:\/\/hotnewsinworld.com\/es\/el-mapa-de-las-restricciones-en-cada-comunidad-a-partir-del-9-de-mayo-movilidad-libre-en-toda-espana-y-toque-de-queda-en-cuatro-regiones\/#breadcrumb","itemListElement":[{"@type":"ListItem","position":1,"name":"\u0413\u043b\u0430\u0432\u043d\u0430\u044f \u0441\u0442\u0440\u0430\u043d\u0438\u0446\u0430","item":"https:\/\/hotnewsinworld.com\/es\/"},{"@type":"ListItem","position":2,"name":"El mapa de las restricciones en cada comunidad a partir del 9 de mayo: movilidad libre en toda Espa\u00f1a y toque de queda en cuatro regiones"}]},{"@type":"WebSite","@id":"https:\/\/hotnewsinworld.com\/es\/#website","url":"https:\/\/hotnewsinworld.com\/es\/","name":"Hot News in World","description":"Hot News in World from Spain","potentialAction":[{"@type":"SearchAction","target":{"@type":"EntryPoint","urlTemplate":"https:\/\/hotnewsinworld.com\/es\/?s={search_term_string}"},"query-input":{"@type":"PropertyValueSpecification","valueRequired":true,"valueName":"search_term_string"}}],"inLanguage":"es"},{"@type":"Person","@id":"https:\/\/hotnewsinworld.com\/es\/#\/schema\/person\/fe61448b21c0d59086e75fcc1f9d8f6b","name":"hotnewsinworld","image":{"@type":"ImageObject","inLanguage":"es","@id":"https:\/\/secure.gravatar.com\/avatar\/8a09ac165600ce2e1c38fe593c63928eb1e6e7ba5c5a907d67787c41b3d00c14?s=96&d=mm&r=g","url":"https:\/\/secure.gravatar.com\/avatar\/8a09ac165600ce2e1c38fe593c63928eb1e6e7ba5c5a907d67787c41b3d00c14?s=96&d=mm&r=g","contentUrl":"https:\/\/secure.gravatar.com\/avatar\/8a09ac165600ce2e1c38fe593c63928eb1e6e7ba5c5a907d67787c41b3d00c14?s=96&d=mm&r=g","caption":"hotnewsinworld"},"url":"https:\/\/hotnewsinworld.com\/es\/author\/pt\/"}]}},"_links":{"self":[{"href":"https:\/\/hotnewsinworld.com\/es\/wp-json\/wp\/v2\/posts\/2359","targetHints":{"allow":["GET"]}}],"collection":[{"href":"https:\/\/hotnewsinworld.com\/es\/wp-json\/wp\/v2\/posts"}],"about":[{"href":"https:\/\/hotnewsinworld.com\/es\/wp-json\/wp\/v2\/types\/post"}],"author":[{"embeddable":true,"href":"https:\/\/hotnewsinworld.com\/es\/wp-json\/wp\/v2\/users\/2"}],"replies":[{"embeddable":true,"href":"https:\/\/hotnewsinworld.com\/es\/wp-json\/wp\/v2\/comments?post=2359"}],"version-history":[{"count":1,"href":"https:\/\/hotnewsinworld.com\/es\/wp-json\/wp\/v2\/posts\/2359\/revisions"}],"predecessor-version":[{"id":2361,"href":"https:\/\/hotnewsinworld.com\/es\/wp-json\/wp\/v2\/posts\/2359\/revisions\/2361"}],"wp:featuredmedia":[{"embeddable":true,"href":"https:\/\/hotnewsinworld.com\/es\/wp-json\/wp\/v2\/media\/2360"}],"wp:attachment":[{"href":"https:\/\/hotnewsinworld.com\/es\/wp-json\/wp\/v2\/media?parent=2359"}],"wp:term":[{"taxonomy":"category","embeddable":true,"href":"https:\/\/hotnewsinworld.com\/es\/wp-json\/wp\/v2\/categories?post=2359"},{"taxonomy":"post_tag","embeddable":true,"href":"https:\/\/hotnewsinworld.com\/es\/wp-json\/wp\/v2\/tags?post=2359"}],"curies":[{"name":"wp","href":"https:\/\/api.w.org\/{rel}","templated":true}]}}