{"id":2383,"date":"2021-05-09T17:40:21","date_gmt":"2021-05-09T14:40:21","guid":{"rendered":"https:\/\/hotnewsinworld.com\/es\/espana-sale-del-estado-de-alarma-con-euforia-dudas-e-inquietud\/"},"modified":"2021-05-09T17:40:24","modified_gmt":"2021-05-09T14:40:24","slug":"espana-sale-del-estado-de-alarma-con-euforia-dudas-e-inquietud","status":"publish","type":"post","link":"https:\/\/hotnewsinworld.com\/es\/espana-sale-del-estado-de-alarma-con-euforia-dudas-e-inquietud\/","title":{"rendered":"Espa\u00f1a sale del estado de alarma con euforia, dudas e inquietud"},"content":{"rendered":"<p>Espa\u00f1a ya no est\u00e1 en estado de alarma. La peor crisis sanitaria, social y econ\u00f3mica vivida en d\u00e9cadas \u2014con un balance que se acerca a los 80.000 fallecidos\u2014 se adentra este domingo en una nueva desescalada que esta vez debe marcar el declive definitivo de la pandemia. El pa\u00eds necesita unos 100 d\u00edas para empezar a recuperar los espacios vitales y sociales a los que el coronavirus le ha obligado a renunciar. Para la normalidad plena, auguran los expertos, a\u00fan falta bastante m\u00e1s: al menos un a\u00f1o.En alg\u00fan momento a mediados de agosto, Espa\u00f1a podr\u00e1 echar cuentas y ver si el objetivo est\u00e1 m\u00e1s cerca. Las incidencias, a\u00fan muy elevadas, deber\u00edan estar por debajo de los 25 casos por 100.000 habitantes y la mortalidad haberse desplomado gracias a una campa\u00f1a de vacunaci\u00f3n que por entonces habr\u00e1 protegido a cerca del 70% de la poblaci\u00f3n. Pero, antes, el sistema pol\u00edtico y judicial debe demostrar que es capaz de evitar el caos del pasado verano \u2014que ahora amenaza con repetirse\u2014 cuando sean necesarias restricciones que afecten a derechos fundamentales, como el toque de queda y los confinamientos.El mapa de las restricciones en cada comunidad a partir del 9 de mayo\u201cLa gente quiere volver a sus viejas rutinas. Yo mismo estoy con muchos nervios para volver a servir por las noches\u201d, describe Carlos Domingo Morla, due\u00f1o de la hamburgueser\u00eda Negronix, en el barcelon\u00e9s barrio de Navas. El local, alejado de los focos tur\u00edsticos de la capital catalana, hab\u00eda logrado aunar una clientela que mezclaba vecinos y extranjeros antes del abrupto confinamiento de marzo de 2020. \u201cA\u00fan recuerdo el d\u00eda que todo se par\u00f3. Nada ha vuelto a ser lo mismo. Hemos seguido abriendo algunos mediod\u00edas, pero no hacemos ni el 5% de la caja de antes. Ahora es el momento de volver a ponerlo todo en marcha\u201d, proclama Morla.Carlos Domingo, propietario del bar Negronix de Barcelona, prepara su terraza.  Joan S\u00e1nchezPor ahora, la situaci\u00f3n epidemiol\u00f3gica sigue preocupando a los expertos. \u201cTenemos todav\u00eda demasiados casos\u201d, lamenta Elena Vanessa Mart\u00ednez, presidenta de la Sociedad Espa\u00f1ola de Epidemiolog\u00eda (SEE). Ya hace una semana que las curvas de nuevos positivos y hospitalizaciones consolidaron su tendencia a la baja, aunque ocho comunidades \u2014entre ellas Madrid, Catalu\u00f1a, Pa\u00eds Vasco y Arag\u00f3n\u2014 segu\u00edan este viernes por encima de los 200 casos por 100.000 habitantes.\u201cHay mucha gente infectada capaz de transmitir el virus. El porcentaje de poblaci\u00f3n vacunada a\u00fan es peque\u00f1o. En esta situaci\u00f3n, me preocupa el mensaje de falsa seguridad que se transmite con el fin del estado de alarma y la retirada del toque de queda. Esto va a aumentar la movilidad y favorecer la circulaci\u00f3n del virus. La poblaci\u00f3n m\u00e1s vulnerable ya est\u00e1 protegida, pero el potencial problema de salud p\u00fablica que supondr\u00eda un rebrote es a\u00fan enorme\u201d, a\u00f1ade Mart\u00ednez.Los hospitales ofrecen la cara m\u00e1s favorable de la evoluci\u00f3n de la pandemia. \u201cAyer conseguimos cerrar una planta covid, lo cual es una excelente noticia\u201d, celebraba el viernes Jos\u00e9 Miguel Cisneros, jefe de enfermedades infecciosas del Hospital Virgen del Roc\u00edo (Sevilla). \u201cYa casi no vemos ingresos de personas de 80 o m\u00e1s a\u00f1os gracias a las vacunas. Y lo previsible es que vayan desapareciendo los de los nuevos grupos que ahora est\u00e1n siendo inmunizados\u201d, a\u00f1ade.Un a\u00f1o sin aliento en las UCILa sanidad espa\u00f1ola ha administrado en la \u00faltima semana casi tres millones de dosis de vacunas. Frente a las incertidumbres que abre el nuevo escenario, el s\u00f3lido avance de la campa\u00f1a de inmunizaci\u00f3n es para todos los especialistas la mejor noticia. \u201cLa escasez inicial de vacunas gener\u00f3 algunas dudas, pero cuando los viales han empezado a llegar, el sistema ha respondido muy bien y el rechazo entre la poblaci\u00f3n est\u00e1 siendo m\u00ednimo\u201d, defiende Amos Garc\u00eda Rojas, presidente de la Asociaci\u00f3n Espa\u00f1ola de Vacunolog\u00eda (AEV).M\u00e1s de 13 millones de espa\u00f1oles (casi el 30% de la poblaci\u00f3n) han recibido al menos una dosis, y cerca de la mitad de ellos ya ha completado la pauta. Unas cifras que, si se tiene en cuenta el ritmo previsto de llegada de nuevas vacunas \u2014m\u00e1s de 20 millones antes del 30 de junio, cinco de ellas monodosis de Janssen, y m\u00e1s de 60 millones antes del fin de verano\u2014, despejan las dudas de que el Gobierno pueda cumplir su objetivo de haber inmunizado en agosto al 70% de la poblaci\u00f3n.\u201cEl miedo a los trombos y los problemas log\u00edsticos son los \u00fanicos obst\u00e1culos de relevancia con los que nos estamos topando\u201d, detalla Jos\u00e9 Luis Alfonso, jefe de medicina preventiva en el Hospital General de Valencia. \u201cEntre el 5% y el 10% de la poblaci\u00f3n declina vacunarse con AstraZeneca y Janssen. No es un gran porcentaje, pero s\u00ed lo suficientemente relevante para tenerlo en cuenta\u201d, a\u00f1ade.\u201cLos problemas log\u00edsticos son menores y los vamos solventando, pero dan mucho trabajo\u201d, lamenta Alfonso. Como dato ilustrativo, utiliza el siguiente: \u201cCasi la mitad de los tel\u00e9fonos m\u00f3viles de los pacientes que tiene la red p\u00fablica est\u00e1n anticuados o no son correctos. Como la v\u00eda de comunicaci\u00f3n m\u00e1s utilizada es el SMS, esto nos obliga a redoblar los esfuerzos para localizar y comunicarnos con las personas a vacunar\u201d, relata.El n\u00famero de espa\u00f1oles que han pasado la infecci\u00f3n por coronavirus se acerca a los 3,6 millones de personas, seg\u00fan el balance diario que ofrece el Ministerio de Sanidad. Esta cifra podr\u00eda ascender en realidad hasta casi seis millones de personas, seg\u00fan los sucesivos estudios de seroprevalencia. En todo caso, y sumando a ellas todas las personas vacunadas, \u201cm\u00e1s de la mitad de la poblaci\u00f3n a\u00fan es susceptible de contraer el virus\u201d.Fotogaler\u00eda: El fin del estado de alarma en Espa\u00f1a\u201cEs algo que no debemos olvidar, y la ca\u00edda del estado de alarma puede extender la idea de que ya no hay riesgo\u201d, critica Daniel L\u00f3pez Acu\u00f1a, exdirector de Acci\u00f3n Sanitaria en Crisis de la OMS. \u201cNo nos enga\u00f1emos. Seguiremos necesitando medidas para reducir el movimiento y la interacci\u00f3n social, pero a partir de ahora esto va a quedar primero a criterio de cada comunidad aut\u00f3noma y luego se va a judicializar. Y esto no es una buena noticia porque entorpece los procesos de toma de decisi\u00f3n como ya estamos viendo\u201d, lamenta.El epidemi\u00f3logo Pedro Alonso, que dirige el Programa Mundial de Malaria de la OMS, echa en falta herramientas \u201ccomo de las que se ha dotado Alemania\u201d, que ha aprobado recientemente una ley federal que prev\u00e9 un toque de queda nocturno y la limitaci\u00f3n de reuniones sociales a partir de 200 casos por 100.000 habitantes a 14 d\u00edas, y cierres comerciales a partir de 300.El Gobierno del socialista Pedro S\u00e1nchez, en cambio, se ha resistido a adoptar una soluci\u00f3n parecida y ha optado, mediante un real decreto-ley aprobado el pasado mi\u00e9rcoles, por que sea el Tribunal Supremo el que, en caso de conflicto, decida mediante un procedimiento r\u00e1pido qu\u00e9 derechos fundamentales pueden restringirse seg\u00fan la evoluci\u00f3n epidemiol\u00f3gica. Una soluci\u00f3n que ha sido criticada por los propios jueces del tribunal. En los \u00faltimos d\u00edas, el choque de criterios en las decisiones de los tribunales superiores del Pa\u00eds Vasco, Baleares y Comunidad Valenciana anticipa conflictos.Ambiente en las calles de Santiago de Compostela en el \u00faltimo d\u00eda del estado de alarma. \u00d3scar CorralDiscotecas con las pistas de baile abiertas, restaurantes con los interiores repletos de comensales, fiestas al aire libre&#8230; Tras meses de restricciones y con mucho cansancio acumulado entre la poblaci\u00f3n, lo que m\u00e1s temen los expertos es que se impulsen unas din\u00e1micas sociales peligrosas que las comunidades, por falta de voluntad pol\u00edtica o ausencia de herramientas adecuadas, no logren frenar.\u201cEs importante no repetir los errores que cometimos en las anteriores desescaladas\u201d, afirma Rafael Cant\u00f3n, jefe de servicio de microbiolog\u00eda del Hospital Ram\u00f3n y Cajal (Madrid) en relaci\u00f3n al fin del estado de alarma. \u201cSi t\u00fa abres mucho las medidas, aumenta la interacci\u00f3n y la transmisi\u00f3n del virus. Eso es inevitable. Pero hay que ponerle coto de alguna forma. Es cierto que existe fatiga, pero es necesario encontrar las f\u00f3rmulas que permitan mantener las medidas de distanciamiento y prevenci\u00f3n hasta que logremos tener a pr\u00e1cticamente toda la poblaci\u00f3n vacunada\u201d, a\u00f1ade.El contexto internacional es, adem\u00e1s, incierto. \u201cLa vacunaci\u00f3n ha reducido la mortalidad en Estados Unidos y la Uni\u00f3n Europea\u201d, afirma Pedro Alonso. \u201cPero est\u00e1 siendo muy desigual. Nueve de cada 10 dosis se han administrado en los pa\u00edses ricos, que por ahora avanzan hacia un escenario de mayor tranquilidad que contrasta con el resto del mundo. Lo ocurrido en India es solo un aviso de que lo imprevisible siempre puede ocurrir y que no es descartable la aparici\u00f3n de nuevas variantes que nos devuelvan a la casilla de salida. Tengamos cuidado porque se hab\u00eda dicho que este virus mutaba poco y estamos viendo que esto no es del todo cierto\u201d, concluye.La pandemia del coronavirus ha puesto en evidencia carencias importantes en la gobernanza del sistema sanitario espa\u00f1ol, as\u00ed como en sus sistemas de informaci\u00f3n. A\u00fan hoy sigue siendo imposible captar al d\u00eda con cierta precisi\u00f3n la situaci\u00f3n de la pandemia \u2014casos, hospitalizaciones, fallecimientos&#8230;\u2014 pese a la avalancha de datos que el Ministerio de Sanidad y las comunidades publican cada d\u00eda, muy a menudo aquejados de importantes retrasos de notificaci\u00f3n u otros problemas como las duplicidades.\u201cHemos avanzado muy poco en el \u00faltimo a\u00f1o a pesar de todo lo que se ha dicho\u201d, lamenta un cargo sanitario en primera l\u00ednea de lucha contra la pandemia, que pide el anonimato y se muestra muy cr\u00edtico con el \u201cinmovilismo que parece que se ha impuesto\u201d. \u201cHace un a\u00f1o se habl\u00f3 mucho de la comisi\u00f3n de investigaci\u00f3n necesaria para ver qu\u00e9 hab\u00eda fallado para prevenir la pandemia. Ahora parece que ya no hay ni ganas de analizarlo. Y es algo grave, porque los problemas de base que nos impidieron prevenir y reaccionar r\u00e1pido en las primeras fases de la pandemia siguen siendo los mismos\u201d, censura.En el Negronix, las sillas met\u00e1licas de colores segu\u00edan apiladas este viernes mientras Morla ultimaba los preparativos para el estreno de la nueva terraza. No ser\u00e1 la \u00fanica novedad del local, que tambi\u00e9n ofrece c\u00f3cteles y tapas con sabor caribe\u00f1o. \u201cHemos cambiado muchas cosas de la carta. Despu\u00e9s de todo lo que ha pasado, los clientes no pueden encontrar lo mismo cuando vengan. Cambiar, buscar y ofrecer cosas nuevas es la mejor forma de dejar atr\u00e1s todo este tiempo tan horroroso por el que hemos pasado\u201d, afirma.<br \/>\n<br \/>\n<!--noindex--><br \/>\n<a href=\"https:\/\/elpais.com\/sociedad\/2021-05-09\/el-fin-de-la-excepcionalidad-espana-se-adentra-en-los-100-dias-que-deben-marcar-el-declive-de-la-pandemia.html\" rel=\"nofollow\">Source link <\/a><br \/>\n<!--\/noindex--><\/p>\n","protected":false},"excerpt":{"rendered":"<p>Espa\u00f1a ya no est\u00e1 en estado de alarma. La peor crisis sanitaria, social y econ\u00f3mica vivida en d\u00e9cadas \u2014con un balance que se acerca a los 80.000 fallecidos\u2014 se adentra este domingo en una nueva desescalada que esta vez debe marcar el declive definitivo de la pandemia. El pa\u00eds necesita unos 100 d\u00edas para empezar [&hellip;]<\/p>\n","protected":false},"author":2,"featured_media":2384,"comment_status":"open","ping_status":"open","sticky":false,"template":"","format":"standard","meta":{"footnotes":""},"categories":[1],"tags":[],"class_list":["post-2383","post","type-post","status-publish","format-standard","has-post-thumbnail","hentry","category-ultimas-noticias-financieras"],"yoast_head":"<!-- This site is optimized with the Yoast SEO plugin v27.4 - https:\/\/yoast.com\/product\/yoast-seo-wordpress\/ -->\n<title>Espa\u00f1a sale del estado de alarma con euforia, dudas e inquietud - Hot News in World<\/title>\n<meta name=\"robots\" content=\"index, follow, max-snippet:-1, max-image-preview:large, max-video-preview:-1\" \/>\n<link rel=\"canonical\" href=\"https:\/\/hotnewsinworld.com\/es\/espana-sale-del-estado-de-alarma-con-euforia-dudas-e-inquietud\/\" \/>\n<meta property=\"og:locale\" content=\"es_ES\" \/>\n<meta property=\"og:type\" content=\"article\" \/>\n<meta property=\"og:title\" content=\"Espa\u00f1a sale del estado de alarma con euforia, dudas e inquietud - Hot News in World\" \/>\n<meta property=\"og:description\" content=\"Espa\u00f1a ya no est\u00e1 en estado de alarma. La peor crisis sanitaria, social y econ\u00f3mica vivida en d\u00e9cadas \u2014con un balance que se acerca a los 80.000 fallecidos\u2014 se adentra este domingo en una nueva desescalada que esta vez debe marcar el declive definitivo de la pandemia. El pa\u00eds necesita unos 100 d\u00edas para empezar [&hellip;]\" \/>\n<meta property=\"og:url\" content=\"https:\/\/hotnewsinworld.com\/es\/espana-sale-del-estado-de-alarma-con-euforia-dudas-e-inquietud\/\" \/>\n<meta property=\"og:site_name\" content=\"Hot News in World\" \/>\n<meta property=\"article:published_time\" content=\"2021-05-09T14:40:21+00:00\" \/>\n<meta property=\"article:modified_time\" content=\"2021-05-09T14:40:24+00:00\" \/>\n<meta property=\"og:image\" content=\"https:\/\/hotnewsinworld.com\/es\/wp-content\/uploads\/sites\/4\/2021\/05\/Espana-sale-del-estado-de-alarma-con-euforia-dudas-e.jpg\" \/>\n\t<meta property=\"og:image:width\" content=\"1200\" \/>\n\t<meta property=\"og:image:height\" content=\"675\" \/>\n\t<meta property=\"og:image:type\" content=\"image\/jpeg\" \/>\n<meta name=\"author\" content=\"hotnewsinworld\" \/>\n<meta name=\"twitter:card\" content=\"summary_large_image\" \/>\n<meta name=\"twitter:label1\" content=\"Escrito por\" \/>\n\t<meta name=\"twitter:data1\" content=\"hotnewsinworld\" \/>\n\t<meta name=\"twitter:label2\" content=\"Tiempo de lectura\" \/>\n\t<meta name=\"twitter:data2\" content=\"9 minutos\" \/>\n<script type=\"application\/ld+json\" class=\"yoast-schema-graph\">{\"@context\":\"https:\\\/\\\/schema.org\",\"@graph\":[{\"@type\":\"Article\",\"@id\":\"https:\\\/\\\/hotnewsinworld.com\\\/es\\\/espana-sale-del-estado-de-alarma-con-euforia-dudas-e-inquietud\\\/#article\",\"isPartOf\":{\"@id\":\"https:\\\/\\\/hotnewsinworld.com\\\/es\\\/espana-sale-del-estado-de-alarma-con-euforia-dudas-e-inquietud\\\/\"},\"author\":{\"name\":\"hotnewsinworld\",\"@id\":\"https:\\\/\\\/hotnewsinworld.com\\\/es\\\/#\\\/schema\\\/person\\\/fe61448b21c0d59086e75fcc1f9d8f6b\"},\"headline\":\"Espa\u00f1a sale del estado de alarma con euforia, dudas e inquietud\",\"datePublished\":\"2021-05-09T14:40:21+00:00\",\"dateModified\":\"2021-05-09T14:40:24+00:00\",\"mainEntityOfPage\":{\"@id\":\"https:\\\/\\\/hotnewsinworld.com\\\/es\\\/espana-sale-del-estado-de-alarma-con-euforia-dudas-e-inquietud\\\/\"},\"wordCount\":1880,\"commentCount\":0,\"image\":{\"@id\":\"https:\\\/\\\/hotnewsinworld.com\\\/es\\\/espana-sale-del-estado-de-alarma-con-euforia-dudas-e-inquietud\\\/#primaryimage\"},\"thumbnailUrl\":\"https:\\\/\\\/hotnewsinworld.com\\\/es\\\/wp-content\\\/uploads\\\/sites\\\/4\\\/2021\\\/05\\\/Espana-sale-del-estado-de-alarma-con-euforia-dudas-e.jpg\",\"articleSection\":[\"\u00daLTIMAS NOTICIAS FINANCIERAS\"],\"inLanguage\":\"es\",\"potentialAction\":[{\"@type\":\"CommentAction\",\"name\":\"Comment\",\"target\":[\"https:\\\/\\\/hotnewsinworld.com\\\/es\\\/espana-sale-del-estado-de-alarma-con-euforia-dudas-e-inquietud\\\/#respond\"]}]},{\"@type\":\"WebPage\",\"@id\":\"https:\\\/\\\/hotnewsinworld.com\\\/es\\\/espana-sale-del-estado-de-alarma-con-euforia-dudas-e-inquietud\\\/\",\"url\":\"https:\\\/\\\/hotnewsinworld.com\\\/es\\\/espana-sale-del-estado-de-alarma-con-euforia-dudas-e-inquietud\\\/\",\"name\":\"Espa\u00f1a sale del estado de alarma con euforia, dudas e inquietud - Hot News in World\",\"isPartOf\":{\"@id\":\"https:\\\/\\\/hotnewsinworld.com\\\/es\\\/#website\"},\"primaryImageOfPage\":{\"@id\":\"https:\\\/\\\/hotnewsinworld.com\\\/es\\\/espana-sale-del-estado-de-alarma-con-euforia-dudas-e-inquietud\\\/#primaryimage\"},\"image\":{\"@id\":\"https:\\\/\\\/hotnewsinworld.com\\\/es\\\/espana-sale-del-estado-de-alarma-con-euforia-dudas-e-inquietud\\\/#primaryimage\"},\"thumbnailUrl\":\"https:\\\/\\\/hotnewsinworld.com\\\/es\\\/wp-content\\\/uploads\\\/sites\\\/4\\\/2021\\\/05\\\/Espana-sale-del-estado-de-alarma-con-euforia-dudas-e.jpg\",\"datePublished\":\"2021-05-09T14:40:21+00:00\",\"dateModified\":\"2021-05-09T14:40:24+00:00\",\"author\":{\"@id\":\"https:\\\/\\\/hotnewsinworld.com\\\/es\\\/#\\\/schema\\\/person\\\/fe61448b21c0d59086e75fcc1f9d8f6b\"},\"breadcrumb\":{\"@id\":\"https:\\\/\\\/hotnewsinworld.com\\\/es\\\/espana-sale-del-estado-de-alarma-con-euforia-dudas-e-inquietud\\\/#breadcrumb\"},\"inLanguage\":\"es\",\"potentialAction\":[{\"@type\":\"ReadAction\",\"target\":[\"https:\\\/\\\/hotnewsinworld.com\\\/es\\\/espana-sale-del-estado-de-alarma-con-euforia-dudas-e-inquietud\\\/\"]}]},{\"@type\":\"ImageObject\",\"inLanguage\":\"es\",\"@id\":\"https:\\\/\\\/hotnewsinworld.com\\\/es\\\/espana-sale-del-estado-de-alarma-con-euforia-dudas-e-inquietud\\\/#primaryimage\",\"url\":\"https:\\\/\\\/hotnewsinworld.com\\\/es\\\/wp-content\\\/uploads\\\/sites\\\/4\\\/2021\\\/05\\\/Espana-sale-del-estado-de-alarma-con-euforia-dudas-e.jpg\",\"contentUrl\":\"https:\\\/\\\/hotnewsinworld.com\\\/es\\\/wp-content\\\/uploads\\\/sites\\\/4\\\/2021\\\/05\\\/Espana-sale-del-estado-de-alarma-con-euforia-dudas-e.jpg\",\"width\":1200,\"height\":675,\"caption\":\"Espa\u00f1a sale del estado de alarma con euforia, dudas e inquietud\"},{\"@type\":\"BreadcrumbList\",\"@id\":\"https:\\\/\\\/hotnewsinworld.com\\\/es\\\/espana-sale-del-estado-de-alarma-con-euforia-dudas-e-inquietud\\\/#breadcrumb\",\"itemListElement\":[{\"@type\":\"ListItem\",\"position\":1,\"name\":\"\u0413\u043b\u0430\u0432\u043d\u0430\u044f \u0441\u0442\u0440\u0430\u043d\u0438\u0446\u0430\",\"item\":\"https:\\\/\\\/hotnewsinworld.com\\\/es\\\/\"},{\"@type\":\"ListItem\",\"position\":2,\"name\":\"Espa\u00f1a sale del estado de alarma con euforia, dudas e inquietud\"}]},{\"@type\":\"WebSite\",\"@id\":\"https:\\\/\\\/hotnewsinworld.com\\\/es\\\/#website\",\"url\":\"https:\\\/\\\/hotnewsinworld.com\\\/es\\\/\",\"name\":\"Hot News in World\",\"description\":\"Hot News in World from Spain\",\"potentialAction\":[{\"@type\":\"SearchAction\",\"target\":{\"@type\":\"EntryPoint\",\"urlTemplate\":\"https:\\\/\\\/hotnewsinworld.com\\\/es\\\/?s={search_term_string}\"},\"query-input\":{\"@type\":\"PropertyValueSpecification\",\"valueRequired\":true,\"valueName\":\"search_term_string\"}}],\"inLanguage\":\"es\"},{\"@type\":\"Person\",\"@id\":\"https:\\\/\\\/hotnewsinworld.com\\\/es\\\/#\\\/schema\\\/person\\\/fe61448b21c0d59086e75fcc1f9d8f6b\",\"name\":\"hotnewsinworld\",\"image\":{\"@type\":\"ImageObject\",\"inLanguage\":\"es\",\"@id\":\"https:\\\/\\\/secure.gravatar.com\\\/avatar\\\/8a09ac165600ce2e1c38fe593c63928eb1e6e7ba5c5a907d67787c41b3d00c14?s=96&d=mm&r=g\",\"url\":\"https:\\\/\\\/secure.gravatar.com\\\/avatar\\\/8a09ac165600ce2e1c38fe593c63928eb1e6e7ba5c5a907d67787c41b3d00c14?s=96&d=mm&r=g\",\"contentUrl\":\"https:\\\/\\\/secure.gravatar.com\\\/avatar\\\/8a09ac165600ce2e1c38fe593c63928eb1e6e7ba5c5a907d67787c41b3d00c14?s=96&d=mm&r=g\",\"caption\":\"hotnewsinworld\"},\"url\":\"https:\\\/\\\/hotnewsinworld.com\\\/es\\\/author\\\/pt\\\/\"}]}<\/script>\n<!-- \/ Yoast SEO plugin. -->","yoast_head_json":{"title":"Espa\u00f1a sale del estado de alarma con euforia, dudas e inquietud - Hot News in World","robots":{"index":"index","follow":"follow","max-snippet":"max-snippet:-1","max-image-preview":"max-image-preview:large","max-video-preview":"max-video-preview:-1"},"canonical":"https:\/\/hotnewsinworld.com\/es\/espana-sale-del-estado-de-alarma-con-euforia-dudas-e-inquietud\/","og_locale":"es_ES","og_type":"article","og_title":"Espa\u00f1a sale del estado de alarma con euforia, dudas e inquietud - Hot News in World","og_description":"Espa\u00f1a ya no est\u00e1 en estado de alarma. La peor crisis sanitaria, social y econ\u00f3mica vivida en d\u00e9cadas \u2014con un balance que se acerca a los 80.000 fallecidos\u2014 se adentra este domingo en una nueva desescalada que esta vez debe marcar el declive definitivo de la pandemia. El pa\u00eds necesita unos 100 d\u00edas para empezar [&hellip;]","og_url":"https:\/\/hotnewsinworld.com\/es\/espana-sale-del-estado-de-alarma-con-euforia-dudas-e-inquietud\/","og_site_name":"Hot News in World","article_published_time":"2021-05-09T14:40:21+00:00","article_modified_time":"2021-05-09T14:40:24+00:00","og_image":[{"width":1200,"height":675,"url":"https:\/\/hotnewsinworld.com\/es\/wp-content\/uploads\/sites\/4\/2021\/05\/Espana-sale-del-estado-de-alarma-con-euforia-dudas-e.jpg","type":"image\/jpeg"}],"author":"hotnewsinworld","twitter_card":"summary_large_image","twitter_misc":{"Escrito por":"hotnewsinworld","Tiempo de lectura":"9 minutos"},"schema":{"@context":"https:\/\/schema.org","@graph":[{"@type":"Article","@id":"https:\/\/hotnewsinworld.com\/es\/espana-sale-del-estado-de-alarma-con-euforia-dudas-e-inquietud\/#article","isPartOf":{"@id":"https:\/\/hotnewsinworld.com\/es\/espana-sale-del-estado-de-alarma-con-euforia-dudas-e-inquietud\/"},"author":{"name":"hotnewsinworld","@id":"https:\/\/hotnewsinworld.com\/es\/#\/schema\/person\/fe61448b21c0d59086e75fcc1f9d8f6b"},"headline":"Espa\u00f1a sale del estado de alarma con euforia, dudas e inquietud","datePublished":"2021-05-09T14:40:21+00:00","dateModified":"2021-05-09T14:40:24+00:00","mainEntityOfPage":{"@id":"https:\/\/hotnewsinworld.com\/es\/espana-sale-del-estado-de-alarma-con-euforia-dudas-e-inquietud\/"},"wordCount":1880,"commentCount":0,"image":{"@id":"https:\/\/hotnewsinworld.com\/es\/espana-sale-del-estado-de-alarma-con-euforia-dudas-e-inquietud\/#primaryimage"},"thumbnailUrl":"https:\/\/hotnewsinworld.com\/es\/wp-content\/uploads\/sites\/4\/2021\/05\/Espana-sale-del-estado-de-alarma-con-euforia-dudas-e.jpg","articleSection":["\u00daLTIMAS NOTICIAS FINANCIERAS"],"inLanguage":"es","potentialAction":[{"@type":"CommentAction","name":"Comment","target":["https:\/\/hotnewsinworld.com\/es\/espana-sale-del-estado-de-alarma-con-euforia-dudas-e-inquietud\/#respond"]}]},{"@type":"WebPage","@id":"https:\/\/hotnewsinworld.com\/es\/espana-sale-del-estado-de-alarma-con-euforia-dudas-e-inquietud\/","url":"https:\/\/hotnewsinworld.com\/es\/espana-sale-del-estado-de-alarma-con-euforia-dudas-e-inquietud\/","name":"Espa\u00f1a sale del estado de alarma con euforia, dudas e inquietud - Hot News in World","isPartOf":{"@id":"https:\/\/hotnewsinworld.com\/es\/#website"},"primaryImageOfPage":{"@id":"https:\/\/hotnewsinworld.com\/es\/espana-sale-del-estado-de-alarma-con-euforia-dudas-e-inquietud\/#primaryimage"},"image":{"@id":"https:\/\/hotnewsinworld.com\/es\/espana-sale-del-estado-de-alarma-con-euforia-dudas-e-inquietud\/#primaryimage"},"thumbnailUrl":"https:\/\/hotnewsinworld.com\/es\/wp-content\/uploads\/sites\/4\/2021\/05\/Espana-sale-del-estado-de-alarma-con-euforia-dudas-e.jpg","datePublished":"2021-05-09T14:40:21+00:00","dateModified":"2021-05-09T14:40:24+00:00","author":{"@id":"https:\/\/hotnewsinworld.com\/es\/#\/schema\/person\/fe61448b21c0d59086e75fcc1f9d8f6b"},"breadcrumb":{"@id":"https:\/\/hotnewsinworld.com\/es\/espana-sale-del-estado-de-alarma-con-euforia-dudas-e-inquietud\/#breadcrumb"},"inLanguage":"es","potentialAction":[{"@type":"ReadAction","target":["https:\/\/hotnewsinworld.com\/es\/espana-sale-del-estado-de-alarma-con-euforia-dudas-e-inquietud\/"]}]},{"@type":"ImageObject","inLanguage":"es","@id":"https:\/\/hotnewsinworld.com\/es\/espana-sale-del-estado-de-alarma-con-euforia-dudas-e-inquietud\/#primaryimage","url":"https:\/\/hotnewsinworld.com\/es\/wp-content\/uploads\/sites\/4\/2021\/05\/Espana-sale-del-estado-de-alarma-con-euforia-dudas-e.jpg","contentUrl":"https:\/\/hotnewsinworld.com\/es\/wp-content\/uploads\/sites\/4\/2021\/05\/Espana-sale-del-estado-de-alarma-con-euforia-dudas-e.jpg","width":1200,"height":675,"caption":"Espa\u00f1a sale del estado de alarma con euforia, dudas e inquietud"},{"@type":"BreadcrumbList","@id":"https:\/\/hotnewsinworld.com\/es\/espana-sale-del-estado-de-alarma-con-euforia-dudas-e-inquietud\/#breadcrumb","itemListElement":[{"@type":"ListItem","position":1,"name":"\u0413\u043b\u0430\u0432\u043d\u0430\u044f \u0441\u0442\u0440\u0430\u043d\u0438\u0446\u0430","item":"https:\/\/hotnewsinworld.com\/es\/"},{"@type":"ListItem","position":2,"name":"Espa\u00f1a sale del estado de alarma con euforia, dudas e inquietud"}]},{"@type":"WebSite","@id":"https:\/\/hotnewsinworld.com\/es\/#website","url":"https:\/\/hotnewsinworld.com\/es\/","name":"Hot News in World","description":"Hot News in World from Spain","potentialAction":[{"@type":"SearchAction","target":{"@type":"EntryPoint","urlTemplate":"https:\/\/hotnewsinworld.com\/es\/?s={search_term_string}"},"query-input":{"@type":"PropertyValueSpecification","valueRequired":true,"valueName":"search_term_string"}}],"inLanguage":"es"},{"@type":"Person","@id":"https:\/\/hotnewsinworld.com\/es\/#\/schema\/person\/fe61448b21c0d59086e75fcc1f9d8f6b","name":"hotnewsinworld","image":{"@type":"ImageObject","inLanguage":"es","@id":"https:\/\/secure.gravatar.com\/avatar\/8a09ac165600ce2e1c38fe593c63928eb1e6e7ba5c5a907d67787c41b3d00c14?s=96&d=mm&r=g","url":"https:\/\/secure.gravatar.com\/avatar\/8a09ac165600ce2e1c38fe593c63928eb1e6e7ba5c5a907d67787c41b3d00c14?s=96&d=mm&r=g","contentUrl":"https:\/\/secure.gravatar.com\/avatar\/8a09ac165600ce2e1c38fe593c63928eb1e6e7ba5c5a907d67787c41b3d00c14?s=96&d=mm&r=g","caption":"hotnewsinworld"},"url":"https:\/\/hotnewsinworld.com\/es\/author\/pt\/"}]}},"_links":{"self":[{"href":"https:\/\/hotnewsinworld.com\/es\/wp-json\/wp\/v2\/posts\/2383","targetHints":{"allow":["GET"]}}],"collection":[{"href":"https:\/\/hotnewsinworld.com\/es\/wp-json\/wp\/v2\/posts"}],"about":[{"href":"https:\/\/hotnewsinworld.com\/es\/wp-json\/wp\/v2\/types\/post"}],"author":[{"embeddable":true,"href":"https:\/\/hotnewsinworld.com\/es\/wp-json\/wp\/v2\/users\/2"}],"replies":[{"embeddable":true,"href":"https:\/\/hotnewsinworld.com\/es\/wp-json\/wp\/v2\/comments?post=2383"}],"version-history":[{"count":1,"href":"https:\/\/hotnewsinworld.com\/es\/wp-json\/wp\/v2\/posts\/2383\/revisions"}],"predecessor-version":[{"id":2385,"href":"https:\/\/hotnewsinworld.com\/es\/wp-json\/wp\/v2\/posts\/2383\/revisions\/2385"}],"wp:featuredmedia":[{"embeddable":true,"href":"https:\/\/hotnewsinworld.com\/es\/wp-json\/wp\/v2\/media\/2384"}],"wp:attachment":[{"href":"https:\/\/hotnewsinworld.com\/es\/wp-json\/wp\/v2\/media?parent=2383"}],"wp:term":[{"taxonomy":"category","embeddable":true,"href":"https:\/\/hotnewsinworld.com\/es\/wp-json\/wp\/v2\/categories?post=2383"},{"taxonomy":"post_tag","embeddable":true,"href":"https:\/\/hotnewsinworld.com\/es\/wp-json\/wp\/v2\/tags?post=2383"}],"curies":[{"name":"wp","href":"https:\/\/api.w.org\/{rel}","templated":true}]}}