{"id":2425,"date":"2021-05-13T07:35:16","date_gmt":"2021-05-13T04:35:16","guid":{"rendered":"https:\/\/hotnewsinworld.com\/es\/radiografia-de-la-operacion-policial-mas-sangrienta-de-la-historia-de-rio-de-janeiro\/"},"modified":"2021-05-13T07:35:23","modified_gmt":"2021-05-13T04:35:23","slug":"radiografia-de-la-operacion-policial-mas-sangrienta-de-la-historia-de-rio-de-janeiro","status":"publish","type":"post","link":"https:\/\/hotnewsinworld.com\/es\/radiografia-de-la-operacion-policial-mas-sangrienta-de-la-historia-de-rio-de-janeiro\/","title":{"rendered":"Radiograf\u00eda de la operaci\u00f3n policial m\u00e1s sangrienta de la historia de R\u00edo de Janeiro"},"content":{"rendered":"<p>Tu, tu, tu, tu, tu, tu, tu\u2026 el sobrevuelo de dos \u00e1guilas -as\u00ed llaman por aqu\u00ed a los helic\u00f3pteros policiales\u2014 y el tableteo de las balas despert\u00f3 a Jacarezinho al amanecer. Esta favela es parte del R\u00edo de Janeiro sin glamour. El que ni siquiera sue\u00f1a con empezar a recibir turistas vacunados. A., de 28 a\u00f1os, hizo como todo el vecindario al estallar la operaci\u00f3n policial el jueves pasado. Saltar de la cama al rinc\u00f3n m\u00e1s protegido y abrazar a su hija. Carcomidas ambas por el terror, esperaban a que el fuego cruzado acabara cuando irrumpi\u00f3 en su casa un tipo herido. \u201cLe hab\u00edan pegado dos tiros, pero estaba vivo\u201d, explica ella. El intruso le orden\u00f3 que mantuviera silencio y se escondi\u00f3 en un cuarto hasta que cuatro polic\u00edas entraron a las bravas, encapuchados. \u201cVen\u00edan a por \u00e9l. Entonces \u00e9l empez\u00f3 a suplicarme. \u2018\u00a1No me dejes, no te vayas, no me dejes, que me van a matar!\u2019. Quer\u00eda entregarse a los de derechos humanos, pero los polic\u00edas dijeron: \u201c\u00a1Aqu\u00ed no se entrega nadie, va a salir muerto! Y lo mataron a pu\u00f1aladas en el cuarto, no me dejaron socorrerlo\u201d, relataba el lunes a\u00fan angustiada. \u201cEra \u00e9l o mi ni\u00f1a\u201d, murmura. \u201cNo vienen a detener, vienen a matar\u201d, sentencia. Por eso, dice, no llevaban en la pechera la etiqueta con su nombre y grupo sangu\u00edneo.M\u00e1s informaci\u00f3nSi alguien que huye de la polic\u00eda aporrea tu puerta para refugiarse, abres. Y punto. Es la ley que impera en las favelas como esta, donde el poder del crimen organizado ha ocupado el vac\u00edo dejado por el Estado. Y cualquier vecino de Jacarezinho que levanta m\u00e1s de un palmo recuerda otros muchos tiroteos y muchas operaciones policiales, pero ninguna tan sangrienta y brutal como esta. Con 28 muertos, la m\u00e1s letal perpetrada por uniformados en la historia de la ciudad. Tantas v\u00edctimas en un d\u00eda causaron conmoci\u00f3n en R\u00edo, que ya solo se espanta cuando las balas perdidas matan a ni\u00f1os porque la violencia de la guerra contra las drogas es cotidiana.El presidente, Jair Bolsonaro, no perdi\u00f3 la ocasi\u00f3n de felicitar a la Polic\u00eda Civil, que tambi\u00e9n se incaut\u00f3 de una treintena de armas. La mano dura con el crimen es una de sus banderas. Para el militar de extrema derecha, R\u00edo y los polic\u00edas son grandes caladeros electorales en un pa\u00eds donde est\u00e1 arraigada la idea de que el mejor delincuente es el delincuente muerto.- Ao tratar como v\u00edtimas traficantes que roubam, matam e destroem famil\u00edas, a m\u00eddia e a esquerda os iguala ao cidad\u00e3o comum, honesto, que respeita as leis e o pr\u00f3ximo. \u00c9 uma grave ofensa ao povo que h\u00e1 muito \u00e9 ref\u00e9m da criminalidade. Parab\u00e9ns \u00e0 Pol\u00edcia Civil do Rio de Janeiro!\u2014 Jair M. Bolsonaro (@jairbolsonaro) <a rel=\"nofollow noopener noreferrer\" target=\"_blank\" href=\"https:\/\/twitter.com\/jairbolsonaro\/status\/1391539553765310469?ref_src=twsrc%5Etfw\">May 9, 2021<\/a><\/p>\n<p>La rutina de matar sospechosos se instal\u00f3 hace mucho. Desde 1998, la polic\u00eda ha matado a una persona cada diez horas en el Estado de R\u00edo de Janeiro, seg\u00fan O\u2019Globo.Al alba del jueves pasado, antes de las seis, unos 200 polic\u00edas armados para una guerra avanzaron por todas las entradas de Jacarezinho, un enjambre de infraviviendas de ladrillo a una hora en metro y tren de la playa de Copacabana. Un polic\u00eda que intentaba quitar una de las barricadas colocadas por los traficantes que dominan la barriada, plaza fuerte del Comando Vermelho, fue la primera v\u00edctima. Le pegaron un tiro en la cabeza.Y estall\u00f3 el pandemonio. Fuego intenso con fusiles, r\u00e1fagas desde helic\u00f3pteros, granadas y casi 40.0000 vecinos convertidos, de nuevo, en rehenes. Agazapados en un rinc\u00f3n, implorando a Dios y siguiendo las noticias por el m\u00f3vil o WhatsApp. Joice Pereira, de 42 a\u00f1os, contaba el martes que se escondi\u00f3 con sus ocho cr\u00edos en el cuarto de ba\u00f1o durante horas. El lugar m\u00e1s seguro en este habit\u00e1culo con paredes de papel que se asoma a uno de los callejones escenario de la espectacular balacera.Muchas de las escenas de aquel sangriento jueves parecen sacada de la pel\u00edcula Ciudad de Dios, un retrato de la vida en las favelas cariocas que triunf\u00f3 hace dos d\u00e9cadas. Durante m\u00e1s de dos horas la balacera fue tremenda, con sospechosos huyendo por azoteas y callejones para salvar el pellejo y los colegas del agente muerto rabiosos, invadiendo viviendas sin orden judicial. Las tiendas no abrieron. El punto de vacunaci\u00f3n del coronavirus, tampoco.Agujeros de bala en una pared en la favela de Jacarezinho.Leonardo CarratoCuando lleg\u00f3 una cierta calma, los vecinos m\u00e1s necesitados, los hambrientos que no tienen qu\u00e9 comer porque la pandemia les arrebat\u00f3 lo poco que ganaban, se aventuraron a recoger un plato caliente. \u201cMe choc\u00f3 que en medio de la operaci\u00f3n la gente estuviera recogiendo comida\u201d, recuerda Lucas Louback, de 30 a\u00f1os. El activista proderechos humanos de R\u00edo de Paz, una ONG de Jacarezinho, particip\u00f3 del reparto de alimentos. Pasadas las once, \u201cya no hab\u00eda tiroteo, pero la polic\u00eda segu\u00eda dentro\u201d. Tras ese par\u00e9ntesis enga\u00f1oso, las balaceras volvieron con furia, mientras los m\u00f3viles del vecindario herv\u00edan con noticias de que los sospechosos se estaban rindiendo.Precisamente lo que familiares de algunas v\u00edctimas contaron el lunes al Defensor del Pueblo, seg\u00fan el presidente de la asociaci\u00f3n de vecinos, Leonardo Pimentel, de 34 a\u00f1os, al que en estas callejuelas tratan como un alcalde. \u201cContaron que recibieron v\u00eddeos de las personas que murieron diciendo \u2018estoy vivo, me voy a entregar. Mira, estoy en una casa, que no consegu\u00ed llegar a nuestra casa\u2026\u2019\u201d.La vida despu\u00e9s de la masacre en la favela de JacarezinhoCuando siete horas despu\u00e9s del primer fallecido termin\u00f3 la operaci\u00f3n, hab\u00eda muertos tirados en callejones y cuartos en varios puntos de la favela. Las fotos y v\u00eddeos de los cad\u00e1veres que circulan por WhatsApp muestran a varios con tiros en la cabeza. Y uno sentado en una silla, con un dedo en la boca. La mayor\u00eda, en ba\u00f1ador y chanclas. La polic\u00eda se llev\u00f3 los cad\u00e1veres al hospital, envueltos en s\u00e1banas, alterando las escenas de las muertes. Otra rutina. Ante las denuncias de ejecuciones extrajudiciales y la destrucci\u00f3n de pruebas, la ONU reclam\u00f3 inmediatamente una investigaci\u00f3n independiente. La fiscal\u00eda investiga ya las denuncias.El activista Louback lanza una bater\u00eda de preguntas: \u201c\u00bfHab\u00eda necesidad de tantas muertes? \u00bfCu\u00e1les son los protocolos de la polic\u00eda? \u00bfFueron aplicados? Y \u00bfd\u00f3nde est\u00e1n las otras pol\u00edticas p\u00fablicas, la cultura, el ocio\u2026 porque la \u00fanica pol\u00edtica p\u00fablica que llega (a la favela) es la del enfrentamiento?\u201d. Vecinos y defensores de derechos humanos -siempre denostados por Bolsonaro\u2014 claman que incluso si las v\u00edctimas trapicheaban con drogas, ten\u00edan derecho a ser detenidos, juzgados y, si acaso, condenados y encarcelados.Una familia de una de las viviendas a las que dispararon durante el operativo policial.Leonardo CarratoPero Brasil no funciona siempre as\u00ed. La brutalidad policial es end\u00e9mica. De las 47.000 muertes violentas de 2019, el 13% ocurrieron durante intervenciones policiales, seg\u00fan el anuario m\u00e1s reciente del Forum Brasile\u00f1o de la Seguridad. Y R\u00edo destaca como el lugar m\u00e1s letal para los sospechosos. El fuego cruzado es tan frecuente que Fogo Cruzado, una aplicaci\u00f3n de m\u00f3vil, alerta a cualquiera en tiempo real.Es una de las pesadillas familiares en las favelas. Cuenta Fernanda, de 42 a\u00f1os, que cada vez que estalla una operaci\u00f3n policial corre a casa para estar junto a sus hijos. El chico es el que m\u00e1s le preocupa a esta mujer que elige ese nombre para protegerse. \u201cTengo much\u00edsimo miedo de dejarlo solo en casa porque, con 15 a\u00f1os, es muy corpulento\u201d. Cuando uno es un brasile\u00f1o joven, negro y pobre, la sospecha se dispara.Poco tard\u00f3 el negocio en reabrir. La marihuana, la coca y el crack se vend\u00edan este martes a la vista de todos en unas mesitas instaladas en la calle, como si fueran chucher\u00edas. Cada favela customiza su mercanc\u00eda con un envoltorio que la distingue de las otras barriadas.El tr\u00e1fico de drogas es uno de los ingredientes del c\u00f3ctel criminal de R\u00edo de Janeiro tras su bella fachada. La disputa por el territorio es feroz y los pujantes grupos paramilitares, con sospechosos v\u00ednculos con el clan Bolsonaro, ya controlan m\u00e1s espacio que el narco. Completan el c\u00f3ctel la delincuencia de toda la vida ligada al juego clandestino y una clase pol\u00edtica carcomida por la corrupci\u00f3n.Aqu\u00ed en Jacarezinho (cocodrilito) dio sus primeros toques el futbolista Romario, ahora senador. Cuenta Pimentel, al que los vecinos paran todo el tiempo y tratan como un alcalde, que fue un polo industrial que al languidecer vio aumentar la violencia. En estas callejuelas abundan las penurias y las tentaciones. Estos chavales \u201cno tienen oportunidades de tener otra vida\u201d, insiste el seudoalcalde.Un antiguo l\u00edder vecinal, Marcos de Castro, a\u00f1ade que cuando tu madre no tiene para el alquiler y vives en un lugar sin empleo, oportunidades ni diversi\u00f3n, ser el chaval del fusil que llama la atenci\u00f3n de las chicas es muy tentador. Dinero f\u00e1cil. Tit\u00e1nico es, en cambio, el esfuerzo de muchas madres para sacar adelante a su prole y que siga el buen camino. \u201cLa polic\u00eda no puede ser como los delincuentes, est\u00e1n para protegernos\u201d, proclama una indignada vecina de Jacarezinho.Vista general de la favela de Jacarezinho desde la azotea de la parroquia de Nuestra Se\u00f1ora Auxiliadora de los Salesianos.Leonardo CarratoSuscr\u00edbase aqu\u00ed a la newsletter de EL PA\u00cdS Am\u00e9rica y reciba todas las claves informativas de la actualidad de la regi\u00f3n.<script async src=\"https:\/\/platform.twitter.com\/widgets.js\" charset=\"utf-8\"><\/script><br \/>\n<br \/>\n<!--noindex--><br \/>\n<a href=\"https:\/\/elpais.com\/internacional\/2021-05-13\/radiografia-de-la-operacion-policial-mas-sangrienta-de-la-historia-de-rio-de-janeiro.html\" rel=\"nofollow\">Source link <\/a><br \/>\n<!--\/noindex--><\/p>\n","protected":false},"excerpt":{"rendered":"<p>Tu, tu, tu, tu, tu, tu, tu\u2026 el sobrevuelo de dos \u00e1guilas -as\u00ed llaman por aqu\u00ed a los helic\u00f3pteros policiales\u2014 y el tableteo de las balas despert\u00f3 a Jacarezinho al amanecer. Esta favela es parte del R\u00edo de Janeiro sin glamour. El que ni siquiera sue\u00f1a con empezar a recibir turistas vacunados. A., de 28 [&hellip;]<\/p>\n","protected":false},"author":2,"featured_media":2426,"comment_status":"open","ping_status":"open","sticky":false,"template":"","format":"standard","meta":{"footnotes":""},"categories":[1],"tags":[],"class_list":["post-2425","post","type-post","status-publish","format-standard","has-post-thumbnail","hentry","category-ultimas-noticias-financieras"],"yoast_head":"<!-- This site is optimized with the Yoast SEO plugin v27.4 - https:\/\/yoast.com\/product\/yoast-seo-wordpress\/ -->\n<title>Radiograf\u00eda de la operaci\u00f3n policial m\u00e1s sangrienta de la historia de R\u00edo de Janeiro - Hot News in World<\/title>\n<meta name=\"robots\" content=\"index, follow, max-snippet:-1, max-image-preview:large, max-video-preview:-1\" \/>\n<link rel=\"canonical\" href=\"https:\/\/hotnewsinworld.com\/es\/radiografia-de-la-operacion-policial-mas-sangrienta-de-la-historia-de-rio-de-janeiro\/\" \/>\n<meta property=\"og:locale\" content=\"es_ES\" \/>\n<meta property=\"og:type\" content=\"article\" \/>\n<meta property=\"og:title\" content=\"Radiograf\u00eda de la operaci\u00f3n policial m\u00e1s sangrienta de la historia de R\u00edo de Janeiro - Hot News in World\" \/>\n<meta property=\"og:description\" content=\"Tu, tu, tu, tu, tu, tu, tu\u2026 el sobrevuelo de dos \u00e1guilas -as\u00ed llaman por aqu\u00ed a los helic\u00f3pteros policiales\u2014 y el tableteo de las balas despert\u00f3 a Jacarezinho al amanecer. Esta favela es parte del R\u00edo de Janeiro sin glamour. El que ni siquiera sue\u00f1a con empezar a recibir turistas vacunados. A., de 28 [&hellip;]\" \/>\n<meta property=\"og:url\" content=\"https:\/\/hotnewsinworld.com\/es\/radiografia-de-la-operacion-policial-mas-sangrienta-de-la-historia-de-rio-de-janeiro\/\" \/>\n<meta property=\"og:site_name\" content=\"Hot News in World\" \/>\n<meta property=\"article:published_time\" content=\"2021-05-13T04:35:16+00:00\" \/>\n<meta property=\"article:modified_time\" content=\"2021-05-13T04:35:23+00:00\" \/>\n<meta property=\"og:image\" content=\"https:\/\/hotnewsinworld.com\/es\/wp-content\/uploads\/sites\/4\/2021\/05\/Radiografia-de-la-operacion-policial-mas-sangrienta-de-la-historia-scaled.jpg\" \/>\n\t<meta property=\"og:image:width\" content=\"2560\" \/>\n\t<meta property=\"og:image:height\" content=\"1709\" \/>\n\t<meta property=\"og:image:type\" content=\"image\/jpeg\" \/>\n<meta name=\"author\" content=\"hotnewsinworld\" \/>\n<meta name=\"twitter:card\" content=\"summary_large_image\" \/>\n<meta name=\"twitter:label1\" content=\"Escrito por\" \/>\n\t<meta name=\"twitter:data1\" content=\"hotnewsinworld\" \/>\n\t<meta name=\"twitter:label2\" content=\"Tiempo de lectura\" \/>\n\t<meta name=\"twitter:data2\" content=\"8 minutos\" \/>\n<script type=\"application\/ld+json\" class=\"yoast-schema-graph\">{\"@context\":\"https:\\\/\\\/schema.org\",\"@graph\":[{\"@type\":\"Article\",\"@id\":\"https:\\\/\\\/hotnewsinworld.com\\\/es\\\/radiografia-de-la-operacion-policial-mas-sangrienta-de-la-historia-de-rio-de-janeiro\\\/#article\",\"isPartOf\":{\"@id\":\"https:\\\/\\\/hotnewsinworld.com\\\/es\\\/radiografia-de-la-operacion-policial-mas-sangrienta-de-la-historia-de-rio-de-janeiro\\\/\"},\"author\":{\"name\":\"hotnewsinworld\",\"@id\":\"https:\\\/\\\/hotnewsinworld.com\\\/es\\\/#\\\/schema\\\/person\\\/fe61448b21c0d59086e75fcc1f9d8f6b\"},\"headline\":\"Radiograf\u00eda de la operaci\u00f3n policial m\u00e1s sangrienta de la historia de R\u00edo de Janeiro\",\"datePublished\":\"2021-05-13T04:35:16+00:00\",\"dateModified\":\"2021-05-13T04:35:23+00:00\",\"mainEntityOfPage\":{\"@id\":\"https:\\\/\\\/hotnewsinworld.com\\\/es\\\/radiografia-de-la-operacion-policial-mas-sangrienta-de-la-historia-de-rio-de-janeiro\\\/\"},\"wordCount\":1692,\"commentCount\":0,\"image\":{\"@id\":\"https:\\\/\\\/hotnewsinworld.com\\\/es\\\/radiografia-de-la-operacion-policial-mas-sangrienta-de-la-historia-de-rio-de-janeiro\\\/#primaryimage\"},\"thumbnailUrl\":\"https:\\\/\\\/hotnewsinworld.com\\\/es\\\/wp-content\\\/uploads\\\/sites\\\/4\\\/2021\\\/05\\\/Radiografia-de-la-operacion-policial-mas-sangrienta-de-la-historia-scaled.jpg\",\"articleSection\":[\"\u00daLTIMAS NOTICIAS FINANCIERAS\"],\"inLanguage\":\"es\",\"potentialAction\":[{\"@type\":\"CommentAction\",\"name\":\"Comment\",\"target\":[\"https:\\\/\\\/hotnewsinworld.com\\\/es\\\/radiografia-de-la-operacion-policial-mas-sangrienta-de-la-historia-de-rio-de-janeiro\\\/#respond\"]}]},{\"@type\":\"WebPage\",\"@id\":\"https:\\\/\\\/hotnewsinworld.com\\\/es\\\/radiografia-de-la-operacion-policial-mas-sangrienta-de-la-historia-de-rio-de-janeiro\\\/\",\"url\":\"https:\\\/\\\/hotnewsinworld.com\\\/es\\\/radiografia-de-la-operacion-policial-mas-sangrienta-de-la-historia-de-rio-de-janeiro\\\/\",\"name\":\"Radiograf\u00eda de la operaci\u00f3n policial m\u00e1s sangrienta de la historia de R\u00edo de Janeiro - Hot News in World\",\"isPartOf\":{\"@id\":\"https:\\\/\\\/hotnewsinworld.com\\\/es\\\/#website\"},\"primaryImageOfPage\":{\"@id\":\"https:\\\/\\\/hotnewsinworld.com\\\/es\\\/radiografia-de-la-operacion-policial-mas-sangrienta-de-la-historia-de-rio-de-janeiro\\\/#primaryimage\"},\"image\":{\"@id\":\"https:\\\/\\\/hotnewsinworld.com\\\/es\\\/radiografia-de-la-operacion-policial-mas-sangrienta-de-la-historia-de-rio-de-janeiro\\\/#primaryimage\"},\"thumbnailUrl\":\"https:\\\/\\\/hotnewsinworld.com\\\/es\\\/wp-content\\\/uploads\\\/sites\\\/4\\\/2021\\\/05\\\/Radiografia-de-la-operacion-policial-mas-sangrienta-de-la-historia-scaled.jpg\",\"datePublished\":\"2021-05-13T04:35:16+00:00\",\"dateModified\":\"2021-05-13T04:35:23+00:00\",\"author\":{\"@id\":\"https:\\\/\\\/hotnewsinworld.com\\\/es\\\/#\\\/schema\\\/person\\\/fe61448b21c0d59086e75fcc1f9d8f6b\"},\"breadcrumb\":{\"@id\":\"https:\\\/\\\/hotnewsinworld.com\\\/es\\\/radiografia-de-la-operacion-policial-mas-sangrienta-de-la-historia-de-rio-de-janeiro\\\/#breadcrumb\"},\"inLanguage\":\"es\",\"potentialAction\":[{\"@type\":\"ReadAction\",\"target\":[\"https:\\\/\\\/hotnewsinworld.com\\\/es\\\/radiografia-de-la-operacion-policial-mas-sangrienta-de-la-historia-de-rio-de-janeiro\\\/\"]}]},{\"@type\":\"ImageObject\",\"inLanguage\":\"es\",\"@id\":\"https:\\\/\\\/hotnewsinworld.com\\\/es\\\/radiografia-de-la-operacion-policial-mas-sangrienta-de-la-historia-de-rio-de-janeiro\\\/#primaryimage\",\"url\":\"https:\\\/\\\/hotnewsinworld.com\\\/es\\\/wp-content\\\/uploads\\\/sites\\\/4\\\/2021\\\/05\\\/Radiografia-de-la-operacion-policial-mas-sangrienta-de-la-historia-scaled.jpg\",\"contentUrl\":\"https:\\\/\\\/hotnewsinworld.com\\\/es\\\/wp-content\\\/uploads\\\/sites\\\/4\\\/2021\\\/05\\\/Radiografia-de-la-operacion-policial-mas-sangrienta-de-la-historia-scaled.jpg\",\"width\":2560,\"height\":1709,\"caption\":\"Radiograf\u00eda de la operaci\u00f3n policial m\u00e1s sangrienta de la historia de R\u00edo de Janeiro\"},{\"@type\":\"BreadcrumbList\",\"@id\":\"https:\\\/\\\/hotnewsinworld.com\\\/es\\\/radiografia-de-la-operacion-policial-mas-sangrienta-de-la-historia-de-rio-de-janeiro\\\/#breadcrumb\",\"itemListElement\":[{\"@type\":\"ListItem\",\"position\":1,\"name\":\"\u0413\u043b\u0430\u0432\u043d\u0430\u044f \u0441\u0442\u0440\u0430\u043d\u0438\u0446\u0430\",\"item\":\"https:\\\/\\\/hotnewsinworld.com\\\/es\\\/\"},{\"@type\":\"ListItem\",\"position\":2,\"name\":\"Radiograf\u00eda de la operaci\u00f3n policial m\u00e1s sangrienta de la historia de R\u00edo de Janeiro\"}]},{\"@type\":\"WebSite\",\"@id\":\"https:\\\/\\\/hotnewsinworld.com\\\/es\\\/#website\",\"url\":\"https:\\\/\\\/hotnewsinworld.com\\\/es\\\/\",\"name\":\"Hot News in World\",\"description\":\"Hot News in World from Spain\",\"potentialAction\":[{\"@type\":\"SearchAction\",\"target\":{\"@type\":\"EntryPoint\",\"urlTemplate\":\"https:\\\/\\\/hotnewsinworld.com\\\/es\\\/?s={search_term_string}\"},\"query-input\":{\"@type\":\"PropertyValueSpecification\",\"valueRequired\":true,\"valueName\":\"search_term_string\"}}],\"inLanguage\":\"es\"},{\"@type\":\"Person\",\"@id\":\"https:\\\/\\\/hotnewsinworld.com\\\/es\\\/#\\\/schema\\\/person\\\/fe61448b21c0d59086e75fcc1f9d8f6b\",\"name\":\"hotnewsinworld\",\"image\":{\"@type\":\"ImageObject\",\"inLanguage\":\"es\",\"@id\":\"https:\\\/\\\/secure.gravatar.com\\\/avatar\\\/8a09ac165600ce2e1c38fe593c63928eb1e6e7ba5c5a907d67787c41b3d00c14?s=96&d=mm&r=g\",\"url\":\"https:\\\/\\\/secure.gravatar.com\\\/avatar\\\/8a09ac165600ce2e1c38fe593c63928eb1e6e7ba5c5a907d67787c41b3d00c14?s=96&d=mm&r=g\",\"contentUrl\":\"https:\\\/\\\/secure.gravatar.com\\\/avatar\\\/8a09ac165600ce2e1c38fe593c63928eb1e6e7ba5c5a907d67787c41b3d00c14?s=96&d=mm&r=g\",\"caption\":\"hotnewsinworld\"},\"url\":\"https:\\\/\\\/hotnewsinworld.com\\\/es\\\/author\\\/pt\\\/\"}]}<\/script>\n<!-- \/ Yoast SEO plugin. -->","yoast_head_json":{"title":"Radiograf\u00eda de la operaci\u00f3n policial m\u00e1s sangrienta de la historia de R\u00edo de Janeiro - Hot News in World","robots":{"index":"index","follow":"follow","max-snippet":"max-snippet:-1","max-image-preview":"max-image-preview:large","max-video-preview":"max-video-preview:-1"},"canonical":"https:\/\/hotnewsinworld.com\/es\/radiografia-de-la-operacion-policial-mas-sangrienta-de-la-historia-de-rio-de-janeiro\/","og_locale":"es_ES","og_type":"article","og_title":"Radiograf\u00eda de la operaci\u00f3n policial m\u00e1s sangrienta de la historia de R\u00edo de Janeiro - Hot News in World","og_description":"Tu, tu, tu, tu, tu, tu, tu\u2026 el sobrevuelo de dos \u00e1guilas -as\u00ed llaman por aqu\u00ed a los helic\u00f3pteros policiales\u2014 y el tableteo de las balas despert\u00f3 a Jacarezinho al amanecer. Esta favela es parte del R\u00edo de Janeiro sin glamour. El que ni siquiera sue\u00f1a con empezar a recibir turistas vacunados. A., de 28 [&hellip;]","og_url":"https:\/\/hotnewsinworld.com\/es\/radiografia-de-la-operacion-policial-mas-sangrienta-de-la-historia-de-rio-de-janeiro\/","og_site_name":"Hot News in World","article_published_time":"2021-05-13T04:35:16+00:00","article_modified_time":"2021-05-13T04:35:23+00:00","og_image":[{"width":2560,"height":1709,"url":"https:\/\/hotnewsinworld.com\/es\/wp-content\/uploads\/sites\/4\/2021\/05\/Radiografia-de-la-operacion-policial-mas-sangrienta-de-la-historia-scaled.jpg","type":"image\/jpeg"}],"author":"hotnewsinworld","twitter_card":"summary_large_image","twitter_misc":{"Escrito por":"hotnewsinworld","Tiempo de lectura":"8 minutos"},"schema":{"@context":"https:\/\/schema.org","@graph":[{"@type":"Article","@id":"https:\/\/hotnewsinworld.com\/es\/radiografia-de-la-operacion-policial-mas-sangrienta-de-la-historia-de-rio-de-janeiro\/#article","isPartOf":{"@id":"https:\/\/hotnewsinworld.com\/es\/radiografia-de-la-operacion-policial-mas-sangrienta-de-la-historia-de-rio-de-janeiro\/"},"author":{"name":"hotnewsinworld","@id":"https:\/\/hotnewsinworld.com\/es\/#\/schema\/person\/fe61448b21c0d59086e75fcc1f9d8f6b"},"headline":"Radiograf\u00eda de la operaci\u00f3n policial m\u00e1s sangrienta de la historia de R\u00edo de Janeiro","datePublished":"2021-05-13T04:35:16+00:00","dateModified":"2021-05-13T04:35:23+00:00","mainEntityOfPage":{"@id":"https:\/\/hotnewsinworld.com\/es\/radiografia-de-la-operacion-policial-mas-sangrienta-de-la-historia-de-rio-de-janeiro\/"},"wordCount":1692,"commentCount":0,"image":{"@id":"https:\/\/hotnewsinworld.com\/es\/radiografia-de-la-operacion-policial-mas-sangrienta-de-la-historia-de-rio-de-janeiro\/#primaryimage"},"thumbnailUrl":"https:\/\/hotnewsinworld.com\/es\/wp-content\/uploads\/sites\/4\/2021\/05\/Radiografia-de-la-operacion-policial-mas-sangrienta-de-la-historia-scaled.jpg","articleSection":["\u00daLTIMAS NOTICIAS FINANCIERAS"],"inLanguage":"es","potentialAction":[{"@type":"CommentAction","name":"Comment","target":["https:\/\/hotnewsinworld.com\/es\/radiografia-de-la-operacion-policial-mas-sangrienta-de-la-historia-de-rio-de-janeiro\/#respond"]}]},{"@type":"WebPage","@id":"https:\/\/hotnewsinworld.com\/es\/radiografia-de-la-operacion-policial-mas-sangrienta-de-la-historia-de-rio-de-janeiro\/","url":"https:\/\/hotnewsinworld.com\/es\/radiografia-de-la-operacion-policial-mas-sangrienta-de-la-historia-de-rio-de-janeiro\/","name":"Radiograf\u00eda de la operaci\u00f3n policial m\u00e1s sangrienta de la historia de R\u00edo de Janeiro - Hot News in World","isPartOf":{"@id":"https:\/\/hotnewsinworld.com\/es\/#website"},"primaryImageOfPage":{"@id":"https:\/\/hotnewsinworld.com\/es\/radiografia-de-la-operacion-policial-mas-sangrienta-de-la-historia-de-rio-de-janeiro\/#primaryimage"},"image":{"@id":"https:\/\/hotnewsinworld.com\/es\/radiografia-de-la-operacion-policial-mas-sangrienta-de-la-historia-de-rio-de-janeiro\/#primaryimage"},"thumbnailUrl":"https:\/\/hotnewsinworld.com\/es\/wp-content\/uploads\/sites\/4\/2021\/05\/Radiografia-de-la-operacion-policial-mas-sangrienta-de-la-historia-scaled.jpg","datePublished":"2021-05-13T04:35:16+00:00","dateModified":"2021-05-13T04:35:23+00:00","author":{"@id":"https:\/\/hotnewsinworld.com\/es\/#\/schema\/person\/fe61448b21c0d59086e75fcc1f9d8f6b"},"breadcrumb":{"@id":"https:\/\/hotnewsinworld.com\/es\/radiografia-de-la-operacion-policial-mas-sangrienta-de-la-historia-de-rio-de-janeiro\/#breadcrumb"},"inLanguage":"es","potentialAction":[{"@type":"ReadAction","target":["https:\/\/hotnewsinworld.com\/es\/radiografia-de-la-operacion-policial-mas-sangrienta-de-la-historia-de-rio-de-janeiro\/"]}]},{"@type":"ImageObject","inLanguage":"es","@id":"https:\/\/hotnewsinworld.com\/es\/radiografia-de-la-operacion-policial-mas-sangrienta-de-la-historia-de-rio-de-janeiro\/#primaryimage","url":"https:\/\/hotnewsinworld.com\/es\/wp-content\/uploads\/sites\/4\/2021\/05\/Radiografia-de-la-operacion-policial-mas-sangrienta-de-la-historia-scaled.jpg","contentUrl":"https:\/\/hotnewsinworld.com\/es\/wp-content\/uploads\/sites\/4\/2021\/05\/Radiografia-de-la-operacion-policial-mas-sangrienta-de-la-historia-scaled.jpg","width":2560,"height":1709,"caption":"Radiograf\u00eda de la operaci\u00f3n policial m\u00e1s sangrienta de la historia de R\u00edo de Janeiro"},{"@type":"BreadcrumbList","@id":"https:\/\/hotnewsinworld.com\/es\/radiografia-de-la-operacion-policial-mas-sangrienta-de-la-historia-de-rio-de-janeiro\/#breadcrumb","itemListElement":[{"@type":"ListItem","position":1,"name":"\u0413\u043b\u0430\u0432\u043d\u0430\u044f \u0441\u0442\u0440\u0430\u043d\u0438\u0446\u0430","item":"https:\/\/hotnewsinworld.com\/es\/"},{"@type":"ListItem","position":2,"name":"Radiograf\u00eda de la operaci\u00f3n policial m\u00e1s sangrienta de la historia de R\u00edo de Janeiro"}]},{"@type":"WebSite","@id":"https:\/\/hotnewsinworld.com\/es\/#website","url":"https:\/\/hotnewsinworld.com\/es\/","name":"Hot News in World","description":"Hot News in World from Spain","potentialAction":[{"@type":"SearchAction","target":{"@type":"EntryPoint","urlTemplate":"https:\/\/hotnewsinworld.com\/es\/?s={search_term_string}"},"query-input":{"@type":"PropertyValueSpecification","valueRequired":true,"valueName":"search_term_string"}}],"inLanguage":"es"},{"@type":"Person","@id":"https:\/\/hotnewsinworld.com\/es\/#\/schema\/person\/fe61448b21c0d59086e75fcc1f9d8f6b","name":"hotnewsinworld","image":{"@type":"ImageObject","inLanguage":"es","@id":"https:\/\/secure.gravatar.com\/avatar\/8a09ac165600ce2e1c38fe593c63928eb1e6e7ba5c5a907d67787c41b3d00c14?s=96&d=mm&r=g","url":"https:\/\/secure.gravatar.com\/avatar\/8a09ac165600ce2e1c38fe593c63928eb1e6e7ba5c5a907d67787c41b3d00c14?s=96&d=mm&r=g","contentUrl":"https:\/\/secure.gravatar.com\/avatar\/8a09ac165600ce2e1c38fe593c63928eb1e6e7ba5c5a907d67787c41b3d00c14?s=96&d=mm&r=g","caption":"hotnewsinworld"},"url":"https:\/\/hotnewsinworld.com\/es\/author\/pt\/"}]}},"_links":{"self":[{"href":"https:\/\/hotnewsinworld.com\/es\/wp-json\/wp\/v2\/posts\/2425","targetHints":{"allow":["GET"]}}],"collection":[{"href":"https:\/\/hotnewsinworld.com\/es\/wp-json\/wp\/v2\/posts"}],"about":[{"href":"https:\/\/hotnewsinworld.com\/es\/wp-json\/wp\/v2\/types\/post"}],"author":[{"embeddable":true,"href":"https:\/\/hotnewsinworld.com\/es\/wp-json\/wp\/v2\/users\/2"}],"replies":[{"embeddable":true,"href":"https:\/\/hotnewsinworld.com\/es\/wp-json\/wp\/v2\/comments?post=2425"}],"version-history":[{"count":1,"href":"https:\/\/hotnewsinworld.com\/es\/wp-json\/wp\/v2\/posts\/2425\/revisions"}],"predecessor-version":[{"id":2427,"href":"https:\/\/hotnewsinworld.com\/es\/wp-json\/wp\/v2\/posts\/2425\/revisions\/2427"}],"wp:featuredmedia":[{"embeddable":true,"href":"https:\/\/hotnewsinworld.com\/es\/wp-json\/wp\/v2\/media\/2426"}],"wp:attachment":[{"href":"https:\/\/hotnewsinworld.com\/es\/wp-json\/wp\/v2\/media?parent=2425"}],"wp:term":[{"taxonomy":"category","embeddable":true,"href":"https:\/\/hotnewsinworld.com\/es\/wp-json\/wp\/v2\/categories?post=2425"},{"taxonomy":"post_tag","embeddable":true,"href":"https:\/\/hotnewsinworld.com\/es\/wp-json\/wp\/v2\/tags?post=2425"}],"curies":[{"name":"wp","href":"https:\/\/api.w.org\/{rel}","templated":true}]}}