{"id":2431,"date":"2021-05-13T20:03:42","date_gmt":"2021-05-13T17:03:42","guid":{"rendered":"https:\/\/hotnewsinworld.com\/es\/el-rey-recibe-en-la-base-de-torrejon-a-los-26-ultimos-de-afganistan\/"},"modified":"2021-05-13T20:03:49","modified_gmt":"2021-05-13T17:03:49","slug":"el-rey-recibe-en-la-base-de-torrejon-a-los-26-ultimos-de-afganistan","status":"publish","type":"post","link":"https:\/\/hotnewsinworld.com\/es\/el-rey-recibe-en-la-base-de-torrejon-a-los-26-ultimos-de-afganistan\/","title":{"rendered":"El Rey recibe en la base de Torrej\u00f3n a los 26 \u2018\u00faltimos de Afganist\u00e1n\u2019"},"content":{"rendered":"<p>El Rey, el presidente del Gobierno, Pedro S\u00e1nchez, la ministra de Defensa, Margarita Robles, y el jefe de la c\u00fapula militar, almirante general Teodoro L\u00f3pez Calder\u00f3n, han recibido este jueves en la base a\u00e9rea de Torrej\u00f3n de Ardoz (Madrid) a las \u00faltimas tropas espa\u00f1olas desplegadas en Afganist\u00e1n, poniendo fin a una misi\u00f3n que ha durado 19 a\u00f1os, 3 meses y 20 d\u00edas.Los \u00faltimos de Afganist\u00e1n (24 militares y dos int\u00e9rpretes) han aterrizado a bordo de un avi\u00f3n de transporte A400M a las 18.20 horas. Al frente del contingente se encontraba el coronel Alfonso \u00c1lvarez Planelles. Junto a \u00e9l, el teniente coronel Pablo Paniagua, 14 instructores de Operaciones Especiales que daban entrenamiento, asesoramiento y asistencia a sus hom\u00f3logos afganos; y los ocho miembros del Elemento Nacional de Apoyo (NSI), as\u00ed como los dos int\u00e9rpretes. Todos ellos se concentraron en la base Hamid Karzai, en el aeropuerto internacional de Kabul, donde este mi\u00e9rcoles se arri\u00f3 la bandera espa\u00f1ola, en una sencilla ceremonia presidida por el general jefe de la misi\u00f3n Resolute Support (\u201dApoyo Dedidido\u201d, en ingl\u00e9s) de la OTAN, Scott Miller.El alto el fuego de tres d\u00edas, decretado con motivo del fin del Ramad\u00e1n, ha dado m\u00e1s tranquilidad al regreso de las tropas, tras unos d\u00edas en los que se han multiplicado los atentados m\u00e1s brutales, como el que mat\u00f3 el pasado s\u00e1bado a 85 personas en Kabul, en su mayor\u00eda ni\u00f1as de una escuela de secundaria.La misi\u00f3n en Afganist\u00e1n ha sido la que m\u00e1s ha costado en vidas al Ej\u00e9rcito espa\u00f1ol en tiempos de paz. En concreto, las de 97 militares, tres guardias civiles y dos int\u00e9rpretes, sin contar a los dos GEO que murieron en el asalto a la Embajada de Espa\u00f1a en Kabul. La mayor parte de los fallecidos se produjeron en el accidente del avi\u00f3n Yak-42, en mayo de 2003, con 62 v\u00edctimas mortales; y el del helic\u00f3ptero Cougar en agosto de 2005, con 17, pero tambi\u00e9n cayeron 14 militares en ataques de la insurgencia, la mayor\u00eda con artefactos explosivos improvisados (IED).A lo largo de estas casi dos d\u00e9cadas, 27.100 soldados espa\u00f1oles han participado en la misi\u00f3n en Afganist\u00e1n. Espa\u00f1a lleg\u00f3 a tener m\u00e1s de 1.500 soldados desplegados, pero el contingente se fue reduciendo progresivamente y la participaci\u00f3n espa\u00f1ola en la operaci\u00f3n Resolute Support se redujo a 65 militares y a solo 24 despu\u00e9s de que, como consecuencia de la covid-19, se retirase a todo el personal no esencial.Tambi\u00e9n ha sido la misi\u00f3n m\u00e1s costosa econ\u00f3micamente, con unos 3.500 millones de euros, aunque su presupuesto ha ido bajando a medida que lo hac\u00eda la presencia de tropas pasando de m\u00e1s de 430 millones en 2013 a solo 8.017.000 euros el a\u00f1o pasado.Aterrizaje del avi\u00f3n que traslada a los \u00faltimos 24 militares espa\u00f1oles destacados en Afganist\u00e1n tras 19 a\u00f1os de presencia en el pa\u00eds, en Torrej\u00f3n. JuanJo Mart\u00edn \/ EFELa decisi\u00f3n del presidente de EE UU, Joe Biden, de retirar a sus 2.500 soldados de Afganist\u00e1n antes del 11 de septiembre \u2014cuatro meses despu\u00e9s de lo previsto por su antecesor, Donald Trump\u2014, cuando se cumple el 20 aniversario del ataque a las Torres Gemelas, ha desencadenado la salida de los 7.000 militares de la OTAN. La retirada se inici\u00f3 a primeros de mayo y Espa\u00f1a no es el primer pa\u00eds en sacar a todas sus tropas, pues se le adelant\u00f3 Grecia..El temor es que el Gobierno de Kabul, pese a los ingentes recursos gastados en estas dos d\u00e9cadas para apuntalar su poder, sea incapaz de mantener el control del pa\u00eds tras la salida de la OTAN, como ocurri\u00f3 en los a\u00f1os ochenta tras la retirada sovi\u00e9tica con el r\u00e9gimen de Najibul\u00e1, y que se desencadene una guerra civil o una toma del poder por parte de los talibanes, con el consiguiente retroceso en la igualdad de la mujer y, en general, el respeto a los derechos humanos.Los primeros 350 militares espa\u00f1oles llegaron a Kabul el 24 de enero de 2002, cuatro meses despu\u00e9s de que Al Qaeda lanzara sus ataques contra Washington y Nueva York, en el marco de la operaci\u00f3n ISAF (Fuerza Internacional de Asistencia a Afganist\u00e1n). En 2005, ya bajo mando de la OTAN, Espa\u00f1a se hizo cargo de la base de Herat y del PRT (Equipo de Reconstrucci\u00f3n Provincial) de Qala-i-Now, al oeste del pa\u00eds. El repliegue del grueso de las tropas se produjo en oto\u00f1o de 2015, tras transferir Espa\u00f1a a las autoridades afganas la seguridad de la provincia de Badgh\u00eds y la base Ruy Gonz\u00e1lez de Clavijo. El 31 de diciembre de 2014 concluy\u00f3 la operaci\u00f3n ISAF y fue sustituida por Resolute Support, mucho m\u00e1s reducida.<br \/>\n<br \/>\n<!--noindex--><br \/>\n<a href=\"https:\/\/elpais.com\/espana\/2021-05-13\/el-rey-recibe-en-la-base-de-torrejon-a-los-26-ultimos-de-afganistan.html\" rel=\"nofollow\">Source link <\/a><br \/>\n<!--\/noindex--><\/p>\n","protected":false},"excerpt":{"rendered":"<p>El Rey, el presidente del Gobierno, Pedro S\u00e1nchez, la ministra de Defensa, Margarita Robles, y el jefe de la c\u00fapula militar, almirante general Teodoro L\u00f3pez Calder\u00f3n, han recibido este jueves en la base a\u00e9rea de Torrej\u00f3n de Ardoz (Madrid) a las \u00faltimas tropas espa\u00f1olas desplegadas en Afganist\u00e1n, poniendo fin a una misi\u00f3n que ha durado [&hellip;]<\/p>\n","protected":false},"author":2,"featured_media":2432,"comment_status":"open","ping_status":"open","sticky":false,"template":"","format":"standard","meta":{"footnotes":""},"categories":[1],"tags":[],"class_list":["post-2431","post","type-post","status-publish","format-standard","has-post-thumbnail","hentry","category-ultimas-noticias-financieras"],"yoast_head":"<!-- This site is optimized with the Yoast SEO plugin v27.4 - https:\/\/yoast.com\/product\/yoast-seo-wordpress\/ -->\n<title>El Rey recibe en la base de Torrej\u00f3n a los 26 \u2018\u00faltimos de Afganist\u00e1n\u2019 - Hot News in World<\/title>\n<meta name=\"robots\" content=\"index, follow, max-snippet:-1, max-image-preview:large, max-video-preview:-1\" \/>\n<link rel=\"canonical\" href=\"https:\/\/hotnewsinworld.com\/es\/el-rey-recibe-en-la-base-de-torrejon-a-los-26-ultimos-de-afganistan\/\" \/>\n<meta property=\"og:locale\" content=\"es_ES\" \/>\n<meta property=\"og:type\" content=\"article\" \/>\n<meta property=\"og:title\" content=\"El Rey recibe en la base de Torrej\u00f3n a los 26 \u2018\u00faltimos de Afganist\u00e1n\u2019 - Hot News in World\" \/>\n<meta property=\"og:description\" content=\"El Rey, el presidente del Gobierno, Pedro S\u00e1nchez, la ministra de Defensa, Margarita Robles, y el jefe de la c\u00fapula militar, almirante general Teodoro L\u00f3pez Calder\u00f3n, han recibido este jueves en la base a\u00e9rea de Torrej\u00f3n de Ardoz (Madrid) a las \u00faltimas tropas espa\u00f1olas desplegadas en Afganist\u00e1n, poniendo fin a una misi\u00f3n que ha durado [&hellip;]\" \/>\n<meta property=\"og:url\" content=\"https:\/\/hotnewsinworld.com\/es\/el-rey-recibe-en-la-base-de-torrejon-a-los-26-ultimos-de-afganistan\/\" \/>\n<meta property=\"og:site_name\" content=\"Hot News in World\" \/>\n<meta property=\"article:published_time\" content=\"2021-05-13T17:03:42+00:00\" \/>\n<meta property=\"article:modified_time\" content=\"2021-05-13T17:03:49+00:00\" \/>\n<meta property=\"og:image\" content=\"https:\/\/hotnewsinworld.com\/es\/wp-content\/uploads\/sites\/4\/2021\/05\/El-Rey-recibe-en-la-base-de-Torrejon-a-los-scaled.jpg\" \/>\n\t<meta property=\"og:image:width\" content=\"2560\" \/>\n\t<meta property=\"og:image:height\" content=\"1707\" \/>\n\t<meta property=\"og:image:type\" content=\"image\/jpeg\" \/>\n<meta name=\"author\" content=\"hotnewsinworld\" \/>\n<meta name=\"twitter:card\" content=\"summary_large_image\" \/>\n<meta name=\"twitter:label1\" content=\"Escrito por\" \/>\n\t<meta name=\"twitter:data1\" content=\"hotnewsinworld\" \/>\n\t<meta name=\"twitter:label2\" content=\"Tiempo de lectura\" \/>\n\t<meta name=\"twitter:data2\" content=\"4 minutos\" \/>\n<script type=\"application\/ld+json\" class=\"yoast-schema-graph\">{\"@context\":\"https:\\\/\\\/schema.org\",\"@graph\":[{\"@type\":\"Article\",\"@id\":\"https:\\\/\\\/hotnewsinworld.com\\\/es\\\/el-rey-recibe-en-la-base-de-torrejon-a-los-26-ultimos-de-afganistan\\\/#article\",\"isPartOf\":{\"@id\":\"https:\\\/\\\/hotnewsinworld.com\\\/es\\\/el-rey-recibe-en-la-base-de-torrejon-a-los-26-ultimos-de-afganistan\\\/\"},\"author\":{\"name\":\"hotnewsinworld\",\"@id\":\"https:\\\/\\\/hotnewsinworld.com\\\/es\\\/#\\\/schema\\\/person\\\/fe61448b21c0d59086e75fcc1f9d8f6b\"},\"headline\":\"El Rey recibe en la base de Torrej\u00f3n a los 26 \u2018\u00faltimos de Afganist\u00e1n\u2019\",\"datePublished\":\"2021-05-13T17:03:42+00:00\",\"dateModified\":\"2021-05-13T17:03:49+00:00\",\"mainEntityOfPage\":{\"@id\":\"https:\\\/\\\/hotnewsinworld.com\\\/es\\\/el-rey-recibe-en-la-base-de-torrejon-a-los-26-ultimos-de-afganistan\\\/\"},\"wordCount\":840,\"commentCount\":0,\"image\":{\"@id\":\"https:\\\/\\\/hotnewsinworld.com\\\/es\\\/el-rey-recibe-en-la-base-de-torrejon-a-los-26-ultimos-de-afganistan\\\/#primaryimage\"},\"thumbnailUrl\":\"https:\\\/\\\/hotnewsinworld.com\\\/es\\\/wp-content\\\/uploads\\\/sites\\\/4\\\/2021\\\/05\\\/El-Rey-recibe-en-la-base-de-Torrejon-a-los-scaled.jpg\",\"articleSection\":[\"\u00daLTIMAS NOTICIAS FINANCIERAS\"],\"inLanguage\":\"es\",\"potentialAction\":[{\"@type\":\"CommentAction\",\"name\":\"Comment\",\"target\":[\"https:\\\/\\\/hotnewsinworld.com\\\/es\\\/el-rey-recibe-en-la-base-de-torrejon-a-los-26-ultimos-de-afganistan\\\/#respond\"]}]},{\"@type\":\"WebPage\",\"@id\":\"https:\\\/\\\/hotnewsinworld.com\\\/es\\\/el-rey-recibe-en-la-base-de-torrejon-a-los-26-ultimos-de-afganistan\\\/\",\"url\":\"https:\\\/\\\/hotnewsinworld.com\\\/es\\\/el-rey-recibe-en-la-base-de-torrejon-a-los-26-ultimos-de-afganistan\\\/\",\"name\":\"El Rey recibe en la base de Torrej\u00f3n a los 26 \u2018\u00faltimos de Afganist\u00e1n\u2019 - Hot News in World\",\"isPartOf\":{\"@id\":\"https:\\\/\\\/hotnewsinworld.com\\\/es\\\/#website\"},\"primaryImageOfPage\":{\"@id\":\"https:\\\/\\\/hotnewsinworld.com\\\/es\\\/el-rey-recibe-en-la-base-de-torrejon-a-los-26-ultimos-de-afganistan\\\/#primaryimage\"},\"image\":{\"@id\":\"https:\\\/\\\/hotnewsinworld.com\\\/es\\\/el-rey-recibe-en-la-base-de-torrejon-a-los-26-ultimos-de-afganistan\\\/#primaryimage\"},\"thumbnailUrl\":\"https:\\\/\\\/hotnewsinworld.com\\\/es\\\/wp-content\\\/uploads\\\/sites\\\/4\\\/2021\\\/05\\\/El-Rey-recibe-en-la-base-de-Torrejon-a-los-scaled.jpg\",\"datePublished\":\"2021-05-13T17:03:42+00:00\",\"dateModified\":\"2021-05-13T17:03:49+00:00\",\"author\":{\"@id\":\"https:\\\/\\\/hotnewsinworld.com\\\/es\\\/#\\\/schema\\\/person\\\/fe61448b21c0d59086e75fcc1f9d8f6b\"},\"breadcrumb\":{\"@id\":\"https:\\\/\\\/hotnewsinworld.com\\\/es\\\/el-rey-recibe-en-la-base-de-torrejon-a-los-26-ultimos-de-afganistan\\\/#breadcrumb\"},\"inLanguage\":\"es\",\"potentialAction\":[{\"@type\":\"ReadAction\",\"target\":[\"https:\\\/\\\/hotnewsinworld.com\\\/es\\\/el-rey-recibe-en-la-base-de-torrejon-a-los-26-ultimos-de-afganistan\\\/\"]}]},{\"@type\":\"ImageObject\",\"inLanguage\":\"es\",\"@id\":\"https:\\\/\\\/hotnewsinworld.com\\\/es\\\/el-rey-recibe-en-la-base-de-torrejon-a-los-26-ultimos-de-afganistan\\\/#primaryimage\",\"url\":\"https:\\\/\\\/hotnewsinworld.com\\\/es\\\/wp-content\\\/uploads\\\/sites\\\/4\\\/2021\\\/05\\\/El-Rey-recibe-en-la-base-de-Torrejon-a-los-scaled.jpg\",\"contentUrl\":\"https:\\\/\\\/hotnewsinworld.com\\\/es\\\/wp-content\\\/uploads\\\/sites\\\/4\\\/2021\\\/05\\\/El-Rey-recibe-en-la-base-de-Torrejon-a-los-scaled.jpg\",\"width\":2560,\"height\":1707,\"caption\":\"El Rey recibe en la base de Torrej\u00f3n a los 26 \u2018\u00faltimos de Afganist\u00e1n\u2019\"},{\"@type\":\"BreadcrumbList\",\"@id\":\"https:\\\/\\\/hotnewsinworld.com\\\/es\\\/el-rey-recibe-en-la-base-de-torrejon-a-los-26-ultimos-de-afganistan\\\/#breadcrumb\",\"itemListElement\":[{\"@type\":\"ListItem\",\"position\":1,\"name\":\"\u0413\u043b\u0430\u0432\u043d\u0430\u044f \u0441\u0442\u0440\u0430\u043d\u0438\u0446\u0430\",\"item\":\"https:\\\/\\\/hotnewsinworld.com\\\/es\\\/\"},{\"@type\":\"ListItem\",\"position\":2,\"name\":\"El Rey recibe en la base de Torrej\u00f3n a los 26 \u2018\u00faltimos de Afganist\u00e1n\u2019\"}]},{\"@type\":\"WebSite\",\"@id\":\"https:\\\/\\\/hotnewsinworld.com\\\/es\\\/#website\",\"url\":\"https:\\\/\\\/hotnewsinworld.com\\\/es\\\/\",\"name\":\"Hot News in World\",\"description\":\"Hot News in World from Spain\",\"potentialAction\":[{\"@type\":\"SearchAction\",\"target\":{\"@type\":\"EntryPoint\",\"urlTemplate\":\"https:\\\/\\\/hotnewsinworld.com\\\/es\\\/?s={search_term_string}\"},\"query-input\":{\"@type\":\"PropertyValueSpecification\",\"valueRequired\":true,\"valueName\":\"search_term_string\"}}],\"inLanguage\":\"es\"},{\"@type\":\"Person\",\"@id\":\"https:\\\/\\\/hotnewsinworld.com\\\/es\\\/#\\\/schema\\\/person\\\/fe61448b21c0d59086e75fcc1f9d8f6b\",\"name\":\"hotnewsinworld\",\"image\":{\"@type\":\"ImageObject\",\"inLanguage\":\"es\",\"@id\":\"https:\\\/\\\/secure.gravatar.com\\\/avatar\\\/8a09ac165600ce2e1c38fe593c63928eb1e6e7ba5c5a907d67787c41b3d00c14?s=96&d=mm&r=g\",\"url\":\"https:\\\/\\\/secure.gravatar.com\\\/avatar\\\/8a09ac165600ce2e1c38fe593c63928eb1e6e7ba5c5a907d67787c41b3d00c14?s=96&d=mm&r=g\",\"contentUrl\":\"https:\\\/\\\/secure.gravatar.com\\\/avatar\\\/8a09ac165600ce2e1c38fe593c63928eb1e6e7ba5c5a907d67787c41b3d00c14?s=96&d=mm&r=g\",\"caption\":\"hotnewsinworld\"},\"url\":\"https:\\\/\\\/hotnewsinworld.com\\\/es\\\/author\\\/pt\\\/\"}]}<\/script>\n<!-- \/ Yoast SEO plugin. -->","yoast_head_json":{"title":"El Rey recibe en la base de Torrej\u00f3n a los 26 \u2018\u00faltimos de Afganist\u00e1n\u2019 - Hot News in World","robots":{"index":"index","follow":"follow","max-snippet":"max-snippet:-1","max-image-preview":"max-image-preview:large","max-video-preview":"max-video-preview:-1"},"canonical":"https:\/\/hotnewsinworld.com\/es\/el-rey-recibe-en-la-base-de-torrejon-a-los-26-ultimos-de-afganistan\/","og_locale":"es_ES","og_type":"article","og_title":"El Rey recibe en la base de Torrej\u00f3n a los 26 \u2018\u00faltimos de Afganist\u00e1n\u2019 - Hot News in World","og_description":"El Rey, el presidente del Gobierno, Pedro S\u00e1nchez, la ministra de Defensa, Margarita Robles, y el jefe de la c\u00fapula militar, almirante general Teodoro L\u00f3pez Calder\u00f3n, han recibido este jueves en la base a\u00e9rea de Torrej\u00f3n de Ardoz (Madrid) a las \u00faltimas tropas espa\u00f1olas desplegadas en Afganist\u00e1n, poniendo fin a una misi\u00f3n que ha durado [&hellip;]","og_url":"https:\/\/hotnewsinworld.com\/es\/el-rey-recibe-en-la-base-de-torrejon-a-los-26-ultimos-de-afganistan\/","og_site_name":"Hot News in World","article_published_time":"2021-05-13T17:03:42+00:00","article_modified_time":"2021-05-13T17:03:49+00:00","og_image":[{"width":2560,"height":1707,"url":"https:\/\/hotnewsinworld.com\/es\/wp-content\/uploads\/sites\/4\/2021\/05\/El-Rey-recibe-en-la-base-de-Torrejon-a-los-scaled.jpg","type":"image\/jpeg"}],"author":"hotnewsinworld","twitter_card":"summary_large_image","twitter_misc":{"Escrito por":"hotnewsinworld","Tiempo de lectura":"4 minutos"},"schema":{"@context":"https:\/\/schema.org","@graph":[{"@type":"Article","@id":"https:\/\/hotnewsinworld.com\/es\/el-rey-recibe-en-la-base-de-torrejon-a-los-26-ultimos-de-afganistan\/#article","isPartOf":{"@id":"https:\/\/hotnewsinworld.com\/es\/el-rey-recibe-en-la-base-de-torrejon-a-los-26-ultimos-de-afganistan\/"},"author":{"name":"hotnewsinworld","@id":"https:\/\/hotnewsinworld.com\/es\/#\/schema\/person\/fe61448b21c0d59086e75fcc1f9d8f6b"},"headline":"El Rey recibe en la base de Torrej\u00f3n a los 26 \u2018\u00faltimos de Afganist\u00e1n\u2019","datePublished":"2021-05-13T17:03:42+00:00","dateModified":"2021-05-13T17:03:49+00:00","mainEntityOfPage":{"@id":"https:\/\/hotnewsinworld.com\/es\/el-rey-recibe-en-la-base-de-torrejon-a-los-26-ultimos-de-afganistan\/"},"wordCount":840,"commentCount":0,"image":{"@id":"https:\/\/hotnewsinworld.com\/es\/el-rey-recibe-en-la-base-de-torrejon-a-los-26-ultimos-de-afganistan\/#primaryimage"},"thumbnailUrl":"https:\/\/hotnewsinworld.com\/es\/wp-content\/uploads\/sites\/4\/2021\/05\/El-Rey-recibe-en-la-base-de-Torrejon-a-los-scaled.jpg","articleSection":["\u00daLTIMAS NOTICIAS FINANCIERAS"],"inLanguage":"es","potentialAction":[{"@type":"CommentAction","name":"Comment","target":["https:\/\/hotnewsinworld.com\/es\/el-rey-recibe-en-la-base-de-torrejon-a-los-26-ultimos-de-afganistan\/#respond"]}]},{"@type":"WebPage","@id":"https:\/\/hotnewsinworld.com\/es\/el-rey-recibe-en-la-base-de-torrejon-a-los-26-ultimos-de-afganistan\/","url":"https:\/\/hotnewsinworld.com\/es\/el-rey-recibe-en-la-base-de-torrejon-a-los-26-ultimos-de-afganistan\/","name":"El Rey recibe en la base de Torrej\u00f3n a los 26 \u2018\u00faltimos de Afganist\u00e1n\u2019 - Hot News in World","isPartOf":{"@id":"https:\/\/hotnewsinworld.com\/es\/#website"},"primaryImageOfPage":{"@id":"https:\/\/hotnewsinworld.com\/es\/el-rey-recibe-en-la-base-de-torrejon-a-los-26-ultimos-de-afganistan\/#primaryimage"},"image":{"@id":"https:\/\/hotnewsinworld.com\/es\/el-rey-recibe-en-la-base-de-torrejon-a-los-26-ultimos-de-afganistan\/#primaryimage"},"thumbnailUrl":"https:\/\/hotnewsinworld.com\/es\/wp-content\/uploads\/sites\/4\/2021\/05\/El-Rey-recibe-en-la-base-de-Torrejon-a-los-scaled.jpg","datePublished":"2021-05-13T17:03:42+00:00","dateModified":"2021-05-13T17:03:49+00:00","author":{"@id":"https:\/\/hotnewsinworld.com\/es\/#\/schema\/person\/fe61448b21c0d59086e75fcc1f9d8f6b"},"breadcrumb":{"@id":"https:\/\/hotnewsinworld.com\/es\/el-rey-recibe-en-la-base-de-torrejon-a-los-26-ultimos-de-afganistan\/#breadcrumb"},"inLanguage":"es","potentialAction":[{"@type":"ReadAction","target":["https:\/\/hotnewsinworld.com\/es\/el-rey-recibe-en-la-base-de-torrejon-a-los-26-ultimos-de-afganistan\/"]}]},{"@type":"ImageObject","inLanguage":"es","@id":"https:\/\/hotnewsinworld.com\/es\/el-rey-recibe-en-la-base-de-torrejon-a-los-26-ultimos-de-afganistan\/#primaryimage","url":"https:\/\/hotnewsinworld.com\/es\/wp-content\/uploads\/sites\/4\/2021\/05\/El-Rey-recibe-en-la-base-de-Torrejon-a-los-scaled.jpg","contentUrl":"https:\/\/hotnewsinworld.com\/es\/wp-content\/uploads\/sites\/4\/2021\/05\/El-Rey-recibe-en-la-base-de-Torrejon-a-los-scaled.jpg","width":2560,"height":1707,"caption":"El Rey recibe en la base de Torrej\u00f3n a los 26 \u2018\u00faltimos de Afganist\u00e1n\u2019"},{"@type":"BreadcrumbList","@id":"https:\/\/hotnewsinworld.com\/es\/el-rey-recibe-en-la-base-de-torrejon-a-los-26-ultimos-de-afganistan\/#breadcrumb","itemListElement":[{"@type":"ListItem","position":1,"name":"\u0413\u043b\u0430\u0432\u043d\u0430\u044f \u0441\u0442\u0440\u0430\u043d\u0438\u0446\u0430","item":"https:\/\/hotnewsinworld.com\/es\/"},{"@type":"ListItem","position":2,"name":"El Rey recibe en la base de Torrej\u00f3n a los 26 \u2018\u00faltimos de Afganist\u00e1n\u2019"}]},{"@type":"WebSite","@id":"https:\/\/hotnewsinworld.com\/es\/#website","url":"https:\/\/hotnewsinworld.com\/es\/","name":"Hot News in World","description":"Hot News in World from Spain","potentialAction":[{"@type":"SearchAction","target":{"@type":"EntryPoint","urlTemplate":"https:\/\/hotnewsinworld.com\/es\/?s={search_term_string}"},"query-input":{"@type":"PropertyValueSpecification","valueRequired":true,"valueName":"search_term_string"}}],"inLanguage":"es"},{"@type":"Person","@id":"https:\/\/hotnewsinworld.com\/es\/#\/schema\/person\/fe61448b21c0d59086e75fcc1f9d8f6b","name":"hotnewsinworld","image":{"@type":"ImageObject","inLanguage":"es","@id":"https:\/\/secure.gravatar.com\/avatar\/8a09ac165600ce2e1c38fe593c63928eb1e6e7ba5c5a907d67787c41b3d00c14?s=96&d=mm&r=g","url":"https:\/\/secure.gravatar.com\/avatar\/8a09ac165600ce2e1c38fe593c63928eb1e6e7ba5c5a907d67787c41b3d00c14?s=96&d=mm&r=g","contentUrl":"https:\/\/secure.gravatar.com\/avatar\/8a09ac165600ce2e1c38fe593c63928eb1e6e7ba5c5a907d67787c41b3d00c14?s=96&d=mm&r=g","caption":"hotnewsinworld"},"url":"https:\/\/hotnewsinworld.com\/es\/author\/pt\/"}]}},"_links":{"self":[{"href":"https:\/\/hotnewsinworld.com\/es\/wp-json\/wp\/v2\/posts\/2431","targetHints":{"allow":["GET"]}}],"collection":[{"href":"https:\/\/hotnewsinworld.com\/es\/wp-json\/wp\/v2\/posts"}],"about":[{"href":"https:\/\/hotnewsinworld.com\/es\/wp-json\/wp\/v2\/types\/post"}],"author":[{"embeddable":true,"href":"https:\/\/hotnewsinworld.com\/es\/wp-json\/wp\/v2\/users\/2"}],"replies":[{"embeddable":true,"href":"https:\/\/hotnewsinworld.com\/es\/wp-json\/wp\/v2\/comments?post=2431"}],"version-history":[{"count":1,"href":"https:\/\/hotnewsinworld.com\/es\/wp-json\/wp\/v2\/posts\/2431\/revisions"}],"predecessor-version":[{"id":2433,"href":"https:\/\/hotnewsinworld.com\/es\/wp-json\/wp\/v2\/posts\/2431\/revisions\/2433"}],"wp:featuredmedia":[{"embeddable":true,"href":"https:\/\/hotnewsinworld.com\/es\/wp-json\/wp\/v2\/media\/2432"}],"wp:attachment":[{"href":"https:\/\/hotnewsinworld.com\/es\/wp-json\/wp\/v2\/media?parent=2431"}],"wp:term":[{"taxonomy":"category","embeddable":true,"href":"https:\/\/hotnewsinworld.com\/es\/wp-json\/wp\/v2\/categories?post=2431"},{"taxonomy":"post_tag","embeddable":true,"href":"https:\/\/hotnewsinworld.com\/es\/wp-json\/wp\/v2\/tags?post=2431"}],"curies":[{"name":"wp","href":"https:\/\/api.w.org\/{rel}","templated":true}]}}