{"id":2458,"date":"2021-05-16T02:37:46","date_gmt":"2021-05-15T23:37:46","guid":{"rendered":"https:\/\/hotnewsinworld.com\/es\/con-un-aforo-de-6-000-personas-no-se-pueden-mantener-ni-el-toro-ni-la-exigencia-de-las-ventas\/"},"modified":"2021-05-16T02:37:52","modified_gmt":"2021-05-15T23:37:52","slug":"con-un-aforo-de-6-000-personas-no-se-pueden-mantener-ni-el-toro-ni-la-exigencia-de-las-ventas","status":"publish","type":"post","link":"https:\/\/hotnewsinworld.com\/es\/con-un-aforo-de-6-000-personas-no-se-pueden-mantener-ni-el-toro-ni-la-exigencia-de-las-ventas\/","title":{"rendered":"\u201cCon un aforo de 6.000 personas no se pueden mantener ni el toro ni la exigencia de Las Ventas\u201d"},"content":{"rendered":"<p>\n\u201cCon un aforo m\u00e1ximo permitido de 6.000 personas es imposible programar una corrida de toros en Las Ventas. Una cosa es un festival como el del d\u00eda 2, con los toros regalados y gastos m\u00ednimos, y otra muy diferente un festejo mayor con la exigencia de Madrid\u201d.<br \/>\nAs\u00ed de tajante se muestra Sim\u00f3n Casas, empresario de la plaza de toros de Madrid. Y no contento con su afirmaci\u00f3n, se empe\u00f1a en hacer las cuentas:<br \/>\n\u201cCon un precio medio de 40 euros por localidad, la facturaci\u00f3n en taquilla ser\u00eda de 240.000 euros; r\u00e9stele 80.000 euros de gastos fijos de organizaci\u00f3n (la empresa cuenta con 400 empleados), a los que hay que a\u00f1adir el precio de una corrida de calidad, que oscila entre 80.000 y 120.000 euros, y el salario de una figura del toreo, que puede alcanzar los 240.000 euros. \u00bfVe usted como no salen los n\u00fameros?\u201d.<br \/>\n\u201cPara abrir las puertas de Las Ventas\u201d, insiste, \u201cel aforo se debe ampliar, al menos, hasta el 75%, unas 18.000 personas; de lo contrario, no pueden venir las figuras\u201d.<br \/>\nSim\u00f3n Casas, cabeza visible de la empresa Plaza1 junto a Rafael Garc\u00eda Garrido, sabe que est\u00e1 en el ojo del hurac\u00e1n. La afici\u00f3n lo responsabiliza de que el coso de referencia de la tauromaquia est\u00e9 cerrado desde el 13 de octubre de 2019, y el productor franc\u00e9s se defiende con u\u00f1as y dientes.<\/p>\n<p>\u201cPara abrir la plaza, el aforo se debe ampliar, al menos, al 75 por ciento\u201d<\/p>\n<p>\u00c9l culpa en exclusiva a la pandemia, e insiste una y otra vez en que el futuro est\u00e1 pendiente de que se forme nuevo Gobierno en la Comunidad de Madrid, y se convoque una reuni\u00f3n en la que se establezca la hoja de ruta que d\u00e9 luz verde a los festejos.<br \/>\n\u201cLo que tengo muy claro es que no finalizar\u00e1 este 2021 sin que se celebren grandes eventos taurinos en Madrid\u201d, prosigue. \u201cHabr\u00e1 una temporada reducida, pero la habr\u00e1. El objetivo final es que se programe una gran Feria de Oto\u00f1o a finales de septiembre y principios de octubre, durante varios fines de semana; y antes, en una fecha sin concretar todav\u00eda, alguna corrida extraordinaria, como la Beneficencia o la Cultura\u201d.<br \/>\nCasas hace hincapi\u00e9 una y otra vez en un asunto crucial para su empresa.<br \/>\n\u201cEl contrato que firmamos en noviembre de 2016 con la Comunidad de Madrid est\u00e1 suspendido desde que apareci\u00f3 la pandemia, que arras\u00f3 no solo con los toros, sino con la econom\u00eda mundial. Y ahora es necesario reequilibrarlo para que se puedan ofrecer festejos taurinos\u201d.<br \/>\nY el empresario explica el significado del verbo \u2018reequilibrar\u2019.<\/p>\n<p>Tarde de toros en Madrid. Plaza1 <\/p>\n<p>\u201cEl planteamiento es el siguiente: el beneficio de la Feria de San Isidro es el que sostiene la econom\u00eda de la plaza durante todo el a\u00f1o; pero como no se ha podido celebrar, no hay dinero para montar otros espect\u00e1culos y, por lo tanto, hay que buscar una soluci\u00f3n con la Comunidad. Ese es el reequilibrio, que est\u00e1 en la ley y no es una exigencia nuestra; es una necesidad que todos deben entender\u201d.<br \/>\n\u201cMadrid no es una plaza cualquiera\u201d, contin\u00faa el empresario, \u201cpor el bien de la fiesta hay que mantener una programaci\u00f3n de alto nivel; el toro de Madrid es insustituible, como lo es la exigencia de su afici\u00f3n, y ambas realidades son leg\u00edtimas y deben ser respetadas. En consecuencia, aqu\u00ed es m\u00e1s dif\u00edcil rebajar los honorarios de una figura que viene a jugarse la vida y que, adem\u00e1s, llena la plaza\u201d.<br \/>\nCasas asegura que las relaciones con el Gobierno de la Comunidad son excelentes, y est\u00e1 convencido de que ser\u00e1 posible alcanzar un acuerdo beneficioso para ambas partes porque las dos est\u00e1n interesadas en que los toros vuelvan a Las Ventas.<br \/>\n\u201cNo hay problema pol\u00edtico\u201d, asegura. Y a\u00f1ade que el di\u00e1logo con la propiedad es constante, abierto y constructivo: \u201cPero todos debemos entender que si no hay Feria de San Isidro no hay beneficio, que es el que la empresa reinvierte, en parte o en su totalidad, para mantener el resto de la temporada\u201d.<br \/>\n\u201cNosotros queremos abrir la plaza y la vamos a abrir\u201d, concluye, \u201cpero \u00bfen qu\u00e9 condiciones? Para eso necesitamos sentarnos y analizar la situaci\u00f3n. Lo que no podemos hacer es suicidarnos\u201d.<\/p>\n<p>\u201cNo finalizar\u00e1 este a\u00f1o sin que se celebren grandes eventos taurinos en Madrid\u201d<\/p>\n<p>Pregunta. De todos modos, cualquiera podr\u00eda pensar que dos a\u00f1os sin Feria de San Isidro es un fracaso de la empresa\u2026<br \/>\nRespuesta. Quien as\u00ed piense tiene libertad para hacerlo, pero se equivoca. Mi socio y yo no podemos dar toros, aunque quisi\u00e9ramos, porque el contrato est\u00e1 suspendido.<br \/>\nP. Pero no podr\u00e1 negar que es un lunar negro en su curr\u00edculo.<br \/>\nR. No, por qu\u00e9. Hemos organizado tres ferias de San Isidro y tres de Oto\u00f1o en condiciones normales, y han sido un \u00e9xito. Luego, lleg\u00f3 la pandemia, y al igual que una guerra o un terremoto, ha arrasado con todo. Por tanto, no es un lunar negro para m\u00ed, sino para toda la sociedad.<br \/>\nP. Pero no podr\u00e1 negar que casi dos a\u00f1os sin toros en Madrid es una cat\u00e1strofe\u2026<br \/>\nR. No es una cat\u00e1strofe. No es bueno para Sevilla, Pamplona, Bilbao, M\u00e9xico\u2026 \u00bfPor qu\u00e9 me habla solo de Madrid?<br \/>\nP. Porque es la plaza m\u00e1s importante.<\/p>\n<p>R. De acuerdo, y qu\u00e9 quiere que yo haga. No pretender\u00e1 que me disponga a morir. La pandemia no es buena para los toros ni para ning\u00fan sector econ\u00f3mico.<br \/>\nP. La Asociaci\u00f3n El Toro de Madrid envi\u00f3 el pasado viernes una carta a la Comunidad y a su empresa en la que muestra su repulsa por la situaci\u00f3n de la plaza y su indignaci\u00f3n porque no se celebren festejos.<br \/>\nR. A veces, las cosas son m\u00e1s complicadas de lo que piensan algunos aficionados. Yo soy el primer interesado en que se celebren toros en Madrid, pero hay que acordar las condiciones en funci\u00f3n de las circunstancias.<br \/>\nP. Por cierto, faltan solo unas horas (la entrevista se celebra el viernes al mediod\u00eda) para que comience la Feria de San Isidro de Vistalegre. \u00bfNo se le revuelve el est\u00f3mago?<br \/>\nR. Francamente, no. Es evidente que San Isidro no se pod\u00eda celebrar en Las Ventas; si Vistalegre la puede organizar, bienvenida sea, y, si hiciera falta, comprar\u00eda una entrada para apoyar esa iniciativa. No es lo mismo gestionar una plaza privada que una p\u00fablica. En la primera hay libertad de actuaci\u00f3n, mientras que Las Ventas depende de la decisi\u00f3n de un consejo de gobierno.<br \/>\nP. Lo que no podr\u00e1 negar es que con la pandemia habr\u00e1 dejado usted de ganar mucho dinero\u2026<br \/>\nR. No, porque casi nunca gano, y no porque sea tonto, sino porque antepongo mi pasi\u00f3n a la especulaci\u00f3n. No he tenido ingresos, que es diferente, y ello me ha obligado a equilibrar econ\u00f3micamente mi empresa, y lo he conseguido. Vamos, que no estoy en la ruina, como algunos pregonan. Si as\u00ed fuera, no habr\u00e1 ganado este a\u00f1o dos concursos en Francia (Beziers y Nimes), y dos en Espa\u00f1a (Alicante y Albacete).<br \/>\nSim\u00f3n Casas se ha fumado en dos horas medio paquete de cigarrillos rubios; con barba de un par de d\u00edas y ese estilo informal de quien se niega a reconocer que ha cumplido los 70, se dirige a su apartamento del Madrid central para ver por televisi\u00f3n la corrida de Vistalegre. \u00abA\u00fan no me he vacunado y me da miedo\u00bb, dice. \u00abY no olvide, por favor, que la ilusi\u00f3n de mi vida era ser empresario de Las Ventas y organizar grandes eventos&#8230; pero cuando sea posible&#8230;\u00bb.<br \/>\nY se pierde, con esos andares de cowboy malencarado, por las calles de la gran ciudad.<\/p>\n<p>\n<!--noindex--><br \/>\n<a href=\"https:\/\/elpais.com\/cultura\/2021\/05\/14\/el_toro_por_los_cuernos\/1620994084_050857.html\" rel=\"nofollow\">Source link <\/a><br \/>\n<!--\/noindex--><\/p>\n","protected":false},"excerpt":{"rendered":"<p>\u201cCon un aforo m\u00e1ximo permitido de 6.000 personas es imposible programar una corrida de toros en Las Ventas. Una cosa es un festival como el del d\u00eda 2, con los toros regalados y gastos m\u00ednimos, y otra muy diferente un festejo mayor con la exigencia de Madrid\u201d. As\u00ed de tajante se muestra Sim\u00f3n Casas, empresario [&hellip;]<\/p>\n","protected":false},"author":2,"featured_media":2459,"comment_status":"open","ping_status":"open","sticky":false,"template":"","format":"standard","meta":{"footnotes":""},"categories":[3],"tags":[],"class_list":["post-2458","post","type-post","status-publish","format-standard","has-post-thumbnail","hentry","category-noticias-de-medios-sociales"],"yoast_head":"<!-- This site is optimized with the Yoast SEO plugin v27.4 - https:\/\/yoast.com\/product\/yoast-seo-wordpress\/ -->\n<title>\u201cCon un aforo de 6.000 personas no se pueden mantener ni el toro ni la exigencia de Las Ventas\u201d - Hot News in World<\/title>\n<meta name=\"robots\" content=\"index, follow, max-snippet:-1, max-image-preview:large, max-video-preview:-1\" \/>\n<link rel=\"canonical\" href=\"https:\/\/hotnewsinworld.com\/es\/con-un-aforo-de-6-000-personas-no-se-pueden-mantener-ni-el-toro-ni-la-exigencia-de-las-ventas\/\" \/>\n<meta property=\"og:locale\" content=\"es_ES\" \/>\n<meta property=\"og:type\" content=\"article\" \/>\n<meta property=\"og:title\" content=\"\u201cCon un aforo de 6.000 personas no se pueden mantener ni el toro ni la exigencia de Las Ventas\u201d - Hot News in World\" \/>\n<meta property=\"og:description\" content=\"\u201cCon un aforo m\u00e1ximo permitido de 6.000 personas es imposible programar una corrida de toros en Las Ventas. Una cosa es un festival como el del d\u00eda 2, con los toros regalados y gastos m\u00ednimos, y otra muy diferente un festejo mayor con la exigencia de Madrid\u201d. As\u00ed de tajante se muestra Sim\u00f3n Casas, empresario [&hellip;]\" \/>\n<meta property=\"og:url\" content=\"https:\/\/hotnewsinworld.com\/es\/con-un-aforo-de-6-000-personas-no-se-pueden-mantener-ni-el-toro-ni-la-exigencia-de-las-ventas\/\" \/>\n<meta property=\"og:site_name\" content=\"Hot News in World\" \/>\n<meta property=\"article:published_time\" content=\"2021-05-15T23:37:46+00:00\" \/>\n<meta property=\"article:modified_time\" content=\"2021-05-15T23:37:52+00:00\" \/>\n<meta property=\"og:image\" content=\"https:\/\/hotnewsinworld.com\/es\/wp-content\/uploads\/sites\/4\/2021\/05\/Con-un-aforo-de-6000-personas-no-se-pueden-mantener.jpg\" \/>\n\t<meta property=\"og:image:width\" content=\"980\" \/>\n\t<meta property=\"og:image:height\" content=\"654\" \/>\n\t<meta property=\"og:image:type\" content=\"image\/jpeg\" \/>\n<meta name=\"author\" content=\"hotnewsinworld\" \/>\n<meta name=\"twitter:card\" content=\"summary_large_image\" \/>\n<meta name=\"twitter:label1\" content=\"Escrito por\" \/>\n\t<meta name=\"twitter:data1\" content=\"hotnewsinworld\" \/>\n\t<meta name=\"twitter:label2\" content=\"Tiempo de lectura\" \/>\n\t<meta name=\"twitter:data2\" content=\"7 minutos\" \/>\n<script type=\"application\/ld+json\" class=\"yoast-schema-graph\">{\"@context\":\"https:\\\/\\\/schema.org\",\"@graph\":[{\"@type\":\"Article\",\"@id\":\"https:\\\/\\\/hotnewsinworld.com\\\/es\\\/con-un-aforo-de-6-000-personas-no-se-pueden-mantener-ni-el-toro-ni-la-exigencia-de-las-ventas\\\/#article\",\"isPartOf\":{\"@id\":\"https:\\\/\\\/hotnewsinworld.com\\\/es\\\/con-un-aforo-de-6-000-personas-no-se-pueden-mantener-ni-el-toro-ni-la-exigencia-de-las-ventas\\\/\"},\"author\":{\"name\":\"hotnewsinworld\",\"@id\":\"https:\\\/\\\/hotnewsinworld.com\\\/es\\\/#\\\/schema\\\/person\\\/fe61448b21c0d59086e75fcc1f9d8f6b\"},\"headline\":\"\u201cCon un aforo de 6.000 personas no se pueden mantener ni el toro ni la exigencia de Las Ventas\u201d\",\"datePublished\":\"2021-05-15T23:37:46+00:00\",\"dateModified\":\"2021-05-15T23:37:52+00:00\",\"mainEntityOfPage\":{\"@id\":\"https:\\\/\\\/hotnewsinworld.com\\\/es\\\/con-un-aforo-de-6-000-personas-no-se-pueden-mantener-ni-el-toro-ni-la-exigencia-de-las-ventas\\\/\"},\"wordCount\":1343,\"commentCount\":0,\"image\":{\"@id\":\"https:\\\/\\\/hotnewsinworld.com\\\/es\\\/con-un-aforo-de-6-000-personas-no-se-pueden-mantener-ni-el-toro-ni-la-exigencia-de-las-ventas\\\/#primaryimage\"},\"thumbnailUrl\":\"https:\\\/\\\/hotnewsinworld.com\\\/es\\\/wp-content\\\/uploads\\\/sites\\\/4\\\/2021\\\/05\\\/Con-un-aforo-de-6000-personas-no-se-pueden-mantener.jpg\",\"articleSection\":[\"NOTICIAS DE MEDIOS SOCIALES\"],\"inLanguage\":\"es\",\"potentialAction\":[{\"@type\":\"CommentAction\",\"name\":\"Comment\",\"target\":[\"https:\\\/\\\/hotnewsinworld.com\\\/es\\\/con-un-aforo-de-6-000-personas-no-se-pueden-mantener-ni-el-toro-ni-la-exigencia-de-las-ventas\\\/#respond\"]}]},{\"@type\":\"WebPage\",\"@id\":\"https:\\\/\\\/hotnewsinworld.com\\\/es\\\/con-un-aforo-de-6-000-personas-no-se-pueden-mantener-ni-el-toro-ni-la-exigencia-de-las-ventas\\\/\",\"url\":\"https:\\\/\\\/hotnewsinworld.com\\\/es\\\/con-un-aforo-de-6-000-personas-no-se-pueden-mantener-ni-el-toro-ni-la-exigencia-de-las-ventas\\\/\",\"name\":\"\u201cCon un aforo de 6.000 personas no se pueden mantener ni el toro ni la exigencia de Las Ventas\u201d - Hot News in World\",\"isPartOf\":{\"@id\":\"https:\\\/\\\/hotnewsinworld.com\\\/es\\\/#website\"},\"primaryImageOfPage\":{\"@id\":\"https:\\\/\\\/hotnewsinworld.com\\\/es\\\/con-un-aforo-de-6-000-personas-no-se-pueden-mantener-ni-el-toro-ni-la-exigencia-de-las-ventas\\\/#primaryimage\"},\"image\":{\"@id\":\"https:\\\/\\\/hotnewsinworld.com\\\/es\\\/con-un-aforo-de-6-000-personas-no-se-pueden-mantener-ni-el-toro-ni-la-exigencia-de-las-ventas\\\/#primaryimage\"},\"thumbnailUrl\":\"https:\\\/\\\/hotnewsinworld.com\\\/es\\\/wp-content\\\/uploads\\\/sites\\\/4\\\/2021\\\/05\\\/Con-un-aforo-de-6000-personas-no-se-pueden-mantener.jpg\",\"datePublished\":\"2021-05-15T23:37:46+00:00\",\"dateModified\":\"2021-05-15T23:37:52+00:00\",\"author\":{\"@id\":\"https:\\\/\\\/hotnewsinworld.com\\\/es\\\/#\\\/schema\\\/person\\\/fe61448b21c0d59086e75fcc1f9d8f6b\"},\"breadcrumb\":{\"@id\":\"https:\\\/\\\/hotnewsinworld.com\\\/es\\\/con-un-aforo-de-6-000-personas-no-se-pueden-mantener-ni-el-toro-ni-la-exigencia-de-las-ventas\\\/#breadcrumb\"},\"inLanguage\":\"es\",\"potentialAction\":[{\"@type\":\"ReadAction\",\"target\":[\"https:\\\/\\\/hotnewsinworld.com\\\/es\\\/con-un-aforo-de-6-000-personas-no-se-pueden-mantener-ni-el-toro-ni-la-exigencia-de-las-ventas\\\/\"]}]},{\"@type\":\"ImageObject\",\"inLanguage\":\"es\",\"@id\":\"https:\\\/\\\/hotnewsinworld.com\\\/es\\\/con-un-aforo-de-6-000-personas-no-se-pueden-mantener-ni-el-toro-ni-la-exigencia-de-las-ventas\\\/#primaryimage\",\"url\":\"https:\\\/\\\/hotnewsinworld.com\\\/es\\\/wp-content\\\/uploads\\\/sites\\\/4\\\/2021\\\/05\\\/Con-un-aforo-de-6000-personas-no-se-pueden-mantener.jpg\",\"contentUrl\":\"https:\\\/\\\/hotnewsinworld.com\\\/es\\\/wp-content\\\/uploads\\\/sites\\\/4\\\/2021\\\/05\\\/Con-un-aforo-de-6000-personas-no-se-pueden-mantener.jpg\",\"width\":980,\"height\":654,\"caption\":\"\u201cCon un aforo de 6.000 personas no se pueden mantener ni el toro ni la exigencia de Las Ventas\u201d\"},{\"@type\":\"BreadcrumbList\",\"@id\":\"https:\\\/\\\/hotnewsinworld.com\\\/es\\\/con-un-aforo-de-6-000-personas-no-se-pueden-mantener-ni-el-toro-ni-la-exigencia-de-las-ventas\\\/#breadcrumb\",\"itemListElement\":[{\"@type\":\"ListItem\",\"position\":1,\"name\":\"\u0413\u043b\u0430\u0432\u043d\u0430\u044f \u0441\u0442\u0440\u0430\u043d\u0438\u0446\u0430\",\"item\":\"https:\\\/\\\/hotnewsinworld.com\\\/es\\\/\"},{\"@type\":\"ListItem\",\"position\":2,\"name\":\"\u201cCon un aforo de 6.000 personas no se pueden mantener ni el toro ni la exigencia de Las Ventas\u201d\"}]},{\"@type\":\"WebSite\",\"@id\":\"https:\\\/\\\/hotnewsinworld.com\\\/es\\\/#website\",\"url\":\"https:\\\/\\\/hotnewsinworld.com\\\/es\\\/\",\"name\":\"Hot News in World\",\"description\":\"Hot News in World from Spain\",\"potentialAction\":[{\"@type\":\"SearchAction\",\"target\":{\"@type\":\"EntryPoint\",\"urlTemplate\":\"https:\\\/\\\/hotnewsinworld.com\\\/es\\\/?s={search_term_string}\"},\"query-input\":{\"@type\":\"PropertyValueSpecification\",\"valueRequired\":true,\"valueName\":\"search_term_string\"}}],\"inLanguage\":\"es\"},{\"@type\":\"Person\",\"@id\":\"https:\\\/\\\/hotnewsinworld.com\\\/es\\\/#\\\/schema\\\/person\\\/fe61448b21c0d59086e75fcc1f9d8f6b\",\"name\":\"hotnewsinworld\",\"image\":{\"@type\":\"ImageObject\",\"inLanguage\":\"es\",\"@id\":\"https:\\\/\\\/secure.gravatar.com\\\/avatar\\\/8a09ac165600ce2e1c38fe593c63928eb1e6e7ba5c5a907d67787c41b3d00c14?s=96&d=mm&r=g\",\"url\":\"https:\\\/\\\/secure.gravatar.com\\\/avatar\\\/8a09ac165600ce2e1c38fe593c63928eb1e6e7ba5c5a907d67787c41b3d00c14?s=96&d=mm&r=g\",\"contentUrl\":\"https:\\\/\\\/secure.gravatar.com\\\/avatar\\\/8a09ac165600ce2e1c38fe593c63928eb1e6e7ba5c5a907d67787c41b3d00c14?s=96&d=mm&r=g\",\"caption\":\"hotnewsinworld\"},\"url\":\"https:\\\/\\\/hotnewsinworld.com\\\/es\\\/author\\\/pt\\\/\"}]}<\/script>\n<!-- \/ Yoast SEO plugin. -->","yoast_head_json":{"title":"\u201cCon un aforo de 6.000 personas no se pueden mantener ni el toro ni la exigencia de Las Ventas\u201d - Hot News in World","robots":{"index":"index","follow":"follow","max-snippet":"max-snippet:-1","max-image-preview":"max-image-preview:large","max-video-preview":"max-video-preview:-1"},"canonical":"https:\/\/hotnewsinworld.com\/es\/con-un-aforo-de-6-000-personas-no-se-pueden-mantener-ni-el-toro-ni-la-exigencia-de-las-ventas\/","og_locale":"es_ES","og_type":"article","og_title":"\u201cCon un aforo de 6.000 personas no se pueden mantener ni el toro ni la exigencia de Las Ventas\u201d - Hot News in World","og_description":"\u201cCon un aforo m\u00e1ximo permitido de 6.000 personas es imposible programar una corrida de toros en Las Ventas. Una cosa es un festival como el del d\u00eda 2, con los toros regalados y gastos m\u00ednimos, y otra muy diferente un festejo mayor con la exigencia de Madrid\u201d. As\u00ed de tajante se muestra Sim\u00f3n Casas, empresario [&hellip;]","og_url":"https:\/\/hotnewsinworld.com\/es\/con-un-aforo-de-6-000-personas-no-se-pueden-mantener-ni-el-toro-ni-la-exigencia-de-las-ventas\/","og_site_name":"Hot News in World","article_published_time":"2021-05-15T23:37:46+00:00","article_modified_time":"2021-05-15T23:37:52+00:00","og_image":[{"width":980,"height":654,"url":"https:\/\/hotnewsinworld.com\/es\/wp-content\/uploads\/sites\/4\/2021\/05\/Con-un-aforo-de-6000-personas-no-se-pueden-mantener.jpg","type":"image\/jpeg"}],"author":"hotnewsinworld","twitter_card":"summary_large_image","twitter_misc":{"Escrito por":"hotnewsinworld","Tiempo de lectura":"7 minutos"},"schema":{"@context":"https:\/\/schema.org","@graph":[{"@type":"Article","@id":"https:\/\/hotnewsinworld.com\/es\/con-un-aforo-de-6-000-personas-no-se-pueden-mantener-ni-el-toro-ni-la-exigencia-de-las-ventas\/#article","isPartOf":{"@id":"https:\/\/hotnewsinworld.com\/es\/con-un-aforo-de-6-000-personas-no-se-pueden-mantener-ni-el-toro-ni-la-exigencia-de-las-ventas\/"},"author":{"name":"hotnewsinworld","@id":"https:\/\/hotnewsinworld.com\/es\/#\/schema\/person\/fe61448b21c0d59086e75fcc1f9d8f6b"},"headline":"\u201cCon un aforo de 6.000 personas no se pueden mantener ni el toro ni la exigencia de Las Ventas\u201d","datePublished":"2021-05-15T23:37:46+00:00","dateModified":"2021-05-15T23:37:52+00:00","mainEntityOfPage":{"@id":"https:\/\/hotnewsinworld.com\/es\/con-un-aforo-de-6-000-personas-no-se-pueden-mantener-ni-el-toro-ni-la-exigencia-de-las-ventas\/"},"wordCount":1343,"commentCount":0,"image":{"@id":"https:\/\/hotnewsinworld.com\/es\/con-un-aforo-de-6-000-personas-no-se-pueden-mantener-ni-el-toro-ni-la-exigencia-de-las-ventas\/#primaryimage"},"thumbnailUrl":"https:\/\/hotnewsinworld.com\/es\/wp-content\/uploads\/sites\/4\/2021\/05\/Con-un-aforo-de-6000-personas-no-se-pueden-mantener.jpg","articleSection":["NOTICIAS DE MEDIOS SOCIALES"],"inLanguage":"es","potentialAction":[{"@type":"CommentAction","name":"Comment","target":["https:\/\/hotnewsinworld.com\/es\/con-un-aforo-de-6-000-personas-no-se-pueden-mantener-ni-el-toro-ni-la-exigencia-de-las-ventas\/#respond"]}]},{"@type":"WebPage","@id":"https:\/\/hotnewsinworld.com\/es\/con-un-aforo-de-6-000-personas-no-se-pueden-mantener-ni-el-toro-ni-la-exigencia-de-las-ventas\/","url":"https:\/\/hotnewsinworld.com\/es\/con-un-aforo-de-6-000-personas-no-se-pueden-mantener-ni-el-toro-ni-la-exigencia-de-las-ventas\/","name":"\u201cCon un aforo de 6.000 personas no se pueden mantener ni el toro ni la exigencia de Las Ventas\u201d - Hot News in World","isPartOf":{"@id":"https:\/\/hotnewsinworld.com\/es\/#website"},"primaryImageOfPage":{"@id":"https:\/\/hotnewsinworld.com\/es\/con-un-aforo-de-6-000-personas-no-se-pueden-mantener-ni-el-toro-ni-la-exigencia-de-las-ventas\/#primaryimage"},"image":{"@id":"https:\/\/hotnewsinworld.com\/es\/con-un-aforo-de-6-000-personas-no-se-pueden-mantener-ni-el-toro-ni-la-exigencia-de-las-ventas\/#primaryimage"},"thumbnailUrl":"https:\/\/hotnewsinworld.com\/es\/wp-content\/uploads\/sites\/4\/2021\/05\/Con-un-aforo-de-6000-personas-no-se-pueden-mantener.jpg","datePublished":"2021-05-15T23:37:46+00:00","dateModified":"2021-05-15T23:37:52+00:00","author":{"@id":"https:\/\/hotnewsinworld.com\/es\/#\/schema\/person\/fe61448b21c0d59086e75fcc1f9d8f6b"},"breadcrumb":{"@id":"https:\/\/hotnewsinworld.com\/es\/con-un-aforo-de-6-000-personas-no-se-pueden-mantener-ni-el-toro-ni-la-exigencia-de-las-ventas\/#breadcrumb"},"inLanguage":"es","potentialAction":[{"@type":"ReadAction","target":["https:\/\/hotnewsinworld.com\/es\/con-un-aforo-de-6-000-personas-no-se-pueden-mantener-ni-el-toro-ni-la-exigencia-de-las-ventas\/"]}]},{"@type":"ImageObject","inLanguage":"es","@id":"https:\/\/hotnewsinworld.com\/es\/con-un-aforo-de-6-000-personas-no-se-pueden-mantener-ni-el-toro-ni-la-exigencia-de-las-ventas\/#primaryimage","url":"https:\/\/hotnewsinworld.com\/es\/wp-content\/uploads\/sites\/4\/2021\/05\/Con-un-aforo-de-6000-personas-no-se-pueden-mantener.jpg","contentUrl":"https:\/\/hotnewsinworld.com\/es\/wp-content\/uploads\/sites\/4\/2021\/05\/Con-un-aforo-de-6000-personas-no-se-pueden-mantener.jpg","width":980,"height":654,"caption":"\u201cCon un aforo de 6.000 personas no se pueden mantener ni el toro ni la exigencia de Las Ventas\u201d"},{"@type":"BreadcrumbList","@id":"https:\/\/hotnewsinworld.com\/es\/con-un-aforo-de-6-000-personas-no-se-pueden-mantener-ni-el-toro-ni-la-exigencia-de-las-ventas\/#breadcrumb","itemListElement":[{"@type":"ListItem","position":1,"name":"\u0413\u043b\u0430\u0432\u043d\u0430\u044f \u0441\u0442\u0440\u0430\u043d\u0438\u0446\u0430","item":"https:\/\/hotnewsinworld.com\/es\/"},{"@type":"ListItem","position":2,"name":"\u201cCon un aforo de 6.000 personas no se pueden mantener ni el toro ni la exigencia de Las Ventas\u201d"}]},{"@type":"WebSite","@id":"https:\/\/hotnewsinworld.com\/es\/#website","url":"https:\/\/hotnewsinworld.com\/es\/","name":"Hot News in World","description":"Hot News in World from Spain","potentialAction":[{"@type":"SearchAction","target":{"@type":"EntryPoint","urlTemplate":"https:\/\/hotnewsinworld.com\/es\/?s={search_term_string}"},"query-input":{"@type":"PropertyValueSpecification","valueRequired":true,"valueName":"search_term_string"}}],"inLanguage":"es"},{"@type":"Person","@id":"https:\/\/hotnewsinworld.com\/es\/#\/schema\/person\/fe61448b21c0d59086e75fcc1f9d8f6b","name":"hotnewsinworld","image":{"@type":"ImageObject","inLanguage":"es","@id":"https:\/\/secure.gravatar.com\/avatar\/8a09ac165600ce2e1c38fe593c63928eb1e6e7ba5c5a907d67787c41b3d00c14?s=96&d=mm&r=g","url":"https:\/\/secure.gravatar.com\/avatar\/8a09ac165600ce2e1c38fe593c63928eb1e6e7ba5c5a907d67787c41b3d00c14?s=96&d=mm&r=g","contentUrl":"https:\/\/secure.gravatar.com\/avatar\/8a09ac165600ce2e1c38fe593c63928eb1e6e7ba5c5a907d67787c41b3d00c14?s=96&d=mm&r=g","caption":"hotnewsinworld"},"url":"https:\/\/hotnewsinworld.com\/es\/author\/pt\/"}]}},"_links":{"self":[{"href":"https:\/\/hotnewsinworld.com\/es\/wp-json\/wp\/v2\/posts\/2458","targetHints":{"allow":["GET"]}}],"collection":[{"href":"https:\/\/hotnewsinworld.com\/es\/wp-json\/wp\/v2\/posts"}],"about":[{"href":"https:\/\/hotnewsinworld.com\/es\/wp-json\/wp\/v2\/types\/post"}],"author":[{"embeddable":true,"href":"https:\/\/hotnewsinworld.com\/es\/wp-json\/wp\/v2\/users\/2"}],"replies":[{"embeddable":true,"href":"https:\/\/hotnewsinworld.com\/es\/wp-json\/wp\/v2\/comments?post=2458"}],"version-history":[{"count":1,"href":"https:\/\/hotnewsinworld.com\/es\/wp-json\/wp\/v2\/posts\/2458\/revisions"}],"predecessor-version":[{"id":2460,"href":"https:\/\/hotnewsinworld.com\/es\/wp-json\/wp\/v2\/posts\/2458\/revisions\/2460"}],"wp:featuredmedia":[{"embeddable":true,"href":"https:\/\/hotnewsinworld.com\/es\/wp-json\/wp\/v2\/media\/2459"}],"wp:attachment":[{"href":"https:\/\/hotnewsinworld.com\/es\/wp-json\/wp\/v2\/media?parent=2458"}],"wp:term":[{"taxonomy":"category","embeddable":true,"href":"https:\/\/hotnewsinworld.com\/es\/wp-json\/wp\/v2\/categories?post=2458"},{"taxonomy":"post_tag","embeddable":true,"href":"https:\/\/hotnewsinworld.com\/es\/wp-json\/wp\/v2\/tags?post=2458"}],"curies":[{"name":"wp","href":"https:\/\/api.w.org\/{rel}","templated":true}]}}