{"id":2479,"date":"2021-05-17T20:43:38","date_gmt":"2021-05-17T17:43:38","guid":{"rendered":"https:\/\/hotnewsinworld.com\/es\/llamar-asesino-a-un-torero-muerto-en-la-plaza-no-se-ampara-en-la-libertad-de-expresion-para-el-constitucional\/"},"modified":"2021-05-17T20:43:40","modified_gmt":"2021-05-17T17:43:40","slug":"llamar-asesino-a-un-torero-muerto-en-la-plaza-no-se-ampara-en-la-libertad-de-expresion-para-el-constitucional","status":"publish","type":"post","link":"https:\/\/hotnewsinworld.com\/es\/llamar-asesino-a-un-torero-muerto-en-la-plaza-no-se-ampara-en-la-libertad-de-expresion-para-el-constitucional\/","title":{"rendered":"Llamar \u201casesino\u201d a un torero muerto en la plaza no se ampara en la libertad de expresi\u00f3n, para el Constitucional"},"content":{"rendered":"<p>El Tribunal Constitucional ha avalado la condena que el Supremo impuso a Datxu Peris, exconcejala en Catarroja (Valencia) por el grupo Guanyar Catarroja-Esquerra Unida, por llamar \u201casesino\u201d al torero V\u00edctor Barrio, fallecido tras una cogida durante una corrida celebrada en la Feria del \u00c1ngel de Teruel en julio de 2016. El Supremo conden\u00f3 a la entonces edil a pagar una indemnizaci\u00f3n de 7.000 euros a la familia del matador.M\u00e1s informaci\u00f3nEl Constitucional confirma as\u00ed el criterio de la Sala Civil del Supremo, que consider\u00f3 los comentarios difundidos por la concejala en las redes como una intromisi\u00f3n ileg\u00edtima en el derecho al honor. La sentencia \u2015de la que ha sido ponente el magistrado Santiago Mart\u00ednez Vares\u2015 subraya que, atendidas las circunstancias del caso, las expresiones utilizadas por la recurrente en amparo, \u201cse evidencia como innecesarias, desproporcionadas, as\u00ed como carentes de anclaje alguno en el ejercicio del derecho a la libertad de expresi\u00f3n\u201d.El fallo \u2015que ha registrado el voto discrepante de la magistrada Mar\u00eda Luisa Balaguer\u2015 razona que \u201cpara defender p\u00fablicamente sus posiciones antitaurinas no era necesario calificar en la red social de asesino o de opresor a V\u00edctor Barrio y mostrar alivio por su muerte\u201d. El tribunal considera que estos comentarios son a\u00fan m\u00e1s graves al acompa\u00f1ar el \u201ctexto (con) una fotograf\u00eda en que se mostraba al torero malherido, en el momento en que fue corneado, con evidentes muestras de dolor, y realizar esa publicaci\u00f3n a las pocas horas de fallecer a consecuencia de esa cornada en la plaza de toros de Teruel, ocasionando con ello un dolor a\u00f1adido al que ten\u00edan sus familiares\u201d.La concejala public\u00f3 en su cuenta de Facebook el titular de un medio: \u201cFallece el torero V\u00edctor Barrio al sufrir una cogida en la feria de Teruel\u201d, junto con una fotograf\u00eda del torero en el momento de la cornada. Peris escrib\u00eda a continuaci\u00f3n que se pod\u00eda \u201cver el aspecto positivo de las noticias para no sufrir tanto\u2026 Ya ha dejado de matar\u201d y que el lado negativo era que \u201ca lo largo de su carrera ha matado mucho\u201d, as\u00ed como que \u201clos opresores han tenido una baja, una v\u00edctima m\u00e1s, un pe\u00f3n en su sistema\u201d. Y finalizaba diciendo que no pod\u00eda \u201csentirlo por el asesino que ha muerto m\u00e1s que por todos los cad\u00e1veres que ha dejado a su paso mientras vivi\u00f3\u201d, refiri\u00e9ndose a toros adultos y novillos.La familia del torero demand\u00f3 a la concejala por intromisi\u00f3n ileg\u00edtima en el derecho al honor, intimidad y propia imagen del fallecido. El Juzgado de Primera Instancia e Instrucci\u00f3n \u00fanico de Sep\u00falveda les dio la raz\u00f3n al considerar que las redes sociales no son \u201cun subterfugio donde todo cabe y todo vale\u201d, sin que la libertad de expresi\u00f3n pueda amparar el insulto.Datxu Peris, a su salida de un juicio en el Juzgado de Sep\u00falveda (Segovia) en 2017.Pablo Mart\u00edn \/ EFEEsta primera decisi\u00f3n fue recurrida ante la Audiencia Provincial de Segovia, que confirm\u00f3 la sentencia. \u201cLa profesi\u00f3n a la que se dedicaba el se\u00f1or Barrio es, hoy por hoy, l\u00edcita y, por tanto, no resulta posible dirigir expresiones injuriosas a quienes la ejercen por ese solo hecho, siendo claramente vejatoria la expresi\u00f3n \u2018asesino\u2019 para dirigirse a un torero, por el mero hecho de serlo, aunque no se comparta su actividad\u201d.El siguiente paso fue un recurso de casaci\u00f3n ante el Supremo. La Sala Civil confirm\u00f3 las dos decisiones judiciales anteriores, al declarar que las manifestaciones de la edil exceden del \u00e1mbito protegido por la libertad de expresi\u00f3n por su contenido gravemente vejatorio y por referirse a una persona que acababa de morir traum\u00e1ticamente, mostrando un sentimiento de alegr\u00eda o alivio.Al resolver ahora el recurso de amparo presentado por Datxu Peris, el Constitucional argumenta que calificar al torero como \u201casesino\u201d o \u201cmiembro del grupo de opresores\u201d debe ser considerado como \u201cuna injerencia en su derecho al honor, al suponer un menoscabo de reputaci\u00f3n personal, as\u00ed como una denigraci\u00f3n de su prestigio y actividad profesional, con directa afectaci\u00f3n a su propia consideraci\u00f3n y dignidad individual\u201d.La sentencia concluye afirmando que \u201cmostrar, al amparo de la defensa de posiciones antitaurinas, alivio por la muerte de un ser humano producida mientras ejerc\u00eda su profesi\u00f3n, y calificarle de asesino a las pocas horas de producirse su deceso, junto con la fotograf\u00eda del momento ag\u00f3nico, supone un desconocimiento inexcusable de la situaci\u00f3n central que ocupa la persona en nuestra sociedad democr\u00e1tica y del necesario respeto de los derechos de los dem\u00e1s\u201d.La magistrada Mar\u00eda Luisa Balaguer razona, a su vez, en su voto particular que el mensaje compartido en Facebook por la concejala ten\u00eda un innegable contenido pol\u00edtico sobre un tema pol\u00e9mico en Espa\u00f1a, como es el de la tauromaquia. A\u00f1ade que ese contenido pol\u00edtico, los efectos reales de la difusi\u00f3n del mensaje y de su perfil en la red social, y el hecho de que la defensa del honor que act\u00faa como l\u00edmite de la libertad de expresi\u00f3n se refiriera a una persona ya fallecida, debieron ser considerados de modo que condujeran a la estimaci\u00f3n del recurso de amparo.En el \u00faltimo a\u00f1o, el Constitucional ha dictado diversas sentencias que abordan la cuesti\u00f3n de los l\u00edmites del derecho a la libertad de expresi\u00f3n, tratando de matizar las circunstancias de cada caso para considerarlo merecedor o no de sanci\u00f3n. As\u00ed, al juzgar el recurso del cantante C\u00e9sar Strawberry, anul\u00f3 la condena a un a\u00f1o de prisi\u00f3n que le hab\u00eda impuesto el Supremo por un delito de enaltecimiento del terrorismo o humillaci\u00f3n a las v\u00edctimas a ra\u00edz de mensajes difundidos en Twitter, con expresiones como \u201ccu\u00e1ntos deber\u00edan seguir el vuelo de Carrero Blanco\u201d o \u201ca Ortega Lara habr\u00eda que secuestrarle ahora\u201d. En cambio, confirm\u00f3 la condena a un sindicalista, al que no consider\u00f3 amparado por la libertad de expresi\u00f3n por haber pedido \u201cprenderle fuego\u201d a la \u201cputa bandera\u201d de Espa\u00f1a durante el izado de la ense\u00f1a en una manifestaci\u00f3n delante de un cuartel de la Armada. El primero de estos dos casos se resolvi\u00f3 por unanimidad y en el segundo el tribunal se dividi\u00f3 y rechaz\u00f3 el recurso del sindicalista por seis votos a cinco.<br \/>\n<br \/>\n<!--noindex--><br \/>\n<a href=\"https:\/\/elpais.com\/cultura\/2021-05-17\/llamar-asesino-a-un-torero-muerto-no-se-ampara-en-la-libertad-de-expresion-para-el-constitucional.html\" rel=\"nofollow\">Source link <\/a><br \/>\n<!--\/noindex--><\/p>\n","protected":false},"excerpt":{"rendered":"<p>El Tribunal Constitucional ha avalado la condena que el Supremo impuso a Datxu Peris, exconcejala en Catarroja (Valencia) por el grupo Guanyar Catarroja-Esquerra Unida, por llamar \u201casesino\u201d al torero V\u00edctor Barrio, fallecido tras una cogida durante una corrida celebrada en la Feria del \u00c1ngel de Teruel en julio de 2016. El Supremo conden\u00f3 a la [&hellip;]<\/p>\n","protected":false},"author":2,"featured_media":2480,"comment_status":"open","ping_status":"open","sticky":false,"template":"","format":"standard","meta":{"footnotes":""},"categories":[1],"tags":[],"class_list":["post-2479","post","type-post","status-publish","format-standard","has-post-thumbnail","hentry","category-ultimas-noticias-financieras"],"yoast_head":"<!-- This site is optimized with the Yoast SEO plugin v27.4 - https:\/\/yoast.com\/product\/yoast-seo-wordpress\/ -->\n<title>Llamar \u201casesino\u201d a un torero muerto en la plaza no se ampara en la libertad de expresi\u00f3n, para el Constitucional - Hot News in World<\/title>\n<meta name=\"robots\" content=\"index, follow, max-snippet:-1, max-image-preview:large, max-video-preview:-1\" \/>\n<link rel=\"canonical\" href=\"https:\/\/hotnewsinworld.com\/es\/llamar-asesino-a-un-torero-muerto-en-la-plaza-no-se-ampara-en-la-libertad-de-expresion-para-el-constitucional\/\" \/>\n<meta property=\"og:locale\" content=\"es_ES\" \/>\n<meta property=\"og:type\" content=\"article\" \/>\n<meta property=\"og:title\" content=\"Llamar \u201casesino\u201d a un torero muerto en la plaza no se ampara en la libertad de expresi\u00f3n, para el Constitucional - Hot News in World\" \/>\n<meta property=\"og:description\" content=\"El Tribunal Constitucional ha avalado la condena que el Supremo impuso a Datxu Peris, exconcejala en Catarroja (Valencia) por el grupo Guanyar Catarroja-Esquerra Unida, por llamar \u201casesino\u201d al torero V\u00edctor Barrio, fallecido tras una cogida durante una corrida celebrada en la Feria del \u00c1ngel de Teruel en julio de 2016. El Supremo conden\u00f3 a la [&hellip;]\" \/>\n<meta property=\"og:url\" content=\"https:\/\/hotnewsinworld.com\/es\/llamar-asesino-a-un-torero-muerto-en-la-plaza-no-se-ampara-en-la-libertad-de-expresion-para-el-constitucional\/\" \/>\n<meta property=\"og:site_name\" content=\"Hot News in World\" \/>\n<meta property=\"article:published_time\" content=\"2021-05-17T17:43:38+00:00\" \/>\n<meta property=\"article:modified_time\" content=\"2021-05-17T17:43:40+00:00\" \/>\n<meta property=\"og:image\" content=\"https:\/\/hotnewsinworld.com\/es\/wp-content\/uploads\/sites\/4\/2021\/05\/Llamar-asesino-a-un-torero-muerto-en-la-plaza-no.jpg\" \/>\n\t<meta property=\"og:image:width\" content=\"980\" \/>\n\t<meta property=\"og:image:height\" content=\"594\" \/>\n\t<meta property=\"og:image:type\" content=\"image\/jpeg\" \/>\n<meta name=\"author\" content=\"hotnewsinworld\" \/>\n<meta name=\"twitter:card\" content=\"summary_large_image\" \/>\n<meta name=\"twitter:label1\" content=\"Escrito por\" \/>\n\t<meta name=\"twitter:data1\" content=\"hotnewsinworld\" \/>\n\t<meta name=\"twitter:label2\" content=\"Tiempo de lectura\" \/>\n\t<meta name=\"twitter:data2\" content=\"5 minutos\" \/>\n<script type=\"application\/ld+json\" class=\"yoast-schema-graph\">{\"@context\":\"https:\\\/\\\/schema.org\",\"@graph\":[{\"@type\":\"Article\",\"@id\":\"https:\\\/\\\/hotnewsinworld.com\\\/es\\\/llamar-asesino-a-un-torero-muerto-en-la-plaza-no-se-ampara-en-la-libertad-de-expresion-para-el-constitucional\\\/#article\",\"isPartOf\":{\"@id\":\"https:\\\/\\\/hotnewsinworld.com\\\/es\\\/llamar-asesino-a-un-torero-muerto-en-la-plaza-no-se-ampara-en-la-libertad-de-expresion-para-el-constitucional\\\/\"},\"author\":{\"name\":\"hotnewsinworld\",\"@id\":\"https:\\\/\\\/hotnewsinworld.com\\\/es\\\/#\\\/schema\\\/person\\\/fe61448b21c0d59086e75fcc1f9d8f6b\"},\"headline\":\"Llamar \u201casesino\u201d a un torero muerto en la plaza no se ampara en la libertad de expresi\u00f3n, para el Constitucional\",\"datePublished\":\"2021-05-17T17:43:38+00:00\",\"dateModified\":\"2021-05-17T17:43:40+00:00\",\"mainEntityOfPage\":{\"@id\":\"https:\\\/\\\/hotnewsinworld.com\\\/es\\\/llamar-asesino-a-un-torero-muerto-en-la-plaza-no-se-ampara-en-la-libertad-de-expresion-para-el-constitucional\\\/\"},\"wordCount\":1120,\"commentCount\":0,\"image\":{\"@id\":\"https:\\\/\\\/hotnewsinworld.com\\\/es\\\/llamar-asesino-a-un-torero-muerto-en-la-plaza-no-se-ampara-en-la-libertad-de-expresion-para-el-constitucional\\\/#primaryimage\"},\"thumbnailUrl\":\"https:\\\/\\\/hotnewsinworld.com\\\/es\\\/wp-content\\\/uploads\\\/sites\\\/4\\\/2021\\\/05\\\/Llamar-asesino-a-un-torero-muerto-en-la-plaza-no.jpg\",\"articleSection\":[\"\u00daLTIMAS NOTICIAS FINANCIERAS\"],\"inLanguage\":\"es\",\"potentialAction\":[{\"@type\":\"CommentAction\",\"name\":\"Comment\",\"target\":[\"https:\\\/\\\/hotnewsinworld.com\\\/es\\\/llamar-asesino-a-un-torero-muerto-en-la-plaza-no-se-ampara-en-la-libertad-de-expresion-para-el-constitucional\\\/#respond\"]}]},{\"@type\":\"WebPage\",\"@id\":\"https:\\\/\\\/hotnewsinworld.com\\\/es\\\/llamar-asesino-a-un-torero-muerto-en-la-plaza-no-se-ampara-en-la-libertad-de-expresion-para-el-constitucional\\\/\",\"url\":\"https:\\\/\\\/hotnewsinworld.com\\\/es\\\/llamar-asesino-a-un-torero-muerto-en-la-plaza-no-se-ampara-en-la-libertad-de-expresion-para-el-constitucional\\\/\",\"name\":\"Llamar \u201casesino\u201d a un torero muerto en la plaza no se ampara en la libertad de expresi\u00f3n, para el Constitucional - Hot News in World\",\"isPartOf\":{\"@id\":\"https:\\\/\\\/hotnewsinworld.com\\\/es\\\/#website\"},\"primaryImageOfPage\":{\"@id\":\"https:\\\/\\\/hotnewsinworld.com\\\/es\\\/llamar-asesino-a-un-torero-muerto-en-la-plaza-no-se-ampara-en-la-libertad-de-expresion-para-el-constitucional\\\/#primaryimage\"},\"image\":{\"@id\":\"https:\\\/\\\/hotnewsinworld.com\\\/es\\\/llamar-asesino-a-un-torero-muerto-en-la-plaza-no-se-ampara-en-la-libertad-de-expresion-para-el-constitucional\\\/#primaryimage\"},\"thumbnailUrl\":\"https:\\\/\\\/hotnewsinworld.com\\\/es\\\/wp-content\\\/uploads\\\/sites\\\/4\\\/2021\\\/05\\\/Llamar-asesino-a-un-torero-muerto-en-la-plaza-no.jpg\",\"datePublished\":\"2021-05-17T17:43:38+00:00\",\"dateModified\":\"2021-05-17T17:43:40+00:00\",\"author\":{\"@id\":\"https:\\\/\\\/hotnewsinworld.com\\\/es\\\/#\\\/schema\\\/person\\\/fe61448b21c0d59086e75fcc1f9d8f6b\"},\"breadcrumb\":{\"@id\":\"https:\\\/\\\/hotnewsinworld.com\\\/es\\\/llamar-asesino-a-un-torero-muerto-en-la-plaza-no-se-ampara-en-la-libertad-de-expresion-para-el-constitucional\\\/#breadcrumb\"},\"inLanguage\":\"es\",\"potentialAction\":[{\"@type\":\"ReadAction\",\"target\":[\"https:\\\/\\\/hotnewsinworld.com\\\/es\\\/llamar-asesino-a-un-torero-muerto-en-la-plaza-no-se-ampara-en-la-libertad-de-expresion-para-el-constitucional\\\/\"]}]},{\"@type\":\"ImageObject\",\"inLanguage\":\"es\",\"@id\":\"https:\\\/\\\/hotnewsinworld.com\\\/es\\\/llamar-asesino-a-un-torero-muerto-en-la-plaza-no-se-ampara-en-la-libertad-de-expresion-para-el-constitucional\\\/#primaryimage\",\"url\":\"https:\\\/\\\/hotnewsinworld.com\\\/es\\\/wp-content\\\/uploads\\\/sites\\\/4\\\/2021\\\/05\\\/Llamar-asesino-a-un-torero-muerto-en-la-plaza-no.jpg\",\"contentUrl\":\"https:\\\/\\\/hotnewsinworld.com\\\/es\\\/wp-content\\\/uploads\\\/sites\\\/4\\\/2021\\\/05\\\/Llamar-asesino-a-un-torero-muerto-en-la-plaza-no.jpg\",\"width\":980,\"height\":594,\"caption\":\"Llamar \u201casesino\u201d a un torero muerto en la plaza no se ampara en la libertad de expresi\u00f3n, para el Constitucional\"},{\"@type\":\"BreadcrumbList\",\"@id\":\"https:\\\/\\\/hotnewsinworld.com\\\/es\\\/llamar-asesino-a-un-torero-muerto-en-la-plaza-no-se-ampara-en-la-libertad-de-expresion-para-el-constitucional\\\/#breadcrumb\",\"itemListElement\":[{\"@type\":\"ListItem\",\"position\":1,\"name\":\"\u0413\u043b\u0430\u0432\u043d\u0430\u044f \u0441\u0442\u0440\u0430\u043d\u0438\u0446\u0430\",\"item\":\"https:\\\/\\\/hotnewsinworld.com\\\/es\\\/\"},{\"@type\":\"ListItem\",\"position\":2,\"name\":\"Llamar \u201casesino\u201d a un torero muerto en la plaza no se ampara en la libertad de expresi\u00f3n, para el Constitucional\"}]},{\"@type\":\"WebSite\",\"@id\":\"https:\\\/\\\/hotnewsinworld.com\\\/es\\\/#website\",\"url\":\"https:\\\/\\\/hotnewsinworld.com\\\/es\\\/\",\"name\":\"Hot News in World\",\"description\":\"Hot News in World from Spain\",\"potentialAction\":[{\"@type\":\"SearchAction\",\"target\":{\"@type\":\"EntryPoint\",\"urlTemplate\":\"https:\\\/\\\/hotnewsinworld.com\\\/es\\\/?s={search_term_string}\"},\"query-input\":{\"@type\":\"PropertyValueSpecification\",\"valueRequired\":true,\"valueName\":\"search_term_string\"}}],\"inLanguage\":\"es\"},{\"@type\":\"Person\",\"@id\":\"https:\\\/\\\/hotnewsinworld.com\\\/es\\\/#\\\/schema\\\/person\\\/fe61448b21c0d59086e75fcc1f9d8f6b\",\"name\":\"hotnewsinworld\",\"image\":{\"@type\":\"ImageObject\",\"inLanguage\":\"es\",\"@id\":\"https:\\\/\\\/secure.gravatar.com\\\/avatar\\\/8a09ac165600ce2e1c38fe593c63928eb1e6e7ba5c5a907d67787c41b3d00c14?s=96&d=mm&r=g\",\"url\":\"https:\\\/\\\/secure.gravatar.com\\\/avatar\\\/8a09ac165600ce2e1c38fe593c63928eb1e6e7ba5c5a907d67787c41b3d00c14?s=96&d=mm&r=g\",\"contentUrl\":\"https:\\\/\\\/secure.gravatar.com\\\/avatar\\\/8a09ac165600ce2e1c38fe593c63928eb1e6e7ba5c5a907d67787c41b3d00c14?s=96&d=mm&r=g\",\"caption\":\"hotnewsinworld\"},\"url\":\"https:\\\/\\\/hotnewsinworld.com\\\/es\\\/author\\\/pt\\\/\"}]}<\/script>\n<!-- \/ Yoast SEO plugin. -->","yoast_head_json":{"title":"Llamar \u201casesino\u201d a un torero muerto en la plaza no se ampara en la libertad de expresi\u00f3n, para el Constitucional - Hot News in World","robots":{"index":"index","follow":"follow","max-snippet":"max-snippet:-1","max-image-preview":"max-image-preview:large","max-video-preview":"max-video-preview:-1"},"canonical":"https:\/\/hotnewsinworld.com\/es\/llamar-asesino-a-un-torero-muerto-en-la-plaza-no-se-ampara-en-la-libertad-de-expresion-para-el-constitucional\/","og_locale":"es_ES","og_type":"article","og_title":"Llamar \u201casesino\u201d a un torero muerto en la plaza no se ampara en la libertad de expresi\u00f3n, para el Constitucional - Hot News in World","og_description":"El Tribunal Constitucional ha avalado la condena que el Supremo impuso a Datxu Peris, exconcejala en Catarroja (Valencia) por el grupo Guanyar Catarroja-Esquerra Unida, por llamar \u201casesino\u201d al torero V\u00edctor Barrio, fallecido tras una cogida durante una corrida celebrada en la Feria del \u00c1ngel de Teruel en julio de 2016. El Supremo conden\u00f3 a la [&hellip;]","og_url":"https:\/\/hotnewsinworld.com\/es\/llamar-asesino-a-un-torero-muerto-en-la-plaza-no-se-ampara-en-la-libertad-de-expresion-para-el-constitucional\/","og_site_name":"Hot News in World","article_published_time":"2021-05-17T17:43:38+00:00","article_modified_time":"2021-05-17T17:43:40+00:00","og_image":[{"width":980,"height":594,"url":"https:\/\/hotnewsinworld.com\/es\/wp-content\/uploads\/sites\/4\/2021\/05\/Llamar-asesino-a-un-torero-muerto-en-la-plaza-no.jpg","type":"image\/jpeg"}],"author":"hotnewsinworld","twitter_card":"summary_large_image","twitter_misc":{"Escrito por":"hotnewsinworld","Tiempo de lectura":"5 minutos"},"schema":{"@context":"https:\/\/schema.org","@graph":[{"@type":"Article","@id":"https:\/\/hotnewsinworld.com\/es\/llamar-asesino-a-un-torero-muerto-en-la-plaza-no-se-ampara-en-la-libertad-de-expresion-para-el-constitucional\/#article","isPartOf":{"@id":"https:\/\/hotnewsinworld.com\/es\/llamar-asesino-a-un-torero-muerto-en-la-plaza-no-se-ampara-en-la-libertad-de-expresion-para-el-constitucional\/"},"author":{"name":"hotnewsinworld","@id":"https:\/\/hotnewsinworld.com\/es\/#\/schema\/person\/fe61448b21c0d59086e75fcc1f9d8f6b"},"headline":"Llamar \u201casesino\u201d a un torero muerto en la plaza no se ampara en la libertad de expresi\u00f3n, para el Constitucional","datePublished":"2021-05-17T17:43:38+00:00","dateModified":"2021-05-17T17:43:40+00:00","mainEntityOfPage":{"@id":"https:\/\/hotnewsinworld.com\/es\/llamar-asesino-a-un-torero-muerto-en-la-plaza-no-se-ampara-en-la-libertad-de-expresion-para-el-constitucional\/"},"wordCount":1120,"commentCount":0,"image":{"@id":"https:\/\/hotnewsinworld.com\/es\/llamar-asesino-a-un-torero-muerto-en-la-plaza-no-se-ampara-en-la-libertad-de-expresion-para-el-constitucional\/#primaryimage"},"thumbnailUrl":"https:\/\/hotnewsinworld.com\/es\/wp-content\/uploads\/sites\/4\/2021\/05\/Llamar-asesino-a-un-torero-muerto-en-la-plaza-no.jpg","articleSection":["\u00daLTIMAS NOTICIAS FINANCIERAS"],"inLanguage":"es","potentialAction":[{"@type":"CommentAction","name":"Comment","target":["https:\/\/hotnewsinworld.com\/es\/llamar-asesino-a-un-torero-muerto-en-la-plaza-no-se-ampara-en-la-libertad-de-expresion-para-el-constitucional\/#respond"]}]},{"@type":"WebPage","@id":"https:\/\/hotnewsinworld.com\/es\/llamar-asesino-a-un-torero-muerto-en-la-plaza-no-se-ampara-en-la-libertad-de-expresion-para-el-constitucional\/","url":"https:\/\/hotnewsinworld.com\/es\/llamar-asesino-a-un-torero-muerto-en-la-plaza-no-se-ampara-en-la-libertad-de-expresion-para-el-constitucional\/","name":"Llamar \u201casesino\u201d a un torero muerto en la plaza no se ampara en la libertad de expresi\u00f3n, para el Constitucional - Hot News in World","isPartOf":{"@id":"https:\/\/hotnewsinworld.com\/es\/#website"},"primaryImageOfPage":{"@id":"https:\/\/hotnewsinworld.com\/es\/llamar-asesino-a-un-torero-muerto-en-la-plaza-no-se-ampara-en-la-libertad-de-expresion-para-el-constitucional\/#primaryimage"},"image":{"@id":"https:\/\/hotnewsinworld.com\/es\/llamar-asesino-a-un-torero-muerto-en-la-plaza-no-se-ampara-en-la-libertad-de-expresion-para-el-constitucional\/#primaryimage"},"thumbnailUrl":"https:\/\/hotnewsinworld.com\/es\/wp-content\/uploads\/sites\/4\/2021\/05\/Llamar-asesino-a-un-torero-muerto-en-la-plaza-no.jpg","datePublished":"2021-05-17T17:43:38+00:00","dateModified":"2021-05-17T17:43:40+00:00","author":{"@id":"https:\/\/hotnewsinworld.com\/es\/#\/schema\/person\/fe61448b21c0d59086e75fcc1f9d8f6b"},"breadcrumb":{"@id":"https:\/\/hotnewsinworld.com\/es\/llamar-asesino-a-un-torero-muerto-en-la-plaza-no-se-ampara-en-la-libertad-de-expresion-para-el-constitucional\/#breadcrumb"},"inLanguage":"es","potentialAction":[{"@type":"ReadAction","target":["https:\/\/hotnewsinworld.com\/es\/llamar-asesino-a-un-torero-muerto-en-la-plaza-no-se-ampara-en-la-libertad-de-expresion-para-el-constitucional\/"]}]},{"@type":"ImageObject","inLanguage":"es","@id":"https:\/\/hotnewsinworld.com\/es\/llamar-asesino-a-un-torero-muerto-en-la-plaza-no-se-ampara-en-la-libertad-de-expresion-para-el-constitucional\/#primaryimage","url":"https:\/\/hotnewsinworld.com\/es\/wp-content\/uploads\/sites\/4\/2021\/05\/Llamar-asesino-a-un-torero-muerto-en-la-plaza-no.jpg","contentUrl":"https:\/\/hotnewsinworld.com\/es\/wp-content\/uploads\/sites\/4\/2021\/05\/Llamar-asesino-a-un-torero-muerto-en-la-plaza-no.jpg","width":980,"height":594,"caption":"Llamar \u201casesino\u201d a un torero muerto en la plaza no se ampara en la libertad de expresi\u00f3n, para el Constitucional"},{"@type":"BreadcrumbList","@id":"https:\/\/hotnewsinworld.com\/es\/llamar-asesino-a-un-torero-muerto-en-la-plaza-no-se-ampara-en-la-libertad-de-expresion-para-el-constitucional\/#breadcrumb","itemListElement":[{"@type":"ListItem","position":1,"name":"\u0413\u043b\u0430\u0432\u043d\u0430\u044f \u0441\u0442\u0440\u0430\u043d\u0438\u0446\u0430","item":"https:\/\/hotnewsinworld.com\/es\/"},{"@type":"ListItem","position":2,"name":"Llamar \u201casesino\u201d a un torero muerto en la plaza no se ampara en la libertad de expresi\u00f3n, para el Constitucional"}]},{"@type":"WebSite","@id":"https:\/\/hotnewsinworld.com\/es\/#website","url":"https:\/\/hotnewsinworld.com\/es\/","name":"Hot News in World","description":"Hot News in World from Spain","potentialAction":[{"@type":"SearchAction","target":{"@type":"EntryPoint","urlTemplate":"https:\/\/hotnewsinworld.com\/es\/?s={search_term_string}"},"query-input":{"@type":"PropertyValueSpecification","valueRequired":true,"valueName":"search_term_string"}}],"inLanguage":"es"},{"@type":"Person","@id":"https:\/\/hotnewsinworld.com\/es\/#\/schema\/person\/fe61448b21c0d59086e75fcc1f9d8f6b","name":"hotnewsinworld","image":{"@type":"ImageObject","inLanguage":"es","@id":"https:\/\/secure.gravatar.com\/avatar\/8a09ac165600ce2e1c38fe593c63928eb1e6e7ba5c5a907d67787c41b3d00c14?s=96&d=mm&r=g","url":"https:\/\/secure.gravatar.com\/avatar\/8a09ac165600ce2e1c38fe593c63928eb1e6e7ba5c5a907d67787c41b3d00c14?s=96&d=mm&r=g","contentUrl":"https:\/\/secure.gravatar.com\/avatar\/8a09ac165600ce2e1c38fe593c63928eb1e6e7ba5c5a907d67787c41b3d00c14?s=96&d=mm&r=g","caption":"hotnewsinworld"},"url":"https:\/\/hotnewsinworld.com\/es\/author\/pt\/"}]}},"_links":{"self":[{"href":"https:\/\/hotnewsinworld.com\/es\/wp-json\/wp\/v2\/posts\/2479","targetHints":{"allow":["GET"]}}],"collection":[{"href":"https:\/\/hotnewsinworld.com\/es\/wp-json\/wp\/v2\/posts"}],"about":[{"href":"https:\/\/hotnewsinworld.com\/es\/wp-json\/wp\/v2\/types\/post"}],"author":[{"embeddable":true,"href":"https:\/\/hotnewsinworld.com\/es\/wp-json\/wp\/v2\/users\/2"}],"replies":[{"embeddable":true,"href":"https:\/\/hotnewsinworld.com\/es\/wp-json\/wp\/v2\/comments?post=2479"}],"version-history":[{"count":1,"href":"https:\/\/hotnewsinworld.com\/es\/wp-json\/wp\/v2\/posts\/2479\/revisions"}],"predecessor-version":[{"id":2481,"href":"https:\/\/hotnewsinworld.com\/es\/wp-json\/wp\/v2\/posts\/2479\/revisions\/2481"}],"wp:featuredmedia":[{"embeddable":true,"href":"https:\/\/hotnewsinworld.com\/es\/wp-json\/wp\/v2\/media\/2480"}],"wp:attachment":[{"href":"https:\/\/hotnewsinworld.com\/es\/wp-json\/wp\/v2\/media?parent=2479"}],"wp:term":[{"taxonomy":"category","embeddable":true,"href":"https:\/\/hotnewsinworld.com\/es\/wp-json\/wp\/v2\/categories?post=2479"},{"taxonomy":"post_tag","embeddable":true,"href":"https:\/\/hotnewsinworld.com\/es\/wp-json\/wp\/v2\/tags?post=2479"}],"curies":[{"name":"wp","href":"https:\/\/api.w.org\/{rel}","templated":true}]}}