{"id":2485,"date":"2021-05-18T09:21:39","date_gmt":"2021-05-18T06:21:39","guid":{"rendered":"https:\/\/hotnewsinworld.com\/es\/erc-y-junts-pactan-que-la-estrategia-independentista-del-govern-recaiga-en-el-entorno-de-puigdemont\/"},"modified":"2021-05-18T09:21:43","modified_gmt":"2021-05-18T06:21:43","slug":"erc-y-junts-pactan-que-la-estrategia-independentista-del-govern-recaiga-en-el-entorno-de-puigdemont","status":"publish","type":"post","link":"https:\/\/hotnewsinworld.com\/es\/erc-y-junts-pactan-que-la-estrategia-independentista-del-govern-recaiga-en-el-entorno-de-puigdemont\/","title":{"rendered":"ERC y Junts pactan que la estrategia independentista del Govern recaiga en el entorno de Puigdemont"},"content":{"rendered":"<p>Pere Aragon\u00e8s distar\u00e1 de tener las manos completamente libres para trazar la estrategia independentista una vez asuma la presidencia de la Generalitat de Catalu\u00f1a. El acuerdo de gobernabilidad entre su partido, Esquerra Republicana, y Junts per Catalunya otorga un papel muy destacado en la estrategia de coordinaci\u00f3n al llamado Consell de la Rep\u00fablica, la entidad privada que el expresidente Carles Puigdemont y su entorno capitanean desde Waterloo (B\u00e9lgica). Eso s\u00ed, el actual Consell tendr\u00e1 que reformularse antes de acoger \u201cen su marco\u201d al espacio de coordinaci\u00f3n formado por partidos y las asociaciones independentistas, ANC y \u00d2mnium.M\u00e1s informaci\u00f3nEl papel del expresidente huido de la justicia espa\u00f1ola y del Consell de la Rep\u00fablica ha sido uno de los principales escollos para la larga negociaci\u00f3n de tres meses para la formaci\u00f3n del Gobierno. Los republicanos rechazaban que la presidencia de Pere Aragon\u00e8s quedase sometida de alguna manera a las voluntades de una entidad privada que no controlan y que es reacia a cualquier di\u00e1logo con el Gobierno central. Finalmente, el Consell s\u00ed tendr\u00e1 un papel importante en el Govern, aunque ERC ha rebajado las aspiraciones iniciales de los de Puigdemont y se acoge a que el texto del acuerdo establece que todo se decidir\u00e1 por consenso.El acuerdo hecho p\u00fablico este lunes por la noche, de 46 p\u00e1ginas, establece que se crear\u00e1 \u201cun espacio de coordinaci\u00f3n, consenso y direcci\u00f3n estrat\u00e9gica del independentismo\u201d. El objetivo es fijar una \u201cdirecci\u00f3n estrat\u00e9gica colegiada para generar consenso entre los principales actores independentistas y definir los pasos compartidos en todos los \u00e1mbitos de actuaci\u00f3n relevantes\u201d, incluido el \u00e1mbito institucional. En un primer momento este espacio tendr\u00e1 cinco actores: los tres grandes partidos independentistas (ERC, Junts y la CUP) y las dos principales entidades civiles: la Assemblea Nacional Catalana y \u00d2mnium Cultural. Este espacio se \u201ccoordinar\u00e1\u201d en un primer momento con el actual Consell de la Rep\u00fablica. Pero el objetivo es que, posteriormente, el consejo se \u201creformule\u201d y acabe acogiendo \u201cen su marco\u201d al espacio de coordinaci\u00f3n de los cinco partidos.La estrategia, pues, quedar\u00eda condicionada desde Waterloo, aunque con una gobernanza del Consell diferente a la actual. El acuerdo no explica c\u00f3mo deber\u00eda ser la \u201creformulaci\u00f3n\u201d del Consell. En cualquier caso s\u00ed fija que el espacio de direcci\u00f3n estrat\u00e9gica fijar\u00e1 los \u201cobjetivos\u201d a lograr, \u201cconcretar\u00e1 propuestas de planificaci\u00f3n y acci\u00f3n pol\u00edtica\u201d y promover\u00e1 \u201cuna unidad de acci\u00f3n en las diferentes instituciones pol\u00edticas\u201d. Adem\u00e1s, los firmantes del acuerdo buscan mantener a este Consell lejos del escrutinio p\u00fablico al situar sus trabajos \u201cfuera del foco medi\u00e1tico\u201d.El encaje del Consell de la Rep\u00fablica result\u00f3 clave para la consecuci\u00f3n del acuerdo de este lunes, que insiste en poner en marcha la mesa de negociaci\u00f3n de di\u00e1logo del independentismo con el Gobierno central al tiempo que defiende \u201cla necesidad de la confrontaci\u00f3n democr\u00e1tica con el Estado\u201d. La negociaci\u00f3n en la mesa de di\u00e1logo deber\u00eda seguir, seg\u00fan el documento, pero fuertemente vigilada desde la parte catalana. En este sentido, los independentistas se proponen constituir una comisi\u00f3n en el Parlament de Catalu\u00f1a \u201cque haga el seguimiento\u201d de la misma y controle los avances.Ahora queda por ver si el acuerdo suscrito entre Esquerra y Junts encaja con el firmado anteriormente entre los de Pere Aragon\u00e8s con los anticapitalistas de la CUP. El documento hecho p\u00fablico ayer recoge parte del pacto con la CUP como la suspensi\u00f3n del uso de las balas de foam por parte de los Mossos d\u2019Esquadra o, por ejemplo, destinar el 25% del presupuesto de Salud a atenci\u00f3n primaria. Sin embargo, hay dos puntos relevantes para los anticapitalistas que no figuran en el documento. En el acuerdo entre ERC y la CUP, en el apartado de salud figura a avanzar hacia un sistema de titularidad 100% p\u00fablica y citaba en concreto \u201crevisar aquellas externalizaciones que acaban contrato pr\u00f3ximamente para internalizar servicios de alto valor a\u00f1adido como es el ejemplo del tel\u00e9fono 061 y el transporte sanitario\u201d. Tampoco figura en el nuevo documento un plan de estabilizaci\u00f3n de los 90.000 trabajadores interinos del sector p\u00fablico catal\u00e1n para rebajar la temporalidad. El documento contemplaba que se presentara una proposici\u00f3n de ley como as\u00ed ha hecho ya la CUP.Jordi S\u00e0nchez, secretario general de Junts, afirm\u00f3 este lunes que es evidente que hay planteamientos que no son coincidentes entre la CUP y Junts. \u201cEl m\u00e1s importante es que este pa\u00eds se merece un reconocimiento de la iniciativa social. No hay que confundir fortaleza el sector p\u00fablico con que todo sea de titularidad p\u00fablica\u201d, dijo. Eso s\u00ed, reconoci\u00f3 que han abordado con la CUP cuestiones de especial inter\u00e9s de los anticapitalistas como la instauraci\u00f3n de una renta b\u00e1sica universal. S\u00e0nchez se mostr\u00f3 convencidovde que sus desavenencias no har\u00e1n descarrilar el acuerdo.Laia Estrada, diputada de la CUP, sostuvo hace dos semanas que hab\u00edan identificado ciertos escollos en el \u00e1rea de salud. \u201cHablamos de reforzar la atenci\u00f3n primaria. Lo dijimos mucho en campa\u00f1a al pedir mejoras en las condiciones laborales. Y planteamos poder avanzar en internalizar servicios clave como el transporte sanitario y el tel\u00e9fono 061\u2033. \u201cSi dependiera exclusivamente solo de nosotros\u201d, afirm\u00f3, \u201cno habr\u00eda nada externalizado\u201d. Pese a admitir que esto puede no gustar a Junts, Estrada defendi\u00f3 que asegurar que todos los servicios sean totalmente p\u00fablicos \u201ces la \u00fanica forma de garantizar un sistema sin clasismos y la equidad en condiciones laborales\u201d.<br \/>\n<br \/>\n<!--noindex--><br \/>\n<a href=\"https:\/\/elpais.com\/espana\/catalunya\/2021-05-18\/erc-y-junts-pactan-que-la-estrategia-independentista-del-govern-recaiga-en-el-entorno-de-puigdemont.html\" rel=\"nofollow\">Source link <\/a><br \/>\n<!--\/noindex--><\/p>\n","protected":false},"excerpt":{"rendered":"<p>Pere Aragon\u00e8s distar\u00e1 de tener las manos completamente libres para trazar la estrategia independentista una vez asuma la presidencia de la Generalitat de Catalu\u00f1a. El acuerdo de gobernabilidad entre su partido, Esquerra Republicana, y Junts per Catalunya otorga un papel muy destacado en la estrategia de coordinaci\u00f3n al llamado Consell de la Rep\u00fablica, la entidad [&hellip;]<\/p>\n","protected":false},"author":2,"featured_media":2486,"comment_status":"open","ping_status":"open","sticky":false,"template":"","format":"standard","meta":{"footnotes":""},"categories":[1],"tags":[],"class_list":["post-2485","post","type-post","status-publish","format-standard","has-post-thumbnail","hentry","category-ultimas-noticias-financieras"],"yoast_head":"<!-- This site is optimized with the Yoast SEO plugin v27.4 - https:\/\/yoast.com\/product\/yoast-seo-wordpress\/ -->\n<title>ERC y Junts pactan que la estrategia independentista del Govern recaiga en el entorno de Puigdemont - Hot News in World<\/title>\n<meta name=\"robots\" content=\"index, follow, max-snippet:-1, max-image-preview:large, max-video-preview:-1\" \/>\n<link rel=\"canonical\" href=\"https:\/\/hotnewsinworld.com\/es\/erc-y-junts-pactan-que-la-estrategia-independentista-del-govern-recaiga-en-el-entorno-de-puigdemont\/\" \/>\n<meta property=\"og:locale\" content=\"es_ES\" \/>\n<meta property=\"og:type\" content=\"article\" \/>\n<meta property=\"og:title\" content=\"ERC y Junts pactan que la estrategia independentista del Govern recaiga en el entorno de Puigdemont - Hot News in World\" \/>\n<meta property=\"og:description\" content=\"Pere Aragon\u00e8s distar\u00e1 de tener las manos completamente libres para trazar la estrategia independentista una vez asuma la presidencia de la Generalitat de Catalu\u00f1a. El acuerdo de gobernabilidad entre su partido, Esquerra Republicana, y Junts per Catalunya otorga un papel muy destacado en la estrategia de coordinaci\u00f3n al llamado Consell de la Rep\u00fablica, la entidad [&hellip;]\" \/>\n<meta property=\"og:url\" content=\"https:\/\/hotnewsinworld.com\/es\/erc-y-junts-pactan-que-la-estrategia-independentista-del-govern-recaiga-en-el-entorno-de-puigdemont\/\" \/>\n<meta property=\"og:site_name\" content=\"Hot News in World\" \/>\n<meta property=\"article:published_time\" content=\"2021-05-18T06:21:39+00:00\" \/>\n<meta property=\"article:modified_time\" content=\"2021-05-18T06:21:43+00:00\" \/>\n<meta property=\"og:image\" content=\"https:\/\/hotnewsinworld.com\/es\/wp-content\/uploads\/sites\/4\/2021\/05\/ERC-y-Junts-pactan-que-la-estrategia-independentista-del-Govern.jpg\" \/>\n\t<meta property=\"og:image:width\" content=\"1\" \/>\n\t<meta property=\"og:image:height\" content=\"1\" \/>\n\t<meta property=\"og:image:type\" content=\"image\/jpeg\" \/>\n<meta name=\"author\" content=\"hotnewsinworld\" \/>\n<meta name=\"twitter:card\" content=\"summary_large_image\" \/>\n<meta name=\"twitter:label1\" content=\"Escrito por\" \/>\n\t<meta name=\"twitter:data1\" content=\"hotnewsinworld\" \/>\n\t<meta name=\"twitter:label2\" content=\"Tiempo de lectura\" \/>\n\t<meta name=\"twitter:data2\" content=\"5 minutos\" \/>\n<script type=\"application\/ld+json\" class=\"yoast-schema-graph\">{\"@context\":\"https:\\\/\\\/schema.org\",\"@graph\":[{\"@type\":\"Article\",\"@id\":\"https:\\\/\\\/hotnewsinworld.com\\\/es\\\/erc-y-junts-pactan-que-la-estrategia-independentista-del-govern-recaiga-en-el-entorno-de-puigdemont\\\/#article\",\"isPartOf\":{\"@id\":\"https:\\\/\\\/hotnewsinworld.com\\\/es\\\/erc-y-junts-pactan-que-la-estrategia-independentista-del-govern-recaiga-en-el-entorno-de-puigdemont\\\/\"},\"author\":{\"name\":\"hotnewsinworld\",\"@id\":\"https:\\\/\\\/hotnewsinworld.com\\\/es\\\/#\\\/schema\\\/person\\\/fe61448b21c0d59086e75fcc1f9d8f6b\"},\"headline\":\"ERC y Junts pactan que la estrategia independentista del Govern recaiga en el entorno de Puigdemont\",\"datePublished\":\"2021-05-18T06:21:39+00:00\",\"dateModified\":\"2021-05-18T06:21:43+00:00\",\"mainEntityOfPage\":{\"@id\":\"https:\\\/\\\/hotnewsinworld.com\\\/es\\\/erc-y-junts-pactan-que-la-estrategia-independentista-del-govern-recaiga-en-el-entorno-de-puigdemont\\\/\"},\"wordCount\":970,\"commentCount\":0,\"image\":{\"@id\":\"https:\\\/\\\/hotnewsinworld.com\\\/es\\\/erc-y-junts-pactan-que-la-estrategia-independentista-del-govern-recaiga-en-el-entorno-de-puigdemont\\\/#primaryimage\"},\"thumbnailUrl\":\"https:\\\/\\\/hotnewsinworld.com\\\/es\\\/wp-content\\\/uploads\\\/sites\\\/4\\\/2021\\\/05\\\/ERC-y-Junts-pactan-que-la-estrategia-independentista-del-Govern.jpg\",\"articleSection\":[\"\u00daLTIMAS NOTICIAS FINANCIERAS\"],\"inLanguage\":\"es\",\"potentialAction\":[{\"@type\":\"CommentAction\",\"name\":\"Comment\",\"target\":[\"https:\\\/\\\/hotnewsinworld.com\\\/es\\\/erc-y-junts-pactan-que-la-estrategia-independentista-del-govern-recaiga-en-el-entorno-de-puigdemont\\\/#respond\"]}]},{\"@type\":\"WebPage\",\"@id\":\"https:\\\/\\\/hotnewsinworld.com\\\/es\\\/erc-y-junts-pactan-que-la-estrategia-independentista-del-govern-recaiga-en-el-entorno-de-puigdemont\\\/\",\"url\":\"https:\\\/\\\/hotnewsinworld.com\\\/es\\\/erc-y-junts-pactan-que-la-estrategia-independentista-del-govern-recaiga-en-el-entorno-de-puigdemont\\\/\",\"name\":\"ERC y Junts pactan que la estrategia independentista del Govern recaiga en el entorno de Puigdemont - Hot News in World\",\"isPartOf\":{\"@id\":\"https:\\\/\\\/hotnewsinworld.com\\\/es\\\/#website\"},\"primaryImageOfPage\":{\"@id\":\"https:\\\/\\\/hotnewsinworld.com\\\/es\\\/erc-y-junts-pactan-que-la-estrategia-independentista-del-govern-recaiga-en-el-entorno-de-puigdemont\\\/#primaryimage\"},\"image\":{\"@id\":\"https:\\\/\\\/hotnewsinworld.com\\\/es\\\/erc-y-junts-pactan-que-la-estrategia-independentista-del-govern-recaiga-en-el-entorno-de-puigdemont\\\/#primaryimage\"},\"thumbnailUrl\":\"https:\\\/\\\/hotnewsinworld.com\\\/es\\\/wp-content\\\/uploads\\\/sites\\\/4\\\/2021\\\/05\\\/ERC-y-Junts-pactan-que-la-estrategia-independentista-del-Govern.jpg\",\"datePublished\":\"2021-05-18T06:21:39+00:00\",\"dateModified\":\"2021-05-18T06:21:43+00:00\",\"author\":{\"@id\":\"https:\\\/\\\/hotnewsinworld.com\\\/es\\\/#\\\/schema\\\/person\\\/fe61448b21c0d59086e75fcc1f9d8f6b\"},\"breadcrumb\":{\"@id\":\"https:\\\/\\\/hotnewsinworld.com\\\/es\\\/erc-y-junts-pactan-que-la-estrategia-independentista-del-govern-recaiga-en-el-entorno-de-puigdemont\\\/#breadcrumb\"},\"inLanguage\":\"es\",\"potentialAction\":[{\"@type\":\"ReadAction\",\"target\":[\"https:\\\/\\\/hotnewsinworld.com\\\/es\\\/erc-y-junts-pactan-que-la-estrategia-independentista-del-govern-recaiga-en-el-entorno-de-puigdemont\\\/\"]}]},{\"@type\":\"ImageObject\",\"inLanguage\":\"es\",\"@id\":\"https:\\\/\\\/hotnewsinworld.com\\\/es\\\/erc-y-junts-pactan-que-la-estrategia-independentista-del-govern-recaiga-en-el-entorno-de-puigdemont\\\/#primaryimage\",\"url\":\"https:\\\/\\\/hotnewsinworld.com\\\/es\\\/wp-content\\\/uploads\\\/sites\\\/4\\\/2021\\\/05\\\/ERC-y-Junts-pactan-que-la-estrategia-independentista-del-Govern.jpg\",\"contentUrl\":\"https:\\\/\\\/hotnewsinworld.com\\\/es\\\/wp-content\\\/uploads\\\/sites\\\/4\\\/2021\\\/05\\\/ERC-y-Junts-pactan-que-la-estrategia-independentista-del-Govern.jpg\",\"caption\":\"ERC y Junts pactan que la estrategia independentista del Govern recaiga en el entorno de Puigdemont\"},{\"@type\":\"BreadcrumbList\",\"@id\":\"https:\\\/\\\/hotnewsinworld.com\\\/es\\\/erc-y-junts-pactan-que-la-estrategia-independentista-del-govern-recaiga-en-el-entorno-de-puigdemont\\\/#breadcrumb\",\"itemListElement\":[{\"@type\":\"ListItem\",\"position\":1,\"name\":\"\u0413\u043b\u0430\u0432\u043d\u0430\u044f \u0441\u0442\u0440\u0430\u043d\u0438\u0446\u0430\",\"item\":\"https:\\\/\\\/hotnewsinworld.com\\\/es\\\/\"},{\"@type\":\"ListItem\",\"position\":2,\"name\":\"ERC y Junts pactan que la estrategia independentista del Govern recaiga en el entorno de Puigdemont\"}]},{\"@type\":\"WebSite\",\"@id\":\"https:\\\/\\\/hotnewsinworld.com\\\/es\\\/#website\",\"url\":\"https:\\\/\\\/hotnewsinworld.com\\\/es\\\/\",\"name\":\"Hot News in World\",\"description\":\"Hot News in World from Spain\",\"potentialAction\":[{\"@type\":\"SearchAction\",\"target\":{\"@type\":\"EntryPoint\",\"urlTemplate\":\"https:\\\/\\\/hotnewsinworld.com\\\/es\\\/?s={search_term_string}\"},\"query-input\":{\"@type\":\"PropertyValueSpecification\",\"valueRequired\":true,\"valueName\":\"search_term_string\"}}],\"inLanguage\":\"es\"},{\"@type\":\"Person\",\"@id\":\"https:\\\/\\\/hotnewsinworld.com\\\/es\\\/#\\\/schema\\\/person\\\/fe61448b21c0d59086e75fcc1f9d8f6b\",\"name\":\"hotnewsinworld\",\"image\":{\"@type\":\"ImageObject\",\"inLanguage\":\"es\",\"@id\":\"https:\\\/\\\/secure.gravatar.com\\\/avatar\\\/8a09ac165600ce2e1c38fe593c63928eb1e6e7ba5c5a907d67787c41b3d00c14?s=96&d=mm&r=g\",\"url\":\"https:\\\/\\\/secure.gravatar.com\\\/avatar\\\/8a09ac165600ce2e1c38fe593c63928eb1e6e7ba5c5a907d67787c41b3d00c14?s=96&d=mm&r=g\",\"contentUrl\":\"https:\\\/\\\/secure.gravatar.com\\\/avatar\\\/8a09ac165600ce2e1c38fe593c63928eb1e6e7ba5c5a907d67787c41b3d00c14?s=96&d=mm&r=g\",\"caption\":\"hotnewsinworld\"},\"url\":\"https:\\\/\\\/hotnewsinworld.com\\\/es\\\/author\\\/pt\\\/\"}]}<\/script>\n<!-- \/ Yoast SEO plugin. -->","yoast_head_json":{"title":"ERC y Junts pactan que la estrategia independentista del Govern recaiga en el entorno de Puigdemont - Hot News in World","robots":{"index":"index","follow":"follow","max-snippet":"max-snippet:-1","max-image-preview":"max-image-preview:large","max-video-preview":"max-video-preview:-1"},"canonical":"https:\/\/hotnewsinworld.com\/es\/erc-y-junts-pactan-que-la-estrategia-independentista-del-govern-recaiga-en-el-entorno-de-puigdemont\/","og_locale":"es_ES","og_type":"article","og_title":"ERC y Junts pactan que la estrategia independentista del Govern recaiga en el entorno de Puigdemont - Hot News in World","og_description":"Pere Aragon\u00e8s distar\u00e1 de tener las manos completamente libres para trazar la estrategia independentista una vez asuma la presidencia de la Generalitat de Catalu\u00f1a. El acuerdo de gobernabilidad entre su partido, Esquerra Republicana, y Junts per Catalunya otorga un papel muy destacado en la estrategia de coordinaci\u00f3n al llamado Consell de la Rep\u00fablica, la entidad [&hellip;]","og_url":"https:\/\/hotnewsinworld.com\/es\/erc-y-junts-pactan-que-la-estrategia-independentista-del-govern-recaiga-en-el-entorno-de-puigdemont\/","og_site_name":"Hot News in World","article_published_time":"2021-05-18T06:21:39+00:00","article_modified_time":"2021-05-18T06:21:43+00:00","og_image":[{"url":"https:\/\/hotnewsinworld.com\/es\/wp-content\/uploads\/sites\/4\/2021\/05\/ERC-y-Junts-pactan-que-la-estrategia-independentista-del-Govern.jpg","width":1,"height":1,"type":"image\/jpeg"}],"author":"hotnewsinworld","twitter_card":"summary_large_image","twitter_misc":{"Escrito por":"hotnewsinworld","Tiempo de lectura":"5 minutos"},"schema":{"@context":"https:\/\/schema.org","@graph":[{"@type":"Article","@id":"https:\/\/hotnewsinworld.com\/es\/erc-y-junts-pactan-que-la-estrategia-independentista-del-govern-recaiga-en-el-entorno-de-puigdemont\/#article","isPartOf":{"@id":"https:\/\/hotnewsinworld.com\/es\/erc-y-junts-pactan-que-la-estrategia-independentista-del-govern-recaiga-en-el-entorno-de-puigdemont\/"},"author":{"name":"hotnewsinworld","@id":"https:\/\/hotnewsinworld.com\/es\/#\/schema\/person\/fe61448b21c0d59086e75fcc1f9d8f6b"},"headline":"ERC y Junts pactan que la estrategia independentista del Govern recaiga en el entorno de Puigdemont","datePublished":"2021-05-18T06:21:39+00:00","dateModified":"2021-05-18T06:21:43+00:00","mainEntityOfPage":{"@id":"https:\/\/hotnewsinworld.com\/es\/erc-y-junts-pactan-que-la-estrategia-independentista-del-govern-recaiga-en-el-entorno-de-puigdemont\/"},"wordCount":970,"commentCount":0,"image":{"@id":"https:\/\/hotnewsinworld.com\/es\/erc-y-junts-pactan-que-la-estrategia-independentista-del-govern-recaiga-en-el-entorno-de-puigdemont\/#primaryimage"},"thumbnailUrl":"https:\/\/hotnewsinworld.com\/es\/wp-content\/uploads\/sites\/4\/2021\/05\/ERC-y-Junts-pactan-que-la-estrategia-independentista-del-Govern.jpg","articleSection":["\u00daLTIMAS NOTICIAS FINANCIERAS"],"inLanguage":"es","potentialAction":[{"@type":"CommentAction","name":"Comment","target":["https:\/\/hotnewsinworld.com\/es\/erc-y-junts-pactan-que-la-estrategia-independentista-del-govern-recaiga-en-el-entorno-de-puigdemont\/#respond"]}]},{"@type":"WebPage","@id":"https:\/\/hotnewsinworld.com\/es\/erc-y-junts-pactan-que-la-estrategia-independentista-del-govern-recaiga-en-el-entorno-de-puigdemont\/","url":"https:\/\/hotnewsinworld.com\/es\/erc-y-junts-pactan-que-la-estrategia-independentista-del-govern-recaiga-en-el-entorno-de-puigdemont\/","name":"ERC y Junts pactan que la estrategia independentista del Govern recaiga en el entorno de Puigdemont - Hot News in World","isPartOf":{"@id":"https:\/\/hotnewsinworld.com\/es\/#website"},"primaryImageOfPage":{"@id":"https:\/\/hotnewsinworld.com\/es\/erc-y-junts-pactan-que-la-estrategia-independentista-del-govern-recaiga-en-el-entorno-de-puigdemont\/#primaryimage"},"image":{"@id":"https:\/\/hotnewsinworld.com\/es\/erc-y-junts-pactan-que-la-estrategia-independentista-del-govern-recaiga-en-el-entorno-de-puigdemont\/#primaryimage"},"thumbnailUrl":"https:\/\/hotnewsinworld.com\/es\/wp-content\/uploads\/sites\/4\/2021\/05\/ERC-y-Junts-pactan-que-la-estrategia-independentista-del-Govern.jpg","datePublished":"2021-05-18T06:21:39+00:00","dateModified":"2021-05-18T06:21:43+00:00","author":{"@id":"https:\/\/hotnewsinworld.com\/es\/#\/schema\/person\/fe61448b21c0d59086e75fcc1f9d8f6b"},"breadcrumb":{"@id":"https:\/\/hotnewsinworld.com\/es\/erc-y-junts-pactan-que-la-estrategia-independentista-del-govern-recaiga-en-el-entorno-de-puigdemont\/#breadcrumb"},"inLanguage":"es","potentialAction":[{"@type":"ReadAction","target":["https:\/\/hotnewsinworld.com\/es\/erc-y-junts-pactan-que-la-estrategia-independentista-del-govern-recaiga-en-el-entorno-de-puigdemont\/"]}]},{"@type":"ImageObject","inLanguage":"es","@id":"https:\/\/hotnewsinworld.com\/es\/erc-y-junts-pactan-que-la-estrategia-independentista-del-govern-recaiga-en-el-entorno-de-puigdemont\/#primaryimage","url":"https:\/\/hotnewsinworld.com\/es\/wp-content\/uploads\/sites\/4\/2021\/05\/ERC-y-Junts-pactan-que-la-estrategia-independentista-del-Govern.jpg","contentUrl":"https:\/\/hotnewsinworld.com\/es\/wp-content\/uploads\/sites\/4\/2021\/05\/ERC-y-Junts-pactan-que-la-estrategia-independentista-del-Govern.jpg","caption":"ERC y Junts pactan que la estrategia independentista del Govern recaiga en el entorno de Puigdemont"},{"@type":"BreadcrumbList","@id":"https:\/\/hotnewsinworld.com\/es\/erc-y-junts-pactan-que-la-estrategia-independentista-del-govern-recaiga-en-el-entorno-de-puigdemont\/#breadcrumb","itemListElement":[{"@type":"ListItem","position":1,"name":"\u0413\u043b\u0430\u0432\u043d\u0430\u044f \u0441\u0442\u0440\u0430\u043d\u0438\u0446\u0430","item":"https:\/\/hotnewsinworld.com\/es\/"},{"@type":"ListItem","position":2,"name":"ERC y Junts pactan que la estrategia independentista del Govern recaiga en el entorno de Puigdemont"}]},{"@type":"WebSite","@id":"https:\/\/hotnewsinworld.com\/es\/#website","url":"https:\/\/hotnewsinworld.com\/es\/","name":"Hot News in World","description":"Hot News in World from Spain","potentialAction":[{"@type":"SearchAction","target":{"@type":"EntryPoint","urlTemplate":"https:\/\/hotnewsinworld.com\/es\/?s={search_term_string}"},"query-input":{"@type":"PropertyValueSpecification","valueRequired":true,"valueName":"search_term_string"}}],"inLanguage":"es"},{"@type":"Person","@id":"https:\/\/hotnewsinworld.com\/es\/#\/schema\/person\/fe61448b21c0d59086e75fcc1f9d8f6b","name":"hotnewsinworld","image":{"@type":"ImageObject","inLanguage":"es","@id":"https:\/\/secure.gravatar.com\/avatar\/8a09ac165600ce2e1c38fe593c63928eb1e6e7ba5c5a907d67787c41b3d00c14?s=96&d=mm&r=g","url":"https:\/\/secure.gravatar.com\/avatar\/8a09ac165600ce2e1c38fe593c63928eb1e6e7ba5c5a907d67787c41b3d00c14?s=96&d=mm&r=g","contentUrl":"https:\/\/secure.gravatar.com\/avatar\/8a09ac165600ce2e1c38fe593c63928eb1e6e7ba5c5a907d67787c41b3d00c14?s=96&d=mm&r=g","caption":"hotnewsinworld"},"url":"https:\/\/hotnewsinworld.com\/es\/author\/pt\/"}]}},"_links":{"self":[{"href":"https:\/\/hotnewsinworld.com\/es\/wp-json\/wp\/v2\/posts\/2485","targetHints":{"allow":["GET"]}}],"collection":[{"href":"https:\/\/hotnewsinworld.com\/es\/wp-json\/wp\/v2\/posts"}],"about":[{"href":"https:\/\/hotnewsinworld.com\/es\/wp-json\/wp\/v2\/types\/post"}],"author":[{"embeddable":true,"href":"https:\/\/hotnewsinworld.com\/es\/wp-json\/wp\/v2\/users\/2"}],"replies":[{"embeddable":true,"href":"https:\/\/hotnewsinworld.com\/es\/wp-json\/wp\/v2\/comments?post=2485"}],"version-history":[{"count":1,"href":"https:\/\/hotnewsinworld.com\/es\/wp-json\/wp\/v2\/posts\/2485\/revisions"}],"predecessor-version":[{"id":2487,"href":"https:\/\/hotnewsinworld.com\/es\/wp-json\/wp\/v2\/posts\/2485\/revisions\/2487"}],"wp:featuredmedia":[{"embeddable":true,"href":"https:\/\/hotnewsinworld.com\/es\/wp-json\/wp\/v2\/media\/2486"}],"wp:attachment":[{"href":"https:\/\/hotnewsinworld.com\/es\/wp-json\/wp\/v2\/media?parent=2485"}],"wp:term":[{"taxonomy":"category","embeddable":true,"href":"https:\/\/hotnewsinworld.com\/es\/wp-json\/wp\/v2\/categories?post=2485"},{"taxonomy":"post_tag","embeddable":true,"href":"https:\/\/hotnewsinworld.com\/es\/wp-json\/wp\/v2\/tags?post=2485"}],"curies":[{"name":"wp","href":"https:\/\/api.w.org\/{rel}","templated":true}]}}