{"id":2497,"date":"2021-05-19T09:43:12","date_gmt":"2021-05-19T06:43:12","guid":{"rendered":"https:\/\/hotnewsinworld.com\/es\/es-la-marcha-negra-venimos-de-todo-marruecos\/"},"modified":"2021-05-19T09:43:16","modified_gmt":"2021-05-19T06:43:16","slug":"es-la-marcha-negra-venimos-de-todo-marruecos","status":"publish","type":"post","link":"https:\/\/hotnewsinworld.com\/es\/es-la-marcha-negra-venimos-de-todo-marruecos\/","title":{"rendered":"\u201cEs la \u2018marcha negra\u2019, venimos de todo Marruecos\u201d"},"content":{"rendered":"<p>Youssef (nombre ficticio para proteger su identidad) observa desde la cuesta que lleva al pol\u00edgono del Tarajal, en Ceuta, el espect\u00e1culo del despliegue militar espa\u00f1ol en la frontera con Marruecos. Solo un d\u00eda antes, \u00e9l fue protagonista de la escena. \u00c9l tambi\u00e9n lleg\u00f3 cruzando a nado la frontera. \u201cTengo un problema\u201d, clama, \u201cyo tengo mis papeles, pero ahora he entrado (de manera) irregular\u201d. El joven marroqu\u00ed ha vivido en Ceuta durante m\u00e1s de 20 a\u00f1os. El 12 de marzo de 2020, un d\u00eda antes de que Marruecos decretase el cierre fronterizo con Ceuta y Melilla, viaj\u00f3 a la vecina Fnideq, la antigua Castillejos, a siete kil\u00f3metros de la ciudad aut\u00f3noma, y se qued\u00f3 atrapado en el pa\u00eds m\u00e1s de un a\u00f1o.FOTOGALER\u00cdA: Llegada masiva de inmigrantes a CeutaCeuta, una ciudad de unos 85.000 habitantes y 14 kil\u00f3metros cuadrados, ha vivido dos jornadas sin precedentes en la historia de las relaciones fronterizas. M\u00e1s de 8.000 personas han accedido a la ciudad, a nado o a pie, sorteando las rocas, a trav\u00e9s de los espigones de Benz\u00fa, al norte, y del Tarajal, al sur, como consecuencia del pulso diplom\u00e1tico que ha echado Rabat a Madrid. Sus historias evidencian los efectos de la ruptura en unas relaciones transfronterizas de las que depend\u00edan las dos regiones a cada lado de la valla. Youssef es un ejemplo. \u201cNo pod\u00eda volver de otro modo\u201d, reconoce, \u201clo intent\u00e9, pero ped\u00edan demasiado dinero por los billetes\u201d. Este lunes fue su oportunidad, se ech\u00f3 a nadar y regres\u00f3 a casa. \u201c\u00bfCon la cita para renovar la tarjeta de residencia me dejar\u00e1n viajar a la Pen\u00ednsula?\u201d, pregunta.Policia Nacional y Ej\u00e9rcito custodian a los inmigrantes en las naves del Tarajal (Ceuta).Joaquin Sanchez   \u00abQuino\u00bbFrancisco, ceut\u00ed orgulloso, se jacta de haber \u201ccontratado\u201d a dos chavales reci\u00e9n llegados en el \u00e9xodo de las \u00faltimas 48 horas. \u201cSe me acercaron para pedir trabajo y vi en sus ojos que ten\u00eda que contratarlos\u201d, cuenta mientras observa a los j\u00f3venes manejar los hierros que conformar\u00e1n la estructura de su negocio de secado de pescado. Amir, de 25 a\u00f1os, es uno de ellos. No es de la vecina Fnideq ni de la barriada de Benyounes, pegada a la valla de Benz\u00fa. Lleg\u00f3 a Ceuta desde Tetu\u00e1n, a 40 kil\u00f3metros, tras cruzar a nado la playa del Tarajal. \u201cQuer\u00eda trabajo\u201d, chapurrea.\u201cNo es solo la gente de Castillejos (o Fnideq)\u201d, espeta Samira, marroqu\u00ed de 35 a\u00f1os, \u201cvienen de T\u00e1nger, de Tetu\u00e1n, de todos lados; es la marcha negra\u201d (en alusi\u00f3n a la Marcha Verde, invasi\u00f3n organizada por Hasan II en 1975 sobre el S\u00e1hara espa\u00f1ol). La mujer cruz\u00f3 a nado la tarde del lunes acompa\u00f1ada de su hijo Ilias, de 15 a\u00f1os, y junto a un grupo \u201cdonde muri\u00f3 una (persona)\u201d, detalla. Un d\u00eda despu\u00e9s, recuerda con congoja algunas de las escenas de aquella corta pero angustiosa traves\u00eda: \u201cHab\u00eda un hombre con su beb\u00e9 de dos meses atado a la espalda\u201d. Su excusa es otro cabo suelto del cierre fronterizo que ha afectado al empleo y la econom\u00eda tanto en Ceuta como en Fnideq. Cobraba 400 euros al mes como trabajadora del hogar en la ciudad aut\u00f3noma. Ahora, sobrevive con lo que su empleadora le manda \u201cun mes s\u00ed y otro no\u201d. Cuando se le pregunta por su marido, que se ha quedado con las dos hijas de 20 y 6 a\u00f1os, responde con una mueca. \u201cLa gente en Marruecos no tiene nada, no hace nada\u201d, se disgusta.En taxi desde T\u00e1ngerGanga, de Costa de Marfil, ha trabajado cinco a\u00f1os en T\u00e1nger, pero no ve\u00eda c\u00f3mo mantener a su familia con un sueldo de pe\u00f3n de obra. \u201cYo trabajaba en el puerto en Costa de Marfil\u201d, cuenta, \u201cvine a Marruecos para trabajar como cualificado en log\u00edstica portuaria, pero acab\u00e9 destroz\u00e1ndome las manos como alba\u00f1il\u201d. \u00c9l, su mujer y sus tres hijos de cuatro, dos y un a\u00f1o cogieron el lunes un taxi desde T\u00e1nger rumbo a Fnideq y se lanzaron al mar a las cinco de la tarde. Un d\u00eda despu\u00e9s merodea por el pol\u00edgono del Tarajal, donde el Ejecutivo local y la Delegaci\u00f3n del Gobierno han habilitado varias naves para acoger a menores y mujeres, considerados vulnerables y, por tanto, no sujetos a las devoluciones expr\u00e9s que el Gobierno de Espa\u00f1a ha realizado desde el lunes por la tarde. \u201cAll\u00ed (en Marruecos) no puedo mantener a la familia\u201d, dice, \u201cquiero pedir asilo para trabajar aqu\u00ed en condiciones y cubrir sus necesidades\u201d.Un grupo de inmmigrantes son devueltos a Marruecos por las autoridades espa\u00f1olas en la frontera entre Ceuta y Fnideq (Castilejos) este martes.Mohamed Siali \/ EFECientos de personas de origen subsahariano se han aventurado, junto a los marroqu\u00edes, a nadar hasta Ceuta. Muchos de ellos, tras caminatas maratonianas desde puntos distantes a la frontera, desfallec\u00edan en la playa por el cansancio o la hipotermia. En el per\u00edmetro vallado, sobre el paso fronterizo y entre caminos boscosos, las fuerzas de seguridad marroqu\u00edes conten\u00edan durante la ma\u00f1ana del martes la llegada constante de hombres dispuestos a saltar la valla para acceder a la ciudad aut\u00f3noma. \u201cLos subsaharianos han llegado tarde\u201d, medio bromea Reduan (nombre ficticio), ceut\u00ed en la treintena. \u201cPara cuando han intentado cruzar (a Ceuta), la polic\u00eda marroqu\u00ed ya los estaba parando\u201d. El joven habla tras dejar a su primo en la frontera para que regrese a Marruecos por su propio pie.A lo largo de todo el d\u00eda, cientos de chavales, algunos apenas adolescentes, caminaban por el paseo que llega al paso del Tarajal para regresar voluntariamente a Marruecos. \u201c\u00bfQu\u00e9 iba a hacer aqu\u00ed?\u201d, comenta sobre su pariente, \u201cya est\u00e1, han venido (los j\u00f3venes marroqu\u00edes) a echar el d\u00eda y la noche y ahora vuelven a sus casas; hasta sus madres les estar\u00e1n diciendo que d\u00f3nde est\u00e1n\u201d.<br \/>\n<br \/>\n<!--noindex--><br \/>\n<a href=\"https:\/\/elpais.com\/espana\/2021-05-19\/es-la-marcha-negra-venimos-de-todo-marruecos.html\" rel=\"nofollow\">Source link <\/a><br \/>\n<!--\/noindex--><\/p>\n","protected":false},"excerpt":{"rendered":"<p>Youssef (nombre ficticio para proteger su identidad) observa desde la cuesta que lleva al pol\u00edgono del Tarajal, en Ceuta, el espect\u00e1culo del despliegue militar espa\u00f1ol en la frontera con Marruecos. Solo un d\u00eda antes, \u00e9l fue protagonista de la escena. \u00c9l tambi\u00e9n lleg\u00f3 cruzando a nado la frontera. \u201cTengo un problema\u201d, clama, \u201cyo tengo mis [&hellip;]<\/p>\n","protected":false},"author":2,"featured_media":2498,"comment_status":"open","ping_status":"open","sticky":false,"template":"","format":"standard","meta":{"footnotes":""},"categories":[1],"tags":[],"class_list":["post-2497","post","type-post","status-publish","format-standard","has-post-thumbnail","hentry","category-ultimas-noticias-financieras"],"yoast_head":"<!-- This site is optimized with the Yoast SEO plugin v27.4 - https:\/\/yoast.com\/product\/yoast-seo-wordpress\/ -->\n<title>\u201cEs la \u2018marcha negra\u2019, venimos de todo Marruecos\u201d - Hot News in World<\/title>\n<meta name=\"robots\" content=\"index, follow, max-snippet:-1, max-image-preview:large, max-video-preview:-1\" \/>\n<link rel=\"canonical\" href=\"https:\/\/hotnewsinworld.com\/es\/es-la-marcha-negra-venimos-de-todo-marruecos\/\" \/>\n<meta property=\"og:locale\" content=\"es_ES\" \/>\n<meta property=\"og:type\" content=\"article\" \/>\n<meta property=\"og:title\" content=\"\u201cEs la \u2018marcha negra\u2019, venimos de todo Marruecos\u201d - Hot News in World\" \/>\n<meta property=\"og:description\" content=\"Youssef (nombre ficticio para proteger su identidad) observa desde la cuesta que lleva al pol\u00edgono del Tarajal, en Ceuta, el espect\u00e1culo del despliegue militar espa\u00f1ol en la frontera con Marruecos. Solo un d\u00eda antes, \u00e9l fue protagonista de la escena. \u00c9l tambi\u00e9n lleg\u00f3 cruzando a nado la frontera. \u201cTengo un problema\u201d, clama, \u201cyo tengo mis [&hellip;]\" \/>\n<meta property=\"og:url\" content=\"https:\/\/hotnewsinworld.com\/es\/es-la-marcha-negra-venimos-de-todo-marruecos\/\" \/>\n<meta property=\"og:site_name\" content=\"Hot News in World\" \/>\n<meta property=\"article:published_time\" content=\"2021-05-19T06:43:12+00:00\" \/>\n<meta property=\"article:modified_time\" content=\"2021-05-19T06:43:16+00:00\" \/>\n<meta property=\"og:image\" content=\"https:\/\/hotnewsinworld.com\/es\/wp-content\/uploads\/sites\/4\/2021\/05\/Es-la-\u2018marcha-negra-venimos-de-todo-Marruecos.jpg\" \/>\n\t<meta property=\"og:image:width\" content=\"1200\" \/>\n\t<meta property=\"og:image:height\" content=\"800\" \/>\n\t<meta property=\"og:image:type\" content=\"image\/jpeg\" \/>\n<meta name=\"author\" content=\"hotnewsinworld\" \/>\n<meta name=\"twitter:card\" content=\"summary_large_image\" \/>\n<meta name=\"twitter:label1\" content=\"Escrito por\" \/>\n\t<meta name=\"twitter:data1\" content=\"hotnewsinworld\" \/>\n\t<meta name=\"twitter:label2\" content=\"Tiempo de lectura\" \/>\n\t<meta name=\"twitter:data2\" content=\"5 minutos\" \/>\n<script type=\"application\/ld+json\" class=\"yoast-schema-graph\">{\"@context\":\"https:\\\/\\\/schema.org\",\"@graph\":[{\"@type\":\"Article\",\"@id\":\"https:\\\/\\\/hotnewsinworld.com\\\/es\\\/es-la-marcha-negra-venimos-de-todo-marruecos\\\/#article\",\"isPartOf\":{\"@id\":\"https:\\\/\\\/hotnewsinworld.com\\\/es\\\/es-la-marcha-negra-venimos-de-todo-marruecos\\\/\"},\"author\":{\"name\":\"hotnewsinworld\",\"@id\":\"https:\\\/\\\/hotnewsinworld.com\\\/es\\\/#\\\/schema\\\/person\\\/fe61448b21c0d59086e75fcc1f9d8f6b\"},\"headline\":\"\u201cEs la \u2018marcha negra\u2019, venimos de todo Marruecos\u201d\",\"datePublished\":\"2021-05-19T06:43:12+00:00\",\"dateModified\":\"2021-05-19T06:43:16+00:00\",\"mainEntityOfPage\":{\"@id\":\"https:\\\/\\\/hotnewsinworld.com\\\/es\\\/es-la-marcha-negra-venimos-de-todo-marruecos\\\/\"},\"wordCount\":1028,\"commentCount\":0,\"image\":{\"@id\":\"https:\\\/\\\/hotnewsinworld.com\\\/es\\\/es-la-marcha-negra-venimos-de-todo-marruecos\\\/#primaryimage\"},\"thumbnailUrl\":\"https:\\\/\\\/hotnewsinworld.com\\\/es\\\/wp-content\\\/uploads\\\/sites\\\/4\\\/2021\\\/05\\\/Es-la-\u2018marcha-negra-venimos-de-todo-Marruecos.jpg\",\"articleSection\":[\"\u00daLTIMAS NOTICIAS FINANCIERAS\"],\"inLanguage\":\"es\",\"potentialAction\":[{\"@type\":\"CommentAction\",\"name\":\"Comment\",\"target\":[\"https:\\\/\\\/hotnewsinworld.com\\\/es\\\/es-la-marcha-negra-venimos-de-todo-marruecos\\\/#respond\"]}]},{\"@type\":\"WebPage\",\"@id\":\"https:\\\/\\\/hotnewsinworld.com\\\/es\\\/es-la-marcha-negra-venimos-de-todo-marruecos\\\/\",\"url\":\"https:\\\/\\\/hotnewsinworld.com\\\/es\\\/es-la-marcha-negra-venimos-de-todo-marruecos\\\/\",\"name\":\"\u201cEs la \u2018marcha negra\u2019, venimos de todo Marruecos\u201d - Hot News in World\",\"isPartOf\":{\"@id\":\"https:\\\/\\\/hotnewsinworld.com\\\/es\\\/#website\"},\"primaryImageOfPage\":{\"@id\":\"https:\\\/\\\/hotnewsinworld.com\\\/es\\\/es-la-marcha-negra-venimos-de-todo-marruecos\\\/#primaryimage\"},\"image\":{\"@id\":\"https:\\\/\\\/hotnewsinworld.com\\\/es\\\/es-la-marcha-negra-venimos-de-todo-marruecos\\\/#primaryimage\"},\"thumbnailUrl\":\"https:\\\/\\\/hotnewsinworld.com\\\/es\\\/wp-content\\\/uploads\\\/sites\\\/4\\\/2021\\\/05\\\/Es-la-\u2018marcha-negra-venimos-de-todo-Marruecos.jpg\",\"datePublished\":\"2021-05-19T06:43:12+00:00\",\"dateModified\":\"2021-05-19T06:43:16+00:00\",\"author\":{\"@id\":\"https:\\\/\\\/hotnewsinworld.com\\\/es\\\/#\\\/schema\\\/person\\\/fe61448b21c0d59086e75fcc1f9d8f6b\"},\"breadcrumb\":{\"@id\":\"https:\\\/\\\/hotnewsinworld.com\\\/es\\\/es-la-marcha-negra-venimos-de-todo-marruecos\\\/#breadcrumb\"},\"inLanguage\":\"es\",\"potentialAction\":[{\"@type\":\"ReadAction\",\"target\":[\"https:\\\/\\\/hotnewsinworld.com\\\/es\\\/es-la-marcha-negra-venimos-de-todo-marruecos\\\/\"]}]},{\"@type\":\"ImageObject\",\"inLanguage\":\"es\",\"@id\":\"https:\\\/\\\/hotnewsinworld.com\\\/es\\\/es-la-marcha-negra-venimos-de-todo-marruecos\\\/#primaryimage\",\"url\":\"https:\\\/\\\/hotnewsinworld.com\\\/es\\\/wp-content\\\/uploads\\\/sites\\\/4\\\/2021\\\/05\\\/Es-la-\u2018marcha-negra-venimos-de-todo-Marruecos.jpg\",\"contentUrl\":\"https:\\\/\\\/hotnewsinworld.com\\\/es\\\/wp-content\\\/uploads\\\/sites\\\/4\\\/2021\\\/05\\\/Es-la-\u2018marcha-negra-venimos-de-todo-Marruecos.jpg\",\"width\":1200,\"height\":800,\"caption\":\"\u201cEs la \u2018marcha negra\u2019, venimos de todo Marruecos\u201d\"},{\"@type\":\"BreadcrumbList\",\"@id\":\"https:\\\/\\\/hotnewsinworld.com\\\/es\\\/es-la-marcha-negra-venimos-de-todo-marruecos\\\/#breadcrumb\",\"itemListElement\":[{\"@type\":\"ListItem\",\"position\":1,\"name\":\"\u0413\u043b\u0430\u0432\u043d\u0430\u044f \u0441\u0442\u0440\u0430\u043d\u0438\u0446\u0430\",\"item\":\"https:\\\/\\\/hotnewsinworld.com\\\/es\\\/\"},{\"@type\":\"ListItem\",\"position\":2,\"name\":\"\u201cEs la \u2018marcha negra\u2019, venimos de todo Marruecos\u201d\"}]},{\"@type\":\"WebSite\",\"@id\":\"https:\\\/\\\/hotnewsinworld.com\\\/es\\\/#website\",\"url\":\"https:\\\/\\\/hotnewsinworld.com\\\/es\\\/\",\"name\":\"Hot News in World\",\"description\":\"Hot News in World from Spain\",\"potentialAction\":[{\"@type\":\"SearchAction\",\"target\":{\"@type\":\"EntryPoint\",\"urlTemplate\":\"https:\\\/\\\/hotnewsinworld.com\\\/es\\\/?s={search_term_string}\"},\"query-input\":{\"@type\":\"PropertyValueSpecification\",\"valueRequired\":true,\"valueName\":\"search_term_string\"}}],\"inLanguage\":\"es\"},{\"@type\":\"Person\",\"@id\":\"https:\\\/\\\/hotnewsinworld.com\\\/es\\\/#\\\/schema\\\/person\\\/fe61448b21c0d59086e75fcc1f9d8f6b\",\"name\":\"hotnewsinworld\",\"image\":{\"@type\":\"ImageObject\",\"inLanguage\":\"es\",\"@id\":\"https:\\\/\\\/secure.gravatar.com\\\/avatar\\\/8a09ac165600ce2e1c38fe593c63928eb1e6e7ba5c5a907d67787c41b3d00c14?s=96&d=mm&r=g\",\"url\":\"https:\\\/\\\/secure.gravatar.com\\\/avatar\\\/8a09ac165600ce2e1c38fe593c63928eb1e6e7ba5c5a907d67787c41b3d00c14?s=96&d=mm&r=g\",\"contentUrl\":\"https:\\\/\\\/secure.gravatar.com\\\/avatar\\\/8a09ac165600ce2e1c38fe593c63928eb1e6e7ba5c5a907d67787c41b3d00c14?s=96&d=mm&r=g\",\"caption\":\"hotnewsinworld\"},\"url\":\"https:\\\/\\\/hotnewsinworld.com\\\/es\\\/author\\\/pt\\\/\"}]}<\/script>\n<!-- \/ Yoast SEO plugin. -->","yoast_head_json":{"title":"\u201cEs la \u2018marcha negra\u2019, venimos de todo Marruecos\u201d - Hot News in World","robots":{"index":"index","follow":"follow","max-snippet":"max-snippet:-1","max-image-preview":"max-image-preview:large","max-video-preview":"max-video-preview:-1"},"canonical":"https:\/\/hotnewsinworld.com\/es\/es-la-marcha-negra-venimos-de-todo-marruecos\/","og_locale":"es_ES","og_type":"article","og_title":"\u201cEs la \u2018marcha negra\u2019, venimos de todo Marruecos\u201d - Hot News in World","og_description":"Youssef (nombre ficticio para proteger su identidad) observa desde la cuesta que lleva al pol\u00edgono del Tarajal, en Ceuta, el espect\u00e1culo del despliegue militar espa\u00f1ol en la frontera con Marruecos. Solo un d\u00eda antes, \u00e9l fue protagonista de la escena. \u00c9l tambi\u00e9n lleg\u00f3 cruzando a nado la frontera. \u201cTengo un problema\u201d, clama, \u201cyo tengo mis [&hellip;]","og_url":"https:\/\/hotnewsinworld.com\/es\/es-la-marcha-negra-venimos-de-todo-marruecos\/","og_site_name":"Hot News in World","article_published_time":"2021-05-19T06:43:12+00:00","article_modified_time":"2021-05-19T06:43:16+00:00","og_image":[{"width":1200,"height":800,"url":"https:\/\/hotnewsinworld.com\/es\/wp-content\/uploads\/sites\/4\/2021\/05\/Es-la-\u2018marcha-negra-venimos-de-todo-Marruecos.jpg","type":"image\/jpeg"}],"author":"hotnewsinworld","twitter_card":"summary_large_image","twitter_misc":{"Escrito por":"hotnewsinworld","Tiempo de lectura":"5 minutos"},"schema":{"@context":"https:\/\/schema.org","@graph":[{"@type":"Article","@id":"https:\/\/hotnewsinworld.com\/es\/es-la-marcha-negra-venimos-de-todo-marruecos\/#article","isPartOf":{"@id":"https:\/\/hotnewsinworld.com\/es\/es-la-marcha-negra-venimos-de-todo-marruecos\/"},"author":{"name":"hotnewsinworld","@id":"https:\/\/hotnewsinworld.com\/es\/#\/schema\/person\/fe61448b21c0d59086e75fcc1f9d8f6b"},"headline":"\u201cEs la \u2018marcha negra\u2019, venimos de todo Marruecos\u201d","datePublished":"2021-05-19T06:43:12+00:00","dateModified":"2021-05-19T06:43:16+00:00","mainEntityOfPage":{"@id":"https:\/\/hotnewsinworld.com\/es\/es-la-marcha-negra-venimos-de-todo-marruecos\/"},"wordCount":1028,"commentCount":0,"image":{"@id":"https:\/\/hotnewsinworld.com\/es\/es-la-marcha-negra-venimos-de-todo-marruecos\/#primaryimage"},"thumbnailUrl":"https:\/\/hotnewsinworld.com\/es\/wp-content\/uploads\/sites\/4\/2021\/05\/Es-la-\u2018marcha-negra-venimos-de-todo-Marruecos.jpg","articleSection":["\u00daLTIMAS NOTICIAS FINANCIERAS"],"inLanguage":"es","potentialAction":[{"@type":"CommentAction","name":"Comment","target":["https:\/\/hotnewsinworld.com\/es\/es-la-marcha-negra-venimos-de-todo-marruecos\/#respond"]}]},{"@type":"WebPage","@id":"https:\/\/hotnewsinworld.com\/es\/es-la-marcha-negra-venimos-de-todo-marruecos\/","url":"https:\/\/hotnewsinworld.com\/es\/es-la-marcha-negra-venimos-de-todo-marruecos\/","name":"\u201cEs la \u2018marcha negra\u2019, venimos de todo Marruecos\u201d - Hot News in World","isPartOf":{"@id":"https:\/\/hotnewsinworld.com\/es\/#website"},"primaryImageOfPage":{"@id":"https:\/\/hotnewsinworld.com\/es\/es-la-marcha-negra-venimos-de-todo-marruecos\/#primaryimage"},"image":{"@id":"https:\/\/hotnewsinworld.com\/es\/es-la-marcha-negra-venimos-de-todo-marruecos\/#primaryimage"},"thumbnailUrl":"https:\/\/hotnewsinworld.com\/es\/wp-content\/uploads\/sites\/4\/2021\/05\/Es-la-\u2018marcha-negra-venimos-de-todo-Marruecos.jpg","datePublished":"2021-05-19T06:43:12+00:00","dateModified":"2021-05-19T06:43:16+00:00","author":{"@id":"https:\/\/hotnewsinworld.com\/es\/#\/schema\/person\/fe61448b21c0d59086e75fcc1f9d8f6b"},"breadcrumb":{"@id":"https:\/\/hotnewsinworld.com\/es\/es-la-marcha-negra-venimos-de-todo-marruecos\/#breadcrumb"},"inLanguage":"es","potentialAction":[{"@type":"ReadAction","target":["https:\/\/hotnewsinworld.com\/es\/es-la-marcha-negra-venimos-de-todo-marruecos\/"]}]},{"@type":"ImageObject","inLanguage":"es","@id":"https:\/\/hotnewsinworld.com\/es\/es-la-marcha-negra-venimos-de-todo-marruecos\/#primaryimage","url":"https:\/\/hotnewsinworld.com\/es\/wp-content\/uploads\/sites\/4\/2021\/05\/Es-la-\u2018marcha-negra-venimos-de-todo-Marruecos.jpg","contentUrl":"https:\/\/hotnewsinworld.com\/es\/wp-content\/uploads\/sites\/4\/2021\/05\/Es-la-\u2018marcha-negra-venimos-de-todo-Marruecos.jpg","width":1200,"height":800,"caption":"\u201cEs la \u2018marcha negra\u2019, venimos de todo Marruecos\u201d"},{"@type":"BreadcrumbList","@id":"https:\/\/hotnewsinworld.com\/es\/es-la-marcha-negra-venimos-de-todo-marruecos\/#breadcrumb","itemListElement":[{"@type":"ListItem","position":1,"name":"\u0413\u043b\u0430\u0432\u043d\u0430\u044f \u0441\u0442\u0440\u0430\u043d\u0438\u0446\u0430","item":"https:\/\/hotnewsinworld.com\/es\/"},{"@type":"ListItem","position":2,"name":"\u201cEs la \u2018marcha negra\u2019, venimos de todo Marruecos\u201d"}]},{"@type":"WebSite","@id":"https:\/\/hotnewsinworld.com\/es\/#website","url":"https:\/\/hotnewsinworld.com\/es\/","name":"Hot News in World","description":"Hot News in World from Spain","potentialAction":[{"@type":"SearchAction","target":{"@type":"EntryPoint","urlTemplate":"https:\/\/hotnewsinworld.com\/es\/?s={search_term_string}"},"query-input":{"@type":"PropertyValueSpecification","valueRequired":true,"valueName":"search_term_string"}}],"inLanguage":"es"},{"@type":"Person","@id":"https:\/\/hotnewsinworld.com\/es\/#\/schema\/person\/fe61448b21c0d59086e75fcc1f9d8f6b","name":"hotnewsinworld","image":{"@type":"ImageObject","inLanguage":"es","@id":"https:\/\/secure.gravatar.com\/avatar\/8a09ac165600ce2e1c38fe593c63928eb1e6e7ba5c5a907d67787c41b3d00c14?s=96&d=mm&r=g","url":"https:\/\/secure.gravatar.com\/avatar\/8a09ac165600ce2e1c38fe593c63928eb1e6e7ba5c5a907d67787c41b3d00c14?s=96&d=mm&r=g","contentUrl":"https:\/\/secure.gravatar.com\/avatar\/8a09ac165600ce2e1c38fe593c63928eb1e6e7ba5c5a907d67787c41b3d00c14?s=96&d=mm&r=g","caption":"hotnewsinworld"},"url":"https:\/\/hotnewsinworld.com\/es\/author\/pt\/"}]}},"_links":{"self":[{"href":"https:\/\/hotnewsinworld.com\/es\/wp-json\/wp\/v2\/posts\/2497","targetHints":{"allow":["GET"]}}],"collection":[{"href":"https:\/\/hotnewsinworld.com\/es\/wp-json\/wp\/v2\/posts"}],"about":[{"href":"https:\/\/hotnewsinworld.com\/es\/wp-json\/wp\/v2\/types\/post"}],"author":[{"embeddable":true,"href":"https:\/\/hotnewsinworld.com\/es\/wp-json\/wp\/v2\/users\/2"}],"replies":[{"embeddable":true,"href":"https:\/\/hotnewsinworld.com\/es\/wp-json\/wp\/v2\/comments?post=2497"}],"version-history":[{"count":1,"href":"https:\/\/hotnewsinworld.com\/es\/wp-json\/wp\/v2\/posts\/2497\/revisions"}],"predecessor-version":[{"id":2499,"href":"https:\/\/hotnewsinworld.com\/es\/wp-json\/wp\/v2\/posts\/2497\/revisions\/2499"}],"wp:featuredmedia":[{"embeddable":true,"href":"https:\/\/hotnewsinworld.com\/es\/wp-json\/wp\/v2\/media\/2498"}],"wp:attachment":[{"href":"https:\/\/hotnewsinworld.com\/es\/wp-json\/wp\/v2\/media?parent=2497"}],"wp:term":[{"taxonomy":"category","embeddable":true,"href":"https:\/\/hotnewsinworld.com\/es\/wp-json\/wp\/v2\/categories?post=2497"},{"taxonomy":"post_tag","embeddable":true,"href":"https:\/\/hotnewsinworld.com\/es\/wp-json\/wp\/v2\/tags?post=2497"}],"curies":[{"name":"wp","href":"https:\/\/api.w.org\/{rel}","templated":true}]}}