{"id":2527,"date":"2021-05-21T22:04:53","date_gmt":"2021-05-21T19:04:53","guid":{"rendered":"https:\/\/hotnewsinworld.com\/es\/zara-se-marcha-de-venezuela\/"},"modified":"2021-05-21T22:04:58","modified_gmt":"2021-05-21T19:04:58","slug":"zara-se-marcha-de-venezuela","status":"publish","type":"post","link":"https:\/\/hotnewsinworld.com\/es\/zara-se-marcha-de-venezuela\/","title":{"rendered":"Zara se marcha de Venezuela"},"content":{"rendered":"<p>Una tienda de Zara clausurada en Caracas, en una imagen de 2019.JUAN BARRETOEl grupo Inditex, integrado, entre otros, por las marcas Zara, Mango, Bershka, Oysho, Massimo Dutti y Pull&amp;Bear, deja Venezuela. La informaci\u00f3n se ha filtrado de fuentes vinculadas a la administraci\u00f3n de las tiendas del grupo espa\u00f1ol en el pa\u00eds sudamericano, donde trabaja bajo el r\u00e9gimen de franquicias y no con tiendas propias como hace en la mayor\u00eda de casos. Las \u00faltimas cinco tiendas que quedaban, de las 22 que hubo en Venezuela, ya han tapado los logos de la compa\u00f1\u00eda.Despu\u00e9s de haber sido un floreciente negocio en Venezuela, donde el grupo desembarc\u00f3 hace poco m\u00e1s de dos d\u00e9cadas, los negocios de Inditex pasaron varios a\u00f1os resistiendo una compleja situaci\u00f3n econ\u00f3mica: crisis cambiaria y dificultades para importar; multas onerosas; hiperinflaci\u00f3n durante los \u00faltimos tres a\u00f1os, y una ca\u00edda general de la econom\u00eda que se tradujo en una disminuci\u00f3n en las utilidades de la empresa por falta de ventas. Las operaciones comerciales cotidianas se complicaron a\u00fan m\u00e1s con la llegada de la pandemia y las restricciones de la cuarentena.Inditex hab\u00eda respetado las m\u00faltiples restricciones impuestas por los Gobiernos de Hugo Ch\u00e1vez y Nicol\u00e1s Maduro, con estrategias similares a otras multinacionales a\u00fan presentes en el pa\u00eds: aguantar y esperar tiempos mejores, ante un mercado tradicionalmente rentable como el venezolano.Las dificultades de Inditex en Venezuela se profundizaron a medida que el Gobierno aument\u00f3 su control sobre la econom\u00eda, en el a\u00f1o 2007. A partir de ese momento, el chavismo abandon\u00f3 su actitud de entonces, tradicionalmente permisiva con el sector privado, para adoptar otra m\u00e1s conflictiva y mucho menos tolerante con el empresario en el marco revolucionario.M\u00e1s informaci\u00f3nAs\u00ed crecieron los conflictos con las oficinas estatales vinculadas a la fijaci\u00f3n de precios o impuestos. Como otras compa\u00f1\u00edas privadas del pa\u00eds vinculadas al comercio, a partir de 2013 Zara tuvo que soportar los operativos de control de precios del Estado, que concentraban sobre los comerciantes la responsabilidad en el aumento de los precios e impon\u00eda severos castigos, como multas o cierres, a quienes consideraba transgresores de las normas.La gota que colm\u00f3 el vaso de Inditex en Venezuela fue el esc\u00e1ndalo vinculado a la aerol\u00ednea venezolana Plus Ultra, propiedad del empresario venezolano Camilo Ibrahim, quien a su vez es el propietario de las franquicias locales y administra los negocios de Inditex en el pa\u00eds.Esta aerol\u00ednea estuvo en el centro de la pol\u00e9mica recientemente por recibir auxilios financieros para mantener sus operaciones en Espa\u00f1a por parte de la Sociedad Estatal de Participaciones Industriales (SEPI). Aunque Ibrahim es un empresario de bajo perfil y no se le conoce filiaci\u00f3n pol\u00edtica, sus negocios han prosperado con mucha claridad en los a\u00f1os de Nicol\u00e1s Maduro.Los n\u00fameros de Inditex en Venezuela llegaron a ser muy satisfactorios en la primera d\u00e9cada del siglo y sus productos muy populares. En 2004, Hugo Ch\u00e1vez acus\u00f3 a Inditex de estar cometiendo fraude fiscal, aunque la denuncia no lleg\u00f3 a mayores. En 2007, la compa\u00f1\u00eda Phoenix World Trade, propiedad de Ibrahim, asumi\u00f3 la representaci\u00f3n de las marcas de la empresa a trav\u00e9s del esquema de las franquicias corporativas. Hasta hace pocos meses, Inditex manten\u00eda presentes 15 locales comerciales en Venezuela.Suscr\u00edbase aqu\u00ed a la newsletter de EL PA\u00cdS Am\u00e9rica y reciba todas las claves informativas de la actualidad de la regi\u00f3n.<br \/>\n<br \/>\n<!--noindex--><br \/>\n<a href=\"https:\/\/elpais.com\/internacional\/2021-05-21\/zara-se-marcha-de-venezuela.html\" rel=\"nofollow\">Source link <\/a><br \/>\n<!--\/noindex--><\/p>\n","protected":false},"excerpt":{"rendered":"<p>Una tienda de Zara clausurada en Caracas, en una imagen de 2019.JUAN BARRETOEl grupo Inditex, integrado, entre otros, por las marcas Zara, Mango, Bershka, Oysho, Massimo Dutti y Pull&amp;Bear, deja Venezuela. La informaci\u00f3n se ha filtrado de fuentes vinculadas a la administraci\u00f3n de las tiendas del grupo espa\u00f1ol en el pa\u00eds sudamericano, donde trabaja bajo [&hellip;]<\/p>\n","protected":false},"author":2,"featured_media":2528,"comment_status":"open","ping_status":"open","sticky":false,"template":"","format":"standard","meta":{"footnotes":""},"categories":[1],"tags":[],"class_list":["post-2527","post","type-post","status-publish","format-standard","has-post-thumbnail","hentry","category-ultimas-noticias-financieras"],"yoast_head":"<!-- This site is optimized with the Yoast SEO plugin v27.4 - https:\/\/yoast.com\/product\/yoast-seo-wordpress\/ -->\n<title>Zara se marcha de Venezuela - Hot News in World<\/title>\n<meta name=\"robots\" content=\"index, follow, max-snippet:-1, max-image-preview:large, max-video-preview:-1\" \/>\n<link rel=\"canonical\" href=\"https:\/\/hotnewsinworld.com\/es\/zara-se-marcha-de-venezuela\/\" \/>\n<meta property=\"og:locale\" content=\"es_ES\" \/>\n<meta property=\"og:type\" content=\"article\" \/>\n<meta property=\"og:title\" content=\"Zara se marcha de Venezuela - Hot News in World\" \/>\n<meta property=\"og:description\" content=\"Una tienda de Zara clausurada en Caracas, en una imagen de 2019.JUAN BARRETOEl grupo Inditex, integrado, entre otros, por las marcas Zara, Mango, Bershka, Oysho, Massimo Dutti y Pull&amp;Bear, deja Venezuela. La informaci\u00f3n se ha filtrado de fuentes vinculadas a la administraci\u00f3n de las tiendas del grupo espa\u00f1ol en el pa\u00eds sudamericano, donde trabaja bajo [&hellip;]\" \/>\n<meta property=\"og:url\" content=\"https:\/\/hotnewsinworld.com\/es\/zara-se-marcha-de-venezuela\/\" \/>\n<meta property=\"og:site_name\" content=\"Hot News in World\" \/>\n<meta property=\"article:published_time\" content=\"2021-05-21T19:04:53+00:00\" \/>\n<meta property=\"article:modified_time\" content=\"2021-05-21T19:04:58+00:00\" \/>\n<meta property=\"og:image\" content=\"https:\/\/hotnewsinworld.com\/es\/wp-content\/uploads\/sites\/4\/2021\/05\/Zara-se-marcha-de-Venezuela.jpg\" \/>\n\t<meta property=\"og:image:width\" content=\"560\" \/>\n\t<meta property=\"og:image:height\" content=\"354\" \/>\n\t<meta property=\"og:image:type\" content=\"image\/jpeg\" \/>\n<meta name=\"author\" content=\"hotnewsinworld\" \/>\n<meta name=\"twitter:card\" content=\"summary_large_image\" \/>\n<meta name=\"twitter:label1\" content=\"Escrito por\" \/>\n\t<meta name=\"twitter:data1\" content=\"hotnewsinworld\" \/>\n\t<meta name=\"twitter:label2\" content=\"Tiempo de lectura\" \/>\n\t<meta name=\"twitter:data2\" content=\"3 minutos\" \/>\n<script type=\"application\/ld+json\" class=\"yoast-schema-graph\">{\"@context\":\"https:\\\/\\\/schema.org\",\"@graph\":[{\"@type\":\"Article\",\"@id\":\"https:\\\/\\\/hotnewsinworld.com\\\/es\\\/zara-se-marcha-de-venezuela\\\/#article\",\"isPartOf\":{\"@id\":\"https:\\\/\\\/hotnewsinworld.com\\\/es\\\/zara-se-marcha-de-venezuela\\\/\"},\"author\":{\"name\":\"hotnewsinworld\",\"@id\":\"https:\\\/\\\/hotnewsinworld.com\\\/es\\\/#\\\/schema\\\/person\\\/fe61448b21c0d59086e75fcc1f9d8f6b\"},\"headline\":\"Zara se marcha de Venezuela\",\"datePublished\":\"2021-05-21T19:04:53+00:00\",\"dateModified\":\"2021-05-21T19:04:58+00:00\",\"mainEntityOfPage\":{\"@id\":\"https:\\\/\\\/hotnewsinworld.com\\\/es\\\/zara-se-marcha-de-venezuela\\\/\"},\"wordCount\":611,\"commentCount\":0,\"image\":{\"@id\":\"https:\\\/\\\/hotnewsinworld.com\\\/es\\\/zara-se-marcha-de-venezuela\\\/#primaryimage\"},\"thumbnailUrl\":\"https:\\\/\\\/hotnewsinworld.com\\\/es\\\/wp-content\\\/uploads\\\/sites\\\/4\\\/2021\\\/05\\\/Zara-se-marcha-de-Venezuela.jpg\",\"articleSection\":[\"\u00daLTIMAS NOTICIAS FINANCIERAS\"],\"inLanguage\":\"es\",\"potentialAction\":[{\"@type\":\"CommentAction\",\"name\":\"Comment\",\"target\":[\"https:\\\/\\\/hotnewsinworld.com\\\/es\\\/zara-se-marcha-de-venezuela\\\/#respond\"]}]},{\"@type\":\"WebPage\",\"@id\":\"https:\\\/\\\/hotnewsinworld.com\\\/es\\\/zara-se-marcha-de-venezuela\\\/\",\"url\":\"https:\\\/\\\/hotnewsinworld.com\\\/es\\\/zara-se-marcha-de-venezuela\\\/\",\"name\":\"Zara se marcha de Venezuela - Hot News in World\",\"isPartOf\":{\"@id\":\"https:\\\/\\\/hotnewsinworld.com\\\/es\\\/#website\"},\"primaryImageOfPage\":{\"@id\":\"https:\\\/\\\/hotnewsinworld.com\\\/es\\\/zara-se-marcha-de-venezuela\\\/#primaryimage\"},\"image\":{\"@id\":\"https:\\\/\\\/hotnewsinworld.com\\\/es\\\/zara-se-marcha-de-venezuela\\\/#primaryimage\"},\"thumbnailUrl\":\"https:\\\/\\\/hotnewsinworld.com\\\/es\\\/wp-content\\\/uploads\\\/sites\\\/4\\\/2021\\\/05\\\/Zara-se-marcha-de-Venezuela.jpg\",\"datePublished\":\"2021-05-21T19:04:53+00:00\",\"dateModified\":\"2021-05-21T19:04:58+00:00\",\"author\":{\"@id\":\"https:\\\/\\\/hotnewsinworld.com\\\/es\\\/#\\\/schema\\\/person\\\/fe61448b21c0d59086e75fcc1f9d8f6b\"},\"breadcrumb\":{\"@id\":\"https:\\\/\\\/hotnewsinworld.com\\\/es\\\/zara-se-marcha-de-venezuela\\\/#breadcrumb\"},\"inLanguage\":\"es\",\"potentialAction\":[{\"@type\":\"ReadAction\",\"target\":[\"https:\\\/\\\/hotnewsinworld.com\\\/es\\\/zara-se-marcha-de-venezuela\\\/\"]}]},{\"@type\":\"ImageObject\",\"inLanguage\":\"es\",\"@id\":\"https:\\\/\\\/hotnewsinworld.com\\\/es\\\/zara-se-marcha-de-venezuela\\\/#primaryimage\",\"url\":\"https:\\\/\\\/hotnewsinworld.com\\\/es\\\/wp-content\\\/uploads\\\/sites\\\/4\\\/2021\\\/05\\\/Zara-se-marcha-de-Venezuela.jpg\",\"contentUrl\":\"https:\\\/\\\/hotnewsinworld.com\\\/es\\\/wp-content\\\/uploads\\\/sites\\\/4\\\/2021\\\/05\\\/Zara-se-marcha-de-Venezuela.jpg\",\"width\":560,\"height\":354,\"caption\":\"Zara se marcha de Venezuela\"},{\"@type\":\"BreadcrumbList\",\"@id\":\"https:\\\/\\\/hotnewsinworld.com\\\/es\\\/zara-se-marcha-de-venezuela\\\/#breadcrumb\",\"itemListElement\":[{\"@type\":\"ListItem\",\"position\":1,\"name\":\"\u0413\u043b\u0430\u0432\u043d\u0430\u044f \u0441\u0442\u0440\u0430\u043d\u0438\u0446\u0430\",\"item\":\"https:\\\/\\\/hotnewsinworld.com\\\/es\\\/\"},{\"@type\":\"ListItem\",\"position\":2,\"name\":\"Zara se marcha de Venezuela\"}]},{\"@type\":\"WebSite\",\"@id\":\"https:\\\/\\\/hotnewsinworld.com\\\/es\\\/#website\",\"url\":\"https:\\\/\\\/hotnewsinworld.com\\\/es\\\/\",\"name\":\"Hot News in World\",\"description\":\"Hot News in World from Spain\",\"potentialAction\":[{\"@type\":\"SearchAction\",\"target\":{\"@type\":\"EntryPoint\",\"urlTemplate\":\"https:\\\/\\\/hotnewsinworld.com\\\/es\\\/?s={search_term_string}\"},\"query-input\":{\"@type\":\"PropertyValueSpecification\",\"valueRequired\":true,\"valueName\":\"search_term_string\"}}],\"inLanguage\":\"es\"},{\"@type\":\"Person\",\"@id\":\"https:\\\/\\\/hotnewsinworld.com\\\/es\\\/#\\\/schema\\\/person\\\/fe61448b21c0d59086e75fcc1f9d8f6b\",\"name\":\"hotnewsinworld\",\"image\":{\"@type\":\"ImageObject\",\"inLanguage\":\"es\",\"@id\":\"https:\\\/\\\/secure.gravatar.com\\\/avatar\\\/8a09ac165600ce2e1c38fe593c63928eb1e6e7ba5c5a907d67787c41b3d00c14?s=96&d=mm&r=g\",\"url\":\"https:\\\/\\\/secure.gravatar.com\\\/avatar\\\/8a09ac165600ce2e1c38fe593c63928eb1e6e7ba5c5a907d67787c41b3d00c14?s=96&d=mm&r=g\",\"contentUrl\":\"https:\\\/\\\/secure.gravatar.com\\\/avatar\\\/8a09ac165600ce2e1c38fe593c63928eb1e6e7ba5c5a907d67787c41b3d00c14?s=96&d=mm&r=g\",\"caption\":\"hotnewsinworld\"},\"url\":\"https:\\\/\\\/hotnewsinworld.com\\\/es\\\/author\\\/pt\\\/\"}]}<\/script>\n<!-- \/ Yoast SEO plugin. -->","yoast_head_json":{"title":"Zara se marcha de Venezuela - Hot News in World","robots":{"index":"index","follow":"follow","max-snippet":"max-snippet:-1","max-image-preview":"max-image-preview:large","max-video-preview":"max-video-preview:-1"},"canonical":"https:\/\/hotnewsinworld.com\/es\/zara-se-marcha-de-venezuela\/","og_locale":"es_ES","og_type":"article","og_title":"Zara se marcha de Venezuela - Hot News in World","og_description":"Una tienda de Zara clausurada en Caracas, en una imagen de 2019.JUAN BARRETOEl grupo Inditex, integrado, entre otros, por las marcas Zara, Mango, Bershka, Oysho, Massimo Dutti y Pull&amp;Bear, deja Venezuela. La informaci\u00f3n se ha filtrado de fuentes vinculadas a la administraci\u00f3n de las tiendas del grupo espa\u00f1ol en el pa\u00eds sudamericano, donde trabaja bajo [&hellip;]","og_url":"https:\/\/hotnewsinworld.com\/es\/zara-se-marcha-de-venezuela\/","og_site_name":"Hot News in World","article_published_time":"2021-05-21T19:04:53+00:00","article_modified_time":"2021-05-21T19:04:58+00:00","og_image":[{"width":560,"height":354,"url":"https:\/\/hotnewsinworld.com\/es\/wp-content\/uploads\/sites\/4\/2021\/05\/Zara-se-marcha-de-Venezuela.jpg","type":"image\/jpeg"}],"author":"hotnewsinworld","twitter_card":"summary_large_image","twitter_misc":{"Escrito por":"hotnewsinworld","Tiempo de lectura":"3 minutos"},"schema":{"@context":"https:\/\/schema.org","@graph":[{"@type":"Article","@id":"https:\/\/hotnewsinworld.com\/es\/zara-se-marcha-de-venezuela\/#article","isPartOf":{"@id":"https:\/\/hotnewsinworld.com\/es\/zara-se-marcha-de-venezuela\/"},"author":{"name":"hotnewsinworld","@id":"https:\/\/hotnewsinworld.com\/es\/#\/schema\/person\/fe61448b21c0d59086e75fcc1f9d8f6b"},"headline":"Zara se marcha de Venezuela","datePublished":"2021-05-21T19:04:53+00:00","dateModified":"2021-05-21T19:04:58+00:00","mainEntityOfPage":{"@id":"https:\/\/hotnewsinworld.com\/es\/zara-se-marcha-de-venezuela\/"},"wordCount":611,"commentCount":0,"image":{"@id":"https:\/\/hotnewsinworld.com\/es\/zara-se-marcha-de-venezuela\/#primaryimage"},"thumbnailUrl":"https:\/\/hotnewsinworld.com\/es\/wp-content\/uploads\/sites\/4\/2021\/05\/Zara-se-marcha-de-Venezuela.jpg","articleSection":["\u00daLTIMAS NOTICIAS FINANCIERAS"],"inLanguage":"es","potentialAction":[{"@type":"CommentAction","name":"Comment","target":["https:\/\/hotnewsinworld.com\/es\/zara-se-marcha-de-venezuela\/#respond"]}]},{"@type":"WebPage","@id":"https:\/\/hotnewsinworld.com\/es\/zara-se-marcha-de-venezuela\/","url":"https:\/\/hotnewsinworld.com\/es\/zara-se-marcha-de-venezuela\/","name":"Zara se marcha de Venezuela - Hot News in World","isPartOf":{"@id":"https:\/\/hotnewsinworld.com\/es\/#website"},"primaryImageOfPage":{"@id":"https:\/\/hotnewsinworld.com\/es\/zara-se-marcha-de-venezuela\/#primaryimage"},"image":{"@id":"https:\/\/hotnewsinworld.com\/es\/zara-se-marcha-de-venezuela\/#primaryimage"},"thumbnailUrl":"https:\/\/hotnewsinworld.com\/es\/wp-content\/uploads\/sites\/4\/2021\/05\/Zara-se-marcha-de-Venezuela.jpg","datePublished":"2021-05-21T19:04:53+00:00","dateModified":"2021-05-21T19:04:58+00:00","author":{"@id":"https:\/\/hotnewsinworld.com\/es\/#\/schema\/person\/fe61448b21c0d59086e75fcc1f9d8f6b"},"breadcrumb":{"@id":"https:\/\/hotnewsinworld.com\/es\/zara-se-marcha-de-venezuela\/#breadcrumb"},"inLanguage":"es","potentialAction":[{"@type":"ReadAction","target":["https:\/\/hotnewsinworld.com\/es\/zara-se-marcha-de-venezuela\/"]}]},{"@type":"ImageObject","inLanguage":"es","@id":"https:\/\/hotnewsinworld.com\/es\/zara-se-marcha-de-venezuela\/#primaryimage","url":"https:\/\/hotnewsinworld.com\/es\/wp-content\/uploads\/sites\/4\/2021\/05\/Zara-se-marcha-de-Venezuela.jpg","contentUrl":"https:\/\/hotnewsinworld.com\/es\/wp-content\/uploads\/sites\/4\/2021\/05\/Zara-se-marcha-de-Venezuela.jpg","width":560,"height":354,"caption":"Zara se marcha de Venezuela"},{"@type":"BreadcrumbList","@id":"https:\/\/hotnewsinworld.com\/es\/zara-se-marcha-de-venezuela\/#breadcrumb","itemListElement":[{"@type":"ListItem","position":1,"name":"\u0413\u043b\u0430\u0432\u043d\u0430\u044f \u0441\u0442\u0440\u0430\u043d\u0438\u0446\u0430","item":"https:\/\/hotnewsinworld.com\/es\/"},{"@type":"ListItem","position":2,"name":"Zara se marcha de Venezuela"}]},{"@type":"WebSite","@id":"https:\/\/hotnewsinworld.com\/es\/#website","url":"https:\/\/hotnewsinworld.com\/es\/","name":"Hot News in World","description":"Hot News in World from Spain","potentialAction":[{"@type":"SearchAction","target":{"@type":"EntryPoint","urlTemplate":"https:\/\/hotnewsinworld.com\/es\/?s={search_term_string}"},"query-input":{"@type":"PropertyValueSpecification","valueRequired":true,"valueName":"search_term_string"}}],"inLanguage":"es"},{"@type":"Person","@id":"https:\/\/hotnewsinworld.com\/es\/#\/schema\/person\/fe61448b21c0d59086e75fcc1f9d8f6b","name":"hotnewsinworld","image":{"@type":"ImageObject","inLanguage":"es","@id":"https:\/\/secure.gravatar.com\/avatar\/8a09ac165600ce2e1c38fe593c63928eb1e6e7ba5c5a907d67787c41b3d00c14?s=96&d=mm&r=g","url":"https:\/\/secure.gravatar.com\/avatar\/8a09ac165600ce2e1c38fe593c63928eb1e6e7ba5c5a907d67787c41b3d00c14?s=96&d=mm&r=g","contentUrl":"https:\/\/secure.gravatar.com\/avatar\/8a09ac165600ce2e1c38fe593c63928eb1e6e7ba5c5a907d67787c41b3d00c14?s=96&d=mm&r=g","caption":"hotnewsinworld"},"url":"https:\/\/hotnewsinworld.com\/es\/author\/pt\/"}]}},"_links":{"self":[{"href":"https:\/\/hotnewsinworld.com\/es\/wp-json\/wp\/v2\/posts\/2527","targetHints":{"allow":["GET"]}}],"collection":[{"href":"https:\/\/hotnewsinworld.com\/es\/wp-json\/wp\/v2\/posts"}],"about":[{"href":"https:\/\/hotnewsinworld.com\/es\/wp-json\/wp\/v2\/types\/post"}],"author":[{"embeddable":true,"href":"https:\/\/hotnewsinworld.com\/es\/wp-json\/wp\/v2\/users\/2"}],"replies":[{"embeddable":true,"href":"https:\/\/hotnewsinworld.com\/es\/wp-json\/wp\/v2\/comments?post=2527"}],"version-history":[{"count":1,"href":"https:\/\/hotnewsinworld.com\/es\/wp-json\/wp\/v2\/posts\/2527\/revisions"}],"predecessor-version":[{"id":2529,"href":"https:\/\/hotnewsinworld.com\/es\/wp-json\/wp\/v2\/posts\/2527\/revisions\/2529"}],"wp:featuredmedia":[{"embeddable":true,"href":"https:\/\/hotnewsinworld.com\/es\/wp-json\/wp\/v2\/media\/2528"}],"wp:attachment":[{"href":"https:\/\/hotnewsinworld.com\/es\/wp-json\/wp\/v2\/media?parent=2527"}],"wp:term":[{"taxonomy":"category","embeddable":true,"href":"https:\/\/hotnewsinworld.com\/es\/wp-json\/wp\/v2\/categories?post=2527"},{"taxonomy":"post_tag","embeddable":true,"href":"https:\/\/hotnewsinworld.com\/es\/wp-json\/wp\/v2\/tags?post=2527"}],"curies":[{"name":"wp","href":"https:\/\/api.w.org\/{rel}","templated":true}]}}