{"id":2533,"date":"2021-05-22T10:05:25","date_gmt":"2021-05-22T07:05:25","guid":{"rendered":"https:\/\/hotnewsinworld.com\/es\/la-audiencia-tumba-los-recursos-de-vodafone-orange-y-mediapro-contra-la-compra-de-canal-por-telefonica\/"},"modified":"2021-05-22T10:05:30","modified_gmt":"2021-05-22T07:05:30","slug":"la-audiencia-tumba-los-recursos-de-vodafone-orange-y-mediapro-contra-la-compra-de-canal-por-telefonica","status":"publish","type":"post","link":"https:\/\/hotnewsinworld.com\/es\/la-audiencia-tumba-los-recursos-de-vodafone-orange-y-mediapro-contra-la-compra-de-canal-por-telefonica\/","title":{"rendered":"La Audiencia tumba los recursos de Vodafone, Orange y Mediapro contra la compra de Canal+ por Telef\u00f3nica"},"content":{"rendered":"<p>La Audiencia Nacional ha rechazado los recursos que interpusieron Vodafone Espa\u00f1a, Orange, Mediapro, Euskaltel, R y Telecable, entre otras, contra la resoluci\u00f3n del 22 de abril de 2015 del Consejo de la Comisi\u00f3n Nacional de los Mercados y la Competencia (CNMC) en la que autorizaba la compra por Telef\u00f3nica de Distribuidora de Televisi\u00f3n Digital (DTS), la plataforma de televisi\u00f3n de pago de Canal+, entonces propiedad de PRISA, aunque someti\u00e9ndole a una serie de obligaciones y restricciones para garantizar la competencia.Los jueces de la Audiencia Nacional dictaron al menos siete sentencias con fecha del pasado 19 de abril, a la las que ha tenido acceso EL PA\u00cdS, en las que rechazan todos los argumentos de las compa\u00f1\u00edas recurrentes, que reclamaban el veto a la operaci\u00f3n al considerar que las condiciones impuestas para autorizar la compra no eran suficientes para evitar una situaci\u00f3n de dominio en el mercado de la televisi\u00f3n de pago por parte de Telef\u00f3nica o, subsidiariamente, un endurecimiento de las condiciones.M\u00e1s informaci\u00f3nTelef\u00f3nica compr\u00f3 a PRISA (grupo editor de EL PA\u00cdS) en 2015 el 56% de Canal+ por 706 millones de euros, para integrarlo en su plataforma Movistar+ que se convirti\u00f3 de esta forma en l\u00edder indiscutible de la televisi\u00f3n de pago. Tanto Vodafone como Orange lanzaron sus propias plataformas de televisi\u00f3n, pero dependen en gran medida de los derechos televisivos en manos de su rival. Tanto es as\u00ed que Vodafone renunci\u00f3 a ofrecer f\u00fatbol en 2019 por el alto coste de los derechos.La filial de la operadora brit\u00e1nica se quejaba en su recurso de que Telef\u00f3nica podr\u00eda captar clientes con gran poder adquisitivo en el mercado de las telecomunicaciones con ofertas convergentes (fijo, m\u00f3vil, Internet y televisi\u00f3n) gracias a las ventajas derivadas de las econom\u00edas de alcance y de escala que le permitir\u00eda hacer ofertas irreplicables por la competencia. La Audiencia, aun reconociendo la operaci\u00f3n puede tener \u201cun efecto muy significativo\u201d en la din\u00e1mica competitiva de ese mercado, se\u00f1ala que la posici\u00f3n ventajosa de Telef\u00f3nica \u201cno se deriva \u00fanicamente del fortalecimiento de la entidad resultante en los mercados de adquisici\u00f3n de contenidos audiovisuales\u201d. Adem\u00e1s, indica que la CNMC ya se encarga de vigilar y regular el mercado de las telecomunicaciones y de las redes de nueva generaci\u00f3n (fibra \u00f3ptica y telefon\u00eda m\u00f3vil 4G) para impedir ese tipo de pr\u00e1cticas.\u201cAdem\u00e1s, debemos reiterar que el mero aumento del poder significativo en el mercado de las empresas concentradas no es definitorio de la prohibici\u00f3n siempre que ese poder no suponga necesariamente que la competencia quede impedida en el sector de mercado de que se trate, lo que no acontece en el caso examinado por cuanto en \u00e9l continuar\u00e1n los restantes operadores y los futuros que puedan acceder al mismo\u201d, asegura el fallo.La resoluci\u00f3n judicial tambi\u00e9n considera infundados o \u201ccarentes de rigor\u201d los argumentos y c\u00e1lculos que aporta Vodafone para se\u00f1alar que las limitaciones impuestas a Telef\u00f3nica en los contenidos Premium \u2013series, cine y acontecimientos deportivos- son insuficientes para garantizar el acceso de sus rivales a estos contenidos a un precio que les permita competir.Hay que recordar que la CNMC impuso a  Telef\u00f3nica la obligaci\u00f3n de ofrecer a cualquier otro operador de televisi\u00f3n de pago a un precio regulado una oferta mayorista de sus canales premium de cine y series (Sony, Fox, Warner, Paramount, etc\u00e9tera) o de deportes en directo (Liga de Primera Divisi\u00f3n, Copa del Rey, Champions League, Europa League, Campeonato del Mundo de F\u00fatbol, Campeonato Mundial de Baloncesto, F\u00f3rmula 1, Moto GP y Juegos Ol\u00edmpicos). De esta forma, cada rival de Telef\u00f3nica, que integr\u00f3 Canal + en su plataforma Movistar+, puede acceder a un m\u00e1ximo del 50% de los canales que integran la oferta mayorista y tienen libertad de elegir c\u00f3mo componen su elecci\u00f3n dentro de esa oferta. Los precios de esta oferta, vigilados por la CNMC, deben asegurar la replicabilidad de la oferta minorista que Telef\u00f3nica ofrece a sus clientes y deben prevenir situaciones de estrechamiento de m\u00e1rgenes para sus competidores.Compromisos del f\u00fatbol\u201cTodos los compromisos adoptados y, en concreto, los referidos al l\u00edmite del 50% de los contenidos de la oferta mayorista de Telef\u00f3nica, a la forma de determinaci\u00f3n del precio de los canales deportivos que incluyan contenidos futbol\u00edsticos, F\u00f3rmula 1 y Moto CP, as\u00ed como a la f\u00f3rmula establecida para la realizaci\u00f3n de los test de replicabilidad, aparecen motivados y justificados, atendiendo a criterios de proporcionalidad, sin que la parte recurrente haya acreditado que la resoluci\u00f3n impugnada de la CNMC haya incurrido en un error manifiesto, arbitrariedad o desviaci\u00f3n de poder [\u2026], limit\u00e1ndose a mostrar su desacuerdo con los compromisos establecidos y a plantear soluciones alternativas que, a su juicio, ser\u00edan m\u00e1s eficaces\u201d, asegura la sentencia contra el recurso de Vodafone.La resoluci\u00f3n judicial tambi\u00e9n indica que \u201ccarece de la transcendencia anulatoria\u201d pretendida por Vodafone la afirmaci\u00f3n de que \u201clos compromisos aprobados son m\u00e1s laxos que las condiciones propuestas con ocasi\u00f3n del intento de adquisici\u00f3n por parte de Telef\u00f3nica, PRISA y Mediaset del control conjunto de DTS en 2010 toda vez que aquellas no llegaron a aprobarse y carecen de fuerza vinculante para la CNMC\u201d.Adem\u00e1s, la Audiencia destaca que la resoluci\u00f3n de la CNMC recurrida prev\u00e9 la posibilidad que los compromisos, tras su vigencia original de cinco a\u00f1os, se puedan revisar. Un hecho que se produjo en julio de 2020 cuando la CNMC decidi\u00f3 prorrogar durante tres a\u00f1os m\u00e1s, hasta 2023, las obligaciones m\u00e1s duras que le impuso a Telef\u00f3nica para autorizar la compra de Canal +. El regulador justific\u00f3 entonces la extensi\u00f3n de esas condiciones en que \u201cpersisten riesgos para la competencia en los mercados afectados por la operaci\u00f3n\u201d, es decir, en el de la televisi\u00f3n de pago.\u201cAdem\u00e1s, desde el punto de vista de la exigencia de la motivaci\u00f3n del acto discrecional, no puede sino concluirse que la decisi\u00f3n de autorizar la operaci\u00f3n de concentraci\u00f3n con los compromisos fijados tiene una justificaci\u00f3n expl\u00edcita y suficiente, no incurre arbitrariedad, error manifiesto o desviaci\u00f3n de poder, debiendo entenderse que las facultades discrecionales de la Comisi\u00f3n Nacional de Defensa de la Competencia han sido ejercidas dentro de los criterios normativos tanto nacionales como de derecho europeo en materia de concentraciones\u201d, concluyen los magistrados.Razonamientos similares contienen las sentencias que rechazan los dem\u00e1s recursos en contra de la operaci\u00f3n. Fueron presentados por Orange, Mediapro, Telecable, Euskaltel, R y Aotec, adem\u00e1s de Vodafone.<br \/>\n<br \/>\n<!--noindex--><br \/>\n<a href=\"https:\/\/elpais.com\/economia\/2021-05-22\/la-audiencia-tumba-el-recurso-de-vodafone-contra-la-compra-de-canal-por-telefonica.html\" rel=\"nofollow\">Source link <\/a><br \/>\n<!--\/noindex--><\/p>\n","protected":false},"excerpt":{"rendered":"<p>La Audiencia Nacional ha rechazado los recursos que interpusieron Vodafone Espa\u00f1a, Orange, Mediapro, Euskaltel, R y Telecable, entre otras, contra la resoluci\u00f3n del 22 de abril de 2015 del Consejo de la Comisi\u00f3n Nacional de los Mercados y la Competencia (CNMC) en la que autorizaba la compra por Telef\u00f3nica de Distribuidora de Televisi\u00f3n Digital (DTS), [&hellip;]<\/p>\n","protected":false},"author":2,"featured_media":2534,"comment_status":"open","ping_status":"open","sticky":false,"template":"","format":"standard","meta":{"footnotes":""},"categories":[1],"tags":[],"class_list":["post-2533","post","type-post","status-publish","format-standard","has-post-thumbnail","hentry","category-ultimas-noticias-financieras"],"yoast_head":"<!-- This site is optimized with the Yoast SEO plugin v27.4 - https:\/\/yoast.com\/product\/yoast-seo-wordpress\/ -->\n<title>La Audiencia tumba los recursos de Vodafone, Orange y Mediapro contra la compra de Canal+ por Telef\u00f3nica - Hot News in World<\/title>\n<meta name=\"robots\" content=\"index, follow, max-snippet:-1, max-image-preview:large, max-video-preview:-1\" \/>\n<link rel=\"canonical\" href=\"https:\/\/hotnewsinworld.com\/es\/la-audiencia-tumba-los-recursos-de-vodafone-orange-y-mediapro-contra-la-compra-de-canal-por-telefonica\/\" \/>\n<meta property=\"og:locale\" content=\"es_ES\" \/>\n<meta property=\"og:type\" content=\"article\" \/>\n<meta property=\"og:title\" content=\"La Audiencia tumba los recursos de Vodafone, Orange y Mediapro contra la compra de Canal+ por Telef\u00f3nica - Hot News in World\" \/>\n<meta property=\"og:description\" content=\"La Audiencia Nacional ha rechazado los recursos que interpusieron Vodafone Espa\u00f1a, Orange, Mediapro, Euskaltel, R y Telecable, entre otras, contra la resoluci\u00f3n del 22 de abril de 2015 del Consejo de la Comisi\u00f3n Nacional de los Mercados y la Competencia (CNMC) en la que autorizaba la compra por Telef\u00f3nica de Distribuidora de Televisi\u00f3n Digital (DTS), [&hellip;]\" \/>\n<meta property=\"og:url\" content=\"https:\/\/hotnewsinworld.com\/es\/la-audiencia-tumba-los-recursos-de-vodafone-orange-y-mediapro-contra-la-compra-de-canal-por-telefonica\/\" \/>\n<meta property=\"og:site_name\" content=\"Hot News in World\" \/>\n<meta property=\"article:published_time\" content=\"2021-05-22T07:05:25+00:00\" \/>\n<meta property=\"article:modified_time\" content=\"2021-05-22T07:05:30+00:00\" \/>\n<meta property=\"og:image\" content=\"https:\/\/hotnewsinworld.com\/es\/wp-content\/uploads\/sites\/4\/2021\/05\/La-Audiencia-tumba-los-recursos-de-Vodafone-Orange-y-Mediapro.jpg\" \/>\n\t<meta property=\"og:image:width\" content=\"980\" \/>\n\t<meta property=\"og:image:height\" content=\"506\" \/>\n\t<meta property=\"og:image:type\" content=\"image\/jpeg\" \/>\n<meta name=\"author\" content=\"hotnewsinworld\" \/>\n<meta name=\"twitter:card\" content=\"summary_large_image\" \/>\n<meta name=\"twitter:label1\" content=\"Escrito por\" \/>\n\t<meta name=\"twitter:data1\" content=\"hotnewsinworld\" \/>\n\t<meta name=\"twitter:label2\" content=\"Tiempo de lectura\" \/>\n\t<meta name=\"twitter:data2\" content=\"6 minutos\" \/>\n<script type=\"application\/ld+json\" class=\"yoast-schema-graph\">{\"@context\":\"https:\\\/\\\/schema.org\",\"@graph\":[{\"@type\":\"Article\",\"@id\":\"https:\\\/\\\/hotnewsinworld.com\\\/es\\\/la-audiencia-tumba-los-recursos-de-vodafone-orange-y-mediapro-contra-la-compra-de-canal-por-telefonica\\\/#article\",\"isPartOf\":{\"@id\":\"https:\\\/\\\/hotnewsinworld.com\\\/es\\\/la-audiencia-tumba-los-recursos-de-vodafone-orange-y-mediapro-contra-la-compra-de-canal-por-telefonica\\\/\"},\"author\":{\"name\":\"hotnewsinworld\",\"@id\":\"https:\\\/\\\/hotnewsinworld.com\\\/es\\\/#\\\/schema\\\/person\\\/fe61448b21c0d59086e75fcc1f9d8f6b\"},\"headline\":\"La Audiencia tumba los recursos de Vodafone, Orange y Mediapro contra la compra de Canal+ por Telef\u00f3nica\",\"datePublished\":\"2021-05-22T07:05:25+00:00\",\"dateModified\":\"2021-05-22T07:05:30+00:00\",\"mainEntityOfPage\":{\"@id\":\"https:\\\/\\\/hotnewsinworld.com\\\/es\\\/la-audiencia-tumba-los-recursos-de-vodafone-orange-y-mediapro-contra-la-compra-de-canal-por-telefonica\\\/\"},\"wordCount\":1156,\"commentCount\":0,\"image\":{\"@id\":\"https:\\\/\\\/hotnewsinworld.com\\\/es\\\/la-audiencia-tumba-los-recursos-de-vodafone-orange-y-mediapro-contra-la-compra-de-canal-por-telefonica\\\/#primaryimage\"},\"thumbnailUrl\":\"https:\\\/\\\/hotnewsinworld.com\\\/es\\\/wp-content\\\/uploads\\\/sites\\\/4\\\/2021\\\/05\\\/La-Audiencia-tumba-los-recursos-de-Vodafone-Orange-y-Mediapro.jpg\",\"articleSection\":[\"\u00daLTIMAS NOTICIAS FINANCIERAS\"],\"inLanguage\":\"es\",\"potentialAction\":[{\"@type\":\"CommentAction\",\"name\":\"Comment\",\"target\":[\"https:\\\/\\\/hotnewsinworld.com\\\/es\\\/la-audiencia-tumba-los-recursos-de-vodafone-orange-y-mediapro-contra-la-compra-de-canal-por-telefonica\\\/#respond\"]}]},{\"@type\":\"WebPage\",\"@id\":\"https:\\\/\\\/hotnewsinworld.com\\\/es\\\/la-audiencia-tumba-los-recursos-de-vodafone-orange-y-mediapro-contra-la-compra-de-canal-por-telefonica\\\/\",\"url\":\"https:\\\/\\\/hotnewsinworld.com\\\/es\\\/la-audiencia-tumba-los-recursos-de-vodafone-orange-y-mediapro-contra-la-compra-de-canal-por-telefonica\\\/\",\"name\":\"La Audiencia tumba los recursos de Vodafone, Orange y Mediapro contra la compra de Canal+ por Telef\u00f3nica - Hot News in World\",\"isPartOf\":{\"@id\":\"https:\\\/\\\/hotnewsinworld.com\\\/es\\\/#website\"},\"primaryImageOfPage\":{\"@id\":\"https:\\\/\\\/hotnewsinworld.com\\\/es\\\/la-audiencia-tumba-los-recursos-de-vodafone-orange-y-mediapro-contra-la-compra-de-canal-por-telefonica\\\/#primaryimage\"},\"image\":{\"@id\":\"https:\\\/\\\/hotnewsinworld.com\\\/es\\\/la-audiencia-tumba-los-recursos-de-vodafone-orange-y-mediapro-contra-la-compra-de-canal-por-telefonica\\\/#primaryimage\"},\"thumbnailUrl\":\"https:\\\/\\\/hotnewsinworld.com\\\/es\\\/wp-content\\\/uploads\\\/sites\\\/4\\\/2021\\\/05\\\/La-Audiencia-tumba-los-recursos-de-Vodafone-Orange-y-Mediapro.jpg\",\"datePublished\":\"2021-05-22T07:05:25+00:00\",\"dateModified\":\"2021-05-22T07:05:30+00:00\",\"author\":{\"@id\":\"https:\\\/\\\/hotnewsinworld.com\\\/es\\\/#\\\/schema\\\/person\\\/fe61448b21c0d59086e75fcc1f9d8f6b\"},\"breadcrumb\":{\"@id\":\"https:\\\/\\\/hotnewsinworld.com\\\/es\\\/la-audiencia-tumba-los-recursos-de-vodafone-orange-y-mediapro-contra-la-compra-de-canal-por-telefonica\\\/#breadcrumb\"},\"inLanguage\":\"es\",\"potentialAction\":[{\"@type\":\"ReadAction\",\"target\":[\"https:\\\/\\\/hotnewsinworld.com\\\/es\\\/la-audiencia-tumba-los-recursos-de-vodafone-orange-y-mediapro-contra-la-compra-de-canal-por-telefonica\\\/\"]}]},{\"@type\":\"ImageObject\",\"inLanguage\":\"es\",\"@id\":\"https:\\\/\\\/hotnewsinworld.com\\\/es\\\/la-audiencia-tumba-los-recursos-de-vodafone-orange-y-mediapro-contra-la-compra-de-canal-por-telefonica\\\/#primaryimage\",\"url\":\"https:\\\/\\\/hotnewsinworld.com\\\/es\\\/wp-content\\\/uploads\\\/sites\\\/4\\\/2021\\\/05\\\/La-Audiencia-tumba-los-recursos-de-Vodafone-Orange-y-Mediapro.jpg\",\"contentUrl\":\"https:\\\/\\\/hotnewsinworld.com\\\/es\\\/wp-content\\\/uploads\\\/sites\\\/4\\\/2021\\\/05\\\/La-Audiencia-tumba-los-recursos-de-Vodafone-Orange-y-Mediapro.jpg\",\"width\":980,\"height\":506,\"caption\":\"La Audiencia tumba los recursos de Vodafone, Orange y Mediapro contra la compra de Canal+ por Telef\u00f3nica\"},{\"@type\":\"BreadcrumbList\",\"@id\":\"https:\\\/\\\/hotnewsinworld.com\\\/es\\\/la-audiencia-tumba-los-recursos-de-vodafone-orange-y-mediapro-contra-la-compra-de-canal-por-telefonica\\\/#breadcrumb\",\"itemListElement\":[{\"@type\":\"ListItem\",\"position\":1,\"name\":\"\u0413\u043b\u0430\u0432\u043d\u0430\u044f \u0441\u0442\u0440\u0430\u043d\u0438\u0446\u0430\",\"item\":\"https:\\\/\\\/hotnewsinworld.com\\\/es\\\/\"},{\"@type\":\"ListItem\",\"position\":2,\"name\":\"La Audiencia tumba los recursos de Vodafone, Orange y Mediapro contra la compra de Canal+ por Telef\u00f3nica\"}]},{\"@type\":\"WebSite\",\"@id\":\"https:\\\/\\\/hotnewsinworld.com\\\/es\\\/#website\",\"url\":\"https:\\\/\\\/hotnewsinworld.com\\\/es\\\/\",\"name\":\"Hot News in World\",\"description\":\"Hot News in World from Spain\",\"potentialAction\":[{\"@type\":\"SearchAction\",\"target\":{\"@type\":\"EntryPoint\",\"urlTemplate\":\"https:\\\/\\\/hotnewsinworld.com\\\/es\\\/?s={search_term_string}\"},\"query-input\":{\"@type\":\"PropertyValueSpecification\",\"valueRequired\":true,\"valueName\":\"search_term_string\"}}],\"inLanguage\":\"es\"},{\"@type\":\"Person\",\"@id\":\"https:\\\/\\\/hotnewsinworld.com\\\/es\\\/#\\\/schema\\\/person\\\/fe61448b21c0d59086e75fcc1f9d8f6b\",\"name\":\"hotnewsinworld\",\"image\":{\"@type\":\"ImageObject\",\"inLanguage\":\"es\",\"@id\":\"https:\\\/\\\/secure.gravatar.com\\\/avatar\\\/8a09ac165600ce2e1c38fe593c63928eb1e6e7ba5c5a907d67787c41b3d00c14?s=96&d=mm&r=g\",\"url\":\"https:\\\/\\\/secure.gravatar.com\\\/avatar\\\/8a09ac165600ce2e1c38fe593c63928eb1e6e7ba5c5a907d67787c41b3d00c14?s=96&d=mm&r=g\",\"contentUrl\":\"https:\\\/\\\/secure.gravatar.com\\\/avatar\\\/8a09ac165600ce2e1c38fe593c63928eb1e6e7ba5c5a907d67787c41b3d00c14?s=96&d=mm&r=g\",\"caption\":\"hotnewsinworld\"},\"url\":\"https:\\\/\\\/hotnewsinworld.com\\\/es\\\/author\\\/pt\\\/\"}]}<\/script>\n<!-- \/ Yoast SEO plugin. -->","yoast_head_json":{"title":"La Audiencia tumba los recursos de Vodafone, Orange y Mediapro contra la compra de Canal+ por Telef\u00f3nica - Hot News in World","robots":{"index":"index","follow":"follow","max-snippet":"max-snippet:-1","max-image-preview":"max-image-preview:large","max-video-preview":"max-video-preview:-1"},"canonical":"https:\/\/hotnewsinworld.com\/es\/la-audiencia-tumba-los-recursos-de-vodafone-orange-y-mediapro-contra-la-compra-de-canal-por-telefonica\/","og_locale":"es_ES","og_type":"article","og_title":"La Audiencia tumba los recursos de Vodafone, Orange y Mediapro contra la compra de Canal+ por Telef\u00f3nica - Hot News in World","og_description":"La Audiencia Nacional ha rechazado los recursos que interpusieron Vodafone Espa\u00f1a, Orange, Mediapro, Euskaltel, R y Telecable, entre otras, contra la resoluci\u00f3n del 22 de abril de 2015 del Consejo de la Comisi\u00f3n Nacional de los Mercados y la Competencia (CNMC) en la que autorizaba la compra por Telef\u00f3nica de Distribuidora de Televisi\u00f3n Digital (DTS), [&hellip;]","og_url":"https:\/\/hotnewsinworld.com\/es\/la-audiencia-tumba-los-recursos-de-vodafone-orange-y-mediapro-contra-la-compra-de-canal-por-telefonica\/","og_site_name":"Hot News in World","article_published_time":"2021-05-22T07:05:25+00:00","article_modified_time":"2021-05-22T07:05:30+00:00","og_image":[{"width":980,"height":506,"url":"https:\/\/hotnewsinworld.com\/es\/wp-content\/uploads\/sites\/4\/2021\/05\/La-Audiencia-tumba-los-recursos-de-Vodafone-Orange-y-Mediapro.jpg","type":"image\/jpeg"}],"author":"hotnewsinworld","twitter_card":"summary_large_image","twitter_misc":{"Escrito por":"hotnewsinworld","Tiempo de lectura":"6 minutos"},"schema":{"@context":"https:\/\/schema.org","@graph":[{"@type":"Article","@id":"https:\/\/hotnewsinworld.com\/es\/la-audiencia-tumba-los-recursos-de-vodafone-orange-y-mediapro-contra-la-compra-de-canal-por-telefonica\/#article","isPartOf":{"@id":"https:\/\/hotnewsinworld.com\/es\/la-audiencia-tumba-los-recursos-de-vodafone-orange-y-mediapro-contra-la-compra-de-canal-por-telefonica\/"},"author":{"name":"hotnewsinworld","@id":"https:\/\/hotnewsinworld.com\/es\/#\/schema\/person\/fe61448b21c0d59086e75fcc1f9d8f6b"},"headline":"La Audiencia tumba los recursos de Vodafone, Orange y Mediapro contra la compra de Canal+ por Telef\u00f3nica","datePublished":"2021-05-22T07:05:25+00:00","dateModified":"2021-05-22T07:05:30+00:00","mainEntityOfPage":{"@id":"https:\/\/hotnewsinworld.com\/es\/la-audiencia-tumba-los-recursos-de-vodafone-orange-y-mediapro-contra-la-compra-de-canal-por-telefonica\/"},"wordCount":1156,"commentCount":0,"image":{"@id":"https:\/\/hotnewsinworld.com\/es\/la-audiencia-tumba-los-recursos-de-vodafone-orange-y-mediapro-contra-la-compra-de-canal-por-telefonica\/#primaryimage"},"thumbnailUrl":"https:\/\/hotnewsinworld.com\/es\/wp-content\/uploads\/sites\/4\/2021\/05\/La-Audiencia-tumba-los-recursos-de-Vodafone-Orange-y-Mediapro.jpg","articleSection":["\u00daLTIMAS NOTICIAS FINANCIERAS"],"inLanguage":"es","potentialAction":[{"@type":"CommentAction","name":"Comment","target":["https:\/\/hotnewsinworld.com\/es\/la-audiencia-tumba-los-recursos-de-vodafone-orange-y-mediapro-contra-la-compra-de-canal-por-telefonica\/#respond"]}]},{"@type":"WebPage","@id":"https:\/\/hotnewsinworld.com\/es\/la-audiencia-tumba-los-recursos-de-vodafone-orange-y-mediapro-contra-la-compra-de-canal-por-telefonica\/","url":"https:\/\/hotnewsinworld.com\/es\/la-audiencia-tumba-los-recursos-de-vodafone-orange-y-mediapro-contra-la-compra-de-canal-por-telefonica\/","name":"La Audiencia tumba los recursos de Vodafone, Orange y Mediapro contra la compra de Canal+ por Telef\u00f3nica - Hot News in World","isPartOf":{"@id":"https:\/\/hotnewsinworld.com\/es\/#website"},"primaryImageOfPage":{"@id":"https:\/\/hotnewsinworld.com\/es\/la-audiencia-tumba-los-recursos-de-vodafone-orange-y-mediapro-contra-la-compra-de-canal-por-telefonica\/#primaryimage"},"image":{"@id":"https:\/\/hotnewsinworld.com\/es\/la-audiencia-tumba-los-recursos-de-vodafone-orange-y-mediapro-contra-la-compra-de-canal-por-telefonica\/#primaryimage"},"thumbnailUrl":"https:\/\/hotnewsinworld.com\/es\/wp-content\/uploads\/sites\/4\/2021\/05\/La-Audiencia-tumba-los-recursos-de-Vodafone-Orange-y-Mediapro.jpg","datePublished":"2021-05-22T07:05:25+00:00","dateModified":"2021-05-22T07:05:30+00:00","author":{"@id":"https:\/\/hotnewsinworld.com\/es\/#\/schema\/person\/fe61448b21c0d59086e75fcc1f9d8f6b"},"breadcrumb":{"@id":"https:\/\/hotnewsinworld.com\/es\/la-audiencia-tumba-los-recursos-de-vodafone-orange-y-mediapro-contra-la-compra-de-canal-por-telefonica\/#breadcrumb"},"inLanguage":"es","potentialAction":[{"@type":"ReadAction","target":["https:\/\/hotnewsinworld.com\/es\/la-audiencia-tumba-los-recursos-de-vodafone-orange-y-mediapro-contra-la-compra-de-canal-por-telefonica\/"]}]},{"@type":"ImageObject","inLanguage":"es","@id":"https:\/\/hotnewsinworld.com\/es\/la-audiencia-tumba-los-recursos-de-vodafone-orange-y-mediapro-contra-la-compra-de-canal-por-telefonica\/#primaryimage","url":"https:\/\/hotnewsinworld.com\/es\/wp-content\/uploads\/sites\/4\/2021\/05\/La-Audiencia-tumba-los-recursos-de-Vodafone-Orange-y-Mediapro.jpg","contentUrl":"https:\/\/hotnewsinworld.com\/es\/wp-content\/uploads\/sites\/4\/2021\/05\/La-Audiencia-tumba-los-recursos-de-Vodafone-Orange-y-Mediapro.jpg","width":980,"height":506,"caption":"La Audiencia tumba los recursos de Vodafone, Orange y Mediapro contra la compra de Canal+ por Telef\u00f3nica"},{"@type":"BreadcrumbList","@id":"https:\/\/hotnewsinworld.com\/es\/la-audiencia-tumba-los-recursos-de-vodafone-orange-y-mediapro-contra-la-compra-de-canal-por-telefonica\/#breadcrumb","itemListElement":[{"@type":"ListItem","position":1,"name":"\u0413\u043b\u0430\u0432\u043d\u0430\u044f \u0441\u0442\u0440\u0430\u043d\u0438\u0446\u0430","item":"https:\/\/hotnewsinworld.com\/es\/"},{"@type":"ListItem","position":2,"name":"La Audiencia tumba los recursos de Vodafone, Orange y Mediapro contra la compra de Canal+ por Telef\u00f3nica"}]},{"@type":"WebSite","@id":"https:\/\/hotnewsinworld.com\/es\/#website","url":"https:\/\/hotnewsinworld.com\/es\/","name":"Hot News in World","description":"Hot News in World from Spain","potentialAction":[{"@type":"SearchAction","target":{"@type":"EntryPoint","urlTemplate":"https:\/\/hotnewsinworld.com\/es\/?s={search_term_string}"},"query-input":{"@type":"PropertyValueSpecification","valueRequired":true,"valueName":"search_term_string"}}],"inLanguage":"es"},{"@type":"Person","@id":"https:\/\/hotnewsinworld.com\/es\/#\/schema\/person\/fe61448b21c0d59086e75fcc1f9d8f6b","name":"hotnewsinworld","image":{"@type":"ImageObject","inLanguage":"es","@id":"https:\/\/secure.gravatar.com\/avatar\/8a09ac165600ce2e1c38fe593c63928eb1e6e7ba5c5a907d67787c41b3d00c14?s=96&d=mm&r=g","url":"https:\/\/secure.gravatar.com\/avatar\/8a09ac165600ce2e1c38fe593c63928eb1e6e7ba5c5a907d67787c41b3d00c14?s=96&d=mm&r=g","contentUrl":"https:\/\/secure.gravatar.com\/avatar\/8a09ac165600ce2e1c38fe593c63928eb1e6e7ba5c5a907d67787c41b3d00c14?s=96&d=mm&r=g","caption":"hotnewsinworld"},"url":"https:\/\/hotnewsinworld.com\/es\/author\/pt\/"}]}},"_links":{"self":[{"href":"https:\/\/hotnewsinworld.com\/es\/wp-json\/wp\/v2\/posts\/2533","targetHints":{"allow":["GET"]}}],"collection":[{"href":"https:\/\/hotnewsinworld.com\/es\/wp-json\/wp\/v2\/posts"}],"about":[{"href":"https:\/\/hotnewsinworld.com\/es\/wp-json\/wp\/v2\/types\/post"}],"author":[{"embeddable":true,"href":"https:\/\/hotnewsinworld.com\/es\/wp-json\/wp\/v2\/users\/2"}],"replies":[{"embeddable":true,"href":"https:\/\/hotnewsinworld.com\/es\/wp-json\/wp\/v2\/comments?post=2533"}],"version-history":[{"count":1,"href":"https:\/\/hotnewsinworld.com\/es\/wp-json\/wp\/v2\/posts\/2533\/revisions"}],"predecessor-version":[{"id":2535,"href":"https:\/\/hotnewsinworld.com\/es\/wp-json\/wp\/v2\/posts\/2533\/revisions\/2535"}],"wp:featuredmedia":[{"embeddable":true,"href":"https:\/\/hotnewsinworld.com\/es\/wp-json\/wp\/v2\/media\/2534"}],"wp:attachment":[{"href":"https:\/\/hotnewsinworld.com\/es\/wp-json\/wp\/v2\/media?parent=2533"}],"wp:term":[{"taxonomy":"category","embeddable":true,"href":"https:\/\/hotnewsinworld.com\/es\/wp-json\/wp\/v2\/categories?post=2533"},{"taxonomy":"post_tag","embeddable":true,"href":"https:\/\/hotnewsinworld.com\/es\/wp-json\/wp\/v2\/tags?post=2533"}],"curies":[{"name":"wp","href":"https:\/\/api.w.org\/{rel}","templated":true}]}}