{"id":2551,"date":"2021-05-23T22:25:36","date_gmt":"2021-05-23T19:25:36","guid":{"rendered":"https:\/\/hotnewsinworld.com\/es\/lukashenko-fuerza-el-desvio-de-un-vuelo-comercial-para-detener-a-un-periodista-critico-con-el-regimen\/"},"modified":"2021-05-23T22:25:43","modified_gmt":"2021-05-23T19:25:43","slug":"lukashenko-fuerza-el-desvio-de-un-vuelo-comercial-para-detener-a-un-periodista-critico-con-el-regimen","status":"publish","type":"post","link":"https:\/\/hotnewsinworld.com\/es\/lukashenko-fuerza-el-desvio-de-un-vuelo-comercial-para-detener-a-un-periodista-critico-con-el-regimen\/","title":{"rendered":"Lukashenko fuerza el desv\u00edo de un vuelo comercial para detener a un periodista cr\u00edtico con el r\u00e9gimen"},"content":{"rendered":"<p>Las autoridades bielorrusas han detenido este domingo en el aeropuerto de Minsk al periodista Roman Protasevich, perseguido por el r\u00e9gimen de Aleksandr Lukashenko, despu\u00e9s de que el avi\u00f3n en el que viajaba se viera obligado a aterrizar de emergencia en la capital bielorrusa. La aeronave de Ryanair, que volaba sobre el pa\u00eds en ruta a Lituania desde Grecia, recibi\u00f3 la notificaci\u00f3n de las autoridades bielorrusas de una \u201cpotencial amenaza de seguridad\u201d a bordo, seg\u00fan la aerol\u00ednea irlandesa. El avi\u00f3n, un Boeing 737-800, fue escoltado a tierra por un caza de combate por orden directa del presidente bielorruso, seg\u00fan el servicio de prensa de Lukashenko. En el aeropuerto de Minsk, los servicios especiales bielorrusos no han encontrado explosivos en el aparato. El inaudito incidente y el arresto del destacado bloguero cr\u00edtico con el r\u00e9gimen ha provocado la indignaci\u00f3n internacional.La l\u00edder opositora Svetlana Tijan\u00f3vskaya ha denunciado el \u201csecuestro\u201d del informador y de la aeronave, en la que volaban 170 pasajeros de 12 pa\u00edses, que han aguardado en Minsk durante m\u00e1s de cinco horas antes de reemprender el viaje con direcci\u00f3n a Vilna, la capital lituana, dejando atr\u00e1s a Protasevich y su novia, que podr\u00eda estar tambi\u00e9n detenida, seg\u00fan la oposici\u00f3n. Tampoco continuaron el viaje cuatro ciudadanos rusos que s\u00ed hab\u00edan iniciado el viaje en Grecia, seg\u00fan fuentes lituanas. La presidenta de la Comisi\u00f3n Europea, Ursula von der Leyen, ha definido como \u201cinaceptable\u201d lo sucedido. La OTAN ha pedido una investigaci\u00f3n del \u201cserio y peligroso incidente\u201d. El presidente de Lituania, Gitanas Nauseda, que ha calificado el suceso como \u201cabominable\u201d y \u201csin precedentes\u201d, ha pedido a la Alianza Atl\u00e1ntica y a la Uni\u00f3n Europea que tomen medidas sobre la amenaza que representa para la aviaci\u00f3n civil el desv\u00edo bajo esas circunstancias de un vuelo de una aerol\u00ednea europea (Ryanair es irlandesa) que cubr\u00eda el trayecto entre dos capitales de la UE: Atenas y Vilna. El mandatario cree que la amenaza de bomba era una treta para obligar a aterrizar el avi\u00f3n y detener al informador, y exigi\u00f3 la inmediata liberaci\u00f3n de la nave.Protasevich, de 26 a\u00f1os, fue director y uno de los fundadores de Nexta y Nexta Live, dos conocidos e influyentes canales de Telegram (con m\u00e1s de 1,2 millones y 2 millones de suscriptores) con base en Polonia muy seguidos por la oposici\u00f3n durante las protestas por la democracia y contra Lukashenko que tuvieron lugar el pasado verano en Bielorrusia, que han sido etiquetados como \u201cextremistas\u201d. El periodista, que viv\u00eda en el exilio en Lituania donde se le ha concedido asilo pol\u00edtico, est\u00e1 acusado de \u201corganizaci\u00f3n de disturbios y acciones colectivas que vulneran gravemente el orden p\u00fablico\u201d y de \u201ccometer acciones deliberadas destinadas a incitar la enemistad social\u201d; delitos que pueden acarrear hasta 15 a\u00f1os de prisi\u00f3n. Los servicios secretos bielorrusos (KGB, Bielorrusia es el \u00fanico pa\u00eds que conserva el antiguo nombre sovi\u00e9tico de la agencia) le incluyeron el pasado noviembre en la lista de personas involucradas en actividades terroristas.El reportero fue arrestado al aterrizar en Minsk, seg\u00fan confirm\u00f3 el departamento contra el crimen organizado del Ministerio del Interior en su canal oficial de Telegram en una publicaci\u00f3n que borr\u00f3 pocos minutos despu\u00e9s. Despu\u00e9s ha eludido hacer nuevos comentarios sobre el caso. La Asociaci\u00f3n de Periodistas Bielorrusos y la organizaci\u00f3n de derechos humanos local Viasna han confirmado el arresto del informador, pero no han podido ponerse en contacto con \u00e9l, seg\u00fan explican en una nota. Protasevich, que estaba en Atenas para seguir la visita a Grecia de Svetlana Tijan\u00f3vskaya, hab\u00eda contado a un amigo antes de despegar que notaba c\u00f3mo un hombre que hablaba ruso le segu\u00eda por el aeropuerto y que hab\u00eda intentado incluso sacar fotos a sus documentos en la cola para embarcar desde detr\u00e1s.El avi\u00f3n de Ryanair, un Boeing 737-8AS, en el que viajaba Protasevich, en el aeropuerto de Minsk, donde ha aterrizado de emergencia este domingo. &#8211; \/ AFPNada m\u00e1s aterrizar en Minsk y tomar conciencia de lo ocurrido, Protasevich \u201centr\u00f3 en p\u00e1nico\u201d, seg\u00fan ha relatado uno de los pasajeros a la edici\u00f3n lituana del diario Delfi. \u201cDespu\u00e9s de la maniobra repentina del avi\u00f3n, un chico comenz\u00f3 a sacudir la cabeza nervioso. Solo entonces comprendimos por qu\u00e9\u201d, ha contado el hombre, que ha pedido que su nombre no se publique, desde el aeropuerto de Minsk. \u201cNos sacaron del avi\u00f3n, los perros olfatearon nuestras cosas. Se llevaron al chico a un lado y retir\u00f3 sus cosas en la pasarela. Le preguntamos qu\u00e9 estaba pasando. Le explic\u00f3 y a\u00f1adi\u00f3: \u2018La pena de muerte me espera aqu\u00ed\u2019\u201d, a\u00f1adi\u00f3 el pasajero, que explic\u00f3 que un oficial custodi\u00f3 en todo momento a Protasevich desde que baj\u00f3 del avi\u00f3n hasta que se lo llev\u00f3.Tijan\u00f3vskaya ha denunciado lo que considera una operaci\u00f3n de los servicios secretos bielorrusos y ha reclamado nuevas medidas contra el presidente del pa\u00eds, que lleva m\u00e1s de 26 a\u00f1os en el poder. \u201cEl r\u00e9gimen de Lukashenko puso en peligro la vida de los pasajeros a bordo del avi\u00f3n. A partir de ahora, nadie que vuele sobre Bielorrusia puede estar seguro. \u00a1Se necesita una reacci\u00f3n internacional!\u201d, escribi\u00f3 en las redes sociales la opositora, que se enfrent\u00f3 a Lukashenko en las presidenciales el pasado agosto que desataron multitudinarias protestas contra el fraude despu\u00e9s de que el l\u00edder bielorruso se atribuyera la victoria con el 80% de los votos. Tijan\u00f3vskaya tuvo que abandonar Bielorrusia el pasado agosto, poco despu\u00e9s de los comicios, despu\u00e9s de recibir amenazas hacia su familia, y se ha instalado en Vilna.La l\u00edder opositora ha pedido a la Organizaci\u00f3n Internacional para la Aviaci\u00f3n Civil (ICAO) que investigue el incidente en el vuelo FR4978 de Ryanair.Indignaci\u00f3n en la Uni\u00f3n EuropeaLa oposici\u00f3n considera lo sucedido con el avi\u00f3n de Ryanair este domingo como una nueva maniobra de Lukashenko y un paso m\u00e1s y sin precedentes en su pol\u00edtica represiva contra la disidencia. La UE sigue de cerca la evoluci\u00f3n de la situaci\u00f3n en torno al avi\u00f3n de Ryanair. La presidenta de la Comisi\u00f3n Europea exigi\u00f3 seguridad para todos los pasajeros, seg\u00fan un mensaje en las redes sociales. \u201cCualquier violaci\u00f3n del transporte a\u00e9reo internacional deber\u00eda tener consecuencias\u201d, ha insistido. El alto representante para Pol\u00edtica Exterior de la UE, Josep Borrell, declar\u00f3 que lo ocurrido es \u201cinaceptable\u201d: \u201cColocamos la responsabilidad de la seguridad de todos los pasajeros en el vuelo sobre las autoridades bielorrusas\u201d, ha tuiteado. Tambi\u00e9n Charles Michel, presidente del Consejo Europeo, se mostr\u00f3 muy preocupado por lo sucedido, pidi\u00f3 explicaciones a Minsk y exigi\u00f3 que permita que \u201ctodos\u201d los pasajeros del vuelo desviado contin\u00faen su viaje. \u201cLa investigaci\u00f3n del incidente por parte de la ICAO ser\u00e1 de primordial importancia\u201d, remarc\u00f3.La detenci\u00f3n de Protasevich y las circunstancias en las que se ha producido han indignado tambi\u00e9n al primer ministro polaco, Mateusz Morawiecki, que ha pedido al Consejo Europeo que discuta nuevas sanciones contra el c\u00edrculo de Lukashenko en las reuniones que empiezan este lunes: \u201cEl secuestro de un avi\u00f3n civil es un acto de terrorismo de Estado sin precedentes. No puede quedar impune\u201d, ha escrito en Twitter. Alemania ha exigido al Gobierno bielorruso una \u201cexplicaci\u00f3n inmediata\u201d de lo ocurrido, ha reclamado el secretario de Estado de Exteriores, Miguel Berger.Lukashenko, que lleva en el poder desde 1994, ha incrementado la represi\u00f3n contra la oposici\u00f3n y contra los medios de comunicaci\u00f3n independientes. Todos los opositores pol\u00edticos destacados est\u00e1n hoy en prisi\u00f3n \u2014como Mar\u00eda Koleshnikova o Sergu\u00e9i Tijanovski, esposo de Tijan\u00f3vskaya\u2014 o en el exilio. El martes, en un movimiento m\u00e1s contra la libertad de prensa, las autoridades rusas iniciaron otro caso contra el portal de noticias independiente bielorruso Tub.by por \u201cevasi\u00f3n fiscal a gran escala\u201d, allanaron sus oficinas en Minsk y bloquearon sus servidores.Las numerosas protestas que calentaron el verano bielorruso, y en las que m\u00e1s de 30.000 personas fueron detenidas, seg\u00fan los c\u00e1lculos de las organizaciones de derechos civiles, han perdido fuelle por el miedo a la represi\u00f3n. Lukashenko se mantiene en el puesto, apuntalado adem\u00e1s por Rusia con el apoyo del presidente Vlad\u00edmir Putin y nuevos pr\u00e9stamos econ\u00f3micos, y la oposici\u00f3n y la sociedad civil ha pasado a una protesta de guerrillas con actividades en los barrios y peque\u00f1as manifestaciones.<br \/>\n<br \/>\n<!--noindex--><br \/>\n<a href=\"https:\/\/elpais.com\/internacional\/2021-05-23\/detenido-un-periodista-en-bielorrusia-tras-el-desvio-en-pleno-vuelo-del-avion-en-el-que-viajaba.html\" rel=\"nofollow\">Source link <\/a><br \/>\n<!--\/noindex--><\/p>\n","protected":false},"excerpt":{"rendered":"<p>Las autoridades bielorrusas han detenido este domingo en el aeropuerto de Minsk al periodista Roman Protasevich, perseguido por el r\u00e9gimen de Aleksandr Lukashenko, despu\u00e9s de que el avi\u00f3n en el que viajaba se viera obligado a aterrizar de emergencia en la capital bielorrusa. La aeronave de Ryanair, que volaba sobre el pa\u00eds en ruta a [&hellip;]<\/p>\n","protected":false},"author":2,"featured_media":2552,"comment_status":"open","ping_status":"open","sticky":false,"template":"","format":"standard","meta":{"footnotes":""},"categories":[1],"tags":[],"class_list":["post-2551","post","type-post","status-publish","format-standard","has-post-thumbnail","hentry","category-ultimas-noticias-financieras"],"yoast_head":"<!-- This site is optimized with the Yoast SEO plugin v27.4 - https:\/\/yoast.com\/product\/yoast-seo-wordpress\/ -->\n<title>Lukashenko fuerza el desv\u00edo de un vuelo comercial para detener a un periodista cr\u00edtico con el r\u00e9gimen - Hot News in World<\/title>\n<meta name=\"robots\" content=\"index, follow, max-snippet:-1, max-image-preview:large, max-video-preview:-1\" \/>\n<link rel=\"canonical\" href=\"https:\/\/hotnewsinworld.com\/es\/lukashenko-fuerza-el-desvio-de-un-vuelo-comercial-para-detener-a-un-periodista-critico-con-el-regimen\/\" \/>\n<meta property=\"og:locale\" content=\"es_ES\" \/>\n<meta property=\"og:type\" content=\"article\" \/>\n<meta property=\"og:title\" content=\"Lukashenko fuerza el desv\u00edo de un vuelo comercial para detener a un periodista cr\u00edtico con el r\u00e9gimen - Hot News in World\" \/>\n<meta property=\"og:description\" content=\"Las autoridades bielorrusas han detenido este domingo en el aeropuerto de Minsk al periodista Roman Protasevich, perseguido por el r\u00e9gimen de Aleksandr Lukashenko, despu\u00e9s de que el avi\u00f3n en el que viajaba se viera obligado a aterrizar de emergencia en la capital bielorrusa. La aeronave de Ryanair, que volaba sobre el pa\u00eds en ruta a [&hellip;]\" \/>\n<meta property=\"og:url\" content=\"https:\/\/hotnewsinworld.com\/es\/lukashenko-fuerza-el-desvio-de-un-vuelo-comercial-para-detener-a-un-periodista-critico-con-el-regimen\/\" \/>\n<meta property=\"og:site_name\" content=\"Hot News in World\" \/>\n<meta property=\"article:published_time\" content=\"2021-05-23T19:25:36+00:00\" \/>\n<meta property=\"article:modified_time\" content=\"2021-05-23T19:25:43+00:00\" \/>\n<meta property=\"og:image\" content=\"https:\/\/hotnewsinworld.com\/es\/wp-content\/uploads\/sites\/4\/2021\/05\/Lukashenko-fuerza-el-desvio-de-un-vuelo-comercial-para-detener-scaled.jpg\" \/>\n\t<meta property=\"og:image:width\" content=\"2560\" \/>\n\t<meta property=\"og:image:height\" content=\"1883\" \/>\n\t<meta property=\"og:image:type\" content=\"image\/jpeg\" \/>\n<meta name=\"author\" content=\"hotnewsinworld\" \/>\n<meta name=\"twitter:card\" content=\"summary_large_image\" \/>\n<meta name=\"twitter:label1\" content=\"Escrito por\" \/>\n\t<meta name=\"twitter:data1\" content=\"hotnewsinworld\" \/>\n\t<meta name=\"twitter:label2\" content=\"Tiempo de lectura\" \/>\n\t<meta name=\"twitter:data2\" content=\"7 minutos\" \/>\n<script type=\"application\/ld+json\" class=\"yoast-schema-graph\">{\"@context\":\"https:\\\/\\\/schema.org\",\"@graph\":[{\"@type\":\"Article\",\"@id\":\"https:\\\/\\\/hotnewsinworld.com\\\/es\\\/lukashenko-fuerza-el-desvio-de-un-vuelo-comercial-para-detener-a-un-periodista-critico-con-el-regimen\\\/#article\",\"isPartOf\":{\"@id\":\"https:\\\/\\\/hotnewsinworld.com\\\/es\\\/lukashenko-fuerza-el-desvio-de-un-vuelo-comercial-para-detener-a-un-periodista-critico-con-el-regimen\\\/\"},\"author\":{\"name\":\"hotnewsinworld\",\"@id\":\"https:\\\/\\\/hotnewsinworld.com\\\/es\\\/#\\\/schema\\\/person\\\/fe61448b21c0d59086e75fcc1f9d8f6b\"},\"headline\":\"Lukashenko fuerza el desv\u00edo de un vuelo comercial para detener a un periodista cr\u00edtico con el r\u00e9gimen\",\"datePublished\":\"2021-05-23T19:25:36+00:00\",\"dateModified\":\"2021-05-23T19:25:43+00:00\",\"mainEntityOfPage\":{\"@id\":\"https:\\\/\\\/hotnewsinworld.com\\\/es\\\/lukashenko-fuerza-el-desvio-de-un-vuelo-comercial-para-detener-a-un-periodista-critico-con-el-regimen\\\/\"},\"wordCount\":1487,\"commentCount\":0,\"image\":{\"@id\":\"https:\\\/\\\/hotnewsinworld.com\\\/es\\\/lukashenko-fuerza-el-desvio-de-un-vuelo-comercial-para-detener-a-un-periodista-critico-con-el-regimen\\\/#primaryimage\"},\"thumbnailUrl\":\"https:\\\/\\\/hotnewsinworld.com\\\/es\\\/wp-content\\\/uploads\\\/sites\\\/4\\\/2021\\\/05\\\/Lukashenko-fuerza-el-desvio-de-un-vuelo-comercial-para-detener-scaled.jpg\",\"articleSection\":[\"\u00daLTIMAS NOTICIAS FINANCIERAS\"],\"inLanguage\":\"es\",\"potentialAction\":[{\"@type\":\"CommentAction\",\"name\":\"Comment\",\"target\":[\"https:\\\/\\\/hotnewsinworld.com\\\/es\\\/lukashenko-fuerza-el-desvio-de-un-vuelo-comercial-para-detener-a-un-periodista-critico-con-el-regimen\\\/#respond\"]}]},{\"@type\":\"WebPage\",\"@id\":\"https:\\\/\\\/hotnewsinworld.com\\\/es\\\/lukashenko-fuerza-el-desvio-de-un-vuelo-comercial-para-detener-a-un-periodista-critico-con-el-regimen\\\/\",\"url\":\"https:\\\/\\\/hotnewsinworld.com\\\/es\\\/lukashenko-fuerza-el-desvio-de-un-vuelo-comercial-para-detener-a-un-periodista-critico-con-el-regimen\\\/\",\"name\":\"Lukashenko fuerza el desv\u00edo de un vuelo comercial para detener a un periodista cr\u00edtico con el r\u00e9gimen - Hot News in World\",\"isPartOf\":{\"@id\":\"https:\\\/\\\/hotnewsinworld.com\\\/es\\\/#website\"},\"primaryImageOfPage\":{\"@id\":\"https:\\\/\\\/hotnewsinworld.com\\\/es\\\/lukashenko-fuerza-el-desvio-de-un-vuelo-comercial-para-detener-a-un-periodista-critico-con-el-regimen\\\/#primaryimage\"},\"image\":{\"@id\":\"https:\\\/\\\/hotnewsinworld.com\\\/es\\\/lukashenko-fuerza-el-desvio-de-un-vuelo-comercial-para-detener-a-un-periodista-critico-con-el-regimen\\\/#primaryimage\"},\"thumbnailUrl\":\"https:\\\/\\\/hotnewsinworld.com\\\/es\\\/wp-content\\\/uploads\\\/sites\\\/4\\\/2021\\\/05\\\/Lukashenko-fuerza-el-desvio-de-un-vuelo-comercial-para-detener-scaled.jpg\",\"datePublished\":\"2021-05-23T19:25:36+00:00\",\"dateModified\":\"2021-05-23T19:25:43+00:00\",\"author\":{\"@id\":\"https:\\\/\\\/hotnewsinworld.com\\\/es\\\/#\\\/schema\\\/person\\\/fe61448b21c0d59086e75fcc1f9d8f6b\"},\"breadcrumb\":{\"@id\":\"https:\\\/\\\/hotnewsinworld.com\\\/es\\\/lukashenko-fuerza-el-desvio-de-un-vuelo-comercial-para-detener-a-un-periodista-critico-con-el-regimen\\\/#breadcrumb\"},\"inLanguage\":\"es\",\"potentialAction\":[{\"@type\":\"ReadAction\",\"target\":[\"https:\\\/\\\/hotnewsinworld.com\\\/es\\\/lukashenko-fuerza-el-desvio-de-un-vuelo-comercial-para-detener-a-un-periodista-critico-con-el-regimen\\\/\"]}]},{\"@type\":\"ImageObject\",\"inLanguage\":\"es\",\"@id\":\"https:\\\/\\\/hotnewsinworld.com\\\/es\\\/lukashenko-fuerza-el-desvio-de-un-vuelo-comercial-para-detener-a-un-periodista-critico-con-el-regimen\\\/#primaryimage\",\"url\":\"https:\\\/\\\/hotnewsinworld.com\\\/es\\\/wp-content\\\/uploads\\\/sites\\\/4\\\/2021\\\/05\\\/Lukashenko-fuerza-el-desvio-de-un-vuelo-comercial-para-detener-scaled.jpg\",\"contentUrl\":\"https:\\\/\\\/hotnewsinworld.com\\\/es\\\/wp-content\\\/uploads\\\/sites\\\/4\\\/2021\\\/05\\\/Lukashenko-fuerza-el-desvio-de-un-vuelo-comercial-para-detener-scaled.jpg\",\"width\":2560,\"height\":1883,\"caption\":\"Lukashenko fuerza el desv\u00edo de un vuelo comercial para detener a un periodista cr\u00edtico con el r\u00e9gimen\"},{\"@type\":\"BreadcrumbList\",\"@id\":\"https:\\\/\\\/hotnewsinworld.com\\\/es\\\/lukashenko-fuerza-el-desvio-de-un-vuelo-comercial-para-detener-a-un-periodista-critico-con-el-regimen\\\/#breadcrumb\",\"itemListElement\":[{\"@type\":\"ListItem\",\"position\":1,\"name\":\"\u0413\u043b\u0430\u0432\u043d\u0430\u044f \u0441\u0442\u0440\u0430\u043d\u0438\u0446\u0430\",\"item\":\"https:\\\/\\\/hotnewsinworld.com\\\/es\\\/\"},{\"@type\":\"ListItem\",\"position\":2,\"name\":\"Lukashenko fuerza el desv\u00edo de un vuelo comercial para detener a un periodista cr\u00edtico con el r\u00e9gimen\"}]},{\"@type\":\"WebSite\",\"@id\":\"https:\\\/\\\/hotnewsinworld.com\\\/es\\\/#website\",\"url\":\"https:\\\/\\\/hotnewsinworld.com\\\/es\\\/\",\"name\":\"Hot News in World\",\"description\":\"Hot News in World from Spain\",\"potentialAction\":[{\"@type\":\"SearchAction\",\"target\":{\"@type\":\"EntryPoint\",\"urlTemplate\":\"https:\\\/\\\/hotnewsinworld.com\\\/es\\\/?s={search_term_string}\"},\"query-input\":{\"@type\":\"PropertyValueSpecification\",\"valueRequired\":true,\"valueName\":\"search_term_string\"}}],\"inLanguage\":\"es\"},{\"@type\":\"Person\",\"@id\":\"https:\\\/\\\/hotnewsinworld.com\\\/es\\\/#\\\/schema\\\/person\\\/fe61448b21c0d59086e75fcc1f9d8f6b\",\"name\":\"hotnewsinworld\",\"image\":{\"@type\":\"ImageObject\",\"inLanguage\":\"es\",\"@id\":\"https:\\\/\\\/secure.gravatar.com\\\/avatar\\\/8a09ac165600ce2e1c38fe593c63928eb1e6e7ba5c5a907d67787c41b3d00c14?s=96&d=mm&r=g\",\"url\":\"https:\\\/\\\/secure.gravatar.com\\\/avatar\\\/8a09ac165600ce2e1c38fe593c63928eb1e6e7ba5c5a907d67787c41b3d00c14?s=96&d=mm&r=g\",\"contentUrl\":\"https:\\\/\\\/secure.gravatar.com\\\/avatar\\\/8a09ac165600ce2e1c38fe593c63928eb1e6e7ba5c5a907d67787c41b3d00c14?s=96&d=mm&r=g\",\"caption\":\"hotnewsinworld\"},\"url\":\"https:\\\/\\\/hotnewsinworld.com\\\/es\\\/author\\\/pt\\\/\"}]}<\/script>\n<!-- \/ Yoast SEO plugin. -->","yoast_head_json":{"title":"Lukashenko fuerza el desv\u00edo de un vuelo comercial para detener a un periodista cr\u00edtico con el r\u00e9gimen - Hot News in World","robots":{"index":"index","follow":"follow","max-snippet":"max-snippet:-1","max-image-preview":"max-image-preview:large","max-video-preview":"max-video-preview:-1"},"canonical":"https:\/\/hotnewsinworld.com\/es\/lukashenko-fuerza-el-desvio-de-un-vuelo-comercial-para-detener-a-un-periodista-critico-con-el-regimen\/","og_locale":"es_ES","og_type":"article","og_title":"Lukashenko fuerza el desv\u00edo de un vuelo comercial para detener a un periodista cr\u00edtico con el r\u00e9gimen - Hot News in World","og_description":"Las autoridades bielorrusas han detenido este domingo en el aeropuerto de Minsk al periodista Roman Protasevich, perseguido por el r\u00e9gimen de Aleksandr Lukashenko, despu\u00e9s de que el avi\u00f3n en el que viajaba se viera obligado a aterrizar de emergencia en la capital bielorrusa. La aeronave de Ryanair, que volaba sobre el pa\u00eds en ruta a [&hellip;]","og_url":"https:\/\/hotnewsinworld.com\/es\/lukashenko-fuerza-el-desvio-de-un-vuelo-comercial-para-detener-a-un-periodista-critico-con-el-regimen\/","og_site_name":"Hot News in World","article_published_time":"2021-05-23T19:25:36+00:00","article_modified_time":"2021-05-23T19:25:43+00:00","og_image":[{"width":2560,"height":1883,"url":"https:\/\/hotnewsinworld.com\/es\/wp-content\/uploads\/sites\/4\/2021\/05\/Lukashenko-fuerza-el-desvio-de-un-vuelo-comercial-para-detener-scaled.jpg","type":"image\/jpeg"}],"author":"hotnewsinworld","twitter_card":"summary_large_image","twitter_misc":{"Escrito por":"hotnewsinworld","Tiempo de lectura":"7 minutos"},"schema":{"@context":"https:\/\/schema.org","@graph":[{"@type":"Article","@id":"https:\/\/hotnewsinworld.com\/es\/lukashenko-fuerza-el-desvio-de-un-vuelo-comercial-para-detener-a-un-periodista-critico-con-el-regimen\/#article","isPartOf":{"@id":"https:\/\/hotnewsinworld.com\/es\/lukashenko-fuerza-el-desvio-de-un-vuelo-comercial-para-detener-a-un-periodista-critico-con-el-regimen\/"},"author":{"name":"hotnewsinworld","@id":"https:\/\/hotnewsinworld.com\/es\/#\/schema\/person\/fe61448b21c0d59086e75fcc1f9d8f6b"},"headline":"Lukashenko fuerza el desv\u00edo de un vuelo comercial para detener a un periodista cr\u00edtico con el r\u00e9gimen","datePublished":"2021-05-23T19:25:36+00:00","dateModified":"2021-05-23T19:25:43+00:00","mainEntityOfPage":{"@id":"https:\/\/hotnewsinworld.com\/es\/lukashenko-fuerza-el-desvio-de-un-vuelo-comercial-para-detener-a-un-periodista-critico-con-el-regimen\/"},"wordCount":1487,"commentCount":0,"image":{"@id":"https:\/\/hotnewsinworld.com\/es\/lukashenko-fuerza-el-desvio-de-un-vuelo-comercial-para-detener-a-un-periodista-critico-con-el-regimen\/#primaryimage"},"thumbnailUrl":"https:\/\/hotnewsinworld.com\/es\/wp-content\/uploads\/sites\/4\/2021\/05\/Lukashenko-fuerza-el-desvio-de-un-vuelo-comercial-para-detener-scaled.jpg","articleSection":["\u00daLTIMAS NOTICIAS FINANCIERAS"],"inLanguage":"es","potentialAction":[{"@type":"CommentAction","name":"Comment","target":["https:\/\/hotnewsinworld.com\/es\/lukashenko-fuerza-el-desvio-de-un-vuelo-comercial-para-detener-a-un-periodista-critico-con-el-regimen\/#respond"]}]},{"@type":"WebPage","@id":"https:\/\/hotnewsinworld.com\/es\/lukashenko-fuerza-el-desvio-de-un-vuelo-comercial-para-detener-a-un-periodista-critico-con-el-regimen\/","url":"https:\/\/hotnewsinworld.com\/es\/lukashenko-fuerza-el-desvio-de-un-vuelo-comercial-para-detener-a-un-periodista-critico-con-el-regimen\/","name":"Lukashenko fuerza el desv\u00edo de un vuelo comercial para detener a un periodista cr\u00edtico con el r\u00e9gimen - Hot News in World","isPartOf":{"@id":"https:\/\/hotnewsinworld.com\/es\/#website"},"primaryImageOfPage":{"@id":"https:\/\/hotnewsinworld.com\/es\/lukashenko-fuerza-el-desvio-de-un-vuelo-comercial-para-detener-a-un-periodista-critico-con-el-regimen\/#primaryimage"},"image":{"@id":"https:\/\/hotnewsinworld.com\/es\/lukashenko-fuerza-el-desvio-de-un-vuelo-comercial-para-detener-a-un-periodista-critico-con-el-regimen\/#primaryimage"},"thumbnailUrl":"https:\/\/hotnewsinworld.com\/es\/wp-content\/uploads\/sites\/4\/2021\/05\/Lukashenko-fuerza-el-desvio-de-un-vuelo-comercial-para-detener-scaled.jpg","datePublished":"2021-05-23T19:25:36+00:00","dateModified":"2021-05-23T19:25:43+00:00","author":{"@id":"https:\/\/hotnewsinworld.com\/es\/#\/schema\/person\/fe61448b21c0d59086e75fcc1f9d8f6b"},"breadcrumb":{"@id":"https:\/\/hotnewsinworld.com\/es\/lukashenko-fuerza-el-desvio-de-un-vuelo-comercial-para-detener-a-un-periodista-critico-con-el-regimen\/#breadcrumb"},"inLanguage":"es","potentialAction":[{"@type":"ReadAction","target":["https:\/\/hotnewsinworld.com\/es\/lukashenko-fuerza-el-desvio-de-un-vuelo-comercial-para-detener-a-un-periodista-critico-con-el-regimen\/"]}]},{"@type":"ImageObject","inLanguage":"es","@id":"https:\/\/hotnewsinworld.com\/es\/lukashenko-fuerza-el-desvio-de-un-vuelo-comercial-para-detener-a-un-periodista-critico-con-el-regimen\/#primaryimage","url":"https:\/\/hotnewsinworld.com\/es\/wp-content\/uploads\/sites\/4\/2021\/05\/Lukashenko-fuerza-el-desvio-de-un-vuelo-comercial-para-detener-scaled.jpg","contentUrl":"https:\/\/hotnewsinworld.com\/es\/wp-content\/uploads\/sites\/4\/2021\/05\/Lukashenko-fuerza-el-desvio-de-un-vuelo-comercial-para-detener-scaled.jpg","width":2560,"height":1883,"caption":"Lukashenko fuerza el desv\u00edo de un vuelo comercial para detener a un periodista cr\u00edtico con el r\u00e9gimen"},{"@type":"BreadcrumbList","@id":"https:\/\/hotnewsinworld.com\/es\/lukashenko-fuerza-el-desvio-de-un-vuelo-comercial-para-detener-a-un-periodista-critico-con-el-regimen\/#breadcrumb","itemListElement":[{"@type":"ListItem","position":1,"name":"\u0413\u043b\u0430\u0432\u043d\u0430\u044f \u0441\u0442\u0440\u0430\u043d\u0438\u0446\u0430","item":"https:\/\/hotnewsinworld.com\/es\/"},{"@type":"ListItem","position":2,"name":"Lukashenko fuerza el desv\u00edo de un vuelo comercial para detener a un periodista cr\u00edtico con el r\u00e9gimen"}]},{"@type":"WebSite","@id":"https:\/\/hotnewsinworld.com\/es\/#website","url":"https:\/\/hotnewsinworld.com\/es\/","name":"Hot News in World","description":"Hot News in World from Spain","potentialAction":[{"@type":"SearchAction","target":{"@type":"EntryPoint","urlTemplate":"https:\/\/hotnewsinworld.com\/es\/?s={search_term_string}"},"query-input":{"@type":"PropertyValueSpecification","valueRequired":true,"valueName":"search_term_string"}}],"inLanguage":"es"},{"@type":"Person","@id":"https:\/\/hotnewsinworld.com\/es\/#\/schema\/person\/fe61448b21c0d59086e75fcc1f9d8f6b","name":"hotnewsinworld","image":{"@type":"ImageObject","inLanguage":"es","@id":"https:\/\/secure.gravatar.com\/avatar\/8a09ac165600ce2e1c38fe593c63928eb1e6e7ba5c5a907d67787c41b3d00c14?s=96&d=mm&r=g","url":"https:\/\/secure.gravatar.com\/avatar\/8a09ac165600ce2e1c38fe593c63928eb1e6e7ba5c5a907d67787c41b3d00c14?s=96&d=mm&r=g","contentUrl":"https:\/\/secure.gravatar.com\/avatar\/8a09ac165600ce2e1c38fe593c63928eb1e6e7ba5c5a907d67787c41b3d00c14?s=96&d=mm&r=g","caption":"hotnewsinworld"},"url":"https:\/\/hotnewsinworld.com\/es\/author\/pt\/"}]}},"_links":{"self":[{"href":"https:\/\/hotnewsinworld.com\/es\/wp-json\/wp\/v2\/posts\/2551","targetHints":{"allow":["GET"]}}],"collection":[{"href":"https:\/\/hotnewsinworld.com\/es\/wp-json\/wp\/v2\/posts"}],"about":[{"href":"https:\/\/hotnewsinworld.com\/es\/wp-json\/wp\/v2\/types\/post"}],"author":[{"embeddable":true,"href":"https:\/\/hotnewsinworld.com\/es\/wp-json\/wp\/v2\/users\/2"}],"replies":[{"embeddable":true,"href":"https:\/\/hotnewsinworld.com\/es\/wp-json\/wp\/v2\/comments?post=2551"}],"version-history":[{"count":1,"href":"https:\/\/hotnewsinworld.com\/es\/wp-json\/wp\/v2\/posts\/2551\/revisions"}],"predecessor-version":[{"id":2553,"href":"https:\/\/hotnewsinworld.com\/es\/wp-json\/wp\/v2\/posts\/2551\/revisions\/2553"}],"wp:featuredmedia":[{"embeddable":true,"href":"https:\/\/hotnewsinworld.com\/es\/wp-json\/wp\/v2\/media\/2552"}],"wp:attachment":[{"href":"https:\/\/hotnewsinworld.com\/es\/wp-json\/wp\/v2\/media?parent=2551"}],"wp:term":[{"taxonomy":"category","embeddable":true,"href":"https:\/\/hotnewsinworld.com\/es\/wp-json\/wp\/v2\/categories?post=2551"},{"taxonomy":"post_tag","embeddable":true,"href":"https:\/\/hotnewsinworld.com\/es\/wp-json\/wp\/v2\/tags?post=2551"}],"curies":[{"name":"wp","href":"https:\/\/api.w.org\/{rel}","templated":true}]}}