{"id":2575,"date":"2021-05-25T23:45:48","date_gmt":"2021-05-25T20:45:48","guid":{"rendered":"https:\/\/hotnewsinworld.com\/es\/el-lider-del-polisario-ingresado-en-logrono-acepta-declarar-ante-la-audiencia-nacional\/"},"modified":"2021-05-25T23:45:50","modified_gmt":"2021-05-25T20:45:50","slug":"el-lider-del-polisario-ingresado-en-logrono-acepta-declarar-ante-la-audiencia-nacional","status":"publish","type":"post","link":"https:\/\/hotnewsinworld.com\/es\/el-lider-del-polisario-ingresado-en-logrono-acepta-declarar-ante-la-audiencia-nacional\/","title":{"rendered":"El l\u00edder del Polisario ingresado en Logro\u00f1o acepta declarar ante la Audiencia Nacional"},"content":{"rendered":"<p>El l\u00edder del Frente Polisario, Brahim Gali, declarar\u00e1 por v\u00eda telem\u00e1tica ante el juez Santiago Pedraz el pr\u00f3ximo 1 de junio, seg\u00fan han confirmado fuentes pr\u00f3ximas al movimiento saharaui. El titular del Juzgado Central de Instrucci\u00f3n N\u00famero 5 de la Audiencia Nacional le hab\u00eda dado este martes la opci\u00f3n de declarar por v\u00eda telem\u00e1tica si no estaba en condiciones de desplazarse a Madrid.El l\u00edder del Frente Polisario se encuentra internado desde el pasado 17 de abril en el hospital San Pedro de Logro\u00f1o (La Rioja) recuper\u00e1ndose de la covid-19. Lleg\u00f3 en un avi\u00f3n medicalizado de la Presidencia argelina en estado muy grave y fue registrado con nombre falso en el centro hospitalario por razones de seguridad.Gali, cuyo estado de salud ha mejorado notablemente en estas semanas, deber\u00e1 responder como imputado de las querellas interpuestas por un activista saharaui y por una asociaci\u00f3n pro derechos humanos. Hasta ahora, el responsable saharaui no hab\u00eda revelado si comparecer\u00eda voluntariamente ante el juez y no firm\u00f3 el recib\u00ed de la citaci\u00f3n judicial.Fuentes del Frente Polisario han expresado su confianza en la independencia del Poder Judicial en Espa\u00f1a y han asegurado que hasta ahora han guardado silencio porque no quer\u00edan interferir en su tarea como, en su opini\u00f3n, ha hecho Marruecos. En represalia por la llegada de Gali a Espa\u00f1a, Marruecos abri\u00f3 el 17 de mayo la frontera con Ceuta, lo que provoc\u00f3 la entrada irregular de m\u00e1s de 8.000 inmigrantes en 36 horas.<br \/>\n<br \/>\n<!--noindex--><br \/>\n<a href=\"https:\/\/elpais.com\/espana\/2021-05-25\/el-lider-del-polisario-ingresado-en-logrono-acepta-declarar-en-la-audiencia-nacional.html\" rel=\"nofollow\">Source link <\/a><br \/>\n<!--\/noindex--><\/p>\n","protected":false},"excerpt":{"rendered":"<p>El l\u00edder del Frente Polisario, Brahim Gali, declarar\u00e1 por v\u00eda telem\u00e1tica ante el juez Santiago Pedraz el pr\u00f3ximo 1 de junio, seg\u00fan han confirmado fuentes pr\u00f3ximas al movimiento saharaui. El titular del Juzgado Central de Instrucci\u00f3n N\u00famero 5 de la Audiencia Nacional le hab\u00eda dado este martes la opci\u00f3n de declarar por v\u00eda telem\u00e1tica si [&hellip;]<\/p>\n","protected":false},"author":2,"featured_media":2576,"comment_status":"open","ping_status":"open","sticky":false,"template":"","format":"standard","meta":{"footnotes":""},"categories":[1],"tags":[],"class_list":["post-2575","post","type-post","status-publish","format-standard","has-post-thumbnail","hentry","category-ultimas-noticias-financieras"],"yoast_head":"<!-- This site is optimized with the Yoast SEO plugin v27.4 - https:\/\/yoast.com\/product\/yoast-seo-wordpress\/ -->\n<title>El l\u00edder del Polisario ingresado en Logro\u00f1o acepta declarar ante la Audiencia Nacional - Hot News in World<\/title>\n<meta name=\"robots\" content=\"index, follow, max-snippet:-1, max-image-preview:large, max-video-preview:-1\" \/>\n<link rel=\"canonical\" href=\"https:\/\/hotnewsinworld.com\/es\/el-lider-del-polisario-ingresado-en-logrono-acepta-declarar-ante-la-audiencia-nacional\/\" \/>\n<meta property=\"og:locale\" content=\"es_ES\" \/>\n<meta property=\"og:type\" content=\"article\" \/>\n<meta property=\"og:title\" content=\"El l\u00edder del Polisario ingresado en Logro\u00f1o acepta declarar ante la Audiencia Nacional - Hot News in World\" \/>\n<meta property=\"og:description\" content=\"El l\u00edder del Frente Polisario, Brahim Gali, declarar\u00e1 por v\u00eda telem\u00e1tica ante el juez Santiago Pedraz el pr\u00f3ximo 1 de junio, seg\u00fan han confirmado fuentes pr\u00f3ximas al movimiento saharaui. El titular del Juzgado Central de Instrucci\u00f3n N\u00famero 5 de la Audiencia Nacional le hab\u00eda dado este martes la opci\u00f3n de declarar por v\u00eda telem\u00e1tica si [&hellip;]\" \/>\n<meta property=\"og:url\" content=\"https:\/\/hotnewsinworld.com\/es\/el-lider-del-polisario-ingresado-en-logrono-acepta-declarar-ante-la-audiencia-nacional\/\" \/>\n<meta property=\"og:site_name\" content=\"Hot News in World\" \/>\n<meta property=\"article:published_time\" content=\"2021-05-25T20:45:48+00:00\" \/>\n<meta property=\"article:modified_time\" content=\"2021-05-25T20:45:50+00:00\" \/>\n<meta property=\"og:image\" content=\"https:\/\/hotnewsinworld.com\/es\/wp-content\/uploads\/sites\/4\/2021\/05\/El-lider-del-Polisario-ingresado-en-Logrono-acepta-declarar-ante.jpg\" \/>\n\t<meta property=\"og:image:width\" content=\"980\" \/>\n\t<meta property=\"og:image:height\" content=\"652\" \/>\n\t<meta property=\"og:image:type\" content=\"image\/jpeg\" \/>\n<meta name=\"author\" content=\"hotnewsinworld\" \/>\n<meta name=\"twitter:card\" content=\"summary_large_image\" \/>\n<meta name=\"twitter:label1\" content=\"Escrito por\" \/>\n\t<meta name=\"twitter:data1\" content=\"hotnewsinworld\" \/>\n\t<meta name=\"twitter:label2\" content=\"Tiempo de lectura\" \/>\n\t<meta name=\"twitter:data2\" content=\"1 minuto\" \/>\n<script type=\"application\/ld+json\" class=\"yoast-schema-graph\">{\"@context\":\"https:\\\/\\\/schema.org\",\"@graph\":[{\"@type\":\"Article\",\"@id\":\"https:\\\/\\\/hotnewsinworld.com\\\/es\\\/el-lider-del-polisario-ingresado-en-logrono-acepta-declarar-ante-la-audiencia-nacional\\\/#article\",\"isPartOf\":{\"@id\":\"https:\\\/\\\/hotnewsinworld.com\\\/es\\\/el-lider-del-polisario-ingresado-en-logrono-acepta-declarar-ante-la-audiencia-nacional\\\/\"},\"author\":{\"name\":\"hotnewsinworld\",\"@id\":\"https:\\\/\\\/hotnewsinworld.com\\\/es\\\/#\\\/schema\\\/person\\\/fe61448b21c0d59086e75fcc1f9d8f6b\"},\"headline\":\"El l\u00edder del Polisario ingresado en Logro\u00f1o acepta declarar ante la Audiencia Nacional\",\"datePublished\":\"2021-05-25T20:45:48+00:00\",\"dateModified\":\"2021-05-25T20:45:50+00:00\",\"mainEntityOfPage\":{\"@id\":\"https:\\\/\\\/hotnewsinworld.com\\\/es\\\/el-lider-del-polisario-ingresado-en-logrono-acepta-declarar-ante-la-audiencia-nacional\\\/\"},\"wordCount\":278,\"commentCount\":0,\"image\":{\"@id\":\"https:\\\/\\\/hotnewsinworld.com\\\/es\\\/el-lider-del-polisario-ingresado-en-logrono-acepta-declarar-ante-la-audiencia-nacional\\\/#primaryimage\"},\"thumbnailUrl\":\"https:\\\/\\\/hotnewsinworld.com\\\/es\\\/wp-content\\\/uploads\\\/sites\\\/4\\\/2021\\\/05\\\/El-lider-del-Polisario-ingresado-en-Logrono-acepta-declarar-ante.jpg\",\"articleSection\":[\"\u00daLTIMAS NOTICIAS FINANCIERAS\"],\"inLanguage\":\"es\",\"potentialAction\":[{\"@type\":\"CommentAction\",\"name\":\"Comment\",\"target\":[\"https:\\\/\\\/hotnewsinworld.com\\\/es\\\/el-lider-del-polisario-ingresado-en-logrono-acepta-declarar-ante-la-audiencia-nacional\\\/#respond\"]}]},{\"@type\":\"WebPage\",\"@id\":\"https:\\\/\\\/hotnewsinworld.com\\\/es\\\/el-lider-del-polisario-ingresado-en-logrono-acepta-declarar-ante-la-audiencia-nacional\\\/\",\"url\":\"https:\\\/\\\/hotnewsinworld.com\\\/es\\\/el-lider-del-polisario-ingresado-en-logrono-acepta-declarar-ante-la-audiencia-nacional\\\/\",\"name\":\"El l\u00edder del Polisario ingresado en Logro\u00f1o acepta declarar ante la Audiencia Nacional - Hot News in World\",\"isPartOf\":{\"@id\":\"https:\\\/\\\/hotnewsinworld.com\\\/es\\\/#website\"},\"primaryImageOfPage\":{\"@id\":\"https:\\\/\\\/hotnewsinworld.com\\\/es\\\/el-lider-del-polisario-ingresado-en-logrono-acepta-declarar-ante-la-audiencia-nacional\\\/#primaryimage\"},\"image\":{\"@id\":\"https:\\\/\\\/hotnewsinworld.com\\\/es\\\/el-lider-del-polisario-ingresado-en-logrono-acepta-declarar-ante-la-audiencia-nacional\\\/#primaryimage\"},\"thumbnailUrl\":\"https:\\\/\\\/hotnewsinworld.com\\\/es\\\/wp-content\\\/uploads\\\/sites\\\/4\\\/2021\\\/05\\\/El-lider-del-Polisario-ingresado-en-Logrono-acepta-declarar-ante.jpg\",\"datePublished\":\"2021-05-25T20:45:48+00:00\",\"dateModified\":\"2021-05-25T20:45:50+00:00\",\"author\":{\"@id\":\"https:\\\/\\\/hotnewsinworld.com\\\/es\\\/#\\\/schema\\\/person\\\/fe61448b21c0d59086e75fcc1f9d8f6b\"},\"breadcrumb\":{\"@id\":\"https:\\\/\\\/hotnewsinworld.com\\\/es\\\/el-lider-del-polisario-ingresado-en-logrono-acepta-declarar-ante-la-audiencia-nacional\\\/#breadcrumb\"},\"inLanguage\":\"es\",\"potentialAction\":[{\"@type\":\"ReadAction\",\"target\":[\"https:\\\/\\\/hotnewsinworld.com\\\/es\\\/el-lider-del-polisario-ingresado-en-logrono-acepta-declarar-ante-la-audiencia-nacional\\\/\"]}]},{\"@type\":\"ImageObject\",\"inLanguage\":\"es\",\"@id\":\"https:\\\/\\\/hotnewsinworld.com\\\/es\\\/el-lider-del-polisario-ingresado-en-logrono-acepta-declarar-ante-la-audiencia-nacional\\\/#primaryimage\",\"url\":\"https:\\\/\\\/hotnewsinworld.com\\\/es\\\/wp-content\\\/uploads\\\/sites\\\/4\\\/2021\\\/05\\\/El-lider-del-Polisario-ingresado-en-Logrono-acepta-declarar-ante.jpg\",\"contentUrl\":\"https:\\\/\\\/hotnewsinworld.com\\\/es\\\/wp-content\\\/uploads\\\/sites\\\/4\\\/2021\\\/05\\\/El-lider-del-Polisario-ingresado-en-Logrono-acepta-declarar-ante.jpg\",\"width\":980,\"height\":652,\"caption\":\"El l\u00edder del Polisario ingresado en Logro\u00f1o acepta declarar ante la Audiencia Nacional\"},{\"@type\":\"BreadcrumbList\",\"@id\":\"https:\\\/\\\/hotnewsinworld.com\\\/es\\\/el-lider-del-polisario-ingresado-en-logrono-acepta-declarar-ante-la-audiencia-nacional\\\/#breadcrumb\",\"itemListElement\":[{\"@type\":\"ListItem\",\"position\":1,\"name\":\"\u0413\u043b\u0430\u0432\u043d\u0430\u044f \u0441\u0442\u0440\u0430\u043d\u0438\u0446\u0430\",\"item\":\"https:\\\/\\\/hotnewsinworld.com\\\/es\\\/\"},{\"@type\":\"ListItem\",\"position\":2,\"name\":\"El l\u00edder del Polisario ingresado en Logro\u00f1o acepta declarar ante la Audiencia Nacional\"}]},{\"@type\":\"WebSite\",\"@id\":\"https:\\\/\\\/hotnewsinworld.com\\\/es\\\/#website\",\"url\":\"https:\\\/\\\/hotnewsinworld.com\\\/es\\\/\",\"name\":\"Hot News in World\",\"description\":\"Hot News in World from Spain\",\"potentialAction\":[{\"@type\":\"SearchAction\",\"target\":{\"@type\":\"EntryPoint\",\"urlTemplate\":\"https:\\\/\\\/hotnewsinworld.com\\\/es\\\/?s={search_term_string}\"},\"query-input\":{\"@type\":\"PropertyValueSpecification\",\"valueRequired\":true,\"valueName\":\"search_term_string\"}}],\"inLanguage\":\"es\"},{\"@type\":\"Person\",\"@id\":\"https:\\\/\\\/hotnewsinworld.com\\\/es\\\/#\\\/schema\\\/person\\\/fe61448b21c0d59086e75fcc1f9d8f6b\",\"name\":\"hotnewsinworld\",\"image\":{\"@type\":\"ImageObject\",\"inLanguage\":\"es\",\"@id\":\"https:\\\/\\\/secure.gravatar.com\\\/avatar\\\/8a09ac165600ce2e1c38fe593c63928eb1e6e7ba5c5a907d67787c41b3d00c14?s=96&d=mm&r=g\",\"url\":\"https:\\\/\\\/secure.gravatar.com\\\/avatar\\\/8a09ac165600ce2e1c38fe593c63928eb1e6e7ba5c5a907d67787c41b3d00c14?s=96&d=mm&r=g\",\"contentUrl\":\"https:\\\/\\\/secure.gravatar.com\\\/avatar\\\/8a09ac165600ce2e1c38fe593c63928eb1e6e7ba5c5a907d67787c41b3d00c14?s=96&d=mm&r=g\",\"caption\":\"hotnewsinworld\"},\"url\":\"https:\\\/\\\/hotnewsinworld.com\\\/es\\\/author\\\/pt\\\/\"}]}<\/script>\n<!-- \/ Yoast SEO plugin. -->","yoast_head_json":{"title":"El l\u00edder del Polisario ingresado en Logro\u00f1o acepta declarar ante la Audiencia Nacional - Hot News in World","robots":{"index":"index","follow":"follow","max-snippet":"max-snippet:-1","max-image-preview":"max-image-preview:large","max-video-preview":"max-video-preview:-1"},"canonical":"https:\/\/hotnewsinworld.com\/es\/el-lider-del-polisario-ingresado-en-logrono-acepta-declarar-ante-la-audiencia-nacional\/","og_locale":"es_ES","og_type":"article","og_title":"El l\u00edder del Polisario ingresado en Logro\u00f1o acepta declarar ante la Audiencia Nacional - Hot News in World","og_description":"El l\u00edder del Frente Polisario, Brahim Gali, declarar\u00e1 por v\u00eda telem\u00e1tica ante el juez Santiago Pedraz el pr\u00f3ximo 1 de junio, seg\u00fan han confirmado fuentes pr\u00f3ximas al movimiento saharaui. El titular del Juzgado Central de Instrucci\u00f3n N\u00famero 5 de la Audiencia Nacional le hab\u00eda dado este martes la opci\u00f3n de declarar por v\u00eda telem\u00e1tica si [&hellip;]","og_url":"https:\/\/hotnewsinworld.com\/es\/el-lider-del-polisario-ingresado-en-logrono-acepta-declarar-ante-la-audiencia-nacional\/","og_site_name":"Hot News in World","article_published_time":"2021-05-25T20:45:48+00:00","article_modified_time":"2021-05-25T20:45:50+00:00","og_image":[{"width":980,"height":652,"url":"https:\/\/hotnewsinworld.com\/es\/wp-content\/uploads\/sites\/4\/2021\/05\/El-lider-del-Polisario-ingresado-en-Logrono-acepta-declarar-ante.jpg","type":"image\/jpeg"}],"author":"hotnewsinworld","twitter_card":"summary_large_image","twitter_misc":{"Escrito por":"hotnewsinworld","Tiempo de lectura":"1 minuto"},"schema":{"@context":"https:\/\/schema.org","@graph":[{"@type":"Article","@id":"https:\/\/hotnewsinworld.com\/es\/el-lider-del-polisario-ingresado-en-logrono-acepta-declarar-ante-la-audiencia-nacional\/#article","isPartOf":{"@id":"https:\/\/hotnewsinworld.com\/es\/el-lider-del-polisario-ingresado-en-logrono-acepta-declarar-ante-la-audiencia-nacional\/"},"author":{"name":"hotnewsinworld","@id":"https:\/\/hotnewsinworld.com\/es\/#\/schema\/person\/fe61448b21c0d59086e75fcc1f9d8f6b"},"headline":"El l\u00edder del Polisario ingresado en Logro\u00f1o acepta declarar ante la Audiencia Nacional","datePublished":"2021-05-25T20:45:48+00:00","dateModified":"2021-05-25T20:45:50+00:00","mainEntityOfPage":{"@id":"https:\/\/hotnewsinworld.com\/es\/el-lider-del-polisario-ingresado-en-logrono-acepta-declarar-ante-la-audiencia-nacional\/"},"wordCount":278,"commentCount":0,"image":{"@id":"https:\/\/hotnewsinworld.com\/es\/el-lider-del-polisario-ingresado-en-logrono-acepta-declarar-ante-la-audiencia-nacional\/#primaryimage"},"thumbnailUrl":"https:\/\/hotnewsinworld.com\/es\/wp-content\/uploads\/sites\/4\/2021\/05\/El-lider-del-Polisario-ingresado-en-Logrono-acepta-declarar-ante.jpg","articleSection":["\u00daLTIMAS NOTICIAS FINANCIERAS"],"inLanguage":"es","potentialAction":[{"@type":"CommentAction","name":"Comment","target":["https:\/\/hotnewsinworld.com\/es\/el-lider-del-polisario-ingresado-en-logrono-acepta-declarar-ante-la-audiencia-nacional\/#respond"]}]},{"@type":"WebPage","@id":"https:\/\/hotnewsinworld.com\/es\/el-lider-del-polisario-ingresado-en-logrono-acepta-declarar-ante-la-audiencia-nacional\/","url":"https:\/\/hotnewsinworld.com\/es\/el-lider-del-polisario-ingresado-en-logrono-acepta-declarar-ante-la-audiencia-nacional\/","name":"El l\u00edder del Polisario ingresado en Logro\u00f1o acepta declarar ante la Audiencia Nacional - Hot News in World","isPartOf":{"@id":"https:\/\/hotnewsinworld.com\/es\/#website"},"primaryImageOfPage":{"@id":"https:\/\/hotnewsinworld.com\/es\/el-lider-del-polisario-ingresado-en-logrono-acepta-declarar-ante-la-audiencia-nacional\/#primaryimage"},"image":{"@id":"https:\/\/hotnewsinworld.com\/es\/el-lider-del-polisario-ingresado-en-logrono-acepta-declarar-ante-la-audiencia-nacional\/#primaryimage"},"thumbnailUrl":"https:\/\/hotnewsinworld.com\/es\/wp-content\/uploads\/sites\/4\/2021\/05\/El-lider-del-Polisario-ingresado-en-Logrono-acepta-declarar-ante.jpg","datePublished":"2021-05-25T20:45:48+00:00","dateModified":"2021-05-25T20:45:50+00:00","author":{"@id":"https:\/\/hotnewsinworld.com\/es\/#\/schema\/person\/fe61448b21c0d59086e75fcc1f9d8f6b"},"breadcrumb":{"@id":"https:\/\/hotnewsinworld.com\/es\/el-lider-del-polisario-ingresado-en-logrono-acepta-declarar-ante-la-audiencia-nacional\/#breadcrumb"},"inLanguage":"es","potentialAction":[{"@type":"ReadAction","target":["https:\/\/hotnewsinworld.com\/es\/el-lider-del-polisario-ingresado-en-logrono-acepta-declarar-ante-la-audiencia-nacional\/"]}]},{"@type":"ImageObject","inLanguage":"es","@id":"https:\/\/hotnewsinworld.com\/es\/el-lider-del-polisario-ingresado-en-logrono-acepta-declarar-ante-la-audiencia-nacional\/#primaryimage","url":"https:\/\/hotnewsinworld.com\/es\/wp-content\/uploads\/sites\/4\/2021\/05\/El-lider-del-Polisario-ingresado-en-Logrono-acepta-declarar-ante.jpg","contentUrl":"https:\/\/hotnewsinworld.com\/es\/wp-content\/uploads\/sites\/4\/2021\/05\/El-lider-del-Polisario-ingresado-en-Logrono-acepta-declarar-ante.jpg","width":980,"height":652,"caption":"El l\u00edder del Polisario ingresado en Logro\u00f1o acepta declarar ante la Audiencia Nacional"},{"@type":"BreadcrumbList","@id":"https:\/\/hotnewsinworld.com\/es\/el-lider-del-polisario-ingresado-en-logrono-acepta-declarar-ante-la-audiencia-nacional\/#breadcrumb","itemListElement":[{"@type":"ListItem","position":1,"name":"\u0413\u043b\u0430\u0432\u043d\u0430\u044f \u0441\u0442\u0440\u0430\u043d\u0438\u0446\u0430","item":"https:\/\/hotnewsinworld.com\/es\/"},{"@type":"ListItem","position":2,"name":"El l\u00edder del Polisario ingresado en Logro\u00f1o acepta declarar ante la Audiencia Nacional"}]},{"@type":"WebSite","@id":"https:\/\/hotnewsinworld.com\/es\/#website","url":"https:\/\/hotnewsinworld.com\/es\/","name":"Hot News in World","description":"Hot News in World from Spain","potentialAction":[{"@type":"SearchAction","target":{"@type":"EntryPoint","urlTemplate":"https:\/\/hotnewsinworld.com\/es\/?s={search_term_string}"},"query-input":{"@type":"PropertyValueSpecification","valueRequired":true,"valueName":"search_term_string"}}],"inLanguage":"es"},{"@type":"Person","@id":"https:\/\/hotnewsinworld.com\/es\/#\/schema\/person\/fe61448b21c0d59086e75fcc1f9d8f6b","name":"hotnewsinworld","image":{"@type":"ImageObject","inLanguage":"es","@id":"https:\/\/secure.gravatar.com\/avatar\/8a09ac165600ce2e1c38fe593c63928eb1e6e7ba5c5a907d67787c41b3d00c14?s=96&d=mm&r=g","url":"https:\/\/secure.gravatar.com\/avatar\/8a09ac165600ce2e1c38fe593c63928eb1e6e7ba5c5a907d67787c41b3d00c14?s=96&d=mm&r=g","contentUrl":"https:\/\/secure.gravatar.com\/avatar\/8a09ac165600ce2e1c38fe593c63928eb1e6e7ba5c5a907d67787c41b3d00c14?s=96&d=mm&r=g","caption":"hotnewsinworld"},"url":"https:\/\/hotnewsinworld.com\/es\/author\/pt\/"}]}},"_links":{"self":[{"href":"https:\/\/hotnewsinworld.com\/es\/wp-json\/wp\/v2\/posts\/2575","targetHints":{"allow":["GET"]}}],"collection":[{"href":"https:\/\/hotnewsinworld.com\/es\/wp-json\/wp\/v2\/posts"}],"about":[{"href":"https:\/\/hotnewsinworld.com\/es\/wp-json\/wp\/v2\/types\/post"}],"author":[{"embeddable":true,"href":"https:\/\/hotnewsinworld.com\/es\/wp-json\/wp\/v2\/users\/2"}],"replies":[{"embeddable":true,"href":"https:\/\/hotnewsinworld.com\/es\/wp-json\/wp\/v2\/comments?post=2575"}],"version-history":[{"count":1,"href":"https:\/\/hotnewsinworld.com\/es\/wp-json\/wp\/v2\/posts\/2575\/revisions"}],"predecessor-version":[{"id":2577,"href":"https:\/\/hotnewsinworld.com\/es\/wp-json\/wp\/v2\/posts\/2575\/revisions\/2577"}],"wp:featuredmedia":[{"embeddable":true,"href":"https:\/\/hotnewsinworld.com\/es\/wp-json\/wp\/v2\/media\/2576"}],"wp:attachment":[{"href":"https:\/\/hotnewsinworld.com\/es\/wp-json\/wp\/v2\/media?parent=2575"}],"wp:term":[{"taxonomy":"category","embeddable":true,"href":"https:\/\/hotnewsinworld.com\/es\/wp-json\/wp\/v2\/categories?post=2575"},{"taxonomy":"post_tag","embeddable":true,"href":"https:\/\/hotnewsinworld.com\/es\/wp-json\/wp\/v2\/tags?post=2575"}],"curies":[{"name":"wp","href":"https:\/\/api.w.org\/{rel}","templated":true}]}}