{"id":2593,"date":"2021-05-27T11:56:58","date_gmt":"2021-05-27T08:56:58","guid":{"rendered":"https:\/\/hotnewsinworld.com\/es\/el-gran-vertedero-de-barcelona-tiembla-15-anos-despues-de-su-cierre\/"},"modified":"2021-05-27T11:57:03","modified_gmt":"2021-05-27T08:57:03","slug":"el-gran-vertedero-de-barcelona-tiembla-15-anos-despues-de-su-cierre","status":"publish","type":"post","link":"https:\/\/hotnewsinworld.com\/es\/el-gran-vertedero-de-barcelona-tiembla-15-anos-despues-de-su-cierre\/","title":{"rendered":"El gran vertedero de Barcelona tiembla 15 a\u00f1os despu\u00e9s de su cierre"},"content":{"rendered":"<p>Zona restaurada del vertedero controlado de la Vall d&#8217;en Joan.Albert GarciaLos vecinos de la urbanizaci\u00f3n Plana Novella viven, aparentemente, en un sitio privilegiado. El centenar y medio de chal\u00e9s est\u00e1n repartidos en pleno coraz\u00f3n del parque natural del Garraf, una ubicaci\u00f3n que permite tener contacto directo con una naturaleza fastuosa, a la vez que se disfruta de una visi\u00f3n panor\u00e1mica sobre el mar cerca de la ciudad de Barcelona. Todo ello no hace que los vecinos respiren tranquilos. Tras la loma tapizada de \u00e1rboles que ven desde la ventana se esconde el vertedero de la Vall de Joan, el que durante d\u00e9cadas fue destino de toneladas de basura generada en la capital catalana y el \u00e1rea metropolitana. Est\u00e1 clausurado desde hace quince a\u00f1os pero aquellos que viven cerca de \u00e9l le siguen temiendo.M\u00e1s informaci\u00f3nLa urbanizaci\u00f3n Plana Novella pertenece al municipio de Olivella (Garraf), pero una estrecha carretera de curvas en herradura la deja aislada de cualquier n\u00facleo habitado. A 300 metros de altura, parece cumplir todos los requisitos para reivindicarse como zona de sosiego y aire puro. Incluso hay un monasterio budista. \u201cAqu\u00ed las noches son noches, no hay contaminaci\u00f3n lum\u00ednica\u201d, cuenta Cristina Lluent, propietaria de un suntuoso chal\u00e9 con vistas imponentes, antes de revelar que, en ese entorno, la incertidumbre se siente por aquello que no se ve.Una monta\u00f1a de basura El vertedero de la Vall de Joan se clausur\u00f3 hace quince a\u00f1os pero, bajo tierra, fermentan m\u00e1s de 26 millones de toneladas de basura. Son los desperdicios y desechos que gener\u00f3 Barcelona y su \u00e1rea metropolitana durante tres d\u00e9cadas. En 2018, una inyecci\u00f3n de 27,7 millones de euros desbloque\u00f3 la restauraci\u00f3n, tras ocho a\u00f1os parada, de los terrenos del viejo vertedero. Esta vez son los gases que emanan de las basuras lo que genera controversia pero en otras ocasiones las quejas aludieron a los miles de litros de lixiviados que rezuman hacia pozos y aguas subterr\u00e1neas.Las toneladas de basura latente que hay acumuladas en el cercano vertedero del Garraf han activado los temores vecinales desde que percibieron varios temblores de tierra. \u201cLo que hay enterrado es una bomba de relojer\u00eda\u201d, advierte Cristina. Se refiere a la acumulaci\u00f3n de gases t\u00f3xicos que almacena el subsuelo del macizo y que, seg\u00fan temen los vecinos, son la causa de los latigazos s\u00edsmicos registrados en las \u00faltimas semanas. El m\u00e1s notorio fue el del d\u00eda 11 de mayo, y se percibi\u00f3 tambi\u00e9n desde municipios m\u00e1s alejados, como Olivella y Begues. Fue poco despu\u00e9s de las cuatro de la tarde.\u201cYo estaba trabajando en casa y not\u00e9 como un estruendo, los vecinos salimos a la calle para averiguar qu\u00e9 estaba pasando\u201d, recuerda Rodrigo Valdivieso, residente en Plana Novella. Tambi\u00e9n vive all\u00ed Gemma Caballero, junto con su pareja y tres hijos. \u201cEl ni\u00f1o de cinco a\u00f1os sali\u00f3 de su habitaci\u00f3n asustado y preguntando qu\u00e9 hab\u00eda sido aquello\u201d, dice la madre. \u201cPara mi fue como si se moviera la tierra de debajo de mi casa, pens\u00e9 que la parcela se nos desplomaba\u201d, detalla. A su pareja, que estaba teletrabajando, le dio la impresi\u00f3n que los ni\u00f1os estaban enredando m\u00e1s de la cuenta: \u201cdel golpe que o\u00ed, pens\u00e9 que se hab\u00eda ca\u00eddo la litera\u201d. Su chal\u00e9, una planta baja, presenta grietas en varias esquinas. Ellos afirman que se deben al temblor del pasado d\u00eda 11.El grupo de WhatsApp vecinal, creado como mecanismo de aviso ante la presencia de extra\u00f1os no identificados, ech\u00f3 humo aquel d\u00eda. \u201cValoramos var\u00edas posibilidades\u201d, indica Cristina Lluent. Una de las primeras opciones era que alguna de las canteras que hay en las costas del Garraf estuviera realizando trabajos de detonaci\u00f3n. \u201cIncluso hemos contactado con la Guardia Civil, porque supervisa las actuaciones de este tipo, y nos han negado que hubiera nada de eso\u201d, dice.Dada la proximidad del aeropuerto y atendiendo al estr\u00e9pito que se not\u00f3 en algunas casas, otra opci\u00f3n que se baraj\u00f3 fue un accidente de avi\u00f3n. \u201cPero tampoco\u201d, insiste Cristina. El Instituto Cartogr\u00e1fico y Geol\u00f3gico de Catalu\u00f1a (ICGC) dio constancia aquel d\u00eda de un temblor de 2,3 grados en la zona del Garraf. Se le ha requerido para que emita un informe sobre las posibles causas pero, de momento, solo ha concretado que no fue de origen tect\u00f3nico.Josep Maria Comas es espele\u00f3logo de la Uni\u00f3 Muntanyenca Erampruny\u00e0 (UME), una entidad con sede en Gav\u00e0 y que participa en una investigaci\u00f3n para evaluar la concentraci\u00f3n de gases en los avernos del macizo del Garraf. Tienen sondas colocadas en varias cuevas y grietas y, afirma Comas, \u201cdesde hace un a\u00f1o la atm\u00f3sfera de los avernos ha ido a peor, e incluso hay sitios donde es peligroso entrar porque hay concentraciones elevadas de metano y de CO2\u201d. En su estudio, los espele\u00f3logos cuentan con el apoyo de la Universidad de Almer\u00eda, que desarroll\u00f3 un m\u00e9todo de control del aire de las cuevas tur\u00edsticas para asegurar su conservaci\u00f3n y fijar un tope de visitantes. Comas avisa que lo que se cuece debajo del vertedero no es un problema menor. \u201cQue nadie piense que esto afecta solo al subsuelo, estos gases salen a la superficie y, si se dan unas condiciones atmosf\u00e9ricas determinadas, las corrientes llevan estas bolsas de aire contaminado sobre n\u00facleos habitados, como Castelldefels y Gav\u00e0\u201d.El Ayuntamiento de Gav\u00e0 ha reclamado al \u00c1rea Metropolitana de Barcelona (AMB), entidad que gestiona el vertedero, que investigue las causas de los temblores. El AMB manifiesta que est\u00e1 a la espera del informe que emita el Instituto Cartogr\u00e1fico de Catalu\u00f1a y que, si procede, realizar\u00e1n las \u201cactuaciones oportunas\u201d. Joan Miquel Trullols, director del servicio de prevenci\u00f3n y gesti\u00f3n de residuos de AMB, en declaraciones a TV3 ha admitido la acumulaci\u00f3n de gases pero lo cataloga como un \u201cefecto temporal\u201d. Unas obras de impermeabilizaci\u00f3n de la superficie del antiguo vertedero habr\u00edan inutilizado la red de pozos que canalizan el biog\u00e1s que emana de la basura enterrada. Seg\u00fan Trullols, cuando los trabajos terminen, \u201cel impacto ser\u00e1 menor\u201d. \u201dAunque desde arriba parezca una alfombra verde, es un vertedero que est\u00e1 vivo, que esconde un estercolero y el AMB dispone de presupuesto y de medios t\u00e9cnicos para gestionarlo de manera correcta\u201d, reclama Cristina Lluent.Una monta\u00f1a de basuraEl vertedero de la Vall de Joan se clausur\u00f3 hace quince a\u00f1os pero, bajo tierra, fermentan m\u00e1s de 26 millones de toneladas de basura. Son los desperdicios y desechos que gener\u00f3 Barcelona y su \u00e1rea metropolitana durante tres d\u00e9cadas. En 2018, una inyecci\u00f3n de 27,7 millones de euros desbloque\u00f3 la restauraci\u00f3n, tras ocho a\u00f1os parada, de los terrenos del viejo vertedero. Esta vez son los gases que emanan de las basuras lo que genera controversia pero en otras ocasiones las quejas aludieron a los miles de litros de lixiviados que rezuman hacia pozos y aguas subterr\u00e1neas.<br \/>\n<br \/>\n<!--noindex--><br \/>\n<a href=\"https:\/\/elpais.com\/espana\/catalunya\/2021-05-27\/el-gran-vertedero-de-barcelona-tiembla-15-anos-despues-de-su-cierre.html\" rel=\"nofollow\">Source link <\/a><br \/>\n<!--\/noindex--><\/p>\n","protected":false},"excerpt":{"rendered":"<p>Zona restaurada del vertedero controlado de la Vall d&#8217;en Joan.Albert GarciaLos vecinos de la urbanizaci\u00f3n Plana Novella viven, aparentemente, en un sitio privilegiado. El centenar y medio de chal\u00e9s est\u00e1n repartidos en pleno coraz\u00f3n del parque natural del Garraf, una ubicaci\u00f3n que permite tener contacto directo con una naturaleza fastuosa, a la vez que se [&hellip;]<\/p>\n","protected":false},"author":2,"featured_media":2594,"comment_status":"open","ping_status":"open","sticky":false,"template":"","format":"standard","meta":{"footnotes":""},"categories":[1],"tags":[],"class_list":["post-2593","post","type-post","status-publish","format-standard","has-post-thumbnail","hentry","category-ultimas-noticias-financieras"],"yoast_head":"<!-- This site is optimized with the Yoast SEO plugin v27.4 - https:\/\/yoast.com\/product\/yoast-seo-wordpress\/ -->\n<title>El gran vertedero de Barcelona tiembla 15 a\u00f1os despu\u00e9s de su cierre - Hot News in World<\/title>\n<meta name=\"robots\" content=\"index, follow, max-snippet:-1, max-image-preview:large, max-video-preview:-1\" \/>\n<link rel=\"canonical\" href=\"https:\/\/hotnewsinworld.com\/es\/el-gran-vertedero-de-barcelona-tiembla-15-anos-despues-de-su-cierre\/\" \/>\n<meta property=\"og:locale\" content=\"es_ES\" \/>\n<meta property=\"og:type\" content=\"article\" \/>\n<meta property=\"og:title\" content=\"El gran vertedero de Barcelona tiembla 15 a\u00f1os despu\u00e9s de su cierre - Hot News in World\" \/>\n<meta property=\"og:description\" content=\"Zona restaurada del vertedero controlado de la Vall d&#8217;en Joan.Albert GarciaLos vecinos de la urbanizaci\u00f3n Plana Novella viven, aparentemente, en un sitio privilegiado. El centenar y medio de chal\u00e9s est\u00e1n repartidos en pleno coraz\u00f3n del parque natural del Garraf, una ubicaci\u00f3n que permite tener contacto directo con una naturaleza fastuosa, a la vez que se [&hellip;]\" \/>\n<meta property=\"og:url\" content=\"https:\/\/hotnewsinworld.com\/es\/el-gran-vertedero-de-barcelona-tiembla-15-anos-despues-de-su-cierre\/\" \/>\n<meta property=\"og:site_name\" content=\"Hot News in World\" \/>\n<meta property=\"article:published_time\" content=\"2021-05-27T08:56:58+00:00\" \/>\n<meta property=\"article:modified_time\" content=\"2021-05-27T08:57:03+00:00\" \/>\n<meta property=\"og:image\" content=\"https:\/\/hotnewsinworld.com\/es\/wp-content\/uploads\/sites\/4\/2021\/05\/El-gran-vertedero-de-Barcelona-tiembla-15-anos-despues-de.jpg\" \/>\n\t<meta property=\"og:image:width\" content=\"980\" \/>\n\t<meta property=\"og:image:height\" content=\"561\" \/>\n\t<meta property=\"og:image:type\" content=\"image\/jpeg\" \/>\n<meta name=\"author\" content=\"hotnewsinworld\" \/>\n<meta name=\"twitter:card\" content=\"summary_large_image\" \/>\n<meta name=\"twitter:label1\" content=\"Escrito por\" \/>\n\t<meta name=\"twitter:data1\" content=\"hotnewsinworld\" \/>\n\t<meta name=\"twitter:label2\" content=\"Tiempo de lectura\" \/>\n\t<meta name=\"twitter:data2\" content=\"6 minutos\" \/>\n<script type=\"application\/ld+json\" class=\"yoast-schema-graph\">{\"@context\":\"https:\\\/\\\/schema.org\",\"@graph\":[{\"@type\":\"Article\",\"@id\":\"https:\\\/\\\/hotnewsinworld.com\\\/es\\\/el-gran-vertedero-de-barcelona-tiembla-15-anos-despues-de-su-cierre\\\/#article\",\"isPartOf\":{\"@id\":\"https:\\\/\\\/hotnewsinworld.com\\\/es\\\/el-gran-vertedero-de-barcelona-tiembla-15-anos-despues-de-su-cierre\\\/\"},\"author\":{\"name\":\"hotnewsinworld\",\"@id\":\"https:\\\/\\\/hotnewsinworld.com\\\/es\\\/#\\\/schema\\\/person\\\/fe61448b21c0d59086e75fcc1f9d8f6b\"},\"headline\":\"El gran vertedero de Barcelona tiembla 15 a\u00f1os despu\u00e9s de su cierre\",\"datePublished\":\"2021-05-27T08:56:58+00:00\",\"dateModified\":\"2021-05-27T08:57:03+00:00\",\"mainEntityOfPage\":{\"@id\":\"https:\\\/\\\/hotnewsinworld.com\\\/es\\\/el-gran-vertedero-de-barcelona-tiembla-15-anos-despues-de-su-cierre\\\/\"},\"wordCount\":1213,\"commentCount\":0,\"image\":{\"@id\":\"https:\\\/\\\/hotnewsinworld.com\\\/es\\\/el-gran-vertedero-de-barcelona-tiembla-15-anos-despues-de-su-cierre\\\/#primaryimage\"},\"thumbnailUrl\":\"https:\\\/\\\/hotnewsinworld.com\\\/es\\\/wp-content\\\/uploads\\\/sites\\\/4\\\/2021\\\/05\\\/El-gran-vertedero-de-Barcelona-tiembla-15-anos-despues-de.jpg\",\"articleSection\":[\"\u00daLTIMAS NOTICIAS FINANCIERAS\"],\"inLanguage\":\"es\",\"potentialAction\":[{\"@type\":\"CommentAction\",\"name\":\"Comment\",\"target\":[\"https:\\\/\\\/hotnewsinworld.com\\\/es\\\/el-gran-vertedero-de-barcelona-tiembla-15-anos-despues-de-su-cierre\\\/#respond\"]}]},{\"@type\":\"WebPage\",\"@id\":\"https:\\\/\\\/hotnewsinworld.com\\\/es\\\/el-gran-vertedero-de-barcelona-tiembla-15-anos-despues-de-su-cierre\\\/\",\"url\":\"https:\\\/\\\/hotnewsinworld.com\\\/es\\\/el-gran-vertedero-de-barcelona-tiembla-15-anos-despues-de-su-cierre\\\/\",\"name\":\"El gran vertedero de Barcelona tiembla 15 a\u00f1os despu\u00e9s de su cierre - Hot News in World\",\"isPartOf\":{\"@id\":\"https:\\\/\\\/hotnewsinworld.com\\\/es\\\/#website\"},\"primaryImageOfPage\":{\"@id\":\"https:\\\/\\\/hotnewsinworld.com\\\/es\\\/el-gran-vertedero-de-barcelona-tiembla-15-anos-despues-de-su-cierre\\\/#primaryimage\"},\"image\":{\"@id\":\"https:\\\/\\\/hotnewsinworld.com\\\/es\\\/el-gran-vertedero-de-barcelona-tiembla-15-anos-despues-de-su-cierre\\\/#primaryimage\"},\"thumbnailUrl\":\"https:\\\/\\\/hotnewsinworld.com\\\/es\\\/wp-content\\\/uploads\\\/sites\\\/4\\\/2021\\\/05\\\/El-gran-vertedero-de-Barcelona-tiembla-15-anos-despues-de.jpg\",\"datePublished\":\"2021-05-27T08:56:58+00:00\",\"dateModified\":\"2021-05-27T08:57:03+00:00\",\"author\":{\"@id\":\"https:\\\/\\\/hotnewsinworld.com\\\/es\\\/#\\\/schema\\\/person\\\/fe61448b21c0d59086e75fcc1f9d8f6b\"},\"breadcrumb\":{\"@id\":\"https:\\\/\\\/hotnewsinworld.com\\\/es\\\/el-gran-vertedero-de-barcelona-tiembla-15-anos-despues-de-su-cierre\\\/#breadcrumb\"},\"inLanguage\":\"es\",\"potentialAction\":[{\"@type\":\"ReadAction\",\"target\":[\"https:\\\/\\\/hotnewsinworld.com\\\/es\\\/el-gran-vertedero-de-barcelona-tiembla-15-anos-despues-de-su-cierre\\\/\"]}]},{\"@type\":\"ImageObject\",\"inLanguage\":\"es\",\"@id\":\"https:\\\/\\\/hotnewsinworld.com\\\/es\\\/el-gran-vertedero-de-barcelona-tiembla-15-anos-despues-de-su-cierre\\\/#primaryimage\",\"url\":\"https:\\\/\\\/hotnewsinworld.com\\\/es\\\/wp-content\\\/uploads\\\/sites\\\/4\\\/2021\\\/05\\\/El-gran-vertedero-de-Barcelona-tiembla-15-anos-despues-de.jpg\",\"contentUrl\":\"https:\\\/\\\/hotnewsinworld.com\\\/es\\\/wp-content\\\/uploads\\\/sites\\\/4\\\/2021\\\/05\\\/El-gran-vertedero-de-Barcelona-tiembla-15-anos-despues-de.jpg\",\"width\":980,\"height\":561,\"caption\":\"El gran vertedero de Barcelona tiembla 15 a\u00f1os despu\u00e9s de su cierre\"},{\"@type\":\"BreadcrumbList\",\"@id\":\"https:\\\/\\\/hotnewsinworld.com\\\/es\\\/el-gran-vertedero-de-barcelona-tiembla-15-anos-despues-de-su-cierre\\\/#breadcrumb\",\"itemListElement\":[{\"@type\":\"ListItem\",\"position\":1,\"name\":\"\u0413\u043b\u0430\u0432\u043d\u0430\u044f \u0441\u0442\u0440\u0430\u043d\u0438\u0446\u0430\",\"item\":\"https:\\\/\\\/hotnewsinworld.com\\\/es\\\/\"},{\"@type\":\"ListItem\",\"position\":2,\"name\":\"El gran vertedero de Barcelona tiembla 15 a\u00f1os despu\u00e9s de su cierre\"}]},{\"@type\":\"WebSite\",\"@id\":\"https:\\\/\\\/hotnewsinworld.com\\\/es\\\/#website\",\"url\":\"https:\\\/\\\/hotnewsinworld.com\\\/es\\\/\",\"name\":\"Hot News in World\",\"description\":\"Hot News in World from Spain\",\"potentialAction\":[{\"@type\":\"SearchAction\",\"target\":{\"@type\":\"EntryPoint\",\"urlTemplate\":\"https:\\\/\\\/hotnewsinworld.com\\\/es\\\/?s={search_term_string}\"},\"query-input\":{\"@type\":\"PropertyValueSpecification\",\"valueRequired\":true,\"valueName\":\"search_term_string\"}}],\"inLanguage\":\"es\"},{\"@type\":\"Person\",\"@id\":\"https:\\\/\\\/hotnewsinworld.com\\\/es\\\/#\\\/schema\\\/person\\\/fe61448b21c0d59086e75fcc1f9d8f6b\",\"name\":\"hotnewsinworld\",\"image\":{\"@type\":\"ImageObject\",\"inLanguage\":\"es\",\"@id\":\"https:\\\/\\\/secure.gravatar.com\\\/avatar\\\/8a09ac165600ce2e1c38fe593c63928eb1e6e7ba5c5a907d67787c41b3d00c14?s=96&d=mm&r=g\",\"url\":\"https:\\\/\\\/secure.gravatar.com\\\/avatar\\\/8a09ac165600ce2e1c38fe593c63928eb1e6e7ba5c5a907d67787c41b3d00c14?s=96&d=mm&r=g\",\"contentUrl\":\"https:\\\/\\\/secure.gravatar.com\\\/avatar\\\/8a09ac165600ce2e1c38fe593c63928eb1e6e7ba5c5a907d67787c41b3d00c14?s=96&d=mm&r=g\",\"caption\":\"hotnewsinworld\"},\"url\":\"https:\\\/\\\/hotnewsinworld.com\\\/es\\\/author\\\/pt\\\/\"}]}<\/script>\n<!-- \/ Yoast SEO plugin. -->","yoast_head_json":{"title":"El gran vertedero de Barcelona tiembla 15 a\u00f1os despu\u00e9s de su cierre - Hot News in World","robots":{"index":"index","follow":"follow","max-snippet":"max-snippet:-1","max-image-preview":"max-image-preview:large","max-video-preview":"max-video-preview:-1"},"canonical":"https:\/\/hotnewsinworld.com\/es\/el-gran-vertedero-de-barcelona-tiembla-15-anos-despues-de-su-cierre\/","og_locale":"es_ES","og_type":"article","og_title":"El gran vertedero de Barcelona tiembla 15 a\u00f1os despu\u00e9s de su cierre - Hot News in World","og_description":"Zona restaurada del vertedero controlado de la Vall d&#8217;en Joan.Albert GarciaLos vecinos de la urbanizaci\u00f3n Plana Novella viven, aparentemente, en un sitio privilegiado. El centenar y medio de chal\u00e9s est\u00e1n repartidos en pleno coraz\u00f3n del parque natural del Garraf, una ubicaci\u00f3n que permite tener contacto directo con una naturaleza fastuosa, a la vez que se [&hellip;]","og_url":"https:\/\/hotnewsinworld.com\/es\/el-gran-vertedero-de-barcelona-tiembla-15-anos-despues-de-su-cierre\/","og_site_name":"Hot News in World","article_published_time":"2021-05-27T08:56:58+00:00","article_modified_time":"2021-05-27T08:57:03+00:00","og_image":[{"width":980,"height":561,"url":"https:\/\/hotnewsinworld.com\/es\/wp-content\/uploads\/sites\/4\/2021\/05\/El-gran-vertedero-de-Barcelona-tiembla-15-anos-despues-de.jpg","type":"image\/jpeg"}],"author":"hotnewsinworld","twitter_card":"summary_large_image","twitter_misc":{"Escrito por":"hotnewsinworld","Tiempo de lectura":"6 minutos"},"schema":{"@context":"https:\/\/schema.org","@graph":[{"@type":"Article","@id":"https:\/\/hotnewsinworld.com\/es\/el-gran-vertedero-de-barcelona-tiembla-15-anos-despues-de-su-cierre\/#article","isPartOf":{"@id":"https:\/\/hotnewsinworld.com\/es\/el-gran-vertedero-de-barcelona-tiembla-15-anos-despues-de-su-cierre\/"},"author":{"name":"hotnewsinworld","@id":"https:\/\/hotnewsinworld.com\/es\/#\/schema\/person\/fe61448b21c0d59086e75fcc1f9d8f6b"},"headline":"El gran vertedero de Barcelona tiembla 15 a\u00f1os despu\u00e9s de su cierre","datePublished":"2021-05-27T08:56:58+00:00","dateModified":"2021-05-27T08:57:03+00:00","mainEntityOfPage":{"@id":"https:\/\/hotnewsinworld.com\/es\/el-gran-vertedero-de-barcelona-tiembla-15-anos-despues-de-su-cierre\/"},"wordCount":1213,"commentCount":0,"image":{"@id":"https:\/\/hotnewsinworld.com\/es\/el-gran-vertedero-de-barcelona-tiembla-15-anos-despues-de-su-cierre\/#primaryimage"},"thumbnailUrl":"https:\/\/hotnewsinworld.com\/es\/wp-content\/uploads\/sites\/4\/2021\/05\/El-gran-vertedero-de-Barcelona-tiembla-15-anos-despues-de.jpg","articleSection":["\u00daLTIMAS NOTICIAS FINANCIERAS"],"inLanguage":"es","potentialAction":[{"@type":"CommentAction","name":"Comment","target":["https:\/\/hotnewsinworld.com\/es\/el-gran-vertedero-de-barcelona-tiembla-15-anos-despues-de-su-cierre\/#respond"]}]},{"@type":"WebPage","@id":"https:\/\/hotnewsinworld.com\/es\/el-gran-vertedero-de-barcelona-tiembla-15-anos-despues-de-su-cierre\/","url":"https:\/\/hotnewsinworld.com\/es\/el-gran-vertedero-de-barcelona-tiembla-15-anos-despues-de-su-cierre\/","name":"El gran vertedero de Barcelona tiembla 15 a\u00f1os despu\u00e9s de su cierre - Hot News in World","isPartOf":{"@id":"https:\/\/hotnewsinworld.com\/es\/#website"},"primaryImageOfPage":{"@id":"https:\/\/hotnewsinworld.com\/es\/el-gran-vertedero-de-barcelona-tiembla-15-anos-despues-de-su-cierre\/#primaryimage"},"image":{"@id":"https:\/\/hotnewsinworld.com\/es\/el-gran-vertedero-de-barcelona-tiembla-15-anos-despues-de-su-cierre\/#primaryimage"},"thumbnailUrl":"https:\/\/hotnewsinworld.com\/es\/wp-content\/uploads\/sites\/4\/2021\/05\/El-gran-vertedero-de-Barcelona-tiembla-15-anos-despues-de.jpg","datePublished":"2021-05-27T08:56:58+00:00","dateModified":"2021-05-27T08:57:03+00:00","author":{"@id":"https:\/\/hotnewsinworld.com\/es\/#\/schema\/person\/fe61448b21c0d59086e75fcc1f9d8f6b"},"breadcrumb":{"@id":"https:\/\/hotnewsinworld.com\/es\/el-gran-vertedero-de-barcelona-tiembla-15-anos-despues-de-su-cierre\/#breadcrumb"},"inLanguage":"es","potentialAction":[{"@type":"ReadAction","target":["https:\/\/hotnewsinworld.com\/es\/el-gran-vertedero-de-barcelona-tiembla-15-anos-despues-de-su-cierre\/"]}]},{"@type":"ImageObject","inLanguage":"es","@id":"https:\/\/hotnewsinworld.com\/es\/el-gran-vertedero-de-barcelona-tiembla-15-anos-despues-de-su-cierre\/#primaryimage","url":"https:\/\/hotnewsinworld.com\/es\/wp-content\/uploads\/sites\/4\/2021\/05\/El-gran-vertedero-de-Barcelona-tiembla-15-anos-despues-de.jpg","contentUrl":"https:\/\/hotnewsinworld.com\/es\/wp-content\/uploads\/sites\/4\/2021\/05\/El-gran-vertedero-de-Barcelona-tiembla-15-anos-despues-de.jpg","width":980,"height":561,"caption":"El gran vertedero de Barcelona tiembla 15 a\u00f1os despu\u00e9s de su cierre"},{"@type":"BreadcrumbList","@id":"https:\/\/hotnewsinworld.com\/es\/el-gran-vertedero-de-barcelona-tiembla-15-anos-despues-de-su-cierre\/#breadcrumb","itemListElement":[{"@type":"ListItem","position":1,"name":"\u0413\u043b\u0430\u0432\u043d\u0430\u044f \u0441\u0442\u0440\u0430\u043d\u0438\u0446\u0430","item":"https:\/\/hotnewsinworld.com\/es\/"},{"@type":"ListItem","position":2,"name":"El gran vertedero de Barcelona tiembla 15 a\u00f1os despu\u00e9s de su cierre"}]},{"@type":"WebSite","@id":"https:\/\/hotnewsinworld.com\/es\/#website","url":"https:\/\/hotnewsinworld.com\/es\/","name":"Hot News in World","description":"Hot News in World from Spain","potentialAction":[{"@type":"SearchAction","target":{"@type":"EntryPoint","urlTemplate":"https:\/\/hotnewsinworld.com\/es\/?s={search_term_string}"},"query-input":{"@type":"PropertyValueSpecification","valueRequired":true,"valueName":"search_term_string"}}],"inLanguage":"es"},{"@type":"Person","@id":"https:\/\/hotnewsinworld.com\/es\/#\/schema\/person\/fe61448b21c0d59086e75fcc1f9d8f6b","name":"hotnewsinworld","image":{"@type":"ImageObject","inLanguage":"es","@id":"https:\/\/secure.gravatar.com\/avatar\/8a09ac165600ce2e1c38fe593c63928eb1e6e7ba5c5a907d67787c41b3d00c14?s=96&d=mm&r=g","url":"https:\/\/secure.gravatar.com\/avatar\/8a09ac165600ce2e1c38fe593c63928eb1e6e7ba5c5a907d67787c41b3d00c14?s=96&d=mm&r=g","contentUrl":"https:\/\/secure.gravatar.com\/avatar\/8a09ac165600ce2e1c38fe593c63928eb1e6e7ba5c5a907d67787c41b3d00c14?s=96&d=mm&r=g","caption":"hotnewsinworld"},"url":"https:\/\/hotnewsinworld.com\/es\/author\/pt\/"}]}},"_links":{"self":[{"href":"https:\/\/hotnewsinworld.com\/es\/wp-json\/wp\/v2\/posts\/2593","targetHints":{"allow":["GET"]}}],"collection":[{"href":"https:\/\/hotnewsinworld.com\/es\/wp-json\/wp\/v2\/posts"}],"about":[{"href":"https:\/\/hotnewsinworld.com\/es\/wp-json\/wp\/v2\/types\/post"}],"author":[{"embeddable":true,"href":"https:\/\/hotnewsinworld.com\/es\/wp-json\/wp\/v2\/users\/2"}],"replies":[{"embeddable":true,"href":"https:\/\/hotnewsinworld.com\/es\/wp-json\/wp\/v2\/comments?post=2593"}],"version-history":[{"count":1,"href":"https:\/\/hotnewsinworld.com\/es\/wp-json\/wp\/v2\/posts\/2593\/revisions"}],"predecessor-version":[{"id":2595,"href":"https:\/\/hotnewsinworld.com\/es\/wp-json\/wp\/v2\/posts\/2593\/revisions\/2595"}],"wp:featuredmedia":[{"embeddable":true,"href":"https:\/\/hotnewsinworld.com\/es\/wp-json\/wp\/v2\/media\/2594"}],"wp:attachment":[{"href":"https:\/\/hotnewsinworld.com\/es\/wp-json\/wp\/v2\/media?parent=2593"}],"wp:term":[{"taxonomy":"category","embeddable":true,"href":"https:\/\/hotnewsinworld.com\/es\/wp-json\/wp\/v2\/categories?post=2593"},{"taxonomy":"post_tag","embeddable":true,"href":"https:\/\/hotnewsinworld.com\/es\/wp-json\/wp\/v2\/tags?post=2593"}],"curies":[{"name":"wp","href":"https:\/\/api.w.org\/{rel}","templated":true}]}}