{"id":2647,"date":"2021-06-01T01:12:13","date_gmt":"2021-05-31T22:12:13","guid":{"rendered":"https:\/\/hotnewsinworld.com\/es\/zidane-culpa-a-florentino-perez\/"},"modified":"2021-06-01T01:12:20","modified_gmt":"2021-05-31T22:12:20","slug":"zidane-culpa-a-florentino-perez","status":"publish","type":"post","link":"https:\/\/hotnewsinworld.com\/es\/zidane-culpa-a-florentino-perez\/","title":{"rendered":"Zidane culpa a Florentino P\u00e9rez"},"content":{"rendered":"<p>Florentino Perez y Zinedine Zidane, en mayo de 2018 en la primera despedida como t\u00e9cnico del franc\u00e9s.Gonzalo Arroyo Moreno \/ getty imagesUna servilleta entregada por Florentino P\u00e9rez a Zinedine Zidane hace dos d\u00e9cadas acerc\u00f3 al entonces futbolista de la Juventus al Real Madrid para convertirlo en su gran referente. En 2021, una carta abri\u00f3 una brecha entre ambos. Solo el tiempo dir\u00e1 de qu\u00e9 dimensiones.A principios de siglo, al franc\u00e9s le bast\u00f3 con un \u201coui\u201d (s\u00ed) cuando el presidente le pregunt\u00f3 a hurtadillas en una gala en M\u00f3naco si quer\u00eda jugar en el Bernab\u00e9u. Esta vez, el t\u00e9cnico necesit\u00f3 de una detallada misiva para explicar por qu\u00e9 hab\u00eda dejado el banquillo blanco cuando todav\u00eda le quedaba un a\u00f1o de contrato. El escrito, publicado en el diario AS, fue un misil al coraz\u00f3n de la c\u00fapula merengue. El franc\u00e9s arremeti\u00f3 con dureza contra el club y, por extensi\u00f3n, contra su m\u00e1ximo dirigente, a pesar de mezclar los dardos con algunas palabras de agradecimiento al \u201cpresi\u201d. Las acusaciones no escatimaron argumentos. El Zizou lac\u00f3nico de las comparecencias p\u00fablicas se desat\u00f3 bol\u00edgrafo en mano. Un cabezazo a la c\u00faspide.M\u00e1s informaci\u00f3nEl entrenador acus\u00f3 a la instituci\u00f3n de falta de \u201cmemoria, confianza y apoyo para construir algo a medio y largo plazo\u201d; de \u201cfiltraciones interesadas\u201d a los medios de que lo iban a despedir si no ganaba el siguiente partido; y de que le llegaran a reprochar la red de relaciones humanas que hab\u00eda tejido en el vestuario. Pocos se libraron de sus ataques, tampoco la prensa, a la que critic\u00f3 por buscar \u00fanicamente la pol\u00e9mica. Solo los aficionados y sus futbolistas salieron bien parados. \u201cMenos mal que ten\u00eda a unos chicos maravillosos que estaban a muerte conmigo. Cuando la cosa se pon\u00eda fea, me salvaban con grandiosas victorias\u201d, valor\u00f3 Zizou en otra defensa m\u00e1s de la caseta.La carta fue como ponerle letra a la recordada rueda de prensa de principios de febrero, previa al encuentro en Huesca (1-2), y que actu\u00f3 de palanca en el equipo, que ya no volvi\u00f3 a perder en Liga (13 victorias y cinco empates). A 10 puntos del Atl\u00e9tico y tras superar la covid, ZZ volvi\u00f3 a escena y explot\u00f3. \u201cDecidme a la cara: \u2018Te queremos cambiar\u2019, no solo por detr\u00e1s. Dejadnos pelear. El a\u00f1o pasado la Liga la ganamos nosotros. El que viene seguro que hay que cambiar cosas. Pero este dejadnos\u201d. Aquel grito lo dirigi\u00f3 a los periodistas, pero el escrito de este lunes ampli\u00f3 en diferido los destinatarios de esa queja.\u201cMe hubiera gustado que la relaci\u00f3n con el presidente hubiera sido diferente a la de otros entrenadores\u201dPor la dureza del mensaje y la trascendencia de quien lo lanz\u00f3, hay que rebobinar mucho para encontrar un ataque de estas dimensiones contra Florentino P\u00e9rez desde el tu\u00e9tano de la entidad. De todas las estrellas que ha fichado el presidente desde 2000, nadie ha representado para \u00e9l m\u00e1s que Zidane: por su valor futbol\u00edstico, los \u00e9xitos en el banquillo y los dos momentos en los que el franc\u00e9s asumi\u00f3 la direcci\u00f3n t\u00e9cnica. En ambas ocasiones, en 2016 y 2019, con sendas crisis deportivas que afectaban tambi\u00e9n a lo institucional. Y en las dos revirti\u00f3 la situaci\u00f3n en el campo, sobre todo en la primera con tres Champions seguidas, pero tambi\u00e9n por el efecto calmante que supuso su aparici\u00f3n. Solo su presencia anestesi\u00f3 la atm\u00f3sfera y sirvi\u00f3 de muleta al presidente.La sombra del despidoSubrayado el agradecimiento inicial al \u201cpresi\u201d por apostar por \u00e9l en 2001 cuando, seg\u00fan puntualiz\u00f3, \u201chab\u00eda cierta gente en contra\u201d, el resto del contenido se convirti\u00f3 en un pliego de acusaciones. \u201cMe hubiera gustado que en los \u00faltimos meses mi relaci\u00f3n con el club y con el presidente hubiera sido un poquito diferente a la de otros entrenadores. No ped\u00eda privilegios, sino un poco m\u00e1s de memoria. Me dol\u00eda much\u00edsimo cuando le\u00eda en la prensa, despu\u00e9s de una derrota, que me iban a echar si no ganaba el siguiente partido. Estos mensajes filtrados intencionalmente creaban interferencias negativas con la plantilla\u201d, argument\u00f3 el entrenador.\u201cLas filtraciones a la prensa creaban interferencias negativas con la plantilla\u201dEn esta segunda etapa, al menos en dos ocasiones se agit\u00f3 de forma seria la posibilidad de una destituci\u00f3n. La primera, en oto\u00f1o de 2019, cuando se azuz\u00f3 el nombre de Mourinho tras un flojo arranque en la Champions. Y la segunda, en 2020, ante el temor a no superar la fase de grupos de la Liga de Campeones, precipicio que esquiv\u00f3 y, cuando lo hizo, advirti\u00f3: \u201cNunca voy a ser el Ferguson del Madrid\u201d. Fue todo cuanto dijo en ese trance. Pero no ahora en una queja que tiene mucho que ver con la habitual inestabilidad del banquillo blanco, hogar de 16 t\u00e9cnicos en las \u00faltimas dos d\u00e9cadas, 13 de ellos bajo la presidencia de P\u00e9rez. Al franc\u00e9s le hubiera gustado un trato diferente.Durante gran parte del curso, un aspecto frecuente de falta de sinton\u00eda entre la direcci\u00f3n y el t\u00e9cnico fue la gesti\u00f3n de los j\u00f3venes. Mientras el club hab\u00eda desembolsado mucho dinero en promesas como Vinicius, Rodrygo, Milit\u00e3o, Jovic y Brahim, el franc\u00e9s nunca dio se\u00f1ales de considerarlos prioritarios, m\u00e1s all\u00e1 del rendimiento puntual de cada uno. La petici\u00f3n en enero de Odegaard de salir cedido, pese a haber sido reclamado por Zidane, agudiz\u00f3 esa brecha en plena crisis de resultados.\u201cIncluso se me reproch\u00f3 lo que aport\u00e9 en la relaci\u00f3n con los jugadores\u201dAl margen de la cuesti\u00f3n de los noveles, la gesti\u00f3n de la plantilla fue otro de los puntos de acusaci\u00f3n. Siempre se consider\u00f3 que esa era la gran virtud del t\u00e9cnico, sin embargo, ZZ asegur\u00f3 en la carta que se convirti\u00f3 en algo negativo a la vista de sus jefes. \u201cAqu\u00ed se ha olvidado todo lo que he aportado en la relaci\u00f3n con los jugadores. Soy un ganador nato, pero m\u00e1s all\u00e1 est\u00e1n los seres humanos, las emociones, y tengo la sensaci\u00f3n de que no se ha entendido que as\u00ed tambi\u00e9n se mantiene la din\u00e1mica de un gran club. Incluso, se me ha reprochado\u201d, afirm\u00f3.\u201cMe voy porque el club ya no me da la confianza y el apoyo para construir algo a medio o largo plazo\u201d. El desahogo no tuvo respuesta p\u00fablica. \u201cZizou tiene su derecho a hacer y decir lo que quiera\u201d, dijeron desde el club.El tercer adi\u00f3s, con las normas del t\u00e9cnico: cu\u00e1ndo y c\u00f3mo quisoEsta es la tercera vez que Zidane se marcha del Madrid con contrato en vigor, como jugador en 2006 y como t\u00e9cnico en 2018 y ahora, pero en la carta dej\u00f3 muy claro que esta ocasi\u00f3n es diferente. \u201cNo me tiro del barco ni estoy cansado de entrenar. En mayo del 2018 me fui porque despu\u00e9s de dos a\u00f1os y medio con tantos trofeos sent\u00eda que el equipo necesitaba un nuevo discurso para mantenerse en lo m\u00e1s alto. Hoy las cosas son diferentes\u201d, puntualiz\u00f3 el franc\u00e9s. Una diferencia que no solo expres\u00f3 de palabra, sino con los gestos.A diferencia de sus otras despedidas, esta vez ZZ no compareci\u00f3 ante la prensa ni en ninguna plataforma oficial del club para explicar su marcha. Lo hizo a su manera: se conoci\u00f3 su partida cuando \u00e9l quiso al comunic\u00e1rselo a la plantilla el pasado martes, y expuso sus razones cu\u00e1ndo y d\u00f3nde ha deseado. Seguramente, porque le hubiera resultado imposible desgranar este pliego de acusaciones en una comparecencia conjunta con el presidente u otro miembro del club.Y tampoco quiso decir adi\u00f3s sin dedicar un andanada final a la prensa. En los \u00faltimos meses, cuando el runr\u00fan sobre su futuro era creciente y \u00e9l mismo lo alimentaba con evasivas, a los periodistas les afe\u00f3 en varias ocasiones que no le preguntaran de f\u00fatbol, aunque, cuando lo hac\u00edan, sus respuestas resultaban igual de vagas que sobre su continuidad. No obstante, en el remache de la carta insisti\u00f3: \u201cMe hubiera gustado que las preguntas no fueran siempre dirigidas hacia la pol\u00e9mica, que hubi\u00e9ramos charlado m\u00e1s de la pelota y, ante todo, de los jugadores\u201d.Puedes seguir a EL PA\u00cdS DEPORTES en Facebook y <a rel=\"nofollow noopener noreferrer\" target=\"_blank\" href=\"https:\/\/twitter.com\/elpais_deportes\">Twitter<\/a>, o apuntarte aqu\u00ed para recibir nuestra newsletter semanal.<script async src=\"https:\/\/platform.twitter.com\/widgets.js\" charset=\"utf-8\"><\/script><br \/>\n<br \/>\n<!--noindex--><br \/>\n<a href=\"https:\/\/elpais.com\/deportes\/2021-05-31\/zidane-culpa-a-florentino-perez.html\" rel=\"nofollow\">Source link <\/a><br \/>\n<!--\/noindex--><\/p>\n","protected":false},"excerpt":{"rendered":"<p>Florentino Perez y Zinedine Zidane, en mayo de 2018 en la primera despedida como t\u00e9cnico del franc\u00e9s.Gonzalo Arroyo Moreno \/ getty imagesUna servilleta entregada por Florentino P\u00e9rez a Zinedine Zidane hace dos d\u00e9cadas acerc\u00f3 al entonces futbolista de la Juventus al Real Madrid para convertirlo en su gran referente. En 2021, una carta abri\u00f3 una [&hellip;]<\/p>\n","protected":false},"author":2,"featured_media":2648,"comment_status":"open","ping_status":"open","sticky":false,"template":"","format":"standard","meta":{"footnotes":""},"categories":[1],"tags":[],"class_list":["post-2647","post","type-post","status-publish","format-standard","has-post-thumbnail","hentry","category-ultimas-noticias-financieras"],"yoast_head":"<!-- This site is optimized with the Yoast SEO plugin v27.4 - https:\/\/yoast.com\/product\/yoast-seo-wordpress\/ -->\n<title>Zidane culpa a Florentino P\u00e9rez - Hot News in World<\/title>\n<meta name=\"robots\" content=\"index, follow, max-snippet:-1, max-image-preview:large, max-video-preview:-1\" \/>\n<link rel=\"canonical\" href=\"https:\/\/hotnewsinworld.com\/es\/zidane-culpa-a-florentino-perez\/\" \/>\n<meta property=\"og:locale\" content=\"es_ES\" \/>\n<meta property=\"og:type\" content=\"article\" \/>\n<meta property=\"og:title\" content=\"Zidane culpa a Florentino P\u00e9rez - Hot News in World\" \/>\n<meta property=\"og:description\" content=\"Florentino Perez y Zinedine Zidane, en mayo de 2018 en la primera despedida como t\u00e9cnico del franc\u00e9s.Gonzalo Arroyo Moreno \/ getty imagesUna servilleta entregada por Florentino P\u00e9rez a Zinedine Zidane hace dos d\u00e9cadas acerc\u00f3 al entonces futbolista de la Juventus al Real Madrid para convertirlo en su gran referente. En 2021, una carta abri\u00f3 una [&hellip;]\" \/>\n<meta property=\"og:url\" content=\"https:\/\/hotnewsinworld.com\/es\/zidane-culpa-a-florentino-perez\/\" \/>\n<meta property=\"og:site_name\" content=\"Hot News in World\" \/>\n<meta property=\"article:published_time\" content=\"2021-05-31T22:12:13+00:00\" \/>\n<meta property=\"article:modified_time\" content=\"2021-05-31T22:12:20+00:00\" \/>\n<meta property=\"og:image\" content=\"https:\/\/hotnewsinworld.com\/es\/wp-content\/uploads\/sites\/4\/2021\/06\/Zidane-culpa-a-Florentino-Perez-scaled.jpg\" \/>\n\t<meta property=\"og:image:width\" content=\"2560\" \/>\n\t<meta property=\"og:image:height\" content=\"1734\" \/>\n\t<meta property=\"og:image:type\" content=\"image\/jpeg\" \/>\n<meta name=\"author\" content=\"hotnewsinworld\" \/>\n<meta name=\"twitter:card\" content=\"summary_large_image\" \/>\n<meta name=\"twitter:label1\" content=\"Escrito por\" \/>\n\t<meta name=\"twitter:data1\" content=\"hotnewsinworld\" \/>\n\t<meta name=\"twitter:label2\" content=\"Tiempo de lectura\" \/>\n\t<meta name=\"twitter:data2\" content=\"7 minutos\" \/>\n<script type=\"application\/ld+json\" class=\"yoast-schema-graph\">{\"@context\":\"https:\\\/\\\/schema.org\",\"@graph\":[{\"@type\":\"Article\",\"@id\":\"https:\\\/\\\/hotnewsinworld.com\\\/es\\\/zidane-culpa-a-florentino-perez\\\/#article\",\"isPartOf\":{\"@id\":\"https:\\\/\\\/hotnewsinworld.com\\\/es\\\/zidane-culpa-a-florentino-perez\\\/\"},\"author\":{\"name\":\"hotnewsinworld\",\"@id\":\"https:\\\/\\\/hotnewsinworld.com\\\/es\\\/#\\\/schema\\\/person\\\/fe61448b21c0d59086e75fcc1f9d8f6b\"},\"headline\":\"Zidane culpa a Florentino P\u00e9rez\",\"datePublished\":\"2021-05-31T22:12:13+00:00\",\"dateModified\":\"2021-05-31T22:12:20+00:00\",\"mainEntityOfPage\":{\"@id\":\"https:\\\/\\\/hotnewsinworld.com\\\/es\\\/zidane-culpa-a-florentino-perez\\\/\"},\"wordCount\":1446,\"commentCount\":0,\"image\":{\"@id\":\"https:\\\/\\\/hotnewsinworld.com\\\/es\\\/zidane-culpa-a-florentino-perez\\\/#primaryimage\"},\"thumbnailUrl\":\"https:\\\/\\\/hotnewsinworld.com\\\/es\\\/wp-content\\\/uploads\\\/sites\\\/4\\\/2021\\\/06\\\/Zidane-culpa-a-Florentino-Perez-scaled.jpg\",\"articleSection\":[\"\u00daLTIMAS NOTICIAS FINANCIERAS\"],\"inLanguage\":\"es\",\"potentialAction\":[{\"@type\":\"CommentAction\",\"name\":\"Comment\",\"target\":[\"https:\\\/\\\/hotnewsinworld.com\\\/es\\\/zidane-culpa-a-florentino-perez\\\/#respond\"]}]},{\"@type\":\"WebPage\",\"@id\":\"https:\\\/\\\/hotnewsinworld.com\\\/es\\\/zidane-culpa-a-florentino-perez\\\/\",\"url\":\"https:\\\/\\\/hotnewsinworld.com\\\/es\\\/zidane-culpa-a-florentino-perez\\\/\",\"name\":\"Zidane culpa a Florentino P\u00e9rez - Hot News in World\",\"isPartOf\":{\"@id\":\"https:\\\/\\\/hotnewsinworld.com\\\/es\\\/#website\"},\"primaryImageOfPage\":{\"@id\":\"https:\\\/\\\/hotnewsinworld.com\\\/es\\\/zidane-culpa-a-florentino-perez\\\/#primaryimage\"},\"image\":{\"@id\":\"https:\\\/\\\/hotnewsinworld.com\\\/es\\\/zidane-culpa-a-florentino-perez\\\/#primaryimage\"},\"thumbnailUrl\":\"https:\\\/\\\/hotnewsinworld.com\\\/es\\\/wp-content\\\/uploads\\\/sites\\\/4\\\/2021\\\/06\\\/Zidane-culpa-a-Florentino-Perez-scaled.jpg\",\"datePublished\":\"2021-05-31T22:12:13+00:00\",\"dateModified\":\"2021-05-31T22:12:20+00:00\",\"author\":{\"@id\":\"https:\\\/\\\/hotnewsinworld.com\\\/es\\\/#\\\/schema\\\/person\\\/fe61448b21c0d59086e75fcc1f9d8f6b\"},\"breadcrumb\":{\"@id\":\"https:\\\/\\\/hotnewsinworld.com\\\/es\\\/zidane-culpa-a-florentino-perez\\\/#breadcrumb\"},\"inLanguage\":\"es\",\"potentialAction\":[{\"@type\":\"ReadAction\",\"target\":[\"https:\\\/\\\/hotnewsinworld.com\\\/es\\\/zidane-culpa-a-florentino-perez\\\/\"]}]},{\"@type\":\"ImageObject\",\"inLanguage\":\"es\",\"@id\":\"https:\\\/\\\/hotnewsinworld.com\\\/es\\\/zidane-culpa-a-florentino-perez\\\/#primaryimage\",\"url\":\"https:\\\/\\\/hotnewsinworld.com\\\/es\\\/wp-content\\\/uploads\\\/sites\\\/4\\\/2021\\\/06\\\/Zidane-culpa-a-Florentino-Perez-scaled.jpg\",\"contentUrl\":\"https:\\\/\\\/hotnewsinworld.com\\\/es\\\/wp-content\\\/uploads\\\/sites\\\/4\\\/2021\\\/06\\\/Zidane-culpa-a-Florentino-Perez-scaled.jpg\",\"width\":2560,\"height\":1734,\"caption\":\"Zidane culpa a Florentino P\u00e9rez\"},{\"@type\":\"BreadcrumbList\",\"@id\":\"https:\\\/\\\/hotnewsinworld.com\\\/es\\\/zidane-culpa-a-florentino-perez\\\/#breadcrumb\",\"itemListElement\":[{\"@type\":\"ListItem\",\"position\":1,\"name\":\"\u0413\u043b\u0430\u0432\u043d\u0430\u044f \u0441\u0442\u0440\u0430\u043d\u0438\u0446\u0430\",\"item\":\"https:\\\/\\\/hotnewsinworld.com\\\/es\\\/\"},{\"@type\":\"ListItem\",\"position\":2,\"name\":\"Zidane culpa a Florentino P\u00e9rez\"}]},{\"@type\":\"WebSite\",\"@id\":\"https:\\\/\\\/hotnewsinworld.com\\\/es\\\/#website\",\"url\":\"https:\\\/\\\/hotnewsinworld.com\\\/es\\\/\",\"name\":\"Hot News in World\",\"description\":\"Hot News in World from Spain\",\"potentialAction\":[{\"@type\":\"SearchAction\",\"target\":{\"@type\":\"EntryPoint\",\"urlTemplate\":\"https:\\\/\\\/hotnewsinworld.com\\\/es\\\/?s={search_term_string}\"},\"query-input\":{\"@type\":\"PropertyValueSpecification\",\"valueRequired\":true,\"valueName\":\"search_term_string\"}}],\"inLanguage\":\"es\"},{\"@type\":\"Person\",\"@id\":\"https:\\\/\\\/hotnewsinworld.com\\\/es\\\/#\\\/schema\\\/person\\\/fe61448b21c0d59086e75fcc1f9d8f6b\",\"name\":\"hotnewsinworld\",\"image\":{\"@type\":\"ImageObject\",\"inLanguage\":\"es\",\"@id\":\"https:\\\/\\\/secure.gravatar.com\\\/avatar\\\/8a09ac165600ce2e1c38fe593c63928eb1e6e7ba5c5a907d67787c41b3d00c14?s=96&d=mm&r=g\",\"url\":\"https:\\\/\\\/secure.gravatar.com\\\/avatar\\\/8a09ac165600ce2e1c38fe593c63928eb1e6e7ba5c5a907d67787c41b3d00c14?s=96&d=mm&r=g\",\"contentUrl\":\"https:\\\/\\\/secure.gravatar.com\\\/avatar\\\/8a09ac165600ce2e1c38fe593c63928eb1e6e7ba5c5a907d67787c41b3d00c14?s=96&d=mm&r=g\",\"caption\":\"hotnewsinworld\"},\"url\":\"https:\\\/\\\/hotnewsinworld.com\\\/es\\\/author\\\/pt\\\/\"}]}<\/script>\n<!-- \/ Yoast SEO plugin. -->","yoast_head_json":{"title":"Zidane culpa a Florentino P\u00e9rez - Hot News in World","robots":{"index":"index","follow":"follow","max-snippet":"max-snippet:-1","max-image-preview":"max-image-preview:large","max-video-preview":"max-video-preview:-1"},"canonical":"https:\/\/hotnewsinworld.com\/es\/zidane-culpa-a-florentino-perez\/","og_locale":"es_ES","og_type":"article","og_title":"Zidane culpa a Florentino P\u00e9rez - Hot News in World","og_description":"Florentino Perez y Zinedine Zidane, en mayo de 2018 en la primera despedida como t\u00e9cnico del franc\u00e9s.Gonzalo Arroyo Moreno \/ getty imagesUna servilleta entregada por Florentino P\u00e9rez a Zinedine Zidane hace dos d\u00e9cadas acerc\u00f3 al entonces futbolista de la Juventus al Real Madrid para convertirlo en su gran referente. En 2021, una carta abri\u00f3 una [&hellip;]","og_url":"https:\/\/hotnewsinworld.com\/es\/zidane-culpa-a-florentino-perez\/","og_site_name":"Hot News in World","article_published_time":"2021-05-31T22:12:13+00:00","article_modified_time":"2021-05-31T22:12:20+00:00","og_image":[{"width":2560,"height":1734,"url":"https:\/\/hotnewsinworld.com\/es\/wp-content\/uploads\/sites\/4\/2021\/06\/Zidane-culpa-a-Florentino-Perez-scaled.jpg","type":"image\/jpeg"}],"author":"hotnewsinworld","twitter_card":"summary_large_image","twitter_misc":{"Escrito por":"hotnewsinworld","Tiempo de lectura":"7 minutos"},"schema":{"@context":"https:\/\/schema.org","@graph":[{"@type":"Article","@id":"https:\/\/hotnewsinworld.com\/es\/zidane-culpa-a-florentino-perez\/#article","isPartOf":{"@id":"https:\/\/hotnewsinworld.com\/es\/zidane-culpa-a-florentino-perez\/"},"author":{"name":"hotnewsinworld","@id":"https:\/\/hotnewsinworld.com\/es\/#\/schema\/person\/fe61448b21c0d59086e75fcc1f9d8f6b"},"headline":"Zidane culpa a Florentino P\u00e9rez","datePublished":"2021-05-31T22:12:13+00:00","dateModified":"2021-05-31T22:12:20+00:00","mainEntityOfPage":{"@id":"https:\/\/hotnewsinworld.com\/es\/zidane-culpa-a-florentino-perez\/"},"wordCount":1446,"commentCount":0,"image":{"@id":"https:\/\/hotnewsinworld.com\/es\/zidane-culpa-a-florentino-perez\/#primaryimage"},"thumbnailUrl":"https:\/\/hotnewsinworld.com\/es\/wp-content\/uploads\/sites\/4\/2021\/06\/Zidane-culpa-a-Florentino-Perez-scaled.jpg","articleSection":["\u00daLTIMAS NOTICIAS FINANCIERAS"],"inLanguage":"es","potentialAction":[{"@type":"CommentAction","name":"Comment","target":["https:\/\/hotnewsinworld.com\/es\/zidane-culpa-a-florentino-perez\/#respond"]}]},{"@type":"WebPage","@id":"https:\/\/hotnewsinworld.com\/es\/zidane-culpa-a-florentino-perez\/","url":"https:\/\/hotnewsinworld.com\/es\/zidane-culpa-a-florentino-perez\/","name":"Zidane culpa a Florentino P\u00e9rez - Hot News in World","isPartOf":{"@id":"https:\/\/hotnewsinworld.com\/es\/#website"},"primaryImageOfPage":{"@id":"https:\/\/hotnewsinworld.com\/es\/zidane-culpa-a-florentino-perez\/#primaryimage"},"image":{"@id":"https:\/\/hotnewsinworld.com\/es\/zidane-culpa-a-florentino-perez\/#primaryimage"},"thumbnailUrl":"https:\/\/hotnewsinworld.com\/es\/wp-content\/uploads\/sites\/4\/2021\/06\/Zidane-culpa-a-Florentino-Perez-scaled.jpg","datePublished":"2021-05-31T22:12:13+00:00","dateModified":"2021-05-31T22:12:20+00:00","author":{"@id":"https:\/\/hotnewsinworld.com\/es\/#\/schema\/person\/fe61448b21c0d59086e75fcc1f9d8f6b"},"breadcrumb":{"@id":"https:\/\/hotnewsinworld.com\/es\/zidane-culpa-a-florentino-perez\/#breadcrumb"},"inLanguage":"es","potentialAction":[{"@type":"ReadAction","target":["https:\/\/hotnewsinworld.com\/es\/zidane-culpa-a-florentino-perez\/"]}]},{"@type":"ImageObject","inLanguage":"es","@id":"https:\/\/hotnewsinworld.com\/es\/zidane-culpa-a-florentino-perez\/#primaryimage","url":"https:\/\/hotnewsinworld.com\/es\/wp-content\/uploads\/sites\/4\/2021\/06\/Zidane-culpa-a-Florentino-Perez-scaled.jpg","contentUrl":"https:\/\/hotnewsinworld.com\/es\/wp-content\/uploads\/sites\/4\/2021\/06\/Zidane-culpa-a-Florentino-Perez-scaled.jpg","width":2560,"height":1734,"caption":"Zidane culpa a Florentino P\u00e9rez"},{"@type":"BreadcrumbList","@id":"https:\/\/hotnewsinworld.com\/es\/zidane-culpa-a-florentino-perez\/#breadcrumb","itemListElement":[{"@type":"ListItem","position":1,"name":"\u0413\u043b\u0430\u0432\u043d\u0430\u044f \u0441\u0442\u0440\u0430\u043d\u0438\u0446\u0430","item":"https:\/\/hotnewsinworld.com\/es\/"},{"@type":"ListItem","position":2,"name":"Zidane culpa a Florentino P\u00e9rez"}]},{"@type":"WebSite","@id":"https:\/\/hotnewsinworld.com\/es\/#website","url":"https:\/\/hotnewsinworld.com\/es\/","name":"Hot News in World","description":"Hot News in World from Spain","potentialAction":[{"@type":"SearchAction","target":{"@type":"EntryPoint","urlTemplate":"https:\/\/hotnewsinworld.com\/es\/?s={search_term_string}"},"query-input":{"@type":"PropertyValueSpecification","valueRequired":true,"valueName":"search_term_string"}}],"inLanguage":"es"},{"@type":"Person","@id":"https:\/\/hotnewsinworld.com\/es\/#\/schema\/person\/fe61448b21c0d59086e75fcc1f9d8f6b","name":"hotnewsinworld","image":{"@type":"ImageObject","inLanguage":"es","@id":"https:\/\/secure.gravatar.com\/avatar\/8a09ac165600ce2e1c38fe593c63928eb1e6e7ba5c5a907d67787c41b3d00c14?s=96&d=mm&r=g","url":"https:\/\/secure.gravatar.com\/avatar\/8a09ac165600ce2e1c38fe593c63928eb1e6e7ba5c5a907d67787c41b3d00c14?s=96&d=mm&r=g","contentUrl":"https:\/\/secure.gravatar.com\/avatar\/8a09ac165600ce2e1c38fe593c63928eb1e6e7ba5c5a907d67787c41b3d00c14?s=96&d=mm&r=g","caption":"hotnewsinworld"},"url":"https:\/\/hotnewsinworld.com\/es\/author\/pt\/"}]}},"_links":{"self":[{"href":"https:\/\/hotnewsinworld.com\/es\/wp-json\/wp\/v2\/posts\/2647","targetHints":{"allow":["GET"]}}],"collection":[{"href":"https:\/\/hotnewsinworld.com\/es\/wp-json\/wp\/v2\/posts"}],"about":[{"href":"https:\/\/hotnewsinworld.com\/es\/wp-json\/wp\/v2\/types\/post"}],"author":[{"embeddable":true,"href":"https:\/\/hotnewsinworld.com\/es\/wp-json\/wp\/v2\/users\/2"}],"replies":[{"embeddable":true,"href":"https:\/\/hotnewsinworld.com\/es\/wp-json\/wp\/v2\/comments?post=2647"}],"version-history":[{"count":1,"href":"https:\/\/hotnewsinworld.com\/es\/wp-json\/wp\/v2\/posts\/2647\/revisions"}],"predecessor-version":[{"id":2649,"href":"https:\/\/hotnewsinworld.com\/es\/wp-json\/wp\/v2\/posts\/2647\/revisions\/2649"}],"wp:featuredmedia":[{"embeddable":true,"href":"https:\/\/hotnewsinworld.com\/es\/wp-json\/wp\/v2\/media\/2648"}],"wp:attachment":[{"href":"https:\/\/hotnewsinworld.com\/es\/wp-json\/wp\/v2\/media?parent=2647"}],"wp:term":[{"taxonomy":"category","embeddable":true,"href":"https:\/\/hotnewsinworld.com\/es\/wp-json\/wp\/v2\/categories?post=2647"},{"taxonomy":"post_tag","embeddable":true,"href":"https:\/\/hotnewsinworld.com\/es\/wp-json\/wp\/v2\/tags?post=2647"}],"curies":[{"name":"wp","href":"https:\/\/api.w.org\/{rel}","templated":true}]}}