{"id":2653,"date":"2021-06-01T13:31:50","date_gmt":"2021-06-01T10:31:50","guid":{"rendered":"https:\/\/hotnewsinworld.com\/es\/el-lider-del-polisario-se-compromete-a-colaborar-con-la-justicia-espanola-para-evitar-medidas-cautelares\/"},"modified":"2021-06-01T13:31:58","modified_gmt":"2021-06-01T10:31:58","slug":"el-lider-del-polisario-se-compromete-a-colaborar-con-la-justicia-espanola-para-evitar-medidas-cautelares","status":"publish","type":"post","link":"https:\/\/hotnewsinworld.com\/es\/el-lider-del-polisario-se-compromete-a-colaborar-con-la-justicia-espanola-para-evitar-medidas-cautelares\/","title":{"rendered":"El l\u00edder del Polisario se compromete a colaborar con la justicia espa\u00f1ola para evitar medidas cautelares"},"content":{"rendered":"<p>El l\u00edder del Frente Polisario, Brahim Gali, se comprometer\u00e1 este martes ante el juez de la Audiencia Nacional Santiago Pedraz a colaborar en el esclarecimiento de los hechos que investiga, permaneciendo disponible y localizable para contestar nuevas preguntas en el futuro si fuera necesario, seg\u00fan fuentes jur\u00eddicas. Con este compromiso, Gali intentar\u00e1 neutralizar la imposici\u00f3n de las medidas cautelares que solicitar\u00e1n las acusaciones particulares y la acci\u00f3n popular, que le impedir\u00edan salir de Espa\u00f1a.Desde el Hospital San Pedro de Logro\u00f1o, donde est\u00e1 ingresado desde el 18 de abril recuper\u00e1ndose de la covid-19, el dirigente saharaui responder\u00e1 como imputado por dos denuncias: la del bloguero Fadel Breica, de nacionalidad espa\u00f1ola, que lo acusa de torturas y detenci\u00f3n ilegal en los campamentos de Tinduf en 2019; y la de la Asociaci\u00f3n Saharaui para la Defensa de los Derechos Humanos (Asadedh), que le imputa delitos de genocidio y lesa humanidad contra disidentes saharauis y prisioneros de guerra en las \u00faltimas d\u00e9cadas.Mariana Delmas, una de las letradas de Breica, avanza que pedir\u00e1 la adopci\u00f3n de medidas cautelares, \u201csin descartar la prisi\u00f3n provisional\u201d, para garantizar que Gali est\u00e9 a disposici\u00f3n de la justicia; mientras que el abogado Jos\u00e9 Manuel Romero, que representa a siete presuntas v\u00edctimas en la causa impulsada por la Asadedh, propondr\u00e1 una bater\u00eda de medidas (de la retirada de pasaporte al arresto domiciliario) ante \u201cel riesgo evidente de fuga\u201d.M\u00e1s informaci\u00f3nHasta ahora, el titular del Juzgado Central de Instrucci\u00f3n N\u00famero 5 ha rechazado imponer medidas cautelares a Gali, por considerarlas prematuras (antes de tomarle declaraci\u00f3n) y por no existir indicios claros en su contra. Este lunes inadmiti\u00f3 una denuncia del Club de Abogados de Marruecos para investigar la supuesta entrada en Espa\u00f1a del l\u00edder del Polisario con un pasaporte falso. En un contundente auto, el juez recuerda que la falsedad documental no es competencia de la Audiencia Nacional y afea a los letrados que presentaran una denuncia sin m\u00e1s base que \u201clas informaciones que nos han llegado [sic]\u201d. Les reprocha, finalmente, que afirmen que Gali est\u00e1 procesado por la justicia espa\u00f1ola, \u201clo cual es incierto\u201d, y tacha de \u201cdesmedido\u201d que pidan su detenci\u00f3n por haber \u201ccometido cr\u00edmenes atroces contra la humanidad\u201d, obviando su presunci\u00f3n de inocencia.<br \/>\n<br \/>\n<!--noindex--><br \/>\n<a href=\"https:\/\/elpais.com\/espana\/2021-06-01\/gali-se-compromete-a-estar-a-disposicion-de-la-justicia-espanola.html\" rel=\"nofollow\">Source link <\/a><br \/>\n<!--\/noindex--><\/p>\n","protected":false},"excerpt":{"rendered":"<p>El l\u00edder del Frente Polisario, Brahim Gali, se comprometer\u00e1 este martes ante el juez de la Audiencia Nacional Santiago Pedraz a colaborar en el esclarecimiento de los hechos que investiga, permaneciendo disponible y localizable para contestar nuevas preguntas en el futuro si fuera necesario, seg\u00fan fuentes jur\u00eddicas. Con este compromiso, Gali intentar\u00e1 neutralizar la imposici\u00f3n [&hellip;]<\/p>\n","protected":false},"author":2,"featured_media":2654,"comment_status":"open","ping_status":"open","sticky":false,"template":"","format":"standard","meta":{"footnotes":""},"categories":[1],"tags":[],"class_list":["post-2653","post","type-post","status-publish","format-standard","has-post-thumbnail","hentry","category-ultimas-noticias-financieras"],"yoast_head":"<!-- This site is optimized with the Yoast SEO plugin v27.4 - https:\/\/yoast.com\/product\/yoast-seo-wordpress\/ -->\n<title>El l\u00edder del Polisario se compromete a colaborar con la justicia espa\u00f1ola para evitar medidas cautelares - Hot News in World<\/title>\n<meta name=\"robots\" content=\"index, follow, max-snippet:-1, max-image-preview:large, max-video-preview:-1\" \/>\n<link rel=\"canonical\" href=\"https:\/\/hotnewsinworld.com\/es\/el-lider-del-polisario-se-compromete-a-colaborar-con-la-justicia-espanola-para-evitar-medidas-cautelares\/\" \/>\n<meta property=\"og:locale\" content=\"es_ES\" \/>\n<meta property=\"og:type\" content=\"article\" \/>\n<meta property=\"og:title\" content=\"El l\u00edder del Polisario se compromete a colaborar con la justicia espa\u00f1ola para evitar medidas cautelares - Hot News in World\" \/>\n<meta property=\"og:description\" content=\"El l\u00edder del Frente Polisario, Brahim Gali, se comprometer\u00e1 este martes ante el juez de la Audiencia Nacional Santiago Pedraz a colaborar en el esclarecimiento de los hechos que investiga, permaneciendo disponible y localizable para contestar nuevas preguntas en el futuro si fuera necesario, seg\u00fan fuentes jur\u00eddicas. Con este compromiso, Gali intentar\u00e1 neutralizar la imposici\u00f3n [&hellip;]\" \/>\n<meta property=\"og:url\" content=\"https:\/\/hotnewsinworld.com\/es\/el-lider-del-polisario-se-compromete-a-colaborar-con-la-justicia-espanola-para-evitar-medidas-cautelares\/\" \/>\n<meta property=\"og:site_name\" content=\"Hot News in World\" \/>\n<meta property=\"article:published_time\" content=\"2021-06-01T10:31:50+00:00\" \/>\n<meta property=\"article:modified_time\" content=\"2021-06-01T10:31:58+00:00\" \/>\n<meta property=\"og:image\" content=\"https:\/\/hotnewsinworld.com\/es\/wp-content\/uploads\/sites\/4\/2021\/06\/El-lider-del-Polisario-se-compromete-a-colaborar-con-la-scaled.jpg\" \/>\n\t<meta property=\"og:image:width\" content=\"2560\" \/>\n\t<meta property=\"og:image:height\" content=\"1707\" \/>\n\t<meta property=\"og:image:type\" content=\"image\/jpeg\" \/>\n<meta name=\"author\" content=\"hotnewsinworld\" \/>\n<meta name=\"twitter:card\" content=\"summary_large_image\" \/>\n<meta name=\"twitter:label1\" content=\"Escrito por\" \/>\n\t<meta name=\"twitter:data1\" content=\"hotnewsinworld\" \/>\n\t<meta name=\"twitter:label2\" content=\"Tiempo de lectura\" \/>\n\t<meta name=\"twitter:data2\" content=\"2 minutos\" \/>\n<script type=\"application\/ld+json\" class=\"yoast-schema-graph\">{\"@context\":\"https:\\\/\\\/schema.org\",\"@graph\":[{\"@type\":\"Article\",\"@id\":\"https:\\\/\\\/hotnewsinworld.com\\\/es\\\/el-lider-del-polisario-se-compromete-a-colaborar-con-la-justicia-espanola-para-evitar-medidas-cautelares\\\/#article\",\"isPartOf\":{\"@id\":\"https:\\\/\\\/hotnewsinworld.com\\\/es\\\/el-lider-del-polisario-se-compromete-a-colaborar-con-la-justicia-espanola-para-evitar-medidas-cautelares\\\/\"},\"author\":{\"name\":\"hotnewsinworld\",\"@id\":\"https:\\\/\\\/hotnewsinworld.com\\\/es\\\/#\\\/schema\\\/person\\\/fe61448b21c0d59086e75fcc1f9d8f6b\"},\"headline\":\"El l\u00edder del Polisario se compromete a colaborar con la justicia espa\u00f1ola para evitar medidas cautelares\",\"datePublished\":\"2021-06-01T10:31:50+00:00\",\"dateModified\":\"2021-06-01T10:31:58+00:00\",\"mainEntityOfPage\":{\"@id\":\"https:\\\/\\\/hotnewsinworld.com\\\/es\\\/el-lider-del-polisario-se-compromete-a-colaborar-con-la-justicia-espanola-para-evitar-medidas-cautelares\\\/\"},\"wordCount\":414,\"commentCount\":0,\"image\":{\"@id\":\"https:\\\/\\\/hotnewsinworld.com\\\/es\\\/el-lider-del-polisario-se-compromete-a-colaborar-con-la-justicia-espanola-para-evitar-medidas-cautelares\\\/#primaryimage\"},\"thumbnailUrl\":\"https:\\\/\\\/hotnewsinworld.com\\\/es\\\/wp-content\\\/uploads\\\/sites\\\/4\\\/2021\\\/06\\\/El-lider-del-Polisario-se-compromete-a-colaborar-con-la-scaled.jpg\",\"articleSection\":[\"\u00daLTIMAS NOTICIAS FINANCIERAS\"],\"inLanguage\":\"es\",\"potentialAction\":[{\"@type\":\"CommentAction\",\"name\":\"Comment\",\"target\":[\"https:\\\/\\\/hotnewsinworld.com\\\/es\\\/el-lider-del-polisario-se-compromete-a-colaborar-con-la-justicia-espanola-para-evitar-medidas-cautelares\\\/#respond\"]}]},{\"@type\":\"WebPage\",\"@id\":\"https:\\\/\\\/hotnewsinworld.com\\\/es\\\/el-lider-del-polisario-se-compromete-a-colaborar-con-la-justicia-espanola-para-evitar-medidas-cautelares\\\/\",\"url\":\"https:\\\/\\\/hotnewsinworld.com\\\/es\\\/el-lider-del-polisario-se-compromete-a-colaborar-con-la-justicia-espanola-para-evitar-medidas-cautelares\\\/\",\"name\":\"El l\u00edder del Polisario se compromete a colaborar con la justicia espa\u00f1ola para evitar medidas cautelares - Hot News in World\",\"isPartOf\":{\"@id\":\"https:\\\/\\\/hotnewsinworld.com\\\/es\\\/#website\"},\"primaryImageOfPage\":{\"@id\":\"https:\\\/\\\/hotnewsinworld.com\\\/es\\\/el-lider-del-polisario-se-compromete-a-colaborar-con-la-justicia-espanola-para-evitar-medidas-cautelares\\\/#primaryimage\"},\"image\":{\"@id\":\"https:\\\/\\\/hotnewsinworld.com\\\/es\\\/el-lider-del-polisario-se-compromete-a-colaborar-con-la-justicia-espanola-para-evitar-medidas-cautelares\\\/#primaryimage\"},\"thumbnailUrl\":\"https:\\\/\\\/hotnewsinworld.com\\\/es\\\/wp-content\\\/uploads\\\/sites\\\/4\\\/2021\\\/06\\\/El-lider-del-Polisario-se-compromete-a-colaborar-con-la-scaled.jpg\",\"datePublished\":\"2021-06-01T10:31:50+00:00\",\"dateModified\":\"2021-06-01T10:31:58+00:00\",\"author\":{\"@id\":\"https:\\\/\\\/hotnewsinworld.com\\\/es\\\/#\\\/schema\\\/person\\\/fe61448b21c0d59086e75fcc1f9d8f6b\"},\"breadcrumb\":{\"@id\":\"https:\\\/\\\/hotnewsinworld.com\\\/es\\\/el-lider-del-polisario-se-compromete-a-colaborar-con-la-justicia-espanola-para-evitar-medidas-cautelares\\\/#breadcrumb\"},\"inLanguage\":\"es\",\"potentialAction\":[{\"@type\":\"ReadAction\",\"target\":[\"https:\\\/\\\/hotnewsinworld.com\\\/es\\\/el-lider-del-polisario-se-compromete-a-colaborar-con-la-justicia-espanola-para-evitar-medidas-cautelares\\\/\"]}]},{\"@type\":\"ImageObject\",\"inLanguage\":\"es\",\"@id\":\"https:\\\/\\\/hotnewsinworld.com\\\/es\\\/el-lider-del-polisario-se-compromete-a-colaborar-con-la-justicia-espanola-para-evitar-medidas-cautelares\\\/#primaryimage\",\"url\":\"https:\\\/\\\/hotnewsinworld.com\\\/es\\\/wp-content\\\/uploads\\\/sites\\\/4\\\/2021\\\/06\\\/El-lider-del-Polisario-se-compromete-a-colaborar-con-la-scaled.jpg\",\"contentUrl\":\"https:\\\/\\\/hotnewsinworld.com\\\/es\\\/wp-content\\\/uploads\\\/sites\\\/4\\\/2021\\\/06\\\/El-lider-del-Polisario-se-compromete-a-colaborar-con-la-scaled.jpg\",\"width\":2560,\"height\":1707,\"caption\":\"El l\u00edder del Polisario se compromete a colaborar con la justicia espa\u00f1ola para evitar medidas cautelares\"},{\"@type\":\"BreadcrumbList\",\"@id\":\"https:\\\/\\\/hotnewsinworld.com\\\/es\\\/el-lider-del-polisario-se-compromete-a-colaborar-con-la-justicia-espanola-para-evitar-medidas-cautelares\\\/#breadcrumb\",\"itemListElement\":[{\"@type\":\"ListItem\",\"position\":1,\"name\":\"\u0413\u043b\u0430\u0432\u043d\u0430\u044f \u0441\u0442\u0440\u0430\u043d\u0438\u0446\u0430\",\"item\":\"https:\\\/\\\/hotnewsinworld.com\\\/es\\\/\"},{\"@type\":\"ListItem\",\"position\":2,\"name\":\"El l\u00edder del Polisario se compromete a colaborar con la justicia espa\u00f1ola para evitar medidas cautelares\"}]},{\"@type\":\"WebSite\",\"@id\":\"https:\\\/\\\/hotnewsinworld.com\\\/es\\\/#website\",\"url\":\"https:\\\/\\\/hotnewsinworld.com\\\/es\\\/\",\"name\":\"Hot News in World\",\"description\":\"Hot News in World from Spain\",\"potentialAction\":[{\"@type\":\"SearchAction\",\"target\":{\"@type\":\"EntryPoint\",\"urlTemplate\":\"https:\\\/\\\/hotnewsinworld.com\\\/es\\\/?s={search_term_string}\"},\"query-input\":{\"@type\":\"PropertyValueSpecification\",\"valueRequired\":true,\"valueName\":\"search_term_string\"}}],\"inLanguage\":\"es\"},{\"@type\":\"Person\",\"@id\":\"https:\\\/\\\/hotnewsinworld.com\\\/es\\\/#\\\/schema\\\/person\\\/fe61448b21c0d59086e75fcc1f9d8f6b\",\"name\":\"hotnewsinworld\",\"image\":{\"@type\":\"ImageObject\",\"inLanguage\":\"es\",\"@id\":\"https:\\\/\\\/secure.gravatar.com\\\/avatar\\\/8a09ac165600ce2e1c38fe593c63928eb1e6e7ba5c5a907d67787c41b3d00c14?s=96&d=mm&r=g\",\"url\":\"https:\\\/\\\/secure.gravatar.com\\\/avatar\\\/8a09ac165600ce2e1c38fe593c63928eb1e6e7ba5c5a907d67787c41b3d00c14?s=96&d=mm&r=g\",\"contentUrl\":\"https:\\\/\\\/secure.gravatar.com\\\/avatar\\\/8a09ac165600ce2e1c38fe593c63928eb1e6e7ba5c5a907d67787c41b3d00c14?s=96&d=mm&r=g\",\"caption\":\"hotnewsinworld\"},\"url\":\"https:\\\/\\\/hotnewsinworld.com\\\/es\\\/author\\\/pt\\\/\"}]}<\/script>\n<!-- \/ Yoast SEO plugin. -->","yoast_head_json":{"title":"El l\u00edder del Polisario se compromete a colaborar con la justicia espa\u00f1ola para evitar medidas cautelares - Hot News in World","robots":{"index":"index","follow":"follow","max-snippet":"max-snippet:-1","max-image-preview":"max-image-preview:large","max-video-preview":"max-video-preview:-1"},"canonical":"https:\/\/hotnewsinworld.com\/es\/el-lider-del-polisario-se-compromete-a-colaborar-con-la-justicia-espanola-para-evitar-medidas-cautelares\/","og_locale":"es_ES","og_type":"article","og_title":"El l\u00edder del Polisario se compromete a colaborar con la justicia espa\u00f1ola para evitar medidas cautelares - Hot News in World","og_description":"El l\u00edder del Frente Polisario, Brahim Gali, se comprometer\u00e1 este martes ante el juez de la Audiencia Nacional Santiago Pedraz a colaborar en el esclarecimiento de los hechos que investiga, permaneciendo disponible y localizable para contestar nuevas preguntas en el futuro si fuera necesario, seg\u00fan fuentes jur\u00eddicas. Con este compromiso, Gali intentar\u00e1 neutralizar la imposici\u00f3n [&hellip;]","og_url":"https:\/\/hotnewsinworld.com\/es\/el-lider-del-polisario-se-compromete-a-colaborar-con-la-justicia-espanola-para-evitar-medidas-cautelares\/","og_site_name":"Hot News in World","article_published_time":"2021-06-01T10:31:50+00:00","article_modified_time":"2021-06-01T10:31:58+00:00","og_image":[{"width":2560,"height":1707,"url":"https:\/\/hotnewsinworld.com\/es\/wp-content\/uploads\/sites\/4\/2021\/06\/El-lider-del-Polisario-se-compromete-a-colaborar-con-la-scaled.jpg","type":"image\/jpeg"}],"author":"hotnewsinworld","twitter_card":"summary_large_image","twitter_misc":{"Escrito por":"hotnewsinworld","Tiempo de lectura":"2 minutos"},"schema":{"@context":"https:\/\/schema.org","@graph":[{"@type":"Article","@id":"https:\/\/hotnewsinworld.com\/es\/el-lider-del-polisario-se-compromete-a-colaborar-con-la-justicia-espanola-para-evitar-medidas-cautelares\/#article","isPartOf":{"@id":"https:\/\/hotnewsinworld.com\/es\/el-lider-del-polisario-se-compromete-a-colaborar-con-la-justicia-espanola-para-evitar-medidas-cautelares\/"},"author":{"name":"hotnewsinworld","@id":"https:\/\/hotnewsinworld.com\/es\/#\/schema\/person\/fe61448b21c0d59086e75fcc1f9d8f6b"},"headline":"El l\u00edder del Polisario se compromete a colaborar con la justicia espa\u00f1ola para evitar medidas cautelares","datePublished":"2021-06-01T10:31:50+00:00","dateModified":"2021-06-01T10:31:58+00:00","mainEntityOfPage":{"@id":"https:\/\/hotnewsinworld.com\/es\/el-lider-del-polisario-se-compromete-a-colaborar-con-la-justicia-espanola-para-evitar-medidas-cautelares\/"},"wordCount":414,"commentCount":0,"image":{"@id":"https:\/\/hotnewsinworld.com\/es\/el-lider-del-polisario-se-compromete-a-colaborar-con-la-justicia-espanola-para-evitar-medidas-cautelares\/#primaryimage"},"thumbnailUrl":"https:\/\/hotnewsinworld.com\/es\/wp-content\/uploads\/sites\/4\/2021\/06\/El-lider-del-Polisario-se-compromete-a-colaborar-con-la-scaled.jpg","articleSection":["\u00daLTIMAS NOTICIAS FINANCIERAS"],"inLanguage":"es","potentialAction":[{"@type":"CommentAction","name":"Comment","target":["https:\/\/hotnewsinworld.com\/es\/el-lider-del-polisario-se-compromete-a-colaborar-con-la-justicia-espanola-para-evitar-medidas-cautelares\/#respond"]}]},{"@type":"WebPage","@id":"https:\/\/hotnewsinworld.com\/es\/el-lider-del-polisario-se-compromete-a-colaborar-con-la-justicia-espanola-para-evitar-medidas-cautelares\/","url":"https:\/\/hotnewsinworld.com\/es\/el-lider-del-polisario-se-compromete-a-colaborar-con-la-justicia-espanola-para-evitar-medidas-cautelares\/","name":"El l\u00edder del Polisario se compromete a colaborar con la justicia espa\u00f1ola para evitar medidas cautelares - Hot News in World","isPartOf":{"@id":"https:\/\/hotnewsinworld.com\/es\/#website"},"primaryImageOfPage":{"@id":"https:\/\/hotnewsinworld.com\/es\/el-lider-del-polisario-se-compromete-a-colaborar-con-la-justicia-espanola-para-evitar-medidas-cautelares\/#primaryimage"},"image":{"@id":"https:\/\/hotnewsinworld.com\/es\/el-lider-del-polisario-se-compromete-a-colaborar-con-la-justicia-espanola-para-evitar-medidas-cautelares\/#primaryimage"},"thumbnailUrl":"https:\/\/hotnewsinworld.com\/es\/wp-content\/uploads\/sites\/4\/2021\/06\/El-lider-del-Polisario-se-compromete-a-colaborar-con-la-scaled.jpg","datePublished":"2021-06-01T10:31:50+00:00","dateModified":"2021-06-01T10:31:58+00:00","author":{"@id":"https:\/\/hotnewsinworld.com\/es\/#\/schema\/person\/fe61448b21c0d59086e75fcc1f9d8f6b"},"breadcrumb":{"@id":"https:\/\/hotnewsinworld.com\/es\/el-lider-del-polisario-se-compromete-a-colaborar-con-la-justicia-espanola-para-evitar-medidas-cautelares\/#breadcrumb"},"inLanguage":"es","potentialAction":[{"@type":"ReadAction","target":["https:\/\/hotnewsinworld.com\/es\/el-lider-del-polisario-se-compromete-a-colaborar-con-la-justicia-espanola-para-evitar-medidas-cautelares\/"]}]},{"@type":"ImageObject","inLanguage":"es","@id":"https:\/\/hotnewsinworld.com\/es\/el-lider-del-polisario-se-compromete-a-colaborar-con-la-justicia-espanola-para-evitar-medidas-cautelares\/#primaryimage","url":"https:\/\/hotnewsinworld.com\/es\/wp-content\/uploads\/sites\/4\/2021\/06\/El-lider-del-Polisario-se-compromete-a-colaborar-con-la-scaled.jpg","contentUrl":"https:\/\/hotnewsinworld.com\/es\/wp-content\/uploads\/sites\/4\/2021\/06\/El-lider-del-Polisario-se-compromete-a-colaborar-con-la-scaled.jpg","width":2560,"height":1707,"caption":"El l\u00edder del Polisario se compromete a colaborar con la justicia espa\u00f1ola para evitar medidas cautelares"},{"@type":"BreadcrumbList","@id":"https:\/\/hotnewsinworld.com\/es\/el-lider-del-polisario-se-compromete-a-colaborar-con-la-justicia-espanola-para-evitar-medidas-cautelares\/#breadcrumb","itemListElement":[{"@type":"ListItem","position":1,"name":"\u0413\u043b\u0430\u0432\u043d\u0430\u044f \u0441\u0442\u0440\u0430\u043d\u0438\u0446\u0430","item":"https:\/\/hotnewsinworld.com\/es\/"},{"@type":"ListItem","position":2,"name":"El l\u00edder del Polisario se compromete a colaborar con la justicia espa\u00f1ola para evitar medidas cautelares"}]},{"@type":"WebSite","@id":"https:\/\/hotnewsinworld.com\/es\/#website","url":"https:\/\/hotnewsinworld.com\/es\/","name":"Hot News in World","description":"Hot News in World from Spain","potentialAction":[{"@type":"SearchAction","target":{"@type":"EntryPoint","urlTemplate":"https:\/\/hotnewsinworld.com\/es\/?s={search_term_string}"},"query-input":{"@type":"PropertyValueSpecification","valueRequired":true,"valueName":"search_term_string"}}],"inLanguage":"es"},{"@type":"Person","@id":"https:\/\/hotnewsinworld.com\/es\/#\/schema\/person\/fe61448b21c0d59086e75fcc1f9d8f6b","name":"hotnewsinworld","image":{"@type":"ImageObject","inLanguage":"es","@id":"https:\/\/secure.gravatar.com\/avatar\/8a09ac165600ce2e1c38fe593c63928eb1e6e7ba5c5a907d67787c41b3d00c14?s=96&d=mm&r=g","url":"https:\/\/secure.gravatar.com\/avatar\/8a09ac165600ce2e1c38fe593c63928eb1e6e7ba5c5a907d67787c41b3d00c14?s=96&d=mm&r=g","contentUrl":"https:\/\/secure.gravatar.com\/avatar\/8a09ac165600ce2e1c38fe593c63928eb1e6e7ba5c5a907d67787c41b3d00c14?s=96&d=mm&r=g","caption":"hotnewsinworld"},"url":"https:\/\/hotnewsinworld.com\/es\/author\/pt\/"}]}},"_links":{"self":[{"href":"https:\/\/hotnewsinworld.com\/es\/wp-json\/wp\/v2\/posts\/2653","targetHints":{"allow":["GET"]}}],"collection":[{"href":"https:\/\/hotnewsinworld.com\/es\/wp-json\/wp\/v2\/posts"}],"about":[{"href":"https:\/\/hotnewsinworld.com\/es\/wp-json\/wp\/v2\/types\/post"}],"author":[{"embeddable":true,"href":"https:\/\/hotnewsinworld.com\/es\/wp-json\/wp\/v2\/users\/2"}],"replies":[{"embeddable":true,"href":"https:\/\/hotnewsinworld.com\/es\/wp-json\/wp\/v2\/comments?post=2653"}],"version-history":[{"count":1,"href":"https:\/\/hotnewsinworld.com\/es\/wp-json\/wp\/v2\/posts\/2653\/revisions"}],"predecessor-version":[{"id":2655,"href":"https:\/\/hotnewsinworld.com\/es\/wp-json\/wp\/v2\/posts\/2653\/revisions\/2655"}],"wp:featuredmedia":[{"embeddable":true,"href":"https:\/\/hotnewsinworld.com\/es\/wp-json\/wp\/v2\/media\/2654"}],"wp:attachment":[{"href":"https:\/\/hotnewsinworld.com\/es\/wp-json\/wp\/v2\/media?parent=2653"}],"wp:term":[{"taxonomy":"category","embeddable":true,"href":"https:\/\/hotnewsinworld.com\/es\/wp-json\/wp\/v2\/categories?post=2653"},{"taxonomy":"post_tag","embeddable":true,"href":"https:\/\/hotnewsinworld.com\/es\/wp-json\/wp\/v2\/tags?post=2653"}],"curies":[{"name":"wp","href":"https:\/\/api.w.org\/{rel}","templated":true}]}}