{"id":2665,"date":"2021-06-02T13:57:09","date_gmt":"2021-06-02T10:57:09","guid":{"rendered":"https:\/\/hotnewsinworld.com\/es\/sanchez-y-aragones-buscan-un-marco-de-confianza-previo-a-la-mesa-de-dialogo\/"},"modified":"2021-06-02T13:57:16","modified_gmt":"2021-06-02T10:57:16","slug":"sanchez-y-aragones-buscan-un-marco-de-confianza-previo-a-la-mesa-de-dialogo","status":"publish","type":"post","link":"https:\/\/hotnewsinworld.com\/es\/sanchez-y-aragones-buscan-un-marco-de-confianza-previo-a-la-mesa-de-dialogo\/","title":{"rendered":"S\u00e1nchez y Aragon\u00e8s buscan un marco de confianza previo a la mesa de di\u00e1logo"},"content":{"rendered":"<p>El presidente catal\u00e1n, Pere Aragon\u00e8s, en la rueda de prensa posterior a la reuni\u00f3n del Govern.Albert GarciaLa fecha de la pr\u00f3xima reuni\u00f3n de la mesa de di\u00e1logo sobre el conflicto pol\u00edtico en Catalu\u00f1a ser\u00e1 una de las decisiones que el presidente Pedro S\u00e1nchez y el jefe del Govern, Pere Aragon\u00e8s, tomen en la reuni\u00f3n a solas que planean para antes de que acabe el mes. El l\u00edder catal\u00e1n manifest\u00f3 este martes, en la rueda de prensa posterior al Consejo Ejecutivo, su voluntad de hablar por tel\u00e9fono antes del viernes con S\u00e1nchez e intentar encajar las agendas para verse en Madrid.El foro de di\u00e1logo que en su d\u00eda crearon el PSOE y ERC a cambio de facilitar la investidura de S\u00e1nchez no se re\u00fane desde febrero de 2020, y todo este tiempo ha servido de arma arrojadiza entre el Gobierno y la Generalitat que presid\u00eda Quim Torra. El cambio de color en el Govern, con el republicano Aragon\u00e8s ahora a la cabeza, abre un nuevo tiempo que ambas partes quieren aprovechar y, muy especialmente, escenificar.La concesi\u00f3n de los indultos a los l\u00edderes del proc\u00e9s implicar\u00e1 un desgaste para el Ejecutivo de S\u00e1nchez y el Gobierno busca amarrar el apoyo de ERC en temas clave de lo que queda de la legislatura. Pese a que ambos dirigentes mantienen l\u00edneas de contacto abiertas, el encuentro en Madrid \u2014aunque vestido de protocolario\u2014 permitir\u00eda ahondar en un clima de confianza mutua.M\u00e1s informaci\u00f3nAragon\u00e8s recogi\u00f3 este martes el guante lanzado por S\u00e1nchez, que el pasado lunes propuso la celebraci\u00f3n en La Moncloa de una reuni\u00f3n protocolaria entre ambos dirigentes. \u201cVienen tiempos de mucha interlocuci\u00f3n, sobre cuestiones fundamentales pero tambi\u00e9n del d\u00eda a d\u00eda\u201d, anunci\u00f3 el president en la rueda de prensa posterior a la reuni\u00f3n semanal del Ejecutivo que preside.S\u00e1nchez contact\u00f3 el pasado 21 de mayo al tambi\u00e9n l\u00edder de ERC para felicitarle por su elecci\u00f3n como president, pero Aragon\u00e8s insisti\u00f3 ayer en ir m\u00e1s all\u00e1 de los mensajes \u201cde cortes\u00eda\u201d y tener una \u201cllamada tranquila\u201d para empezar a despachar temas pendientes. Se activar\u00e1 tambi\u00e9n la Comisi\u00f3n Bilateral Estado-Generalitat. De esa conversaci\u00f3n m\u00e1s calmada, acept\u00f3 Aragon\u00e8s, se derivar\u00e1 un encuentro en Madrid y all\u00ed, muy previsiblemente, se le pondr\u00e1 fecha a la pr\u00f3xima reuni\u00f3n de la mesa de di\u00e1logo.Fuentes de la Generalitat esperan que ese encuentro se produzca antes de que termine el mes. Todo depender\u00e1 de una agenda muy endiablada a ambos lados del r\u00edo Ebro: S\u00e1nchez tiene que hacer equilibrios internos y la derecha espera mostrar fuerza el d\u00eda 13 con su concentraci\u00f3n en la plaza de Col\u00f3n contra la medida de gracia a los pol\u00edticos presos. Aragon\u00e8s ha de encarrilar el nuevo Govern que lidera y, adem\u00e1s, convocar al soberanismo para preparar su propuesta en el llamado Acuerdo Nacional por el refer\u00e9ndum y la amnist\u00eda.A la mesa de di\u00e1logo, que seg\u00fan Aragon\u00e8s tiene que celebrarse \u201clo m\u00e1s pronto posible\u201d, la Generalitat llevar\u00e1 precisamente la propuesta de la celebraci\u00f3n de un refer\u00e9ndum pactado y de la aprobaci\u00f3n de una ley de amnist\u00eda. El president insisti\u00f3 este martes en que no se opondr\u00e1 a los indultos, pero que no los ve como respuesta al problema pol\u00edtico catal\u00e1n. Eso s\u00ed, pidi\u00f3 que llegue \u201cla decisi\u00f3n m\u00e1s justa lo antes posible\u201d para evitar sufrimiento a las familias de los l\u00edderes condenados por sedici\u00f3n y malversaci\u00f3n.Aragon\u00e8s no cree, como la presidenta de la ANC, Elisenda Paluzie, que esa medida \u201cdesarme\u201d al independentismo. \u201cSolo nos desarmar\u00eda que no nos siguiera la ciudadan\u00eda\u201d, a\u00f1adi\u00f3.La ministra portavoz, Mar\u00eda Jes\u00fas Montero, insisti\u00f3 ayer martes en que \u201cno hay relaci\u00f3n\u201d entre la mesa de di\u00e1logo y los indultos a los l\u00edderes independentistas. Tampoco se mostr\u00f3 contraria a la posibilidad de que el l\u00edder de ERC, Oriol Junqueras, pudiera participar en alguna sesi\u00f3n de la mesa de di\u00e1logo, algo que tampoco se ha llegado a proponer de manera formal.El presidente catal\u00e1n tambi\u00e9n evit\u00f3 cualquier roce con el Ejecutivo central a cuenta del comunicado del Ministerio de Exteriores marroqu\u00ed, en el que se equipara el conflicto del S\u00e1hara Occidental con Catalu\u00f1a. Hasta ahora, Marruecos se hab\u00eda alineado con las tesis del Gobierno. \u201cEl conflicto pol\u00edtico con el Estado lo queremos resolver con el Estado\u201d, dijo Aragon\u00e8s, que pidi\u00f3 centrarse en la atenci\u00f3n humanitaria.Aragon\u00e8s hizo este martes las funciones de portavoz, si bien anunci\u00f3 la designaci\u00f3n de una periodista independiente para esa labor. La elegida es Patr\u00edcia Plaja, exresponsable de comunicaci\u00f3n de los Mossos y reconocida por su papel durante los atentados yihadistas del 17-A. La idea es evitar el choque entre socios por la comunicaci\u00f3n que erosion\u00f3 la relaci\u00f3n entre Esquerra Republicana y Junts per Catalunya el mandato pasado.<br \/>\n<br \/>\n<!--noindex--><br \/>\n<a href=\"https:\/\/elpais.com\/espana\/catalunya\/2021-06-02\/sanchez-y-aragones-buscan-un-marco-de-confianza-previo-a-la-mesa-de-dialogo.html\" rel=\"nofollow\">Source link <\/a><br \/>\n<!--\/noindex--><\/p>\n","protected":false},"excerpt":{"rendered":"<p>El presidente catal\u00e1n, Pere Aragon\u00e8s, en la rueda de prensa posterior a la reuni\u00f3n del Govern.Albert GarciaLa fecha de la pr\u00f3xima reuni\u00f3n de la mesa de di\u00e1logo sobre el conflicto pol\u00edtico en Catalu\u00f1a ser\u00e1 una de las decisiones que el presidente Pedro S\u00e1nchez y el jefe del Govern, Pere Aragon\u00e8s, tomen en la reuni\u00f3n a [&hellip;]<\/p>\n","protected":false},"author":2,"featured_media":2666,"comment_status":"open","ping_status":"open","sticky":false,"template":"","format":"standard","meta":{"footnotes":""},"categories":[1],"tags":[],"class_list":["post-2665","post","type-post","status-publish","format-standard","has-post-thumbnail","hentry","category-ultimas-noticias-financieras"],"yoast_head":"<!-- This site is optimized with the Yoast SEO plugin v27.4 - https:\/\/yoast.com\/product\/yoast-seo-wordpress\/ -->\n<title>S\u00e1nchez y Aragon\u00e8s buscan un marco de confianza previo a la mesa de di\u00e1logo - Hot News in World<\/title>\n<meta name=\"robots\" content=\"index, follow, max-snippet:-1, max-image-preview:large, max-video-preview:-1\" \/>\n<link rel=\"canonical\" href=\"https:\/\/hotnewsinworld.com\/es\/sanchez-y-aragones-buscan-un-marco-de-confianza-previo-a-la-mesa-de-dialogo\/\" \/>\n<meta property=\"og:locale\" content=\"es_ES\" \/>\n<meta property=\"og:type\" content=\"article\" \/>\n<meta property=\"og:title\" content=\"S\u00e1nchez y Aragon\u00e8s buscan un marco de confianza previo a la mesa de di\u00e1logo - Hot News in World\" \/>\n<meta property=\"og:description\" content=\"El presidente catal\u00e1n, Pere Aragon\u00e8s, en la rueda de prensa posterior a la reuni\u00f3n del Govern.Albert GarciaLa fecha de la pr\u00f3xima reuni\u00f3n de la mesa de di\u00e1logo sobre el conflicto pol\u00edtico en Catalu\u00f1a ser\u00e1 una de las decisiones que el presidente Pedro S\u00e1nchez y el jefe del Govern, Pere Aragon\u00e8s, tomen en la reuni\u00f3n a [&hellip;]\" \/>\n<meta property=\"og:url\" content=\"https:\/\/hotnewsinworld.com\/es\/sanchez-y-aragones-buscan-un-marco-de-confianza-previo-a-la-mesa-de-dialogo\/\" \/>\n<meta property=\"og:site_name\" content=\"Hot News in World\" \/>\n<meta property=\"article:published_time\" content=\"2021-06-02T10:57:09+00:00\" \/>\n<meta property=\"article:modified_time\" content=\"2021-06-02T10:57:16+00:00\" \/>\n<meta property=\"og:image\" content=\"https:\/\/hotnewsinworld.com\/es\/wp-content\/uploads\/sites\/4\/2021\/06\/Sanchez-y-Aragones-buscan-un-marco-de-confianza-previo-a-scaled.jpg\" \/>\n\t<meta property=\"og:image:width\" content=\"2560\" \/>\n\t<meta property=\"og:image:height\" content=\"1707\" \/>\n\t<meta property=\"og:image:type\" content=\"image\/jpeg\" \/>\n<meta name=\"author\" content=\"hotnewsinworld\" \/>\n<meta name=\"twitter:card\" content=\"summary_large_image\" \/>\n<meta name=\"twitter:label1\" content=\"Escrito por\" \/>\n\t<meta name=\"twitter:data1\" content=\"hotnewsinworld\" \/>\n\t<meta name=\"twitter:label2\" content=\"Tiempo de lectura\" \/>\n\t<meta name=\"twitter:data2\" content=\"4 minutos\" \/>\n<script type=\"application\/ld+json\" class=\"yoast-schema-graph\">{\"@context\":\"https:\\\/\\\/schema.org\",\"@graph\":[{\"@type\":\"Article\",\"@id\":\"https:\\\/\\\/hotnewsinworld.com\\\/es\\\/sanchez-y-aragones-buscan-un-marco-de-confianza-previo-a-la-mesa-de-dialogo\\\/#article\",\"isPartOf\":{\"@id\":\"https:\\\/\\\/hotnewsinworld.com\\\/es\\\/sanchez-y-aragones-buscan-un-marco-de-confianza-previo-a-la-mesa-de-dialogo\\\/\"},\"author\":{\"name\":\"hotnewsinworld\",\"@id\":\"https:\\\/\\\/hotnewsinworld.com\\\/es\\\/#\\\/schema\\\/person\\\/fe61448b21c0d59086e75fcc1f9d8f6b\"},\"headline\":\"S\u00e1nchez y Aragon\u00e8s buscan un marco de confianza previo a la mesa de di\u00e1logo\",\"datePublished\":\"2021-06-02T10:57:09+00:00\",\"dateModified\":\"2021-06-02T10:57:16+00:00\",\"mainEntityOfPage\":{\"@id\":\"https:\\\/\\\/hotnewsinworld.com\\\/es\\\/sanchez-y-aragones-buscan-un-marco-de-confianza-previo-a-la-mesa-de-dialogo\\\/\"},\"wordCount\":894,\"commentCount\":0,\"image\":{\"@id\":\"https:\\\/\\\/hotnewsinworld.com\\\/es\\\/sanchez-y-aragones-buscan-un-marco-de-confianza-previo-a-la-mesa-de-dialogo\\\/#primaryimage\"},\"thumbnailUrl\":\"https:\\\/\\\/hotnewsinworld.com\\\/es\\\/wp-content\\\/uploads\\\/sites\\\/4\\\/2021\\\/06\\\/Sanchez-y-Aragones-buscan-un-marco-de-confianza-previo-a-scaled.jpg\",\"articleSection\":[\"\u00daLTIMAS NOTICIAS FINANCIERAS\"],\"inLanguage\":\"es\",\"potentialAction\":[{\"@type\":\"CommentAction\",\"name\":\"Comment\",\"target\":[\"https:\\\/\\\/hotnewsinworld.com\\\/es\\\/sanchez-y-aragones-buscan-un-marco-de-confianza-previo-a-la-mesa-de-dialogo\\\/#respond\"]}]},{\"@type\":\"WebPage\",\"@id\":\"https:\\\/\\\/hotnewsinworld.com\\\/es\\\/sanchez-y-aragones-buscan-un-marco-de-confianza-previo-a-la-mesa-de-dialogo\\\/\",\"url\":\"https:\\\/\\\/hotnewsinworld.com\\\/es\\\/sanchez-y-aragones-buscan-un-marco-de-confianza-previo-a-la-mesa-de-dialogo\\\/\",\"name\":\"S\u00e1nchez y Aragon\u00e8s buscan un marco de confianza previo a la mesa de di\u00e1logo - Hot News in World\",\"isPartOf\":{\"@id\":\"https:\\\/\\\/hotnewsinworld.com\\\/es\\\/#website\"},\"primaryImageOfPage\":{\"@id\":\"https:\\\/\\\/hotnewsinworld.com\\\/es\\\/sanchez-y-aragones-buscan-un-marco-de-confianza-previo-a-la-mesa-de-dialogo\\\/#primaryimage\"},\"image\":{\"@id\":\"https:\\\/\\\/hotnewsinworld.com\\\/es\\\/sanchez-y-aragones-buscan-un-marco-de-confianza-previo-a-la-mesa-de-dialogo\\\/#primaryimage\"},\"thumbnailUrl\":\"https:\\\/\\\/hotnewsinworld.com\\\/es\\\/wp-content\\\/uploads\\\/sites\\\/4\\\/2021\\\/06\\\/Sanchez-y-Aragones-buscan-un-marco-de-confianza-previo-a-scaled.jpg\",\"datePublished\":\"2021-06-02T10:57:09+00:00\",\"dateModified\":\"2021-06-02T10:57:16+00:00\",\"author\":{\"@id\":\"https:\\\/\\\/hotnewsinworld.com\\\/es\\\/#\\\/schema\\\/person\\\/fe61448b21c0d59086e75fcc1f9d8f6b\"},\"breadcrumb\":{\"@id\":\"https:\\\/\\\/hotnewsinworld.com\\\/es\\\/sanchez-y-aragones-buscan-un-marco-de-confianza-previo-a-la-mesa-de-dialogo\\\/#breadcrumb\"},\"inLanguage\":\"es\",\"potentialAction\":[{\"@type\":\"ReadAction\",\"target\":[\"https:\\\/\\\/hotnewsinworld.com\\\/es\\\/sanchez-y-aragones-buscan-un-marco-de-confianza-previo-a-la-mesa-de-dialogo\\\/\"]}]},{\"@type\":\"ImageObject\",\"inLanguage\":\"es\",\"@id\":\"https:\\\/\\\/hotnewsinworld.com\\\/es\\\/sanchez-y-aragones-buscan-un-marco-de-confianza-previo-a-la-mesa-de-dialogo\\\/#primaryimage\",\"url\":\"https:\\\/\\\/hotnewsinworld.com\\\/es\\\/wp-content\\\/uploads\\\/sites\\\/4\\\/2021\\\/06\\\/Sanchez-y-Aragones-buscan-un-marco-de-confianza-previo-a-scaled.jpg\",\"contentUrl\":\"https:\\\/\\\/hotnewsinworld.com\\\/es\\\/wp-content\\\/uploads\\\/sites\\\/4\\\/2021\\\/06\\\/Sanchez-y-Aragones-buscan-un-marco-de-confianza-previo-a-scaled.jpg\",\"width\":2560,\"height\":1707,\"caption\":\"S\u00e1nchez y Aragon\u00e8s buscan un marco de confianza previo a la mesa de di\u00e1logo\"},{\"@type\":\"BreadcrumbList\",\"@id\":\"https:\\\/\\\/hotnewsinworld.com\\\/es\\\/sanchez-y-aragones-buscan-un-marco-de-confianza-previo-a-la-mesa-de-dialogo\\\/#breadcrumb\",\"itemListElement\":[{\"@type\":\"ListItem\",\"position\":1,\"name\":\"\u0413\u043b\u0430\u0432\u043d\u0430\u044f \u0441\u0442\u0440\u0430\u043d\u0438\u0446\u0430\",\"item\":\"https:\\\/\\\/hotnewsinworld.com\\\/es\\\/\"},{\"@type\":\"ListItem\",\"position\":2,\"name\":\"S\u00e1nchez y Aragon\u00e8s buscan un marco de confianza previo a la mesa de di\u00e1logo\"}]},{\"@type\":\"WebSite\",\"@id\":\"https:\\\/\\\/hotnewsinworld.com\\\/es\\\/#website\",\"url\":\"https:\\\/\\\/hotnewsinworld.com\\\/es\\\/\",\"name\":\"Hot News in World\",\"description\":\"Hot News in World from Spain\",\"potentialAction\":[{\"@type\":\"SearchAction\",\"target\":{\"@type\":\"EntryPoint\",\"urlTemplate\":\"https:\\\/\\\/hotnewsinworld.com\\\/es\\\/?s={search_term_string}\"},\"query-input\":{\"@type\":\"PropertyValueSpecification\",\"valueRequired\":true,\"valueName\":\"search_term_string\"}}],\"inLanguage\":\"es\"},{\"@type\":\"Person\",\"@id\":\"https:\\\/\\\/hotnewsinworld.com\\\/es\\\/#\\\/schema\\\/person\\\/fe61448b21c0d59086e75fcc1f9d8f6b\",\"name\":\"hotnewsinworld\",\"image\":{\"@type\":\"ImageObject\",\"inLanguage\":\"es\",\"@id\":\"https:\\\/\\\/secure.gravatar.com\\\/avatar\\\/8a09ac165600ce2e1c38fe593c63928eb1e6e7ba5c5a907d67787c41b3d00c14?s=96&d=mm&r=g\",\"url\":\"https:\\\/\\\/secure.gravatar.com\\\/avatar\\\/8a09ac165600ce2e1c38fe593c63928eb1e6e7ba5c5a907d67787c41b3d00c14?s=96&d=mm&r=g\",\"contentUrl\":\"https:\\\/\\\/secure.gravatar.com\\\/avatar\\\/8a09ac165600ce2e1c38fe593c63928eb1e6e7ba5c5a907d67787c41b3d00c14?s=96&d=mm&r=g\",\"caption\":\"hotnewsinworld\"},\"url\":\"https:\\\/\\\/hotnewsinworld.com\\\/es\\\/author\\\/pt\\\/\"}]}<\/script>\n<!-- \/ Yoast SEO plugin. -->","yoast_head_json":{"title":"S\u00e1nchez y Aragon\u00e8s buscan un marco de confianza previo a la mesa de di\u00e1logo - Hot News in World","robots":{"index":"index","follow":"follow","max-snippet":"max-snippet:-1","max-image-preview":"max-image-preview:large","max-video-preview":"max-video-preview:-1"},"canonical":"https:\/\/hotnewsinworld.com\/es\/sanchez-y-aragones-buscan-un-marco-de-confianza-previo-a-la-mesa-de-dialogo\/","og_locale":"es_ES","og_type":"article","og_title":"S\u00e1nchez y Aragon\u00e8s buscan un marco de confianza previo a la mesa de di\u00e1logo - Hot News in World","og_description":"El presidente catal\u00e1n, Pere Aragon\u00e8s, en la rueda de prensa posterior a la reuni\u00f3n del Govern.Albert GarciaLa fecha de la pr\u00f3xima reuni\u00f3n de la mesa de di\u00e1logo sobre el conflicto pol\u00edtico en Catalu\u00f1a ser\u00e1 una de las decisiones que el presidente Pedro S\u00e1nchez y el jefe del Govern, Pere Aragon\u00e8s, tomen en la reuni\u00f3n a [&hellip;]","og_url":"https:\/\/hotnewsinworld.com\/es\/sanchez-y-aragones-buscan-un-marco-de-confianza-previo-a-la-mesa-de-dialogo\/","og_site_name":"Hot News in World","article_published_time":"2021-06-02T10:57:09+00:00","article_modified_time":"2021-06-02T10:57:16+00:00","og_image":[{"width":2560,"height":1707,"url":"https:\/\/hotnewsinworld.com\/es\/wp-content\/uploads\/sites\/4\/2021\/06\/Sanchez-y-Aragones-buscan-un-marco-de-confianza-previo-a-scaled.jpg","type":"image\/jpeg"}],"author":"hotnewsinworld","twitter_card":"summary_large_image","twitter_misc":{"Escrito por":"hotnewsinworld","Tiempo de lectura":"4 minutos"},"schema":{"@context":"https:\/\/schema.org","@graph":[{"@type":"Article","@id":"https:\/\/hotnewsinworld.com\/es\/sanchez-y-aragones-buscan-un-marco-de-confianza-previo-a-la-mesa-de-dialogo\/#article","isPartOf":{"@id":"https:\/\/hotnewsinworld.com\/es\/sanchez-y-aragones-buscan-un-marco-de-confianza-previo-a-la-mesa-de-dialogo\/"},"author":{"name":"hotnewsinworld","@id":"https:\/\/hotnewsinworld.com\/es\/#\/schema\/person\/fe61448b21c0d59086e75fcc1f9d8f6b"},"headline":"S\u00e1nchez y Aragon\u00e8s buscan un marco de confianza previo a la mesa de di\u00e1logo","datePublished":"2021-06-02T10:57:09+00:00","dateModified":"2021-06-02T10:57:16+00:00","mainEntityOfPage":{"@id":"https:\/\/hotnewsinworld.com\/es\/sanchez-y-aragones-buscan-un-marco-de-confianza-previo-a-la-mesa-de-dialogo\/"},"wordCount":894,"commentCount":0,"image":{"@id":"https:\/\/hotnewsinworld.com\/es\/sanchez-y-aragones-buscan-un-marco-de-confianza-previo-a-la-mesa-de-dialogo\/#primaryimage"},"thumbnailUrl":"https:\/\/hotnewsinworld.com\/es\/wp-content\/uploads\/sites\/4\/2021\/06\/Sanchez-y-Aragones-buscan-un-marco-de-confianza-previo-a-scaled.jpg","articleSection":["\u00daLTIMAS NOTICIAS FINANCIERAS"],"inLanguage":"es","potentialAction":[{"@type":"CommentAction","name":"Comment","target":["https:\/\/hotnewsinworld.com\/es\/sanchez-y-aragones-buscan-un-marco-de-confianza-previo-a-la-mesa-de-dialogo\/#respond"]}]},{"@type":"WebPage","@id":"https:\/\/hotnewsinworld.com\/es\/sanchez-y-aragones-buscan-un-marco-de-confianza-previo-a-la-mesa-de-dialogo\/","url":"https:\/\/hotnewsinworld.com\/es\/sanchez-y-aragones-buscan-un-marco-de-confianza-previo-a-la-mesa-de-dialogo\/","name":"S\u00e1nchez y Aragon\u00e8s buscan un marco de confianza previo a la mesa de di\u00e1logo - Hot News in World","isPartOf":{"@id":"https:\/\/hotnewsinworld.com\/es\/#website"},"primaryImageOfPage":{"@id":"https:\/\/hotnewsinworld.com\/es\/sanchez-y-aragones-buscan-un-marco-de-confianza-previo-a-la-mesa-de-dialogo\/#primaryimage"},"image":{"@id":"https:\/\/hotnewsinworld.com\/es\/sanchez-y-aragones-buscan-un-marco-de-confianza-previo-a-la-mesa-de-dialogo\/#primaryimage"},"thumbnailUrl":"https:\/\/hotnewsinworld.com\/es\/wp-content\/uploads\/sites\/4\/2021\/06\/Sanchez-y-Aragones-buscan-un-marco-de-confianza-previo-a-scaled.jpg","datePublished":"2021-06-02T10:57:09+00:00","dateModified":"2021-06-02T10:57:16+00:00","author":{"@id":"https:\/\/hotnewsinworld.com\/es\/#\/schema\/person\/fe61448b21c0d59086e75fcc1f9d8f6b"},"breadcrumb":{"@id":"https:\/\/hotnewsinworld.com\/es\/sanchez-y-aragones-buscan-un-marco-de-confianza-previo-a-la-mesa-de-dialogo\/#breadcrumb"},"inLanguage":"es","potentialAction":[{"@type":"ReadAction","target":["https:\/\/hotnewsinworld.com\/es\/sanchez-y-aragones-buscan-un-marco-de-confianza-previo-a-la-mesa-de-dialogo\/"]}]},{"@type":"ImageObject","inLanguage":"es","@id":"https:\/\/hotnewsinworld.com\/es\/sanchez-y-aragones-buscan-un-marco-de-confianza-previo-a-la-mesa-de-dialogo\/#primaryimage","url":"https:\/\/hotnewsinworld.com\/es\/wp-content\/uploads\/sites\/4\/2021\/06\/Sanchez-y-Aragones-buscan-un-marco-de-confianza-previo-a-scaled.jpg","contentUrl":"https:\/\/hotnewsinworld.com\/es\/wp-content\/uploads\/sites\/4\/2021\/06\/Sanchez-y-Aragones-buscan-un-marco-de-confianza-previo-a-scaled.jpg","width":2560,"height":1707,"caption":"S\u00e1nchez y Aragon\u00e8s buscan un marco de confianza previo a la mesa de di\u00e1logo"},{"@type":"BreadcrumbList","@id":"https:\/\/hotnewsinworld.com\/es\/sanchez-y-aragones-buscan-un-marco-de-confianza-previo-a-la-mesa-de-dialogo\/#breadcrumb","itemListElement":[{"@type":"ListItem","position":1,"name":"\u0413\u043b\u0430\u0432\u043d\u0430\u044f \u0441\u0442\u0440\u0430\u043d\u0438\u0446\u0430","item":"https:\/\/hotnewsinworld.com\/es\/"},{"@type":"ListItem","position":2,"name":"S\u00e1nchez y Aragon\u00e8s buscan un marco de confianza previo a la mesa de di\u00e1logo"}]},{"@type":"WebSite","@id":"https:\/\/hotnewsinworld.com\/es\/#website","url":"https:\/\/hotnewsinworld.com\/es\/","name":"Hot News in World","description":"Hot News in World from Spain","potentialAction":[{"@type":"SearchAction","target":{"@type":"EntryPoint","urlTemplate":"https:\/\/hotnewsinworld.com\/es\/?s={search_term_string}"},"query-input":{"@type":"PropertyValueSpecification","valueRequired":true,"valueName":"search_term_string"}}],"inLanguage":"es"},{"@type":"Person","@id":"https:\/\/hotnewsinworld.com\/es\/#\/schema\/person\/fe61448b21c0d59086e75fcc1f9d8f6b","name":"hotnewsinworld","image":{"@type":"ImageObject","inLanguage":"es","@id":"https:\/\/secure.gravatar.com\/avatar\/8a09ac165600ce2e1c38fe593c63928eb1e6e7ba5c5a907d67787c41b3d00c14?s=96&d=mm&r=g","url":"https:\/\/secure.gravatar.com\/avatar\/8a09ac165600ce2e1c38fe593c63928eb1e6e7ba5c5a907d67787c41b3d00c14?s=96&d=mm&r=g","contentUrl":"https:\/\/secure.gravatar.com\/avatar\/8a09ac165600ce2e1c38fe593c63928eb1e6e7ba5c5a907d67787c41b3d00c14?s=96&d=mm&r=g","caption":"hotnewsinworld"},"url":"https:\/\/hotnewsinworld.com\/es\/author\/pt\/"}]}},"_links":{"self":[{"href":"https:\/\/hotnewsinworld.com\/es\/wp-json\/wp\/v2\/posts\/2665","targetHints":{"allow":["GET"]}}],"collection":[{"href":"https:\/\/hotnewsinworld.com\/es\/wp-json\/wp\/v2\/posts"}],"about":[{"href":"https:\/\/hotnewsinworld.com\/es\/wp-json\/wp\/v2\/types\/post"}],"author":[{"embeddable":true,"href":"https:\/\/hotnewsinworld.com\/es\/wp-json\/wp\/v2\/users\/2"}],"replies":[{"embeddable":true,"href":"https:\/\/hotnewsinworld.com\/es\/wp-json\/wp\/v2\/comments?post=2665"}],"version-history":[{"count":1,"href":"https:\/\/hotnewsinworld.com\/es\/wp-json\/wp\/v2\/posts\/2665\/revisions"}],"predecessor-version":[{"id":2667,"href":"https:\/\/hotnewsinworld.com\/es\/wp-json\/wp\/v2\/posts\/2665\/revisions\/2667"}],"wp:featuredmedia":[{"embeddable":true,"href":"https:\/\/hotnewsinworld.com\/es\/wp-json\/wp\/v2\/media\/2666"}],"wp:attachment":[{"href":"https:\/\/hotnewsinworld.com\/es\/wp-json\/wp\/v2\/media?parent=2665"}],"wp:term":[{"taxonomy":"category","embeddable":true,"href":"https:\/\/hotnewsinworld.com\/es\/wp-json\/wp\/v2\/categories?post=2665"},{"taxonomy":"post_tag","embeddable":true,"href":"https:\/\/hotnewsinworld.com\/es\/wp-json\/wp\/v2\/tags?post=2665"}],"curies":[{"name":"wp","href":"https:\/\/api.w.org\/{rel}","templated":true}]}}