{"id":3281,"date":"2021-07-24T19:23:06","date_gmt":"2021-07-24T16:23:06","guid":{"rendered":"https:\/\/hotnewsinworld.com\/es\/una-rotura-de-la-conectividad-electrica-con-francia-provoca-un-apagon-en-media-espana\/"},"modified":"2021-07-24T19:23:09","modified_gmt":"2021-07-24T16:23:09","slug":"una-rotura-de-la-conectividad-electrica-con-francia-provoca-un-apagon-en-media-espana","status":"publish","type":"post","link":"https:\/\/hotnewsinworld.com\/es\/una-rotura-de-la-conectividad-electrica-con-francia-provoca-un-apagon-en-media-espana\/","title":{"rendered":"Una rotura de la conectividad el\u00e9ctrica con Francia provoca un apag\u00f3n en media Espa\u00f1a"},"content":{"rendered":"<p>Los t\u00e9cnicos trabajan en una torre de electricidad durante el mantenimiento de las l\u00edneas el\u00e9ctricas de alta tensi\u00f3n.PASCAL ROSSIGNOL \/ REUTERSUna rotura en la l\u00ednea de alta tensi\u00f3n que conecta Espa\u00f1a y Francia ha provocado un apag\u00f3n de luz en varias zonas de Espa\u00f1a, que ha dejado a miles de ciudadanos sin suministro el\u00e9ctrico, seg\u00fan han confirmado fuentes de Red El\u00e9ctrica de Espa\u00f1a. Poco antes de las cinco de la tarde varias zonas de Catalu\u00f1a, Madrid, Andaluc\u00eda, Extremadura, Arag\u00f3n o Navarra se han quedado sin luz.Un incidente con un hidroavi\u00f3n ha generado un problema en la red francesa de muy alta tensi\u00f3n provocando la desconexi\u00f3n temporal de la pen\u00ednsula del resto de europa. El problema ya est\u00e1 resuelto quedando repuesta la interconexi\u00f3n y el suministro el\u00e9ctrico afectado en nuestro pa\u00eds\u2014 Red El\u00e9ctrica (@RedElectricaREE) <a rel=\"nofollow noopener noreferrer\" target=\"_blank\" href=\"https:\/\/twitter.com\/RedElectricaREE\/status\/1418968173949378573?ref_src=twsrc%5Etfw\">July 24, 2021<\/a><\/p>\n<p>\u201cUn incidente con un hidroavi\u00f3n ha generado un problema en la red francesa de muy alta tensi\u00f3n provocando la desconexi\u00f3n temporal de la pen\u00ednsula del resto de Europa\u201d, explica Red El\u00e9ctrica a trav\u00e9s de sus redes sociales. La operadora p\u00fablica encargada del transporte de la electricidad asegura que \u201cel problema ya est\u00e1 resuelto quedando repuesta la interconexi\u00f3n y el suministro el\u00e9ctrico afectado en nuestro pa\u00eds\u201d.?? Manca de subministrament el\u00e8ctric d&#8217;abast global segons informa <a rel=\"nofollow noopener noreferrer\" target=\"_blank\" href=\"https:\/\/twitter.com\/Endesa?ref_src=twsrc%5Etfw\">@Endesa<\/a>Hi ha prop de 640.000 abonats afectatsNo hi ha previsi\u00f3 de restabliment\u2014 Protecci\u00f3 civil (@emergenciescat) <a rel=\"nofollow noopener noreferrer\" target=\"_blank\" href=\"https:\/\/twitter.com\/emergenciescat\/status\/1418952138605146122?ref_src=twsrc%5Etfw\">July 24, 2021<\/a><\/p>\n<p>Red El\u00e9ctrica de Espa\u00f1a muestra en sus estad\u00edsticas en vivo c\u00f3mo justo antes de las 17.00 horas la demanda el\u00e9ctrica ha ca\u00eddo en picado. La demanda de electricidad se ha desplomado en casi 2000 megavatios en apenas unos minutos. Ha pasado de una demanda esperada de 29.900 megavatios, que hasta entonces iba pareja con la demanda real, a caer hasta los 28.062 MW. Apag\u00f3nEl grupo el\u00e9ctrico Iberdrola ha informado a trav\u00e9s de las redes sociales de que \u201cuna incidencia en la red de Red El\u00e9ctrica de Espa\u00f1a y ajena a la red de Distribuci\u00f3n IDE-Grupo Iberdrola est\u00e1 afectando a usuarios del servicio de luz en toda Espa\u00f1a. En cuanto REE permita la reconexi\u00f3n se restablecer\u00e1 el servicio\u201d.Una incidencia en la red de <a rel=\"nofollow noopener noreferrer\" target=\"_blank\" href=\"https:\/\/twitter.com\/RedElectricaREE?ref_src=twsrc%5Etfw\">@RedElectricaREE<\/a> y ajena a la red de Distribuci\u00f3n IDE-Grupo Iberdrola est\u00e1 afectando a usuarios del servicio de luz en toda Espa\u00f1a. En cuanto REE permita la reconexi\u00f3n se restablecer\u00e1 el servicio. Disculpen las molestias + Info: https:\/\/t.co\/ZuebS3LTCl\u2014 Iberdrola (@iberdrola) <a rel=\"nofollow noopener noreferrer\" target=\"_blank\" href=\"https:\/\/twitter.com\/iberdrola\/status\/1418965377946722308?ref_src=twsrc%5Etfw\">July 24, 2021<\/a><\/p>\n<p>La conexi\u00f3n se ha restablecido en la mayor parte de Catalu\u00f1a tras una hora desde que se produjera el corte. Cientos de ciudadanos han comentado el corte de suministro en redes sociales y #apagon se ha convertido en trending topic (t\u00e9rmino m\u00e1s comentado) en Espa\u00f1a.[Noticia de \u00faltima hora. Habr\u00e1 actualizaci\u00f3n en breve]<script async src=\"https:\/\/platform.twitter.com\/widgets.js\" charset=\"utf-8\"><\/script><br \/>\n<br \/>\n<!--noindex--><br \/>\n<a href=\"https:\/\/elpais.com\/economia\/2021-07-24\/un-rotura-de-la-conectividad-electrica-con-francia-provoca-un-apagon-en-media-espana.html\" rel=\"nofollow\">Source link <\/a><br \/>\n<!--\/noindex--><\/p>\n","protected":false},"excerpt":{"rendered":"<p>Los t\u00e9cnicos trabajan en una torre de electricidad durante el mantenimiento de las l\u00edneas el\u00e9ctricas de alta tensi\u00f3n.PASCAL ROSSIGNOL \/ REUTERSUna rotura en la l\u00ednea de alta tensi\u00f3n que conecta Espa\u00f1a y Francia ha provocado un apag\u00f3n de luz en varias zonas de Espa\u00f1a, que ha dejado a miles de ciudadanos sin suministro el\u00e9ctrico, seg\u00fan [&hellip;]<\/p>\n","protected":false},"author":2,"featured_media":3282,"comment_status":"open","ping_status":"open","sticky":false,"template":"","format":"standard","meta":{"footnotes":""},"categories":[3],"tags":[],"class_list":["post-3281","post","type-post","status-publish","format-standard","has-post-thumbnail","hentry","category-noticias-de-medios-sociales"],"yoast_head":"<!-- This site is optimized with the Yoast SEO plugin v27.4 - https:\/\/yoast.com\/product\/yoast-seo-wordpress\/ -->\n<title>Una rotura de la conectividad el\u00e9ctrica con Francia provoca un apag\u00f3n en media Espa\u00f1a - Hot News in World<\/title>\n<meta name=\"robots\" content=\"index, follow, max-snippet:-1, max-image-preview:large, max-video-preview:-1\" \/>\n<link rel=\"canonical\" href=\"https:\/\/hotnewsinworld.com\/es\/una-rotura-de-la-conectividad-electrica-con-francia-provoca-un-apagon-en-media-espana\/\" \/>\n<meta property=\"og:locale\" content=\"es_ES\" \/>\n<meta property=\"og:type\" content=\"article\" \/>\n<meta property=\"og:title\" content=\"Una rotura de la conectividad el\u00e9ctrica con Francia provoca un apag\u00f3n en media Espa\u00f1a - Hot News in World\" \/>\n<meta property=\"og:description\" content=\"Los t\u00e9cnicos trabajan en una torre de electricidad durante el mantenimiento de las l\u00edneas el\u00e9ctricas de alta tensi\u00f3n.PASCAL ROSSIGNOL \/ REUTERSUna rotura en la l\u00ednea de alta tensi\u00f3n que conecta Espa\u00f1a y Francia ha provocado un apag\u00f3n de luz en varias zonas de Espa\u00f1a, que ha dejado a miles de ciudadanos sin suministro el\u00e9ctrico, seg\u00fan [&hellip;]\" \/>\n<meta property=\"og:url\" content=\"https:\/\/hotnewsinworld.com\/es\/una-rotura-de-la-conectividad-electrica-con-francia-provoca-un-apagon-en-media-espana\/\" \/>\n<meta property=\"og:site_name\" content=\"Hot News in World\" \/>\n<meta property=\"article:published_time\" content=\"2021-07-24T16:23:06+00:00\" \/>\n<meta property=\"article:modified_time\" content=\"2021-07-24T16:23:09+00:00\" \/>\n<meta property=\"og:image\" content=\"https:\/\/hotnewsinworld.com\/es\/wp-content\/uploads\/sites\/4\/2021\/07\/Una-rotura-de-la-conectividad-electrica-con-Francia-provoca-un.jpg\" \/>\n\t<meta property=\"og:image:width\" content=\"980\" \/>\n\t<meta property=\"og:image:height\" content=\"654\" \/>\n\t<meta property=\"og:image:type\" content=\"image\/jpeg\" \/>\n<meta name=\"author\" content=\"hotnewsinworld\" \/>\n<meta name=\"twitter:card\" content=\"summary_large_image\" \/>\n<meta name=\"twitter:label1\" content=\"Escrito por\" \/>\n\t<meta name=\"twitter:data1\" content=\"hotnewsinworld\" \/>\n\t<meta name=\"twitter:label2\" content=\"Tiempo de lectura\" \/>\n\t<meta name=\"twitter:data2\" content=\"2 minutos\" \/>\n<script type=\"application\/ld+json\" class=\"yoast-schema-graph\">{\"@context\":\"https:\\\/\\\/schema.org\",\"@graph\":[{\"@type\":\"Article\",\"@id\":\"https:\\\/\\\/hotnewsinworld.com\\\/es\\\/una-rotura-de-la-conectividad-electrica-con-francia-provoca-un-apagon-en-media-espana\\\/#article\",\"isPartOf\":{\"@id\":\"https:\\\/\\\/hotnewsinworld.com\\\/es\\\/una-rotura-de-la-conectividad-electrica-con-francia-provoca-un-apagon-en-media-espana\\\/\"},\"author\":{\"name\":\"hotnewsinworld\",\"@id\":\"https:\\\/\\\/hotnewsinworld.com\\\/es\\\/#\\\/schema\\\/person\\\/fe61448b21c0d59086e75fcc1f9d8f6b\"},\"headline\":\"Una rotura de la conectividad el\u00e9ctrica con Francia provoca un apag\u00f3n en media Espa\u00f1a\",\"datePublished\":\"2021-07-24T16:23:06+00:00\",\"dateModified\":\"2021-07-24T16:23:09+00:00\",\"mainEntityOfPage\":{\"@id\":\"https:\\\/\\\/hotnewsinworld.com\\\/es\\\/una-rotura-de-la-conectividad-electrica-con-francia-provoca-un-apagon-en-media-espana\\\/\"},\"wordCount\":516,\"commentCount\":0,\"image\":{\"@id\":\"https:\\\/\\\/hotnewsinworld.com\\\/es\\\/una-rotura-de-la-conectividad-electrica-con-francia-provoca-un-apagon-en-media-espana\\\/#primaryimage\"},\"thumbnailUrl\":\"https:\\\/\\\/hotnewsinworld.com\\\/es\\\/wp-content\\\/uploads\\\/sites\\\/4\\\/2021\\\/07\\\/Una-rotura-de-la-conectividad-electrica-con-Francia-provoca-un.jpg\",\"articleSection\":[\"NOTICIAS DE MEDIOS SOCIALES\"],\"inLanguage\":\"es\",\"potentialAction\":[{\"@type\":\"CommentAction\",\"name\":\"Comment\",\"target\":[\"https:\\\/\\\/hotnewsinworld.com\\\/es\\\/una-rotura-de-la-conectividad-electrica-con-francia-provoca-un-apagon-en-media-espana\\\/#respond\"]}]},{\"@type\":\"WebPage\",\"@id\":\"https:\\\/\\\/hotnewsinworld.com\\\/es\\\/una-rotura-de-la-conectividad-electrica-con-francia-provoca-un-apagon-en-media-espana\\\/\",\"url\":\"https:\\\/\\\/hotnewsinworld.com\\\/es\\\/una-rotura-de-la-conectividad-electrica-con-francia-provoca-un-apagon-en-media-espana\\\/\",\"name\":\"Una rotura de la conectividad el\u00e9ctrica con Francia provoca un apag\u00f3n en media Espa\u00f1a - Hot News in World\",\"isPartOf\":{\"@id\":\"https:\\\/\\\/hotnewsinworld.com\\\/es\\\/#website\"},\"primaryImageOfPage\":{\"@id\":\"https:\\\/\\\/hotnewsinworld.com\\\/es\\\/una-rotura-de-la-conectividad-electrica-con-francia-provoca-un-apagon-en-media-espana\\\/#primaryimage\"},\"image\":{\"@id\":\"https:\\\/\\\/hotnewsinworld.com\\\/es\\\/una-rotura-de-la-conectividad-electrica-con-francia-provoca-un-apagon-en-media-espana\\\/#primaryimage\"},\"thumbnailUrl\":\"https:\\\/\\\/hotnewsinworld.com\\\/es\\\/wp-content\\\/uploads\\\/sites\\\/4\\\/2021\\\/07\\\/Una-rotura-de-la-conectividad-electrica-con-Francia-provoca-un.jpg\",\"datePublished\":\"2021-07-24T16:23:06+00:00\",\"dateModified\":\"2021-07-24T16:23:09+00:00\",\"author\":{\"@id\":\"https:\\\/\\\/hotnewsinworld.com\\\/es\\\/#\\\/schema\\\/person\\\/fe61448b21c0d59086e75fcc1f9d8f6b\"},\"breadcrumb\":{\"@id\":\"https:\\\/\\\/hotnewsinworld.com\\\/es\\\/una-rotura-de-la-conectividad-electrica-con-francia-provoca-un-apagon-en-media-espana\\\/#breadcrumb\"},\"inLanguage\":\"es\",\"potentialAction\":[{\"@type\":\"ReadAction\",\"target\":[\"https:\\\/\\\/hotnewsinworld.com\\\/es\\\/una-rotura-de-la-conectividad-electrica-con-francia-provoca-un-apagon-en-media-espana\\\/\"]}]},{\"@type\":\"ImageObject\",\"inLanguage\":\"es\",\"@id\":\"https:\\\/\\\/hotnewsinworld.com\\\/es\\\/una-rotura-de-la-conectividad-electrica-con-francia-provoca-un-apagon-en-media-espana\\\/#primaryimage\",\"url\":\"https:\\\/\\\/hotnewsinworld.com\\\/es\\\/wp-content\\\/uploads\\\/sites\\\/4\\\/2021\\\/07\\\/Una-rotura-de-la-conectividad-electrica-con-Francia-provoca-un.jpg\",\"contentUrl\":\"https:\\\/\\\/hotnewsinworld.com\\\/es\\\/wp-content\\\/uploads\\\/sites\\\/4\\\/2021\\\/07\\\/Una-rotura-de-la-conectividad-electrica-con-Francia-provoca-un.jpg\",\"width\":980,\"height\":654,\"caption\":\"Una rotura de la conectividad el\u00e9ctrica con Francia provoca un apag\u00f3n en media Espa\u00f1a\"},{\"@type\":\"BreadcrumbList\",\"@id\":\"https:\\\/\\\/hotnewsinworld.com\\\/es\\\/una-rotura-de-la-conectividad-electrica-con-francia-provoca-un-apagon-en-media-espana\\\/#breadcrumb\",\"itemListElement\":[{\"@type\":\"ListItem\",\"position\":1,\"name\":\"\u0413\u043b\u0430\u0432\u043d\u0430\u044f \u0441\u0442\u0440\u0430\u043d\u0438\u0446\u0430\",\"item\":\"https:\\\/\\\/hotnewsinworld.com\\\/es\\\/\"},{\"@type\":\"ListItem\",\"position\":2,\"name\":\"Una rotura de la conectividad el\u00e9ctrica con Francia provoca un apag\u00f3n en media Espa\u00f1a\"}]},{\"@type\":\"WebSite\",\"@id\":\"https:\\\/\\\/hotnewsinworld.com\\\/es\\\/#website\",\"url\":\"https:\\\/\\\/hotnewsinworld.com\\\/es\\\/\",\"name\":\"Hot News in World\",\"description\":\"Hot News in World from Spain\",\"potentialAction\":[{\"@type\":\"SearchAction\",\"target\":{\"@type\":\"EntryPoint\",\"urlTemplate\":\"https:\\\/\\\/hotnewsinworld.com\\\/es\\\/?s={search_term_string}\"},\"query-input\":{\"@type\":\"PropertyValueSpecification\",\"valueRequired\":true,\"valueName\":\"search_term_string\"}}],\"inLanguage\":\"es\"},{\"@type\":\"Person\",\"@id\":\"https:\\\/\\\/hotnewsinworld.com\\\/es\\\/#\\\/schema\\\/person\\\/fe61448b21c0d59086e75fcc1f9d8f6b\",\"name\":\"hotnewsinworld\",\"image\":{\"@type\":\"ImageObject\",\"inLanguage\":\"es\",\"@id\":\"https:\\\/\\\/secure.gravatar.com\\\/avatar\\\/8a09ac165600ce2e1c38fe593c63928eb1e6e7ba5c5a907d67787c41b3d00c14?s=96&d=mm&r=g\",\"url\":\"https:\\\/\\\/secure.gravatar.com\\\/avatar\\\/8a09ac165600ce2e1c38fe593c63928eb1e6e7ba5c5a907d67787c41b3d00c14?s=96&d=mm&r=g\",\"contentUrl\":\"https:\\\/\\\/secure.gravatar.com\\\/avatar\\\/8a09ac165600ce2e1c38fe593c63928eb1e6e7ba5c5a907d67787c41b3d00c14?s=96&d=mm&r=g\",\"caption\":\"hotnewsinworld\"},\"url\":\"https:\\\/\\\/hotnewsinworld.com\\\/es\\\/author\\\/pt\\\/\"}]}<\/script>\n<!-- \/ Yoast SEO plugin. -->","yoast_head_json":{"title":"Una rotura de la conectividad el\u00e9ctrica con Francia provoca un apag\u00f3n en media Espa\u00f1a - Hot News in World","robots":{"index":"index","follow":"follow","max-snippet":"max-snippet:-1","max-image-preview":"max-image-preview:large","max-video-preview":"max-video-preview:-1"},"canonical":"https:\/\/hotnewsinworld.com\/es\/una-rotura-de-la-conectividad-electrica-con-francia-provoca-un-apagon-en-media-espana\/","og_locale":"es_ES","og_type":"article","og_title":"Una rotura de la conectividad el\u00e9ctrica con Francia provoca un apag\u00f3n en media Espa\u00f1a - Hot News in World","og_description":"Los t\u00e9cnicos trabajan en una torre de electricidad durante el mantenimiento de las l\u00edneas el\u00e9ctricas de alta tensi\u00f3n.PASCAL ROSSIGNOL \/ REUTERSUna rotura en la l\u00ednea de alta tensi\u00f3n que conecta Espa\u00f1a y Francia ha provocado un apag\u00f3n de luz en varias zonas de Espa\u00f1a, que ha dejado a miles de ciudadanos sin suministro el\u00e9ctrico, seg\u00fan [&hellip;]","og_url":"https:\/\/hotnewsinworld.com\/es\/una-rotura-de-la-conectividad-electrica-con-francia-provoca-un-apagon-en-media-espana\/","og_site_name":"Hot News in World","article_published_time":"2021-07-24T16:23:06+00:00","article_modified_time":"2021-07-24T16:23:09+00:00","og_image":[{"width":980,"height":654,"url":"https:\/\/hotnewsinworld.com\/es\/wp-content\/uploads\/sites\/4\/2021\/07\/Una-rotura-de-la-conectividad-electrica-con-Francia-provoca-un.jpg","type":"image\/jpeg"}],"author":"hotnewsinworld","twitter_card":"summary_large_image","twitter_misc":{"Escrito por":"hotnewsinworld","Tiempo de lectura":"2 minutos"},"schema":{"@context":"https:\/\/schema.org","@graph":[{"@type":"Article","@id":"https:\/\/hotnewsinworld.com\/es\/una-rotura-de-la-conectividad-electrica-con-francia-provoca-un-apagon-en-media-espana\/#article","isPartOf":{"@id":"https:\/\/hotnewsinworld.com\/es\/una-rotura-de-la-conectividad-electrica-con-francia-provoca-un-apagon-en-media-espana\/"},"author":{"name":"hotnewsinworld","@id":"https:\/\/hotnewsinworld.com\/es\/#\/schema\/person\/fe61448b21c0d59086e75fcc1f9d8f6b"},"headline":"Una rotura de la conectividad el\u00e9ctrica con Francia provoca un apag\u00f3n en media Espa\u00f1a","datePublished":"2021-07-24T16:23:06+00:00","dateModified":"2021-07-24T16:23:09+00:00","mainEntityOfPage":{"@id":"https:\/\/hotnewsinworld.com\/es\/una-rotura-de-la-conectividad-electrica-con-francia-provoca-un-apagon-en-media-espana\/"},"wordCount":516,"commentCount":0,"image":{"@id":"https:\/\/hotnewsinworld.com\/es\/una-rotura-de-la-conectividad-electrica-con-francia-provoca-un-apagon-en-media-espana\/#primaryimage"},"thumbnailUrl":"https:\/\/hotnewsinworld.com\/es\/wp-content\/uploads\/sites\/4\/2021\/07\/Una-rotura-de-la-conectividad-electrica-con-Francia-provoca-un.jpg","articleSection":["NOTICIAS DE MEDIOS SOCIALES"],"inLanguage":"es","potentialAction":[{"@type":"CommentAction","name":"Comment","target":["https:\/\/hotnewsinworld.com\/es\/una-rotura-de-la-conectividad-electrica-con-francia-provoca-un-apagon-en-media-espana\/#respond"]}]},{"@type":"WebPage","@id":"https:\/\/hotnewsinworld.com\/es\/una-rotura-de-la-conectividad-electrica-con-francia-provoca-un-apagon-en-media-espana\/","url":"https:\/\/hotnewsinworld.com\/es\/una-rotura-de-la-conectividad-electrica-con-francia-provoca-un-apagon-en-media-espana\/","name":"Una rotura de la conectividad el\u00e9ctrica con Francia provoca un apag\u00f3n en media Espa\u00f1a - Hot News in World","isPartOf":{"@id":"https:\/\/hotnewsinworld.com\/es\/#website"},"primaryImageOfPage":{"@id":"https:\/\/hotnewsinworld.com\/es\/una-rotura-de-la-conectividad-electrica-con-francia-provoca-un-apagon-en-media-espana\/#primaryimage"},"image":{"@id":"https:\/\/hotnewsinworld.com\/es\/una-rotura-de-la-conectividad-electrica-con-francia-provoca-un-apagon-en-media-espana\/#primaryimage"},"thumbnailUrl":"https:\/\/hotnewsinworld.com\/es\/wp-content\/uploads\/sites\/4\/2021\/07\/Una-rotura-de-la-conectividad-electrica-con-Francia-provoca-un.jpg","datePublished":"2021-07-24T16:23:06+00:00","dateModified":"2021-07-24T16:23:09+00:00","author":{"@id":"https:\/\/hotnewsinworld.com\/es\/#\/schema\/person\/fe61448b21c0d59086e75fcc1f9d8f6b"},"breadcrumb":{"@id":"https:\/\/hotnewsinworld.com\/es\/una-rotura-de-la-conectividad-electrica-con-francia-provoca-un-apagon-en-media-espana\/#breadcrumb"},"inLanguage":"es","potentialAction":[{"@type":"ReadAction","target":["https:\/\/hotnewsinworld.com\/es\/una-rotura-de-la-conectividad-electrica-con-francia-provoca-un-apagon-en-media-espana\/"]}]},{"@type":"ImageObject","inLanguage":"es","@id":"https:\/\/hotnewsinworld.com\/es\/una-rotura-de-la-conectividad-electrica-con-francia-provoca-un-apagon-en-media-espana\/#primaryimage","url":"https:\/\/hotnewsinworld.com\/es\/wp-content\/uploads\/sites\/4\/2021\/07\/Una-rotura-de-la-conectividad-electrica-con-Francia-provoca-un.jpg","contentUrl":"https:\/\/hotnewsinworld.com\/es\/wp-content\/uploads\/sites\/4\/2021\/07\/Una-rotura-de-la-conectividad-electrica-con-Francia-provoca-un.jpg","width":980,"height":654,"caption":"Una rotura de la conectividad el\u00e9ctrica con Francia provoca un apag\u00f3n en media Espa\u00f1a"},{"@type":"BreadcrumbList","@id":"https:\/\/hotnewsinworld.com\/es\/una-rotura-de-la-conectividad-electrica-con-francia-provoca-un-apagon-en-media-espana\/#breadcrumb","itemListElement":[{"@type":"ListItem","position":1,"name":"\u0413\u043b\u0430\u0432\u043d\u0430\u044f \u0441\u0442\u0440\u0430\u043d\u0438\u0446\u0430","item":"https:\/\/hotnewsinworld.com\/es\/"},{"@type":"ListItem","position":2,"name":"Una rotura de la conectividad el\u00e9ctrica con Francia provoca un apag\u00f3n en media Espa\u00f1a"}]},{"@type":"WebSite","@id":"https:\/\/hotnewsinworld.com\/es\/#website","url":"https:\/\/hotnewsinworld.com\/es\/","name":"Hot News in World","description":"Hot News in World from Spain","potentialAction":[{"@type":"SearchAction","target":{"@type":"EntryPoint","urlTemplate":"https:\/\/hotnewsinworld.com\/es\/?s={search_term_string}"},"query-input":{"@type":"PropertyValueSpecification","valueRequired":true,"valueName":"search_term_string"}}],"inLanguage":"es"},{"@type":"Person","@id":"https:\/\/hotnewsinworld.com\/es\/#\/schema\/person\/fe61448b21c0d59086e75fcc1f9d8f6b","name":"hotnewsinworld","image":{"@type":"ImageObject","inLanguage":"es","@id":"https:\/\/secure.gravatar.com\/avatar\/8a09ac165600ce2e1c38fe593c63928eb1e6e7ba5c5a907d67787c41b3d00c14?s=96&d=mm&r=g","url":"https:\/\/secure.gravatar.com\/avatar\/8a09ac165600ce2e1c38fe593c63928eb1e6e7ba5c5a907d67787c41b3d00c14?s=96&d=mm&r=g","contentUrl":"https:\/\/secure.gravatar.com\/avatar\/8a09ac165600ce2e1c38fe593c63928eb1e6e7ba5c5a907d67787c41b3d00c14?s=96&d=mm&r=g","caption":"hotnewsinworld"},"url":"https:\/\/hotnewsinworld.com\/es\/author\/pt\/"}]}},"_links":{"self":[{"href":"https:\/\/hotnewsinworld.com\/es\/wp-json\/wp\/v2\/posts\/3281","targetHints":{"allow":["GET"]}}],"collection":[{"href":"https:\/\/hotnewsinworld.com\/es\/wp-json\/wp\/v2\/posts"}],"about":[{"href":"https:\/\/hotnewsinworld.com\/es\/wp-json\/wp\/v2\/types\/post"}],"author":[{"embeddable":true,"href":"https:\/\/hotnewsinworld.com\/es\/wp-json\/wp\/v2\/users\/2"}],"replies":[{"embeddable":true,"href":"https:\/\/hotnewsinworld.com\/es\/wp-json\/wp\/v2\/comments?post=3281"}],"version-history":[{"count":1,"href":"https:\/\/hotnewsinworld.com\/es\/wp-json\/wp\/v2\/posts\/3281\/revisions"}],"predecessor-version":[{"id":3283,"href":"https:\/\/hotnewsinworld.com\/es\/wp-json\/wp\/v2\/posts\/3281\/revisions\/3283"}],"wp:featuredmedia":[{"embeddable":true,"href":"https:\/\/hotnewsinworld.com\/es\/wp-json\/wp\/v2\/media\/3282"}],"wp:attachment":[{"href":"https:\/\/hotnewsinworld.com\/es\/wp-json\/wp\/v2\/media?parent=3281"}],"wp:term":[{"taxonomy":"category","embeddable":true,"href":"https:\/\/hotnewsinworld.com\/es\/wp-json\/wp\/v2\/categories?post=3281"},{"taxonomy":"post_tag","embeddable":true,"href":"https:\/\/hotnewsinworld.com\/es\/wp-json\/wp\/v2\/tags?post=3281"}],"curies":[{"name":"wp","href":"https:\/\/api.w.org\/{rel}","templated":true}]}}