{"id":3329,"date":"2021-07-28T20:26:03","date_gmt":"2021-07-28T17:26:03","guid":{"rendered":"https:\/\/hotnewsinworld.com\/es\/el-precio-mayorista-de-la-luz-vuelve-a-acercarse-a-los-100-euros-y-se-encamina-a-marcar-el-mes-mas-caro-de-la-historia\/"},"modified":"2021-07-28T20:26:11","modified_gmt":"2021-07-28T17:26:11","slug":"el-precio-mayorista-de-la-luz-vuelve-a-acercarse-a-los-100-euros-y-se-encamina-a-marcar-el-mes-mas-caro-de-la-historia","status":"publish","type":"post","link":"https:\/\/hotnewsinworld.com\/es\/el-precio-mayorista-de-la-luz-vuelve-a-acercarse-a-los-100-euros-y-se-encamina-a-marcar-el-mes-mas-caro-de-la-historia\/","title":{"rendered":"El precio mayorista de la luz vuelve a acercarse a los 100 euros y se encamina a marcar el mes m\u00e1s caro de la historia"},"content":{"rendered":"<p>Varios operarios trabajan en un tendido el\u00e9ctrico a las afueras de Sevilla, el pasado 1 de julio.PACO PUENTES \/ EL PA\u00cdSEl precio mayorista de la electricidad para ma\u00f1ana se acerca de nuevo a los 100 euros por megavatio-hora (MWh). La subasta del operador ib\u00e9rico para este jueves ha arrojado un resultado de 98,83 euros MWh. El m\u00e1ximo previsto para la jornada ser\u00e1 de 107,25 euros a las 22.00, y el m\u00ednimo de 87 MWh a las 16.00. De esta forma, el precio mensual se encamina hacia la media m\u00e1s alta de la historia. La Organizaci\u00f3n de Consumidores y Usuarios (OCU) advierte de que el importe medio diario no ha bajado en ning\u00fan momento de julio de los 74 euros (el m\u00e1s alto lo alcanz\u00f3 el d\u00eda 21 con 106,57 euros) y se\u00f1ala que el mes cerrar\u00e1 con un precio medio de 93,2 euros MWh. Este incremento supone pagar por la energ\u00eda un 12% m\u00e1s que el mes pasado, cuya media fue de 82,93 euros, y casi triplica el precio de julio de 2020, que fue de 34,64 euros.M\u00e1s informaci\u00f3nEl precio de la energ\u00eda supone en torno al 24% del recibo de la luz. A ello hay que sumar en torno al 55% de los peajes (coste de las redes de transporte y distribuci\u00f3n) y cargos (costes asociados al fomento de las renovables, a las extrapeninsulares y las anualidades del d\u00e9ficit de tarifa) y los impuestos. La OCU sostiene que el fuerte aumento de la energ\u00eda elevar\u00e1 la factura media de los hogares con tarifa PVPC (la tarifa regulada, por las siglas de precio voluntario para el peque\u00f1o consumidor) hasta los 72,50 euros al mes, partiendo del supuesto de un hogar con 4.6 kW de potencia contratada y un consumo mensual de 292 kWh. Ese importe supone un encarecimiento del 5,4% respecto a junio (68,80 euros) y un 17% respecto a julio de 2020 (55,70 euros). Sin la reducci\u00f3n del IVA del 21% a 10%, que de forma transitoria se aplica hasta final de a\u00f1o, la factura se hubiera elevado hasta los 79,80 euros.A juicio de la asociaci\u00f3n de defensa de los consumidores, el incremento de los precios en el suministro el\u00e9ctrico est\u00e1 llevando a acumular de enero a julio una factura de 470 euros frente a los 381,28 euros que un hogar medio acumulaba en el mismo periodo del pasado a\u00f1o. Es decir, en los siete primero meses del a\u00f1o el desembolso ha aumentado en 89 euros, un 23% m\u00e1s.Impacto en los hogaresEl impacto es directo para los hogares que tienen contratada la tarifa regulada (10,5 millones), pero tambi\u00e9n para las del mercado libre que est\u00e1n indexadas al precio mayorista del resto de hogares (17 millones). Muchas de estas ofertas, pese a que se ofrecen con precio fijo, contemplan la posibilidad de actualizar precios cuando la empresa lo estime oportuno con el preaviso obligatorio. Es decir, el consumidor no tiene garantizado que va a pagar menos por mucho que ahora las el\u00e9ctricas ofrezcan el cambio de la tarifa regulada a la libre aprovechando la confusi\u00f3n que se produce con la subida de precios. La OCU critica que algunas compa\u00f1\u00edas aprovechan los elevados precios en el mercado mayorista para plantear como soluci\u00f3n la eliminaci\u00f3n de la tarifa PVPC, al que a juicio de la organizaci\u00f3n \u201cde ning\u00fan modo va a influir en rebajar esos precios mayoristas\u201d.Por todo ello, OCU pide una vez m\u00e1s al Gobierno y a la Comisi\u00f3n Nacional de los Mercados y la Competencia (CNMC) que aceleren la toma de medidas eficaces que reduzcan el precio de la electricidad para aliviar la situaci\u00f3n de los hogares, especialmente los m\u00e1s vulnerables. Entre las medidas que pide, destaca la reducci\u00f3n permanente del IVA y la reforma del sistema de fijaci\u00f3n del precio de la electricidad.El desencadenante de estos elevados precios radica en el precio del gas en el mercado internacional (sigue marcando precios por encima de los 36 euros) y los derechos de emisi\u00f3n de di\u00f3xido de carbono (por encima de los 50 euros durante todo el mes), que afectan a todos los pa\u00edses europeos. La OCU, no obstante, denuncia que \u201cel responsable \u00faltimo es el sistema oportunista de fijaci\u00f3n de precios que facilita que tecnolog\u00edas como la hidr\u00e1ulica que generan electricidad con bajos costes, aprovechen de forma sistem\u00e1tica los elevados costes de sus competidores para fijar precios desproporcionadamente altos\u201d.<br \/>\n<br \/>\n<!--noindex--><br \/>\n<a href=\"https:\/\/elpais.com\/economia\/2021-07-28\/el-precio-mayorista-de-la-luz-vuelve-a-acercarse-a-los-100-euros-y-se-encamina-a-marcar-el-mes-mas-caro-de-la-historia.html\" rel=\"nofollow\">Source link <\/a><br \/>\n<!--\/noindex--><\/p>\n","protected":false},"excerpt":{"rendered":"<p>Varios operarios trabajan en un tendido el\u00e9ctrico a las afueras de Sevilla, el pasado 1 de julio.PACO PUENTES \/ EL PA\u00cdSEl precio mayorista de la electricidad para ma\u00f1ana se acerca de nuevo a los 100 euros por megavatio-hora (MWh). La subasta del operador ib\u00e9rico para este jueves ha arrojado un resultado de 98,83 euros MWh. [&hellip;]<\/p>\n","protected":false},"author":2,"featured_media":3330,"comment_status":"open","ping_status":"open","sticky":false,"template":"","format":"standard","meta":{"footnotes":""},"categories":[3],"tags":[],"class_list":["post-3329","post","type-post","status-publish","format-standard","has-post-thumbnail","hentry","category-noticias-de-medios-sociales"],"yoast_head":"<!-- This site is optimized with the Yoast SEO plugin v27.4 - https:\/\/yoast.com\/product\/yoast-seo-wordpress\/ -->\n<title>El precio mayorista de la luz vuelve a acercarse a los 100 euros y se encamina a marcar el mes m\u00e1s caro de la historia - Hot News in World<\/title>\n<meta name=\"robots\" content=\"index, follow, max-snippet:-1, max-image-preview:large, max-video-preview:-1\" \/>\n<link rel=\"canonical\" href=\"https:\/\/hotnewsinworld.com\/es\/el-precio-mayorista-de-la-luz-vuelve-a-acercarse-a-los-100-euros-y-se-encamina-a-marcar-el-mes-mas-caro-de-la-historia\/\" \/>\n<meta property=\"og:locale\" content=\"es_ES\" \/>\n<meta property=\"og:type\" content=\"article\" \/>\n<meta property=\"og:title\" content=\"El precio mayorista de la luz vuelve a acercarse a los 100 euros y se encamina a marcar el mes m\u00e1s caro de la historia - Hot News in World\" \/>\n<meta property=\"og:description\" content=\"Varios operarios trabajan en un tendido el\u00e9ctrico a las afueras de Sevilla, el pasado 1 de julio.PACO PUENTES \/ EL PA\u00cdSEl precio mayorista de la electricidad para ma\u00f1ana se acerca de nuevo a los 100 euros por megavatio-hora (MWh). La subasta del operador ib\u00e9rico para este jueves ha arrojado un resultado de 98,83 euros MWh. [&hellip;]\" \/>\n<meta property=\"og:url\" content=\"https:\/\/hotnewsinworld.com\/es\/el-precio-mayorista-de-la-luz-vuelve-a-acercarse-a-los-100-euros-y-se-encamina-a-marcar-el-mes-mas-caro-de-la-historia\/\" \/>\n<meta property=\"og:site_name\" content=\"Hot News in World\" \/>\n<meta property=\"article:published_time\" content=\"2021-07-28T17:26:03+00:00\" \/>\n<meta property=\"article:modified_time\" content=\"2021-07-28T17:26:11+00:00\" \/>\n<meta property=\"og:image\" content=\"https:\/\/hotnewsinworld.com\/es\/wp-content\/uploads\/sites\/4\/2021\/07\/El-precio-mayorista-de-la-luz-vuelve-a-acercarse-a-scaled.jpg\" \/>\n\t<meta property=\"og:image:width\" content=\"2560\" \/>\n\t<meta property=\"og:image:height\" content=\"1707\" \/>\n\t<meta property=\"og:image:type\" content=\"image\/jpeg\" \/>\n<meta name=\"author\" content=\"hotnewsinworld\" \/>\n<meta name=\"twitter:card\" content=\"summary_large_image\" \/>\n<meta name=\"twitter:label1\" content=\"Escrito por\" \/>\n\t<meta name=\"twitter:data1\" content=\"hotnewsinworld\" \/>\n\t<meta name=\"twitter:label2\" content=\"Tiempo de lectura\" \/>\n\t<meta name=\"twitter:data2\" content=\"4 minutos\" \/>\n<script type=\"application\/ld+json\" class=\"yoast-schema-graph\">{\"@context\":\"https:\\\/\\\/schema.org\",\"@graph\":[{\"@type\":\"Article\",\"@id\":\"https:\\\/\\\/hotnewsinworld.com\\\/es\\\/el-precio-mayorista-de-la-luz-vuelve-a-acercarse-a-los-100-euros-y-se-encamina-a-marcar-el-mes-mas-caro-de-la-historia\\\/#article\",\"isPartOf\":{\"@id\":\"https:\\\/\\\/hotnewsinworld.com\\\/es\\\/el-precio-mayorista-de-la-luz-vuelve-a-acercarse-a-los-100-euros-y-se-encamina-a-marcar-el-mes-mas-caro-de-la-historia\\\/\"},\"author\":{\"name\":\"hotnewsinworld\",\"@id\":\"https:\\\/\\\/hotnewsinworld.com\\\/es\\\/#\\\/schema\\\/person\\\/fe61448b21c0d59086e75fcc1f9d8f6b\"},\"headline\":\"El precio mayorista de la luz vuelve a acercarse a los 100 euros y se encamina a marcar el mes m\u00e1s caro de la historia\",\"datePublished\":\"2021-07-28T17:26:03+00:00\",\"dateModified\":\"2021-07-28T17:26:11+00:00\",\"mainEntityOfPage\":{\"@id\":\"https:\\\/\\\/hotnewsinworld.com\\\/es\\\/el-precio-mayorista-de-la-luz-vuelve-a-acercarse-a-los-100-euros-y-se-encamina-a-marcar-el-mes-mas-caro-de-la-historia\\\/\"},\"wordCount\":765,\"commentCount\":0,\"image\":{\"@id\":\"https:\\\/\\\/hotnewsinworld.com\\\/es\\\/el-precio-mayorista-de-la-luz-vuelve-a-acercarse-a-los-100-euros-y-se-encamina-a-marcar-el-mes-mas-caro-de-la-historia\\\/#primaryimage\"},\"thumbnailUrl\":\"https:\\\/\\\/hotnewsinworld.com\\\/es\\\/wp-content\\\/uploads\\\/sites\\\/4\\\/2021\\\/07\\\/El-precio-mayorista-de-la-luz-vuelve-a-acercarse-a-scaled.jpg\",\"articleSection\":[\"NOTICIAS DE MEDIOS SOCIALES\"],\"inLanguage\":\"es\",\"potentialAction\":[{\"@type\":\"CommentAction\",\"name\":\"Comment\",\"target\":[\"https:\\\/\\\/hotnewsinworld.com\\\/es\\\/el-precio-mayorista-de-la-luz-vuelve-a-acercarse-a-los-100-euros-y-se-encamina-a-marcar-el-mes-mas-caro-de-la-historia\\\/#respond\"]}]},{\"@type\":\"WebPage\",\"@id\":\"https:\\\/\\\/hotnewsinworld.com\\\/es\\\/el-precio-mayorista-de-la-luz-vuelve-a-acercarse-a-los-100-euros-y-se-encamina-a-marcar-el-mes-mas-caro-de-la-historia\\\/\",\"url\":\"https:\\\/\\\/hotnewsinworld.com\\\/es\\\/el-precio-mayorista-de-la-luz-vuelve-a-acercarse-a-los-100-euros-y-se-encamina-a-marcar-el-mes-mas-caro-de-la-historia\\\/\",\"name\":\"El precio mayorista de la luz vuelve a acercarse a los 100 euros y se encamina a marcar el mes m\u00e1s caro de la historia - Hot News in World\",\"isPartOf\":{\"@id\":\"https:\\\/\\\/hotnewsinworld.com\\\/es\\\/#website\"},\"primaryImageOfPage\":{\"@id\":\"https:\\\/\\\/hotnewsinworld.com\\\/es\\\/el-precio-mayorista-de-la-luz-vuelve-a-acercarse-a-los-100-euros-y-se-encamina-a-marcar-el-mes-mas-caro-de-la-historia\\\/#primaryimage\"},\"image\":{\"@id\":\"https:\\\/\\\/hotnewsinworld.com\\\/es\\\/el-precio-mayorista-de-la-luz-vuelve-a-acercarse-a-los-100-euros-y-se-encamina-a-marcar-el-mes-mas-caro-de-la-historia\\\/#primaryimage\"},\"thumbnailUrl\":\"https:\\\/\\\/hotnewsinworld.com\\\/es\\\/wp-content\\\/uploads\\\/sites\\\/4\\\/2021\\\/07\\\/El-precio-mayorista-de-la-luz-vuelve-a-acercarse-a-scaled.jpg\",\"datePublished\":\"2021-07-28T17:26:03+00:00\",\"dateModified\":\"2021-07-28T17:26:11+00:00\",\"author\":{\"@id\":\"https:\\\/\\\/hotnewsinworld.com\\\/es\\\/#\\\/schema\\\/person\\\/fe61448b21c0d59086e75fcc1f9d8f6b\"},\"breadcrumb\":{\"@id\":\"https:\\\/\\\/hotnewsinworld.com\\\/es\\\/el-precio-mayorista-de-la-luz-vuelve-a-acercarse-a-los-100-euros-y-se-encamina-a-marcar-el-mes-mas-caro-de-la-historia\\\/#breadcrumb\"},\"inLanguage\":\"es\",\"potentialAction\":[{\"@type\":\"ReadAction\",\"target\":[\"https:\\\/\\\/hotnewsinworld.com\\\/es\\\/el-precio-mayorista-de-la-luz-vuelve-a-acercarse-a-los-100-euros-y-se-encamina-a-marcar-el-mes-mas-caro-de-la-historia\\\/\"]}]},{\"@type\":\"ImageObject\",\"inLanguage\":\"es\",\"@id\":\"https:\\\/\\\/hotnewsinworld.com\\\/es\\\/el-precio-mayorista-de-la-luz-vuelve-a-acercarse-a-los-100-euros-y-se-encamina-a-marcar-el-mes-mas-caro-de-la-historia\\\/#primaryimage\",\"url\":\"https:\\\/\\\/hotnewsinworld.com\\\/es\\\/wp-content\\\/uploads\\\/sites\\\/4\\\/2021\\\/07\\\/El-precio-mayorista-de-la-luz-vuelve-a-acercarse-a-scaled.jpg\",\"contentUrl\":\"https:\\\/\\\/hotnewsinworld.com\\\/es\\\/wp-content\\\/uploads\\\/sites\\\/4\\\/2021\\\/07\\\/El-precio-mayorista-de-la-luz-vuelve-a-acercarse-a-scaled.jpg\",\"width\":2560,\"height\":1707,\"caption\":\"El precio mayorista de la luz vuelve a acercarse a los 100 euros y se encamina a marcar el mes m\u00e1s caro de la historia\"},{\"@type\":\"BreadcrumbList\",\"@id\":\"https:\\\/\\\/hotnewsinworld.com\\\/es\\\/el-precio-mayorista-de-la-luz-vuelve-a-acercarse-a-los-100-euros-y-se-encamina-a-marcar-el-mes-mas-caro-de-la-historia\\\/#breadcrumb\",\"itemListElement\":[{\"@type\":\"ListItem\",\"position\":1,\"name\":\"\u0413\u043b\u0430\u0432\u043d\u0430\u044f \u0441\u0442\u0440\u0430\u043d\u0438\u0446\u0430\",\"item\":\"https:\\\/\\\/hotnewsinworld.com\\\/es\\\/\"},{\"@type\":\"ListItem\",\"position\":2,\"name\":\"El precio mayorista de la luz vuelve a acercarse a los 100 euros y se encamina a marcar el mes m\u00e1s caro de la historia\"}]},{\"@type\":\"WebSite\",\"@id\":\"https:\\\/\\\/hotnewsinworld.com\\\/es\\\/#website\",\"url\":\"https:\\\/\\\/hotnewsinworld.com\\\/es\\\/\",\"name\":\"Hot News in World\",\"description\":\"Hot News in World from Spain\",\"potentialAction\":[{\"@type\":\"SearchAction\",\"target\":{\"@type\":\"EntryPoint\",\"urlTemplate\":\"https:\\\/\\\/hotnewsinworld.com\\\/es\\\/?s={search_term_string}\"},\"query-input\":{\"@type\":\"PropertyValueSpecification\",\"valueRequired\":true,\"valueName\":\"search_term_string\"}}],\"inLanguage\":\"es\"},{\"@type\":\"Person\",\"@id\":\"https:\\\/\\\/hotnewsinworld.com\\\/es\\\/#\\\/schema\\\/person\\\/fe61448b21c0d59086e75fcc1f9d8f6b\",\"name\":\"hotnewsinworld\",\"image\":{\"@type\":\"ImageObject\",\"inLanguage\":\"es\",\"@id\":\"https:\\\/\\\/secure.gravatar.com\\\/avatar\\\/8a09ac165600ce2e1c38fe593c63928eb1e6e7ba5c5a907d67787c41b3d00c14?s=96&d=mm&r=g\",\"url\":\"https:\\\/\\\/secure.gravatar.com\\\/avatar\\\/8a09ac165600ce2e1c38fe593c63928eb1e6e7ba5c5a907d67787c41b3d00c14?s=96&d=mm&r=g\",\"contentUrl\":\"https:\\\/\\\/secure.gravatar.com\\\/avatar\\\/8a09ac165600ce2e1c38fe593c63928eb1e6e7ba5c5a907d67787c41b3d00c14?s=96&d=mm&r=g\",\"caption\":\"hotnewsinworld\"},\"url\":\"https:\\\/\\\/hotnewsinworld.com\\\/es\\\/author\\\/pt\\\/\"}]}<\/script>\n<!-- \/ Yoast SEO plugin. -->","yoast_head_json":{"title":"El precio mayorista de la luz vuelve a acercarse a los 100 euros y se encamina a marcar el mes m\u00e1s caro de la historia - Hot News in World","robots":{"index":"index","follow":"follow","max-snippet":"max-snippet:-1","max-image-preview":"max-image-preview:large","max-video-preview":"max-video-preview:-1"},"canonical":"https:\/\/hotnewsinworld.com\/es\/el-precio-mayorista-de-la-luz-vuelve-a-acercarse-a-los-100-euros-y-se-encamina-a-marcar-el-mes-mas-caro-de-la-historia\/","og_locale":"es_ES","og_type":"article","og_title":"El precio mayorista de la luz vuelve a acercarse a los 100 euros y se encamina a marcar el mes m\u00e1s caro de la historia - Hot News in World","og_description":"Varios operarios trabajan en un tendido el\u00e9ctrico a las afueras de Sevilla, el pasado 1 de julio.PACO PUENTES \/ EL PA\u00cdSEl precio mayorista de la electricidad para ma\u00f1ana se acerca de nuevo a los 100 euros por megavatio-hora (MWh). La subasta del operador ib\u00e9rico para este jueves ha arrojado un resultado de 98,83 euros MWh. [&hellip;]","og_url":"https:\/\/hotnewsinworld.com\/es\/el-precio-mayorista-de-la-luz-vuelve-a-acercarse-a-los-100-euros-y-se-encamina-a-marcar-el-mes-mas-caro-de-la-historia\/","og_site_name":"Hot News in World","article_published_time":"2021-07-28T17:26:03+00:00","article_modified_time":"2021-07-28T17:26:11+00:00","og_image":[{"width":2560,"height":1707,"url":"https:\/\/hotnewsinworld.com\/es\/wp-content\/uploads\/sites\/4\/2021\/07\/El-precio-mayorista-de-la-luz-vuelve-a-acercarse-a-scaled.jpg","type":"image\/jpeg"}],"author":"hotnewsinworld","twitter_card":"summary_large_image","twitter_misc":{"Escrito por":"hotnewsinworld","Tiempo de lectura":"4 minutos"},"schema":{"@context":"https:\/\/schema.org","@graph":[{"@type":"Article","@id":"https:\/\/hotnewsinworld.com\/es\/el-precio-mayorista-de-la-luz-vuelve-a-acercarse-a-los-100-euros-y-se-encamina-a-marcar-el-mes-mas-caro-de-la-historia\/#article","isPartOf":{"@id":"https:\/\/hotnewsinworld.com\/es\/el-precio-mayorista-de-la-luz-vuelve-a-acercarse-a-los-100-euros-y-se-encamina-a-marcar-el-mes-mas-caro-de-la-historia\/"},"author":{"name":"hotnewsinworld","@id":"https:\/\/hotnewsinworld.com\/es\/#\/schema\/person\/fe61448b21c0d59086e75fcc1f9d8f6b"},"headline":"El precio mayorista de la luz vuelve a acercarse a los 100 euros y se encamina a marcar el mes m\u00e1s caro de la historia","datePublished":"2021-07-28T17:26:03+00:00","dateModified":"2021-07-28T17:26:11+00:00","mainEntityOfPage":{"@id":"https:\/\/hotnewsinworld.com\/es\/el-precio-mayorista-de-la-luz-vuelve-a-acercarse-a-los-100-euros-y-se-encamina-a-marcar-el-mes-mas-caro-de-la-historia\/"},"wordCount":765,"commentCount":0,"image":{"@id":"https:\/\/hotnewsinworld.com\/es\/el-precio-mayorista-de-la-luz-vuelve-a-acercarse-a-los-100-euros-y-se-encamina-a-marcar-el-mes-mas-caro-de-la-historia\/#primaryimage"},"thumbnailUrl":"https:\/\/hotnewsinworld.com\/es\/wp-content\/uploads\/sites\/4\/2021\/07\/El-precio-mayorista-de-la-luz-vuelve-a-acercarse-a-scaled.jpg","articleSection":["NOTICIAS DE MEDIOS SOCIALES"],"inLanguage":"es","potentialAction":[{"@type":"CommentAction","name":"Comment","target":["https:\/\/hotnewsinworld.com\/es\/el-precio-mayorista-de-la-luz-vuelve-a-acercarse-a-los-100-euros-y-se-encamina-a-marcar-el-mes-mas-caro-de-la-historia\/#respond"]}]},{"@type":"WebPage","@id":"https:\/\/hotnewsinworld.com\/es\/el-precio-mayorista-de-la-luz-vuelve-a-acercarse-a-los-100-euros-y-se-encamina-a-marcar-el-mes-mas-caro-de-la-historia\/","url":"https:\/\/hotnewsinworld.com\/es\/el-precio-mayorista-de-la-luz-vuelve-a-acercarse-a-los-100-euros-y-se-encamina-a-marcar-el-mes-mas-caro-de-la-historia\/","name":"El precio mayorista de la luz vuelve a acercarse a los 100 euros y se encamina a marcar el mes m\u00e1s caro de la historia - Hot News in World","isPartOf":{"@id":"https:\/\/hotnewsinworld.com\/es\/#website"},"primaryImageOfPage":{"@id":"https:\/\/hotnewsinworld.com\/es\/el-precio-mayorista-de-la-luz-vuelve-a-acercarse-a-los-100-euros-y-se-encamina-a-marcar-el-mes-mas-caro-de-la-historia\/#primaryimage"},"image":{"@id":"https:\/\/hotnewsinworld.com\/es\/el-precio-mayorista-de-la-luz-vuelve-a-acercarse-a-los-100-euros-y-se-encamina-a-marcar-el-mes-mas-caro-de-la-historia\/#primaryimage"},"thumbnailUrl":"https:\/\/hotnewsinworld.com\/es\/wp-content\/uploads\/sites\/4\/2021\/07\/El-precio-mayorista-de-la-luz-vuelve-a-acercarse-a-scaled.jpg","datePublished":"2021-07-28T17:26:03+00:00","dateModified":"2021-07-28T17:26:11+00:00","author":{"@id":"https:\/\/hotnewsinworld.com\/es\/#\/schema\/person\/fe61448b21c0d59086e75fcc1f9d8f6b"},"breadcrumb":{"@id":"https:\/\/hotnewsinworld.com\/es\/el-precio-mayorista-de-la-luz-vuelve-a-acercarse-a-los-100-euros-y-se-encamina-a-marcar-el-mes-mas-caro-de-la-historia\/#breadcrumb"},"inLanguage":"es","potentialAction":[{"@type":"ReadAction","target":["https:\/\/hotnewsinworld.com\/es\/el-precio-mayorista-de-la-luz-vuelve-a-acercarse-a-los-100-euros-y-se-encamina-a-marcar-el-mes-mas-caro-de-la-historia\/"]}]},{"@type":"ImageObject","inLanguage":"es","@id":"https:\/\/hotnewsinworld.com\/es\/el-precio-mayorista-de-la-luz-vuelve-a-acercarse-a-los-100-euros-y-se-encamina-a-marcar-el-mes-mas-caro-de-la-historia\/#primaryimage","url":"https:\/\/hotnewsinworld.com\/es\/wp-content\/uploads\/sites\/4\/2021\/07\/El-precio-mayorista-de-la-luz-vuelve-a-acercarse-a-scaled.jpg","contentUrl":"https:\/\/hotnewsinworld.com\/es\/wp-content\/uploads\/sites\/4\/2021\/07\/El-precio-mayorista-de-la-luz-vuelve-a-acercarse-a-scaled.jpg","width":2560,"height":1707,"caption":"El precio mayorista de la luz vuelve a acercarse a los 100 euros y se encamina a marcar el mes m\u00e1s caro de la historia"},{"@type":"BreadcrumbList","@id":"https:\/\/hotnewsinworld.com\/es\/el-precio-mayorista-de-la-luz-vuelve-a-acercarse-a-los-100-euros-y-se-encamina-a-marcar-el-mes-mas-caro-de-la-historia\/#breadcrumb","itemListElement":[{"@type":"ListItem","position":1,"name":"\u0413\u043b\u0430\u0432\u043d\u0430\u044f \u0441\u0442\u0440\u0430\u043d\u0438\u0446\u0430","item":"https:\/\/hotnewsinworld.com\/es\/"},{"@type":"ListItem","position":2,"name":"El precio mayorista de la luz vuelve a acercarse a los 100 euros y se encamina a marcar el mes m\u00e1s caro de la historia"}]},{"@type":"WebSite","@id":"https:\/\/hotnewsinworld.com\/es\/#website","url":"https:\/\/hotnewsinworld.com\/es\/","name":"Hot News in World","description":"Hot News in World from Spain","potentialAction":[{"@type":"SearchAction","target":{"@type":"EntryPoint","urlTemplate":"https:\/\/hotnewsinworld.com\/es\/?s={search_term_string}"},"query-input":{"@type":"PropertyValueSpecification","valueRequired":true,"valueName":"search_term_string"}}],"inLanguage":"es"},{"@type":"Person","@id":"https:\/\/hotnewsinworld.com\/es\/#\/schema\/person\/fe61448b21c0d59086e75fcc1f9d8f6b","name":"hotnewsinworld","image":{"@type":"ImageObject","inLanguage":"es","@id":"https:\/\/secure.gravatar.com\/avatar\/8a09ac165600ce2e1c38fe593c63928eb1e6e7ba5c5a907d67787c41b3d00c14?s=96&d=mm&r=g","url":"https:\/\/secure.gravatar.com\/avatar\/8a09ac165600ce2e1c38fe593c63928eb1e6e7ba5c5a907d67787c41b3d00c14?s=96&d=mm&r=g","contentUrl":"https:\/\/secure.gravatar.com\/avatar\/8a09ac165600ce2e1c38fe593c63928eb1e6e7ba5c5a907d67787c41b3d00c14?s=96&d=mm&r=g","caption":"hotnewsinworld"},"url":"https:\/\/hotnewsinworld.com\/es\/author\/pt\/"}]}},"_links":{"self":[{"href":"https:\/\/hotnewsinworld.com\/es\/wp-json\/wp\/v2\/posts\/3329","targetHints":{"allow":["GET"]}}],"collection":[{"href":"https:\/\/hotnewsinworld.com\/es\/wp-json\/wp\/v2\/posts"}],"about":[{"href":"https:\/\/hotnewsinworld.com\/es\/wp-json\/wp\/v2\/types\/post"}],"author":[{"embeddable":true,"href":"https:\/\/hotnewsinworld.com\/es\/wp-json\/wp\/v2\/users\/2"}],"replies":[{"embeddable":true,"href":"https:\/\/hotnewsinworld.com\/es\/wp-json\/wp\/v2\/comments?post=3329"}],"version-history":[{"count":1,"href":"https:\/\/hotnewsinworld.com\/es\/wp-json\/wp\/v2\/posts\/3329\/revisions"}],"predecessor-version":[{"id":3331,"href":"https:\/\/hotnewsinworld.com\/es\/wp-json\/wp\/v2\/posts\/3329\/revisions\/3331"}],"wp:featuredmedia":[{"embeddable":true,"href":"https:\/\/hotnewsinworld.com\/es\/wp-json\/wp\/v2\/media\/3330"}],"wp:attachment":[{"href":"https:\/\/hotnewsinworld.com\/es\/wp-json\/wp\/v2\/media?parent=3329"}],"wp:term":[{"taxonomy":"category","embeddable":true,"href":"https:\/\/hotnewsinworld.com\/es\/wp-json\/wp\/v2\/categories?post=3329"},{"taxonomy":"post_tag","embeddable":true,"href":"https:\/\/hotnewsinworld.com\/es\/wp-json\/wp\/v2\/tags?post=3329"}],"curies":[{"name":"wp","href":"https:\/\/api.w.org\/{rel}","templated":true}]}}