{"id":3365,"date":"2021-07-31T21:11:57","date_gmt":"2021-07-31T18:11:57","guid":{"rendered":"https:\/\/hotnewsinworld.com\/es\/la-recuperacion-economica-toma-impulso\/"},"modified":"2021-07-31T21:12:06","modified_gmt":"2021-07-31T18:12:06","slug":"la-recuperacion-economica-toma-impulso","status":"publish","type":"post","link":"https:\/\/hotnewsinworld.com\/es\/la-recuperacion-economica-toma-impulso\/","title":{"rendered":"La recuperaci\u00f3n econ\u00f3mica toma impulso"},"content":{"rendered":"<p>Vista de varios bloques de viviendas en construcci\u00f3n este marzo de 2021 en el barrio madrile\u00f1o de El Ca\u00f1averal.Chema Moya \/ EFELa recuperaci\u00f3n coge fuerza en una parte importante de sectores, y as\u00ed lo muestra un buen pu\u00f1ado de indicadores econ\u00f3micos. Las horas trabajadas en el segundo trimestre solo estuvieron un 1,4% por ciento por debajo del mismo trimestre de 2019, despu\u00e9s de haberse llegado a hundir cerca de un 30%. Entre abril y mayo, el PIB creci\u00f3 un 2,8% y recobra dos tercios de lo que se hab\u00eda perdido con la paralizaci\u00f3n total de la actividad. Adem\u00e1s, se crearon 464.000 puestos de trabajo. De los 98 sectores sobre los que facilita datos el INE, hay 45 en los que el nivel de empleo supera al del mismo periodo de 2019, antes de la pandemia. Otra quincena va mejorando y se acerca a niveles anteriores a la pandemia. Y eso se refleja en la cifra total de ocupaci\u00f3n, que solo se halla un 3% por debajo de las cotas anteriores a la covid incluyendo los ERTE. En los peores momentos de esta crisis lleg\u00f3 a caer un 7% y un 20% si se contaban los ERTE.M\u00e1s informaci\u00f3nPor grandes r\u00fabricas, la construcci\u00f3n ya tiene un 3% m\u00e1s de ocupaci\u00f3n. La log\u00edstica de productos se encuentra bastante por encima de los niveles previos a la covid, impulsada por las compras por internet. La agricultura se mantiene. La actividad en empresas de informaci\u00f3n y comunicaciones est\u00e1 en cotas un 5% superiores. Las actividades financieras, en m\u00e1s de un 10%. Y las profesionales, un 4%. Propulsadas por el gasto p\u00fablico, superan la barrera de la crisis la sanidad en un 12%; educaci\u00f3n, un 4%, y administraci\u00f3n p\u00fablica, un 3%. El empleo en suministro de agua y saneamiento ya est\u00e1 restablecido, y el de energ\u00eda, pr\u00e1cticamente. En cambio, sigue habiendo damnificados: la industria todav\u00eda cede un 5%. La hosteler\u00eda pierde m\u00e1s de una cuarta parte y el comercio figura un 7% por debajo. El transporte de personas todav\u00eda tiene m\u00e1s del 10% por recuperar. Las actividades inmobiliarias, un 9% y las tareas administrativas, un 7%.Tras las duras restricciones impuestas para combatir la covid, hay dos puntos de inflexi\u00f3n que inevitablemente provocan fuertes subidas de la econom\u00eda. Uno era la reapertura, y justo eso se est\u00e1 viendo en una parte sustancial de sectores, que van recobr\u00e1ndose conforme se rebajan las restricciones y se avanza en la vacunaci\u00f3n. Incluso si aumentan los contagios, el impacto econ\u00f3mico es cada vez menor porque las comunidades son m\u00e1s reacias a adoptar restricciones severas que lastren la actividad. El otro momento en el que se disparar\u00e1 el PIB ocurrir\u00e1 cuando retorne el turismo extranjero, cuya recuperaci\u00f3n se est\u00e1 viendo postergada por la variante delta.La reapertura est\u00e1 ya dando alas a una parte de la econom\u00eda. A pesar de la irrupci\u00f3n de la cepa de origen indio, el gasto con tarjetas sigui\u00f3 aumentando con fuerza en la semana entre el 19 y el 25 de julio, seg\u00fan datos del BBVA. La encuesta manufacturera del PMI de junio refleja que la industria se est\u00e1 recuperando al mayor ritmo en 23 a\u00f1os. La inversi\u00f3n en bienes de equipo est\u00e1 cerca de los niveles prepandemia. Los \u00edndices de confianza de la Comisi\u00f3n han batido niveles precrisis. Y la recaudaci\u00f3n fiscal hasta junio supera la de 2019 e indica que la demanda nacional marcha con paso firme, aunque a final de a\u00f1o los ingresos probablemente sean algo inferiores debido a la liquidaci\u00f3n de las p\u00e9rdidas empresariales de 2020.\u201cHay menos hospitalizaciones que en olas anteriores. La poblaci\u00f3n est\u00e1 menos dispuesta a alterar su comportamiento y ya han adaptado sus costumbres. Todo ello est\u00e1 haciendo que el impacto de la variante delta en la econom\u00eda sea menor de lo que se tem\u00eda\u201d, explica Francisco Vidal, economista jefe de Intermoney.La demanda nacional y las exportaciones de bienes se est\u00e1n comportando mejor de lo que se esperaba. En parte est\u00e1n compensando que el turismo no vaya a recuperar el 50% de la actividad prepandemia, como se preve\u00eda antes de la propagaci\u00f3n de la variante delta. Y as\u00ed lo est\u00e1n apuntando las previsiones. A pesar de que la cepa pueda restar unas d\u00e9cimas de crecimiento por la menor llegada de for\u00e1neos, Funcas elev\u00f3 recientemente su proyecci\u00f3n al 6,3% este a\u00f1o. Y en ese entorno est\u00e1n la mayor\u00eda de pron\u00f3sticos: el Banco de Espa\u00f1a, el FMI, la Comisi\u00f3n o el BBVA. \u201cLa pol\u00edtica monetaria va a seguir respaldando la recuperaci\u00f3n. Y la fiscal, tambi\u00e9n. Son dos vientos de cola muy importantes que aseguran un crecimiento robusto hasta 2022 \u201c, se\u00f1ala el economista Jos\u00e9 Carlos D\u00edez.A pesar de la falta de ayudas directas a empresas, parece que el colch\u00f3n de los ERTE y los ICO ha sido suficiente para permitir la reactivaci\u00f3n de la econom\u00eda una vez se abre paso la reapertura. El Gobierno defiende que las medidas han cundido, y por ahora se aleja el temor a que los da\u00f1os al tejido productivo se enquisten y lastren la recuperaci\u00f3n. Los datos de morosidad crediticia del Banco de Espa\u00f1a se\u00f1alan que, de momento, esta se encuentra muy acotada en las ramas m\u00e1s afectadas. Y los ERTE est\u00e1n cada vez m\u00e1s concentrados en unos determinados sectores y regiones, sobre todo en las islas.Adem\u00e1s, los fondos europeos dar\u00e1n un empuj\u00f3n a\u00f1adido a la actividad, probablemente ya en 2022 seg\u00fan se gasten y lleguen a la econom\u00eda real. La previsi\u00f3n de los organismos es que para el a\u00f1o que viene haya otra vez crecimientos robustos: desde el 5,8% del Banco de Espa\u00f1a al 7% del Gobierno.Convivir con el virusUna parte de la econom\u00eda funciona casi con normalidad por m\u00e1s que se conviva con el virus. Pero aun as\u00ed, falta la otra pata necesaria para una recuperaci\u00f3n plena. La aparici\u00f3n de la variante delta se ha notado en el turismo. Mayo y junio ya fueron peores de lo que se vaticinaba. Y en las b\u00fasquedas en Google de reservas se aprecia en la \u00faltima semana una cierta inflexi\u00f3n a la baja entre los turistas franceses y alemanes. El turismo nacional no es suficiente para compensar la ausencia del extranjero, que sigue siendo una quinta parte del que hab\u00eda antes del coronavirus. Hasta que no se corrija, asistimos a una recuperaci\u00f3n desigual en forma de K, con unos sectores ganando peso sobre otros.Y todav\u00eda quedan cosas por corregir: hay unos 400.000 trabajadores en ERTE, de los cuales un 30% est\u00e1 en reducci\u00f3n de jornada. Se han perdido unas 75.000 empresas, de las que la mayor\u00eda eran micropymes con hasta cinco asalariados. La tasa de paro est\u00e1 en el 15,3% frente al 13,8% del \u00faltimo trimestre de 2019. Y una parte de los aut\u00f3nomos y empresarios padece restricciones de aforo o de horarios y, por tanto, pierde ingresos.Lo que est\u00e1 por llegarEl tercer trimestre depender\u00e1 mucho del turismo. Y en la medida en que no se recupere, probablemente siga habiendo un crecimiento vigoroso pero con un ritmo ligeramente menor. Por el contrario, \u201csi la presi\u00f3n hospitalaria no empeora, podr\u00eda jugar a favor\u201d, destaca Vidal.En cualquier caso, los escenarios est\u00e1n sujetos a mucha incertidumbre. Solo en el plano global la econom\u00eda estadounidense da se\u00f1ales de alg\u00fan enfriamiento aunque los servicios hayan ido bien. La variante delta se est\u00e1 acusando en Asia, repercutiendo sobre las f\u00e1bricas y el comercio internacional. Los puertos chinos est\u00e1n cerrando por brotes y se encuentran sobrecargados. Y cuellos de botella como la falta de semiconductores est\u00e1n parando f\u00e1bricas, sobre todo del autom\u00f3vil.En definitiva, los expertos consideran que la peor parte parece haber quedado atr\u00e1s, pero se\u00f1alan que todav\u00eda hay riesgos y que la salida definitiva a\u00fan puede demorarse. Y en ese contexto seguir\u00e1 desempe\u00f1ando un papel esencial el mantenimiento de los est\u00edmulos monetarios y fiscales en los pr\u00f3ximos trimestres para evitar cualquier inestabilidad financiera.<br \/>\n<br \/>\n<!--noindex--><br \/>\n<a href=\"https:\/\/elpais.com\/economia\/2021-07-31\/la-recuperacion-economica-toma-impulso.html\" rel=\"nofollow\">Source link <\/a><br \/>\n<!--\/noindex--><\/p>\n","protected":false},"excerpt":{"rendered":"<p>Vista de varios bloques de viviendas en construcci\u00f3n este marzo de 2021 en el barrio madrile\u00f1o de El Ca\u00f1averal.Chema Moya \/ EFELa recuperaci\u00f3n coge fuerza en una parte importante de sectores, y as\u00ed lo muestra un buen pu\u00f1ado de indicadores econ\u00f3micos. Las horas trabajadas en el segundo trimestre solo estuvieron un 1,4% por ciento por [&hellip;]<\/p>\n","protected":false},"author":2,"featured_media":3366,"comment_status":"open","ping_status":"open","sticky":false,"template":"","format":"standard","meta":{"footnotes":""},"categories":[3],"tags":[],"class_list":["post-3365","post","type-post","status-publish","format-standard","has-post-thumbnail","hentry","category-noticias-de-medios-sociales"],"yoast_head":"<!-- This site is optimized with the Yoast SEO plugin v27.4 - https:\/\/yoast.com\/product\/yoast-seo-wordpress\/ -->\n<title>La recuperaci\u00f3n econ\u00f3mica toma impulso - Hot News in World<\/title>\n<meta name=\"robots\" content=\"index, follow, max-snippet:-1, max-image-preview:large, max-video-preview:-1\" \/>\n<link rel=\"canonical\" href=\"https:\/\/hotnewsinworld.com\/es\/la-recuperacion-economica-toma-impulso\/\" \/>\n<meta property=\"og:locale\" content=\"es_ES\" \/>\n<meta property=\"og:type\" content=\"article\" \/>\n<meta property=\"og:title\" content=\"La recuperaci\u00f3n econ\u00f3mica toma impulso - Hot News in World\" \/>\n<meta property=\"og:description\" content=\"Vista de varios bloques de viviendas en construcci\u00f3n este marzo de 2021 en el barrio madrile\u00f1o de El Ca\u00f1averal.Chema Moya \/ EFELa recuperaci\u00f3n coge fuerza en una parte importante de sectores, y as\u00ed lo muestra un buen pu\u00f1ado de indicadores econ\u00f3micos. Las horas trabajadas en el segundo trimestre solo estuvieron un 1,4% por ciento por [&hellip;]\" \/>\n<meta property=\"og:url\" content=\"https:\/\/hotnewsinworld.com\/es\/la-recuperacion-economica-toma-impulso\/\" \/>\n<meta property=\"og:site_name\" content=\"Hot News in World\" \/>\n<meta property=\"article:published_time\" content=\"2021-07-31T18:11:57+00:00\" \/>\n<meta property=\"article:modified_time\" content=\"2021-07-31T18:12:06+00:00\" \/>\n<meta property=\"og:image\" content=\"https:\/\/hotnewsinworld.com\/es\/wp-content\/uploads\/sites\/4\/2021\/07\/La-recuperacion-economica-toma-impulso-scaled.jpg\" \/>\n\t<meta property=\"og:image:width\" content=\"2560\" \/>\n\t<meta property=\"og:image:height\" content=\"1707\" \/>\n\t<meta property=\"og:image:type\" content=\"image\/jpeg\" \/>\n<meta name=\"author\" content=\"hotnewsinworld\" \/>\n<meta name=\"twitter:card\" content=\"summary_large_image\" \/>\n<meta name=\"twitter:label1\" content=\"Escrito por\" \/>\n\t<meta name=\"twitter:data1\" content=\"hotnewsinworld\" \/>\n\t<meta name=\"twitter:label2\" content=\"Tiempo de lectura\" \/>\n\t<meta name=\"twitter:data2\" content=\"7 minutos\" \/>\n<script type=\"application\/ld+json\" class=\"yoast-schema-graph\">{\"@context\":\"https:\\\/\\\/schema.org\",\"@graph\":[{\"@type\":\"Article\",\"@id\":\"https:\\\/\\\/hotnewsinworld.com\\\/es\\\/la-recuperacion-economica-toma-impulso\\\/#article\",\"isPartOf\":{\"@id\":\"https:\\\/\\\/hotnewsinworld.com\\\/es\\\/la-recuperacion-economica-toma-impulso\\\/\"},\"author\":{\"name\":\"hotnewsinworld\",\"@id\":\"https:\\\/\\\/hotnewsinworld.com\\\/es\\\/#\\\/schema\\\/person\\\/fe61448b21c0d59086e75fcc1f9d8f6b\"},\"headline\":\"La recuperaci\u00f3n econ\u00f3mica toma impulso\",\"datePublished\":\"2021-07-31T18:11:57+00:00\",\"dateModified\":\"2021-07-31T18:12:06+00:00\",\"mainEntityOfPage\":{\"@id\":\"https:\\\/\\\/hotnewsinworld.com\\\/es\\\/la-recuperacion-economica-toma-impulso\\\/\"},\"wordCount\":1386,\"commentCount\":0,\"image\":{\"@id\":\"https:\\\/\\\/hotnewsinworld.com\\\/es\\\/la-recuperacion-economica-toma-impulso\\\/#primaryimage\"},\"thumbnailUrl\":\"https:\\\/\\\/hotnewsinworld.com\\\/es\\\/wp-content\\\/uploads\\\/sites\\\/4\\\/2021\\\/07\\\/La-recuperacion-economica-toma-impulso-scaled.jpg\",\"articleSection\":[\"NOTICIAS DE MEDIOS SOCIALES\"],\"inLanguage\":\"es\",\"potentialAction\":[{\"@type\":\"CommentAction\",\"name\":\"Comment\",\"target\":[\"https:\\\/\\\/hotnewsinworld.com\\\/es\\\/la-recuperacion-economica-toma-impulso\\\/#respond\"]}]},{\"@type\":\"WebPage\",\"@id\":\"https:\\\/\\\/hotnewsinworld.com\\\/es\\\/la-recuperacion-economica-toma-impulso\\\/\",\"url\":\"https:\\\/\\\/hotnewsinworld.com\\\/es\\\/la-recuperacion-economica-toma-impulso\\\/\",\"name\":\"La recuperaci\u00f3n econ\u00f3mica toma impulso - Hot News in World\",\"isPartOf\":{\"@id\":\"https:\\\/\\\/hotnewsinworld.com\\\/es\\\/#website\"},\"primaryImageOfPage\":{\"@id\":\"https:\\\/\\\/hotnewsinworld.com\\\/es\\\/la-recuperacion-economica-toma-impulso\\\/#primaryimage\"},\"image\":{\"@id\":\"https:\\\/\\\/hotnewsinworld.com\\\/es\\\/la-recuperacion-economica-toma-impulso\\\/#primaryimage\"},\"thumbnailUrl\":\"https:\\\/\\\/hotnewsinworld.com\\\/es\\\/wp-content\\\/uploads\\\/sites\\\/4\\\/2021\\\/07\\\/La-recuperacion-economica-toma-impulso-scaled.jpg\",\"datePublished\":\"2021-07-31T18:11:57+00:00\",\"dateModified\":\"2021-07-31T18:12:06+00:00\",\"author\":{\"@id\":\"https:\\\/\\\/hotnewsinworld.com\\\/es\\\/#\\\/schema\\\/person\\\/fe61448b21c0d59086e75fcc1f9d8f6b\"},\"breadcrumb\":{\"@id\":\"https:\\\/\\\/hotnewsinworld.com\\\/es\\\/la-recuperacion-economica-toma-impulso\\\/#breadcrumb\"},\"inLanguage\":\"es\",\"potentialAction\":[{\"@type\":\"ReadAction\",\"target\":[\"https:\\\/\\\/hotnewsinworld.com\\\/es\\\/la-recuperacion-economica-toma-impulso\\\/\"]}]},{\"@type\":\"ImageObject\",\"inLanguage\":\"es\",\"@id\":\"https:\\\/\\\/hotnewsinworld.com\\\/es\\\/la-recuperacion-economica-toma-impulso\\\/#primaryimage\",\"url\":\"https:\\\/\\\/hotnewsinworld.com\\\/es\\\/wp-content\\\/uploads\\\/sites\\\/4\\\/2021\\\/07\\\/La-recuperacion-economica-toma-impulso-scaled.jpg\",\"contentUrl\":\"https:\\\/\\\/hotnewsinworld.com\\\/es\\\/wp-content\\\/uploads\\\/sites\\\/4\\\/2021\\\/07\\\/La-recuperacion-economica-toma-impulso-scaled.jpg\",\"width\":2560,\"height\":1707,\"caption\":\"La recuperaci\u00f3n econ\u00f3mica toma impulso\"},{\"@type\":\"BreadcrumbList\",\"@id\":\"https:\\\/\\\/hotnewsinworld.com\\\/es\\\/la-recuperacion-economica-toma-impulso\\\/#breadcrumb\",\"itemListElement\":[{\"@type\":\"ListItem\",\"position\":1,\"name\":\"\u0413\u043b\u0430\u0432\u043d\u0430\u044f \u0441\u0442\u0440\u0430\u043d\u0438\u0446\u0430\",\"item\":\"https:\\\/\\\/hotnewsinworld.com\\\/es\\\/\"},{\"@type\":\"ListItem\",\"position\":2,\"name\":\"La recuperaci\u00f3n econ\u00f3mica toma impulso\"}]},{\"@type\":\"WebSite\",\"@id\":\"https:\\\/\\\/hotnewsinworld.com\\\/es\\\/#website\",\"url\":\"https:\\\/\\\/hotnewsinworld.com\\\/es\\\/\",\"name\":\"Hot News in World\",\"description\":\"Hot News in World from Spain\",\"potentialAction\":[{\"@type\":\"SearchAction\",\"target\":{\"@type\":\"EntryPoint\",\"urlTemplate\":\"https:\\\/\\\/hotnewsinworld.com\\\/es\\\/?s={search_term_string}\"},\"query-input\":{\"@type\":\"PropertyValueSpecification\",\"valueRequired\":true,\"valueName\":\"search_term_string\"}}],\"inLanguage\":\"es\"},{\"@type\":\"Person\",\"@id\":\"https:\\\/\\\/hotnewsinworld.com\\\/es\\\/#\\\/schema\\\/person\\\/fe61448b21c0d59086e75fcc1f9d8f6b\",\"name\":\"hotnewsinworld\",\"image\":{\"@type\":\"ImageObject\",\"inLanguage\":\"es\",\"@id\":\"https:\\\/\\\/secure.gravatar.com\\\/avatar\\\/8a09ac165600ce2e1c38fe593c63928eb1e6e7ba5c5a907d67787c41b3d00c14?s=96&d=mm&r=g\",\"url\":\"https:\\\/\\\/secure.gravatar.com\\\/avatar\\\/8a09ac165600ce2e1c38fe593c63928eb1e6e7ba5c5a907d67787c41b3d00c14?s=96&d=mm&r=g\",\"contentUrl\":\"https:\\\/\\\/secure.gravatar.com\\\/avatar\\\/8a09ac165600ce2e1c38fe593c63928eb1e6e7ba5c5a907d67787c41b3d00c14?s=96&d=mm&r=g\",\"caption\":\"hotnewsinworld\"},\"url\":\"https:\\\/\\\/hotnewsinworld.com\\\/es\\\/author\\\/pt\\\/\"}]}<\/script>\n<!-- \/ Yoast SEO plugin. -->","yoast_head_json":{"title":"La recuperaci\u00f3n econ\u00f3mica toma impulso - Hot News in World","robots":{"index":"index","follow":"follow","max-snippet":"max-snippet:-1","max-image-preview":"max-image-preview:large","max-video-preview":"max-video-preview:-1"},"canonical":"https:\/\/hotnewsinworld.com\/es\/la-recuperacion-economica-toma-impulso\/","og_locale":"es_ES","og_type":"article","og_title":"La recuperaci\u00f3n econ\u00f3mica toma impulso - Hot News in World","og_description":"Vista de varios bloques de viviendas en construcci\u00f3n este marzo de 2021 en el barrio madrile\u00f1o de El Ca\u00f1averal.Chema Moya \/ EFELa recuperaci\u00f3n coge fuerza en una parte importante de sectores, y as\u00ed lo muestra un buen pu\u00f1ado de indicadores econ\u00f3micos. Las horas trabajadas en el segundo trimestre solo estuvieron un 1,4% por ciento por [&hellip;]","og_url":"https:\/\/hotnewsinworld.com\/es\/la-recuperacion-economica-toma-impulso\/","og_site_name":"Hot News in World","article_published_time":"2021-07-31T18:11:57+00:00","article_modified_time":"2021-07-31T18:12:06+00:00","og_image":[{"width":2560,"height":1707,"url":"https:\/\/hotnewsinworld.com\/es\/wp-content\/uploads\/sites\/4\/2021\/07\/La-recuperacion-economica-toma-impulso-scaled.jpg","type":"image\/jpeg"}],"author":"hotnewsinworld","twitter_card":"summary_large_image","twitter_misc":{"Escrito por":"hotnewsinworld","Tiempo de lectura":"7 minutos"},"schema":{"@context":"https:\/\/schema.org","@graph":[{"@type":"Article","@id":"https:\/\/hotnewsinworld.com\/es\/la-recuperacion-economica-toma-impulso\/#article","isPartOf":{"@id":"https:\/\/hotnewsinworld.com\/es\/la-recuperacion-economica-toma-impulso\/"},"author":{"name":"hotnewsinworld","@id":"https:\/\/hotnewsinworld.com\/es\/#\/schema\/person\/fe61448b21c0d59086e75fcc1f9d8f6b"},"headline":"La recuperaci\u00f3n econ\u00f3mica toma impulso","datePublished":"2021-07-31T18:11:57+00:00","dateModified":"2021-07-31T18:12:06+00:00","mainEntityOfPage":{"@id":"https:\/\/hotnewsinworld.com\/es\/la-recuperacion-economica-toma-impulso\/"},"wordCount":1386,"commentCount":0,"image":{"@id":"https:\/\/hotnewsinworld.com\/es\/la-recuperacion-economica-toma-impulso\/#primaryimage"},"thumbnailUrl":"https:\/\/hotnewsinworld.com\/es\/wp-content\/uploads\/sites\/4\/2021\/07\/La-recuperacion-economica-toma-impulso-scaled.jpg","articleSection":["NOTICIAS DE MEDIOS SOCIALES"],"inLanguage":"es","potentialAction":[{"@type":"CommentAction","name":"Comment","target":["https:\/\/hotnewsinworld.com\/es\/la-recuperacion-economica-toma-impulso\/#respond"]}]},{"@type":"WebPage","@id":"https:\/\/hotnewsinworld.com\/es\/la-recuperacion-economica-toma-impulso\/","url":"https:\/\/hotnewsinworld.com\/es\/la-recuperacion-economica-toma-impulso\/","name":"La recuperaci\u00f3n econ\u00f3mica toma impulso - Hot News in World","isPartOf":{"@id":"https:\/\/hotnewsinworld.com\/es\/#website"},"primaryImageOfPage":{"@id":"https:\/\/hotnewsinworld.com\/es\/la-recuperacion-economica-toma-impulso\/#primaryimage"},"image":{"@id":"https:\/\/hotnewsinworld.com\/es\/la-recuperacion-economica-toma-impulso\/#primaryimage"},"thumbnailUrl":"https:\/\/hotnewsinworld.com\/es\/wp-content\/uploads\/sites\/4\/2021\/07\/La-recuperacion-economica-toma-impulso-scaled.jpg","datePublished":"2021-07-31T18:11:57+00:00","dateModified":"2021-07-31T18:12:06+00:00","author":{"@id":"https:\/\/hotnewsinworld.com\/es\/#\/schema\/person\/fe61448b21c0d59086e75fcc1f9d8f6b"},"breadcrumb":{"@id":"https:\/\/hotnewsinworld.com\/es\/la-recuperacion-economica-toma-impulso\/#breadcrumb"},"inLanguage":"es","potentialAction":[{"@type":"ReadAction","target":["https:\/\/hotnewsinworld.com\/es\/la-recuperacion-economica-toma-impulso\/"]}]},{"@type":"ImageObject","inLanguage":"es","@id":"https:\/\/hotnewsinworld.com\/es\/la-recuperacion-economica-toma-impulso\/#primaryimage","url":"https:\/\/hotnewsinworld.com\/es\/wp-content\/uploads\/sites\/4\/2021\/07\/La-recuperacion-economica-toma-impulso-scaled.jpg","contentUrl":"https:\/\/hotnewsinworld.com\/es\/wp-content\/uploads\/sites\/4\/2021\/07\/La-recuperacion-economica-toma-impulso-scaled.jpg","width":2560,"height":1707,"caption":"La recuperaci\u00f3n econ\u00f3mica toma impulso"},{"@type":"BreadcrumbList","@id":"https:\/\/hotnewsinworld.com\/es\/la-recuperacion-economica-toma-impulso\/#breadcrumb","itemListElement":[{"@type":"ListItem","position":1,"name":"\u0413\u043b\u0430\u0432\u043d\u0430\u044f \u0441\u0442\u0440\u0430\u043d\u0438\u0446\u0430","item":"https:\/\/hotnewsinworld.com\/es\/"},{"@type":"ListItem","position":2,"name":"La recuperaci\u00f3n econ\u00f3mica toma impulso"}]},{"@type":"WebSite","@id":"https:\/\/hotnewsinworld.com\/es\/#website","url":"https:\/\/hotnewsinworld.com\/es\/","name":"Hot News in World","description":"Hot News in World from Spain","potentialAction":[{"@type":"SearchAction","target":{"@type":"EntryPoint","urlTemplate":"https:\/\/hotnewsinworld.com\/es\/?s={search_term_string}"},"query-input":{"@type":"PropertyValueSpecification","valueRequired":true,"valueName":"search_term_string"}}],"inLanguage":"es"},{"@type":"Person","@id":"https:\/\/hotnewsinworld.com\/es\/#\/schema\/person\/fe61448b21c0d59086e75fcc1f9d8f6b","name":"hotnewsinworld","image":{"@type":"ImageObject","inLanguage":"es","@id":"https:\/\/secure.gravatar.com\/avatar\/8a09ac165600ce2e1c38fe593c63928eb1e6e7ba5c5a907d67787c41b3d00c14?s=96&d=mm&r=g","url":"https:\/\/secure.gravatar.com\/avatar\/8a09ac165600ce2e1c38fe593c63928eb1e6e7ba5c5a907d67787c41b3d00c14?s=96&d=mm&r=g","contentUrl":"https:\/\/secure.gravatar.com\/avatar\/8a09ac165600ce2e1c38fe593c63928eb1e6e7ba5c5a907d67787c41b3d00c14?s=96&d=mm&r=g","caption":"hotnewsinworld"},"url":"https:\/\/hotnewsinworld.com\/es\/author\/pt\/"}]}},"_links":{"self":[{"href":"https:\/\/hotnewsinworld.com\/es\/wp-json\/wp\/v2\/posts\/3365","targetHints":{"allow":["GET"]}}],"collection":[{"href":"https:\/\/hotnewsinworld.com\/es\/wp-json\/wp\/v2\/posts"}],"about":[{"href":"https:\/\/hotnewsinworld.com\/es\/wp-json\/wp\/v2\/types\/post"}],"author":[{"embeddable":true,"href":"https:\/\/hotnewsinworld.com\/es\/wp-json\/wp\/v2\/users\/2"}],"replies":[{"embeddable":true,"href":"https:\/\/hotnewsinworld.com\/es\/wp-json\/wp\/v2\/comments?post=3365"}],"version-history":[{"count":1,"href":"https:\/\/hotnewsinworld.com\/es\/wp-json\/wp\/v2\/posts\/3365\/revisions"}],"predecessor-version":[{"id":3367,"href":"https:\/\/hotnewsinworld.com\/es\/wp-json\/wp\/v2\/posts\/3365\/revisions\/3367"}],"wp:featuredmedia":[{"embeddable":true,"href":"https:\/\/hotnewsinworld.com\/es\/wp-json\/wp\/v2\/media\/3366"}],"wp:attachment":[{"href":"https:\/\/hotnewsinworld.com\/es\/wp-json\/wp\/v2\/media?parent=3365"}],"wp:term":[{"taxonomy":"category","embeddable":true,"href":"https:\/\/hotnewsinworld.com\/es\/wp-json\/wp\/v2\/categories?post=3365"},{"taxonomy":"post_tag","embeddable":true,"href":"https:\/\/hotnewsinworld.com\/es\/wp-json\/wp\/v2\/tags?post=3365"}],"curies":[{"name":"wp","href":"https:\/\/api.w.org\/{rel}","templated":true}]}}