{"id":3377,"date":"2021-08-01T21:16:53","date_gmt":"2021-08-01T18:16:53","guid":{"rendered":"https:\/\/hotnewsinworld.com\/es\/la-dimision-del-fundador-del-hay-festival-amenaza-el-futuro-de-la-cita\/"},"modified":"2021-08-01T21:16:55","modified_gmt":"2021-08-01T18:16:55","slug":"la-dimision-del-fundador-del-hay-festival-amenaza-el-futuro-de-la-cita","status":"publish","type":"post","link":"https:\/\/hotnewsinworld.com\/es\/la-dimision-del-fundador-del-hay-festival-amenaza-el-futuro-de-la-cita\/","title":{"rendered":"La dimisi\u00f3n del fundador del Hay Festival amenaza el futuro de la cita"},"content":{"rendered":"<p>El esc\u00e1ndalo que desde hace meses persigue al Hay Festival atenaza el futuro de una de las citas literarias m\u00e1s prestigiosas del mundo, galardonada el a\u00f1o pasado con el Premio Princesa de Asturias de Comunicaci\u00f3n y Humanidades junto con la FIL de Guadalajara. La pol\u00e9mica suspensi\u00f3n de su director y cofundador, Peter Florence, el pasado octubre por una denuncia de acoso laboral ha acabado con la dimisi\u00f3n del creador, junto a sus padres, de un encuentro calificado por Bill Clinton como el \u201cWoodstock de la mente\u201d, que naci\u00f3 en 1988 en la localidad brit\u00e1nica de Hay-on-Wye (regi\u00f3n de Gales) y que se ha ido ampliando con ramificaciones en varios pa\u00edses, entre ellos Espa\u00f1a. La marcha de Florence, precipitada por el respaldo un\u00e1nime de la junta directiva del evento a un informe que daba por buena la acusaci\u00f3n, agudiza la crisis de un festival que, tras 32 a\u00f1os como foco de atenci\u00f3n del universo literario, top\u00f3 en 2020 con su annus horribilis.El riesgo ahora es que este a\u00f1o sea a\u00fan peor que el anterior, pues la salida de Florence podr\u00eda provocar una reacci\u00f3n en cadena que amenace la supervivencia de un acontecimiento que se encontraba ya en el disparadero por el trato a sus trabajadores y su coqueteo con reg\u00edmenes con un cuestionable historial democr\u00e1tico. La junta concluy\u00f3 su diagn\u00f3stico sobre la acusaci\u00f3n el jueves y este fin de semana el impulsor del festival comunic\u00f3 su renuncia fulminante.M\u00e1s informaci\u00f3nSeg\u00fan una nota interna a la que tuvo acceso The Observer, la versi\u00f3n dominical del diario brit\u00e1nico The Guardian, Florence consider\u00f3 su continuidad \u201cinsostenible\u201d debido a la \u201cconducta de la junta y su insistencia en convocar una vista disciplinaria\u201d en su ausencia. El ya exdirector llevaba fuera de juego desde octubre, cuando la denuncia de un miembro de la plantilla provoc\u00f3 no solo que fuese apartado del d\u00eda a d\u00eda, sino tambi\u00e9n una crisis nerviosa que lo mantiene de baja por enfermedad desde entonces.Su decisi\u00f3n, de car\u00e1cter inmediato, ha provocado el estupor del comit\u00e9 ejecutivo, pero el desconcierto no ha afectado a su dictamen sobre la denuncia, amparada un\u00e1nimemente tras un \u201cproceso amplio y pormenorizado, que analiz\u00f3 pruebas sustanciales\u201d contra Florence. De hecho, la junta est\u00e1 buscando ya reemplazo, puesto que el liderazgo de la directora financiera, Tania Hudson, durante los meses de suspensi\u00f3n del director era solo de car\u00e1cter temporal.La batalla, sin embargo, no ha concluido para Florence, quien est\u00e1 recabando asesoramiento legal y, de declarar la guerra, podr\u00eda asestar la estocada definitiva al proyecto que puso en marcha con su familia en 1988. La pandemia ha impedido la celebraci\u00f3n presencial de las dos \u00faltimas ediciones en la pintoresca ciudad galesa donde naci\u00f3, donde cada primavera desde 1988 se han congregado durante diez d\u00edas algunas de las plumas m\u00e1s renombradas del mundo. La organizaci\u00f3n no claudic\u00f3 ante el coronavirus y dio forma el a\u00f1o pasado a un encuentro virtual con m\u00e1s de 80 eventos para los que reuni\u00f3 un panel de invitados de excepci\u00f3n, pero el propio Florence reconoci\u00f3 que el esp\u00edritu del festival se asienta en \u201clo contrario a la distancia social\u201d, pues m\u00e1s all\u00e1 de la lucrativa oferta que supone para el sector editorial, Hay es, ante todo, un espacio de intercambio de ideas, en el que los autores tienen ocasi\u00f3n de interactuar con sus lectores, un foco de debate y la oportunidad de descubrir nuevas promesas de las letras.No obstante, transformando el rev\u00e9s en virtud, los promotores activaron una campa\u00f1a de recaudaci\u00f3n de fondos que logr\u00f3 m\u00e1s de 110.000 euros y hasta Florence admiti\u00f3 que hubiera sido dif\u00edcil, si no imposible, congregar en persona los nombres que se dieron cita a trav\u00e9s de la pantalla. El \u00e9xito ha hecho que esta primavera, todav\u00eda con las restricciones por la pandemia vigentes, se volviera a organizar en el mismo formato.Pero Hay tambi\u00e9n corre el riesgo de morir de \u00e9xito. En los \u00faltimos a\u00f1os hab\u00eda logrado una significativa expansi\u00f3n que gener\u00f3 franquicias en Espa\u00f1a, Colombia o M\u00e9xico, bajo la batuta de la directora de la divisi\u00f3n internacional, Cristina Fuentes La Roche, pero tambi\u00e9n lleg\u00f3 a mercados m\u00e1s controvertidos. La incursi\u00f3n en los Emiratos \u00c1rabes Unidos en febrero de 2020 provoc\u00f3 una protesta concertada en la que participaron, entre otros, PEN Am\u00e9rica, parte de la asociaci\u00f3n internacional de escritores, o el actor y autor brit\u00e1nico Stephen Fry, quienes cuestionaron el historial del pa\u00eds \u00e1rabe en materia de libertad de expresi\u00f3n y el trato a los presos pol\u00edticos.Pero lo peor de aquel estreno fue que, apenas d\u00edas antes de la suspensi\u00f3n de Florence, la comisaria en Abu Dabi, Caitlin McNamara, denunci\u00f3 un caso de abuso sexual por parte del ministro de Tolerancia del Gobierno del emirato, Nahyan bin Mubarak Al Nahyan, miembro de una de las familias m\u00e1s influyentes de la regi\u00f3n. Aunque el incidente sali\u00f3 a la luz en octubre, McNamara lo hab\u00eda denunciado ya cuando tuvo lugar, lo que no impidi\u00f3 que el evento siguiese adelante, con la propia asistencia de Al Nahyan como representante de un ejecutivo que hab\u00eda contribuido con una notable aportaci\u00f3n financiera.<br \/>\n<br \/>\n<!--noindex--><br \/>\n<a href=\"https:\/\/elpais.com\/cultura\/2021-08-01\/guerra-civil-en-el-hay-festival-tras-la-dimision-de-su-fundador.html\" rel=\"nofollow\">Source link <\/a><br \/>\n<!--\/noindex--><\/p>\n","protected":false},"excerpt":{"rendered":"<p>El esc\u00e1ndalo que desde hace meses persigue al Hay Festival atenaza el futuro de una de las citas literarias m\u00e1s prestigiosas del mundo, galardonada el a\u00f1o pasado con el Premio Princesa de Asturias de Comunicaci\u00f3n y Humanidades junto con la FIL de Guadalajara. La pol\u00e9mica suspensi\u00f3n de su director y cofundador, Peter Florence, el pasado [&hellip;]<\/p>\n","protected":false},"author":2,"featured_media":3378,"comment_status":"open","ping_status":"open","sticky":false,"template":"","format":"standard","meta":{"footnotes":""},"categories":[3],"tags":[],"class_list":["post-3377","post","type-post","status-publish","format-standard","has-post-thumbnail","hentry","category-noticias-de-medios-sociales"],"yoast_head":"<!-- This site is optimized with the Yoast SEO plugin v27.4 - https:\/\/yoast.com\/product\/yoast-seo-wordpress\/ -->\n<title>La dimisi\u00f3n del fundador del Hay Festival amenaza el futuro de la cita - Hot News in World<\/title>\n<meta name=\"robots\" content=\"index, follow, max-snippet:-1, max-image-preview:large, max-video-preview:-1\" \/>\n<link rel=\"canonical\" href=\"https:\/\/hotnewsinworld.com\/es\/la-dimision-del-fundador-del-hay-festival-amenaza-el-futuro-de-la-cita\/\" \/>\n<meta property=\"og:locale\" content=\"es_ES\" \/>\n<meta property=\"og:type\" content=\"article\" \/>\n<meta property=\"og:title\" content=\"La dimisi\u00f3n del fundador del Hay Festival amenaza el futuro de la cita - Hot News in World\" \/>\n<meta property=\"og:description\" content=\"El esc\u00e1ndalo que desde hace meses persigue al Hay Festival atenaza el futuro de una de las citas literarias m\u00e1s prestigiosas del mundo, galardonada el a\u00f1o pasado con el Premio Princesa de Asturias de Comunicaci\u00f3n y Humanidades junto con la FIL de Guadalajara. La pol\u00e9mica suspensi\u00f3n de su director y cofundador, Peter Florence, el pasado [&hellip;]\" \/>\n<meta property=\"og:url\" content=\"https:\/\/hotnewsinworld.com\/es\/la-dimision-del-fundador-del-hay-festival-amenaza-el-futuro-de-la-cita\/\" \/>\n<meta property=\"og:site_name\" content=\"Hot News in World\" \/>\n<meta property=\"article:published_time\" content=\"2021-08-01T18:16:53+00:00\" \/>\n<meta property=\"article:modified_time\" content=\"2021-08-01T18:16:55+00:00\" \/>\n<meta property=\"og:image\" content=\"https:\/\/hotnewsinworld.com\/es\/wp-content\/uploads\/sites\/4\/2021\/08\/La-dimision-del-fundador-del-Hay-Festival-amenaza-el-futuro.jpg\" \/>\n\t<meta property=\"og:image:width\" content=\"980\" \/>\n\t<meta property=\"og:image:height\" content=\"653\" \/>\n\t<meta property=\"og:image:type\" content=\"image\/jpeg\" \/>\n<meta name=\"author\" content=\"hotnewsinworld\" \/>\n<meta name=\"twitter:card\" content=\"summary_large_image\" \/>\n<meta name=\"twitter:label1\" content=\"Escrito por\" \/>\n\t<meta name=\"twitter:data1\" content=\"hotnewsinworld\" \/>\n\t<meta name=\"twitter:label2\" content=\"Tiempo de lectura\" \/>\n\t<meta name=\"twitter:data2\" content=\"5 minutos\" \/>\n<script type=\"application\/ld+json\" class=\"yoast-schema-graph\">{\"@context\":\"https:\\\/\\\/schema.org\",\"@graph\":[{\"@type\":\"Article\",\"@id\":\"https:\\\/\\\/hotnewsinworld.com\\\/es\\\/la-dimision-del-fundador-del-hay-festival-amenaza-el-futuro-de-la-cita\\\/#article\",\"isPartOf\":{\"@id\":\"https:\\\/\\\/hotnewsinworld.com\\\/es\\\/la-dimision-del-fundador-del-hay-festival-amenaza-el-futuro-de-la-cita\\\/\"},\"author\":{\"name\":\"hotnewsinworld\",\"@id\":\"https:\\\/\\\/hotnewsinworld.com\\\/es\\\/#\\\/schema\\\/person\\\/fe61448b21c0d59086e75fcc1f9d8f6b\"},\"headline\":\"La dimisi\u00f3n del fundador del Hay Festival amenaza el futuro de la cita\",\"datePublished\":\"2021-08-01T18:16:53+00:00\",\"dateModified\":\"2021-08-01T18:16:55+00:00\",\"mainEntityOfPage\":{\"@id\":\"https:\\\/\\\/hotnewsinworld.com\\\/es\\\/la-dimision-del-fundador-del-hay-festival-amenaza-el-futuro-de-la-cita\\\/\"},\"wordCount\":926,\"commentCount\":0,\"image\":{\"@id\":\"https:\\\/\\\/hotnewsinworld.com\\\/es\\\/la-dimision-del-fundador-del-hay-festival-amenaza-el-futuro-de-la-cita\\\/#primaryimage\"},\"thumbnailUrl\":\"https:\\\/\\\/hotnewsinworld.com\\\/es\\\/wp-content\\\/uploads\\\/sites\\\/4\\\/2021\\\/08\\\/La-dimision-del-fundador-del-Hay-Festival-amenaza-el-futuro.jpg\",\"articleSection\":[\"NOTICIAS DE MEDIOS SOCIALES\"],\"inLanguage\":\"es\",\"potentialAction\":[{\"@type\":\"CommentAction\",\"name\":\"Comment\",\"target\":[\"https:\\\/\\\/hotnewsinworld.com\\\/es\\\/la-dimision-del-fundador-del-hay-festival-amenaza-el-futuro-de-la-cita\\\/#respond\"]}]},{\"@type\":\"WebPage\",\"@id\":\"https:\\\/\\\/hotnewsinworld.com\\\/es\\\/la-dimision-del-fundador-del-hay-festival-amenaza-el-futuro-de-la-cita\\\/\",\"url\":\"https:\\\/\\\/hotnewsinworld.com\\\/es\\\/la-dimision-del-fundador-del-hay-festival-amenaza-el-futuro-de-la-cita\\\/\",\"name\":\"La dimisi\u00f3n del fundador del Hay Festival amenaza el futuro de la cita - Hot News in World\",\"isPartOf\":{\"@id\":\"https:\\\/\\\/hotnewsinworld.com\\\/es\\\/#website\"},\"primaryImageOfPage\":{\"@id\":\"https:\\\/\\\/hotnewsinworld.com\\\/es\\\/la-dimision-del-fundador-del-hay-festival-amenaza-el-futuro-de-la-cita\\\/#primaryimage\"},\"image\":{\"@id\":\"https:\\\/\\\/hotnewsinworld.com\\\/es\\\/la-dimision-del-fundador-del-hay-festival-amenaza-el-futuro-de-la-cita\\\/#primaryimage\"},\"thumbnailUrl\":\"https:\\\/\\\/hotnewsinworld.com\\\/es\\\/wp-content\\\/uploads\\\/sites\\\/4\\\/2021\\\/08\\\/La-dimision-del-fundador-del-Hay-Festival-amenaza-el-futuro.jpg\",\"datePublished\":\"2021-08-01T18:16:53+00:00\",\"dateModified\":\"2021-08-01T18:16:55+00:00\",\"author\":{\"@id\":\"https:\\\/\\\/hotnewsinworld.com\\\/es\\\/#\\\/schema\\\/person\\\/fe61448b21c0d59086e75fcc1f9d8f6b\"},\"breadcrumb\":{\"@id\":\"https:\\\/\\\/hotnewsinworld.com\\\/es\\\/la-dimision-del-fundador-del-hay-festival-amenaza-el-futuro-de-la-cita\\\/#breadcrumb\"},\"inLanguage\":\"es\",\"potentialAction\":[{\"@type\":\"ReadAction\",\"target\":[\"https:\\\/\\\/hotnewsinworld.com\\\/es\\\/la-dimision-del-fundador-del-hay-festival-amenaza-el-futuro-de-la-cita\\\/\"]}]},{\"@type\":\"ImageObject\",\"inLanguage\":\"es\",\"@id\":\"https:\\\/\\\/hotnewsinworld.com\\\/es\\\/la-dimision-del-fundador-del-hay-festival-amenaza-el-futuro-de-la-cita\\\/#primaryimage\",\"url\":\"https:\\\/\\\/hotnewsinworld.com\\\/es\\\/wp-content\\\/uploads\\\/sites\\\/4\\\/2021\\\/08\\\/La-dimision-del-fundador-del-Hay-Festival-amenaza-el-futuro.jpg\",\"contentUrl\":\"https:\\\/\\\/hotnewsinworld.com\\\/es\\\/wp-content\\\/uploads\\\/sites\\\/4\\\/2021\\\/08\\\/La-dimision-del-fundador-del-Hay-Festival-amenaza-el-futuro.jpg\",\"width\":980,\"height\":653,\"caption\":\"La dimisi\u00f3n del fundador del Hay Festival amenaza el futuro de la cita\"},{\"@type\":\"BreadcrumbList\",\"@id\":\"https:\\\/\\\/hotnewsinworld.com\\\/es\\\/la-dimision-del-fundador-del-hay-festival-amenaza-el-futuro-de-la-cita\\\/#breadcrumb\",\"itemListElement\":[{\"@type\":\"ListItem\",\"position\":1,\"name\":\"\u0413\u043b\u0430\u0432\u043d\u0430\u044f \u0441\u0442\u0440\u0430\u043d\u0438\u0446\u0430\",\"item\":\"https:\\\/\\\/hotnewsinworld.com\\\/es\\\/\"},{\"@type\":\"ListItem\",\"position\":2,\"name\":\"La dimisi\u00f3n del fundador del Hay Festival amenaza el futuro de la cita\"}]},{\"@type\":\"WebSite\",\"@id\":\"https:\\\/\\\/hotnewsinworld.com\\\/es\\\/#website\",\"url\":\"https:\\\/\\\/hotnewsinworld.com\\\/es\\\/\",\"name\":\"Hot News in World\",\"description\":\"Hot News in World from Spain\",\"potentialAction\":[{\"@type\":\"SearchAction\",\"target\":{\"@type\":\"EntryPoint\",\"urlTemplate\":\"https:\\\/\\\/hotnewsinworld.com\\\/es\\\/?s={search_term_string}\"},\"query-input\":{\"@type\":\"PropertyValueSpecification\",\"valueRequired\":true,\"valueName\":\"search_term_string\"}}],\"inLanguage\":\"es\"},{\"@type\":\"Person\",\"@id\":\"https:\\\/\\\/hotnewsinworld.com\\\/es\\\/#\\\/schema\\\/person\\\/fe61448b21c0d59086e75fcc1f9d8f6b\",\"name\":\"hotnewsinworld\",\"image\":{\"@type\":\"ImageObject\",\"inLanguage\":\"es\",\"@id\":\"https:\\\/\\\/secure.gravatar.com\\\/avatar\\\/8a09ac165600ce2e1c38fe593c63928eb1e6e7ba5c5a907d67787c41b3d00c14?s=96&d=mm&r=g\",\"url\":\"https:\\\/\\\/secure.gravatar.com\\\/avatar\\\/8a09ac165600ce2e1c38fe593c63928eb1e6e7ba5c5a907d67787c41b3d00c14?s=96&d=mm&r=g\",\"contentUrl\":\"https:\\\/\\\/secure.gravatar.com\\\/avatar\\\/8a09ac165600ce2e1c38fe593c63928eb1e6e7ba5c5a907d67787c41b3d00c14?s=96&d=mm&r=g\",\"caption\":\"hotnewsinworld\"},\"url\":\"https:\\\/\\\/hotnewsinworld.com\\\/es\\\/author\\\/pt\\\/\"}]}<\/script>\n<!-- \/ Yoast SEO plugin. -->","yoast_head_json":{"title":"La dimisi\u00f3n del fundador del Hay Festival amenaza el futuro de la cita - Hot News in World","robots":{"index":"index","follow":"follow","max-snippet":"max-snippet:-1","max-image-preview":"max-image-preview:large","max-video-preview":"max-video-preview:-1"},"canonical":"https:\/\/hotnewsinworld.com\/es\/la-dimision-del-fundador-del-hay-festival-amenaza-el-futuro-de-la-cita\/","og_locale":"es_ES","og_type":"article","og_title":"La dimisi\u00f3n del fundador del Hay Festival amenaza el futuro de la cita - Hot News in World","og_description":"El esc\u00e1ndalo que desde hace meses persigue al Hay Festival atenaza el futuro de una de las citas literarias m\u00e1s prestigiosas del mundo, galardonada el a\u00f1o pasado con el Premio Princesa de Asturias de Comunicaci\u00f3n y Humanidades junto con la FIL de Guadalajara. La pol\u00e9mica suspensi\u00f3n de su director y cofundador, Peter Florence, el pasado [&hellip;]","og_url":"https:\/\/hotnewsinworld.com\/es\/la-dimision-del-fundador-del-hay-festival-amenaza-el-futuro-de-la-cita\/","og_site_name":"Hot News in World","article_published_time":"2021-08-01T18:16:53+00:00","article_modified_time":"2021-08-01T18:16:55+00:00","og_image":[{"width":980,"height":653,"url":"https:\/\/hotnewsinworld.com\/es\/wp-content\/uploads\/sites\/4\/2021\/08\/La-dimision-del-fundador-del-Hay-Festival-amenaza-el-futuro.jpg","type":"image\/jpeg"}],"author":"hotnewsinworld","twitter_card":"summary_large_image","twitter_misc":{"Escrito por":"hotnewsinworld","Tiempo de lectura":"5 minutos"},"schema":{"@context":"https:\/\/schema.org","@graph":[{"@type":"Article","@id":"https:\/\/hotnewsinworld.com\/es\/la-dimision-del-fundador-del-hay-festival-amenaza-el-futuro-de-la-cita\/#article","isPartOf":{"@id":"https:\/\/hotnewsinworld.com\/es\/la-dimision-del-fundador-del-hay-festival-amenaza-el-futuro-de-la-cita\/"},"author":{"name":"hotnewsinworld","@id":"https:\/\/hotnewsinworld.com\/es\/#\/schema\/person\/fe61448b21c0d59086e75fcc1f9d8f6b"},"headline":"La dimisi\u00f3n del fundador del Hay Festival amenaza el futuro de la cita","datePublished":"2021-08-01T18:16:53+00:00","dateModified":"2021-08-01T18:16:55+00:00","mainEntityOfPage":{"@id":"https:\/\/hotnewsinworld.com\/es\/la-dimision-del-fundador-del-hay-festival-amenaza-el-futuro-de-la-cita\/"},"wordCount":926,"commentCount":0,"image":{"@id":"https:\/\/hotnewsinworld.com\/es\/la-dimision-del-fundador-del-hay-festival-amenaza-el-futuro-de-la-cita\/#primaryimage"},"thumbnailUrl":"https:\/\/hotnewsinworld.com\/es\/wp-content\/uploads\/sites\/4\/2021\/08\/La-dimision-del-fundador-del-Hay-Festival-amenaza-el-futuro.jpg","articleSection":["NOTICIAS DE MEDIOS SOCIALES"],"inLanguage":"es","potentialAction":[{"@type":"CommentAction","name":"Comment","target":["https:\/\/hotnewsinworld.com\/es\/la-dimision-del-fundador-del-hay-festival-amenaza-el-futuro-de-la-cita\/#respond"]}]},{"@type":"WebPage","@id":"https:\/\/hotnewsinworld.com\/es\/la-dimision-del-fundador-del-hay-festival-amenaza-el-futuro-de-la-cita\/","url":"https:\/\/hotnewsinworld.com\/es\/la-dimision-del-fundador-del-hay-festival-amenaza-el-futuro-de-la-cita\/","name":"La dimisi\u00f3n del fundador del Hay Festival amenaza el futuro de la cita - Hot News in World","isPartOf":{"@id":"https:\/\/hotnewsinworld.com\/es\/#website"},"primaryImageOfPage":{"@id":"https:\/\/hotnewsinworld.com\/es\/la-dimision-del-fundador-del-hay-festival-amenaza-el-futuro-de-la-cita\/#primaryimage"},"image":{"@id":"https:\/\/hotnewsinworld.com\/es\/la-dimision-del-fundador-del-hay-festival-amenaza-el-futuro-de-la-cita\/#primaryimage"},"thumbnailUrl":"https:\/\/hotnewsinworld.com\/es\/wp-content\/uploads\/sites\/4\/2021\/08\/La-dimision-del-fundador-del-Hay-Festival-amenaza-el-futuro.jpg","datePublished":"2021-08-01T18:16:53+00:00","dateModified":"2021-08-01T18:16:55+00:00","author":{"@id":"https:\/\/hotnewsinworld.com\/es\/#\/schema\/person\/fe61448b21c0d59086e75fcc1f9d8f6b"},"breadcrumb":{"@id":"https:\/\/hotnewsinworld.com\/es\/la-dimision-del-fundador-del-hay-festival-amenaza-el-futuro-de-la-cita\/#breadcrumb"},"inLanguage":"es","potentialAction":[{"@type":"ReadAction","target":["https:\/\/hotnewsinworld.com\/es\/la-dimision-del-fundador-del-hay-festival-amenaza-el-futuro-de-la-cita\/"]}]},{"@type":"ImageObject","inLanguage":"es","@id":"https:\/\/hotnewsinworld.com\/es\/la-dimision-del-fundador-del-hay-festival-amenaza-el-futuro-de-la-cita\/#primaryimage","url":"https:\/\/hotnewsinworld.com\/es\/wp-content\/uploads\/sites\/4\/2021\/08\/La-dimision-del-fundador-del-Hay-Festival-amenaza-el-futuro.jpg","contentUrl":"https:\/\/hotnewsinworld.com\/es\/wp-content\/uploads\/sites\/4\/2021\/08\/La-dimision-del-fundador-del-Hay-Festival-amenaza-el-futuro.jpg","width":980,"height":653,"caption":"La dimisi\u00f3n del fundador del Hay Festival amenaza el futuro de la cita"},{"@type":"BreadcrumbList","@id":"https:\/\/hotnewsinworld.com\/es\/la-dimision-del-fundador-del-hay-festival-amenaza-el-futuro-de-la-cita\/#breadcrumb","itemListElement":[{"@type":"ListItem","position":1,"name":"\u0413\u043b\u0430\u0432\u043d\u0430\u044f \u0441\u0442\u0440\u0430\u043d\u0438\u0446\u0430","item":"https:\/\/hotnewsinworld.com\/es\/"},{"@type":"ListItem","position":2,"name":"La dimisi\u00f3n del fundador del Hay Festival amenaza el futuro de la cita"}]},{"@type":"WebSite","@id":"https:\/\/hotnewsinworld.com\/es\/#website","url":"https:\/\/hotnewsinworld.com\/es\/","name":"Hot News in World","description":"Hot News in World from Spain","potentialAction":[{"@type":"SearchAction","target":{"@type":"EntryPoint","urlTemplate":"https:\/\/hotnewsinworld.com\/es\/?s={search_term_string}"},"query-input":{"@type":"PropertyValueSpecification","valueRequired":true,"valueName":"search_term_string"}}],"inLanguage":"es"},{"@type":"Person","@id":"https:\/\/hotnewsinworld.com\/es\/#\/schema\/person\/fe61448b21c0d59086e75fcc1f9d8f6b","name":"hotnewsinworld","image":{"@type":"ImageObject","inLanguage":"es","@id":"https:\/\/secure.gravatar.com\/avatar\/8a09ac165600ce2e1c38fe593c63928eb1e6e7ba5c5a907d67787c41b3d00c14?s=96&d=mm&r=g","url":"https:\/\/secure.gravatar.com\/avatar\/8a09ac165600ce2e1c38fe593c63928eb1e6e7ba5c5a907d67787c41b3d00c14?s=96&d=mm&r=g","contentUrl":"https:\/\/secure.gravatar.com\/avatar\/8a09ac165600ce2e1c38fe593c63928eb1e6e7ba5c5a907d67787c41b3d00c14?s=96&d=mm&r=g","caption":"hotnewsinworld"},"url":"https:\/\/hotnewsinworld.com\/es\/author\/pt\/"}]}},"_links":{"self":[{"href":"https:\/\/hotnewsinworld.com\/es\/wp-json\/wp\/v2\/posts\/3377","targetHints":{"allow":["GET"]}}],"collection":[{"href":"https:\/\/hotnewsinworld.com\/es\/wp-json\/wp\/v2\/posts"}],"about":[{"href":"https:\/\/hotnewsinworld.com\/es\/wp-json\/wp\/v2\/types\/post"}],"author":[{"embeddable":true,"href":"https:\/\/hotnewsinworld.com\/es\/wp-json\/wp\/v2\/users\/2"}],"replies":[{"embeddable":true,"href":"https:\/\/hotnewsinworld.com\/es\/wp-json\/wp\/v2\/comments?post=3377"}],"version-history":[{"count":1,"href":"https:\/\/hotnewsinworld.com\/es\/wp-json\/wp\/v2\/posts\/3377\/revisions"}],"predecessor-version":[{"id":3379,"href":"https:\/\/hotnewsinworld.com\/es\/wp-json\/wp\/v2\/posts\/3377\/revisions\/3379"}],"wp:featuredmedia":[{"embeddable":true,"href":"https:\/\/hotnewsinworld.com\/es\/wp-json\/wp\/v2\/media\/3378"}],"wp:attachment":[{"href":"https:\/\/hotnewsinworld.com\/es\/wp-json\/wp\/v2\/media?parent=3377"}],"wp:term":[{"taxonomy":"category","embeddable":true,"href":"https:\/\/hotnewsinworld.com\/es\/wp-json\/wp\/v2\/categories?post=3377"},{"taxonomy":"post_tag","embeddable":true,"href":"https:\/\/hotnewsinworld.com\/es\/wp-json\/wp\/v2\/tags?post=3377"}],"curies":[{"name":"wp","href":"https:\/\/api.w.org\/{rel}","templated":true}]}}