{"id":377,"date":"2020-07-27T01:55:05","date_gmt":"2020-07-26T22:55:05","guid":{"rendered":"https:\/\/hotnewsinworld.com\/es\/el-caso-fuenlabrada-de-un-enredo-a-otro\/"},"modified":"2020-07-27T01:55:09","modified_gmt":"2020-07-26T22:55:09","slug":"el-caso-fuenlabrada-de-un-enredo-a-otro","status":"publish","type":"post","link":"https:\/\/hotnewsinworld.com\/es\/el-caso-fuenlabrada-de-un-enredo-a-otro\/","title":{"rendered":"El \u2018caso Fuenlabrada\u2019, de un enredo a otro"},"content":{"rendered":"<p>El \u00faltimo giro de la crisis abierta en el f\u00fatbol espa\u00f1ol por los contagios de covid-19 en el Fuenlabrada (28 casos) se sustanci\u00f3 este domingo en una tormenta de comunicados entre el club madrile\u00f1o y LaLiga, que expuso su plan para que la Segunda pueda acabar. Deber\u00e1 decidir el Comit\u00e9 de Competici\u00f3n de la Federaci\u00f3n Espa\u00f1ola, pero la propuesta de la entidad presidida por Javier Tebas consiste en suspender definitivamente el partido entre el Deportivo y el Fuenlabrada, y que el Elche dispute el playoff de ascenso a Primera junto a Zaragoza, Girona y Almer\u00eda.Seguir leyendo<br \/>\n<br \/>\n<!--noindex--><br \/>\n<a href=\"https:\/\/elpais.com\/deportes\/2020-07-26\/laliga-propone-a-competicion-cancelar-el-deportivo-fuenlabrada-y-que-el-elche-juegue-el-playoff-de-ascenso.html\" rel=\"nofollow\">Source link <\/a><br \/>\n<!--\/noindex--><\/p>\n","protected":false},"excerpt":{"rendered":"<p>El \u00faltimo giro de la crisis abierta en el f\u00fatbol espa\u00f1ol por los contagios de covid-19 en el Fuenlabrada (28 casos) se sustanci\u00f3 este domingo en una tormenta de comunicados entre el club madrile\u00f1o y LaLiga, que expuso su plan para que la Segunda pueda acabar. Deber\u00e1 decidir el Comit\u00e9 de Competici\u00f3n de la Federaci\u00f3n [&hellip;]<\/p>\n","protected":false},"author":2,"featured_media":378,"comment_status":"open","ping_status":"open","sticky":false,"template":"","format":"standard","meta":{"footnotes":""},"categories":[3],"tags":[],"class_list":["post-377","post","type-post","status-publish","format-standard","has-post-thumbnail","hentry","category-noticias-de-medios-sociales"],"yoast_head":"<!-- This site is optimized with the Yoast SEO plugin v27.4 - https:\/\/yoast.com\/product\/yoast-seo-wordpress\/ -->\n<title>El \u2018caso Fuenlabrada\u2019, de un enredo a otro - Hot News in World<\/title>\n<meta name=\"robots\" content=\"index, follow, max-snippet:-1, max-image-preview:large, max-video-preview:-1\" \/>\n<link rel=\"canonical\" href=\"https:\/\/hotnewsinworld.com\/es\/el-caso-fuenlabrada-de-un-enredo-a-otro\/\" \/>\n<meta property=\"og:locale\" content=\"es_ES\" \/>\n<meta property=\"og:type\" content=\"article\" \/>\n<meta property=\"og:title\" content=\"El \u2018caso Fuenlabrada\u2019, de un enredo a otro - Hot News in World\" \/>\n<meta property=\"og:description\" content=\"El \u00faltimo giro de la crisis abierta en el f\u00fatbol espa\u00f1ol por los contagios de covid-19 en el Fuenlabrada (28 casos) se sustanci\u00f3 este domingo en una tormenta de comunicados entre el club madrile\u00f1o y LaLiga, que expuso su plan para que la Segunda pueda acabar. Deber\u00e1 decidir el Comit\u00e9 de Competici\u00f3n de la Federaci\u00f3n [&hellip;]\" \/>\n<meta property=\"og:url\" content=\"https:\/\/hotnewsinworld.com\/es\/el-caso-fuenlabrada-de-un-enredo-a-otro\/\" \/>\n<meta property=\"og:site_name\" content=\"Hot News in World\" \/>\n<meta property=\"article:published_time\" content=\"2020-07-26T22:55:05+00:00\" \/>\n<meta property=\"article:modified_time\" content=\"2020-07-26T22:55:09+00:00\" \/>\n<meta property=\"og:image\" content=\"https:\/\/hotnewsinworld.com\/es\/wp-content\/uploads\/sites\/4\/2020\/07\/El-\u2018caso-Fuenlabrada\u2019-de-un-enredo-a-otro.jpeg\" \/>\n\t<meta property=\"og:image:width\" content=\"5616\" \/>\n\t<meta property=\"og:image:height\" content=\"3744\" \/>\n\t<meta property=\"og:image:type\" content=\"image\/jpeg\" \/>\n<meta name=\"author\" content=\"hotnewsinworld\" \/>\n<meta name=\"twitter:card\" content=\"summary_large_image\" \/>\n<meta name=\"twitter:label1\" content=\"Escrito por\" \/>\n\t<meta name=\"twitter:data1\" content=\"hotnewsinworld\" \/>\n\t<meta name=\"twitter:label2\" content=\"Tiempo de lectura\" \/>\n\t<meta name=\"twitter:data2\" content=\"1 minuto\" \/>\n<script type=\"application\/ld+json\" class=\"yoast-schema-graph\">{\"@context\":\"https:\\\/\\\/schema.org\",\"@graph\":[{\"@type\":\"Article\",\"@id\":\"https:\\\/\\\/hotnewsinworld.com\\\/es\\\/el-caso-fuenlabrada-de-un-enredo-a-otro\\\/#article\",\"isPartOf\":{\"@id\":\"https:\\\/\\\/hotnewsinworld.com\\\/es\\\/el-caso-fuenlabrada-de-un-enredo-a-otro\\\/\"},\"author\":{\"name\":\"hotnewsinworld\",\"@id\":\"https:\\\/\\\/hotnewsinworld.com\\\/es\\\/#\\\/schema\\\/person\\\/fe61448b21c0d59086e75fcc1f9d8f6b\"},\"headline\":\"El \u2018caso Fuenlabrada\u2019, de un enredo a otro\",\"datePublished\":\"2020-07-26T22:55:05+00:00\",\"dateModified\":\"2020-07-26T22:55:09+00:00\",\"mainEntityOfPage\":{\"@id\":\"https:\\\/\\\/hotnewsinworld.com\\\/es\\\/el-caso-fuenlabrada-de-un-enredo-a-otro\\\/\"},\"wordCount\":113,\"commentCount\":0,\"image\":{\"@id\":\"https:\\\/\\\/hotnewsinworld.com\\\/es\\\/el-caso-fuenlabrada-de-un-enredo-a-otro\\\/#primaryimage\"},\"thumbnailUrl\":\"https:\\\/\\\/hotnewsinworld.com\\\/es\\\/wp-content\\\/uploads\\\/sites\\\/4\\\/2020\\\/07\\\/El-\u2018caso-Fuenlabrada\u2019-de-un-enredo-a-otro.jpeg\",\"articleSection\":[\"NOTICIAS DE MEDIOS SOCIALES\"],\"inLanguage\":\"es\",\"potentialAction\":[{\"@type\":\"CommentAction\",\"name\":\"Comment\",\"target\":[\"https:\\\/\\\/hotnewsinworld.com\\\/es\\\/el-caso-fuenlabrada-de-un-enredo-a-otro\\\/#respond\"]}]},{\"@type\":\"WebPage\",\"@id\":\"https:\\\/\\\/hotnewsinworld.com\\\/es\\\/el-caso-fuenlabrada-de-un-enredo-a-otro\\\/\",\"url\":\"https:\\\/\\\/hotnewsinworld.com\\\/es\\\/el-caso-fuenlabrada-de-un-enredo-a-otro\\\/\",\"name\":\"El \u2018caso Fuenlabrada\u2019, de un enredo a otro - Hot News in World\",\"isPartOf\":{\"@id\":\"https:\\\/\\\/hotnewsinworld.com\\\/es\\\/#website\"},\"primaryImageOfPage\":{\"@id\":\"https:\\\/\\\/hotnewsinworld.com\\\/es\\\/el-caso-fuenlabrada-de-un-enredo-a-otro\\\/#primaryimage\"},\"image\":{\"@id\":\"https:\\\/\\\/hotnewsinworld.com\\\/es\\\/el-caso-fuenlabrada-de-un-enredo-a-otro\\\/#primaryimage\"},\"thumbnailUrl\":\"https:\\\/\\\/hotnewsinworld.com\\\/es\\\/wp-content\\\/uploads\\\/sites\\\/4\\\/2020\\\/07\\\/El-\u2018caso-Fuenlabrada\u2019-de-un-enredo-a-otro.jpeg\",\"datePublished\":\"2020-07-26T22:55:05+00:00\",\"dateModified\":\"2020-07-26T22:55:09+00:00\",\"author\":{\"@id\":\"https:\\\/\\\/hotnewsinworld.com\\\/es\\\/#\\\/schema\\\/person\\\/fe61448b21c0d59086e75fcc1f9d8f6b\"},\"breadcrumb\":{\"@id\":\"https:\\\/\\\/hotnewsinworld.com\\\/es\\\/el-caso-fuenlabrada-de-un-enredo-a-otro\\\/#breadcrumb\"},\"inLanguage\":\"es\",\"potentialAction\":[{\"@type\":\"ReadAction\",\"target\":[\"https:\\\/\\\/hotnewsinworld.com\\\/es\\\/el-caso-fuenlabrada-de-un-enredo-a-otro\\\/\"]}]},{\"@type\":\"ImageObject\",\"inLanguage\":\"es\",\"@id\":\"https:\\\/\\\/hotnewsinworld.com\\\/es\\\/el-caso-fuenlabrada-de-un-enredo-a-otro\\\/#primaryimage\",\"url\":\"https:\\\/\\\/hotnewsinworld.com\\\/es\\\/wp-content\\\/uploads\\\/sites\\\/4\\\/2020\\\/07\\\/El-\u2018caso-Fuenlabrada\u2019-de-un-enredo-a-otro.jpeg\",\"contentUrl\":\"https:\\\/\\\/hotnewsinworld.com\\\/es\\\/wp-content\\\/uploads\\\/sites\\\/4\\\/2020\\\/07\\\/El-\u2018caso-Fuenlabrada\u2019-de-un-enredo-a-otro.jpeg\",\"width\":5616,\"height\":3744,\"caption\":\"El \u2018caso Fuenlabrada\u2019, de un enredo a otro\"},{\"@type\":\"BreadcrumbList\",\"@id\":\"https:\\\/\\\/hotnewsinworld.com\\\/es\\\/el-caso-fuenlabrada-de-un-enredo-a-otro\\\/#breadcrumb\",\"itemListElement\":[{\"@type\":\"ListItem\",\"position\":1,\"name\":\"\u0413\u043b\u0430\u0432\u043d\u0430\u044f \u0441\u0442\u0440\u0430\u043d\u0438\u0446\u0430\",\"item\":\"https:\\\/\\\/hotnewsinworld.com\\\/es\\\/\"},{\"@type\":\"ListItem\",\"position\":2,\"name\":\"El \u2018caso Fuenlabrada\u2019, de un enredo a otro\"}]},{\"@type\":\"WebSite\",\"@id\":\"https:\\\/\\\/hotnewsinworld.com\\\/es\\\/#website\",\"url\":\"https:\\\/\\\/hotnewsinworld.com\\\/es\\\/\",\"name\":\"Hot News in World\",\"description\":\"Hot News in World from Spain\",\"potentialAction\":[{\"@type\":\"SearchAction\",\"target\":{\"@type\":\"EntryPoint\",\"urlTemplate\":\"https:\\\/\\\/hotnewsinworld.com\\\/es\\\/?s={search_term_string}\"},\"query-input\":{\"@type\":\"PropertyValueSpecification\",\"valueRequired\":true,\"valueName\":\"search_term_string\"}}],\"inLanguage\":\"es\"},{\"@type\":\"Person\",\"@id\":\"https:\\\/\\\/hotnewsinworld.com\\\/es\\\/#\\\/schema\\\/person\\\/fe61448b21c0d59086e75fcc1f9d8f6b\",\"name\":\"hotnewsinworld\",\"image\":{\"@type\":\"ImageObject\",\"inLanguage\":\"es\",\"@id\":\"https:\\\/\\\/secure.gravatar.com\\\/avatar\\\/8a09ac165600ce2e1c38fe593c63928eb1e6e7ba5c5a907d67787c41b3d00c14?s=96&d=mm&r=g\",\"url\":\"https:\\\/\\\/secure.gravatar.com\\\/avatar\\\/8a09ac165600ce2e1c38fe593c63928eb1e6e7ba5c5a907d67787c41b3d00c14?s=96&d=mm&r=g\",\"contentUrl\":\"https:\\\/\\\/secure.gravatar.com\\\/avatar\\\/8a09ac165600ce2e1c38fe593c63928eb1e6e7ba5c5a907d67787c41b3d00c14?s=96&d=mm&r=g\",\"caption\":\"hotnewsinworld\"},\"url\":\"https:\\\/\\\/hotnewsinworld.com\\\/es\\\/author\\\/pt\\\/\"}]}<\/script>\n<!-- \/ Yoast SEO plugin. -->","yoast_head_json":{"title":"El \u2018caso Fuenlabrada\u2019, de un enredo a otro - Hot News in World","robots":{"index":"index","follow":"follow","max-snippet":"max-snippet:-1","max-image-preview":"max-image-preview:large","max-video-preview":"max-video-preview:-1"},"canonical":"https:\/\/hotnewsinworld.com\/es\/el-caso-fuenlabrada-de-un-enredo-a-otro\/","og_locale":"es_ES","og_type":"article","og_title":"El \u2018caso Fuenlabrada\u2019, de un enredo a otro - Hot News in World","og_description":"El \u00faltimo giro de la crisis abierta en el f\u00fatbol espa\u00f1ol por los contagios de covid-19 en el Fuenlabrada (28 casos) se sustanci\u00f3 este domingo en una tormenta de comunicados entre el club madrile\u00f1o y LaLiga, que expuso su plan para que la Segunda pueda acabar. Deber\u00e1 decidir el Comit\u00e9 de Competici\u00f3n de la Federaci\u00f3n [&hellip;]","og_url":"https:\/\/hotnewsinworld.com\/es\/el-caso-fuenlabrada-de-un-enredo-a-otro\/","og_site_name":"Hot News in World","article_published_time":"2020-07-26T22:55:05+00:00","article_modified_time":"2020-07-26T22:55:09+00:00","og_image":[{"width":5616,"height":3744,"url":"https:\/\/hotnewsinworld.com\/es\/wp-content\/uploads\/sites\/4\/2020\/07\/El-\u2018caso-Fuenlabrada\u2019-de-un-enredo-a-otro.jpeg","type":"image\/jpeg"}],"author":"hotnewsinworld","twitter_card":"summary_large_image","twitter_misc":{"Escrito por":"hotnewsinworld","Tiempo de lectura":"1 minuto"},"schema":{"@context":"https:\/\/schema.org","@graph":[{"@type":"Article","@id":"https:\/\/hotnewsinworld.com\/es\/el-caso-fuenlabrada-de-un-enredo-a-otro\/#article","isPartOf":{"@id":"https:\/\/hotnewsinworld.com\/es\/el-caso-fuenlabrada-de-un-enredo-a-otro\/"},"author":{"name":"hotnewsinworld","@id":"https:\/\/hotnewsinworld.com\/es\/#\/schema\/person\/fe61448b21c0d59086e75fcc1f9d8f6b"},"headline":"El \u2018caso Fuenlabrada\u2019, de un enredo a otro","datePublished":"2020-07-26T22:55:05+00:00","dateModified":"2020-07-26T22:55:09+00:00","mainEntityOfPage":{"@id":"https:\/\/hotnewsinworld.com\/es\/el-caso-fuenlabrada-de-un-enredo-a-otro\/"},"wordCount":113,"commentCount":0,"image":{"@id":"https:\/\/hotnewsinworld.com\/es\/el-caso-fuenlabrada-de-un-enredo-a-otro\/#primaryimage"},"thumbnailUrl":"https:\/\/hotnewsinworld.com\/es\/wp-content\/uploads\/sites\/4\/2020\/07\/El-\u2018caso-Fuenlabrada\u2019-de-un-enredo-a-otro.jpeg","articleSection":["NOTICIAS DE MEDIOS SOCIALES"],"inLanguage":"es","potentialAction":[{"@type":"CommentAction","name":"Comment","target":["https:\/\/hotnewsinworld.com\/es\/el-caso-fuenlabrada-de-un-enredo-a-otro\/#respond"]}]},{"@type":"WebPage","@id":"https:\/\/hotnewsinworld.com\/es\/el-caso-fuenlabrada-de-un-enredo-a-otro\/","url":"https:\/\/hotnewsinworld.com\/es\/el-caso-fuenlabrada-de-un-enredo-a-otro\/","name":"El \u2018caso Fuenlabrada\u2019, de un enredo a otro - Hot News in World","isPartOf":{"@id":"https:\/\/hotnewsinworld.com\/es\/#website"},"primaryImageOfPage":{"@id":"https:\/\/hotnewsinworld.com\/es\/el-caso-fuenlabrada-de-un-enredo-a-otro\/#primaryimage"},"image":{"@id":"https:\/\/hotnewsinworld.com\/es\/el-caso-fuenlabrada-de-un-enredo-a-otro\/#primaryimage"},"thumbnailUrl":"https:\/\/hotnewsinworld.com\/es\/wp-content\/uploads\/sites\/4\/2020\/07\/El-\u2018caso-Fuenlabrada\u2019-de-un-enredo-a-otro.jpeg","datePublished":"2020-07-26T22:55:05+00:00","dateModified":"2020-07-26T22:55:09+00:00","author":{"@id":"https:\/\/hotnewsinworld.com\/es\/#\/schema\/person\/fe61448b21c0d59086e75fcc1f9d8f6b"},"breadcrumb":{"@id":"https:\/\/hotnewsinworld.com\/es\/el-caso-fuenlabrada-de-un-enredo-a-otro\/#breadcrumb"},"inLanguage":"es","potentialAction":[{"@type":"ReadAction","target":["https:\/\/hotnewsinworld.com\/es\/el-caso-fuenlabrada-de-un-enredo-a-otro\/"]}]},{"@type":"ImageObject","inLanguage":"es","@id":"https:\/\/hotnewsinworld.com\/es\/el-caso-fuenlabrada-de-un-enredo-a-otro\/#primaryimage","url":"https:\/\/hotnewsinworld.com\/es\/wp-content\/uploads\/sites\/4\/2020\/07\/El-\u2018caso-Fuenlabrada\u2019-de-un-enredo-a-otro.jpeg","contentUrl":"https:\/\/hotnewsinworld.com\/es\/wp-content\/uploads\/sites\/4\/2020\/07\/El-\u2018caso-Fuenlabrada\u2019-de-un-enredo-a-otro.jpeg","width":5616,"height":3744,"caption":"El \u2018caso Fuenlabrada\u2019, de un enredo a otro"},{"@type":"BreadcrumbList","@id":"https:\/\/hotnewsinworld.com\/es\/el-caso-fuenlabrada-de-un-enredo-a-otro\/#breadcrumb","itemListElement":[{"@type":"ListItem","position":1,"name":"\u0413\u043b\u0430\u0432\u043d\u0430\u044f \u0441\u0442\u0440\u0430\u043d\u0438\u0446\u0430","item":"https:\/\/hotnewsinworld.com\/es\/"},{"@type":"ListItem","position":2,"name":"El \u2018caso Fuenlabrada\u2019, de un enredo a otro"}]},{"@type":"WebSite","@id":"https:\/\/hotnewsinworld.com\/es\/#website","url":"https:\/\/hotnewsinworld.com\/es\/","name":"Hot News in World","description":"Hot News in World from Spain","potentialAction":[{"@type":"SearchAction","target":{"@type":"EntryPoint","urlTemplate":"https:\/\/hotnewsinworld.com\/es\/?s={search_term_string}"},"query-input":{"@type":"PropertyValueSpecification","valueRequired":true,"valueName":"search_term_string"}}],"inLanguage":"es"},{"@type":"Person","@id":"https:\/\/hotnewsinworld.com\/es\/#\/schema\/person\/fe61448b21c0d59086e75fcc1f9d8f6b","name":"hotnewsinworld","image":{"@type":"ImageObject","inLanguage":"es","@id":"https:\/\/secure.gravatar.com\/avatar\/8a09ac165600ce2e1c38fe593c63928eb1e6e7ba5c5a907d67787c41b3d00c14?s=96&d=mm&r=g","url":"https:\/\/secure.gravatar.com\/avatar\/8a09ac165600ce2e1c38fe593c63928eb1e6e7ba5c5a907d67787c41b3d00c14?s=96&d=mm&r=g","contentUrl":"https:\/\/secure.gravatar.com\/avatar\/8a09ac165600ce2e1c38fe593c63928eb1e6e7ba5c5a907d67787c41b3d00c14?s=96&d=mm&r=g","caption":"hotnewsinworld"},"url":"https:\/\/hotnewsinworld.com\/es\/author\/pt\/"}]}},"_links":{"self":[{"href":"https:\/\/hotnewsinworld.com\/es\/wp-json\/wp\/v2\/posts\/377","targetHints":{"allow":["GET"]}}],"collection":[{"href":"https:\/\/hotnewsinworld.com\/es\/wp-json\/wp\/v2\/posts"}],"about":[{"href":"https:\/\/hotnewsinworld.com\/es\/wp-json\/wp\/v2\/types\/post"}],"author":[{"embeddable":true,"href":"https:\/\/hotnewsinworld.com\/es\/wp-json\/wp\/v2\/users\/2"}],"replies":[{"embeddable":true,"href":"https:\/\/hotnewsinworld.com\/es\/wp-json\/wp\/v2\/comments?post=377"}],"version-history":[{"count":1,"href":"https:\/\/hotnewsinworld.com\/es\/wp-json\/wp\/v2\/posts\/377\/revisions"}],"predecessor-version":[{"id":379,"href":"https:\/\/hotnewsinworld.com\/es\/wp-json\/wp\/v2\/posts\/377\/revisions\/379"}],"wp:featuredmedia":[{"embeddable":true,"href":"https:\/\/hotnewsinworld.com\/es\/wp-json\/wp\/v2\/media\/378"}],"wp:attachment":[{"href":"https:\/\/hotnewsinworld.com\/es\/wp-json\/wp\/v2\/media?parent=377"}],"wp:term":[{"taxonomy":"category","embeddable":true,"href":"https:\/\/hotnewsinworld.com\/es\/wp-json\/wp\/v2\/categories?post=377"},{"taxonomy":"post_tag","embeddable":true,"href":"https:\/\/hotnewsinworld.com\/es\/wp-json\/wp\/v2\/tags?post=377"}],"curies":[{"name":"wp","href":"https:\/\/api.w.org\/{rel}","templated":true}]}}