{"id":397,"date":"2020-08-03T09:57:59","date_gmt":"2020-08-03T06:57:59","guid":{"rendered":"https:\/\/hotnewsinworld.com\/es\/universidades-impone-bajar-las-tasas-mas-altas-en-tres-anos-con-la-oposicion-del-pp-y-el-pnv-sociedad\/"},"modified":"2020-08-03T09:58:01","modified_gmt":"2020-08-03T06:58:01","slug":"universidades-impone-bajar-las-tasas-mas-altas-en-tres-anos-con-la-oposicion-del-pp-y-el-pnv-sociedad","status":"publish","type":"post","link":"https:\/\/hotnewsinworld.com\/es\/universidades-impone-bajar-las-tasas-mas-altas-en-tres-anos-con-la-oposicion-del-pp-y-el-pnv-sociedad\/","title":{"rendered":"Universidades impone bajar las tasas m\u00e1s altas en tres a\u00f1os con la oposici\u00f3n del PP y el PNV | Sociedad"},"content":{"rendered":"<p>El ministro de Universidades, Manuel Castells, en el Congreso de los Diputados el pasado mi\u00e9rcoles.Kiko Huesca \/ Europa PressEl Ministerio de Universidades va a marcar un precio m\u00e1ximo de las tasas de grado: 18,46 euros por cr\u00e9dito, lo que supone pagar 1.107 euros por un a\u00f1o de carrera. Es decir, se vuelve a las tasas de 2011 y obliga a 10 comunidades aut\u00f3nomas a bajar sus primeras matr\u00edculas. Sobre el papel esta reducci\u00f3n de precios \u2014en Catalu\u00f1a se desembolsa hasta 2.010 euros y en Madrid 1.440\u2014 fue pactada este mi\u00e9rcoles en la Conferencia de Pol\u00edtica Universitaria con las autonom\u00edas, pero de facto no fue as\u00ed. Hubo bronca.En una nota el ministerio vendi\u00f3 como un triunfo haber \u201caprobado un nuevo modelo\u201d de tasas, pero en realidad se posicionaron en contra (no se vota) el Pa\u00eds Vasco, donde gobierna el PNV con el PSOE, y las autonom\u00edas gestionadas por el PP salvo Galicia, que tiene los precios m\u00e1s bajos de Espa\u00f1a y no se ve afectada por el modelo. Es decir, se mostraron contrarios Madrid, Murcia, Castilla y Le\u00f3n y Andaluc\u00eda, indignadas ante la falta de financiaci\u00f3n extra.En su nota informativa el ministerio no desvel\u00f3 la posici\u00f3n de las autonom\u00edas, lo que gener\u00f3 confusi\u00f3n porque parec\u00eda haber acuerdo con la derecha, lo que no era cierto. Finalmente, una portavoz del ministerio explic\u00f3 que la posici\u00f3n de las autonom\u00edas quedar\u00e1 registrada en las actas de la conferencia.En un primer momento el Gobierno pens\u00f3 en compensar a las autonom\u00edas por el recorte en las tasas, pero con la crisis sobrevenida por la covid-19 ese plan se ha paralizado y eso ha enfadado a las autonom\u00edas. El ministro de Universidades, Manuel Castells, se comprometi\u00f3, incluso, a negociar con el Ministerio de HaciendaEste final abrupto de las negociaciones ha sorprendido a los ejecutivos auton\u00f3micos, pues el 7 de mayo Castells les conmin\u00f3 a hacer de nuevo las cuentas sobre el coste de la reducci\u00f3n de tasas. Madrid lo cifr\u00f3, por ejemplo, en 120 millones, una cantidad que el ministerio no se crey\u00f3. En teor\u00eda este mi\u00e9rcoles se iba a discutir sobre esas cuentas. Una portavoz de Castilla y Le\u00f3n, la tercera regi\u00f3n con las tasas m\u00e1s altas, explic\u00f3 que esta falta de partida econ\u00f3mica les hizo decantarse por el no. De todos modos, esta comunidad ha bajado sus precios en los \u00faltimos dos cursos y aseguran que seguir\u00e1 mengu\u00e1ndolos.Un portavoz del Gobierno vasco argument\u00f3, por su parte, que se posicionaron en contra porque el recorte es \u201cuna competencia propia\u201d, falta financiaci\u00f3n y la comunidad anunci\u00f3 hace un mes medidas propias \u201ccon la aceptaci\u00f3n de la comunidad educativa\u201d. Las tasas se han congelado all\u00ed para el pr\u00f3ximo curso.\u201cEl ministro ha impuesto a las comunidades una bajada del sistema de precios sin llegar a ning\u00fan acuerdo con ellas\u201d, se lamentan fuentes del Gobierno de Madrid con indignaci\u00f3n. \u201cDurante la pasada legislatura ya se bajaron en Madrid las tasas de grado en un 22% y las de m\u00e1ster en un 30% apostando de manera muy fuerte por un sistema de becas cuya financiaci\u00f3n no ha parado de crecer en los \u00faltimos a\u00f1os\u201d, a\u00f1anden.\u201cNo compartimos cuestiones concretas y de detalle de la propuesta del ministerio debatida hoy, pero la hemos respaldado porque el planteamiento general encaja con el proyecto de decreto de precios de Catalu\u00f1a para el curso 2020-2021\u201d, explican desde la Generalitat. El Gobierno nacionalista anunci\u00f3 hace semanas que iba a menguar un 30% las tasas m\u00e1s altas (condicionadas a la renta) y compensar econ\u00f3micamente a los que menos tienen.En sus filas tampoco est\u00e1n contentos. \u201cSabemos que tenemos que hacer ese esfuerzo, pero al mismo tiempo somos una comunidad infrafinanciada\u201d, le dijo a Castells la consejera del Gobierno valenciano, en manos del PSOE, Comprom\u00eds y Podemos. M\u00e1s convencida se mostr\u00f3 la consejera de Arag\u00f3n: \u00abContinuaremos trabajando para promover y facilitar el acceso a la educaci\u00f3n universitaria\u201d. Para Arag\u00f3n tendr\u00e1 un coste aproximado de 1,1 millones de euros.<br \/>\n<br \/>\n<!--noindex--><br \/>\n<a href=\"https:\/\/elpais.com\/sociedad\/2020-05-27\/universidades-impone-bajar-las-tasas-mas-altas-en-tres-anos-con-la-oposicion-del-pp-y-el-pnv.html\" rel=\"nofollow\">Source link <\/a><br \/>\n<!--\/noindex--><\/p>\n","protected":false},"excerpt":{"rendered":"<p>El ministro de Universidades, Manuel Castells, en el Congreso de los Diputados el pasado mi\u00e9rcoles.Kiko Huesca \/ Europa PressEl Ministerio de Universidades va a marcar un precio m\u00e1ximo de las tasas de grado: 18,46 euros por cr\u00e9dito, lo que supone pagar 1.107 euros por un a\u00f1o de carrera. Es decir, se vuelve a las tasas [&hellip;]<\/p>\n","protected":false},"author":2,"featured_media":398,"comment_status":"open","ping_status":"open","sticky":false,"template":"","format":"standard","meta":{"footnotes":""},"categories":[3],"tags":[],"class_list":["post-397","post","type-post","status-publish","format-standard","has-post-thumbnail","hentry","category-noticias-de-medios-sociales"],"yoast_head":"<!-- This site is optimized with the Yoast SEO plugin v27.4 - https:\/\/yoast.com\/product\/yoast-seo-wordpress\/ -->\n<title>Universidades impone bajar las tasas m\u00e1s altas en tres a\u00f1os con la oposici\u00f3n del PP y el PNV | Sociedad - Hot News in World<\/title>\n<meta name=\"robots\" content=\"index, follow, max-snippet:-1, max-image-preview:large, max-video-preview:-1\" \/>\n<link rel=\"canonical\" href=\"https:\/\/hotnewsinworld.com\/es\/universidades-impone-bajar-las-tasas-mas-altas-en-tres-anos-con-la-oposicion-del-pp-y-el-pnv-sociedad\/\" \/>\n<meta property=\"og:locale\" content=\"es_ES\" \/>\n<meta property=\"og:type\" content=\"article\" \/>\n<meta property=\"og:title\" content=\"Universidades impone bajar las tasas m\u00e1s altas en tres a\u00f1os con la oposici\u00f3n del PP y el PNV | Sociedad - Hot News in World\" \/>\n<meta property=\"og:description\" content=\"El ministro de Universidades, Manuel Castells, en el Congreso de los Diputados el pasado mi\u00e9rcoles.Kiko Huesca \/ Europa PressEl Ministerio de Universidades va a marcar un precio m\u00e1ximo de las tasas de grado: 18,46 euros por cr\u00e9dito, lo que supone pagar 1.107 euros por un a\u00f1o de carrera. Es decir, se vuelve a las tasas [&hellip;]\" \/>\n<meta property=\"og:url\" content=\"https:\/\/hotnewsinworld.com\/es\/universidades-impone-bajar-las-tasas-mas-altas-en-tres-anos-con-la-oposicion-del-pp-y-el-pnv-sociedad\/\" \/>\n<meta property=\"og:site_name\" content=\"Hot News in World\" \/>\n<meta property=\"article:published_time\" content=\"2020-08-03T06:57:59+00:00\" \/>\n<meta property=\"article:modified_time\" content=\"2020-08-03T06:58:01+00:00\" \/>\n<meta property=\"og:image\" content=\"https:\/\/hotnewsinworld.com\/es\/wp-content\/uploads\/sites\/4\/2020\/08\/Universidades-impone-bajar-las-tasas-m\u00e1s-altas-en-tres-a\u00f1os.jpg\" \/>\n\t<meta property=\"og:image:width\" content=\"980\" \/>\n\t<meta property=\"og:image:height\" content=\"654\" \/>\n\t<meta property=\"og:image:type\" content=\"image\/jpeg\" \/>\n<meta name=\"author\" content=\"hotnewsinworld\" \/>\n<meta name=\"twitter:card\" content=\"summary_large_image\" \/>\n<meta name=\"twitter:label1\" content=\"Escrito por\" \/>\n\t<meta name=\"twitter:data1\" content=\"hotnewsinworld\" \/>\n\t<meta name=\"twitter:label2\" content=\"Tiempo de lectura\" \/>\n\t<meta name=\"twitter:data2\" content=\"3 minutos\" \/>\n<script type=\"application\/ld+json\" class=\"yoast-schema-graph\">{\"@context\":\"https:\\\/\\\/schema.org\",\"@graph\":[{\"@type\":\"Article\",\"@id\":\"https:\\\/\\\/hotnewsinworld.com\\\/es\\\/universidades-impone-bajar-las-tasas-mas-altas-en-tres-anos-con-la-oposicion-del-pp-y-el-pnv-sociedad\\\/#article\",\"isPartOf\":{\"@id\":\"https:\\\/\\\/hotnewsinworld.com\\\/es\\\/universidades-impone-bajar-las-tasas-mas-altas-en-tres-anos-con-la-oposicion-del-pp-y-el-pnv-sociedad\\\/\"},\"author\":{\"name\":\"hotnewsinworld\",\"@id\":\"https:\\\/\\\/hotnewsinworld.com\\\/es\\\/#\\\/schema\\\/person\\\/fe61448b21c0d59086e75fcc1f9d8f6b\"},\"headline\":\"Universidades impone bajar las tasas m\u00e1s altas en tres a\u00f1os con la oposici\u00f3n del PP y el PNV | Sociedad\",\"datePublished\":\"2020-08-03T06:57:59+00:00\",\"dateModified\":\"2020-08-03T06:58:01+00:00\",\"mainEntityOfPage\":{\"@id\":\"https:\\\/\\\/hotnewsinworld.com\\\/es\\\/universidades-impone-bajar-las-tasas-mas-altas-en-tres-anos-con-la-oposicion-del-pp-y-el-pnv-sociedad\\\/\"},\"wordCount\":720,\"commentCount\":0,\"image\":{\"@id\":\"https:\\\/\\\/hotnewsinworld.com\\\/es\\\/universidades-impone-bajar-las-tasas-mas-altas-en-tres-anos-con-la-oposicion-del-pp-y-el-pnv-sociedad\\\/#primaryimage\"},\"thumbnailUrl\":\"https:\\\/\\\/hotnewsinworld.com\\\/es\\\/wp-content\\\/uploads\\\/sites\\\/4\\\/2020\\\/08\\\/Universidades-impone-bajar-las-tasas-m\u00e1s-altas-en-tres-a\u00f1os.jpg\",\"articleSection\":[\"NOTICIAS DE MEDIOS SOCIALES\"],\"inLanguage\":\"es\",\"potentialAction\":[{\"@type\":\"CommentAction\",\"name\":\"Comment\",\"target\":[\"https:\\\/\\\/hotnewsinworld.com\\\/es\\\/universidades-impone-bajar-las-tasas-mas-altas-en-tres-anos-con-la-oposicion-del-pp-y-el-pnv-sociedad\\\/#respond\"]}]},{\"@type\":\"WebPage\",\"@id\":\"https:\\\/\\\/hotnewsinworld.com\\\/es\\\/universidades-impone-bajar-las-tasas-mas-altas-en-tres-anos-con-la-oposicion-del-pp-y-el-pnv-sociedad\\\/\",\"url\":\"https:\\\/\\\/hotnewsinworld.com\\\/es\\\/universidades-impone-bajar-las-tasas-mas-altas-en-tres-anos-con-la-oposicion-del-pp-y-el-pnv-sociedad\\\/\",\"name\":\"Universidades impone bajar las tasas m\u00e1s altas en tres a\u00f1os con la oposici\u00f3n del PP y el PNV | Sociedad - Hot News in World\",\"isPartOf\":{\"@id\":\"https:\\\/\\\/hotnewsinworld.com\\\/es\\\/#website\"},\"primaryImageOfPage\":{\"@id\":\"https:\\\/\\\/hotnewsinworld.com\\\/es\\\/universidades-impone-bajar-las-tasas-mas-altas-en-tres-anos-con-la-oposicion-del-pp-y-el-pnv-sociedad\\\/#primaryimage\"},\"image\":{\"@id\":\"https:\\\/\\\/hotnewsinworld.com\\\/es\\\/universidades-impone-bajar-las-tasas-mas-altas-en-tres-anos-con-la-oposicion-del-pp-y-el-pnv-sociedad\\\/#primaryimage\"},\"thumbnailUrl\":\"https:\\\/\\\/hotnewsinworld.com\\\/es\\\/wp-content\\\/uploads\\\/sites\\\/4\\\/2020\\\/08\\\/Universidades-impone-bajar-las-tasas-m\u00e1s-altas-en-tres-a\u00f1os.jpg\",\"datePublished\":\"2020-08-03T06:57:59+00:00\",\"dateModified\":\"2020-08-03T06:58:01+00:00\",\"author\":{\"@id\":\"https:\\\/\\\/hotnewsinworld.com\\\/es\\\/#\\\/schema\\\/person\\\/fe61448b21c0d59086e75fcc1f9d8f6b\"},\"breadcrumb\":{\"@id\":\"https:\\\/\\\/hotnewsinworld.com\\\/es\\\/universidades-impone-bajar-las-tasas-mas-altas-en-tres-anos-con-la-oposicion-del-pp-y-el-pnv-sociedad\\\/#breadcrumb\"},\"inLanguage\":\"es\",\"potentialAction\":[{\"@type\":\"ReadAction\",\"target\":[\"https:\\\/\\\/hotnewsinworld.com\\\/es\\\/universidades-impone-bajar-las-tasas-mas-altas-en-tres-anos-con-la-oposicion-del-pp-y-el-pnv-sociedad\\\/\"]}]},{\"@type\":\"ImageObject\",\"inLanguage\":\"es\",\"@id\":\"https:\\\/\\\/hotnewsinworld.com\\\/es\\\/universidades-impone-bajar-las-tasas-mas-altas-en-tres-anos-con-la-oposicion-del-pp-y-el-pnv-sociedad\\\/#primaryimage\",\"url\":\"https:\\\/\\\/hotnewsinworld.com\\\/es\\\/wp-content\\\/uploads\\\/sites\\\/4\\\/2020\\\/08\\\/Universidades-impone-bajar-las-tasas-m\u00e1s-altas-en-tres-a\u00f1os.jpg\",\"contentUrl\":\"https:\\\/\\\/hotnewsinworld.com\\\/es\\\/wp-content\\\/uploads\\\/sites\\\/4\\\/2020\\\/08\\\/Universidades-impone-bajar-las-tasas-m\u00e1s-altas-en-tres-a\u00f1os.jpg\",\"width\":980,\"height\":654,\"caption\":\"Universidades impone bajar las tasas m\u00e1s altas en tres a\u00f1os con la oposici\u00f3n del PP y el PNV | Sociedad\"},{\"@type\":\"BreadcrumbList\",\"@id\":\"https:\\\/\\\/hotnewsinworld.com\\\/es\\\/universidades-impone-bajar-las-tasas-mas-altas-en-tres-anos-con-la-oposicion-del-pp-y-el-pnv-sociedad\\\/#breadcrumb\",\"itemListElement\":[{\"@type\":\"ListItem\",\"position\":1,\"name\":\"\u0413\u043b\u0430\u0432\u043d\u0430\u044f \u0441\u0442\u0440\u0430\u043d\u0438\u0446\u0430\",\"item\":\"https:\\\/\\\/hotnewsinworld.com\\\/es\\\/\"},{\"@type\":\"ListItem\",\"position\":2,\"name\":\"Universidades impone bajar las tasas m\u00e1s altas en tres a\u00f1os con la oposici\u00f3n del PP y el PNV | Sociedad\"}]},{\"@type\":\"WebSite\",\"@id\":\"https:\\\/\\\/hotnewsinworld.com\\\/es\\\/#website\",\"url\":\"https:\\\/\\\/hotnewsinworld.com\\\/es\\\/\",\"name\":\"Hot News in World\",\"description\":\"Hot News in World from Spain\",\"potentialAction\":[{\"@type\":\"SearchAction\",\"target\":{\"@type\":\"EntryPoint\",\"urlTemplate\":\"https:\\\/\\\/hotnewsinworld.com\\\/es\\\/?s={search_term_string}\"},\"query-input\":{\"@type\":\"PropertyValueSpecification\",\"valueRequired\":true,\"valueName\":\"search_term_string\"}}],\"inLanguage\":\"es\"},{\"@type\":\"Person\",\"@id\":\"https:\\\/\\\/hotnewsinworld.com\\\/es\\\/#\\\/schema\\\/person\\\/fe61448b21c0d59086e75fcc1f9d8f6b\",\"name\":\"hotnewsinworld\",\"image\":{\"@type\":\"ImageObject\",\"inLanguage\":\"es\",\"@id\":\"https:\\\/\\\/secure.gravatar.com\\\/avatar\\\/8a09ac165600ce2e1c38fe593c63928eb1e6e7ba5c5a907d67787c41b3d00c14?s=96&d=mm&r=g\",\"url\":\"https:\\\/\\\/secure.gravatar.com\\\/avatar\\\/8a09ac165600ce2e1c38fe593c63928eb1e6e7ba5c5a907d67787c41b3d00c14?s=96&d=mm&r=g\",\"contentUrl\":\"https:\\\/\\\/secure.gravatar.com\\\/avatar\\\/8a09ac165600ce2e1c38fe593c63928eb1e6e7ba5c5a907d67787c41b3d00c14?s=96&d=mm&r=g\",\"caption\":\"hotnewsinworld\"},\"url\":\"https:\\\/\\\/hotnewsinworld.com\\\/es\\\/author\\\/pt\\\/\"}]}<\/script>\n<!-- \/ Yoast SEO plugin. -->","yoast_head_json":{"title":"Universidades impone bajar las tasas m\u00e1s altas en tres a\u00f1os con la oposici\u00f3n del PP y el PNV | Sociedad - Hot News in World","robots":{"index":"index","follow":"follow","max-snippet":"max-snippet:-1","max-image-preview":"max-image-preview:large","max-video-preview":"max-video-preview:-1"},"canonical":"https:\/\/hotnewsinworld.com\/es\/universidades-impone-bajar-las-tasas-mas-altas-en-tres-anos-con-la-oposicion-del-pp-y-el-pnv-sociedad\/","og_locale":"es_ES","og_type":"article","og_title":"Universidades impone bajar las tasas m\u00e1s altas en tres a\u00f1os con la oposici\u00f3n del PP y el PNV | Sociedad - Hot News in World","og_description":"El ministro de Universidades, Manuel Castells, en el Congreso de los Diputados el pasado mi\u00e9rcoles.Kiko Huesca \/ Europa PressEl Ministerio de Universidades va a marcar un precio m\u00e1ximo de las tasas de grado: 18,46 euros por cr\u00e9dito, lo que supone pagar 1.107 euros por un a\u00f1o de carrera. Es decir, se vuelve a las tasas [&hellip;]","og_url":"https:\/\/hotnewsinworld.com\/es\/universidades-impone-bajar-las-tasas-mas-altas-en-tres-anos-con-la-oposicion-del-pp-y-el-pnv-sociedad\/","og_site_name":"Hot News in World","article_published_time":"2020-08-03T06:57:59+00:00","article_modified_time":"2020-08-03T06:58:01+00:00","og_image":[{"width":980,"height":654,"url":"https:\/\/hotnewsinworld.com\/es\/wp-content\/uploads\/sites\/4\/2020\/08\/Universidades-impone-bajar-las-tasas-m\u00e1s-altas-en-tres-a\u00f1os.jpg","type":"image\/jpeg"}],"author":"hotnewsinworld","twitter_card":"summary_large_image","twitter_misc":{"Escrito por":"hotnewsinworld","Tiempo de lectura":"3 minutos"},"schema":{"@context":"https:\/\/schema.org","@graph":[{"@type":"Article","@id":"https:\/\/hotnewsinworld.com\/es\/universidades-impone-bajar-las-tasas-mas-altas-en-tres-anos-con-la-oposicion-del-pp-y-el-pnv-sociedad\/#article","isPartOf":{"@id":"https:\/\/hotnewsinworld.com\/es\/universidades-impone-bajar-las-tasas-mas-altas-en-tres-anos-con-la-oposicion-del-pp-y-el-pnv-sociedad\/"},"author":{"name":"hotnewsinworld","@id":"https:\/\/hotnewsinworld.com\/es\/#\/schema\/person\/fe61448b21c0d59086e75fcc1f9d8f6b"},"headline":"Universidades impone bajar las tasas m\u00e1s altas en tres a\u00f1os con la oposici\u00f3n del PP y el PNV | Sociedad","datePublished":"2020-08-03T06:57:59+00:00","dateModified":"2020-08-03T06:58:01+00:00","mainEntityOfPage":{"@id":"https:\/\/hotnewsinworld.com\/es\/universidades-impone-bajar-las-tasas-mas-altas-en-tres-anos-con-la-oposicion-del-pp-y-el-pnv-sociedad\/"},"wordCount":720,"commentCount":0,"image":{"@id":"https:\/\/hotnewsinworld.com\/es\/universidades-impone-bajar-las-tasas-mas-altas-en-tres-anos-con-la-oposicion-del-pp-y-el-pnv-sociedad\/#primaryimage"},"thumbnailUrl":"https:\/\/hotnewsinworld.com\/es\/wp-content\/uploads\/sites\/4\/2020\/08\/Universidades-impone-bajar-las-tasas-m\u00e1s-altas-en-tres-a\u00f1os.jpg","articleSection":["NOTICIAS DE MEDIOS SOCIALES"],"inLanguage":"es","potentialAction":[{"@type":"CommentAction","name":"Comment","target":["https:\/\/hotnewsinworld.com\/es\/universidades-impone-bajar-las-tasas-mas-altas-en-tres-anos-con-la-oposicion-del-pp-y-el-pnv-sociedad\/#respond"]}]},{"@type":"WebPage","@id":"https:\/\/hotnewsinworld.com\/es\/universidades-impone-bajar-las-tasas-mas-altas-en-tres-anos-con-la-oposicion-del-pp-y-el-pnv-sociedad\/","url":"https:\/\/hotnewsinworld.com\/es\/universidades-impone-bajar-las-tasas-mas-altas-en-tres-anos-con-la-oposicion-del-pp-y-el-pnv-sociedad\/","name":"Universidades impone bajar las tasas m\u00e1s altas en tres a\u00f1os con la oposici\u00f3n del PP y el PNV | Sociedad - Hot News in World","isPartOf":{"@id":"https:\/\/hotnewsinworld.com\/es\/#website"},"primaryImageOfPage":{"@id":"https:\/\/hotnewsinworld.com\/es\/universidades-impone-bajar-las-tasas-mas-altas-en-tres-anos-con-la-oposicion-del-pp-y-el-pnv-sociedad\/#primaryimage"},"image":{"@id":"https:\/\/hotnewsinworld.com\/es\/universidades-impone-bajar-las-tasas-mas-altas-en-tres-anos-con-la-oposicion-del-pp-y-el-pnv-sociedad\/#primaryimage"},"thumbnailUrl":"https:\/\/hotnewsinworld.com\/es\/wp-content\/uploads\/sites\/4\/2020\/08\/Universidades-impone-bajar-las-tasas-m\u00e1s-altas-en-tres-a\u00f1os.jpg","datePublished":"2020-08-03T06:57:59+00:00","dateModified":"2020-08-03T06:58:01+00:00","author":{"@id":"https:\/\/hotnewsinworld.com\/es\/#\/schema\/person\/fe61448b21c0d59086e75fcc1f9d8f6b"},"breadcrumb":{"@id":"https:\/\/hotnewsinworld.com\/es\/universidades-impone-bajar-las-tasas-mas-altas-en-tres-anos-con-la-oposicion-del-pp-y-el-pnv-sociedad\/#breadcrumb"},"inLanguage":"es","potentialAction":[{"@type":"ReadAction","target":["https:\/\/hotnewsinworld.com\/es\/universidades-impone-bajar-las-tasas-mas-altas-en-tres-anos-con-la-oposicion-del-pp-y-el-pnv-sociedad\/"]}]},{"@type":"ImageObject","inLanguage":"es","@id":"https:\/\/hotnewsinworld.com\/es\/universidades-impone-bajar-las-tasas-mas-altas-en-tres-anos-con-la-oposicion-del-pp-y-el-pnv-sociedad\/#primaryimage","url":"https:\/\/hotnewsinworld.com\/es\/wp-content\/uploads\/sites\/4\/2020\/08\/Universidades-impone-bajar-las-tasas-m\u00e1s-altas-en-tres-a\u00f1os.jpg","contentUrl":"https:\/\/hotnewsinworld.com\/es\/wp-content\/uploads\/sites\/4\/2020\/08\/Universidades-impone-bajar-las-tasas-m\u00e1s-altas-en-tres-a\u00f1os.jpg","width":980,"height":654,"caption":"Universidades impone bajar las tasas m\u00e1s altas en tres a\u00f1os con la oposici\u00f3n del PP y el PNV | Sociedad"},{"@type":"BreadcrumbList","@id":"https:\/\/hotnewsinworld.com\/es\/universidades-impone-bajar-las-tasas-mas-altas-en-tres-anos-con-la-oposicion-del-pp-y-el-pnv-sociedad\/#breadcrumb","itemListElement":[{"@type":"ListItem","position":1,"name":"\u0413\u043b\u0430\u0432\u043d\u0430\u044f \u0441\u0442\u0440\u0430\u043d\u0438\u0446\u0430","item":"https:\/\/hotnewsinworld.com\/es\/"},{"@type":"ListItem","position":2,"name":"Universidades impone bajar las tasas m\u00e1s altas en tres a\u00f1os con la oposici\u00f3n del PP y el PNV | Sociedad"}]},{"@type":"WebSite","@id":"https:\/\/hotnewsinworld.com\/es\/#website","url":"https:\/\/hotnewsinworld.com\/es\/","name":"Hot News in World","description":"Hot News in World from Spain","potentialAction":[{"@type":"SearchAction","target":{"@type":"EntryPoint","urlTemplate":"https:\/\/hotnewsinworld.com\/es\/?s={search_term_string}"},"query-input":{"@type":"PropertyValueSpecification","valueRequired":true,"valueName":"search_term_string"}}],"inLanguage":"es"},{"@type":"Person","@id":"https:\/\/hotnewsinworld.com\/es\/#\/schema\/person\/fe61448b21c0d59086e75fcc1f9d8f6b","name":"hotnewsinworld","image":{"@type":"ImageObject","inLanguage":"es","@id":"https:\/\/secure.gravatar.com\/avatar\/8a09ac165600ce2e1c38fe593c63928eb1e6e7ba5c5a907d67787c41b3d00c14?s=96&d=mm&r=g","url":"https:\/\/secure.gravatar.com\/avatar\/8a09ac165600ce2e1c38fe593c63928eb1e6e7ba5c5a907d67787c41b3d00c14?s=96&d=mm&r=g","contentUrl":"https:\/\/secure.gravatar.com\/avatar\/8a09ac165600ce2e1c38fe593c63928eb1e6e7ba5c5a907d67787c41b3d00c14?s=96&d=mm&r=g","caption":"hotnewsinworld"},"url":"https:\/\/hotnewsinworld.com\/es\/author\/pt\/"}]}},"_links":{"self":[{"href":"https:\/\/hotnewsinworld.com\/es\/wp-json\/wp\/v2\/posts\/397","targetHints":{"allow":["GET"]}}],"collection":[{"href":"https:\/\/hotnewsinworld.com\/es\/wp-json\/wp\/v2\/posts"}],"about":[{"href":"https:\/\/hotnewsinworld.com\/es\/wp-json\/wp\/v2\/types\/post"}],"author":[{"embeddable":true,"href":"https:\/\/hotnewsinworld.com\/es\/wp-json\/wp\/v2\/users\/2"}],"replies":[{"embeddable":true,"href":"https:\/\/hotnewsinworld.com\/es\/wp-json\/wp\/v2\/comments?post=397"}],"version-history":[{"count":1,"href":"https:\/\/hotnewsinworld.com\/es\/wp-json\/wp\/v2\/posts\/397\/revisions"}],"predecessor-version":[{"id":399,"href":"https:\/\/hotnewsinworld.com\/es\/wp-json\/wp\/v2\/posts\/397\/revisions\/399"}],"wp:featuredmedia":[{"embeddable":true,"href":"https:\/\/hotnewsinworld.com\/es\/wp-json\/wp\/v2\/media\/398"}],"wp:attachment":[{"href":"https:\/\/hotnewsinworld.com\/es\/wp-json\/wp\/v2\/media?parent=397"}],"wp:term":[{"taxonomy":"category","embeddable":true,"href":"https:\/\/hotnewsinworld.com\/es\/wp-json\/wp\/v2\/categories?post=397"},{"taxonomy":"post_tag","embeddable":true,"href":"https:\/\/hotnewsinworld.com\/es\/wp-json\/wp\/v2\/tags?post=397"}],"curies":[{"name":"wp","href":"https:\/\/api.w.org\/{rel}","templated":true}]}}