{"id":403,"date":"2020-08-05T20:11:55","date_gmt":"2020-08-05T17:11:55","guid":{"rendered":"https:\/\/hotnewsinworld.com\/es\/las-revueltas-del-pan-toman-libano-internacional\/"},"modified":"2020-08-05T20:11:57","modified_gmt":"2020-08-05T17:11:57","slug":"las-revueltas-del-pan-toman-libano-internacional","status":"publish","type":"post","link":"https:\/\/hotnewsinworld.com\/es\/las-revueltas-del-pan-toman-libano-internacional\/","title":{"rendered":"Las revueltas del pan toman L\u00edbano | Internacional"},"content":{"rendered":"<p>\u201cMi hermano ha muerto a los 26 a\u00f1os por defender pac\u00edficamente sus derechos\u201d, cuenta Fatima Fouad, conocida activista libanesa y hermana de Fawaz Fouad, quien falleci\u00f3 en la ma\u00f1ana del martes tras recibir un disparo de bala la noche anterior durante una protesta en la norte\u00f1a ciudad de Tr\u00edpoli. El cuerpo fue recibido como \u201cm\u00e1rtir de la revoluci\u00f3n\u201d a su paso por la plaza Al Nur, epicentro de las protestas. La muerte del joven, la primera de un manifestante por fuego de las fuerzas del orden, ha desatado la violencia en las calles de la segunda urbe y lumpen del pa\u00eds.\u201cSe est\u00e1 normalizando el uso de la violencia conforme los pol\u00edticos viven en la negaci\u00f3n absoluta y su oligopolio roba a los pobres para d\u00e1rselo al 1% de los ricos\u201d, acota la joven. Fawaz deja a una ni\u00f1a de cuatro meses hu\u00e9rfana a la que ya ten\u00eda dificultades para mantener tras cerrar su taller de motos por la crisis. \u201cNo recibi\u00f3 ayuda alguna\u201d, denuncia su hermana. Una realidad que asola a muchos otros conciudadanos. Tras un mes de pausa forzada por las medidas de confinamiento, los manifestantes retornaron a las calles el pasado d\u00eda 20, seis meses despu\u00e9s del estallido las primeras protestas. Lo han hecho con m\u00e1s hambre y menos paciencia con sus dirigentes que hace unos meses para centrar sus ataques contra el Banco Central y el resto de entidades financieras privadas del pa\u00eds.Tambi\u00e9n han pasado de las piedras a los c\u00f3cteles molotov con los que j\u00f3venes encapuchados han incendiado varias sucursales bancarias en Tr\u00edpoli y, de paso, calcinado un par de veh\u00edculos policiales. Frente a ellos se desplegaba este martes el Ej\u00e9rcito liban\u00e9s quien tambi\u00e9n ha aumentado la represi\u00f3n. En una de las muchas batallas callejeras que se libran estos d\u00edas, una fila de soldados abr\u00eda fuego contra un grupo de unos 200 chavales con balas de goma y botes de gas hasta que recurrieron al fuego real con r\u00e1fagas al aire. Los j\u00f3venes sal\u00edan despavoridos por el ensordecedor estruendo de disparos. Medio centenar de heridos acabaron siendo atendidos \u2014cinco de ellos hospitalizados\u2014 por los param\u00e9dicos de la Cruz Roja libanesa que pululaban entre nubes de gas. Uno de ellos se afanaba en vendar la pierna de un soldado al otro lado de la avenida convertida en frente de batalla.Varios uniformados aporreaban y pateaban a otro joven detenido antes de que un oficial les ordenara parar y comportarse como soldados. Aplaudidos como s\u00edmbolo de unidad nacional hasta ahora en las manifestaciones, han pasado a cargar con rabia contra los manifestantes, como se vio el martes en el repunte m\u00e1s grave de violencia que ha vivido el pa\u00eds en los \u00faltimos tres meses. \u201cEn esta ciudad han ca\u00eddo muchos m\u00e1s soldados que en el resto de L\u00edbano en las diferentes y numerosas batallas que ha habido. No lo olvidan\u201d, intentaba justificar durante el revuelo un agente armado y vestido de civil. Algunos de los j\u00f3venes aprovechaban el caos para ensa\u00f1arse con una helader\u00eda.\u201cSolo queremos pan, es muy simple, pero nos lo han robado todo\u201d, gritaba uno de esos j\u00f3venes con las manos repletas de piedras y el rostro cubierto por una mascarilla que le sirve para protegerse de tanto la covid-19 como del gas. Mientras se enjuagaba la cara con el agua de una manguera, algo mareado explicaba por tanto ajetreo y con el est\u00f3mago vac\u00edo desde el amanecer por la celebraci\u00f3n del Ramad\u00e1n, mes de ayuno musulm\u00e1n, uno de los m\u00e1s austeros que vive el pa\u00eds. La libra libanesa lleva dos semanas en ca\u00edda libre y los precios se han disparado un 55%, seg\u00fan datos del Ministerio de Econom\u00eda, empujando a casi la mitad de los 4,5 millones de ciudadanos bajo el umbral de la pobreza. \u201cTr\u00edpoli ha sido hist\u00f3ricamente marginalizada pol\u00edtica y econ\u00f3micamente, de ah\u00ed que la pobreza afecte al 60% de sus habitantes\u201d, valora en conversaci\u00f3n telef\u00f3nica Adib Nehme, experto en desarrollo y pobreza.Debacle econ\u00f3mica Raz\u00f3n por la que el resto de ciudades del pa\u00eds miran hoy hacia Tr\u00edpoli y no a Beirut como nueva punta de lanza de las protestas transformadas en una revuelta del pan. Conforme el Gobierno anuncia un plan en cinco fases para salir del confinamiento y canta victoria frente a la amenaza sanitaria (con 721 casos y 24 muertes por la covid-19, oficialmente), el pa\u00eds se hunde en la crisis econ\u00f3mica. Las eficaces medidas de prevenci\u00f3n contra la pandemia han asestado parad\u00f3jicamente la estocada final al bolsillo de sus habitantes y acelerado los despidos en masa. L\u00edbano acumula una de las deudas p\u00fablicas m\u00e1s altas del mundo (equivalente a unos 76.000 millones de euros, el 150% del PIB) y ha declarado el primer impago de deuda de su historia.Los bancos cerraron sus puertas hace ya un mes y no todos los cajeros tienen billetes. De ah\u00ed la inquina ciudadana contra sus instalaciones. La libra libanesa se cambiaba este fin de semana a 4.300 unidades por d\u00f3lar en las casas de cambio frente a las 1.507 que mantiene el Banco Central desde hace tres d\u00e9cadas. \u201cEn los supermercados ya no se molestan ni en etiquetar los productos por lo vol\u00e1tiles que son los precios\u201d, explica Sami, un comerciante de Tr\u00edpoli. Sin reservas de divisas y con el desplome de la moneda nacional, los precios m\u00e1s que se duplican en un pa\u00eds que importa el 80% de todo lo que consume.Al atardecer suena la llamada al Iftar, ruptura diaria del ayuno, y varias personas comienzan a distribuir cenas calientes entre las familias m\u00e1s pobres. Los activistas han creado toda una red de apoyo civil para los hogares que han perdido sus ingresos y colman el vac\u00edo que dejan los partidos tradicionales sin fondos para cooptar a sus bases sociales. El miedo a una espiral de violencia conforme se extienda la pobreza es algo general. En este empobrecido y conservador basti\u00f3n sun\u00ed, otros temen que tal y como ocurri\u00f3 en esta misma ciudad en 2014 el Estado Isl\u00e1mico (ISIS, por sus siglas en ingl\u00e9s) venga a reclutar a j\u00f3venes en este pozo de desesperanza.El silencio en las calles apenas dura una hora hasta que los j\u00f3venes, ya con el est\u00f3mago lleno, se lanzan de nuevo a otra batalla campal que durar\u00e1 un d\u00eda m\u00e1s hasta bien entrada la madrugada.Las luchas de poder tras la quema de bancosEl director del Banco Central, Riad Salam\u00e9, se ha convertido en diana favorita de los insultos de los manifestantes. La indignaci\u00f3n creci\u00f3 ayer en las redes cuando algunos activistas filtraron un inusual ajetreo de jets privados despegando desde el aeropuerto de Beirut, te\u00f3ricamente clausurado por la pandemia hasta nuevo aviso. \u201cLos banqueros huyen y se llevan nuestro dinero\u201d, denunciaban en los grupos de WhatsApp.<br \/>\nEn L\u00edbano la mayor parte de accionistas de la banca son simult\u00e1neamente diputados o ministros que, al igual que Salam\u00e9, llevan d\u00e9cadas en sus puestos, tres en su caso. De ah\u00ed que mantenga estrechos lazos con la mayor\u00eda de los l\u00edderes pol\u00edticos, de todas las confesiones religiosas. Incluido el ex primer ministro Saad Hariri, depuesto en octubre por las protestas.<br \/>\nPrecisamente esta semana, su sucesor, Hasan Diab, se ha lanzado en los medios a una guerra dial\u00e9ctica contra el poderoso banquero, atrayendo los ataques de sus aliados e incluso el reproche de Par\u00eds. Diab advirti\u00f3 este martes contra aquellos que intentan \u201caprovecharse pol\u00edticamente de las protestas para servir sus ambiciones pol\u00edticas y personales en base a sus intereses y c\u00e1lculos\u201d. Un mensaje que muchos interpretan que va dirigido a su antecesor, quien no descarta reocupar el cargo.<br \/>\nBasti\u00f3n sun\u00ed, Tr\u00edpoli se antoja una pieza clave para todo candidato que quiera optar al cargo de primer ministro, que seg\u00fan el acuerdo que rige el pa\u00eds ha de ser sun\u00ed. La quema de bancos esconde, seg\u00fan varios pol\u00edticos consultados, dos renovadas guerras de poder: entre los dos bloques pol\u00edticos por el Gobierno, por un lado, y entre Diab y Hariri dentro del propio campo sun\u00ed, por otro.<\/p>\n<p>\n<!--noindex--><br \/>\n<a href=\"https:\/\/elpais.com\/internacional\/2020-04-29\/las-revueltas-del-pan-toman-libano.html\" rel=\"nofollow\">Source link <\/a><br \/>\n<!--\/noindex--><\/p>\n","protected":false},"excerpt":{"rendered":"<p>\u201cMi hermano ha muerto a los 26 a\u00f1os por defender pac\u00edficamente sus derechos\u201d, cuenta Fatima Fouad, conocida activista libanesa y hermana de Fawaz Fouad, quien falleci\u00f3 en la ma\u00f1ana del martes tras recibir un disparo de bala la noche anterior durante una protesta en la norte\u00f1a ciudad de Tr\u00edpoli. El cuerpo fue recibido como \u201cm\u00e1rtir [&hellip;]<\/p>\n","protected":false},"author":2,"featured_media":404,"comment_status":"open","ping_status":"open","sticky":false,"template":"","format":"standard","meta":{"footnotes":""},"categories":[3],"tags":[],"class_list":["post-403","post","type-post","status-publish","format-standard","has-post-thumbnail","hentry","category-noticias-de-medios-sociales"],"yoast_head":"<!-- This site is optimized with the Yoast SEO plugin v27.4 - https:\/\/yoast.com\/product\/yoast-seo-wordpress\/ -->\n<title>Las revueltas del pan toman L\u00edbano | Internacional - Hot News in World<\/title>\n<meta name=\"robots\" content=\"index, follow, max-snippet:-1, max-image-preview:large, max-video-preview:-1\" \/>\n<link rel=\"canonical\" href=\"https:\/\/hotnewsinworld.com\/es\/las-revueltas-del-pan-toman-libano-internacional\/\" \/>\n<meta property=\"og:locale\" content=\"es_ES\" \/>\n<meta property=\"og:type\" content=\"article\" \/>\n<meta property=\"og:title\" content=\"Las revueltas del pan toman L\u00edbano | Internacional - Hot News in World\" \/>\n<meta property=\"og:description\" content=\"\u201cMi hermano ha muerto a los 26 a\u00f1os por defender pac\u00edficamente sus derechos\u201d, cuenta Fatima Fouad, conocida activista libanesa y hermana de Fawaz Fouad, quien falleci\u00f3 en la ma\u00f1ana del martes tras recibir un disparo de bala la noche anterior durante una protesta en la norte\u00f1a ciudad de Tr\u00edpoli. El cuerpo fue recibido como \u201cm\u00e1rtir [&hellip;]\" \/>\n<meta property=\"og:url\" content=\"https:\/\/hotnewsinworld.com\/es\/las-revueltas-del-pan-toman-libano-internacional\/\" \/>\n<meta property=\"og:site_name\" content=\"Hot News in World\" \/>\n<meta property=\"article:published_time\" content=\"2020-08-05T17:11:55+00:00\" \/>\n<meta property=\"article:modified_time\" content=\"2020-08-05T17:11:57+00:00\" \/>\n<meta property=\"og:image\" content=\"https:\/\/hotnewsinworld.com\/es\/wp-content\/uploads\/sites\/4\/2020\/08\/Las-revueltas-del-pan-toman-L\u00edbano-Internacional.Jpg\" \/>\n\t<meta property=\"og:image:width\" content=\"1000\" \/>\n\t<meta property=\"og:image:height\" content=\"668\" \/>\n\t<meta property=\"og:image:type\" content=\"image\/jpeg\" \/>\n<meta name=\"author\" content=\"hotnewsinworld\" \/>\n<meta name=\"twitter:card\" content=\"summary_large_image\" \/>\n<meta name=\"twitter:label1\" content=\"Escrito por\" \/>\n\t<meta name=\"twitter:data1\" content=\"hotnewsinworld\" \/>\n\t<meta name=\"twitter:label2\" content=\"Tiempo de lectura\" \/>\n\t<meta name=\"twitter:data2\" content=\"7 minutos\" \/>\n<script type=\"application\/ld+json\" class=\"yoast-schema-graph\">{\"@context\":\"https:\\\/\\\/schema.org\",\"@graph\":[{\"@type\":\"Article\",\"@id\":\"https:\\\/\\\/hotnewsinworld.com\\\/es\\\/las-revueltas-del-pan-toman-libano-internacional\\\/#article\",\"isPartOf\":{\"@id\":\"https:\\\/\\\/hotnewsinworld.com\\\/es\\\/las-revueltas-del-pan-toman-libano-internacional\\\/\"},\"author\":{\"name\":\"hotnewsinworld\",\"@id\":\"https:\\\/\\\/hotnewsinworld.com\\\/es\\\/#\\\/schema\\\/person\\\/fe61448b21c0d59086e75fcc1f9d8f6b\"},\"headline\":\"Las revueltas del pan toman L\u00edbano | Internacional\",\"datePublished\":\"2020-08-05T17:11:55+00:00\",\"dateModified\":\"2020-08-05T17:11:57+00:00\",\"mainEntityOfPage\":{\"@id\":\"https:\\\/\\\/hotnewsinworld.com\\\/es\\\/las-revueltas-del-pan-toman-libano-internacional\\\/\"},\"wordCount\":1422,\"commentCount\":0,\"image\":{\"@id\":\"https:\\\/\\\/hotnewsinworld.com\\\/es\\\/las-revueltas-del-pan-toman-libano-internacional\\\/#primaryimage\"},\"thumbnailUrl\":\"https:\\\/\\\/hotnewsinworld.com\\\/es\\\/wp-content\\\/uploads\\\/sites\\\/4\\\/2020\\\/08\\\/Las-revueltas-del-pan-toman-L\u00edbano-Internacional.Jpg\",\"articleSection\":[\"NOTICIAS DE MEDIOS SOCIALES\"],\"inLanguage\":\"es\",\"potentialAction\":[{\"@type\":\"CommentAction\",\"name\":\"Comment\",\"target\":[\"https:\\\/\\\/hotnewsinworld.com\\\/es\\\/las-revueltas-del-pan-toman-libano-internacional\\\/#respond\"]}]},{\"@type\":\"WebPage\",\"@id\":\"https:\\\/\\\/hotnewsinworld.com\\\/es\\\/las-revueltas-del-pan-toman-libano-internacional\\\/\",\"url\":\"https:\\\/\\\/hotnewsinworld.com\\\/es\\\/las-revueltas-del-pan-toman-libano-internacional\\\/\",\"name\":\"Las revueltas del pan toman L\u00edbano | Internacional - Hot News in World\",\"isPartOf\":{\"@id\":\"https:\\\/\\\/hotnewsinworld.com\\\/es\\\/#website\"},\"primaryImageOfPage\":{\"@id\":\"https:\\\/\\\/hotnewsinworld.com\\\/es\\\/las-revueltas-del-pan-toman-libano-internacional\\\/#primaryimage\"},\"image\":{\"@id\":\"https:\\\/\\\/hotnewsinworld.com\\\/es\\\/las-revueltas-del-pan-toman-libano-internacional\\\/#primaryimage\"},\"thumbnailUrl\":\"https:\\\/\\\/hotnewsinworld.com\\\/es\\\/wp-content\\\/uploads\\\/sites\\\/4\\\/2020\\\/08\\\/Las-revueltas-del-pan-toman-L\u00edbano-Internacional.Jpg\",\"datePublished\":\"2020-08-05T17:11:55+00:00\",\"dateModified\":\"2020-08-05T17:11:57+00:00\",\"author\":{\"@id\":\"https:\\\/\\\/hotnewsinworld.com\\\/es\\\/#\\\/schema\\\/person\\\/fe61448b21c0d59086e75fcc1f9d8f6b\"},\"breadcrumb\":{\"@id\":\"https:\\\/\\\/hotnewsinworld.com\\\/es\\\/las-revueltas-del-pan-toman-libano-internacional\\\/#breadcrumb\"},\"inLanguage\":\"es\",\"potentialAction\":[{\"@type\":\"ReadAction\",\"target\":[\"https:\\\/\\\/hotnewsinworld.com\\\/es\\\/las-revueltas-del-pan-toman-libano-internacional\\\/\"]}]},{\"@type\":\"ImageObject\",\"inLanguage\":\"es\",\"@id\":\"https:\\\/\\\/hotnewsinworld.com\\\/es\\\/las-revueltas-del-pan-toman-libano-internacional\\\/#primaryimage\",\"url\":\"https:\\\/\\\/hotnewsinworld.com\\\/es\\\/wp-content\\\/uploads\\\/sites\\\/4\\\/2020\\\/08\\\/Las-revueltas-del-pan-toman-L\u00edbano-Internacional.Jpg\",\"contentUrl\":\"https:\\\/\\\/hotnewsinworld.com\\\/es\\\/wp-content\\\/uploads\\\/sites\\\/4\\\/2020\\\/08\\\/Las-revueltas-del-pan-toman-L\u00edbano-Internacional.Jpg\",\"width\":1000,\"height\":668,\"caption\":\"Las revueltas del pan toman L\u00edbano | Internacional\"},{\"@type\":\"BreadcrumbList\",\"@id\":\"https:\\\/\\\/hotnewsinworld.com\\\/es\\\/las-revueltas-del-pan-toman-libano-internacional\\\/#breadcrumb\",\"itemListElement\":[{\"@type\":\"ListItem\",\"position\":1,\"name\":\"\u0413\u043b\u0430\u0432\u043d\u0430\u044f \u0441\u0442\u0440\u0430\u043d\u0438\u0446\u0430\",\"item\":\"https:\\\/\\\/hotnewsinworld.com\\\/es\\\/\"},{\"@type\":\"ListItem\",\"position\":2,\"name\":\"Las revueltas del pan toman L\u00edbano | Internacional\"}]},{\"@type\":\"WebSite\",\"@id\":\"https:\\\/\\\/hotnewsinworld.com\\\/es\\\/#website\",\"url\":\"https:\\\/\\\/hotnewsinworld.com\\\/es\\\/\",\"name\":\"Hot News in World\",\"description\":\"Hot News in World from Spain\",\"potentialAction\":[{\"@type\":\"SearchAction\",\"target\":{\"@type\":\"EntryPoint\",\"urlTemplate\":\"https:\\\/\\\/hotnewsinworld.com\\\/es\\\/?s={search_term_string}\"},\"query-input\":{\"@type\":\"PropertyValueSpecification\",\"valueRequired\":true,\"valueName\":\"search_term_string\"}}],\"inLanguage\":\"es\"},{\"@type\":\"Person\",\"@id\":\"https:\\\/\\\/hotnewsinworld.com\\\/es\\\/#\\\/schema\\\/person\\\/fe61448b21c0d59086e75fcc1f9d8f6b\",\"name\":\"hotnewsinworld\",\"image\":{\"@type\":\"ImageObject\",\"inLanguage\":\"es\",\"@id\":\"https:\\\/\\\/secure.gravatar.com\\\/avatar\\\/8a09ac165600ce2e1c38fe593c63928eb1e6e7ba5c5a907d67787c41b3d00c14?s=96&d=mm&r=g\",\"url\":\"https:\\\/\\\/secure.gravatar.com\\\/avatar\\\/8a09ac165600ce2e1c38fe593c63928eb1e6e7ba5c5a907d67787c41b3d00c14?s=96&d=mm&r=g\",\"contentUrl\":\"https:\\\/\\\/secure.gravatar.com\\\/avatar\\\/8a09ac165600ce2e1c38fe593c63928eb1e6e7ba5c5a907d67787c41b3d00c14?s=96&d=mm&r=g\",\"caption\":\"hotnewsinworld\"},\"url\":\"https:\\\/\\\/hotnewsinworld.com\\\/es\\\/author\\\/pt\\\/\"}]}<\/script>\n<!-- \/ Yoast SEO plugin. -->","yoast_head_json":{"title":"Las revueltas del pan toman L\u00edbano | Internacional - Hot News in World","robots":{"index":"index","follow":"follow","max-snippet":"max-snippet:-1","max-image-preview":"max-image-preview:large","max-video-preview":"max-video-preview:-1"},"canonical":"https:\/\/hotnewsinworld.com\/es\/las-revueltas-del-pan-toman-libano-internacional\/","og_locale":"es_ES","og_type":"article","og_title":"Las revueltas del pan toman L\u00edbano | Internacional - Hot News in World","og_description":"\u201cMi hermano ha muerto a los 26 a\u00f1os por defender pac\u00edficamente sus derechos\u201d, cuenta Fatima Fouad, conocida activista libanesa y hermana de Fawaz Fouad, quien falleci\u00f3 en la ma\u00f1ana del martes tras recibir un disparo de bala la noche anterior durante una protesta en la norte\u00f1a ciudad de Tr\u00edpoli. El cuerpo fue recibido como \u201cm\u00e1rtir [&hellip;]","og_url":"https:\/\/hotnewsinworld.com\/es\/las-revueltas-del-pan-toman-libano-internacional\/","og_site_name":"Hot News in World","article_published_time":"2020-08-05T17:11:55+00:00","article_modified_time":"2020-08-05T17:11:57+00:00","og_image":[{"width":1000,"height":668,"url":"https:\/\/hotnewsinworld.com\/es\/wp-content\/uploads\/sites\/4\/2020\/08\/Las-revueltas-del-pan-toman-L\u00edbano-Internacional.Jpg","type":"image\/jpeg"}],"author":"hotnewsinworld","twitter_card":"summary_large_image","twitter_misc":{"Escrito por":"hotnewsinworld","Tiempo de lectura":"7 minutos"},"schema":{"@context":"https:\/\/schema.org","@graph":[{"@type":"Article","@id":"https:\/\/hotnewsinworld.com\/es\/las-revueltas-del-pan-toman-libano-internacional\/#article","isPartOf":{"@id":"https:\/\/hotnewsinworld.com\/es\/las-revueltas-del-pan-toman-libano-internacional\/"},"author":{"name":"hotnewsinworld","@id":"https:\/\/hotnewsinworld.com\/es\/#\/schema\/person\/fe61448b21c0d59086e75fcc1f9d8f6b"},"headline":"Las revueltas del pan toman L\u00edbano | Internacional","datePublished":"2020-08-05T17:11:55+00:00","dateModified":"2020-08-05T17:11:57+00:00","mainEntityOfPage":{"@id":"https:\/\/hotnewsinworld.com\/es\/las-revueltas-del-pan-toman-libano-internacional\/"},"wordCount":1422,"commentCount":0,"image":{"@id":"https:\/\/hotnewsinworld.com\/es\/las-revueltas-del-pan-toman-libano-internacional\/#primaryimage"},"thumbnailUrl":"https:\/\/hotnewsinworld.com\/es\/wp-content\/uploads\/sites\/4\/2020\/08\/Las-revueltas-del-pan-toman-L\u00edbano-Internacional.Jpg","articleSection":["NOTICIAS DE MEDIOS SOCIALES"],"inLanguage":"es","potentialAction":[{"@type":"CommentAction","name":"Comment","target":["https:\/\/hotnewsinworld.com\/es\/las-revueltas-del-pan-toman-libano-internacional\/#respond"]}]},{"@type":"WebPage","@id":"https:\/\/hotnewsinworld.com\/es\/las-revueltas-del-pan-toman-libano-internacional\/","url":"https:\/\/hotnewsinworld.com\/es\/las-revueltas-del-pan-toman-libano-internacional\/","name":"Las revueltas del pan toman L\u00edbano | Internacional - Hot News in World","isPartOf":{"@id":"https:\/\/hotnewsinworld.com\/es\/#website"},"primaryImageOfPage":{"@id":"https:\/\/hotnewsinworld.com\/es\/las-revueltas-del-pan-toman-libano-internacional\/#primaryimage"},"image":{"@id":"https:\/\/hotnewsinworld.com\/es\/las-revueltas-del-pan-toman-libano-internacional\/#primaryimage"},"thumbnailUrl":"https:\/\/hotnewsinworld.com\/es\/wp-content\/uploads\/sites\/4\/2020\/08\/Las-revueltas-del-pan-toman-L\u00edbano-Internacional.Jpg","datePublished":"2020-08-05T17:11:55+00:00","dateModified":"2020-08-05T17:11:57+00:00","author":{"@id":"https:\/\/hotnewsinworld.com\/es\/#\/schema\/person\/fe61448b21c0d59086e75fcc1f9d8f6b"},"breadcrumb":{"@id":"https:\/\/hotnewsinworld.com\/es\/las-revueltas-del-pan-toman-libano-internacional\/#breadcrumb"},"inLanguage":"es","potentialAction":[{"@type":"ReadAction","target":["https:\/\/hotnewsinworld.com\/es\/las-revueltas-del-pan-toman-libano-internacional\/"]}]},{"@type":"ImageObject","inLanguage":"es","@id":"https:\/\/hotnewsinworld.com\/es\/las-revueltas-del-pan-toman-libano-internacional\/#primaryimage","url":"https:\/\/hotnewsinworld.com\/es\/wp-content\/uploads\/sites\/4\/2020\/08\/Las-revueltas-del-pan-toman-L\u00edbano-Internacional.Jpg","contentUrl":"https:\/\/hotnewsinworld.com\/es\/wp-content\/uploads\/sites\/4\/2020\/08\/Las-revueltas-del-pan-toman-L\u00edbano-Internacional.Jpg","width":1000,"height":668,"caption":"Las revueltas del pan toman L\u00edbano | Internacional"},{"@type":"BreadcrumbList","@id":"https:\/\/hotnewsinworld.com\/es\/las-revueltas-del-pan-toman-libano-internacional\/#breadcrumb","itemListElement":[{"@type":"ListItem","position":1,"name":"\u0413\u043b\u0430\u0432\u043d\u0430\u044f \u0441\u0442\u0440\u0430\u043d\u0438\u0446\u0430","item":"https:\/\/hotnewsinworld.com\/es\/"},{"@type":"ListItem","position":2,"name":"Las revueltas del pan toman L\u00edbano | Internacional"}]},{"@type":"WebSite","@id":"https:\/\/hotnewsinworld.com\/es\/#website","url":"https:\/\/hotnewsinworld.com\/es\/","name":"Hot News in World","description":"Hot News in World from Spain","potentialAction":[{"@type":"SearchAction","target":{"@type":"EntryPoint","urlTemplate":"https:\/\/hotnewsinworld.com\/es\/?s={search_term_string}"},"query-input":{"@type":"PropertyValueSpecification","valueRequired":true,"valueName":"search_term_string"}}],"inLanguage":"es"},{"@type":"Person","@id":"https:\/\/hotnewsinworld.com\/es\/#\/schema\/person\/fe61448b21c0d59086e75fcc1f9d8f6b","name":"hotnewsinworld","image":{"@type":"ImageObject","inLanguage":"es","@id":"https:\/\/secure.gravatar.com\/avatar\/8a09ac165600ce2e1c38fe593c63928eb1e6e7ba5c5a907d67787c41b3d00c14?s=96&d=mm&r=g","url":"https:\/\/secure.gravatar.com\/avatar\/8a09ac165600ce2e1c38fe593c63928eb1e6e7ba5c5a907d67787c41b3d00c14?s=96&d=mm&r=g","contentUrl":"https:\/\/secure.gravatar.com\/avatar\/8a09ac165600ce2e1c38fe593c63928eb1e6e7ba5c5a907d67787c41b3d00c14?s=96&d=mm&r=g","caption":"hotnewsinworld"},"url":"https:\/\/hotnewsinworld.com\/es\/author\/pt\/"}]}},"_links":{"self":[{"href":"https:\/\/hotnewsinworld.com\/es\/wp-json\/wp\/v2\/posts\/403","targetHints":{"allow":["GET"]}}],"collection":[{"href":"https:\/\/hotnewsinworld.com\/es\/wp-json\/wp\/v2\/posts"}],"about":[{"href":"https:\/\/hotnewsinworld.com\/es\/wp-json\/wp\/v2\/types\/post"}],"author":[{"embeddable":true,"href":"https:\/\/hotnewsinworld.com\/es\/wp-json\/wp\/v2\/users\/2"}],"replies":[{"embeddable":true,"href":"https:\/\/hotnewsinworld.com\/es\/wp-json\/wp\/v2\/comments?post=403"}],"version-history":[{"count":1,"href":"https:\/\/hotnewsinworld.com\/es\/wp-json\/wp\/v2\/posts\/403\/revisions"}],"predecessor-version":[{"id":405,"href":"https:\/\/hotnewsinworld.com\/es\/wp-json\/wp\/v2\/posts\/403\/revisions\/405"}],"wp:featuredmedia":[{"embeddable":true,"href":"https:\/\/hotnewsinworld.com\/es\/wp-json\/wp\/v2\/media\/404"}],"wp:attachment":[{"href":"https:\/\/hotnewsinworld.com\/es\/wp-json\/wp\/v2\/media?parent=403"}],"wp:term":[{"taxonomy":"category","embeddable":true,"href":"https:\/\/hotnewsinworld.com\/es\/wp-json\/wp\/v2\/categories?post=403"},{"taxonomy":"post_tag","embeddable":true,"href":"https:\/\/hotnewsinworld.com\/es\/wp-json\/wp\/v2\/tags?post=403"}],"curies":[{"name":"wp","href":"https:\/\/api.w.org\/{rel}","templated":true}]}}