{"id":442,"date":"2020-08-20T16:32:56","date_gmt":"2020-08-20T13:32:56","guid":{"rendered":"https:\/\/hotnewsinworld.com\/es\/el-pp-sobre-alvarez-de-toledo-era-una-portavoz-de-si-misma-espana\/"},"modified":"2020-08-20T16:32:58","modified_gmt":"2020-08-20T13:32:58","slug":"el-pp-sobre-alvarez-de-toledo-era-una-portavoz-de-si-misma-espana","status":"publish","type":"post","link":"https:\/\/hotnewsinworld.com\/es\/el-pp-sobre-alvarez-de-toledo-era-una-portavoz-de-si-misma-espana\/","title":{"rendered":"El PP, sobre \u00c1lvarez de Toledo: \u201cEra una portavoz de s\u00ed misma\u201d | Espa\u00f1a"},"content":{"rendered":"<p>La destituci\u00f3n de la portavoz parlamentaria del PP, Cayetana \u00c1lvarez de Toledo, ha despejado el camino para recomponer las relaciones entre el l\u00edder del partido, Pablo Casado, y sus barones regionales. Dirigentes territoriales que ven\u00edan abogando por una l\u00ednea m\u00e1s moderada optaron este martes por la discreci\u00f3n, pero en privado aplaudieron una decisi\u00f3n que reclamaban desde hace tiempo. La direcci\u00f3n del PP resalta que \u00c1lvarez de Toledo se hab\u00eda convertido en \u201cuna portavoz de s\u00ed misma\u201d. Casado le reproch\u00f3 adem\u00e1s sus cr\u00edticas a Juan Carlos I.\u201cTanto destrozo para llegar a lo obvio\u201d, resume uno de los detractores de \u00c1lvarez de Toledo. El ala moderada del partido \u2014en la que se sit\u00faan los presidentes gallego, Alberto N\u00fa\u00f1ez Feij\u00f3o, y andaluz, Juan Manuel Moreno, entre otros\u2014 ya intent\u00f3 frenar su nombramiento como portavoz hace un a\u00f1o por entender que les escoraba a la derecha y que iba por libre, y ahora entona un un\u00e1nime \u201cya lo advertimos\u201d. Este sector celebra la elecci\u00f3n de Cuca Gamarra como nueva portavoz en el Congreso. Tras las elecciones del 12-J, en las que Feij\u00f3o arras\u00f3 en Galicia con un discurso moderado y el candidato de Casado, Carlos Iturgaiz, se estrell\u00f3 en Euskadi, varios barones y dirigentes reclamaron cambios para galleguizar el partido y apuntaban a \u00c1lvarez de Toledo, finalmente cesada.La situaci\u00f3n se hab\u00eda vuelto insostenible con \u00c1lvarez de Toledo, a quien Casado ha ofrecido un puesto en una fundaci\u00f3n del partido, Concordia y libertad, sin que ella haya respondido por ahora. \u201cActuaba m\u00e1s como portavoz de s\u00ed misma que del PP\u201d, insisten fuentes de la direcci\u00f3n. Lo hab\u00edan anticipado los barones y lo admiti\u00f3 ella misma en su comparecencia frente a las escalinatas del Congreso el pasado lunes: \u201cEs una forma de esclavitud formar parte de un partido en el que no te puedes expresar con libertad. La discrepancia no es deslealtad\u201d.Los dirigentes consultados coinciden en que una cosa es el debate interno y otra la portavoc\u00eda del Congreso, donde la sinton\u00eda debe ser total porque quien la ocupa es, precisamente, el encargado de transmitir el mensaje oficial. \u00c1lvarez de Toledo nunca lo entendi\u00f3 as\u00ed y hasta el \u00faltimo momento presumi\u00f3 de lo que defini\u00f3 como declaraciones \u201cheterodoxas, sorprendentes, que no gustaron a gente del PP\u201d.Casado le expuso tres ejemplos de su rebeld\u00eda en las dos horas de conversaci\u00f3n entre ambos el lunes para comunicarle su cese. La primera fueron sus cr\u00edticas a la decisi\u00f3n del rey em\u00e9rito de abandonar Espa\u00f1a \u2014\u201dNo debi\u00f3 marcharse. Debi\u00f3 someterse al escrutinio de la propia Casa Real y dar una explicaci\u00f3n a los espa\u00f1oles\u201d, hab\u00eda declarado ella a EL PA\u00cdS\u2014. La segunda, su insistencia en la necesidad de un Gobierno de concentraci\u00f3n \u2014que ya hab\u00eda planteado tras las elecciones, en contra del argumentario oficial\u2014. Y la tercera, su desacuerdo con los cambios en el grupo parlamentario: fuentes de la direcci\u00f3n aseguran que introdujo por la puerta de atr\u00e1s un cambio en una reuni\u00f3n plenaria para que Gabriel Elorriaga, hombre de su m\u00e1xima confianza, pudiera compatibilizar el cargo de diputado con el del director de la asesor\u00eda parlamentaria.Fuentes de la ejecutiva del PP se\u00f1alan que la portavoz se hab\u00eda convertido en un problema para el l\u00edder, oblig\u00e1ndole en multitud de ocasiones a responder a preguntas sobre declaraciones sorprendentes de su portavoz. \u201cSu papel era el de proteger al presidente, no darle m\u00e1s problemas\u201d, resumen esas fuentes. Casado, de hecho, ha invertido un a\u00f1o en defender a \u00c1lvarez de Toledo de las cr\u00edticas internas y externas, hasta que entendi\u00f3 que ese pulso le estaba debilitando tambi\u00e9n. Llegados a un punto de tensi\u00f3n m\u00e1xima y nula comunicaci\u00f3n entre la direcci\u00f3n y el Grupo Popular en el Congreso, con un enfrentamiento cada vez menos disimulado entre \u00c1lvarez de Toledo y el secretario general, Teodoro Garc\u00eda Egea, el l\u00edder del PP decidi\u00f3 que rectificar su nombramiento m\u00e1s pol\u00e9mico le hac\u00eda menos da\u00f1o que mantenerlo.Durante su comparecencia ante los medios, adem\u00e1s de repartir reproches a las estructuras del partido, \u00c1lvarez de Toledo incurri\u00f3 en varios errores o medias verdades, sostienen dirigentes del PP. Sugiri\u00f3 que en su cese hab\u00eda tenido que ver la futura negociaci\u00f3n de los Presupuestos Generales del Estado y de la renovaci\u00f3n del Consejo General del Poder Judicial. Pero fuentes de la direcci\u00f3n se\u00f1alan que ni apoyan los Presupuestos \u2014\u201cNo hay negociaci\u00f3n. Nuestra pol\u00edtica es incompatible con Podemos\u201d, dicen\u2014, ni est\u00e1n dispuestos a acordar con el PSOE la renovaci\u00f3n del \u00f3rgano de gobierno de los jueces.Casado quiere dar ahora un giro a su l\u00ednea de oposici\u00f3n y en esa nueva estrategia los perfiles m\u00e1s ideol\u00f3gicos, como el de \u00c1lvarez de Toledo, eran un lastre. El l\u00edder del PP sabe que los pr\u00f3ximos meses van a ser muy duros y quiere centrarse en la econom\u00eda y en el perfil de partido con experiencia de Gobierno para desgastar a lo que llama la \u201ccoalici\u00f3n socialcomunista\u201d. Para eso se ha rodeado de gestores, como Cuca Gamarra, exalcaldesa de Logro\u00f1o, y el regidor de la capital, Jos\u00e9 Luis Mart\u00ednez-Almeida, reforzado tras la crisis del coronavirus.Introducir a Almeida en el equipo directivo, explican fuentes del PP, permite a Casado aprovechar su tir\u00f3n de popularidad al tiempo que contiene el impacto producido por la salida de \u00c1lvarez de Toledo, ya que son dos perfiles que gustan en el mismo caladero (de votos y medi\u00e1tico). En todo caso, se\u00f1alan estas fuentes, Almeida no ejercer\u00e1 una portavoc\u00eda especialmente activa, ya que no se prev\u00e9n cambios en los comparecientes en las ruedas de prensa posteriores al comit\u00e9 de direcci\u00f3n, generalmente, Garc\u00eda Egea y Pablo Montesinos, vicesecretario de comunicaci\u00f3n.\u00c1lvarez de Toledo asegura que a\u00fan no ha tomado una decisi\u00f3n sobre su futuro. Fuentes del PP ven dif\u00edcil que mantenga el esca\u00f1o como diputada rasa, y a las \u00f3rdenes de Gamarra, despu\u00e9s de haber sido portavoz. Casado le ofreci\u00f3 otra salida: ser secretaria general de la fundaci\u00f3n Concordia y libertad, que preside Adolfo Su\u00e1rez Illana. El partido quiere pasar p\u00e1gina cuanto antes. Dirigentes consultados por EL PA\u00cdS coinciden en que el peor escenario ser\u00eda que \u00c1lvarez de Toledo no renunciase al esca\u00f1o y decidiese montar \u201cuna disidencia\u201d dentro del Congreso. La portavoz cesada asegur\u00f3 el lunes que no hab\u00eda tomado una decisi\u00f3n al respecto y eso, unido a la dureza de sus reproches, ha puesto en alerta a sus detractores. \u201cSer\u00eda algo explosivo\u201d, aseguran. Las mismas fuentes coinciden en que su cese \u201cse ve\u00eda venir\u201d.Los agradecimientos a la portavoz cesada se cuentan con los dedos de una mano en el PP. \u201cCayetana ha sido la mejor portavoz del grupo que han tenido nuestros principios y valores en el Congreso. Me entristece profundamente que haya dejado de serlo\u201d, declar\u00f3 la expresidenta madrile\u00f1a Esperanza Aguirre, una de las primeras y m\u00e1s entusiastas defensoras de la derecha \u201csin complejos\u201d de Casado.Defensa hasta el final del \u201chijo del terrorista\u201dUna de las actuaciones m\u00e1s controvertidas de \u00c1lvarez de Toledo en el Congreso sucedi\u00f3 el pasado 28 de mayo cuando llam\u00f3 al vicepresidente segundo, Pablo Iglesias, \u201chijo de terrorista\u201d. La exportavoz popular reaccion\u00f3 indignada cuando la Presidencia de la C\u00e1mara orden\u00f3 retirar esas palabras del libro de sesiones. Y pretend\u00eda recurrirla al Tribunal Constitucional. Fuentes de la direcci\u00f3n del PP se\u00f1alan que se le hizo ver que el recurso costar\u00eda al partido unos 30.000 euros, pero que ella continu\u00f3 insistiendo hasta acabar provocando un conflicto.<br \/>\n<br \/>\n<!--noindex--><br \/>\n<a href=\"https:\/\/elpais.com\/espana\/2020-08-18\/casado-recibe-el-apoyo-de-sus-barones-tras-cesar-a-alvarez-de-toledo.html\" rel=\"nofollow\">Source link <\/a><br \/>\n<!--\/noindex--><\/p>\n","protected":false},"excerpt":{"rendered":"<p>La destituci\u00f3n de la portavoz parlamentaria del PP, Cayetana \u00c1lvarez de Toledo, ha despejado el camino para recomponer las relaciones entre el l\u00edder del partido, Pablo Casado, y sus barones regionales. Dirigentes territoriales que ven\u00edan abogando por una l\u00ednea m\u00e1s moderada optaron este martes por la discreci\u00f3n, pero en privado aplaudieron una decisi\u00f3n que reclamaban [&hellip;]<\/p>\n","protected":false},"author":2,"featured_media":443,"comment_status":"open","ping_status":"open","sticky":false,"template":"","format":"standard","meta":{"footnotes":""},"categories":[3],"tags":[],"class_list":["post-442","post","type-post","status-publish","format-standard","has-post-thumbnail","hentry","category-noticias-de-medios-sociales"],"yoast_head":"<!-- This site is optimized with the Yoast SEO plugin v27.4 - https:\/\/yoast.com\/product\/yoast-seo-wordpress\/ -->\n<title>El PP, sobre \u00c1lvarez de Toledo: \u201cEra una portavoz de s\u00ed misma\u201d | Espa\u00f1a - Hot News in World<\/title>\n<meta name=\"robots\" content=\"index, follow, max-snippet:-1, max-image-preview:large, max-video-preview:-1\" \/>\n<link rel=\"canonical\" href=\"https:\/\/hotnewsinworld.com\/es\/el-pp-sobre-alvarez-de-toledo-era-una-portavoz-de-si-misma-espana\/\" \/>\n<meta property=\"og:locale\" content=\"es_ES\" \/>\n<meta property=\"og:type\" content=\"article\" \/>\n<meta property=\"og:title\" content=\"El PP, sobre \u00c1lvarez de Toledo: \u201cEra una portavoz de s\u00ed misma\u201d | Espa\u00f1a - Hot News in World\" \/>\n<meta property=\"og:description\" content=\"La destituci\u00f3n de la portavoz parlamentaria del PP, Cayetana \u00c1lvarez de Toledo, ha despejado el camino para recomponer las relaciones entre el l\u00edder del partido, Pablo Casado, y sus barones regionales. Dirigentes territoriales que ven\u00edan abogando por una l\u00ednea m\u00e1s moderada optaron este martes por la discreci\u00f3n, pero en privado aplaudieron una decisi\u00f3n que reclamaban [&hellip;]\" \/>\n<meta property=\"og:url\" content=\"https:\/\/hotnewsinworld.com\/es\/el-pp-sobre-alvarez-de-toledo-era-una-portavoz-de-si-misma-espana\/\" \/>\n<meta property=\"og:site_name\" content=\"Hot News in World\" \/>\n<meta property=\"article:published_time\" content=\"2020-08-20T13:32:56+00:00\" \/>\n<meta property=\"article:modified_time\" content=\"2020-08-20T13:32:58+00:00\" \/>\n<meta property=\"og:image\" content=\"https:\/\/hotnewsinworld.com\/es\/wp-content\/uploads\/sites\/4\/2020\/08\/El-PP-sobre-\u00c1lvarez-de-Toledo-\u201cEra-una-portavoz-de.jpg\" \/>\n\t<meta property=\"og:image:width\" content=\"1000\" \/>\n\t<meta property=\"og:image:height\" content=\"419\" \/>\n\t<meta property=\"og:image:type\" content=\"image\/jpeg\" \/>\n<meta name=\"author\" content=\"hotnewsinworld\" \/>\n<meta name=\"twitter:card\" content=\"summary_large_image\" \/>\n<meta name=\"twitter:label1\" content=\"Escrito por\" \/>\n\t<meta name=\"twitter:data1\" content=\"hotnewsinworld\" \/>\n\t<meta name=\"twitter:label2\" content=\"Tiempo de lectura\" \/>\n\t<meta name=\"twitter:data2\" content=\"7 minutos\" \/>\n<script type=\"application\/ld+json\" class=\"yoast-schema-graph\">{\"@context\":\"https:\\\/\\\/schema.org\",\"@graph\":[{\"@type\":\"Article\",\"@id\":\"https:\\\/\\\/hotnewsinworld.com\\\/es\\\/el-pp-sobre-alvarez-de-toledo-era-una-portavoz-de-si-misma-espana\\\/#article\",\"isPartOf\":{\"@id\":\"https:\\\/\\\/hotnewsinworld.com\\\/es\\\/el-pp-sobre-alvarez-de-toledo-era-una-portavoz-de-si-misma-espana\\\/\"},\"author\":{\"name\":\"hotnewsinworld\",\"@id\":\"https:\\\/\\\/hotnewsinworld.com\\\/es\\\/#\\\/schema\\\/person\\\/fe61448b21c0d59086e75fcc1f9d8f6b\"},\"headline\":\"El PP, sobre \u00c1lvarez de Toledo: \u201cEra una portavoz de s\u00ed misma\u201d | Espa\u00f1a\",\"datePublished\":\"2020-08-20T13:32:56+00:00\",\"dateModified\":\"2020-08-20T13:32:58+00:00\",\"mainEntityOfPage\":{\"@id\":\"https:\\\/\\\/hotnewsinworld.com\\\/es\\\/el-pp-sobre-alvarez-de-toledo-era-una-portavoz-de-si-misma-espana\\\/\"},\"wordCount\":1343,\"commentCount\":0,\"image\":{\"@id\":\"https:\\\/\\\/hotnewsinworld.com\\\/es\\\/el-pp-sobre-alvarez-de-toledo-era-una-portavoz-de-si-misma-espana\\\/#primaryimage\"},\"thumbnailUrl\":\"https:\\\/\\\/hotnewsinworld.com\\\/es\\\/wp-content\\\/uploads\\\/sites\\\/4\\\/2020\\\/08\\\/El-PP-sobre-\u00c1lvarez-de-Toledo-\u201cEra-una-portavoz-de.jpg\",\"articleSection\":[\"NOTICIAS DE MEDIOS SOCIALES\"],\"inLanguage\":\"es\",\"potentialAction\":[{\"@type\":\"CommentAction\",\"name\":\"Comment\",\"target\":[\"https:\\\/\\\/hotnewsinworld.com\\\/es\\\/el-pp-sobre-alvarez-de-toledo-era-una-portavoz-de-si-misma-espana\\\/#respond\"]}]},{\"@type\":\"WebPage\",\"@id\":\"https:\\\/\\\/hotnewsinworld.com\\\/es\\\/el-pp-sobre-alvarez-de-toledo-era-una-portavoz-de-si-misma-espana\\\/\",\"url\":\"https:\\\/\\\/hotnewsinworld.com\\\/es\\\/el-pp-sobre-alvarez-de-toledo-era-una-portavoz-de-si-misma-espana\\\/\",\"name\":\"El PP, sobre \u00c1lvarez de Toledo: \u201cEra una portavoz de s\u00ed misma\u201d | Espa\u00f1a - Hot News in World\",\"isPartOf\":{\"@id\":\"https:\\\/\\\/hotnewsinworld.com\\\/es\\\/#website\"},\"primaryImageOfPage\":{\"@id\":\"https:\\\/\\\/hotnewsinworld.com\\\/es\\\/el-pp-sobre-alvarez-de-toledo-era-una-portavoz-de-si-misma-espana\\\/#primaryimage\"},\"image\":{\"@id\":\"https:\\\/\\\/hotnewsinworld.com\\\/es\\\/el-pp-sobre-alvarez-de-toledo-era-una-portavoz-de-si-misma-espana\\\/#primaryimage\"},\"thumbnailUrl\":\"https:\\\/\\\/hotnewsinworld.com\\\/es\\\/wp-content\\\/uploads\\\/sites\\\/4\\\/2020\\\/08\\\/El-PP-sobre-\u00c1lvarez-de-Toledo-\u201cEra-una-portavoz-de.jpg\",\"datePublished\":\"2020-08-20T13:32:56+00:00\",\"dateModified\":\"2020-08-20T13:32:58+00:00\",\"author\":{\"@id\":\"https:\\\/\\\/hotnewsinworld.com\\\/es\\\/#\\\/schema\\\/person\\\/fe61448b21c0d59086e75fcc1f9d8f6b\"},\"breadcrumb\":{\"@id\":\"https:\\\/\\\/hotnewsinworld.com\\\/es\\\/el-pp-sobre-alvarez-de-toledo-era-una-portavoz-de-si-misma-espana\\\/#breadcrumb\"},\"inLanguage\":\"es\",\"potentialAction\":[{\"@type\":\"ReadAction\",\"target\":[\"https:\\\/\\\/hotnewsinworld.com\\\/es\\\/el-pp-sobre-alvarez-de-toledo-era-una-portavoz-de-si-misma-espana\\\/\"]}]},{\"@type\":\"ImageObject\",\"inLanguage\":\"es\",\"@id\":\"https:\\\/\\\/hotnewsinworld.com\\\/es\\\/el-pp-sobre-alvarez-de-toledo-era-una-portavoz-de-si-misma-espana\\\/#primaryimage\",\"url\":\"https:\\\/\\\/hotnewsinworld.com\\\/es\\\/wp-content\\\/uploads\\\/sites\\\/4\\\/2020\\\/08\\\/El-PP-sobre-\u00c1lvarez-de-Toledo-\u201cEra-una-portavoz-de.jpg\",\"contentUrl\":\"https:\\\/\\\/hotnewsinworld.com\\\/es\\\/wp-content\\\/uploads\\\/sites\\\/4\\\/2020\\\/08\\\/El-PP-sobre-\u00c1lvarez-de-Toledo-\u201cEra-una-portavoz-de.jpg\",\"width\":1000,\"height\":419,\"caption\":\"El PP, sobre \u00c1lvarez de Toledo: \u201cEra una portavoz de s\u00ed misma\u201d | Espa\u00f1a\"},{\"@type\":\"BreadcrumbList\",\"@id\":\"https:\\\/\\\/hotnewsinworld.com\\\/es\\\/el-pp-sobre-alvarez-de-toledo-era-una-portavoz-de-si-misma-espana\\\/#breadcrumb\",\"itemListElement\":[{\"@type\":\"ListItem\",\"position\":1,\"name\":\"\u0413\u043b\u0430\u0432\u043d\u0430\u044f \u0441\u0442\u0440\u0430\u043d\u0438\u0446\u0430\",\"item\":\"https:\\\/\\\/hotnewsinworld.com\\\/es\\\/\"},{\"@type\":\"ListItem\",\"position\":2,\"name\":\"El PP, sobre \u00c1lvarez de Toledo: \u201cEra una portavoz de s\u00ed misma\u201d | Espa\u00f1a\"}]},{\"@type\":\"WebSite\",\"@id\":\"https:\\\/\\\/hotnewsinworld.com\\\/es\\\/#website\",\"url\":\"https:\\\/\\\/hotnewsinworld.com\\\/es\\\/\",\"name\":\"Hot News in World\",\"description\":\"Hot News in World from Spain\",\"potentialAction\":[{\"@type\":\"SearchAction\",\"target\":{\"@type\":\"EntryPoint\",\"urlTemplate\":\"https:\\\/\\\/hotnewsinworld.com\\\/es\\\/?s={search_term_string}\"},\"query-input\":{\"@type\":\"PropertyValueSpecification\",\"valueRequired\":true,\"valueName\":\"search_term_string\"}}],\"inLanguage\":\"es\"},{\"@type\":\"Person\",\"@id\":\"https:\\\/\\\/hotnewsinworld.com\\\/es\\\/#\\\/schema\\\/person\\\/fe61448b21c0d59086e75fcc1f9d8f6b\",\"name\":\"hotnewsinworld\",\"image\":{\"@type\":\"ImageObject\",\"inLanguage\":\"es\",\"@id\":\"https:\\\/\\\/secure.gravatar.com\\\/avatar\\\/8a09ac165600ce2e1c38fe593c63928eb1e6e7ba5c5a907d67787c41b3d00c14?s=96&d=mm&r=g\",\"url\":\"https:\\\/\\\/secure.gravatar.com\\\/avatar\\\/8a09ac165600ce2e1c38fe593c63928eb1e6e7ba5c5a907d67787c41b3d00c14?s=96&d=mm&r=g\",\"contentUrl\":\"https:\\\/\\\/secure.gravatar.com\\\/avatar\\\/8a09ac165600ce2e1c38fe593c63928eb1e6e7ba5c5a907d67787c41b3d00c14?s=96&d=mm&r=g\",\"caption\":\"hotnewsinworld\"},\"url\":\"https:\\\/\\\/hotnewsinworld.com\\\/es\\\/author\\\/pt\\\/\"}]}<\/script>\n<!-- \/ Yoast SEO plugin. -->","yoast_head_json":{"title":"El PP, sobre \u00c1lvarez de Toledo: \u201cEra una portavoz de s\u00ed misma\u201d | Espa\u00f1a - Hot News in World","robots":{"index":"index","follow":"follow","max-snippet":"max-snippet:-1","max-image-preview":"max-image-preview:large","max-video-preview":"max-video-preview:-1"},"canonical":"https:\/\/hotnewsinworld.com\/es\/el-pp-sobre-alvarez-de-toledo-era-una-portavoz-de-si-misma-espana\/","og_locale":"es_ES","og_type":"article","og_title":"El PP, sobre \u00c1lvarez de Toledo: \u201cEra una portavoz de s\u00ed misma\u201d | Espa\u00f1a - Hot News in World","og_description":"La destituci\u00f3n de la portavoz parlamentaria del PP, Cayetana \u00c1lvarez de Toledo, ha despejado el camino para recomponer las relaciones entre el l\u00edder del partido, Pablo Casado, y sus barones regionales. Dirigentes territoriales que ven\u00edan abogando por una l\u00ednea m\u00e1s moderada optaron este martes por la discreci\u00f3n, pero en privado aplaudieron una decisi\u00f3n que reclamaban [&hellip;]","og_url":"https:\/\/hotnewsinworld.com\/es\/el-pp-sobre-alvarez-de-toledo-era-una-portavoz-de-si-misma-espana\/","og_site_name":"Hot News in World","article_published_time":"2020-08-20T13:32:56+00:00","article_modified_time":"2020-08-20T13:32:58+00:00","og_image":[{"width":1000,"height":419,"url":"https:\/\/hotnewsinworld.com\/es\/wp-content\/uploads\/sites\/4\/2020\/08\/El-PP-sobre-\u00c1lvarez-de-Toledo-\u201cEra-una-portavoz-de.jpg","type":"image\/jpeg"}],"author":"hotnewsinworld","twitter_card":"summary_large_image","twitter_misc":{"Escrito por":"hotnewsinworld","Tiempo de lectura":"7 minutos"},"schema":{"@context":"https:\/\/schema.org","@graph":[{"@type":"Article","@id":"https:\/\/hotnewsinworld.com\/es\/el-pp-sobre-alvarez-de-toledo-era-una-portavoz-de-si-misma-espana\/#article","isPartOf":{"@id":"https:\/\/hotnewsinworld.com\/es\/el-pp-sobre-alvarez-de-toledo-era-una-portavoz-de-si-misma-espana\/"},"author":{"name":"hotnewsinworld","@id":"https:\/\/hotnewsinworld.com\/es\/#\/schema\/person\/fe61448b21c0d59086e75fcc1f9d8f6b"},"headline":"El PP, sobre \u00c1lvarez de Toledo: \u201cEra una portavoz de s\u00ed misma\u201d | Espa\u00f1a","datePublished":"2020-08-20T13:32:56+00:00","dateModified":"2020-08-20T13:32:58+00:00","mainEntityOfPage":{"@id":"https:\/\/hotnewsinworld.com\/es\/el-pp-sobre-alvarez-de-toledo-era-una-portavoz-de-si-misma-espana\/"},"wordCount":1343,"commentCount":0,"image":{"@id":"https:\/\/hotnewsinworld.com\/es\/el-pp-sobre-alvarez-de-toledo-era-una-portavoz-de-si-misma-espana\/#primaryimage"},"thumbnailUrl":"https:\/\/hotnewsinworld.com\/es\/wp-content\/uploads\/sites\/4\/2020\/08\/El-PP-sobre-\u00c1lvarez-de-Toledo-\u201cEra-una-portavoz-de.jpg","articleSection":["NOTICIAS DE MEDIOS SOCIALES"],"inLanguage":"es","potentialAction":[{"@type":"CommentAction","name":"Comment","target":["https:\/\/hotnewsinworld.com\/es\/el-pp-sobre-alvarez-de-toledo-era-una-portavoz-de-si-misma-espana\/#respond"]}]},{"@type":"WebPage","@id":"https:\/\/hotnewsinworld.com\/es\/el-pp-sobre-alvarez-de-toledo-era-una-portavoz-de-si-misma-espana\/","url":"https:\/\/hotnewsinworld.com\/es\/el-pp-sobre-alvarez-de-toledo-era-una-portavoz-de-si-misma-espana\/","name":"El PP, sobre \u00c1lvarez de Toledo: \u201cEra una portavoz de s\u00ed misma\u201d | Espa\u00f1a - Hot News in World","isPartOf":{"@id":"https:\/\/hotnewsinworld.com\/es\/#website"},"primaryImageOfPage":{"@id":"https:\/\/hotnewsinworld.com\/es\/el-pp-sobre-alvarez-de-toledo-era-una-portavoz-de-si-misma-espana\/#primaryimage"},"image":{"@id":"https:\/\/hotnewsinworld.com\/es\/el-pp-sobre-alvarez-de-toledo-era-una-portavoz-de-si-misma-espana\/#primaryimage"},"thumbnailUrl":"https:\/\/hotnewsinworld.com\/es\/wp-content\/uploads\/sites\/4\/2020\/08\/El-PP-sobre-\u00c1lvarez-de-Toledo-\u201cEra-una-portavoz-de.jpg","datePublished":"2020-08-20T13:32:56+00:00","dateModified":"2020-08-20T13:32:58+00:00","author":{"@id":"https:\/\/hotnewsinworld.com\/es\/#\/schema\/person\/fe61448b21c0d59086e75fcc1f9d8f6b"},"breadcrumb":{"@id":"https:\/\/hotnewsinworld.com\/es\/el-pp-sobre-alvarez-de-toledo-era-una-portavoz-de-si-misma-espana\/#breadcrumb"},"inLanguage":"es","potentialAction":[{"@type":"ReadAction","target":["https:\/\/hotnewsinworld.com\/es\/el-pp-sobre-alvarez-de-toledo-era-una-portavoz-de-si-misma-espana\/"]}]},{"@type":"ImageObject","inLanguage":"es","@id":"https:\/\/hotnewsinworld.com\/es\/el-pp-sobre-alvarez-de-toledo-era-una-portavoz-de-si-misma-espana\/#primaryimage","url":"https:\/\/hotnewsinworld.com\/es\/wp-content\/uploads\/sites\/4\/2020\/08\/El-PP-sobre-\u00c1lvarez-de-Toledo-\u201cEra-una-portavoz-de.jpg","contentUrl":"https:\/\/hotnewsinworld.com\/es\/wp-content\/uploads\/sites\/4\/2020\/08\/El-PP-sobre-\u00c1lvarez-de-Toledo-\u201cEra-una-portavoz-de.jpg","width":1000,"height":419,"caption":"El PP, sobre \u00c1lvarez de Toledo: \u201cEra una portavoz de s\u00ed misma\u201d | Espa\u00f1a"},{"@type":"BreadcrumbList","@id":"https:\/\/hotnewsinworld.com\/es\/el-pp-sobre-alvarez-de-toledo-era-una-portavoz-de-si-misma-espana\/#breadcrumb","itemListElement":[{"@type":"ListItem","position":1,"name":"\u0413\u043b\u0430\u0432\u043d\u0430\u044f \u0441\u0442\u0440\u0430\u043d\u0438\u0446\u0430","item":"https:\/\/hotnewsinworld.com\/es\/"},{"@type":"ListItem","position":2,"name":"El PP, sobre \u00c1lvarez de Toledo: \u201cEra una portavoz de s\u00ed misma\u201d | Espa\u00f1a"}]},{"@type":"WebSite","@id":"https:\/\/hotnewsinworld.com\/es\/#website","url":"https:\/\/hotnewsinworld.com\/es\/","name":"Hot News in World","description":"Hot News in World from Spain","potentialAction":[{"@type":"SearchAction","target":{"@type":"EntryPoint","urlTemplate":"https:\/\/hotnewsinworld.com\/es\/?s={search_term_string}"},"query-input":{"@type":"PropertyValueSpecification","valueRequired":true,"valueName":"search_term_string"}}],"inLanguage":"es"},{"@type":"Person","@id":"https:\/\/hotnewsinworld.com\/es\/#\/schema\/person\/fe61448b21c0d59086e75fcc1f9d8f6b","name":"hotnewsinworld","image":{"@type":"ImageObject","inLanguage":"es","@id":"https:\/\/secure.gravatar.com\/avatar\/8a09ac165600ce2e1c38fe593c63928eb1e6e7ba5c5a907d67787c41b3d00c14?s=96&d=mm&r=g","url":"https:\/\/secure.gravatar.com\/avatar\/8a09ac165600ce2e1c38fe593c63928eb1e6e7ba5c5a907d67787c41b3d00c14?s=96&d=mm&r=g","contentUrl":"https:\/\/secure.gravatar.com\/avatar\/8a09ac165600ce2e1c38fe593c63928eb1e6e7ba5c5a907d67787c41b3d00c14?s=96&d=mm&r=g","caption":"hotnewsinworld"},"url":"https:\/\/hotnewsinworld.com\/es\/author\/pt\/"}]}},"_links":{"self":[{"href":"https:\/\/hotnewsinworld.com\/es\/wp-json\/wp\/v2\/posts\/442","targetHints":{"allow":["GET"]}}],"collection":[{"href":"https:\/\/hotnewsinworld.com\/es\/wp-json\/wp\/v2\/posts"}],"about":[{"href":"https:\/\/hotnewsinworld.com\/es\/wp-json\/wp\/v2\/types\/post"}],"author":[{"embeddable":true,"href":"https:\/\/hotnewsinworld.com\/es\/wp-json\/wp\/v2\/users\/2"}],"replies":[{"embeddable":true,"href":"https:\/\/hotnewsinworld.com\/es\/wp-json\/wp\/v2\/comments?post=442"}],"version-history":[{"count":1,"href":"https:\/\/hotnewsinworld.com\/es\/wp-json\/wp\/v2\/posts\/442\/revisions"}],"predecessor-version":[{"id":444,"href":"https:\/\/hotnewsinworld.com\/es\/wp-json\/wp\/v2\/posts\/442\/revisions\/444"}],"wp:featuredmedia":[{"embeddable":true,"href":"https:\/\/hotnewsinworld.com\/es\/wp-json\/wp\/v2\/media\/443"}],"wp:attachment":[{"href":"https:\/\/hotnewsinworld.com\/es\/wp-json\/wp\/v2\/media?parent=442"}],"wp:term":[{"taxonomy":"category","embeddable":true,"href":"https:\/\/hotnewsinworld.com\/es\/wp-json\/wp\/v2\/categories?post=442"},{"taxonomy":"post_tag","embeddable":true,"href":"https:\/\/hotnewsinworld.com\/es\/wp-json\/wp\/v2\/tags?post=442"}],"curies":[{"name":"wp","href":"https:\/\/api.w.org\/{rel}","templated":true}]}}