{"id":454,"date":"2020-08-25T13:26:12","date_gmt":"2020-08-25T10:26:12","guid":{"rendered":"https:\/\/hotnewsinworld.com\/es\/coronavirus-el-gobierno-traslada-a-las-autonomias-toda-la-presion-politica-frente-a-la-pandemia-espana\/"},"modified":"2020-08-25T13:26:15","modified_gmt":"2020-08-25T10:26:15","slug":"coronavirus-el-gobierno-traslada-a-las-autonomias-toda-la-presion-politica-frente-a-la-pandemia-espana","status":"publish","type":"post","link":"https:\/\/hotnewsinworld.com\/es\/coronavirus-el-gobierno-traslada-a-las-autonomias-toda-la-presion-politica-frente-a-la-pandemia-espana\/","title":{"rendered":"Coronavirus: El Gobierno traslada a las autonom\u00edas toda la presi\u00f3n pol\u00edtica frente a la pandemia | Espa\u00f1a"},"content":{"rendered":"<p>El Gobierno ha tomado una decisi\u00f3n pol\u00edtica de fondo y no se mover\u00e1 salvo que la situaci\u00f3n se descontrole absolutamente: las autonom\u00edas son las que tienen las competencias y ellas gestionar\u00e1n las principales decisiones en esta fase de la pandemia. As\u00ed lo reclamaron en junio todos los grupos, desde los independentistas al PP. El Ejecutivo opta por trasladar a las comunidades toda la presi\u00f3n pol\u00edtica que tuvo mientras estaba en vigor el estado de alarma. Pese a las quejas del PP, y algunas sentencias judiciales que complican la gesti\u00f3n, el Gobierno mantiene la l\u00ednea.In EnglishLa pol\u00edtica ha tenido una enorme influencia en la gesti\u00f3n del coronavirus en Espa\u00f1a. Durante semanas, la discusi\u00f3n fue sobre el estado de alarma. El PP rechaz\u00f3 la \u00faltima pr\u00f3rroga, mientras la presidenta de Madrid, Isabel D\u00edaz Ayuso, de este partido, insist\u00eda, ya a finales de mayo, en que no era necesario prolongarlo y que hab\u00eda que \u201crecuperar la normalidad\u201d cuanto antes. El Gobierno, en contra de sus planes iniciales, y al ver que se arriesgaba a una derrota parlamentaria porque no solo el PP sino tambi\u00e9n grupos importantes de la mayor\u00eda le retiraban el apoyo, renunci\u00f3 antes de lo previsto al estado de alarma y dej\u00f3 la responsabilidad de la gesti\u00f3n a las comunidades.Pero ahora son estas, sobre todo, las que est\u00e1n en una peor situaci\u00f3n, y el PP quienes reclaman que el Gobierno tome las riendas. Y el Ejecutivo contesta que, una vez finalizado el estado de alarma, como se acord\u00f3 en el llamado decreto de nueva normalidad, pactado con todas las comunidades y apoyado por el PP, son las autonom\u00edas las que han recuperado el control y el Gobierno no tiene manera de obligarles a nada. Solo puede, alegan fuentes del Gabinete, coordinar las decisiones en reuniones de los consejeros, como se hizo la semana pasada con las medidas de cierre del ocio nocturno o prohibici\u00f3n de fumar. Ahora el debate es sobre la vuelta al colegio. El PP insiste en que debe ser el Gobierno quien asuma las decisiones, y el Ejecutivo contesta que solo puede dar orientaciones, pero las autonom\u00edas tienen que decidir sobre sus competencias. Fuentes gubernamentales recuerdan que las comunidades han recibido 2.000 millones de euros para reforzar la educaci\u00f3n y ponen como ejemplo la actuaci\u00f3n de la Comunidad Valenciana, que ha contratado a 4.000 profesores y 3.000 monitores.\u201cLa responsabilidad de la pandemia es del Gobierno de Espa\u00f1a, con independencia de las competencias del Estado auton\u00f3mico\u201d, asegur\u00f3 este viernes Ana Pastor, vicesecretaria de pol\u00edtica social del PP, que acus\u00f3 al ministro de Sanidad, Salvador Illa, de firmar el decreto de nueva normalidad antes del verano para, a partir de ese momento, \u201cse\u00f1alar a las comunidades como responsables de todo lo que ocurriera\u201d. El Gobierno replica que la oposici\u00f3n no puede pedirle durante semanas que devuelva el control a las autonom\u00edas y ahora exigirle que sea \u00e9l quien tome las decisiones.En otros pa\u00edses con situaciones parecidas, como Italia, las cosas se han resuelto de a manera diferente: a finales de julio, el Parlamento, tambi\u00e9n con el rechazo de la oposici\u00f3n de derecha y extrema derecha, aprob\u00f3 una pr\u00f3rroga hasta el 15 de octubre del estado de emergencia. El primer ministro, Giuseppe Conte, prometi\u00f3 que solo se aplicar\u00edan nuevas limitaciones si fuese estrictamente necesario y que el objetivo era estar preparados ante los rebrotes.El Ejecutivo tambi\u00e9n ha aparcado las reformas legales que prometi\u00f3 hace semanas para dotarse de alg\u00fan tipo de mecanismo legal que le permitiese tomar el control sin necesidad de decretar el estado de alarma. Fuentes del Gobierno se\u00f1alan que han comprobado que esas reformas no ten\u00edan apoyo pol\u00edtico en el Congreso y que lo m\u00e1s eficaz es pactar las decisiones en los consejos territoriales, como hizo la semana pasada y pretende hacer de nuevo el 27 con las medidas sobre la vuelta a los colegios. En La Moncloa lo tienen claro: salvo descontrol absoluto, que pese al aumento de casos a\u00fan no ven cercano, todas las decisiones importantes seguir\u00e1n en manos de las autonom\u00edas.El Ejecutivo no ve base para la discusi\u00f3n legalEl Gobierno no comparte la decisi\u00f3n del juez de Madrid que ha tumbado el decreto que cerraba el ocio nocturno y limitaba el derecho a fumar en esta comunidad. Los expertos jur\u00eddicos del Ejecutivo han estudiado durante semanas la legislaci\u00f3n y est\u00e1n convencidos de que las autonom\u00edas tienen margen legal m\u00e1s que suficiente para tomar decisiones as\u00ed, que est\u00e1n dentro de sus competencias. Por eso creen que no habr\u00e1 que hacer ninguna reforma m\u00e1s tras el decreto de nueva normalidad, que ya dejaba las cosas muy claras. El PP insiste en ofrecer al Gobierno una negociaci\u00f3n de \u201cun plan b jur\u00eddico\u201d, pero La Moncloa contesta que con la legislaci\u00f3n actual basta mientras no haya que limitar la movilidad entre autonom\u00edas.<br \/>\n<br \/>\n<!--noindex--><br \/>\n<a href=\"https:\/\/elpais.com\/espana\/2020-08-21\/el-gobierno-traslada-a-las-autonomias-toda-la-presion-politica-frente-a-la-pandemia.html\" rel=\"nofollow\">Source link <\/a><br \/>\n<!--\/noindex--><\/p>\n","protected":false},"excerpt":{"rendered":"<p>El Gobierno ha tomado una decisi\u00f3n pol\u00edtica de fondo y no se mover\u00e1 salvo que la situaci\u00f3n se descontrole absolutamente: las autonom\u00edas son las que tienen las competencias y ellas gestionar\u00e1n las principales decisiones en esta fase de la pandemia. As\u00ed lo reclamaron en junio todos los grupos, desde los independentistas al PP. El Ejecutivo [&hellip;]<\/p>\n","protected":false},"author":2,"featured_media":455,"comment_status":"open","ping_status":"open","sticky":false,"template":"","format":"standard","meta":{"footnotes":""},"categories":[3],"tags":[],"class_list":["post-454","post","type-post","status-publish","format-standard","has-post-thumbnail","hentry","category-noticias-de-medios-sociales"],"yoast_head":"<!-- This site is optimized with the Yoast SEO plugin v27.4 - https:\/\/yoast.com\/product\/yoast-seo-wordpress\/ -->\n<title>Coronavirus: El Gobierno traslada a las autonom\u00edas toda la presi\u00f3n pol\u00edtica frente a la pandemia | Espa\u00f1a - Hot News in World<\/title>\n<meta name=\"robots\" content=\"index, follow, max-snippet:-1, max-image-preview:large, max-video-preview:-1\" \/>\n<link rel=\"canonical\" href=\"https:\/\/hotnewsinworld.com\/es\/coronavirus-el-gobierno-traslada-a-las-autonomias-toda-la-presion-politica-frente-a-la-pandemia-espana\/\" \/>\n<meta property=\"og:locale\" content=\"es_ES\" \/>\n<meta property=\"og:type\" content=\"article\" \/>\n<meta property=\"og:title\" content=\"Coronavirus: El Gobierno traslada a las autonom\u00edas toda la presi\u00f3n pol\u00edtica frente a la pandemia | Espa\u00f1a - Hot News in World\" \/>\n<meta property=\"og:description\" content=\"El Gobierno ha tomado una decisi\u00f3n pol\u00edtica de fondo y no se mover\u00e1 salvo que la situaci\u00f3n se descontrole absolutamente: las autonom\u00edas son las que tienen las competencias y ellas gestionar\u00e1n las principales decisiones en esta fase de la pandemia. As\u00ed lo reclamaron en junio todos los grupos, desde los independentistas al PP. El Ejecutivo [&hellip;]\" \/>\n<meta property=\"og:url\" content=\"https:\/\/hotnewsinworld.com\/es\/coronavirus-el-gobierno-traslada-a-las-autonomias-toda-la-presion-politica-frente-a-la-pandemia-espana\/\" \/>\n<meta property=\"og:site_name\" content=\"Hot News in World\" \/>\n<meta property=\"article:published_time\" content=\"2020-08-25T10:26:12+00:00\" \/>\n<meta property=\"article:modified_time\" content=\"2020-08-25T10:26:15+00:00\" \/>\n<meta property=\"og:image\" content=\"https:\/\/hotnewsinworld.com\/es\/wp-content\/uploads\/sites\/4\/2020\/08\/Coronavirus-El-Gobierno-traslada-a-las-autonom\u00edas-toda-la-presi\u00f3n.jpeg\" \/>\n\t<meta property=\"og:image:width\" content=\"2000\" \/>\n\t<meta property=\"og:image:height\" content=\"1330\" \/>\n\t<meta property=\"og:image:type\" content=\"image\/jpeg\" \/>\n<meta name=\"author\" content=\"hotnewsinworld\" \/>\n<meta name=\"twitter:card\" content=\"summary_large_image\" \/>\n<meta name=\"twitter:label1\" content=\"Escrito por\" \/>\n\t<meta name=\"twitter:data1\" content=\"hotnewsinworld\" \/>\n\t<meta name=\"twitter:label2\" content=\"Tiempo de lectura\" \/>\n\t<meta name=\"twitter:data2\" content=\"4 minutos\" \/>\n<script type=\"application\/ld+json\" class=\"yoast-schema-graph\">{\"@context\":\"https:\\\/\\\/schema.org\",\"@graph\":[{\"@type\":\"Article\",\"@id\":\"https:\\\/\\\/hotnewsinworld.com\\\/es\\\/coronavirus-el-gobierno-traslada-a-las-autonomias-toda-la-presion-politica-frente-a-la-pandemia-espana\\\/#article\",\"isPartOf\":{\"@id\":\"https:\\\/\\\/hotnewsinworld.com\\\/es\\\/coronavirus-el-gobierno-traslada-a-las-autonomias-toda-la-presion-politica-frente-a-la-pandemia-espana\\\/\"},\"author\":{\"name\":\"hotnewsinworld\",\"@id\":\"https:\\\/\\\/hotnewsinworld.com\\\/es\\\/#\\\/schema\\\/person\\\/fe61448b21c0d59086e75fcc1f9d8f6b\"},\"headline\":\"Coronavirus: El Gobierno traslada a las autonom\u00edas toda la presi\u00f3n pol\u00edtica frente a la pandemia | Espa\u00f1a\",\"datePublished\":\"2020-08-25T10:26:12+00:00\",\"dateModified\":\"2020-08-25T10:26:15+00:00\",\"mainEntityOfPage\":{\"@id\":\"https:\\\/\\\/hotnewsinworld.com\\\/es\\\/coronavirus-el-gobierno-traslada-a-las-autonomias-toda-la-presion-politica-frente-a-la-pandemia-espana\\\/\"},\"wordCount\":876,\"commentCount\":0,\"image\":{\"@id\":\"https:\\\/\\\/hotnewsinworld.com\\\/es\\\/coronavirus-el-gobierno-traslada-a-las-autonomias-toda-la-presion-politica-frente-a-la-pandemia-espana\\\/#primaryimage\"},\"thumbnailUrl\":\"https:\\\/\\\/hotnewsinworld.com\\\/es\\\/wp-content\\\/uploads\\\/sites\\\/4\\\/2020\\\/08\\\/Coronavirus-El-Gobierno-traslada-a-las-autonom\u00edas-toda-la-presi\u00f3n.jpeg\",\"articleSection\":[\"NOTICIAS DE MEDIOS SOCIALES\"],\"inLanguage\":\"es\",\"potentialAction\":[{\"@type\":\"CommentAction\",\"name\":\"Comment\",\"target\":[\"https:\\\/\\\/hotnewsinworld.com\\\/es\\\/coronavirus-el-gobierno-traslada-a-las-autonomias-toda-la-presion-politica-frente-a-la-pandemia-espana\\\/#respond\"]}]},{\"@type\":\"WebPage\",\"@id\":\"https:\\\/\\\/hotnewsinworld.com\\\/es\\\/coronavirus-el-gobierno-traslada-a-las-autonomias-toda-la-presion-politica-frente-a-la-pandemia-espana\\\/\",\"url\":\"https:\\\/\\\/hotnewsinworld.com\\\/es\\\/coronavirus-el-gobierno-traslada-a-las-autonomias-toda-la-presion-politica-frente-a-la-pandemia-espana\\\/\",\"name\":\"Coronavirus: El Gobierno traslada a las autonom\u00edas toda la presi\u00f3n pol\u00edtica frente a la pandemia | Espa\u00f1a - Hot News in World\",\"isPartOf\":{\"@id\":\"https:\\\/\\\/hotnewsinworld.com\\\/es\\\/#website\"},\"primaryImageOfPage\":{\"@id\":\"https:\\\/\\\/hotnewsinworld.com\\\/es\\\/coronavirus-el-gobierno-traslada-a-las-autonomias-toda-la-presion-politica-frente-a-la-pandemia-espana\\\/#primaryimage\"},\"image\":{\"@id\":\"https:\\\/\\\/hotnewsinworld.com\\\/es\\\/coronavirus-el-gobierno-traslada-a-las-autonomias-toda-la-presion-politica-frente-a-la-pandemia-espana\\\/#primaryimage\"},\"thumbnailUrl\":\"https:\\\/\\\/hotnewsinworld.com\\\/es\\\/wp-content\\\/uploads\\\/sites\\\/4\\\/2020\\\/08\\\/Coronavirus-El-Gobierno-traslada-a-las-autonom\u00edas-toda-la-presi\u00f3n.jpeg\",\"datePublished\":\"2020-08-25T10:26:12+00:00\",\"dateModified\":\"2020-08-25T10:26:15+00:00\",\"author\":{\"@id\":\"https:\\\/\\\/hotnewsinworld.com\\\/es\\\/#\\\/schema\\\/person\\\/fe61448b21c0d59086e75fcc1f9d8f6b\"},\"breadcrumb\":{\"@id\":\"https:\\\/\\\/hotnewsinworld.com\\\/es\\\/coronavirus-el-gobierno-traslada-a-las-autonomias-toda-la-presion-politica-frente-a-la-pandemia-espana\\\/#breadcrumb\"},\"inLanguage\":\"es\",\"potentialAction\":[{\"@type\":\"ReadAction\",\"target\":[\"https:\\\/\\\/hotnewsinworld.com\\\/es\\\/coronavirus-el-gobierno-traslada-a-las-autonomias-toda-la-presion-politica-frente-a-la-pandemia-espana\\\/\"]}]},{\"@type\":\"ImageObject\",\"inLanguage\":\"es\",\"@id\":\"https:\\\/\\\/hotnewsinworld.com\\\/es\\\/coronavirus-el-gobierno-traslada-a-las-autonomias-toda-la-presion-politica-frente-a-la-pandemia-espana\\\/#primaryimage\",\"url\":\"https:\\\/\\\/hotnewsinworld.com\\\/es\\\/wp-content\\\/uploads\\\/sites\\\/4\\\/2020\\\/08\\\/Coronavirus-El-Gobierno-traslada-a-las-autonom\u00edas-toda-la-presi\u00f3n.jpeg\",\"contentUrl\":\"https:\\\/\\\/hotnewsinworld.com\\\/es\\\/wp-content\\\/uploads\\\/sites\\\/4\\\/2020\\\/08\\\/Coronavirus-El-Gobierno-traslada-a-las-autonom\u00edas-toda-la-presi\u00f3n.jpeg\",\"width\":2000,\"height\":1330,\"caption\":\"Coronavirus: El Gobierno traslada a las autonom\u00edas toda la presi\u00f3n pol\u00edtica frente a la pandemia | Espa\u00f1a\"},{\"@type\":\"BreadcrumbList\",\"@id\":\"https:\\\/\\\/hotnewsinworld.com\\\/es\\\/coronavirus-el-gobierno-traslada-a-las-autonomias-toda-la-presion-politica-frente-a-la-pandemia-espana\\\/#breadcrumb\",\"itemListElement\":[{\"@type\":\"ListItem\",\"position\":1,\"name\":\"\u0413\u043b\u0430\u0432\u043d\u0430\u044f \u0441\u0442\u0440\u0430\u043d\u0438\u0446\u0430\",\"item\":\"https:\\\/\\\/hotnewsinworld.com\\\/es\\\/\"},{\"@type\":\"ListItem\",\"position\":2,\"name\":\"Coronavirus: El Gobierno traslada a las autonom\u00edas toda la presi\u00f3n pol\u00edtica frente a la pandemia | Espa\u00f1a\"}]},{\"@type\":\"WebSite\",\"@id\":\"https:\\\/\\\/hotnewsinworld.com\\\/es\\\/#website\",\"url\":\"https:\\\/\\\/hotnewsinworld.com\\\/es\\\/\",\"name\":\"Hot News in World\",\"description\":\"Hot News in World from Spain\",\"potentialAction\":[{\"@type\":\"SearchAction\",\"target\":{\"@type\":\"EntryPoint\",\"urlTemplate\":\"https:\\\/\\\/hotnewsinworld.com\\\/es\\\/?s={search_term_string}\"},\"query-input\":{\"@type\":\"PropertyValueSpecification\",\"valueRequired\":true,\"valueName\":\"search_term_string\"}}],\"inLanguage\":\"es\"},{\"@type\":\"Person\",\"@id\":\"https:\\\/\\\/hotnewsinworld.com\\\/es\\\/#\\\/schema\\\/person\\\/fe61448b21c0d59086e75fcc1f9d8f6b\",\"name\":\"hotnewsinworld\",\"image\":{\"@type\":\"ImageObject\",\"inLanguage\":\"es\",\"@id\":\"https:\\\/\\\/secure.gravatar.com\\\/avatar\\\/8a09ac165600ce2e1c38fe593c63928eb1e6e7ba5c5a907d67787c41b3d00c14?s=96&d=mm&r=g\",\"url\":\"https:\\\/\\\/secure.gravatar.com\\\/avatar\\\/8a09ac165600ce2e1c38fe593c63928eb1e6e7ba5c5a907d67787c41b3d00c14?s=96&d=mm&r=g\",\"contentUrl\":\"https:\\\/\\\/secure.gravatar.com\\\/avatar\\\/8a09ac165600ce2e1c38fe593c63928eb1e6e7ba5c5a907d67787c41b3d00c14?s=96&d=mm&r=g\",\"caption\":\"hotnewsinworld\"},\"url\":\"https:\\\/\\\/hotnewsinworld.com\\\/es\\\/author\\\/pt\\\/\"}]}<\/script>\n<!-- \/ Yoast SEO plugin. -->","yoast_head_json":{"title":"Coronavirus: El Gobierno traslada a las autonom\u00edas toda la presi\u00f3n pol\u00edtica frente a la pandemia | Espa\u00f1a - Hot News in World","robots":{"index":"index","follow":"follow","max-snippet":"max-snippet:-1","max-image-preview":"max-image-preview:large","max-video-preview":"max-video-preview:-1"},"canonical":"https:\/\/hotnewsinworld.com\/es\/coronavirus-el-gobierno-traslada-a-las-autonomias-toda-la-presion-politica-frente-a-la-pandemia-espana\/","og_locale":"es_ES","og_type":"article","og_title":"Coronavirus: El Gobierno traslada a las autonom\u00edas toda la presi\u00f3n pol\u00edtica frente a la pandemia | Espa\u00f1a - Hot News in World","og_description":"El Gobierno ha tomado una decisi\u00f3n pol\u00edtica de fondo y no se mover\u00e1 salvo que la situaci\u00f3n se descontrole absolutamente: las autonom\u00edas son las que tienen las competencias y ellas gestionar\u00e1n las principales decisiones en esta fase de la pandemia. As\u00ed lo reclamaron en junio todos los grupos, desde los independentistas al PP. El Ejecutivo [&hellip;]","og_url":"https:\/\/hotnewsinworld.com\/es\/coronavirus-el-gobierno-traslada-a-las-autonomias-toda-la-presion-politica-frente-a-la-pandemia-espana\/","og_site_name":"Hot News in World","article_published_time":"2020-08-25T10:26:12+00:00","article_modified_time":"2020-08-25T10:26:15+00:00","og_image":[{"width":2000,"height":1330,"url":"https:\/\/hotnewsinworld.com\/es\/wp-content\/uploads\/sites\/4\/2020\/08\/Coronavirus-El-Gobierno-traslada-a-las-autonom\u00edas-toda-la-presi\u00f3n.jpeg","type":"image\/jpeg"}],"author":"hotnewsinworld","twitter_card":"summary_large_image","twitter_misc":{"Escrito por":"hotnewsinworld","Tiempo de lectura":"4 minutos"},"schema":{"@context":"https:\/\/schema.org","@graph":[{"@type":"Article","@id":"https:\/\/hotnewsinworld.com\/es\/coronavirus-el-gobierno-traslada-a-las-autonomias-toda-la-presion-politica-frente-a-la-pandemia-espana\/#article","isPartOf":{"@id":"https:\/\/hotnewsinworld.com\/es\/coronavirus-el-gobierno-traslada-a-las-autonomias-toda-la-presion-politica-frente-a-la-pandemia-espana\/"},"author":{"name":"hotnewsinworld","@id":"https:\/\/hotnewsinworld.com\/es\/#\/schema\/person\/fe61448b21c0d59086e75fcc1f9d8f6b"},"headline":"Coronavirus: El Gobierno traslada a las autonom\u00edas toda la presi\u00f3n pol\u00edtica frente a la pandemia | Espa\u00f1a","datePublished":"2020-08-25T10:26:12+00:00","dateModified":"2020-08-25T10:26:15+00:00","mainEntityOfPage":{"@id":"https:\/\/hotnewsinworld.com\/es\/coronavirus-el-gobierno-traslada-a-las-autonomias-toda-la-presion-politica-frente-a-la-pandemia-espana\/"},"wordCount":876,"commentCount":0,"image":{"@id":"https:\/\/hotnewsinworld.com\/es\/coronavirus-el-gobierno-traslada-a-las-autonomias-toda-la-presion-politica-frente-a-la-pandemia-espana\/#primaryimage"},"thumbnailUrl":"https:\/\/hotnewsinworld.com\/es\/wp-content\/uploads\/sites\/4\/2020\/08\/Coronavirus-El-Gobierno-traslada-a-las-autonom\u00edas-toda-la-presi\u00f3n.jpeg","articleSection":["NOTICIAS DE MEDIOS SOCIALES"],"inLanguage":"es","potentialAction":[{"@type":"CommentAction","name":"Comment","target":["https:\/\/hotnewsinworld.com\/es\/coronavirus-el-gobierno-traslada-a-las-autonomias-toda-la-presion-politica-frente-a-la-pandemia-espana\/#respond"]}]},{"@type":"WebPage","@id":"https:\/\/hotnewsinworld.com\/es\/coronavirus-el-gobierno-traslada-a-las-autonomias-toda-la-presion-politica-frente-a-la-pandemia-espana\/","url":"https:\/\/hotnewsinworld.com\/es\/coronavirus-el-gobierno-traslada-a-las-autonomias-toda-la-presion-politica-frente-a-la-pandemia-espana\/","name":"Coronavirus: El Gobierno traslada a las autonom\u00edas toda la presi\u00f3n pol\u00edtica frente a la pandemia | Espa\u00f1a - Hot News in World","isPartOf":{"@id":"https:\/\/hotnewsinworld.com\/es\/#website"},"primaryImageOfPage":{"@id":"https:\/\/hotnewsinworld.com\/es\/coronavirus-el-gobierno-traslada-a-las-autonomias-toda-la-presion-politica-frente-a-la-pandemia-espana\/#primaryimage"},"image":{"@id":"https:\/\/hotnewsinworld.com\/es\/coronavirus-el-gobierno-traslada-a-las-autonomias-toda-la-presion-politica-frente-a-la-pandemia-espana\/#primaryimage"},"thumbnailUrl":"https:\/\/hotnewsinworld.com\/es\/wp-content\/uploads\/sites\/4\/2020\/08\/Coronavirus-El-Gobierno-traslada-a-las-autonom\u00edas-toda-la-presi\u00f3n.jpeg","datePublished":"2020-08-25T10:26:12+00:00","dateModified":"2020-08-25T10:26:15+00:00","author":{"@id":"https:\/\/hotnewsinworld.com\/es\/#\/schema\/person\/fe61448b21c0d59086e75fcc1f9d8f6b"},"breadcrumb":{"@id":"https:\/\/hotnewsinworld.com\/es\/coronavirus-el-gobierno-traslada-a-las-autonomias-toda-la-presion-politica-frente-a-la-pandemia-espana\/#breadcrumb"},"inLanguage":"es","potentialAction":[{"@type":"ReadAction","target":["https:\/\/hotnewsinworld.com\/es\/coronavirus-el-gobierno-traslada-a-las-autonomias-toda-la-presion-politica-frente-a-la-pandemia-espana\/"]}]},{"@type":"ImageObject","inLanguage":"es","@id":"https:\/\/hotnewsinworld.com\/es\/coronavirus-el-gobierno-traslada-a-las-autonomias-toda-la-presion-politica-frente-a-la-pandemia-espana\/#primaryimage","url":"https:\/\/hotnewsinworld.com\/es\/wp-content\/uploads\/sites\/4\/2020\/08\/Coronavirus-El-Gobierno-traslada-a-las-autonom\u00edas-toda-la-presi\u00f3n.jpeg","contentUrl":"https:\/\/hotnewsinworld.com\/es\/wp-content\/uploads\/sites\/4\/2020\/08\/Coronavirus-El-Gobierno-traslada-a-las-autonom\u00edas-toda-la-presi\u00f3n.jpeg","width":2000,"height":1330,"caption":"Coronavirus: El Gobierno traslada a las autonom\u00edas toda la presi\u00f3n pol\u00edtica frente a la pandemia | Espa\u00f1a"},{"@type":"BreadcrumbList","@id":"https:\/\/hotnewsinworld.com\/es\/coronavirus-el-gobierno-traslada-a-las-autonomias-toda-la-presion-politica-frente-a-la-pandemia-espana\/#breadcrumb","itemListElement":[{"@type":"ListItem","position":1,"name":"\u0413\u043b\u0430\u0432\u043d\u0430\u044f \u0441\u0442\u0440\u0430\u043d\u0438\u0446\u0430","item":"https:\/\/hotnewsinworld.com\/es\/"},{"@type":"ListItem","position":2,"name":"Coronavirus: El Gobierno traslada a las autonom\u00edas toda la presi\u00f3n pol\u00edtica frente a la pandemia | Espa\u00f1a"}]},{"@type":"WebSite","@id":"https:\/\/hotnewsinworld.com\/es\/#website","url":"https:\/\/hotnewsinworld.com\/es\/","name":"Hot News in World","description":"Hot News in World from Spain","potentialAction":[{"@type":"SearchAction","target":{"@type":"EntryPoint","urlTemplate":"https:\/\/hotnewsinworld.com\/es\/?s={search_term_string}"},"query-input":{"@type":"PropertyValueSpecification","valueRequired":true,"valueName":"search_term_string"}}],"inLanguage":"es"},{"@type":"Person","@id":"https:\/\/hotnewsinworld.com\/es\/#\/schema\/person\/fe61448b21c0d59086e75fcc1f9d8f6b","name":"hotnewsinworld","image":{"@type":"ImageObject","inLanguage":"es","@id":"https:\/\/secure.gravatar.com\/avatar\/8a09ac165600ce2e1c38fe593c63928eb1e6e7ba5c5a907d67787c41b3d00c14?s=96&d=mm&r=g","url":"https:\/\/secure.gravatar.com\/avatar\/8a09ac165600ce2e1c38fe593c63928eb1e6e7ba5c5a907d67787c41b3d00c14?s=96&d=mm&r=g","contentUrl":"https:\/\/secure.gravatar.com\/avatar\/8a09ac165600ce2e1c38fe593c63928eb1e6e7ba5c5a907d67787c41b3d00c14?s=96&d=mm&r=g","caption":"hotnewsinworld"},"url":"https:\/\/hotnewsinworld.com\/es\/author\/pt\/"}]}},"_links":{"self":[{"href":"https:\/\/hotnewsinworld.com\/es\/wp-json\/wp\/v2\/posts\/454","targetHints":{"allow":["GET"]}}],"collection":[{"href":"https:\/\/hotnewsinworld.com\/es\/wp-json\/wp\/v2\/posts"}],"about":[{"href":"https:\/\/hotnewsinworld.com\/es\/wp-json\/wp\/v2\/types\/post"}],"author":[{"embeddable":true,"href":"https:\/\/hotnewsinworld.com\/es\/wp-json\/wp\/v2\/users\/2"}],"replies":[{"embeddable":true,"href":"https:\/\/hotnewsinworld.com\/es\/wp-json\/wp\/v2\/comments?post=454"}],"version-history":[{"count":1,"href":"https:\/\/hotnewsinworld.com\/es\/wp-json\/wp\/v2\/posts\/454\/revisions"}],"predecessor-version":[{"id":456,"href":"https:\/\/hotnewsinworld.com\/es\/wp-json\/wp\/v2\/posts\/454\/revisions\/456"}],"wp:featuredmedia":[{"embeddable":true,"href":"https:\/\/hotnewsinworld.com\/es\/wp-json\/wp\/v2\/media\/455"}],"wp:attachment":[{"href":"https:\/\/hotnewsinworld.com\/es\/wp-json\/wp\/v2\/media?parent=454"}],"wp:term":[{"taxonomy":"category","embeddable":true,"href":"https:\/\/hotnewsinworld.com\/es\/wp-json\/wp\/v2\/categories?post=454"},{"taxonomy":"post_tag","embeddable":true,"href":"https:\/\/hotnewsinworld.com\/es\/wp-json\/wp\/v2\/tags?post=454"}],"curies":[{"name":"wp","href":"https:\/\/api.w.org\/{rel}","templated":true}]}}