{"id":517,"date":"2020-09-16T13:46:13","date_gmt":"2020-09-16T10:46:13","guid":{"rendered":"https:\/\/hotnewsinworld.com\/es\/multas-de-hasta-150-000-euros-y-otras-nueve-claves-de-la-nueva-ley-de-memoria-espana\/"},"modified":"2020-09-16T13:46:15","modified_gmt":"2020-09-16T10:46:15","slug":"multas-de-hasta-150-000-euros-y-otras-nueve-claves-de-la-nueva-ley-de-memoria-espana","status":"publish","type":"post","link":"https:\/\/hotnewsinworld.com\/es\/multas-de-hasta-150-000-euros-y-otras-nueve-claves-de-la-nueva-ley-de-memoria-espana\/","title":{"rendered":"Multas de hasta 150.000 euros y otras nueve claves de la nueva ley de memoria | Espa\u00f1a"},"content":{"rendered":"<p>Trabajos de exhumaci\u00f3n de la fosa com\u00fan de Pico Reja en el cementerio de San Fernando de Sevilla, el pasado julio.Julio Mu\u00f1oz \/ EFEEl debate de la ley de memoria hist\u00f3rica de 2007 fue tan acalorado \u2014 \u201cal escuchar algunas expresiones me daban ganas de salir del hemiciclo, ir a tomarme una copa y volver\u201d, declar\u00f3 un diputado\u2014 que el texto finalmente aprobado no content\u00f3 a muchos. La nueva norma trata, 13 a\u00f1os despu\u00e9s, de incorporar algunas de las medidas reclamadas desde entonces por asociaciones de v\u00edctimas y por relatores de la ONU que sacaron varias veces los colores a Espa\u00f1a por haberlas dejado atr\u00e1s.El Consejo de Ministros ha llevado este martes a primera lectura el anteproyecto de la ley de memoria democr\u00e1tica, que sustituir\u00e1 a la ley de 2007 y se someter\u00e1 ahora a consulta del Consejo de Estado. El Gobierno calcula que la norma, de 66 art\u00edculos, pueda entrar en vigor \u201cen el primer semestre de 2021\u201d. La nueva legislaci\u00f3n afecta a varias normas y prev\u00e9 la incorporaci\u00f3n de la ense\u00f1anza de la represi\u00f3n franquista en las escuelas y la creaci\u00f3n de un banco de ADN para identificar a los fusilados que sean recuperados de fosas comunes y cunetas, como adelant\u00f3 EL PA\u00cdS el pasado julio. El PP ya la ha criticado: \u201cSiempre que Pedro S\u00e1nchez tiene un problema, saca el comod\u00edn del p\u00fablico, que es Franco\u201d. Estas son las claves del texto y las nuevas dificultades:1. Pedagog\u00eda. El departamento de Carmen Calvo ha negociado con el Ministerio de Educaci\u00f3n \u201cla actualizaci\u00f3n de los contenidos curriculares\u201d para ense\u00f1ar en ESO y bachillerato la represi\u00f3n franquista. En su informe sobre Espa\u00f1a de 2014, el relator de Naciones Unidas Pablo de Greiff lamentaba que \u201calgunos libros de texto\u201d continuaban refiri\u00e9ndose a la Guerra Civil \u201cen t\u00e9rminos gen\u00e9ricos, perpetuando la idea de una responsabilidad sim\u00e9trica\u201d. Las competencias en Educaci\u00f3n est\u00e1n transferidas a las autonom\u00edas y fuentes del Gobierno admiten que las gobernadas por el PP con el apoyo de Vox pueden poner dificultades. \u201cLo que se dise\u00f1ar\u00e1 son unos contenidos generales para todos\u201d.2. La Fundaci\u00f3n Franco y el r\u00e9gimen sancionador. Una de las principales novedades de la ley de memoria democr\u00e1tica respecto a la norma aprobada en 2007 es la incorporaci\u00f3n de sanciones por incumplimiento que ir\u00e1n de los 200 a los 150.000 euros, seg\u00fan el tipo de infracci\u00f3n (muy grave, grave o leve). Entre las muy graves figuran, por ejemplo, trasladar restos de v\u00edctimas de la Guerra Civil sin la autorizaci\u00f3n necesaria, destruir fosas comunes, lugares de memoria y homenaje y los \u201cactos de exaltaci\u00f3n\u201d del franquismo que conlleven un grave menosprecio a las v\u00edctimas. El coste de las infracciones graves ser\u00e1 entre 2.000 y 10.000 euros y las multas para las consideradas leves, entre 200 y 2.000. Adem\u00e1s, la vicepresidenta ha aclarado que se modificar\u00e1 la ley de asociaciones para actuar contra aquellas que realicen apolog\u00eda del franquismo o inciten al odio contra las v\u00edctimas. \u201cNo va a poder existir en nuestro pa\u00eds ninguna asociaci\u00f3n que enaltezca a figuras totalitarias o a la dictadura\u201d, ha declarado. La \u201cextinci\u00f3n\u201d de este tipo de organismos, como la Fundaci\u00f3n Franco, seg\u00fan el Gobierno, corresponder\u00e1 al Ministerio de Cultura. La Fundaci\u00f3n Franco, que atesora 30.000 documentos hist\u00f3ricos, dej\u00f3 de recibir subvenciones hace a\u00f1os. Se financia con los donativos de sus socios, que s\u00ed se benefician de deducciones fiscales por ello.3. Exhumaciones, censo y banco de ADN. El forense Francisco Etxeberria, que asesora al Gobierno en la elaboraci\u00f3n de la ley, estima entre 20.000 y 25.000 las v\u00edctimas que se podr\u00edan recuperar en fosas comunes en cuatro o cinco a\u00f1os. La ley de 2007 establec\u00eda un sistema de subvenciones de forma que eran las asociaciones de familiares las que asum\u00edan todo el proceso. El relator de Naciones Unidas consider\u00f3 que era una \u201cprivatizaci\u00f3n\u201d de las exhumaciones que abandonaba a las familias. El Gobierno pretende corregir eso involucrando a todas las Administraciones (tambi\u00e9n los Ayuntamientos) y al Ministerio Fiscal, pero habr\u00e1 una fase de transici\u00f3n donde el procedimiento se parecer\u00e1 todav\u00eda al actual, con convocatoria p\u00fablica de subvenciones. El objetivo final, explica el secretario de Estado de memoria democr\u00e1tica, es que el Estado asuma por completo esta tarea y la identificaci\u00f3n de los restos, para lo que crear\u00e1 un banco de ADN. Calvo ha admitido que llevar\u00e1 \u201cmucho tiempo\u201d y trabajar\u00e1n en planes \u201ccuatrienales\u201d. La ejecuci\u00f3n de esta y otras medidas de la nueva ley depende de la aprobaci\u00f3n de los Presupuestos. El grueso de la partida de memoria se destinar\u00e1 a las fosas.4. Fiscal\u00eda especial. Se crear\u00e1, en el Tribunal Supremo, una fiscal\u00eda de sala, \u201cpara atender la b\u00fasqueda de personas desaparecidos\u201d, seg\u00fan ha aclarado el secretario de Estado para la Memoria Democr\u00e1tica, Fernando Mart\u00ednez. \u201cEs uno de los elementos fundamentales para hacer posible el derecho a la investigaci\u00f3n de las violaciones de derechos humanos\u201d. Mart\u00ednez ha insistido en que la ley de amnist\u00eda, esgrimida con anterioridad para vetar ese tipo de investigaciones, no es obst\u00e1culo.5. Anulaci\u00f3n de juicios.  La ley de 2007 declar\u00f3 ileg\u00edtimos los tribunales franquistas pero no anul\u00f3 las sentencias que hab\u00edan impuesto. En aquel momento, fuentes del Gobierno lo justificaron en el temor a que los afectados reclamaran indemnizaciones. Fuentes del Ejecutivo actual aclaran que el procedimiento a partir de ahora ser\u00e1 incorporar a las declaraciones de reparaci\u00f3n personal a los represaliados \u2014que antes otorgaba el Ministerio de Justicia y ahora la vicepresidencia\u2014 que la sentencia contra el titular de esa declaraci\u00f3n es nula. Los tribunales franquistas, a\u00f1aden, realizaron juicios sin garant\u00edas desde el inicio de la dictadura hasta el final, como el Tribunal de Orden P\u00fablico. El Ejecutivo aclara que la nulidad de esas sentencias no da derecho a indemnizaci\u00f3n.6. Los benedictinos, fuera del Valle de los Ca\u00eddos. La exhumaci\u00f3n de Franco fue el primer paso para resignificar el monumento. En todo el complejo no hay un solo cartel que explique que fue construido por presos o que alberga los restos de m\u00e1s de 33.800 v\u00edctimas, entre ellas, republicanos llevados all\u00ed sin el consentimiento de sus familiares. El Ejecutivo quiere trasladar la tumba de Jos\u00e9 Antonio Primo de Rivera, ahora junto al altar, a las capillas laterales, con el resto de v\u00edctimas, pero si la familia desea llevarse los restos, no pondr\u00e1 objeciones. El prop\u00f3sito es convertir el Valle de los Ca\u00eddos en un lugar de memoria y \u201cpedagog\u00eda democr\u00e1tica\u201d. La presencia de la fundaci\u00f3n de los benedictinos en el mausoleo es \u201cincompatible\u201d con esos objetivos, ha declarado este martes Calvo. La vicepresidenta ha asegurado que habr\u00e1 un periodo \u201ctransitorio\u201d hasta su salida. \u201cNo est\u00e1, de momento, sobre la mesa\u201d, seg\u00fan el secretario de Estado para la Memoria Democr\u00e1tica, la retirada de la gran cruz. \u201cEl objetivo fundamental es explicar el monumento en su conjunto\u201d.7. Auditor\u00eda del expolio y de las empresas que se beneficiaron de trabajos forzados. El Gobierno realizar\u00e1 un inventario de las empresas que recurrieron a \u201ctrabajos forzados\u201d durante la dictadura y del expolio que se produjo durante el franquismo.8. Dos fechas de homenaje. Se establece el 31 de octubre, fecha de aprobaci\u00f3n en Cortes de la Constituci\u00f3n espa\u00f1ola en 1978, como el d\u00eda para recordar a todas las v\u00edctimas y el 8 de mayo como d\u00eda de homenaje a quienes tuvieron que exiliarse en otros pa\u00edses como consecuencia de la Guerra Civil y la dictadura.9. Nacionalidad espa\u00f1ola. Incluir\u00e1 una regla para la adquisici\u00f3n de la nacionalidad espa\u00f1ola para nacidos fuera de Espa\u00f1a de padres o madres, abuelas o abuelos \u201cexiliados por razones pol\u00edticas, ideol\u00f3gicas o de creencia\u201d. La anterior ley, de 2007, ya abri\u00f3 un periodo para que descendientes de represaliados, as\u00ed como brigadistas internacionales pudieran beneficiarse de esta medida.10. T\u00edtulos nobiliarios. Ser\u00e1n retirados, seg\u00fan ha asegurado la vicepresidenta, todos aquellos t\u00edtulos nobiliarios vinculados al franquismo, como el que concedi\u00f3 a Queipo de Llano, exceptuando los que fueran concedidos por m\u00e9ritos acad\u00e9micos o cient\u00edficos, por ejemplo. El Gobierno trabaja en un cat\u00e1logo de t\u00edtulos con posibilidad ser eliminados. \u201cEl Ducado de Franco es uno de ellos\u201d, aseguran. En total, \u201cm\u00e1s de 30\u201d.<br \/>\n<br \/>\n<!--noindex--><br \/>\n<a href=\"https:\/\/elpais.com\/espana\/2020-09-15\/multas-de-hasta-150000-euros-y-otras-9-claves-de-la-nueva-ley-de-memoria.html\" rel=\"nofollow\">Source link <\/a><br \/>\n<!--\/noindex--><\/p>\n","protected":false},"excerpt":{"rendered":"<p>Trabajos de exhumaci\u00f3n de la fosa com\u00fan de Pico Reja en el cementerio de San Fernando de Sevilla, el pasado julio.Julio Mu\u00f1oz \/ EFEEl debate de la ley de memoria hist\u00f3rica de 2007 fue tan acalorado \u2014 \u201cal escuchar algunas expresiones me daban ganas de salir del hemiciclo, ir a tomarme una copa y volver\u201d, [&hellip;]<\/p>\n","protected":false},"author":2,"featured_media":518,"comment_status":"open","ping_status":"open","sticky":false,"template":"","format":"standard","meta":{"footnotes":""},"categories":[3],"tags":[],"class_list":["post-517","post","type-post","status-publish","format-standard","has-post-thumbnail","hentry","category-noticias-de-medios-sociales"],"yoast_head":"<!-- This site is optimized with the Yoast SEO plugin v27.4 - https:\/\/yoast.com\/product\/yoast-seo-wordpress\/ -->\n<title>Multas de hasta 150.000 euros y otras nueve claves de la nueva ley de memoria | Espa\u00f1a - Hot News in World<\/title>\n<meta name=\"robots\" content=\"index, follow, max-snippet:-1, max-image-preview:large, max-video-preview:-1\" \/>\n<link rel=\"canonical\" href=\"https:\/\/hotnewsinworld.com\/es\/multas-de-hasta-150-000-euros-y-otras-nueve-claves-de-la-nueva-ley-de-memoria-espana\/\" \/>\n<meta property=\"og:locale\" content=\"es_ES\" \/>\n<meta property=\"og:type\" content=\"article\" \/>\n<meta property=\"og:title\" content=\"Multas de hasta 150.000 euros y otras nueve claves de la nueva ley de memoria | Espa\u00f1a - Hot News in World\" \/>\n<meta property=\"og:description\" content=\"Trabajos de exhumaci\u00f3n de la fosa com\u00fan de Pico Reja en el cementerio de San Fernando de Sevilla, el pasado julio.Julio Mu\u00f1oz \/ EFEEl debate de la ley de memoria hist\u00f3rica de 2007 fue tan acalorado \u2014 \u201cal escuchar algunas expresiones me daban ganas de salir del hemiciclo, ir a tomarme una copa y volver\u201d, [&hellip;]\" \/>\n<meta property=\"og:url\" content=\"https:\/\/hotnewsinworld.com\/es\/multas-de-hasta-150-000-euros-y-otras-nueve-claves-de-la-nueva-ley-de-memoria-espana\/\" \/>\n<meta property=\"og:site_name\" content=\"Hot News in World\" \/>\n<meta property=\"article:published_time\" content=\"2020-09-16T10:46:13+00:00\" \/>\n<meta property=\"article:modified_time\" content=\"2020-09-16T10:46:15+00:00\" \/>\n<meta property=\"og:image\" content=\"https:\/\/hotnewsinworld.com\/es\/wp-content\/uploads\/sites\/4\/2020\/09\/Multas-de-hasta-150.000-euros-y-otras-nueve-claves-de.jpg\" \/>\n\t<meta property=\"og:image:width\" content=\"980\" \/>\n\t<meta property=\"og:image:height\" content=\"553\" \/>\n\t<meta property=\"og:image:type\" content=\"image\/jpeg\" \/>\n<meta name=\"author\" content=\"hotnewsinworld\" \/>\n<meta name=\"twitter:card\" content=\"summary_large_image\" \/>\n<meta name=\"twitter:label1\" content=\"Escrito por\" \/>\n\t<meta name=\"twitter:data1\" content=\"hotnewsinworld\" \/>\n\t<meta name=\"twitter:label2\" content=\"Tiempo de lectura\" \/>\n\t<meta name=\"twitter:data2\" content=\"7 minutos\" \/>\n<script type=\"application\/ld+json\" class=\"yoast-schema-graph\">{\"@context\":\"https:\\\/\\\/schema.org\",\"@graph\":[{\"@type\":\"Article\",\"@id\":\"https:\\\/\\\/hotnewsinworld.com\\\/es\\\/multas-de-hasta-150-000-euros-y-otras-nueve-claves-de-la-nueva-ley-de-memoria-espana\\\/#article\",\"isPartOf\":{\"@id\":\"https:\\\/\\\/hotnewsinworld.com\\\/es\\\/multas-de-hasta-150-000-euros-y-otras-nueve-claves-de-la-nueva-ley-de-memoria-espana\\\/\"},\"author\":{\"name\":\"hotnewsinworld\",\"@id\":\"https:\\\/\\\/hotnewsinworld.com\\\/es\\\/#\\\/schema\\\/person\\\/fe61448b21c0d59086e75fcc1f9d8f6b\"},\"headline\":\"Multas de hasta 150.000 euros y otras nueve claves de la nueva ley de memoria | Espa\u00f1a\",\"datePublished\":\"2020-09-16T10:46:13+00:00\",\"dateModified\":\"2020-09-16T10:46:15+00:00\",\"mainEntityOfPage\":{\"@id\":\"https:\\\/\\\/hotnewsinworld.com\\\/es\\\/multas-de-hasta-150-000-euros-y-otras-nueve-claves-de-la-nueva-ley-de-memoria-espana\\\/\"},\"wordCount\":1448,\"commentCount\":0,\"image\":{\"@id\":\"https:\\\/\\\/hotnewsinworld.com\\\/es\\\/multas-de-hasta-150-000-euros-y-otras-nueve-claves-de-la-nueva-ley-de-memoria-espana\\\/#primaryimage\"},\"thumbnailUrl\":\"https:\\\/\\\/hotnewsinworld.com\\\/es\\\/wp-content\\\/uploads\\\/sites\\\/4\\\/2020\\\/09\\\/Multas-de-hasta-150.000-euros-y-otras-nueve-claves-de.jpg\",\"articleSection\":[\"NOTICIAS DE MEDIOS SOCIALES\"],\"inLanguage\":\"es\",\"potentialAction\":[{\"@type\":\"CommentAction\",\"name\":\"Comment\",\"target\":[\"https:\\\/\\\/hotnewsinworld.com\\\/es\\\/multas-de-hasta-150-000-euros-y-otras-nueve-claves-de-la-nueva-ley-de-memoria-espana\\\/#respond\"]}]},{\"@type\":\"WebPage\",\"@id\":\"https:\\\/\\\/hotnewsinworld.com\\\/es\\\/multas-de-hasta-150-000-euros-y-otras-nueve-claves-de-la-nueva-ley-de-memoria-espana\\\/\",\"url\":\"https:\\\/\\\/hotnewsinworld.com\\\/es\\\/multas-de-hasta-150-000-euros-y-otras-nueve-claves-de-la-nueva-ley-de-memoria-espana\\\/\",\"name\":\"Multas de hasta 150.000 euros y otras nueve claves de la nueva ley de memoria | Espa\u00f1a - Hot News in World\",\"isPartOf\":{\"@id\":\"https:\\\/\\\/hotnewsinworld.com\\\/es\\\/#website\"},\"primaryImageOfPage\":{\"@id\":\"https:\\\/\\\/hotnewsinworld.com\\\/es\\\/multas-de-hasta-150-000-euros-y-otras-nueve-claves-de-la-nueva-ley-de-memoria-espana\\\/#primaryimage\"},\"image\":{\"@id\":\"https:\\\/\\\/hotnewsinworld.com\\\/es\\\/multas-de-hasta-150-000-euros-y-otras-nueve-claves-de-la-nueva-ley-de-memoria-espana\\\/#primaryimage\"},\"thumbnailUrl\":\"https:\\\/\\\/hotnewsinworld.com\\\/es\\\/wp-content\\\/uploads\\\/sites\\\/4\\\/2020\\\/09\\\/Multas-de-hasta-150.000-euros-y-otras-nueve-claves-de.jpg\",\"datePublished\":\"2020-09-16T10:46:13+00:00\",\"dateModified\":\"2020-09-16T10:46:15+00:00\",\"author\":{\"@id\":\"https:\\\/\\\/hotnewsinworld.com\\\/es\\\/#\\\/schema\\\/person\\\/fe61448b21c0d59086e75fcc1f9d8f6b\"},\"breadcrumb\":{\"@id\":\"https:\\\/\\\/hotnewsinworld.com\\\/es\\\/multas-de-hasta-150-000-euros-y-otras-nueve-claves-de-la-nueva-ley-de-memoria-espana\\\/#breadcrumb\"},\"inLanguage\":\"es\",\"potentialAction\":[{\"@type\":\"ReadAction\",\"target\":[\"https:\\\/\\\/hotnewsinworld.com\\\/es\\\/multas-de-hasta-150-000-euros-y-otras-nueve-claves-de-la-nueva-ley-de-memoria-espana\\\/\"]}]},{\"@type\":\"ImageObject\",\"inLanguage\":\"es\",\"@id\":\"https:\\\/\\\/hotnewsinworld.com\\\/es\\\/multas-de-hasta-150-000-euros-y-otras-nueve-claves-de-la-nueva-ley-de-memoria-espana\\\/#primaryimage\",\"url\":\"https:\\\/\\\/hotnewsinworld.com\\\/es\\\/wp-content\\\/uploads\\\/sites\\\/4\\\/2020\\\/09\\\/Multas-de-hasta-150.000-euros-y-otras-nueve-claves-de.jpg\",\"contentUrl\":\"https:\\\/\\\/hotnewsinworld.com\\\/es\\\/wp-content\\\/uploads\\\/sites\\\/4\\\/2020\\\/09\\\/Multas-de-hasta-150.000-euros-y-otras-nueve-claves-de.jpg\",\"width\":980,\"height\":553,\"caption\":\"Multas de hasta 150.000 euros y otras nueve claves de la nueva ley de memoria | Espa\u00f1a\"},{\"@type\":\"BreadcrumbList\",\"@id\":\"https:\\\/\\\/hotnewsinworld.com\\\/es\\\/multas-de-hasta-150-000-euros-y-otras-nueve-claves-de-la-nueva-ley-de-memoria-espana\\\/#breadcrumb\",\"itemListElement\":[{\"@type\":\"ListItem\",\"position\":1,\"name\":\"\u0413\u043b\u0430\u0432\u043d\u0430\u044f \u0441\u0442\u0440\u0430\u043d\u0438\u0446\u0430\",\"item\":\"https:\\\/\\\/hotnewsinworld.com\\\/es\\\/\"},{\"@type\":\"ListItem\",\"position\":2,\"name\":\"Multas de hasta 150.000 euros y otras nueve claves de la nueva ley de memoria | Espa\u00f1a\"}]},{\"@type\":\"WebSite\",\"@id\":\"https:\\\/\\\/hotnewsinworld.com\\\/es\\\/#website\",\"url\":\"https:\\\/\\\/hotnewsinworld.com\\\/es\\\/\",\"name\":\"Hot News in World\",\"description\":\"Hot News in World from Spain\",\"potentialAction\":[{\"@type\":\"SearchAction\",\"target\":{\"@type\":\"EntryPoint\",\"urlTemplate\":\"https:\\\/\\\/hotnewsinworld.com\\\/es\\\/?s={search_term_string}\"},\"query-input\":{\"@type\":\"PropertyValueSpecification\",\"valueRequired\":true,\"valueName\":\"search_term_string\"}}],\"inLanguage\":\"es\"},{\"@type\":\"Person\",\"@id\":\"https:\\\/\\\/hotnewsinworld.com\\\/es\\\/#\\\/schema\\\/person\\\/fe61448b21c0d59086e75fcc1f9d8f6b\",\"name\":\"hotnewsinworld\",\"image\":{\"@type\":\"ImageObject\",\"inLanguage\":\"es\",\"@id\":\"https:\\\/\\\/secure.gravatar.com\\\/avatar\\\/8a09ac165600ce2e1c38fe593c63928eb1e6e7ba5c5a907d67787c41b3d00c14?s=96&d=mm&r=g\",\"url\":\"https:\\\/\\\/secure.gravatar.com\\\/avatar\\\/8a09ac165600ce2e1c38fe593c63928eb1e6e7ba5c5a907d67787c41b3d00c14?s=96&d=mm&r=g\",\"contentUrl\":\"https:\\\/\\\/secure.gravatar.com\\\/avatar\\\/8a09ac165600ce2e1c38fe593c63928eb1e6e7ba5c5a907d67787c41b3d00c14?s=96&d=mm&r=g\",\"caption\":\"hotnewsinworld\"},\"url\":\"https:\\\/\\\/hotnewsinworld.com\\\/es\\\/author\\\/pt\\\/\"}]}<\/script>\n<!-- \/ Yoast SEO plugin. -->","yoast_head_json":{"title":"Multas de hasta 150.000 euros y otras nueve claves de la nueva ley de memoria | Espa\u00f1a - Hot News in World","robots":{"index":"index","follow":"follow","max-snippet":"max-snippet:-1","max-image-preview":"max-image-preview:large","max-video-preview":"max-video-preview:-1"},"canonical":"https:\/\/hotnewsinworld.com\/es\/multas-de-hasta-150-000-euros-y-otras-nueve-claves-de-la-nueva-ley-de-memoria-espana\/","og_locale":"es_ES","og_type":"article","og_title":"Multas de hasta 150.000 euros y otras nueve claves de la nueva ley de memoria | Espa\u00f1a - Hot News in World","og_description":"Trabajos de exhumaci\u00f3n de la fosa com\u00fan de Pico Reja en el cementerio de San Fernando de Sevilla, el pasado julio.Julio Mu\u00f1oz \/ EFEEl debate de la ley de memoria hist\u00f3rica de 2007 fue tan acalorado \u2014 \u201cal escuchar algunas expresiones me daban ganas de salir del hemiciclo, ir a tomarme una copa y volver\u201d, [&hellip;]","og_url":"https:\/\/hotnewsinworld.com\/es\/multas-de-hasta-150-000-euros-y-otras-nueve-claves-de-la-nueva-ley-de-memoria-espana\/","og_site_name":"Hot News in World","article_published_time":"2020-09-16T10:46:13+00:00","article_modified_time":"2020-09-16T10:46:15+00:00","og_image":[{"width":980,"height":553,"url":"https:\/\/hotnewsinworld.com\/es\/wp-content\/uploads\/sites\/4\/2020\/09\/Multas-de-hasta-150.000-euros-y-otras-nueve-claves-de.jpg","type":"image\/jpeg"}],"author":"hotnewsinworld","twitter_card":"summary_large_image","twitter_misc":{"Escrito por":"hotnewsinworld","Tiempo de lectura":"7 minutos"},"schema":{"@context":"https:\/\/schema.org","@graph":[{"@type":"Article","@id":"https:\/\/hotnewsinworld.com\/es\/multas-de-hasta-150-000-euros-y-otras-nueve-claves-de-la-nueva-ley-de-memoria-espana\/#article","isPartOf":{"@id":"https:\/\/hotnewsinworld.com\/es\/multas-de-hasta-150-000-euros-y-otras-nueve-claves-de-la-nueva-ley-de-memoria-espana\/"},"author":{"name":"hotnewsinworld","@id":"https:\/\/hotnewsinworld.com\/es\/#\/schema\/person\/fe61448b21c0d59086e75fcc1f9d8f6b"},"headline":"Multas de hasta 150.000 euros y otras nueve claves de la nueva ley de memoria | Espa\u00f1a","datePublished":"2020-09-16T10:46:13+00:00","dateModified":"2020-09-16T10:46:15+00:00","mainEntityOfPage":{"@id":"https:\/\/hotnewsinworld.com\/es\/multas-de-hasta-150-000-euros-y-otras-nueve-claves-de-la-nueva-ley-de-memoria-espana\/"},"wordCount":1448,"commentCount":0,"image":{"@id":"https:\/\/hotnewsinworld.com\/es\/multas-de-hasta-150-000-euros-y-otras-nueve-claves-de-la-nueva-ley-de-memoria-espana\/#primaryimage"},"thumbnailUrl":"https:\/\/hotnewsinworld.com\/es\/wp-content\/uploads\/sites\/4\/2020\/09\/Multas-de-hasta-150.000-euros-y-otras-nueve-claves-de.jpg","articleSection":["NOTICIAS DE MEDIOS SOCIALES"],"inLanguage":"es","potentialAction":[{"@type":"CommentAction","name":"Comment","target":["https:\/\/hotnewsinworld.com\/es\/multas-de-hasta-150-000-euros-y-otras-nueve-claves-de-la-nueva-ley-de-memoria-espana\/#respond"]}]},{"@type":"WebPage","@id":"https:\/\/hotnewsinworld.com\/es\/multas-de-hasta-150-000-euros-y-otras-nueve-claves-de-la-nueva-ley-de-memoria-espana\/","url":"https:\/\/hotnewsinworld.com\/es\/multas-de-hasta-150-000-euros-y-otras-nueve-claves-de-la-nueva-ley-de-memoria-espana\/","name":"Multas de hasta 150.000 euros y otras nueve claves de la nueva ley de memoria | Espa\u00f1a - Hot News in World","isPartOf":{"@id":"https:\/\/hotnewsinworld.com\/es\/#website"},"primaryImageOfPage":{"@id":"https:\/\/hotnewsinworld.com\/es\/multas-de-hasta-150-000-euros-y-otras-nueve-claves-de-la-nueva-ley-de-memoria-espana\/#primaryimage"},"image":{"@id":"https:\/\/hotnewsinworld.com\/es\/multas-de-hasta-150-000-euros-y-otras-nueve-claves-de-la-nueva-ley-de-memoria-espana\/#primaryimage"},"thumbnailUrl":"https:\/\/hotnewsinworld.com\/es\/wp-content\/uploads\/sites\/4\/2020\/09\/Multas-de-hasta-150.000-euros-y-otras-nueve-claves-de.jpg","datePublished":"2020-09-16T10:46:13+00:00","dateModified":"2020-09-16T10:46:15+00:00","author":{"@id":"https:\/\/hotnewsinworld.com\/es\/#\/schema\/person\/fe61448b21c0d59086e75fcc1f9d8f6b"},"breadcrumb":{"@id":"https:\/\/hotnewsinworld.com\/es\/multas-de-hasta-150-000-euros-y-otras-nueve-claves-de-la-nueva-ley-de-memoria-espana\/#breadcrumb"},"inLanguage":"es","potentialAction":[{"@type":"ReadAction","target":["https:\/\/hotnewsinworld.com\/es\/multas-de-hasta-150-000-euros-y-otras-nueve-claves-de-la-nueva-ley-de-memoria-espana\/"]}]},{"@type":"ImageObject","inLanguage":"es","@id":"https:\/\/hotnewsinworld.com\/es\/multas-de-hasta-150-000-euros-y-otras-nueve-claves-de-la-nueva-ley-de-memoria-espana\/#primaryimage","url":"https:\/\/hotnewsinworld.com\/es\/wp-content\/uploads\/sites\/4\/2020\/09\/Multas-de-hasta-150.000-euros-y-otras-nueve-claves-de.jpg","contentUrl":"https:\/\/hotnewsinworld.com\/es\/wp-content\/uploads\/sites\/4\/2020\/09\/Multas-de-hasta-150.000-euros-y-otras-nueve-claves-de.jpg","width":980,"height":553,"caption":"Multas de hasta 150.000 euros y otras nueve claves de la nueva ley de memoria | Espa\u00f1a"},{"@type":"BreadcrumbList","@id":"https:\/\/hotnewsinworld.com\/es\/multas-de-hasta-150-000-euros-y-otras-nueve-claves-de-la-nueva-ley-de-memoria-espana\/#breadcrumb","itemListElement":[{"@type":"ListItem","position":1,"name":"\u0413\u043b\u0430\u0432\u043d\u0430\u044f \u0441\u0442\u0440\u0430\u043d\u0438\u0446\u0430","item":"https:\/\/hotnewsinworld.com\/es\/"},{"@type":"ListItem","position":2,"name":"Multas de hasta 150.000 euros y otras nueve claves de la nueva ley de memoria | Espa\u00f1a"}]},{"@type":"WebSite","@id":"https:\/\/hotnewsinworld.com\/es\/#website","url":"https:\/\/hotnewsinworld.com\/es\/","name":"Hot News in World","description":"Hot News in World from Spain","potentialAction":[{"@type":"SearchAction","target":{"@type":"EntryPoint","urlTemplate":"https:\/\/hotnewsinworld.com\/es\/?s={search_term_string}"},"query-input":{"@type":"PropertyValueSpecification","valueRequired":true,"valueName":"search_term_string"}}],"inLanguage":"es"},{"@type":"Person","@id":"https:\/\/hotnewsinworld.com\/es\/#\/schema\/person\/fe61448b21c0d59086e75fcc1f9d8f6b","name":"hotnewsinworld","image":{"@type":"ImageObject","inLanguage":"es","@id":"https:\/\/secure.gravatar.com\/avatar\/8a09ac165600ce2e1c38fe593c63928eb1e6e7ba5c5a907d67787c41b3d00c14?s=96&d=mm&r=g","url":"https:\/\/secure.gravatar.com\/avatar\/8a09ac165600ce2e1c38fe593c63928eb1e6e7ba5c5a907d67787c41b3d00c14?s=96&d=mm&r=g","contentUrl":"https:\/\/secure.gravatar.com\/avatar\/8a09ac165600ce2e1c38fe593c63928eb1e6e7ba5c5a907d67787c41b3d00c14?s=96&d=mm&r=g","caption":"hotnewsinworld"},"url":"https:\/\/hotnewsinworld.com\/es\/author\/pt\/"}]}},"_links":{"self":[{"href":"https:\/\/hotnewsinworld.com\/es\/wp-json\/wp\/v2\/posts\/517","targetHints":{"allow":["GET"]}}],"collection":[{"href":"https:\/\/hotnewsinworld.com\/es\/wp-json\/wp\/v2\/posts"}],"about":[{"href":"https:\/\/hotnewsinworld.com\/es\/wp-json\/wp\/v2\/types\/post"}],"author":[{"embeddable":true,"href":"https:\/\/hotnewsinworld.com\/es\/wp-json\/wp\/v2\/users\/2"}],"replies":[{"embeddable":true,"href":"https:\/\/hotnewsinworld.com\/es\/wp-json\/wp\/v2\/comments?post=517"}],"version-history":[{"count":1,"href":"https:\/\/hotnewsinworld.com\/es\/wp-json\/wp\/v2\/posts\/517\/revisions"}],"predecessor-version":[{"id":519,"href":"https:\/\/hotnewsinworld.com\/es\/wp-json\/wp\/v2\/posts\/517\/revisions\/519"}],"wp:featuredmedia":[{"embeddable":true,"href":"https:\/\/hotnewsinworld.com\/es\/wp-json\/wp\/v2\/media\/518"}],"wp:attachment":[{"href":"https:\/\/hotnewsinworld.com\/es\/wp-json\/wp\/v2\/media?parent=517"}],"wp:term":[{"taxonomy":"category","embeddable":true,"href":"https:\/\/hotnewsinworld.com\/es\/wp-json\/wp\/v2\/categories?post=517"},{"taxonomy":"post_tag","embeddable":true,"href":"https:\/\/hotnewsinworld.com\/es\/wp-json\/wp\/v2\/tags?post=517"}],"curies":[{"name":"wp","href":"https:\/\/api.w.org\/{rel}","templated":true}]}}