{"id":525,"date":"2020-09-19T01:04:49","date_gmt":"2020-09-18T22:04:49","guid":{"rendered":"https:\/\/hotnewsinworld.com\/es\/la-emocion-de-verdi-y-las-palabras-de-vargas-llosa-abren-la-temporada-del-real-cultura\/"},"modified":"2020-09-19T01:04:53","modified_gmt":"2020-09-18T22:04:53","slug":"la-emocion-de-verdi-y-las-palabras-de-vargas-llosa-abren-la-temporada-del-real-cultura","status":"publish","type":"post","link":"https:\/\/hotnewsinworld.com\/es\/la-emocion-de-verdi-y-las-palabras-de-vargas-llosa-abren-la-temporada-del-real-cultura\/","title":{"rendered":"La emoci\u00f3n de Verdi y las palabras de Vargas Llosa abren la temporada del Real | Cultura"},"content":{"rendered":"<p>Un momento de la representaci\u00f3n de &#8216;Un ballo in maschera&#8217;, en el Teatro Real.Javier del Real\u201cQue muchas cosas andan mal a nuestro alrededor, sin duda. Pero a lo largo de la historia de la humanidad, nunca hemos estado mejor\u201d. Con esta cita del fil\u00f3sofo Karl Popper dio la bienvenida Mario Vargas Llosa al p\u00fablico congregado en la noche del viernes en el Teatro Real, entre el que se encontraban los Reyes de Espa\u00f1a, que presid\u00edan la inauguraci\u00f3n de la temporada, y un buen n\u00famero de ministros (entre ellos, el de Cultura, Jos\u00e9 Manuel Rodr\u00edguez Uribes), pol\u00edticos (Pablo Casado e In\u00e9s Arrimadas)  y autoridades del Estado, con la vicepresidenta Carmen Calvo y la presidenta del Congreso, Meritxell Batet, a la cabeza. El escritor, presidente de honor del consejo asesor de la instituci\u00f3n, al frente de cuyo patronato est\u00e1 Gregorio Mara\u00f1\u00f3n y Bertr\u00e1n de Lis, habl\u00f3 antes del estreno de Un ballo in maschera, de Verdi, en una producci\u00f3n de La Fenice de Venecia que pone el foco en el conflicto racial en Estados Unidos y que desde los primeros minutos arranc\u00f3 aplausos de un p\u00fablico entregado y especialmente emocionado por poder disfrutar de una \u00f3pera en directo en un d\u00eda tan dif\u00edcil en Madrid, pocas horas despu\u00e9s de que la presidenta de la Comunidad, Isabel D\u00edazAyuso, anunciara duras restricciones de movilidad y aforo en la regi\u00f3n. Ni ella ni el alcalde de la capital, Jos\u00e9 Luis Mart\u00ednez Almeida, asistieron a la funci\u00f3n.La lluvia impidi\u00f3 que se pudiera retransmitir en directo el estreno a trav\u00e9s de grandes pantallas colocadas en el exterior del edificio como estaba previsto, pero no perturb\u00f3 la emoci\u00f3n que se vivi\u00f3 dentro. Con el maestro Nicola Luisotti a la batuta y un tr\u00edo de primeras voces formado por Michael Fabiano, Anna Pirozzi y Artur Rucinski en los papeles principales, la m\u00fasica de Verdi embarg\u00f3 de nuevo anoche el patio de butacas del coliseo, que tambi\u00e9n hab\u00eda elegido una obra del compositor italiano, La traviata, para reabrir sus puertas en julio tras seis meses cerrado por el coronavirus.Versi\u00f3n adaptadaAntes de la pandemia, el Real hab\u00eda previsto inaugurar la temporada con una versi\u00f3n diferente de la misma obra, la dirigida por David Alden y estrenada en la Metropolitan Opera de Nueva York en 2012, pero este teatro se mantiene todav\u00eda cerrado por el coronavirus (seg\u00fan ha anunciado, al menos hasta final de a\u00f1o) y no ha sido posible trasladar la escenograf\u00eda hasta Espa\u00f1a. Casualmente, La Maestranza de Sevilla hab\u00eda programado una producci\u00f3n de este mismo t\u00edtulo para febrero del a\u00f1o que viene, la que estren\u00f3 La Fenice de Venecia en 2017, con puesta en escena de Gianmaria Aliverta, por lo que el decorado estaba ya preparado para viajar a Espa\u00f1a, circunstancia que fue aprovechada por el Real.La traviata del verano fue una versi\u00f3n de concierto semiescenificada, pero ayer el coliseo dio un paso m\u00e1s con una puesta en escena en toda regla, aunque con algunas modificaciones sobre la original de La Fenice para evitar contactos directos entre los int\u00e9rpretes. No hay besos entre los amantes Riccardo y Amelia, el coro se distribuye en plataformas m\u00f3viles para evitar aglomeraciones en el escenario y las m\u00e1scaras del baile de disfraces que da t\u00edtulo a la obra son aqu\u00ed mascarillas que reproducen los rostros reales de los bailarines.Lo que no ha variado un \u00e1pice es la carga pol\u00edtica de la puesta en escena de Aliverta. As\u00ed concibi\u00f3 originalmente la obra el propio Verdi, que en origen hab\u00eda situado la trama en Estocolmo, inspir\u00e1ndose en el asesinato Gustavo III de Suecia durante un baile de m\u00e1scaras en el siglo XVIII. La censura le oblig\u00f3 a trasladar la acci\u00f3n a Estados Unidos..<br \/>\n<br \/>\n<!--noindex--><br \/>\n<a href=\"https:\/\/elpais.com\/cultura\/2020-09-18\/la-emocion-de-verdi-y-las-palabras-de-vargas-llosa-abren-la-temporada-del-real.html\" rel=\"nofollow\">Source link <\/a><br \/>\n<!--\/noindex--><\/p>\n","protected":false},"excerpt":{"rendered":"<p>Un momento de la representaci\u00f3n de &#8216;Un ballo in maschera&#8217;, en el Teatro Real.Javier del Real\u201cQue muchas cosas andan mal a nuestro alrededor, sin duda. Pero a lo largo de la historia de la humanidad, nunca hemos estado mejor\u201d. Con esta cita del fil\u00f3sofo Karl Popper dio la bienvenida Mario Vargas Llosa al p\u00fablico congregado [&hellip;]<\/p>\n","protected":false},"author":2,"featured_media":526,"comment_status":"open","ping_status":"open","sticky":false,"template":"","format":"standard","meta":{"footnotes":""},"categories":[3],"tags":[],"class_list":["post-525","post","type-post","status-publish","format-standard","has-post-thumbnail","hentry","category-noticias-de-medios-sociales"],"yoast_head":"<!-- This site is optimized with the Yoast SEO plugin v27.4 - https:\/\/yoast.com\/product\/yoast-seo-wordpress\/ -->\n<title>La emoci\u00f3n de Verdi y las palabras de Vargas Llosa abren la temporada del Real | Cultura - Hot News in World<\/title>\n<meta name=\"robots\" content=\"index, follow, max-snippet:-1, max-image-preview:large, max-video-preview:-1\" \/>\n<link rel=\"canonical\" href=\"https:\/\/hotnewsinworld.com\/es\/la-emocion-de-verdi-y-las-palabras-de-vargas-llosa-abren-la-temporada-del-real-cultura\/\" \/>\n<meta property=\"og:locale\" content=\"es_ES\" \/>\n<meta property=\"og:type\" content=\"article\" \/>\n<meta property=\"og:title\" content=\"La emoci\u00f3n de Verdi y las palabras de Vargas Llosa abren la temporada del Real | Cultura - Hot News in World\" \/>\n<meta property=\"og:description\" content=\"Un momento de la representaci\u00f3n de &#8216;Un ballo in maschera&#8217;, en el Teatro Real.Javier del Real\u201cQue muchas cosas andan mal a nuestro alrededor, sin duda. Pero a lo largo de la historia de la humanidad, nunca hemos estado mejor\u201d. Con esta cita del fil\u00f3sofo Karl Popper dio la bienvenida Mario Vargas Llosa al p\u00fablico congregado [&hellip;]\" \/>\n<meta property=\"og:url\" content=\"https:\/\/hotnewsinworld.com\/es\/la-emocion-de-verdi-y-las-palabras-de-vargas-llosa-abren-la-temporada-del-real-cultura\/\" \/>\n<meta property=\"og:site_name\" content=\"Hot News in World\" \/>\n<meta property=\"article:published_time\" content=\"2020-09-18T22:04:49+00:00\" \/>\n<meta property=\"article:modified_time\" content=\"2020-09-18T22:04:53+00:00\" \/>\n<meta property=\"og:image\" content=\"https:\/\/hotnewsinworld.com\/es\/wp-content\/uploads\/sites\/4\/2020\/09\/La-emoci\u00f3n-de-Verdi-y-las-palabras-de-Vargas-Llosa-1024x691.jpg\" \/>\n\t<meta property=\"og:image:width\" content=\"1024\" \/>\n\t<meta property=\"og:image:height\" content=\"691\" \/>\n\t<meta property=\"og:image:type\" content=\"image\/jpeg\" \/>\n<meta name=\"author\" content=\"hotnewsinworld\" \/>\n<meta name=\"twitter:card\" content=\"summary_large_image\" \/>\n<meta name=\"twitter:label1\" content=\"Escrito por\" \/>\n\t<meta name=\"twitter:data1\" content=\"hotnewsinworld\" \/>\n\t<meta name=\"twitter:label2\" content=\"Tiempo de lectura\" \/>\n\t<meta name=\"twitter:data2\" content=\"3 minutos\" \/>\n<script type=\"application\/ld+json\" class=\"yoast-schema-graph\">{\"@context\":\"https:\\\/\\\/schema.org\",\"@graph\":[{\"@type\":\"Article\",\"@id\":\"https:\\\/\\\/hotnewsinworld.com\\\/es\\\/la-emocion-de-verdi-y-las-palabras-de-vargas-llosa-abren-la-temporada-del-real-cultura\\\/#article\",\"isPartOf\":{\"@id\":\"https:\\\/\\\/hotnewsinworld.com\\\/es\\\/la-emocion-de-verdi-y-las-palabras-de-vargas-llosa-abren-la-temporada-del-real-cultura\\\/\"},\"author\":{\"name\":\"hotnewsinworld\",\"@id\":\"https:\\\/\\\/hotnewsinworld.com\\\/es\\\/#\\\/schema\\\/person\\\/fe61448b21c0d59086e75fcc1f9d8f6b\"},\"headline\":\"La emoci\u00f3n de Verdi y las palabras de Vargas Llosa abren la temporada del Real | Cultura\",\"datePublished\":\"2020-09-18T22:04:49+00:00\",\"dateModified\":\"2020-09-18T22:04:53+00:00\",\"mainEntityOfPage\":{\"@id\":\"https:\\\/\\\/hotnewsinworld.com\\\/es\\\/la-emocion-de-verdi-y-las-palabras-de-vargas-llosa-abren-la-temporada-del-real-cultura\\\/\"},\"wordCount\":682,\"commentCount\":0,\"image\":{\"@id\":\"https:\\\/\\\/hotnewsinworld.com\\\/es\\\/la-emocion-de-verdi-y-las-palabras-de-vargas-llosa-abren-la-temporada-del-real-cultura\\\/#primaryimage\"},\"thumbnailUrl\":\"https:\\\/\\\/hotnewsinworld.com\\\/es\\\/wp-content\\\/uploads\\\/sites\\\/4\\\/2020\\\/09\\\/La-emoci\u00f3n-de-Verdi-y-las-palabras-de-Vargas-Llosa.jpg\",\"articleSection\":[\"NOTICIAS DE MEDIOS SOCIALES\"],\"inLanguage\":\"es\",\"potentialAction\":[{\"@type\":\"CommentAction\",\"name\":\"Comment\",\"target\":[\"https:\\\/\\\/hotnewsinworld.com\\\/es\\\/la-emocion-de-verdi-y-las-palabras-de-vargas-llosa-abren-la-temporada-del-real-cultura\\\/#respond\"]}]},{\"@type\":\"WebPage\",\"@id\":\"https:\\\/\\\/hotnewsinworld.com\\\/es\\\/la-emocion-de-verdi-y-las-palabras-de-vargas-llosa-abren-la-temporada-del-real-cultura\\\/\",\"url\":\"https:\\\/\\\/hotnewsinworld.com\\\/es\\\/la-emocion-de-verdi-y-las-palabras-de-vargas-llosa-abren-la-temporada-del-real-cultura\\\/\",\"name\":\"La emoci\u00f3n de Verdi y las palabras de Vargas Llosa abren la temporada del Real | Cultura - Hot News in World\",\"isPartOf\":{\"@id\":\"https:\\\/\\\/hotnewsinworld.com\\\/es\\\/#website\"},\"primaryImageOfPage\":{\"@id\":\"https:\\\/\\\/hotnewsinworld.com\\\/es\\\/la-emocion-de-verdi-y-las-palabras-de-vargas-llosa-abren-la-temporada-del-real-cultura\\\/#primaryimage\"},\"image\":{\"@id\":\"https:\\\/\\\/hotnewsinworld.com\\\/es\\\/la-emocion-de-verdi-y-las-palabras-de-vargas-llosa-abren-la-temporada-del-real-cultura\\\/#primaryimage\"},\"thumbnailUrl\":\"https:\\\/\\\/hotnewsinworld.com\\\/es\\\/wp-content\\\/uploads\\\/sites\\\/4\\\/2020\\\/09\\\/La-emoci\u00f3n-de-Verdi-y-las-palabras-de-Vargas-Llosa.jpg\",\"datePublished\":\"2020-09-18T22:04:49+00:00\",\"dateModified\":\"2020-09-18T22:04:53+00:00\",\"author\":{\"@id\":\"https:\\\/\\\/hotnewsinworld.com\\\/es\\\/#\\\/schema\\\/person\\\/fe61448b21c0d59086e75fcc1f9d8f6b\"},\"breadcrumb\":{\"@id\":\"https:\\\/\\\/hotnewsinworld.com\\\/es\\\/la-emocion-de-verdi-y-las-palabras-de-vargas-llosa-abren-la-temporada-del-real-cultura\\\/#breadcrumb\"},\"inLanguage\":\"es\",\"potentialAction\":[{\"@type\":\"ReadAction\",\"target\":[\"https:\\\/\\\/hotnewsinworld.com\\\/es\\\/la-emocion-de-verdi-y-las-palabras-de-vargas-llosa-abren-la-temporada-del-real-cultura\\\/\"]}]},{\"@type\":\"ImageObject\",\"inLanguage\":\"es\",\"@id\":\"https:\\\/\\\/hotnewsinworld.com\\\/es\\\/la-emocion-de-verdi-y-las-palabras-de-vargas-llosa-abren-la-temporada-del-real-cultura\\\/#primaryimage\",\"url\":\"https:\\\/\\\/hotnewsinworld.com\\\/es\\\/wp-content\\\/uploads\\\/sites\\\/4\\\/2020\\\/09\\\/La-emoci\u00f3n-de-Verdi-y-las-palabras-de-Vargas-Llosa.jpg\",\"contentUrl\":\"https:\\\/\\\/hotnewsinworld.com\\\/es\\\/wp-content\\\/uploads\\\/sites\\\/4\\\/2020\\\/09\\\/La-emoci\u00f3n-de-Verdi-y-las-palabras-de-Vargas-Llosa.jpg\",\"width\":3543,\"height\":2392,\"caption\":\"La emoci\u00f3n de Verdi y las palabras de Vargas Llosa abren la temporada del Real | Cultura\"},{\"@type\":\"BreadcrumbList\",\"@id\":\"https:\\\/\\\/hotnewsinworld.com\\\/es\\\/la-emocion-de-verdi-y-las-palabras-de-vargas-llosa-abren-la-temporada-del-real-cultura\\\/#breadcrumb\",\"itemListElement\":[{\"@type\":\"ListItem\",\"position\":1,\"name\":\"\u0413\u043b\u0430\u0432\u043d\u0430\u044f \u0441\u0442\u0440\u0430\u043d\u0438\u0446\u0430\",\"item\":\"https:\\\/\\\/hotnewsinworld.com\\\/es\\\/\"},{\"@type\":\"ListItem\",\"position\":2,\"name\":\"La emoci\u00f3n de Verdi y las palabras de Vargas Llosa abren la temporada del Real | Cultura\"}]},{\"@type\":\"WebSite\",\"@id\":\"https:\\\/\\\/hotnewsinworld.com\\\/es\\\/#website\",\"url\":\"https:\\\/\\\/hotnewsinworld.com\\\/es\\\/\",\"name\":\"Hot News in World\",\"description\":\"Hot News in World from Spain\",\"potentialAction\":[{\"@type\":\"SearchAction\",\"target\":{\"@type\":\"EntryPoint\",\"urlTemplate\":\"https:\\\/\\\/hotnewsinworld.com\\\/es\\\/?s={search_term_string}\"},\"query-input\":{\"@type\":\"PropertyValueSpecification\",\"valueRequired\":true,\"valueName\":\"search_term_string\"}}],\"inLanguage\":\"es\"},{\"@type\":\"Person\",\"@id\":\"https:\\\/\\\/hotnewsinworld.com\\\/es\\\/#\\\/schema\\\/person\\\/fe61448b21c0d59086e75fcc1f9d8f6b\",\"name\":\"hotnewsinworld\",\"image\":{\"@type\":\"ImageObject\",\"inLanguage\":\"es\",\"@id\":\"https:\\\/\\\/secure.gravatar.com\\\/avatar\\\/8a09ac165600ce2e1c38fe593c63928eb1e6e7ba5c5a907d67787c41b3d00c14?s=96&d=mm&r=g\",\"url\":\"https:\\\/\\\/secure.gravatar.com\\\/avatar\\\/8a09ac165600ce2e1c38fe593c63928eb1e6e7ba5c5a907d67787c41b3d00c14?s=96&d=mm&r=g\",\"contentUrl\":\"https:\\\/\\\/secure.gravatar.com\\\/avatar\\\/8a09ac165600ce2e1c38fe593c63928eb1e6e7ba5c5a907d67787c41b3d00c14?s=96&d=mm&r=g\",\"caption\":\"hotnewsinworld\"},\"url\":\"https:\\\/\\\/hotnewsinworld.com\\\/es\\\/author\\\/pt\\\/\"}]}<\/script>\n<!-- \/ Yoast SEO plugin. -->","yoast_head_json":{"title":"La emoci\u00f3n de Verdi y las palabras de Vargas Llosa abren la temporada del Real | Cultura - Hot News in World","robots":{"index":"index","follow":"follow","max-snippet":"max-snippet:-1","max-image-preview":"max-image-preview:large","max-video-preview":"max-video-preview:-1"},"canonical":"https:\/\/hotnewsinworld.com\/es\/la-emocion-de-verdi-y-las-palabras-de-vargas-llosa-abren-la-temporada-del-real-cultura\/","og_locale":"es_ES","og_type":"article","og_title":"La emoci\u00f3n de Verdi y las palabras de Vargas Llosa abren la temporada del Real | Cultura - Hot News in World","og_description":"Un momento de la representaci\u00f3n de &#8216;Un ballo in maschera&#8217;, en el Teatro Real.Javier del Real\u201cQue muchas cosas andan mal a nuestro alrededor, sin duda. Pero a lo largo de la historia de la humanidad, nunca hemos estado mejor\u201d. Con esta cita del fil\u00f3sofo Karl Popper dio la bienvenida Mario Vargas Llosa al p\u00fablico congregado [&hellip;]","og_url":"https:\/\/hotnewsinworld.com\/es\/la-emocion-de-verdi-y-las-palabras-de-vargas-llosa-abren-la-temporada-del-real-cultura\/","og_site_name":"Hot News in World","article_published_time":"2020-09-18T22:04:49+00:00","article_modified_time":"2020-09-18T22:04:53+00:00","og_image":[{"width":1024,"height":691,"url":"https:\/\/hotnewsinworld.com\/es\/wp-content\/uploads\/sites\/4\/2020\/09\/La-emoci\u00f3n-de-Verdi-y-las-palabras-de-Vargas-Llosa-1024x691.jpg","type":"image\/jpeg"}],"author":"hotnewsinworld","twitter_card":"summary_large_image","twitter_misc":{"Escrito por":"hotnewsinworld","Tiempo de lectura":"3 minutos"},"schema":{"@context":"https:\/\/schema.org","@graph":[{"@type":"Article","@id":"https:\/\/hotnewsinworld.com\/es\/la-emocion-de-verdi-y-las-palabras-de-vargas-llosa-abren-la-temporada-del-real-cultura\/#article","isPartOf":{"@id":"https:\/\/hotnewsinworld.com\/es\/la-emocion-de-verdi-y-las-palabras-de-vargas-llosa-abren-la-temporada-del-real-cultura\/"},"author":{"name":"hotnewsinworld","@id":"https:\/\/hotnewsinworld.com\/es\/#\/schema\/person\/fe61448b21c0d59086e75fcc1f9d8f6b"},"headline":"La emoci\u00f3n de Verdi y las palabras de Vargas Llosa abren la temporada del Real | Cultura","datePublished":"2020-09-18T22:04:49+00:00","dateModified":"2020-09-18T22:04:53+00:00","mainEntityOfPage":{"@id":"https:\/\/hotnewsinworld.com\/es\/la-emocion-de-verdi-y-las-palabras-de-vargas-llosa-abren-la-temporada-del-real-cultura\/"},"wordCount":682,"commentCount":0,"image":{"@id":"https:\/\/hotnewsinworld.com\/es\/la-emocion-de-verdi-y-las-palabras-de-vargas-llosa-abren-la-temporada-del-real-cultura\/#primaryimage"},"thumbnailUrl":"https:\/\/hotnewsinworld.com\/es\/wp-content\/uploads\/sites\/4\/2020\/09\/La-emoci\u00f3n-de-Verdi-y-las-palabras-de-Vargas-Llosa.jpg","articleSection":["NOTICIAS DE MEDIOS SOCIALES"],"inLanguage":"es","potentialAction":[{"@type":"CommentAction","name":"Comment","target":["https:\/\/hotnewsinworld.com\/es\/la-emocion-de-verdi-y-las-palabras-de-vargas-llosa-abren-la-temporada-del-real-cultura\/#respond"]}]},{"@type":"WebPage","@id":"https:\/\/hotnewsinworld.com\/es\/la-emocion-de-verdi-y-las-palabras-de-vargas-llosa-abren-la-temporada-del-real-cultura\/","url":"https:\/\/hotnewsinworld.com\/es\/la-emocion-de-verdi-y-las-palabras-de-vargas-llosa-abren-la-temporada-del-real-cultura\/","name":"La emoci\u00f3n de Verdi y las palabras de Vargas Llosa abren la temporada del Real | Cultura - Hot News in World","isPartOf":{"@id":"https:\/\/hotnewsinworld.com\/es\/#website"},"primaryImageOfPage":{"@id":"https:\/\/hotnewsinworld.com\/es\/la-emocion-de-verdi-y-las-palabras-de-vargas-llosa-abren-la-temporada-del-real-cultura\/#primaryimage"},"image":{"@id":"https:\/\/hotnewsinworld.com\/es\/la-emocion-de-verdi-y-las-palabras-de-vargas-llosa-abren-la-temporada-del-real-cultura\/#primaryimage"},"thumbnailUrl":"https:\/\/hotnewsinworld.com\/es\/wp-content\/uploads\/sites\/4\/2020\/09\/La-emoci\u00f3n-de-Verdi-y-las-palabras-de-Vargas-Llosa.jpg","datePublished":"2020-09-18T22:04:49+00:00","dateModified":"2020-09-18T22:04:53+00:00","author":{"@id":"https:\/\/hotnewsinworld.com\/es\/#\/schema\/person\/fe61448b21c0d59086e75fcc1f9d8f6b"},"breadcrumb":{"@id":"https:\/\/hotnewsinworld.com\/es\/la-emocion-de-verdi-y-las-palabras-de-vargas-llosa-abren-la-temporada-del-real-cultura\/#breadcrumb"},"inLanguage":"es","potentialAction":[{"@type":"ReadAction","target":["https:\/\/hotnewsinworld.com\/es\/la-emocion-de-verdi-y-las-palabras-de-vargas-llosa-abren-la-temporada-del-real-cultura\/"]}]},{"@type":"ImageObject","inLanguage":"es","@id":"https:\/\/hotnewsinworld.com\/es\/la-emocion-de-verdi-y-las-palabras-de-vargas-llosa-abren-la-temporada-del-real-cultura\/#primaryimage","url":"https:\/\/hotnewsinworld.com\/es\/wp-content\/uploads\/sites\/4\/2020\/09\/La-emoci\u00f3n-de-Verdi-y-las-palabras-de-Vargas-Llosa.jpg","contentUrl":"https:\/\/hotnewsinworld.com\/es\/wp-content\/uploads\/sites\/4\/2020\/09\/La-emoci\u00f3n-de-Verdi-y-las-palabras-de-Vargas-Llosa.jpg","width":3543,"height":2392,"caption":"La emoci\u00f3n de Verdi y las palabras de Vargas Llosa abren la temporada del Real | Cultura"},{"@type":"BreadcrumbList","@id":"https:\/\/hotnewsinworld.com\/es\/la-emocion-de-verdi-y-las-palabras-de-vargas-llosa-abren-la-temporada-del-real-cultura\/#breadcrumb","itemListElement":[{"@type":"ListItem","position":1,"name":"\u0413\u043b\u0430\u0432\u043d\u0430\u044f \u0441\u0442\u0440\u0430\u043d\u0438\u0446\u0430","item":"https:\/\/hotnewsinworld.com\/es\/"},{"@type":"ListItem","position":2,"name":"La emoci\u00f3n de Verdi y las palabras de Vargas Llosa abren la temporada del Real | Cultura"}]},{"@type":"WebSite","@id":"https:\/\/hotnewsinworld.com\/es\/#website","url":"https:\/\/hotnewsinworld.com\/es\/","name":"Hot News in World","description":"Hot News in World from Spain","potentialAction":[{"@type":"SearchAction","target":{"@type":"EntryPoint","urlTemplate":"https:\/\/hotnewsinworld.com\/es\/?s={search_term_string}"},"query-input":{"@type":"PropertyValueSpecification","valueRequired":true,"valueName":"search_term_string"}}],"inLanguage":"es"},{"@type":"Person","@id":"https:\/\/hotnewsinworld.com\/es\/#\/schema\/person\/fe61448b21c0d59086e75fcc1f9d8f6b","name":"hotnewsinworld","image":{"@type":"ImageObject","inLanguage":"es","@id":"https:\/\/secure.gravatar.com\/avatar\/8a09ac165600ce2e1c38fe593c63928eb1e6e7ba5c5a907d67787c41b3d00c14?s=96&d=mm&r=g","url":"https:\/\/secure.gravatar.com\/avatar\/8a09ac165600ce2e1c38fe593c63928eb1e6e7ba5c5a907d67787c41b3d00c14?s=96&d=mm&r=g","contentUrl":"https:\/\/secure.gravatar.com\/avatar\/8a09ac165600ce2e1c38fe593c63928eb1e6e7ba5c5a907d67787c41b3d00c14?s=96&d=mm&r=g","caption":"hotnewsinworld"},"url":"https:\/\/hotnewsinworld.com\/es\/author\/pt\/"}]}},"_links":{"self":[{"href":"https:\/\/hotnewsinworld.com\/es\/wp-json\/wp\/v2\/posts\/525","targetHints":{"allow":["GET"]}}],"collection":[{"href":"https:\/\/hotnewsinworld.com\/es\/wp-json\/wp\/v2\/posts"}],"about":[{"href":"https:\/\/hotnewsinworld.com\/es\/wp-json\/wp\/v2\/types\/post"}],"author":[{"embeddable":true,"href":"https:\/\/hotnewsinworld.com\/es\/wp-json\/wp\/v2\/users\/2"}],"replies":[{"embeddable":true,"href":"https:\/\/hotnewsinworld.com\/es\/wp-json\/wp\/v2\/comments?post=525"}],"version-history":[{"count":1,"href":"https:\/\/hotnewsinworld.com\/es\/wp-json\/wp\/v2\/posts\/525\/revisions"}],"predecessor-version":[{"id":527,"href":"https:\/\/hotnewsinworld.com\/es\/wp-json\/wp\/v2\/posts\/525\/revisions\/527"}],"wp:featuredmedia":[{"embeddable":true,"href":"https:\/\/hotnewsinworld.com\/es\/wp-json\/wp\/v2\/media\/526"}],"wp:attachment":[{"href":"https:\/\/hotnewsinworld.com\/es\/wp-json\/wp\/v2\/media?parent=525"}],"wp:term":[{"taxonomy":"category","embeddable":true,"href":"https:\/\/hotnewsinworld.com\/es\/wp-json\/wp\/v2\/categories?post=525"},{"taxonomy":"post_tag","embeddable":true,"href":"https:\/\/hotnewsinworld.com\/es\/wp-json\/wp\/v2\/tags?post=525"}],"curies":[{"name":"wp","href":"https:\/\/api.w.org\/{rel}","templated":true}]}}